{"id":11156,"date":"2024-03-25T07:20:59","date_gmt":"2024-03-25T10:20:59","guid":{"rendered":"https:\/\/www.padreeustaquio.com.br\/?p=11156"},"modified":"2024-03-25T14:56:08","modified_gmt":"2024-03-25T17:56:08","slug":"father-eustaquio-daycare-center-has-an-article-published-in-ecoescola-magazine","status":"publish","type":"post","link":"https:\/\/www.padreeustaquio.com.br\/en\/father-eustaquio-daycare-center-has-an-article-published-in-ecoescola-magazine\/","title":{"rendered":"Padre Eust\u00e1quio Daycare Center has an article published in Ecoescola magazine."},"content":{"rendered":"<p>The article is about the &quot;Garden, Fertilization and Composting Project,&quot; which is carried out with children from the nursery, preschool 1, preschool 2, flexible class, and preschool 3 at Unit 2 of the daycare center. The initiative is by support teachers J\u00e9ssica and Juliana and was implemented during 2023 as part of the EcoEscola BH Program.<\/p>\n<p>Topics such as healthy eating, waste, composting, fertilization, and water conservation were discussed with the children, as well as the experience of eating with the institution&#039;s kitchen staff.<\/p>\n<p><em><img fetchpriority=\"high\" decoding=\"async\" class=\"size-medium wp-image-11159 alignleft\" src=\"https:\/\/www.padreeustaquio.com.br\/wp-content\/uploads\/2024\/03\/CRIANCAS-CRECHE-PADRE-EUSTAQUIO-226x300.jpeg\" alt=\"\" width=\"226\" height=\"300\" srcset=\"https:\/\/www.padreeustaquio.com.br\/wp-content\/uploads\/2024\/03\/CRIANCAS-CRECHE-PADRE-EUSTAQUIO-226x300.jpeg 226w, https:\/\/www.padreeustaquio.com.br\/wp-content\/uploads\/2024\/03\/CRIANCAS-CRECHE-PADRE-EUSTAQUIO-771x1024.jpeg 771w, https:\/\/www.padreeustaquio.com.br\/wp-content\/uploads\/2024\/03\/CRIANCAS-CRECHE-PADRE-EUSTAQUIO-768x1021.jpeg 768w, https:\/\/www.padreeustaquio.com.br\/wp-content\/uploads\/2024\/03\/CRIANCAS-CRECHE-PADRE-EUSTAQUIO-1156x1536.jpeg 1156w, https:\/\/www.padreeustaquio.com.br\/wp-content\/uploads\/2024\/03\/CRIANCAS-CRECHE-PADRE-EUSTAQUIO.jpeg 1204w\" sizes=\"(max-width: 226px) 100vw, 226px\" \/>\u201c&quot;It was wonderful to see the children&#039;s curiosity and dedication as they planted, cared for, harvested, and ate the food.&quot;\u201d<\/em>, &quot;Commented one of the teachers.&quot;.<\/p>\n<p>Unit 1 of the Padre Eust\u00e1quio Daycare Center also implemented the Garden Project in 2023, working on nutrition with children from nursery 1 to the 2nd period.<\/p>","protected":false},"excerpt":{"rendered":"<p>O artigo \u00e9 sobre o \u201cProjeto Horta, Adubagem e Compostagem\u201d, que \u00e9 realizado com crian\u00e7as do ber\u00e7\u00e1rio, maternal 1, maternal 2, turma flex e maternal 3 da Unidade 2 da Creche. A iniciativa \u00e9 das professoras de apoio J\u00e9ssica e Juliana e foi realizada durante o ano de 2023 no Programa EcoEscola BH. Assuntos como alimenta\u00e7\u00e3o saud\u00e1vel, desperd\u00edcio, compostagem, adubagem e economia de \u00e1gua foram abordados com as crian\u00e7as, bem como a experi\u00eancia da alimenta\u00e7\u00e3o com as profissionais da cozinha da institui\u00e7\u00e3o. &#8220;Foi lindo ver a curiosidade e o empenho das crian\u00e7as ao plantar, cuidar, colher e comer os alimentos&#8221;, [&hellip;]<\/p>\n","protected":false},"author":2,"featured_media":11158,"comment_status":"open","ping_status":"closed","sticky":false,"template":"","format":"standard","meta":{"_acf_changed":false,"footnotes":""},"categories":[611],"tags":[],"class_list":["post-11156","post","type-post","status-publish","format-standard","has-post-thumbnail","hentry","category-noticias"],"acf":[],"yoast_head":"<!-- This site is optimized with the Yoast SEO plugin v27.2 - https:\/\/yoast.com\/product\/yoast-seo-wordpress\/ -->\n<title>Creche Padre Eust\u00e1quio tem artigo publicado na revista Ecoescola<\/title>\n<meta name=\"description\" content=\"O artigo \u00e9 sobre o \u201cProjeto Horta, Adubagem e Compostagem\u201d, que \u00e9 realizado com crian\u00e7as do ber\u00e7\u00e1rio, maternal 1, maternal 2, turma flex e maternal 3 da Unidade 2 da Creche. A iniciativa \u00e9 das professoras de apoio J\u00e9ssica e Juliana e foi realizada durante o ano de 2023 no Programa EcoEscola BH.\" \/>\n<meta name=\"robots\" content=\"index, follow, max-snippet:-1, max-image-preview:large, max-video-preview:-1\" \/>\n<link rel=\"canonical\" href=\"https:\/\/www.padreeustaquio.com.br\/en\/father-eustaquio-daycare-center-has-an-article-published-in-ecoescola-magazine\/\" \/>\n<meta property=\"og:locale\" content=\"en_US\" \/>\n<meta property=\"og:type\" content=\"article\" \/>\n<meta property=\"og:title\" content=\"Creche Padre Eust\u00e1quio tem artigo publicado na revista Ecoescola\" \/>\n<meta property=\"og:description\" content=\"O artigo \u00e9 sobre o \u201cProjeto Horta, Adubagem e Compostagem\u201d, que \u00e9 realizado com crian\u00e7as do ber\u00e7\u00e1rio, maternal 1, maternal 2, turma flex e maternal 3 da Unidade 2 da Creche. A iniciativa \u00e9 das professoras de apoio J\u00e9ssica e Juliana e foi realizada durante o ano de 2023 no Programa EcoEscola BH.\" \/>\n<meta property=\"og:url\" content=\"https:\/\/www.padreeustaquio.com.br\/en\/father-eustaquio-daycare-center-has-an-article-published-in-ecoescola-magazine\/\" \/>\n<meta property=\"og:site_name\" content=\"Padre Eust\u00e1quio\" \/>\n<meta property=\"article:publisher\" content=\"https:\/\/www.facebook.com\/beatopadreeustaquio\/\" \/>\n<meta property=\"article:published_time\" content=\"2024-03-25T10:20:59+00:00\" \/>\n<meta property=\"article:modified_time\" content=\"2024-03-25T17:56:08+00:00\" \/>\n<meta property=\"og:image\" content=\"https:\/\/www.padreeustaquio.com.br\/wp-content\/uploads\/2024\/03\/CRECHE-NA-REVISTA.jpg\" \/>\n\t<meta property=\"og:image:width\" content=\"748\" \/>\n\t<meta property=\"og:image:height\" content=\"394\" \/>\n\t<meta property=\"og:image:type\" content=\"image\/jpeg\" \/>\n<meta name=\"author\" content=\"@sscc\" \/>\n<meta name=\"twitter:card\" content=\"summary_large_image\" \/>\n<meta name=\"twitter:creator\" content=\"@beatopeustaquio\" \/>\n<meta name=\"twitter:site\" content=\"@beatopeustaquio\" \/>\n<meta name=\"twitter:label1\" content=\"Written by\" \/>\n\t<meta name=\"twitter:data1\" content=\"@sscc\" \/>\n\t<meta name=\"twitter:label2\" content=\"Est. reading time\" \/>\n\t<meta name=\"twitter:data2\" content=\"2 minutes\" \/>\n<script type=\"application\/ld+json\" class=\"yoast-schema-graph\">{\"@context\":\"https:\/\/schema.org\",\"@graph\":[{\"@type\":\"Article\",\"@id\":\"https:\/\/www.padreeustaquio.com.br\/creche-padre-eustaquio-tem-artigo-publicado-na-revista-ecoescola\/#article\",\"isPartOf\":{\"@id\":\"https:\/\/www.padreeustaquio.com.br\/creche-padre-eustaquio-tem-artigo-publicado-na-revista-ecoescola\/\"},\"author\":{\"name\":\"@sscc\",\"@id\":\"https:\/\/www.padreeustaquio.com.br\/#\/schema\/person\/a2a51db1d00f1a7af0204a0f1ddb1566\"},\"headline\":\"Creche Padre Eust\u00e1quio tem artigo publicado na revista Ecoescola\",\"datePublished\":\"2024-03-25T10:20:59+00:00\",\"dateModified\":\"2024-03-25T17:56:08+00:00\",\"mainEntityOfPage\":{\"@id\":\"https:\/\/www.padreeustaquio.com.br\/creche-padre-eustaquio-tem-artigo-publicado-na-revista-ecoescola\/\"},\"wordCount\":144,\"commentCount\":0,\"publisher\":{\"@id\":\"https:\/\/www.padreeustaquio.com.br\/#organization\"},\"image\":{\"@id\":\"https:\/\/www.padreeustaquio.com.br\/creche-padre-eustaquio-tem-artigo-publicado-na-revista-ecoescola\/#primaryimage\"},\"thumbnailUrl\":\"https:\/\/www.padreeustaquio.com.br\/wp-content\/uploads\/2024\/03\/CRECHE-NA-REVISTA.jpg\",\"articleSection\":[\"Not\u00edcias\"],\"inLanguage\":\"en-US\",\"potentialAction\":[{\"@type\":\"CommentAction\",\"name\":\"Comment\",\"target\":[\"https:\/\/www.padreeustaquio.com.br\/creche-padre-eustaquio-tem-artigo-publicado-na-revista-ecoescola\/#respond\"]}]},{\"@type\":\"WebPage\",\"@id\":\"https:\/\/www.padreeustaquio.com.br\/creche-padre-eustaquio-tem-artigo-publicado-na-revista-ecoescola\/\",\"url\":\"https:\/\/www.padreeustaquio.com.br\/creche-padre-eustaquio-tem-artigo-publicado-na-revista-ecoescola\/\",\"name\":\"Creche Padre Eust\u00e1quio tem artigo publicado na revista Ecoescola\",\"isPartOf\":{\"@id\":\"https:\/\/www.padreeustaquio.com.br\/#website\"},\"primaryImageOfPage\":{\"@id\":\"https:\/\/www.padreeustaquio.com.br\/creche-padre-eustaquio-tem-artigo-publicado-na-revista-ecoescola\/#primaryimage\"},\"image\":{\"@id\":\"https:\/\/www.padreeustaquio.com.br\/creche-padre-eustaquio-tem-artigo-publicado-na-revista-ecoescola\/#primaryimage\"},\"thumbnailUrl\":\"https:\/\/www.padreeustaquio.com.br\/wp-content\/uploads\/2024\/03\/CRECHE-NA-REVISTA.jpg\",\"datePublished\":\"2024-03-25T10:20:59+00:00\",\"dateModified\":\"2024-03-25T17:56:08+00:00\",\"description\":\"O artigo \u00e9 sobre o \u201cProjeto Horta, Adubagem e Compostagem\u201d, que \u00e9 realizado com crian\u00e7as do ber\u00e7\u00e1rio, maternal 1, maternal 2, turma flex e maternal 3 da Unidade 2 da Creche. A iniciativa \u00e9 das professoras de apoio J\u00e9ssica e Juliana e foi realizada durante o ano de 2023 no Programa EcoEscola BH.\",\"breadcrumb\":{\"@id\":\"https:\/\/www.padreeustaquio.com.br\/creche-padre-eustaquio-tem-artigo-publicado-na-revista-ecoescola\/#breadcrumb\"},\"inLanguage\":\"en-US\",\"potentialAction\":[{\"@type\":\"ReadAction\",\"target\":[\"https:\/\/www.padreeustaquio.com.br\/creche-padre-eustaquio-tem-artigo-publicado-na-revista-ecoescola\/\"]}]},{\"@type\":\"ImageObject\",\"inLanguage\":\"en-US\",\"@id\":\"https:\/\/www.padreeustaquio.com.br\/creche-padre-eustaquio-tem-artigo-publicado-na-revista-ecoescola\/#primaryimage\",\"url\":\"https:\/\/www.padreeustaquio.com.br\/wp-content\/uploads\/2024\/03\/CRECHE-NA-REVISTA.jpg\",\"contentUrl\":\"https:\/\/www.padreeustaquio.com.br\/wp-content\/uploads\/2024\/03\/CRECHE-NA-REVISTA.jpg\",\"width\":748,\"height\":394},{\"@type\":\"BreadcrumbList\",\"@id\":\"https:\/\/www.padreeustaquio.com.br\/creche-padre-eustaquio-tem-artigo-publicado-na-revista-ecoescola\/#breadcrumb\",\"itemListElement\":[{\"@type\":\"ListItem\",\"position\":1,\"name\":\"In\u00edcio\",\"item\":\"https:\/\/www.padreeustaquio.com.br\/\"},{\"@type\":\"ListItem\",\"position\":2,\"name\":\"Creche Padre Eust\u00e1quio tem artigo publicado na revista Ecoescola\"}]},{\"@type\":\"WebSite\",\"@id\":\"https:\/\/www.padreeustaquio.com.br\/#website\",\"url\":\"https:\/\/www.padreeustaquio.com.br\/\",\"name\":\"Padre Eust\u00e1quio\",\"description\":\"Sa\u00fade e Paz\",\"publisher\":{\"@id\":\"https:\/\/www.padreeustaquio.com.br\/#organization\"},\"potentialAction\":[{\"@type\":\"SearchAction\",\"target\":{\"@type\":\"EntryPoint\",\"urlTemplate\":\"https:\/\/www.padreeustaquio.com.br\/?s={search_term_string}\"},\"query-input\":{\"@type\":\"PropertyValueSpecification\",\"valueRequired\":true,\"valueName\":\"search_term_string\"}}],\"inLanguage\":\"en-US\"},{\"@type\":\"Organization\",\"@id\":\"https:\/\/www.padreeustaquio.com.br\/#organization\",\"name\":\"Padre Eust\u00e1quio\",\"url\":\"https:\/\/www.padreeustaquio.com.br\/\",\"logo\":{\"@type\":\"ImageObject\",\"inLanguage\":\"en-US\",\"@id\":\"https:\/\/www.padreeustaquio.com.br\/#\/schema\/logo\/image\/\",\"url\":\"https:\/\/www.padreeustaquio.com.br\/wp-content\/uploads\/2019\/08\/marca.png\",\"contentUrl\":\"https:\/\/www.padreeustaquio.com.br\/wp-content\/uploads\/2019\/08\/marca.png\",\"width\":350,\"height\":400,\"caption\":\"Padre Eust\u00e1quio\"},\"image\":{\"@id\":\"https:\/\/www.padreeustaquio.com.br\/#\/schema\/logo\/image\/\"},\"sameAs\":[\"https:\/\/www.facebook.com\/beatopadreeustaquio\/\",\"https:\/\/x.com\/beatopeustaquio\",\"https:\/\/www.instagram.com\/beatopadreeustaquio\/\",\"https:\/\/www.youtube.com\/channel\/UCRhw7vfabnajwLxb1ZXMeIw\"]},{\"@type\":\"Person\",\"@id\":\"https:\/\/www.padreeustaquio.com.br\/#\/schema\/person\/a2a51db1d00f1a7af0204a0f1ddb1566\",\"name\":\"@sscc\",\"image\":{\"@type\":\"ImageObject\",\"inLanguage\":\"en-US\",\"@id\":\"https:\/\/secure.gravatar.com\/avatar\/68cfafa5f44617fea54071e215026e0ff06be366c3d54a8425f04fdcb86f8c5f?s=96&d=mm&r=g\",\"url\":\"https:\/\/secure.gravatar.com\/avatar\/68cfafa5f44617fea54071e215026e0ff06be366c3d54a8425f04fdcb86f8c5f?s=96&d=mm&r=g\",\"contentUrl\":\"https:\/\/secure.gravatar.com\/avatar\/68cfafa5f44617fea54071e215026e0ff06be366c3d54a8425f04fdcb86f8c5f?s=96&d=mm&r=g\",\"caption\":\"@sscc\"},\"url\":\"https:\/\/www.padreeustaquio.com.br\/en\/author\/sscc\/\"}]}<\/script>\n<!-- \/ Yoast SEO plugin. -->","yoast_head_json":{"title":"Padre Eust\u00e1quio Daycare Center has an article published in Ecoescola magazine.","description":"The article is about the &quot;Garden, Fertilization and Composting Project,&quot; which is carried out with children from the nursery, preschool 1, preschool 2, flexible class, and preschool 3 at Unit 2 of the daycare center. The initiative is by support teachers J\u00e9ssica and Juliana and was implemented during 2023 as part of the EcoEscola BH Program.","robots":{"index":"index","follow":"follow","max-snippet":"max-snippet:-1","max-image-preview":"max-image-preview:large","max-video-preview":"max-video-preview:-1"},"canonical":"https:\/\/www.padreeustaquio.com.br\/en\/father-eustaquio-daycare-center-has-an-article-published-in-ecoescola-magazine\/","og_locale":"en_US","og_type":"article","og_title":"Creche Padre Eust\u00e1quio tem artigo publicado na revista Ecoescola","og_description":"O artigo \u00e9 sobre o \u201cProjeto Horta, Adubagem e Compostagem\u201d, que \u00e9 realizado com crian\u00e7as do ber\u00e7\u00e1rio, maternal 1, maternal 2, turma flex e maternal 3 da Unidade 2 da Creche. A iniciativa \u00e9 das professoras de apoio J\u00e9ssica e Juliana e foi realizada durante o ano de 2023 no Programa EcoEscola BH.","og_url":"https:\/\/www.padreeustaquio.com.br\/en\/father-eustaquio-daycare-center-has-an-article-published-in-ecoescola-magazine\/","og_site_name":"Padre Eust\u00e1quio","article_publisher":"https:\/\/www.facebook.com\/beatopadreeustaquio\/","article_published_time":"2024-03-25T10:20:59+00:00","article_modified_time":"2024-03-25T17:56:08+00:00","og_image":[{"width":748,"height":394,"url":"https:\/\/www.padreeustaquio.com.br\/wp-content\/uploads\/2024\/03\/CRECHE-NA-REVISTA.jpg","type":"image\/jpeg"}],"author":"@sscc","twitter_card":"summary_large_image","twitter_creator":"@beatopeustaquio","twitter_site":"@beatopeustaquio","twitter_misc":{"Written by":"@sscc","Est. reading time":"2 minutes"},"schema":{"@context":"https:\/\/schema.org","@graph":[{"@type":"Article","@id":"https:\/\/www.padreeustaquio.com.br\/creche-padre-eustaquio-tem-artigo-publicado-na-revista-ecoescola\/#article","isPartOf":{"@id":"https:\/\/www.padreeustaquio.com.br\/creche-padre-eustaquio-tem-artigo-publicado-na-revista-ecoescola\/"},"author":{"name":"@sscc","@id":"https:\/\/www.padreeustaquio.com.br\/#\/schema\/person\/a2a51db1d00f1a7af0204a0f1ddb1566"},"headline":"Creche Padre Eust\u00e1quio tem artigo publicado na revista Ecoescola","datePublished":"2024-03-25T10:20:59+00:00","dateModified":"2024-03-25T17:56:08+00:00","mainEntityOfPage":{"@id":"https:\/\/www.padreeustaquio.com.br\/creche-padre-eustaquio-tem-artigo-publicado-na-revista-ecoescola\/"},"wordCount":144,"commentCount":0,"publisher":{"@id":"https:\/\/www.padreeustaquio.com.br\/#organization"},"image":{"@id":"https:\/\/www.padreeustaquio.com.br\/creche-padre-eustaquio-tem-artigo-publicado-na-revista-ecoescola\/#primaryimage"},"thumbnailUrl":"https:\/\/www.padreeustaquio.com.br\/wp-content\/uploads\/2024\/03\/CRECHE-NA-REVISTA.jpg","articleSection":["Not\u00edcias"],"inLanguage":"en-US","potentialAction":[{"@type":"CommentAction","name":"Comment","target":["https:\/\/www.padreeustaquio.com.br\/creche-padre-eustaquio-tem-artigo-publicado-na-revista-ecoescola\/#respond"]}]},{"@type":"WebPage","@id":"https:\/\/www.padreeustaquio.com.br\/creche-padre-eustaquio-tem-artigo-publicado-na-revista-ecoescola\/","url":"https:\/\/www.padreeustaquio.com.br\/creche-padre-eustaquio-tem-artigo-publicado-na-revista-ecoescola\/","name":"Padre Eust\u00e1quio Daycare Center has an article published in Ecoescola magazine.","isPartOf":{"@id":"https:\/\/www.padreeustaquio.com.br\/#website"},"primaryImageOfPage":{"@id":"https:\/\/www.padreeustaquio.com.br\/creche-padre-eustaquio-tem-artigo-publicado-na-revista-ecoescola\/#primaryimage"},"image":{"@id":"https:\/\/www.padreeustaquio.com.br\/creche-padre-eustaquio-tem-artigo-publicado-na-revista-ecoescola\/#primaryimage"},"thumbnailUrl":"https:\/\/www.padreeustaquio.com.br\/wp-content\/uploads\/2024\/03\/CRECHE-NA-REVISTA.jpg","datePublished":"2024-03-25T10:20:59+00:00","dateModified":"2024-03-25T17:56:08+00:00","description":"The article is about the &quot;Garden, Fertilization and Composting Project,&quot; which is carried out with children from the nursery, preschool 1, preschool 2, flexible class, and preschool 3 at Unit 2 of the daycare center. The initiative is by support teachers J\u00e9ssica and Juliana and was implemented during 2023 as part of the EcoEscola BH Program.","breadcrumb":{"@id":"https:\/\/www.padreeustaquio.com.br\/creche-padre-eustaquio-tem-artigo-publicado-na-revista-ecoescola\/#breadcrumb"},"inLanguage":"en-US","potentialAction":[{"@type":"ReadAction","target":["https:\/\/www.padreeustaquio.com.br\/creche-padre-eustaquio-tem-artigo-publicado-na-revista-ecoescola\/"]}]},{"@type":"ImageObject","inLanguage":"en-US","@id":"https:\/\/www.padreeustaquio.com.br\/creche-padre-eustaquio-tem-artigo-publicado-na-revista-ecoescola\/#primaryimage","url":"https:\/\/www.padreeustaquio.com.br\/wp-content\/uploads\/2024\/03\/CRECHE-NA-REVISTA.jpg","contentUrl":"https:\/\/www.padreeustaquio.com.br\/wp-content\/uploads\/2024\/03\/CRECHE-NA-REVISTA.jpg","width":748,"height":394},{"@type":"BreadcrumbList","@id":"https:\/\/www.padreeustaquio.com.br\/creche-padre-eustaquio-tem-artigo-publicado-na-revista-ecoescola\/#breadcrumb","itemListElement":[{"@type":"ListItem","position":1,"name":"In\u00edcio","item":"https:\/\/www.padreeustaquio.com.br\/"},{"@type":"ListItem","position":2,"name":"Creche Padre Eust\u00e1quio tem artigo publicado na revista Ecoescola"}]},{"@type":"WebSite","@id":"https:\/\/www.padreeustaquio.com.br\/#website","url":"https:\/\/www.padreeustaquio.com.br\/","name":"FATHER EUST\u00c1QUIO","description":"Health and Peace","publisher":{"@id":"https:\/\/www.padreeustaquio.com.br\/#organization"},"potentialAction":[{"@type":"SearchAction","target":{"@type":"EntryPoint","urlTemplate":"https:\/\/www.padreeustaquio.com.br\/?s={search_term_string}"},"query-input":{"@type":"PropertyValueSpecification","valueRequired":true,"valueName":"search_term_string"}}],"inLanguage":"en-US"},{"@type":"Organization","@id":"https:\/\/www.padreeustaquio.com.br\/#organization","name":"FATHER EUST\u00c1QUIO","url":"https:\/\/www.padreeustaquio.com.br\/","logo":{"@type":"ImageObject","inLanguage":"en-US","@id":"https:\/\/www.padreeustaquio.com.br\/#\/schema\/logo\/image\/","url":"https:\/\/www.padreeustaquio.com.br\/wp-content\/uploads\/2019\/08\/marca.png","contentUrl":"https:\/\/www.padreeustaquio.com.br\/wp-content\/uploads\/2019\/08\/marca.png","width":350,"height":400,"caption":"Padre Eust\u00e1quio"},"image":{"@id":"https:\/\/www.padreeustaquio.com.br\/#\/schema\/logo\/image\/"},"sameAs":["https:\/\/www.facebook.com\/beatopadreeustaquio\/","https:\/\/x.com\/beatopeustaquio","https:\/\/www.instagram.com\/beatopadreeustaquio\/","https:\/\/www.youtube.com\/channel\/UCRhw7vfabnajwLxb1ZXMeIw"]},{"@type":"Person","@id":"https:\/\/www.padreeustaquio.com.br\/#\/schema\/person\/a2a51db1d00f1a7af0204a0f1ddb1566","name":"@sscc","image":{"@type":"ImageObject","inLanguage":"en-US","@id":"https:\/\/secure.gravatar.com\/avatar\/68cfafa5f44617fea54071e215026e0ff06be366c3d54a8425f04fdcb86f8c5f?s=96&d=mm&r=g","url":"https:\/\/secure.gravatar.com\/avatar\/68cfafa5f44617fea54071e215026e0ff06be366c3d54a8425f04fdcb86f8c5f?s=96&d=mm&r=g","contentUrl":"https:\/\/secure.gravatar.com\/avatar\/68cfafa5f44617fea54071e215026e0ff06be366c3d54a8425f04fdcb86f8c5f?s=96&d=mm&r=g","caption":"@sscc"},"url":"https:\/\/www.padreeustaquio.com.br\/en\/author\/sscc\/"}]}},"_links":{"self":[{"href":"https:\/\/www.padreeustaquio.com.br\/en\/wp-json\/wp\/v2\/posts\/11156","targetHints":{"allow":["GET"]}}],"collection":[{"href":"https:\/\/www.padreeustaquio.com.br\/en\/wp-json\/wp\/v2\/posts"}],"about":[{"href":"https:\/\/www.padreeustaquio.com.br\/en\/wp-json\/wp\/v2\/types\/post"}],"author":[{"embeddable":true,"href":"https:\/\/www.padreeustaquio.com.br\/en\/wp-json\/wp\/v2\/users\/2"}],"replies":[{"embeddable":true,"href":"https:\/\/www.padreeustaquio.com.br\/en\/wp-json\/wp\/v2\/comments?post=11156"}],"version-history":[{"count":0,"href":"https:\/\/www.padreeustaquio.com.br\/en\/wp-json\/wp\/v2\/posts\/11156\/revisions"}],"wp:featuredmedia":[{"embeddable":true,"href":"https:\/\/www.padreeustaquio.com.br\/en\/wp-json\/wp\/v2\/media\/11158"}],"wp:attachment":[{"href":"https:\/\/www.padreeustaquio.com.br\/en\/wp-json\/wp\/v2\/media?parent=11156"}],"wp:term":[{"taxonomy":"category","embeddable":true,"href":"https:\/\/www.padreeustaquio.com.br\/en\/wp-json\/wp\/v2\/categories?post=11156"},{"taxonomy":"post_tag","embeddable":true,"href":"https:\/\/www.padreeustaquio.com.br\/en\/wp-json\/wp\/v2\/tags?post=11156"}],"curies":[{"name":"wp","href":"https:\/\/api.w.org\/{rel}","templated":true}]}}