{"id":11147,"date":"2024-03-20T06:53:34","date_gmt":"2024-03-20T09:53:34","guid":{"rendered":"https:\/\/www.padreeustaquio.com.br\/?p=11147"},"modified":"2024-03-17T16:15:52","modified_gmt":"2024-03-17T19:15:52","slug":"padre-eustaquio-channel-will-broadcast-holy-week-celebrations-in-bh","status":"publish","type":"post","link":"https:\/\/www.padreeustaquio.com.br\/en\/padre-eustaquio-channel-will-broadcast-holy-week-celebrations-in-bh\/","title":{"rendered":"Padre Eust\u00e1quio Channel will broadcast Holy Week celebrations in Belo Horizonte."},"content":{"rendered":"<p>From March 24th to March 31st, the Church throughout the world celebrates another Holy Week. This period is a time the Church gives us to walk with Jesus in his pain and suffering, aiming for the Lord&#039;s Easter.<\/p>\n<p>The invitation is for each faithful and devotee to actively participate in the celebrations in their parish of origin. If this is not possible, the Padre Eust\u00e1quio Channel on YouTube will broadcast all the celebrations scheduled in the Church&#039;s liturgy for this most important moment of our faith.<\/p>\n<p>The broadcasts will follow part of the programming of the Sanctuary of Health and Peace in Belo Horizonte, a place known as the Church of Father Eust\u00e1quio. Stay tuned and participate with us:<\/p>\n<p><strong>Palm Sunday<\/strong><br \/>\n10:00 AM \u2013 Live broadcast of the Blessing of the Palms at Pra\u00e7a Geraldo Torres (Nino Square), followed by a procession to the Sanctuary for the celebration of Holy Mass;<br \/>\n7 PM \u2013 Mass with blessing of the palms<\/p>\n<p><strong>Holy Monday<\/strong><br \/>\n7 PM \u2013 Holy Mass<\/p>\n<p><strong>Holy Tuesday<\/strong><br \/>\n7 PM \u2013 Holy Mass<\/p>\n<p><strong>Holy Wednesday<\/strong><br \/>\n7 PM \u2013 Sermon of the Encounter (held at the Sanctuary Square, in Belo Horizonte)<\/p>\n<p><strong>Holy Thursday<\/strong><br \/>\n9:00 AM \u2013 Mass of Unity, presided over by the Metropolitan Archbishop of Belo Horizonte, Dom Walmor Oliveira de Azevedo \u2013 Christ the King Cathedral<br \/>\n7 PM \u2013 Mass of the Institution of the Eucharist with the rite of the Washing of the Feet (followed by a moment of Adoration at the SSCC Community Center)<\/p>\n<p><strong>Good Friday<\/strong><br \/>\n3 PM \u2013 Solemn Liturgical Action<br \/>\n7pm \u2013 Passion Play<\/p>\n<p><strong>Holy Saturday<\/strong><br \/>\n7 PM \u2013 Blessing of the New Fire (at Col\u00e9gio Marista Padre Eust\u00e1quio), followed by a procession and Easter Vigil at the Sanctuary of Health and Peace.<\/p>\n<p><strong>Easter Sunday<\/strong><br \/>\n10:00 AM \u2013 Holy Mass of the Lord&#039;s Easter<br \/>\n7 PM \u2013 Holy Mass of the Lord&#039;s Easter<\/p>\n<p><em>**Attention: the programming above refers to the broadcast on the Padre Eust\u00e1quio Channel and does not include the entire program of the Sanctuary of Health and Peace.**.<\/em><\/p>","protected":false},"excerpt":{"rendered":"<p>Do 24 ao dia 31 de mar\u00e7o, a Igreja em todo o mundo celebra mais uma Semana Santa. O per\u00edodo \u00e9 um tempo que a Igreja nos d\u00e1 para caminharmos com Jesus em suas dores e sofrimentos, objetivando a P\u00e1scoa do Senhor. O convite \u00e9 para que cada fiel e devoto busque participar ativamente das celebra\u00e7\u00f5es em sua par\u00f3quia de origem, caso n\u00e3o haja esta possibilidade, o Canal Padre Eust\u00e1quio, no YouTube, ir\u00e1 transmitir todas as celebra\u00e7\u00f5es previstas na liturgia da Igreja para este momento maior da nossa f\u00e9. As transmiss\u00f5es seguir\u00e3o parte da programa\u00e7\u00e3o do Santu\u00e1rio da Sa\u00fade e [&hellip;]<\/p>\n","protected":false},"author":2,"featured_media":11148,"comment_status":"open","ping_status":"closed","sticky":false,"template":"","format":"standard","meta":{"_acf_changed":false,"footnotes":""},"categories":[611],"tags":[],"class_list":["post-11147","post","type-post","status-publish","format-standard","has-post-thumbnail","hentry","category-noticias"],"acf":[],"yoast_head":"<!-- This site is optimized with the Yoast SEO plugin v27.2 - https:\/\/yoast.com\/product\/yoast-seo-wordpress\/ -->\n<title>Canal Padre Eust\u00e1quio transmitir\u00e1 celebra\u00e7\u00f5es da Semana Santa em BH<\/title>\n<meta name=\"description\" content=\"O convite \u00e9 para que cada fiel e devoto busque participar ativamente das celebra\u00e7\u00f5es em sua par\u00f3quia de origem, caso n\u00e3o haja esta possibilidade, o Canal Padre Eust\u00e1quio, no YouTube, ir\u00e1 transmitir todas as celebra\u00e7\u00f5es previstas na liturgia da Igreja para este momento maior da nossa f\u00e9.\" \/>\n<meta name=\"robots\" content=\"index, follow, max-snippet:-1, max-image-preview:large, max-video-preview:-1\" \/>\n<link rel=\"canonical\" href=\"https:\/\/www.padreeustaquio.com.br\/en\/padre-eustaquio-channel-will-broadcast-holy-week-celebrations-in-bh\/\" \/>\n<meta property=\"og:locale\" content=\"en_US\" \/>\n<meta property=\"og:type\" content=\"article\" \/>\n<meta property=\"og:title\" content=\"Canal Padre Eust\u00e1quio transmitir\u00e1 celebra\u00e7\u00f5es da Semana Santa em BH\" \/>\n<meta property=\"og:description\" content=\"O convite \u00e9 para que cada fiel e devoto busque participar ativamente das celebra\u00e7\u00f5es em sua par\u00f3quia de origem, caso n\u00e3o haja esta possibilidade, o Canal Padre Eust\u00e1quio, no YouTube, ir\u00e1 transmitir todas as celebra\u00e7\u00f5es previstas na liturgia da Igreja para este momento maior da nossa f\u00e9.\" \/>\n<meta property=\"og:url\" content=\"https:\/\/www.padreeustaquio.com.br\/en\/padre-eustaquio-channel-will-broadcast-holy-week-celebrations-in-bh\/\" \/>\n<meta property=\"og:site_name\" content=\"Padre Eust\u00e1quio\" \/>\n<meta property=\"article:publisher\" content=\"https:\/\/www.facebook.com\/beatopadreeustaquio\/\" \/>\n<meta property=\"article:published_time\" content=\"2024-03-20T09:53:34+00:00\" \/>\n<meta property=\"og:image\" content=\"https:\/\/www.padreeustaquio.com.br\/wp-content\/uploads\/2024\/03\/semana-santa-no-santuario-da-saude-e-da-paz-em-bh-e1710702944180.jpeg\" \/>\n\t<meta property=\"og:image:width\" content=\"1200\" \/>\n\t<meta property=\"og:image:height\" content=\"736\" \/>\n\t<meta property=\"og:image:type\" content=\"image\/jpeg\" \/>\n<meta name=\"author\" content=\"@sscc\" \/>\n<meta name=\"twitter:card\" content=\"summary_large_image\" \/>\n<meta name=\"twitter:creator\" content=\"@beatopeustaquio\" \/>\n<meta name=\"twitter:site\" content=\"@beatopeustaquio\" \/>\n<meta name=\"twitter:label1\" content=\"Written by\" \/>\n\t<meta name=\"twitter:data1\" content=\"@sscc\" \/>\n\t<meta name=\"twitter:label2\" content=\"Est. reading time\" \/>\n\t<meta name=\"twitter:data2\" content=\"2 minutes\" \/>\n<script type=\"application\/ld+json\" class=\"yoast-schema-graph\">{\"@context\":\"https:\/\/schema.org\",\"@graph\":[{\"@type\":\"Article\",\"@id\":\"https:\/\/www.padreeustaquio.com.br\/canal-padre-eustaquio-transmitira-celebracoes-da-semana-santa-em-bh\/#article\",\"isPartOf\":{\"@id\":\"https:\/\/www.padreeustaquio.com.br\/canal-padre-eustaquio-transmitira-celebracoes-da-semana-santa-em-bh\/\"},\"author\":{\"name\":\"@sscc\",\"@id\":\"https:\/\/www.padreeustaquio.com.br\/#\/schema\/person\/a2a51db1d00f1a7af0204a0f1ddb1566\"},\"headline\":\"Canal Padre Eust\u00e1quio transmitir\u00e1 celebra\u00e7\u00f5es da Semana Santa em BH\",\"datePublished\":\"2024-03-20T09:53:34+00:00\",\"mainEntityOfPage\":{\"@id\":\"https:\/\/www.padreeustaquio.com.br\/canal-padre-eustaquio-transmitira-celebracoes-da-semana-santa-em-bh\/\"},\"wordCount\":369,\"commentCount\":0,\"publisher\":{\"@id\":\"https:\/\/www.padreeustaquio.com.br\/#organization\"},\"image\":{\"@id\":\"https:\/\/www.padreeustaquio.com.br\/canal-padre-eustaquio-transmitira-celebracoes-da-semana-santa-em-bh\/#primaryimage\"},\"thumbnailUrl\":\"https:\/\/www.padreeustaquio.com.br\/wp-content\/uploads\/2024\/03\/semana-santa-no-santuario-da-saude-e-da-paz-em-bh-e1710702944180.jpeg\",\"articleSection\":[\"Not\u00edcias\"],\"inLanguage\":\"en-US\",\"potentialAction\":[{\"@type\":\"CommentAction\",\"name\":\"Comment\",\"target\":[\"https:\/\/www.padreeustaquio.com.br\/canal-padre-eustaquio-transmitira-celebracoes-da-semana-santa-em-bh\/#respond\"]}]},{\"@type\":\"WebPage\",\"@id\":\"https:\/\/www.padreeustaquio.com.br\/canal-padre-eustaquio-transmitira-celebracoes-da-semana-santa-em-bh\/\",\"url\":\"https:\/\/www.padreeustaquio.com.br\/canal-padre-eustaquio-transmitira-celebracoes-da-semana-santa-em-bh\/\",\"name\":\"Canal Padre Eust\u00e1quio transmitir\u00e1 celebra\u00e7\u00f5es da Semana Santa em BH\",\"isPartOf\":{\"@id\":\"https:\/\/www.padreeustaquio.com.br\/#website\"},\"primaryImageOfPage\":{\"@id\":\"https:\/\/www.padreeustaquio.com.br\/canal-padre-eustaquio-transmitira-celebracoes-da-semana-santa-em-bh\/#primaryimage\"},\"image\":{\"@id\":\"https:\/\/www.padreeustaquio.com.br\/canal-padre-eustaquio-transmitira-celebracoes-da-semana-santa-em-bh\/#primaryimage\"},\"thumbnailUrl\":\"https:\/\/www.padreeustaquio.com.br\/wp-content\/uploads\/2024\/03\/semana-santa-no-santuario-da-saude-e-da-paz-em-bh-e1710702944180.jpeg\",\"datePublished\":\"2024-03-20T09:53:34+00:00\",\"description\":\"O convite \u00e9 para que cada fiel e devoto busque participar ativamente das celebra\u00e7\u00f5es em sua par\u00f3quia de origem, caso n\u00e3o haja esta possibilidade, o Canal Padre Eust\u00e1quio, no YouTube, ir\u00e1 transmitir todas as celebra\u00e7\u00f5es previstas na liturgia da Igreja para este momento maior da nossa f\u00e9.\",\"breadcrumb\":{\"@id\":\"https:\/\/www.padreeustaquio.com.br\/canal-padre-eustaquio-transmitira-celebracoes-da-semana-santa-em-bh\/#breadcrumb\"},\"inLanguage\":\"en-US\",\"potentialAction\":[{\"@type\":\"ReadAction\",\"target\":[\"https:\/\/www.padreeustaquio.com.br\/canal-padre-eustaquio-transmitira-celebracoes-da-semana-santa-em-bh\/\"]}]},{\"@type\":\"ImageObject\",\"inLanguage\":\"en-US\",\"@id\":\"https:\/\/www.padreeustaquio.com.br\/canal-padre-eustaquio-transmitira-celebracoes-da-semana-santa-em-bh\/#primaryimage\",\"url\":\"https:\/\/www.padreeustaquio.com.br\/wp-content\/uploads\/2024\/03\/semana-santa-no-santuario-da-saude-e-da-paz-em-bh-e1710702944180.jpeg\",\"contentUrl\":\"https:\/\/www.padreeustaquio.com.br\/wp-content\/uploads\/2024\/03\/semana-santa-no-santuario-da-saude-e-da-paz-em-bh-e1710702944180.jpeg\",\"width\":1200,\"height\":736},{\"@type\":\"BreadcrumbList\",\"@id\":\"https:\/\/www.padreeustaquio.com.br\/canal-padre-eustaquio-transmitira-celebracoes-da-semana-santa-em-bh\/#breadcrumb\",\"itemListElement\":[{\"@type\":\"ListItem\",\"position\":1,\"name\":\"In\u00edcio\",\"item\":\"https:\/\/www.padreeustaquio.com.br\/\"},{\"@type\":\"ListItem\",\"position\":2,\"name\":\"Canal Padre Eust\u00e1quio transmitir\u00e1 celebra\u00e7\u00f5es da Semana Santa em BH\"}]},{\"@type\":\"WebSite\",\"@id\":\"https:\/\/www.padreeustaquio.com.br\/#website\",\"url\":\"https:\/\/www.padreeustaquio.com.br\/\",\"name\":\"Padre Eust\u00e1quio\",\"description\":\"Sa\u00fade e Paz\",\"publisher\":{\"@id\":\"https:\/\/www.padreeustaquio.com.br\/#organization\"},\"potentialAction\":[{\"@type\":\"SearchAction\",\"target\":{\"@type\":\"EntryPoint\",\"urlTemplate\":\"https:\/\/www.padreeustaquio.com.br\/?s={search_term_string}\"},\"query-input\":{\"@type\":\"PropertyValueSpecification\",\"valueRequired\":true,\"valueName\":\"search_term_string\"}}],\"inLanguage\":\"en-US\"},{\"@type\":\"Organization\",\"@id\":\"https:\/\/www.padreeustaquio.com.br\/#organization\",\"name\":\"Padre Eust\u00e1quio\",\"url\":\"https:\/\/www.padreeustaquio.com.br\/\",\"logo\":{\"@type\":\"ImageObject\",\"inLanguage\":\"en-US\",\"@id\":\"https:\/\/www.padreeustaquio.com.br\/#\/schema\/logo\/image\/\",\"url\":\"https:\/\/www.padreeustaquio.com.br\/wp-content\/uploads\/2019\/08\/marca.png\",\"contentUrl\":\"https:\/\/www.padreeustaquio.com.br\/wp-content\/uploads\/2019\/08\/marca.png\",\"width\":350,\"height\":400,\"caption\":\"Padre Eust\u00e1quio\"},\"image\":{\"@id\":\"https:\/\/www.padreeustaquio.com.br\/#\/schema\/logo\/image\/\"},\"sameAs\":[\"https:\/\/www.facebook.com\/beatopadreeustaquio\/\",\"https:\/\/x.com\/beatopeustaquio\",\"https:\/\/www.instagram.com\/beatopadreeustaquio\/\",\"https:\/\/www.youtube.com\/channel\/UCRhw7vfabnajwLxb1ZXMeIw\"]},{\"@type\":\"Person\",\"@id\":\"https:\/\/www.padreeustaquio.com.br\/#\/schema\/person\/a2a51db1d00f1a7af0204a0f1ddb1566\",\"name\":\"@sscc\",\"image\":{\"@type\":\"ImageObject\",\"inLanguage\":\"en-US\",\"@id\":\"https:\/\/secure.gravatar.com\/avatar\/68cfafa5f44617fea54071e215026e0ff06be366c3d54a8425f04fdcb86f8c5f?s=96&d=mm&r=g\",\"url\":\"https:\/\/secure.gravatar.com\/avatar\/68cfafa5f44617fea54071e215026e0ff06be366c3d54a8425f04fdcb86f8c5f?s=96&d=mm&r=g\",\"contentUrl\":\"https:\/\/secure.gravatar.com\/avatar\/68cfafa5f44617fea54071e215026e0ff06be366c3d54a8425f04fdcb86f8c5f?s=96&d=mm&r=g\",\"caption\":\"@sscc\"},\"url\":\"https:\/\/www.padreeustaquio.com.br\/en\/author\/sscc\/\"}]}<\/script>\n<!-- \/ Yoast SEO plugin. -->","yoast_head_json":{"title":"Padre Eust\u00e1quio Channel will broadcast Holy Week celebrations in Belo Horizonte.","description":"The invitation is for each faithful and devotee to actively participate in the celebrations in their parish of origin. If this is not possible, the Padre Eust\u00e1quio Channel on YouTube will broadcast all the celebrations scheduled in the Church&#039;s liturgy for this most important moment of our faith.","robots":{"index":"index","follow":"follow","max-snippet":"max-snippet:-1","max-image-preview":"max-image-preview:large","max-video-preview":"max-video-preview:-1"},"canonical":"https:\/\/www.padreeustaquio.com.br\/en\/padre-eustaquio-channel-will-broadcast-holy-week-celebrations-in-bh\/","og_locale":"en_US","og_type":"article","og_title":"Canal Padre Eust\u00e1quio transmitir\u00e1 celebra\u00e7\u00f5es da Semana Santa em BH","og_description":"O convite \u00e9 para que cada fiel e devoto busque participar ativamente das celebra\u00e7\u00f5es em sua par\u00f3quia de origem, caso n\u00e3o haja esta possibilidade, o Canal Padre Eust\u00e1quio, no YouTube, ir\u00e1 transmitir todas as celebra\u00e7\u00f5es previstas na liturgia da Igreja para este momento maior da nossa f\u00e9.","og_url":"https:\/\/www.padreeustaquio.com.br\/en\/padre-eustaquio-channel-will-broadcast-holy-week-celebrations-in-bh\/","og_site_name":"Padre Eust\u00e1quio","article_publisher":"https:\/\/www.facebook.com\/beatopadreeustaquio\/","article_published_time":"2024-03-20T09:53:34+00:00","og_image":[{"width":1200,"height":736,"url":"https:\/\/www.padreeustaquio.com.br\/wp-content\/uploads\/2024\/03\/semana-santa-no-santuario-da-saude-e-da-paz-em-bh-e1710702944180.jpeg","type":"image\/jpeg"}],"author":"@sscc","twitter_card":"summary_large_image","twitter_creator":"@beatopeustaquio","twitter_site":"@beatopeustaquio","twitter_misc":{"Written by":"@sscc","Est. reading time":"2 minutes"},"schema":{"@context":"https:\/\/schema.org","@graph":[{"@type":"Article","@id":"https:\/\/www.padreeustaquio.com.br\/canal-padre-eustaquio-transmitira-celebracoes-da-semana-santa-em-bh\/#article","isPartOf":{"@id":"https:\/\/www.padreeustaquio.com.br\/canal-padre-eustaquio-transmitira-celebracoes-da-semana-santa-em-bh\/"},"author":{"name":"@sscc","@id":"https:\/\/www.padreeustaquio.com.br\/#\/schema\/person\/a2a51db1d00f1a7af0204a0f1ddb1566"},"headline":"Canal Padre Eust\u00e1quio transmitir\u00e1 celebra\u00e7\u00f5es da Semana Santa em BH","datePublished":"2024-03-20T09:53:34+00:00","mainEntityOfPage":{"@id":"https:\/\/www.padreeustaquio.com.br\/canal-padre-eustaquio-transmitira-celebracoes-da-semana-santa-em-bh\/"},"wordCount":369,"commentCount":0,"publisher":{"@id":"https:\/\/www.padreeustaquio.com.br\/#organization"},"image":{"@id":"https:\/\/www.padreeustaquio.com.br\/canal-padre-eustaquio-transmitira-celebracoes-da-semana-santa-em-bh\/#primaryimage"},"thumbnailUrl":"https:\/\/www.padreeustaquio.com.br\/wp-content\/uploads\/2024\/03\/semana-santa-no-santuario-da-saude-e-da-paz-em-bh-e1710702944180.jpeg","articleSection":["Not\u00edcias"],"inLanguage":"en-US","potentialAction":[{"@type":"CommentAction","name":"Comment","target":["https:\/\/www.padreeustaquio.com.br\/canal-padre-eustaquio-transmitira-celebracoes-da-semana-santa-em-bh\/#respond"]}]},{"@type":"WebPage","@id":"https:\/\/www.padreeustaquio.com.br\/canal-padre-eustaquio-transmitira-celebracoes-da-semana-santa-em-bh\/","url":"https:\/\/www.padreeustaquio.com.br\/canal-padre-eustaquio-transmitira-celebracoes-da-semana-santa-em-bh\/","name":"Padre Eust\u00e1quio Channel will broadcast Holy Week celebrations in Belo Horizonte.","isPartOf":{"@id":"https:\/\/www.padreeustaquio.com.br\/#website"},"primaryImageOfPage":{"@id":"https:\/\/www.padreeustaquio.com.br\/canal-padre-eustaquio-transmitira-celebracoes-da-semana-santa-em-bh\/#primaryimage"},"image":{"@id":"https:\/\/www.padreeustaquio.com.br\/canal-padre-eustaquio-transmitira-celebracoes-da-semana-santa-em-bh\/#primaryimage"},"thumbnailUrl":"https:\/\/www.padreeustaquio.com.br\/wp-content\/uploads\/2024\/03\/semana-santa-no-santuario-da-saude-e-da-paz-em-bh-e1710702944180.jpeg","datePublished":"2024-03-20T09:53:34+00:00","description":"The invitation is for each faithful and devotee to actively participate in the celebrations in their parish of origin. If this is not possible, the Padre Eust\u00e1quio Channel on YouTube will broadcast all the celebrations scheduled in the Church&#039;s liturgy for this most important moment of our faith.","breadcrumb":{"@id":"https:\/\/www.padreeustaquio.com.br\/canal-padre-eustaquio-transmitira-celebracoes-da-semana-santa-em-bh\/#breadcrumb"},"inLanguage":"en-US","potentialAction":[{"@type":"ReadAction","target":["https:\/\/www.padreeustaquio.com.br\/canal-padre-eustaquio-transmitira-celebracoes-da-semana-santa-em-bh\/"]}]},{"@type":"ImageObject","inLanguage":"en-US","@id":"https:\/\/www.padreeustaquio.com.br\/canal-padre-eustaquio-transmitira-celebracoes-da-semana-santa-em-bh\/#primaryimage","url":"https:\/\/www.padreeustaquio.com.br\/wp-content\/uploads\/2024\/03\/semana-santa-no-santuario-da-saude-e-da-paz-em-bh-e1710702944180.jpeg","contentUrl":"https:\/\/www.padreeustaquio.com.br\/wp-content\/uploads\/2024\/03\/semana-santa-no-santuario-da-saude-e-da-paz-em-bh-e1710702944180.jpeg","width":1200,"height":736},{"@type":"BreadcrumbList","@id":"https:\/\/www.padreeustaquio.com.br\/canal-padre-eustaquio-transmitira-celebracoes-da-semana-santa-em-bh\/#breadcrumb","itemListElement":[{"@type":"ListItem","position":1,"name":"In\u00edcio","item":"https:\/\/www.padreeustaquio.com.br\/"},{"@type":"ListItem","position":2,"name":"Canal Padre Eust\u00e1quio transmitir\u00e1 celebra\u00e7\u00f5es da Semana Santa em BH"}]},{"@type":"WebSite","@id":"https:\/\/www.padreeustaquio.com.br\/#website","url":"https:\/\/www.padreeustaquio.com.br\/","name":"FATHER EUST\u00c1QUIO","description":"Health and Peace","publisher":{"@id":"https:\/\/www.padreeustaquio.com.br\/#organization"},"potentialAction":[{"@type":"SearchAction","target":{"@type":"EntryPoint","urlTemplate":"https:\/\/www.padreeustaquio.com.br\/?s={search_term_string}"},"query-input":{"@type":"PropertyValueSpecification","valueRequired":true,"valueName":"search_term_string"}}],"inLanguage":"en-US"},{"@type":"Organization","@id":"https:\/\/www.padreeustaquio.com.br\/#organization","name":"FATHER EUST\u00c1QUIO","url":"https:\/\/www.padreeustaquio.com.br\/","logo":{"@type":"ImageObject","inLanguage":"en-US","@id":"https:\/\/www.padreeustaquio.com.br\/#\/schema\/logo\/image\/","url":"https:\/\/www.padreeustaquio.com.br\/wp-content\/uploads\/2019\/08\/marca.png","contentUrl":"https:\/\/www.padreeustaquio.com.br\/wp-content\/uploads\/2019\/08\/marca.png","width":350,"height":400,"caption":"Padre Eust\u00e1quio"},"image":{"@id":"https:\/\/www.padreeustaquio.com.br\/#\/schema\/logo\/image\/"},"sameAs":["https:\/\/www.facebook.com\/beatopadreeustaquio\/","https:\/\/x.com\/beatopeustaquio","https:\/\/www.instagram.com\/beatopadreeustaquio\/","https:\/\/www.youtube.com\/channel\/UCRhw7vfabnajwLxb1ZXMeIw"]},{"@type":"Person","@id":"https:\/\/www.padreeustaquio.com.br\/#\/schema\/person\/a2a51db1d00f1a7af0204a0f1ddb1566","name":"@sscc","image":{"@type":"ImageObject","inLanguage":"en-US","@id":"https:\/\/secure.gravatar.com\/avatar\/68cfafa5f44617fea54071e215026e0ff06be366c3d54a8425f04fdcb86f8c5f?s=96&d=mm&r=g","url":"https:\/\/secure.gravatar.com\/avatar\/68cfafa5f44617fea54071e215026e0ff06be366c3d54a8425f04fdcb86f8c5f?s=96&d=mm&r=g","contentUrl":"https:\/\/secure.gravatar.com\/avatar\/68cfafa5f44617fea54071e215026e0ff06be366c3d54a8425f04fdcb86f8c5f?s=96&d=mm&r=g","caption":"@sscc"},"url":"https:\/\/www.padreeustaquio.com.br\/en\/author\/sscc\/"}]}},"_links":{"self":[{"href":"https:\/\/www.padreeustaquio.com.br\/en\/wp-json\/wp\/v2\/posts\/11147","targetHints":{"allow":["GET"]}}],"collection":[{"href":"https:\/\/www.padreeustaquio.com.br\/en\/wp-json\/wp\/v2\/posts"}],"about":[{"href":"https:\/\/www.padreeustaquio.com.br\/en\/wp-json\/wp\/v2\/types\/post"}],"author":[{"embeddable":true,"href":"https:\/\/www.padreeustaquio.com.br\/en\/wp-json\/wp\/v2\/users\/2"}],"replies":[{"embeddable":true,"href":"https:\/\/www.padreeustaquio.com.br\/en\/wp-json\/wp\/v2\/comments?post=11147"}],"version-history":[{"count":0,"href":"https:\/\/www.padreeustaquio.com.br\/en\/wp-json\/wp\/v2\/posts\/11147\/revisions"}],"wp:featuredmedia":[{"embeddable":true,"href":"https:\/\/www.padreeustaquio.com.br\/en\/wp-json\/wp\/v2\/media\/11148"}],"wp:attachment":[{"href":"https:\/\/www.padreeustaquio.com.br\/en\/wp-json\/wp\/v2\/media?parent=11147"}],"wp:term":[{"taxonomy":"category","embeddable":true,"href":"https:\/\/www.padreeustaquio.com.br\/en\/wp-json\/wp\/v2\/categories?post=11147"},{"taxonomy":"post_tag","embeddable":true,"href":"https:\/\/www.padreeustaquio.com.br\/en\/wp-json\/wp\/v2\/tags?post=11147"}],"curies":[{"name":"wp","href":"https:\/\/api.w.org\/{rel}","templated":true}]}}