{"id":11135,"date":"2024-03-13T06:03:08","date_gmt":"2024-03-13T09:03:08","guid":{"rendered":"https:\/\/www.padreeustaquio.com.br\/?p=11135"},"modified":"2024-03-12T20:09:46","modified_gmt":"2024-03-12T23:09:46","slug":"episcopal-vicar-presides-over-transition-meeting-at-the-sanctuary-of-health-and-peace-in-belo-horizonte","status":"publish","type":"post","link":"https:\/\/www.padreeustaquio.com.br\/en\/episcopal-vicar-presides-over-transition-meeting-at-the-sanctuary-of-health-and-peace-in-belo-horizonte\/","title":{"rendered":"Episcopal Vicar presides over transition meeting at the Sanctuary of Health and Peace in Belo Horizonte."},"content":{"rendered":"<p>A transition meeting was held at the Sanctuary of Health and Peace, Church of Blessed Father Eustace, with the team of priests from the Congregation of the Sacred Hearts who carried out their mission in the church in recent years, and the team that took over this weekend.<\/p>\n<p>The meeting is stipulated in Document 5 of the Archdiocese of Belo Horizonte, and its purpose is to take stock of all the work that has been done so far, and what needs to be developed going forward. During the transition, the new team, represented by the new parish priest, administratively takes over the Parish.<\/p>\n<p>Those participating in the meeting included the episcopal vicar, Fr. J\u00fanior Vasconcelos, who presided over the meeting, along with a team from various sectors of the Archdiocese and the priests of the Sacred Hearts: Osv\u00e2nio Humberto Mariano, Provincial, Vinicius Maciel, the previous parish priest, and Edmar Oliveira, the parish priest who will assume the Sanctuary from now on.<\/p>","protected":false},"excerpt":{"rendered":"<p>Uma reuni\u00e3o de transi\u00e7\u00e3o foi realizada no Santu\u00e1rio da Sa\u00fade e da Paz, Igreja do Beato Padre Eust\u00e1quio, com a equipe de padres da Congrega\u00e7\u00e3o dos Sagrados Cora\u00e7\u00f5es que exerceram sua miss\u00e3o na igreja, nos \u00faltimos anos, e a equipe que assumiu nesse final de semana. A reuni\u00e3o est\u00e1 prevista no Documento 5 da Arquidiocese de Belo Horizonte, e tem como objetivo fazer um levantamento de todo trabalho que foi realizado at\u00e9 agora, e o que precisa ser desenvolvido daqui pra frente. Na transi\u00e7\u00e3o a nova equipe, na pessoa do novo p\u00e1roco, recebe administrativamente a Par\u00f3quia. Participaram da reuni\u00e3o o [&hellip;]<\/p>\n","protected":false},"author":2,"featured_media":11136,"comment_status":"open","ping_status":"closed","sticky":false,"template":"","format":"standard","meta":{"_acf_changed":false,"footnotes":""},"categories":[611],"tags":[],"class_list":["post-11135","post","type-post","status-publish","format-standard","has-post-thumbnail","hentry","category-noticias"],"acf":[],"yoast_head":"<!-- This site is optimized with the Yoast SEO plugin v27.2 - https:\/\/yoast.com\/product\/yoast-seo-wordpress\/ -->\n<title>Vig\u00e1rio Episcopal preside reuni\u00e3o de transi\u00e7\u00e3o no Santu\u00e1rio da Sa\u00fade e da Paz em BH<\/title>\n<meta name=\"description\" content=\"Uma reuni\u00e3o de transi\u00e7\u00e3o foi realizada no Santu\u00e1rio da Sa\u00fade e da Paz, Igreja do Beato Padre Eust\u00e1quio, com a equipe de padres da Congrega\u00e7\u00e3o dos Sagrados Cora\u00e7\u00f5es que exerceram sua miss\u00e3o na igreja, nos \u00faltimos anos, e a equipe que assumiu nesse final de semana.\" \/>\n<meta name=\"robots\" content=\"index, follow, max-snippet:-1, max-image-preview:large, max-video-preview:-1\" \/>\n<link rel=\"canonical\" href=\"https:\/\/www.padreeustaquio.com.br\/en\/episcopal-vicar-presides-over-transition-meeting-at-the-sanctuary-of-health-and-peace-in-belo-horizonte\/\" \/>\n<meta property=\"og:locale\" content=\"en_US\" \/>\n<meta property=\"og:type\" content=\"article\" \/>\n<meta property=\"og:title\" content=\"Vig\u00e1rio Episcopal preside reuni\u00e3o de transi\u00e7\u00e3o no Santu\u00e1rio da Sa\u00fade e da Paz em BH\" \/>\n<meta property=\"og:description\" content=\"Uma reuni\u00e3o de transi\u00e7\u00e3o foi realizada no Santu\u00e1rio da Sa\u00fade e da Paz, Igreja do Beato Padre Eust\u00e1quio, com a equipe de padres da Congrega\u00e7\u00e3o dos Sagrados Cora\u00e7\u00f5es que exerceram sua miss\u00e3o na igreja, nos \u00faltimos anos, e a equipe que assumiu nesse final de semana.\" \/>\n<meta property=\"og:url\" content=\"https:\/\/www.padreeustaquio.com.br\/en\/episcopal-vicar-presides-over-transition-meeting-at-the-sanctuary-of-health-and-peace-in-belo-horizonte\/\" \/>\n<meta property=\"og:site_name\" content=\"Padre Eust\u00e1quio\" \/>\n<meta property=\"article:publisher\" content=\"https:\/\/www.facebook.com\/beatopadreeustaquio\/\" \/>\n<meta property=\"article:published_time\" content=\"2024-03-13T09:03:08+00:00\" \/>\n<meta property=\"og:image\" content=\"https:\/\/www.padreeustaquio.com.br\/wp-content\/uploads\/2024\/03\/reuiao-de-transicao-santuario-saude-e-paz-e1710284974415.jpeg\" \/>\n\t<meta property=\"og:image:width\" content=\"1600\" \/>\n\t<meta property=\"og:image:height\" content=\"904\" \/>\n\t<meta property=\"og:image:type\" content=\"image\/jpeg\" \/>\n<meta name=\"author\" content=\"@sscc\" \/>\n<meta name=\"twitter:card\" content=\"summary_large_image\" \/>\n<meta name=\"twitter:creator\" content=\"@beatopeustaquio\" \/>\n<meta name=\"twitter:site\" content=\"@beatopeustaquio\" \/>\n<meta name=\"twitter:label1\" content=\"Written by\" \/>\n\t<meta name=\"twitter:data1\" content=\"@sscc\" \/>\n\t<meta name=\"twitter:label2\" content=\"Est. reading time\" \/>\n\t<meta name=\"twitter:data2\" content=\"1 minute\" \/>\n<script type=\"application\/ld+json\" class=\"yoast-schema-graph\">{\"@context\":\"https:\/\/schema.org\",\"@graph\":[{\"@type\":\"Article\",\"@id\":\"https:\/\/www.padreeustaquio.com.br\/vigario-episcopal-preside-reuniao-de-transicao-no-santuario-da-saude-e-da-paz-em-bh\/#article\",\"isPartOf\":{\"@id\":\"https:\/\/www.padreeustaquio.com.br\/vigario-episcopal-preside-reuniao-de-transicao-no-santuario-da-saude-e-da-paz-em-bh\/\"},\"author\":{\"name\":\"@sscc\",\"@id\":\"https:\/\/www.padreeustaquio.com.br\/#\/schema\/person\/a2a51db1d00f1a7af0204a0f1ddb1566\"},\"headline\":\"Vig\u00e1rio Episcopal preside reuni\u00e3o de transi\u00e7\u00e3o no Santu\u00e1rio da Sa\u00fade e da Paz em BH\",\"datePublished\":\"2024-03-13T09:03:08+00:00\",\"mainEntityOfPage\":{\"@id\":\"https:\/\/www.padreeustaquio.com.br\/vigario-episcopal-preside-reuniao-de-transicao-no-santuario-da-saude-e-da-paz-em-bh\/\"},\"wordCount\":184,\"commentCount\":0,\"publisher\":{\"@id\":\"https:\/\/www.padreeustaquio.com.br\/#organization\"},\"image\":{\"@id\":\"https:\/\/www.padreeustaquio.com.br\/vigario-episcopal-preside-reuniao-de-transicao-no-santuario-da-saude-e-da-paz-em-bh\/#primaryimage\"},\"thumbnailUrl\":\"https:\/\/www.padreeustaquio.com.br\/wp-content\/uploads\/2024\/03\/reuiao-de-transicao-santuario-saude-e-paz-e1710284974415.jpeg\",\"articleSection\":[\"Not\u00edcias\"],\"inLanguage\":\"en-US\",\"potentialAction\":[{\"@type\":\"CommentAction\",\"name\":\"Comment\",\"target\":[\"https:\/\/www.padreeustaquio.com.br\/vigario-episcopal-preside-reuniao-de-transicao-no-santuario-da-saude-e-da-paz-em-bh\/#respond\"]}]},{\"@type\":\"WebPage\",\"@id\":\"https:\/\/www.padreeustaquio.com.br\/vigario-episcopal-preside-reuniao-de-transicao-no-santuario-da-saude-e-da-paz-em-bh\/\",\"url\":\"https:\/\/www.padreeustaquio.com.br\/vigario-episcopal-preside-reuniao-de-transicao-no-santuario-da-saude-e-da-paz-em-bh\/\",\"name\":\"Vig\u00e1rio Episcopal preside reuni\u00e3o de transi\u00e7\u00e3o no Santu\u00e1rio da Sa\u00fade e da Paz em BH\",\"isPartOf\":{\"@id\":\"https:\/\/www.padreeustaquio.com.br\/#website\"},\"primaryImageOfPage\":{\"@id\":\"https:\/\/www.padreeustaquio.com.br\/vigario-episcopal-preside-reuniao-de-transicao-no-santuario-da-saude-e-da-paz-em-bh\/#primaryimage\"},\"image\":{\"@id\":\"https:\/\/www.padreeustaquio.com.br\/vigario-episcopal-preside-reuniao-de-transicao-no-santuario-da-saude-e-da-paz-em-bh\/#primaryimage\"},\"thumbnailUrl\":\"https:\/\/www.padreeustaquio.com.br\/wp-content\/uploads\/2024\/03\/reuiao-de-transicao-santuario-saude-e-paz-e1710284974415.jpeg\",\"datePublished\":\"2024-03-13T09:03:08+00:00\",\"description\":\"Uma reuni\u00e3o de transi\u00e7\u00e3o foi realizada no Santu\u00e1rio da Sa\u00fade e da Paz, Igreja do Beato Padre Eust\u00e1quio, com a equipe de padres da Congrega\u00e7\u00e3o dos Sagrados Cora\u00e7\u00f5es que exerceram sua miss\u00e3o na igreja, nos \u00faltimos anos, e a equipe que assumiu nesse final de semana.\",\"breadcrumb\":{\"@id\":\"https:\/\/www.padreeustaquio.com.br\/vigario-episcopal-preside-reuniao-de-transicao-no-santuario-da-saude-e-da-paz-em-bh\/#breadcrumb\"},\"inLanguage\":\"en-US\",\"potentialAction\":[{\"@type\":\"ReadAction\",\"target\":[\"https:\/\/www.padreeustaquio.com.br\/vigario-episcopal-preside-reuniao-de-transicao-no-santuario-da-saude-e-da-paz-em-bh\/\"]}]},{\"@type\":\"ImageObject\",\"inLanguage\":\"en-US\",\"@id\":\"https:\/\/www.padreeustaquio.com.br\/vigario-episcopal-preside-reuniao-de-transicao-no-santuario-da-saude-e-da-paz-em-bh\/#primaryimage\",\"url\":\"https:\/\/www.padreeustaquio.com.br\/wp-content\/uploads\/2024\/03\/reuiao-de-transicao-santuario-saude-e-paz-e1710284974415.jpeg\",\"contentUrl\":\"https:\/\/www.padreeustaquio.com.br\/wp-content\/uploads\/2024\/03\/reuiao-de-transicao-santuario-saude-e-paz-e1710284974415.jpeg\",\"width\":1600,\"height\":904},{\"@type\":\"BreadcrumbList\",\"@id\":\"https:\/\/www.padreeustaquio.com.br\/vigario-episcopal-preside-reuniao-de-transicao-no-santuario-da-saude-e-da-paz-em-bh\/#breadcrumb\",\"itemListElement\":[{\"@type\":\"ListItem\",\"position\":1,\"name\":\"In\u00edcio\",\"item\":\"https:\/\/www.padreeustaquio.com.br\/\"},{\"@type\":\"ListItem\",\"position\":2,\"name\":\"Vig\u00e1rio Episcopal preside reuni\u00e3o de transi\u00e7\u00e3o no Santu\u00e1rio da Sa\u00fade e da Paz em BH\"}]},{\"@type\":\"WebSite\",\"@id\":\"https:\/\/www.padreeustaquio.com.br\/#website\",\"url\":\"https:\/\/www.padreeustaquio.com.br\/\",\"name\":\"Padre Eust\u00e1quio\",\"description\":\"Sa\u00fade e Paz\",\"publisher\":{\"@id\":\"https:\/\/www.padreeustaquio.com.br\/#organization\"},\"potentialAction\":[{\"@type\":\"SearchAction\",\"target\":{\"@type\":\"EntryPoint\",\"urlTemplate\":\"https:\/\/www.padreeustaquio.com.br\/?s={search_term_string}\"},\"query-input\":{\"@type\":\"PropertyValueSpecification\",\"valueRequired\":true,\"valueName\":\"search_term_string\"}}],\"inLanguage\":\"en-US\"},{\"@type\":\"Organization\",\"@id\":\"https:\/\/www.padreeustaquio.com.br\/#organization\",\"name\":\"Padre Eust\u00e1quio\",\"url\":\"https:\/\/www.padreeustaquio.com.br\/\",\"logo\":{\"@type\":\"ImageObject\",\"inLanguage\":\"en-US\",\"@id\":\"https:\/\/www.padreeustaquio.com.br\/#\/schema\/logo\/image\/\",\"url\":\"https:\/\/www.padreeustaquio.com.br\/wp-content\/uploads\/2019\/08\/marca.png\",\"contentUrl\":\"https:\/\/www.padreeustaquio.com.br\/wp-content\/uploads\/2019\/08\/marca.png\",\"width\":350,\"height\":400,\"caption\":\"Padre Eust\u00e1quio\"},\"image\":{\"@id\":\"https:\/\/www.padreeustaquio.com.br\/#\/schema\/logo\/image\/\"},\"sameAs\":[\"https:\/\/www.facebook.com\/beatopadreeustaquio\/\",\"https:\/\/x.com\/beatopeustaquio\",\"https:\/\/www.instagram.com\/beatopadreeustaquio\/\",\"https:\/\/www.youtube.com\/channel\/UCRhw7vfabnajwLxb1ZXMeIw\"]},{\"@type\":\"Person\",\"@id\":\"https:\/\/www.padreeustaquio.com.br\/#\/schema\/person\/a2a51db1d00f1a7af0204a0f1ddb1566\",\"name\":\"@sscc\",\"image\":{\"@type\":\"ImageObject\",\"inLanguage\":\"en-US\",\"@id\":\"https:\/\/secure.gravatar.com\/avatar\/68cfafa5f44617fea54071e215026e0ff06be366c3d54a8425f04fdcb86f8c5f?s=96&d=mm&r=g\",\"url\":\"https:\/\/secure.gravatar.com\/avatar\/68cfafa5f44617fea54071e215026e0ff06be366c3d54a8425f04fdcb86f8c5f?s=96&d=mm&r=g\",\"contentUrl\":\"https:\/\/secure.gravatar.com\/avatar\/68cfafa5f44617fea54071e215026e0ff06be366c3d54a8425f04fdcb86f8c5f?s=96&d=mm&r=g\",\"caption\":\"@sscc\"},\"url\":\"https:\/\/www.padreeustaquio.com.br\/en\/author\/sscc\/\"}]}<\/script>\n<!-- \/ Yoast SEO plugin. -->","yoast_head_json":{"title":"Episcopal Vicar presides over transition meeting at the Sanctuary of Health and Peace in Belo Horizonte.","description":"A transition meeting was held at the Sanctuary of Health and Peace, Church of Blessed Father Eustace, with the team of priests from the Congregation of the Sacred Hearts who carried out their mission in the church in recent years, and the team that took over this weekend.","robots":{"index":"index","follow":"follow","max-snippet":"max-snippet:-1","max-image-preview":"max-image-preview:large","max-video-preview":"max-video-preview:-1"},"canonical":"https:\/\/www.padreeustaquio.com.br\/en\/episcopal-vicar-presides-over-transition-meeting-at-the-sanctuary-of-health-and-peace-in-belo-horizonte\/","og_locale":"en_US","og_type":"article","og_title":"Vig\u00e1rio Episcopal preside reuni\u00e3o de transi\u00e7\u00e3o no Santu\u00e1rio da Sa\u00fade e da Paz em BH","og_description":"Uma reuni\u00e3o de transi\u00e7\u00e3o foi realizada no Santu\u00e1rio da Sa\u00fade e da Paz, Igreja do Beato Padre Eust\u00e1quio, com a equipe de padres da Congrega\u00e7\u00e3o dos Sagrados Cora\u00e7\u00f5es que exerceram sua miss\u00e3o na igreja, nos \u00faltimos anos, e a equipe que assumiu nesse final de semana.","og_url":"https:\/\/www.padreeustaquio.com.br\/en\/episcopal-vicar-presides-over-transition-meeting-at-the-sanctuary-of-health-and-peace-in-belo-horizonte\/","og_site_name":"Padre Eust\u00e1quio","article_publisher":"https:\/\/www.facebook.com\/beatopadreeustaquio\/","article_published_time":"2024-03-13T09:03:08+00:00","og_image":[{"width":1600,"height":904,"url":"https:\/\/www.padreeustaquio.com.br\/wp-content\/uploads\/2024\/03\/reuiao-de-transicao-santuario-saude-e-paz-e1710284974415.jpeg","type":"image\/jpeg"}],"author":"@sscc","twitter_card":"summary_large_image","twitter_creator":"@beatopeustaquio","twitter_site":"@beatopeustaquio","twitter_misc":{"Written by":"@sscc","Est. reading time":"1 minute"},"schema":{"@context":"https:\/\/schema.org","@graph":[{"@type":"Article","@id":"https:\/\/www.padreeustaquio.com.br\/vigario-episcopal-preside-reuniao-de-transicao-no-santuario-da-saude-e-da-paz-em-bh\/#article","isPartOf":{"@id":"https:\/\/www.padreeustaquio.com.br\/vigario-episcopal-preside-reuniao-de-transicao-no-santuario-da-saude-e-da-paz-em-bh\/"},"author":{"name":"@sscc","@id":"https:\/\/www.padreeustaquio.com.br\/#\/schema\/person\/a2a51db1d00f1a7af0204a0f1ddb1566"},"headline":"Vig\u00e1rio Episcopal preside reuni\u00e3o de transi\u00e7\u00e3o no Santu\u00e1rio da Sa\u00fade e da Paz em BH","datePublished":"2024-03-13T09:03:08+00:00","mainEntityOfPage":{"@id":"https:\/\/www.padreeustaquio.com.br\/vigario-episcopal-preside-reuniao-de-transicao-no-santuario-da-saude-e-da-paz-em-bh\/"},"wordCount":184,"commentCount":0,"publisher":{"@id":"https:\/\/www.padreeustaquio.com.br\/#organization"},"image":{"@id":"https:\/\/www.padreeustaquio.com.br\/vigario-episcopal-preside-reuniao-de-transicao-no-santuario-da-saude-e-da-paz-em-bh\/#primaryimage"},"thumbnailUrl":"https:\/\/www.padreeustaquio.com.br\/wp-content\/uploads\/2024\/03\/reuiao-de-transicao-santuario-saude-e-paz-e1710284974415.jpeg","articleSection":["Not\u00edcias"],"inLanguage":"en-US","potentialAction":[{"@type":"CommentAction","name":"Comment","target":["https:\/\/www.padreeustaquio.com.br\/vigario-episcopal-preside-reuniao-de-transicao-no-santuario-da-saude-e-da-paz-em-bh\/#respond"]}]},{"@type":"WebPage","@id":"https:\/\/www.padreeustaquio.com.br\/vigario-episcopal-preside-reuniao-de-transicao-no-santuario-da-saude-e-da-paz-em-bh\/","url":"https:\/\/www.padreeustaquio.com.br\/vigario-episcopal-preside-reuniao-de-transicao-no-santuario-da-saude-e-da-paz-em-bh\/","name":"Episcopal Vicar presides over transition meeting at the Sanctuary of Health and Peace in Belo Horizonte.","isPartOf":{"@id":"https:\/\/www.padreeustaquio.com.br\/#website"},"primaryImageOfPage":{"@id":"https:\/\/www.padreeustaquio.com.br\/vigario-episcopal-preside-reuniao-de-transicao-no-santuario-da-saude-e-da-paz-em-bh\/#primaryimage"},"image":{"@id":"https:\/\/www.padreeustaquio.com.br\/vigario-episcopal-preside-reuniao-de-transicao-no-santuario-da-saude-e-da-paz-em-bh\/#primaryimage"},"thumbnailUrl":"https:\/\/www.padreeustaquio.com.br\/wp-content\/uploads\/2024\/03\/reuiao-de-transicao-santuario-saude-e-paz-e1710284974415.jpeg","datePublished":"2024-03-13T09:03:08+00:00","description":"A transition meeting was held at the Sanctuary of Health and Peace, Church of Blessed Father Eustace, with the team of priests from the Congregation of the Sacred Hearts who carried out their mission in the church in recent years, and the team that took over this weekend.","breadcrumb":{"@id":"https:\/\/www.padreeustaquio.com.br\/vigario-episcopal-preside-reuniao-de-transicao-no-santuario-da-saude-e-da-paz-em-bh\/#breadcrumb"},"inLanguage":"en-US","potentialAction":[{"@type":"ReadAction","target":["https:\/\/www.padreeustaquio.com.br\/vigario-episcopal-preside-reuniao-de-transicao-no-santuario-da-saude-e-da-paz-em-bh\/"]}]},{"@type":"ImageObject","inLanguage":"en-US","@id":"https:\/\/www.padreeustaquio.com.br\/vigario-episcopal-preside-reuniao-de-transicao-no-santuario-da-saude-e-da-paz-em-bh\/#primaryimage","url":"https:\/\/www.padreeustaquio.com.br\/wp-content\/uploads\/2024\/03\/reuiao-de-transicao-santuario-saude-e-paz-e1710284974415.jpeg","contentUrl":"https:\/\/www.padreeustaquio.com.br\/wp-content\/uploads\/2024\/03\/reuiao-de-transicao-santuario-saude-e-paz-e1710284974415.jpeg","width":1600,"height":904},{"@type":"BreadcrumbList","@id":"https:\/\/www.padreeustaquio.com.br\/vigario-episcopal-preside-reuniao-de-transicao-no-santuario-da-saude-e-da-paz-em-bh\/#breadcrumb","itemListElement":[{"@type":"ListItem","position":1,"name":"In\u00edcio","item":"https:\/\/www.padreeustaquio.com.br\/"},{"@type":"ListItem","position":2,"name":"Vig\u00e1rio Episcopal preside reuni\u00e3o de transi\u00e7\u00e3o no Santu\u00e1rio da Sa\u00fade e da Paz em BH"}]},{"@type":"WebSite","@id":"https:\/\/www.padreeustaquio.com.br\/#website","url":"https:\/\/www.padreeustaquio.com.br\/","name":"FATHER EUST\u00c1QUIO","description":"Health and Peace","publisher":{"@id":"https:\/\/www.padreeustaquio.com.br\/#organization"},"potentialAction":[{"@type":"SearchAction","target":{"@type":"EntryPoint","urlTemplate":"https:\/\/www.padreeustaquio.com.br\/?s={search_term_string}"},"query-input":{"@type":"PropertyValueSpecification","valueRequired":true,"valueName":"search_term_string"}}],"inLanguage":"en-US"},{"@type":"Organization","@id":"https:\/\/www.padreeustaquio.com.br\/#organization","name":"FATHER EUST\u00c1QUIO","url":"https:\/\/www.padreeustaquio.com.br\/","logo":{"@type":"ImageObject","inLanguage":"en-US","@id":"https:\/\/www.padreeustaquio.com.br\/#\/schema\/logo\/image\/","url":"https:\/\/www.padreeustaquio.com.br\/wp-content\/uploads\/2019\/08\/marca.png","contentUrl":"https:\/\/www.padreeustaquio.com.br\/wp-content\/uploads\/2019\/08\/marca.png","width":350,"height":400,"caption":"Padre Eust\u00e1quio"},"image":{"@id":"https:\/\/www.padreeustaquio.com.br\/#\/schema\/logo\/image\/"},"sameAs":["https:\/\/www.facebook.com\/beatopadreeustaquio\/","https:\/\/x.com\/beatopeustaquio","https:\/\/www.instagram.com\/beatopadreeustaquio\/","https:\/\/www.youtube.com\/channel\/UCRhw7vfabnajwLxb1ZXMeIw"]},{"@type":"Person","@id":"https:\/\/www.padreeustaquio.com.br\/#\/schema\/person\/a2a51db1d00f1a7af0204a0f1ddb1566","name":"@sscc","image":{"@type":"ImageObject","inLanguage":"en-US","@id":"https:\/\/secure.gravatar.com\/avatar\/68cfafa5f44617fea54071e215026e0ff06be366c3d54a8425f04fdcb86f8c5f?s=96&d=mm&r=g","url":"https:\/\/secure.gravatar.com\/avatar\/68cfafa5f44617fea54071e215026e0ff06be366c3d54a8425f04fdcb86f8c5f?s=96&d=mm&r=g","contentUrl":"https:\/\/secure.gravatar.com\/avatar\/68cfafa5f44617fea54071e215026e0ff06be366c3d54a8425f04fdcb86f8c5f?s=96&d=mm&r=g","caption":"@sscc"},"url":"https:\/\/www.padreeustaquio.com.br\/en\/author\/sscc\/"}]}},"_links":{"self":[{"href":"https:\/\/www.padreeustaquio.com.br\/en\/wp-json\/wp\/v2\/posts\/11135","targetHints":{"allow":["GET"]}}],"collection":[{"href":"https:\/\/www.padreeustaquio.com.br\/en\/wp-json\/wp\/v2\/posts"}],"about":[{"href":"https:\/\/www.padreeustaquio.com.br\/en\/wp-json\/wp\/v2\/types\/post"}],"author":[{"embeddable":true,"href":"https:\/\/www.padreeustaquio.com.br\/en\/wp-json\/wp\/v2\/users\/2"}],"replies":[{"embeddable":true,"href":"https:\/\/www.padreeustaquio.com.br\/en\/wp-json\/wp\/v2\/comments?post=11135"}],"version-history":[{"count":0,"href":"https:\/\/www.padreeustaquio.com.br\/en\/wp-json\/wp\/v2\/posts\/11135\/revisions"}],"wp:featuredmedia":[{"embeddable":true,"href":"https:\/\/www.padreeustaquio.com.br\/en\/wp-json\/wp\/v2\/media\/11136"}],"wp:attachment":[{"href":"https:\/\/www.padreeustaquio.com.br\/en\/wp-json\/wp\/v2\/media?parent=11135"}],"wp:term":[{"taxonomy":"category","embeddable":true,"href":"https:\/\/www.padreeustaquio.com.br\/en\/wp-json\/wp\/v2\/categories?post=11135"},{"taxonomy":"post_tag","embeddable":true,"href":"https:\/\/www.padreeustaquio.com.br\/en\/wp-json\/wp\/v2\/tags?post=11135"}],"curies":[{"name":"wp","href":"https:\/\/api.w.org\/{rel}","templated":true}]}}