{"id":11128,"date":"2024-03-11T08:32:07","date_gmt":"2024-03-11T11:32:07","guid":{"rendered":"https:\/\/www.padreeustaquio.com.br\/?p=11128"},"modified":"2024-03-11T08:39:08","modified_gmt":"2024-03-11T11:39:08","slug":"new-parish-rector-fr-edmar-oliveira-ss-cc-and-vicars-take-office-at-the-sanctuary-in-bh","status":"publish","type":"post","link":"https:\/\/www.padreeustaquio.com.br\/en\/new-parish-rector-fr-edmar-oliveira-ss-cc-and-vicars-take-office-at-the-sanctuary-in-bh\/","title":{"rendered":"New parish priest-rector, Fr. Edmar Oliveira, ss.cc., and vicars take office at the Sanctuary in Belo Horizonte."},"content":{"rendered":"<p>Last Saturday, the Holy Mass for the installation of the new pastoral team responsible for the care of the Sanctuary of Health and Peace was held. The Eucharist was broadcast live on the Padre Eust\u00e1quio Channel (<a href=\"https:\/\/www.youtube.com\/watch?v=opoK9umMokY\">REVIEW HERE<\/a>).<\/p>\n<p><img fetchpriority=\"high\" decoding=\"async\" class=\"alignleft wp-image-11132 size-medium\" src=\"https:\/\/www.padreeustaquio.com.br\/wp-content\/uploads\/2024\/03\/missa-de-posse-e-inicio-ministerio-pastoral-padre-edmar-e1710157034824-300x204.jpeg\" alt=\"\" width=\"300\" height=\"204\" srcset=\"https:\/\/www.padreeustaquio.com.br\/wp-content\/uploads\/2024\/03\/missa-de-posse-e-inicio-ministerio-pastoral-padre-edmar-e1710157034824-300x204.jpeg 300w, https:\/\/www.padreeustaquio.com.br\/wp-content\/uploads\/2024\/03\/missa-de-posse-e-inicio-ministerio-pastoral-padre-edmar-e1710157034824-1024x696.jpeg 1024w, https:\/\/www.padreeustaquio.com.br\/wp-content\/uploads\/2024\/03\/missa-de-posse-e-inicio-ministerio-pastoral-padre-edmar-e1710157034824-768x522.jpeg 768w, https:\/\/www.padreeustaquio.com.br\/wp-content\/uploads\/2024\/03\/missa-de-posse-e-inicio-ministerio-pastoral-padre-edmar-e1710157034824.jpeg 1066w\" sizes=\"(max-width: 300px) 100vw, 300px\" \/>The ceremony was presided over by Dom Joaquim Mol, auxiliary bishop of the Archdiocese of Belo Horizonte, who highlighted and thanked the team that is leaving their posts: Fr. Vin\u00edcius Maciel, Fr. Silvano \u00c1vila, and Fr. Alexandre Leite.<\/p>\n<p>Bishop Joaquim Mol also expressed his gratitude to God and to the Congregation of the Sacred Hearts for allowing the continuation of pastoral work at the Sanctuary, always inspired by the teachings of Pope Francis.<\/p>\n<p>The incoming team consists of Father Edmar Oliveira, the new parish priest, and vicars Osv\u00e2nio Mariano and Alexandre Leite (who was also part of the previous team).<\/p>\n<p><img decoding=\"async\" class=\"size-medium wp-image-11133 alignright\" src=\"https:\/\/www.padreeustaquio.com.br\/wp-content\/uploads\/2024\/03\/provisao-de-paroco-vigarios-e-uso-de-ordem-e1710157127531-300x226.jpeg\" alt=\"\" width=\"300\" height=\"226\" srcset=\"https:\/\/www.padreeustaquio.com.br\/wp-content\/uploads\/2024\/03\/provisao-de-paroco-vigarios-e-uso-de-ordem-e1710157127531-300x226.jpeg 300w, https:\/\/www.padreeustaquio.com.br\/wp-content\/uploads\/2024\/03\/provisao-de-paroco-vigarios-e-uso-de-ordem-e1710157127531-1024x772.jpeg 1024w, https:\/\/www.padreeustaquio.com.br\/wp-content\/uploads\/2024\/03\/provisao-de-paroco-vigarios-e-uso-de-ordem-e1710157127531-768x579.jpeg 768w, https:\/\/www.padreeustaquio.com.br\/wp-content\/uploads\/2024\/03\/provisao-de-paroco-vigarios-e-uso-de-ordem-e1710157127531-180x135.jpeg 180w, https:\/\/www.padreeustaquio.com.br\/wp-content\/uploads\/2024\/03\/provisao-de-paroco-vigarios-e-uso-de-ordem-e1710157127531-400x300.jpeg 400w, https:\/\/www.padreeustaquio.com.br\/wp-content\/uploads\/2024\/03\/provisao-de-paroco-vigarios-e-uso-de-ordem-e1710157127531-600x450.jpeg 600w, https:\/\/www.padreeustaquio.com.br\/wp-content\/uploads\/2024\/03\/provisao-de-paroco-vigarios-e-uso-de-ordem-e1710157127531-800x600.jpeg 800w, https:\/\/www.padreeustaquio.com.br\/wp-content\/uploads\/2024\/03\/provisao-de-paroco-vigarios-e-uso-de-ordem-e1710157127531.jpeg 1042w\" sizes=\"(max-width: 300px) 100vw, 300px\" \/>In addition to the priests who took office as parish priests and vicars, Bishop Joaquim Mol also granted permission to use the order for Fathers Vin\u00edcius Maciel and Hil\u00e1rio Fran\u00e7a. The document allows them to also celebrate Mass at the Sanctuary and other churches in the Archdiocese of Belo Horizonte.<\/p>","protected":false},"excerpt":{"rendered":"<p>Foi realizada no \u00faltimo s\u00e1bado, a Santa Missa de posse da nova equipe pastoral, respons\u00e1vel pelo cuidado do Santu\u00e1rio da Sa\u00fade e da Paz. A Eucaristia foi transmitida, ao vivo, pelo Canal Padre Eust\u00e1quio (REVEJA AQUI). Quem presidiu a cerim\u00f4nia foi Dom Joaquim Mol, bispo auxiliar da Arquidiocese de Belo Horizonte, que ressaltou e agradeceu o trabalho da equipe que est\u00e1 deixando o cargo: Pe. Vin\u00edcius Maciel, Pe. Silvano \u00c1vila e Pe. Alexandre Leite. Dom Joaquim Mol tamb\u00e9m se mostrou grato a Deus e \u00e0 Congrega\u00e7\u00e3o dos Sagrados Cora\u00e7\u00f5es por permitir a continuidade do trabalho pastoral no Santu\u00e1rio, sempre inspirados [&hellip;]<\/p>\n","protected":false},"author":2,"featured_media":11129,"comment_status":"open","ping_status":"closed","sticky":false,"template":"","format":"standard","meta":{"_acf_changed":false,"footnotes":""},"categories":[611],"tags":[],"class_list":["post-11128","post","type-post","status-publish","format-standard","has-post-thumbnail","hentry","category-noticias"],"acf":[],"yoast_head":"<!-- This site is optimized with the Yoast SEO plugin v27.2 - https:\/\/yoast.com\/product\/yoast-seo-wordpress\/ -->\n<title>Novo p\u00e1roco-reitor, Pe. Edmar Oliveira, ss.cc. e vig\u00e1rios tomam posse no Santu\u00e1rio em BH<\/title>\n<meta name=\"description\" content=\"Foi realizada no \u00faltimo s\u00e1bado, a Santa Missa de posse da nova equipe pastoral, respons\u00e1vel pelo cuidado do Santu\u00e1rio da Sa\u00fade e da Paz. A Eucaristia foi transmitida, ao vivo, pelo Canal Padre Eust\u00e1quio (REVEJA AQUI).\" \/>\n<meta name=\"robots\" content=\"index, follow, max-snippet:-1, max-image-preview:large, max-video-preview:-1\" \/>\n<link rel=\"canonical\" href=\"https:\/\/www.padreeustaquio.com.br\/en\/new-parish-rector-fr-edmar-oliveira-ss-cc-and-vicars-take-office-at-the-sanctuary-in-bh\/\" \/>\n<meta property=\"og:locale\" content=\"en_US\" \/>\n<meta property=\"og:type\" content=\"article\" \/>\n<meta property=\"og:title\" content=\"Novo p\u00e1roco-reitor, Pe. Edmar Oliveira, ss.cc. e vig\u00e1rios tomam posse no Santu\u00e1rio em BH\" \/>\n<meta property=\"og:description\" content=\"Foi realizada no \u00faltimo s\u00e1bado, a Santa Missa de posse da nova equipe pastoral, respons\u00e1vel pelo cuidado do Santu\u00e1rio da Sa\u00fade e da Paz. A Eucaristia foi transmitida, ao vivo, pelo Canal Padre Eust\u00e1quio (REVEJA AQUI).\" \/>\n<meta property=\"og:url\" content=\"https:\/\/www.padreeustaquio.com.br\/en\/new-parish-rector-fr-edmar-oliveira-ss-cc-and-vicars-take-office-at-the-sanctuary-in-bh\/\" \/>\n<meta property=\"og:site_name\" content=\"Padre Eust\u00e1quio\" \/>\n<meta property=\"article:publisher\" content=\"https:\/\/www.facebook.com\/beatopadreeustaquio\/\" \/>\n<meta property=\"article:published_time\" content=\"2024-03-11T11:32:07+00:00\" \/>\n<meta property=\"article:modified_time\" content=\"2024-03-11T11:39:08+00:00\" \/>\n<meta property=\"og:image\" content=\"https:\/\/www.padreeustaquio.com.br\/wp-content\/uploads\/2024\/03\/inicio-ministerio-pastoral-pe-edmar.jpg\" \/>\n\t<meta property=\"og:image:width\" content=\"748\" \/>\n\t<meta property=\"og:image:height\" content=\"394\" \/>\n\t<meta property=\"og:image:type\" content=\"image\/jpeg\" \/>\n<meta name=\"author\" content=\"@sscc\" \/>\n<meta name=\"twitter:card\" content=\"summary_large_image\" \/>\n<meta name=\"twitter:creator\" content=\"@beatopeustaquio\" \/>\n<meta name=\"twitter:site\" content=\"@beatopeustaquio\" \/>\n<meta name=\"twitter:label1\" content=\"Written by\" \/>\n\t<meta name=\"twitter:data1\" content=\"@sscc\" \/>\n\t<meta name=\"twitter:label2\" content=\"Est. reading time\" \/>\n\t<meta name=\"twitter:data2\" content=\"2 minutes\" \/>\n<script type=\"application\/ld+json\" class=\"yoast-schema-graph\">{\"@context\":\"https:\/\/schema.org\",\"@graph\":[{\"@type\":\"Article\",\"@id\":\"https:\/\/www.padreeustaquio.com.br\/novo-paroco-reitor-pe-edmar-oliveira-ss-cc-e-vigarios-tomam-posse-no-santuario-em-bh\/#article\",\"isPartOf\":{\"@id\":\"https:\/\/www.padreeustaquio.com.br\/novo-paroco-reitor-pe-edmar-oliveira-ss-cc-e-vigarios-tomam-posse-no-santuario-em-bh\/\"},\"author\":{\"name\":\"@sscc\",\"@id\":\"https:\/\/www.padreeustaquio.com.br\/#\/schema\/person\/a2a51db1d00f1a7af0204a0f1ddb1566\"},\"headline\":\"Novo p\u00e1roco-reitor, Pe. Edmar Oliveira, ss.cc. e vig\u00e1rios tomam posse no Santu\u00e1rio em BH\",\"datePublished\":\"2024-03-11T11:32:07+00:00\",\"dateModified\":\"2024-03-11T11:39:08+00:00\",\"mainEntityOfPage\":{\"@id\":\"https:\/\/www.padreeustaquio.com.br\/novo-paroco-reitor-pe-edmar-oliveira-ss-cc-e-vigarios-tomam-posse-no-santuario-em-bh\/\"},\"wordCount\":221,\"commentCount\":0,\"publisher\":{\"@id\":\"https:\/\/www.padreeustaquio.com.br\/#organization\"},\"image\":{\"@id\":\"https:\/\/www.padreeustaquio.com.br\/novo-paroco-reitor-pe-edmar-oliveira-ss-cc-e-vigarios-tomam-posse-no-santuario-em-bh\/#primaryimage\"},\"thumbnailUrl\":\"https:\/\/www.padreeustaquio.com.br\/wp-content\/uploads\/2024\/03\/inicio-ministerio-pastoral-pe-edmar.jpg\",\"articleSection\":[\"Not\u00edcias\"],\"inLanguage\":\"en-US\",\"potentialAction\":[{\"@type\":\"CommentAction\",\"name\":\"Comment\",\"target\":[\"https:\/\/www.padreeustaquio.com.br\/novo-paroco-reitor-pe-edmar-oliveira-ss-cc-e-vigarios-tomam-posse-no-santuario-em-bh\/#respond\"]}]},{\"@type\":\"WebPage\",\"@id\":\"https:\/\/www.padreeustaquio.com.br\/novo-paroco-reitor-pe-edmar-oliveira-ss-cc-e-vigarios-tomam-posse-no-santuario-em-bh\/\",\"url\":\"https:\/\/www.padreeustaquio.com.br\/novo-paroco-reitor-pe-edmar-oliveira-ss-cc-e-vigarios-tomam-posse-no-santuario-em-bh\/\",\"name\":\"Novo p\u00e1roco-reitor, Pe. Edmar Oliveira, ss.cc. e vig\u00e1rios tomam posse no Santu\u00e1rio em BH\",\"isPartOf\":{\"@id\":\"https:\/\/www.padreeustaquio.com.br\/#website\"},\"primaryImageOfPage\":{\"@id\":\"https:\/\/www.padreeustaquio.com.br\/novo-paroco-reitor-pe-edmar-oliveira-ss-cc-e-vigarios-tomam-posse-no-santuario-em-bh\/#primaryimage\"},\"image\":{\"@id\":\"https:\/\/www.padreeustaquio.com.br\/novo-paroco-reitor-pe-edmar-oliveira-ss-cc-e-vigarios-tomam-posse-no-santuario-em-bh\/#primaryimage\"},\"thumbnailUrl\":\"https:\/\/www.padreeustaquio.com.br\/wp-content\/uploads\/2024\/03\/inicio-ministerio-pastoral-pe-edmar.jpg\",\"datePublished\":\"2024-03-11T11:32:07+00:00\",\"dateModified\":\"2024-03-11T11:39:08+00:00\",\"description\":\"Foi realizada no \u00faltimo s\u00e1bado, a Santa Missa de posse da nova equipe pastoral, respons\u00e1vel pelo cuidado do Santu\u00e1rio da Sa\u00fade e da Paz. A Eucaristia foi transmitida, ao vivo, pelo Canal Padre Eust\u00e1quio (REVEJA AQUI).\",\"breadcrumb\":{\"@id\":\"https:\/\/www.padreeustaquio.com.br\/novo-paroco-reitor-pe-edmar-oliveira-ss-cc-e-vigarios-tomam-posse-no-santuario-em-bh\/#breadcrumb\"},\"inLanguage\":\"en-US\",\"potentialAction\":[{\"@type\":\"ReadAction\",\"target\":[\"https:\/\/www.padreeustaquio.com.br\/novo-paroco-reitor-pe-edmar-oliveira-ss-cc-e-vigarios-tomam-posse-no-santuario-em-bh\/\"]}]},{\"@type\":\"ImageObject\",\"inLanguage\":\"en-US\",\"@id\":\"https:\/\/www.padreeustaquio.com.br\/novo-paroco-reitor-pe-edmar-oliveira-ss-cc-e-vigarios-tomam-posse-no-santuario-em-bh\/#primaryimage\",\"url\":\"https:\/\/www.padreeustaquio.com.br\/wp-content\/uploads\/2024\/03\/inicio-ministerio-pastoral-pe-edmar.jpg\",\"contentUrl\":\"https:\/\/www.padreeustaquio.com.br\/wp-content\/uploads\/2024\/03\/inicio-ministerio-pastoral-pe-edmar.jpg\",\"width\":748,\"height\":394},{\"@type\":\"BreadcrumbList\",\"@id\":\"https:\/\/www.padreeustaquio.com.br\/novo-paroco-reitor-pe-edmar-oliveira-ss-cc-e-vigarios-tomam-posse-no-santuario-em-bh\/#breadcrumb\",\"itemListElement\":[{\"@type\":\"ListItem\",\"position\":1,\"name\":\"In\u00edcio\",\"item\":\"https:\/\/www.padreeustaquio.com.br\/\"},{\"@type\":\"ListItem\",\"position\":2,\"name\":\"Novo p\u00e1roco-reitor, Pe. Edmar Oliveira, ss.cc. e vig\u00e1rios tomam posse no Santu\u00e1rio em BH\"}]},{\"@type\":\"WebSite\",\"@id\":\"https:\/\/www.padreeustaquio.com.br\/#website\",\"url\":\"https:\/\/www.padreeustaquio.com.br\/\",\"name\":\"Padre Eust\u00e1quio\",\"description\":\"Sa\u00fade e Paz\",\"publisher\":{\"@id\":\"https:\/\/www.padreeustaquio.com.br\/#organization\"},\"potentialAction\":[{\"@type\":\"SearchAction\",\"target\":{\"@type\":\"EntryPoint\",\"urlTemplate\":\"https:\/\/www.padreeustaquio.com.br\/?s={search_term_string}\"},\"query-input\":{\"@type\":\"PropertyValueSpecification\",\"valueRequired\":true,\"valueName\":\"search_term_string\"}}],\"inLanguage\":\"en-US\"},{\"@type\":\"Organization\",\"@id\":\"https:\/\/www.padreeustaquio.com.br\/#organization\",\"name\":\"Padre Eust\u00e1quio\",\"url\":\"https:\/\/www.padreeustaquio.com.br\/\",\"logo\":{\"@type\":\"ImageObject\",\"inLanguage\":\"en-US\",\"@id\":\"https:\/\/www.padreeustaquio.com.br\/#\/schema\/logo\/image\/\",\"url\":\"https:\/\/www.padreeustaquio.com.br\/wp-content\/uploads\/2019\/08\/marca.png\",\"contentUrl\":\"https:\/\/www.padreeustaquio.com.br\/wp-content\/uploads\/2019\/08\/marca.png\",\"width\":350,\"height\":400,\"caption\":\"Padre Eust\u00e1quio\"},\"image\":{\"@id\":\"https:\/\/www.padreeustaquio.com.br\/#\/schema\/logo\/image\/\"},\"sameAs\":[\"https:\/\/www.facebook.com\/beatopadreeustaquio\/\",\"https:\/\/x.com\/beatopeustaquio\",\"https:\/\/www.instagram.com\/beatopadreeustaquio\/\",\"https:\/\/www.youtube.com\/channel\/UCRhw7vfabnajwLxb1ZXMeIw\"]},{\"@type\":\"Person\",\"@id\":\"https:\/\/www.padreeustaquio.com.br\/#\/schema\/person\/a2a51db1d00f1a7af0204a0f1ddb1566\",\"name\":\"@sscc\",\"image\":{\"@type\":\"ImageObject\",\"inLanguage\":\"en-US\",\"@id\":\"https:\/\/secure.gravatar.com\/avatar\/68cfafa5f44617fea54071e215026e0ff06be366c3d54a8425f04fdcb86f8c5f?s=96&d=mm&r=g\",\"url\":\"https:\/\/secure.gravatar.com\/avatar\/68cfafa5f44617fea54071e215026e0ff06be366c3d54a8425f04fdcb86f8c5f?s=96&d=mm&r=g\",\"contentUrl\":\"https:\/\/secure.gravatar.com\/avatar\/68cfafa5f44617fea54071e215026e0ff06be366c3d54a8425f04fdcb86f8c5f?s=96&d=mm&r=g\",\"caption\":\"@sscc\"},\"url\":\"https:\/\/www.padreeustaquio.com.br\/en\/author\/sscc\/\"}]}<\/script>\n<!-- \/ Yoast SEO plugin. -->","yoast_head_json":{"title":"New parish priest-rector, Fr. Edmar Oliveira, ss.cc., and vicars take office at the Sanctuary in Belo Horizonte.","description":"Last Saturday, the Holy Mass for the installation of the new pastoral team responsible for the care of the Sanctuary of Health and Peace was held. The Eucharist was broadcast live on the Padre Eust\u00e1quio Channel (WATCH HERE).","robots":{"index":"index","follow":"follow","max-snippet":"max-snippet:-1","max-image-preview":"max-image-preview:large","max-video-preview":"max-video-preview:-1"},"canonical":"https:\/\/www.padreeustaquio.com.br\/en\/new-parish-rector-fr-edmar-oliveira-ss-cc-and-vicars-take-office-at-the-sanctuary-in-bh\/","og_locale":"en_US","og_type":"article","og_title":"Novo p\u00e1roco-reitor, Pe. Edmar Oliveira, ss.cc. e vig\u00e1rios tomam posse no Santu\u00e1rio em BH","og_description":"Foi realizada no \u00faltimo s\u00e1bado, a Santa Missa de posse da nova equipe pastoral, respons\u00e1vel pelo cuidado do Santu\u00e1rio da Sa\u00fade e da Paz. A Eucaristia foi transmitida, ao vivo, pelo Canal Padre Eust\u00e1quio (REVEJA AQUI).","og_url":"https:\/\/www.padreeustaquio.com.br\/en\/new-parish-rector-fr-edmar-oliveira-ss-cc-and-vicars-take-office-at-the-sanctuary-in-bh\/","og_site_name":"Padre Eust\u00e1quio","article_publisher":"https:\/\/www.facebook.com\/beatopadreeustaquio\/","article_published_time":"2024-03-11T11:32:07+00:00","article_modified_time":"2024-03-11T11:39:08+00:00","og_image":[{"width":748,"height":394,"url":"https:\/\/www.padreeustaquio.com.br\/wp-content\/uploads\/2024\/03\/inicio-ministerio-pastoral-pe-edmar.jpg","type":"image\/jpeg"}],"author":"@sscc","twitter_card":"summary_large_image","twitter_creator":"@beatopeustaquio","twitter_site":"@beatopeustaquio","twitter_misc":{"Written by":"@sscc","Est. reading time":"2 minutes"},"schema":{"@context":"https:\/\/schema.org","@graph":[{"@type":"Article","@id":"https:\/\/www.padreeustaquio.com.br\/novo-paroco-reitor-pe-edmar-oliveira-ss-cc-e-vigarios-tomam-posse-no-santuario-em-bh\/#article","isPartOf":{"@id":"https:\/\/www.padreeustaquio.com.br\/novo-paroco-reitor-pe-edmar-oliveira-ss-cc-e-vigarios-tomam-posse-no-santuario-em-bh\/"},"author":{"name":"@sscc","@id":"https:\/\/www.padreeustaquio.com.br\/#\/schema\/person\/a2a51db1d00f1a7af0204a0f1ddb1566"},"headline":"Novo p\u00e1roco-reitor, Pe. Edmar Oliveira, ss.cc. e vig\u00e1rios tomam posse no Santu\u00e1rio em BH","datePublished":"2024-03-11T11:32:07+00:00","dateModified":"2024-03-11T11:39:08+00:00","mainEntityOfPage":{"@id":"https:\/\/www.padreeustaquio.com.br\/novo-paroco-reitor-pe-edmar-oliveira-ss-cc-e-vigarios-tomam-posse-no-santuario-em-bh\/"},"wordCount":221,"commentCount":0,"publisher":{"@id":"https:\/\/www.padreeustaquio.com.br\/#organization"},"image":{"@id":"https:\/\/www.padreeustaquio.com.br\/novo-paroco-reitor-pe-edmar-oliveira-ss-cc-e-vigarios-tomam-posse-no-santuario-em-bh\/#primaryimage"},"thumbnailUrl":"https:\/\/www.padreeustaquio.com.br\/wp-content\/uploads\/2024\/03\/inicio-ministerio-pastoral-pe-edmar.jpg","articleSection":["Not\u00edcias"],"inLanguage":"en-US","potentialAction":[{"@type":"CommentAction","name":"Comment","target":["https:\/\/www.padreeustaquio.com.br\/novo-paroco-reitor-pe-edmar-oliveira-ss-cc-e-vigarios-tomam-posse-no-santuario-em-bh\/#respond"]}]},{"@type":"WebPage","@id":"https:\/\/www.padreeustaquio.com.br\/novo-paroco-reitor-pe-edmar-oliveira-ss-cc-e-vigarios-tomam-posse-no-santuario-em-bh\/","url":"https:\/\/www.padreeustaquio.com.br\/novo-paroco-reitor-pe-edmar-oliveira-ss-cc-e-vigarios-tomam-posse-no-santuario-em-bh\/","name":"New parish priest-rector, Fr. Edmar Oliveira, ss.cc., and vicars take office at the Sanctuary in Belo Horizonte.","isPartOf":{"@id":"https:\/\/www.padreeustaquio.com.br\/#website"},"primaryImageOfPage":{"@id":"https:\/\/www.padreeustaquio.com.br\/novo-paroco-reitor-pe-edmar-oliveira-ss-cc-e-vigarios-tomam-posse-no-santuario-em-bh\/#primaryimage"},"image":{"@id":"https:\/\/www.padreeustaquio.com.br\/novo-paroco-reitor-pe-edmar-oliveira-ss-cc-e-vigarios-tomam-posse-no-santuario-em-bh\/#primaryimage"},"thumbnailUrl":"https:\/\/www.padreeustaquio.com.br\/wp-content\/uploads\/2024\/03\/inicio-ministerio-pastoral-pe-edmar.jpg","datePublished":"2024-03-11T11:32:07+00:00","dateModified":"2024-03-11T11:39:08+00:00","description":"Last Saturday, the Holy Mass for the installation of the new pastoral team responsible for the care of the Sanctuary of Health and Peace was held. The Eucharist was broadcast live on the Padre Eust\u00e1quio Channel (WATCH HERE).","breadcrumb":{"@id":"https:\/\/www.padreeustaquio.com.br\/novo-paroco-reitor-pe-edmar-oliveira-ss-cc-e-vigarios-tomam-posse-no-santuario-em-bh\/#breadcrumb"},"inLanguage":"en-US","potentialAction":[{"@type":"ReadAction","target":["https:\/\/www.padreeustaquio.com.br\/novo-paroco-reitor-pe-edmar-oliveira-ss-cc-e-vigarios-tomam-posse-no-santuario-em-bh\/"]}]},{"@type":"ImageObject","inLanguage":"en-US","@id":"https:\/\/www.padreeustaquio.com.br\/novo-paroco-reitor-pe-edmar-oliveira-ss-cc-e-vigarios-tomam-posse-no-santuario-em-bh\/#primaryimage","url":"https:\/\/www.padreeustaquio.com.br\/wp-content\/uploads\/2024\/03\/inicio-ministerio-pastoral-pe-edmar.jpg","contentUrl":"https:\/\/www.padreeustaquio.com.br\/wp-content\/uploads\/2024\/03\/inicio-ministerio-pastoral-pe-edmar.jpg","width":748,"height":394},{"@type":"BreadcrumbList","@id":"https:\/\/www.padreeustaquio.com.br\/novo-paroco-reitor-pe-edmar-oliveira-ss-cc-e-vigarios-tomam-posse-no-santuario-em-bh\/#breadcrumb","itemListElement":[{"@type":"ListItem","position":1,"name":"In\u00edcio","item":"https:\/\/www.padreeustaquio.com.br\/"},{"@type":"ListItem","position":2,"name":"Novo p\u00e1roco-reitor, Pe. Edmar Oliveira, ss.cc. e vig\u00e1rios tomam posse no Santu\u00e1rio em BH"}]},{"@type":"WebSite","@id":"https:\/\/www.padreeustaquio.com.br\/#website","url":"https:\/\/www.padreeustaquio.com.br\/","name":"FATHER EUST\u00c1QUIO","description":"Health and Peace","publisher":{"@id":"https:\/\/www.padreeustaquio.com.br\/#organization"},"potentialAction":[{"@type":"SearchAction","target":{"@type":"EntryPoint","urlTemplate":"https:\/\/www.padreeustaquio.com.br\/?s={search_term_string}"},"query-input":{"@type":"PropertyValueSpecification","valueRequired":true,"valueName":"search_term_string"}}],"inLanguage":"en-US"},{"@type":"Organization","@id":"https:\/\/www.padreeustaquio.com.br\/#organization","name":"FATHER EUST\u00c1QUIO","url":"https:\/\/www.padreeustaquio.com.br\/","logo":{"@type":"ImageObject","inLanguage":"en-US","@id":"https:\/\/www.padreeustaquio.com.br\/#\/schema\/logo\/image\/","url":"https:\/\/www.padreeustaquio.com.br\/wp-content\/uploads\/2019\/08\/marca.png","contentUrl":"https:\/\/www.padreeustaquio.com.br\/wp-content\/uploads\/2019\/08\/marca.png","width":350,"height":400,"caption":"Padre Eust\u00e1quio"},"image":{"@id":"https:\/\/www.padreeustaquio.com.br\/#\/schema\/logo\/image\/"},"sameAs":["https:\/\/www.facebook.com\/beatopadreeustaquio\/","https:\/\/x.com\/beatopeustaquio","https:\/\/www.instagram.com\/beatopadreeustaquio\/","https:\/\/www.youtube.com\/channel\/UCRhw7vfabnajwLxb1ZXMeIw"]},{"@type":"Person","@id":"https:\/\/www.padreeustaquio.com.br\/#\/schema\/person\/a2a51db1d00f1a7af0204a0f1ddb1566","name":"@sscc","image":{"@type":"ImageObject","inLanguage":"en-US","@id":"https:\/\/secure.gravatar.com\/avatar\/68cfafa5f44617fea54071e215026e0ff06be366c3d54a8425f04fdcb86f8c5f?s=96&d=mm&r=g","url":"https:\/\/secure.gravatar.com\/avatar\/68cfafa5f44617fea54071e215026e0ff06be366c3d54a8425f04fdcb86f8c5f?s=96&d=mm&r=g","contentUrl":"https:\/\/secure.gravatar.com\/avatar\/68cfafa5f44617fea54071e215026e0ff06be366c3d54a8425f04fdcb86f8c5f?s=96&d=mm&r=g","caption":"@sscc"},"url":"https:\/\/www.padreeustaquio.com.br\/en\/author\/sscc\/"}]}},"_links":{"self":[{"href":"https:\/\/www.padreeustaquio.com.br\/en\/wp-json\/wp\/v2\/posts\/11128","targetHints":{"allow":["GET"]}}],"collection":[{"href":"https:\/\/www.padreeustaquio.com.br\/en\/wp-json\/wp\/v2\/posts"}],"about":[{"href":"https:\/\/www.padreeustaquio.com.br\/en\/wp-json\/wp\/v2\/types\/post"}],"author":[{"embeddable":true,"href":"https:\/\/www.padreeustaquio.com.br\/en\/wp-json\/wp\/v2\/users\/2"}],"replies":[{"embeddable":true,"href":"https:\/\/www.padreeustaquio.com.br\/en\/wp-json\/wp\/v2\/comments?post=11128"}],"version-history":[{"count":0,"href":"https:\/\/www.padreeustaquio.com.br\/en\/wp-json\/wp\/v2\/posts\/11128\/revisions"}],"wp:featuredmedia":[{"embeddable":true,"href":"https:\/\/www.padreeustaquio.com.br\/en\/wp-json\/wp\/v2\/media\/11129"}],"wp:attachment":[{"href":"https:\/\/www.padreeustaquio.com.br\/en\/wp-json\/wp\/v2\/media?parent=11128"}],"wp:term":[{"taxonomy":"category","embeddable":true,"href":"https:\/\/www.padreeustaquio.com.br\/en\/wp-json\/wp\/v2\/categories?post=11128"},{"taxonomy":"post_tag","embeddable":true,"href":"https:\/\/www.padreeustaquio.com.br\/en\/wp-json\/wp\/v2\/tags?post=11128"}],"curies":[{"name":"wp","href":"https:\/\/api.w.org\/{rel}","templated":true}]}}