{"id":11123,"date":"2024-03-06T06:51:17","date_gmt":"2024-03-06T09:51:17","guid":{"rendered":"https:\/\/www.padreeustaquio.com.br\/?p=11123"},"modified":"2024-03-04T10:04:04","modified_gmt":"2024-03-04T13:04:04","slug":"devotees-of-patrocinio-pray-for-the-canonization-of-blessed-father-eustaquio","status":"publish","type":"post","link":"https:\/\/www.padreeustaquio.com.br\/en\/devotees-of-patrocinio-pray-for-the-canonization-of-blessed-father-eustaquio\/","title":{"rendered":"Devotees of Patroc\u00ednio pray for the canonization of Blessed Father Eust\u00e1quio."},"content":{"rendered":"<p>Every month, the Beato Eust\u00e1quio community in Patroc\u00ednio, in the Alto Parana\u00edba region of Minas Gerais, gathers to celebrate Holy Mass, praying to God for the canonization of Blessed Father Eust\u00e1quio. This time, the celebration took place at the home of Dona Luci Pereira.<\/p>\n<p>The community gathering took place on Thursday, February 29th. Before Holy Mass, the devotees were welcomed by Mrs. Luci and, together, they recited the Rosary, also praying for the canonization of the Blessed. Immediately afterwards, Father Geraldo Ab\u00edlio Ribeiro, ss.cc., presided over the Eucharistic Celebration.<\/p>\n<p>On social media, devotees expressed their feelings. In one post, Marilene Ferreira wrote: <em>\u201c&quot;It was a celebration with blessings of health and peace! Come and join us at the Padre Eust\u00e1quio community. Health and peace!&quot;\u201d<\/em> In another comment, the season of Lent was mentioned: <em>\u201c&quot;A time of conversion, a very touching shared celebration. May Father Eust\u00e1quio bless us on this journey in community.&quot;\u201d<\/em> said the internet user.<\/p>\n<p>The next Mass at the Blessed Eustace Community is scheduled for March 20th at Almir and Neide&#039;s house, and everyone is invited to participate and pray for the canonization of Blessed Father Eustace.<\/p>","protected":false},"excerpt":{"rendered":"<p>Todos os meses, a comunidade Beato Eust\u00e1quio, em Patroc\u00ednio, no Alto Parana\u00edba Mineiro, se re\u00fane para celebrar a Santa Missa pedindo a Deus pela canoniza\u00e7\u00e3o do Bem-Aventurado Padre Eust\u00e1quio. Desta vez, a celebra\u00e7\u00e3o foi na casa da Dona Luci Pereira. O encontro da comunidade foi realizado na quinta-feira, dia 29 de fevereiro. Antes da Santa Missa, os devotos foram recebidos pela dona Luci e, juntos, fizeram a medita\u00e7\u00e3o do Ter\u00e7o, tamb\u00e9m pedindo pela canoniza\u00e7\u00e3o do beato. Logo em seguida, o padre Geraldo Ab\u00edlio Ribeiro, ss.cc. presidiu a Celebra\u00e7\u00e3o Eucar\u00edstica. Nas redes sociais, os devotos se manifestaram. Em uma publica\u00e7\u00e3o, Marilene [&hellip;]<\/p>\n","protected":false},"author":2,"featured_media":11124,"comment_status":"open","ping_status":"closed","sticky":false,"template":"","format":"standard","meta":{"_acf_changed":false,"footnotes":""},"categories":[611],"tags":[],"class_list":["post-11123","post","type-post","status-publish","format-standard","has-post-thumbnail","hentry","category-noticias"],"acf":[],"yoast_head":"<!-- This site is optimized with the Yoast SEO plugin v27.2 - https:\/\/yoast.com\/product\/yoast-seo-wordpress\/ -->\n<title>Devotos de Patroc\u00ednio rezam pela canoniza\u00e7\u00e3o do Beato Padre Eust\u00e1quio<\/title>\n<meta name=\"description\" content=\"Todos os meses, a comunidade Beato Eust\u00e1quio, em Patroc\u00ednio, no Alto Parana\u00edba Mineiro, se re\u00fane para celebrar a Santa Missa pedindo a Deus pela canoniza\u00e7\u00e3o do Bem-Aventurado Padre Eust\u00e1quio. Desta vez, a celebra\u00e7\u00e3o foi na casa da Dona Luci Pereira.\" \/>\n<meta name=\"robots\" content=\"index, follow, max-snippet:-1, max-image-preview:large, max-video-preview:-1\" \/>\n<link rel=\"canonical\" href=\"https:\/\/www.padreeustaquio.com.br\/en\/devotees-of-patrocinio-pray-for-the-canonization-of-blessed-father-eustaquio\/\" \/>\n<meta property=\"og:locale\" content=\"en_US\" \/>\n<meta property=\"og:type\" content=\"article\" \/>\n<meta property=\"og:title\" content=\"Devotos de Patroc\u00ednio rezam pela canoniza\u00e7\u00e3o do Beato Padre Eust\u00e1quio\" \/>\n<meta property=\"og:description\" content=\"Todos os meses, a comunidade Beato Eust\u00e1quio, em Patroc\u00ednio, no Alto Parana\u00edba Mineiro, se re\u00fane para celebrar a Santa Missa pedindo a Deus pela canoniza\u00e7\u00e3o do Bem-Aventurado Padre Eust\u00e1quio. Desta vez, a celebra\u00e7\u00e3o foi na casa da Dona Luci Pereira.\" \/>\n<meta property=\"og:url\" content=\"https:\/\/www.padreeustaquio.com.br\/en\/devotees-of-patrocinio-pray-for-the-canonization-of-blessed-father-eustaquio\/\" \/>\n<meta property=\"og:site_name\" content=\"Padre Eust\u00e1quio\" \/>\n<meta property=\"article:publisher\" content=\"https:\/\/www.facebook.com\/beatopadreeustaquio\/\" \/>\n<meta property=\"article:published_time\" content=\"2024-03-06T09:51:17+00:00\" \/>\n<meta property=\"og:image\" content=\"https:\/\/www.padreeustaquio.com.br\/wp-content\/uploads\/2024\/03\/missa-comunidade-padre-eustaquio-patrocinio-mg.jpg\" \/>\n\t<meta property=\"og:image:width\" content=\"1080\" \/>\n\t<meta property=\"og:image:height\" content=\"566\" \/>\n\t<meta property=\"og:image:type\" content=\"image\/jpeg\" \/>\n<meta name=\"author\" content=\"@sscc\" \/>\n<meta name=\"twitter:card\" content=\"summary_large_image\" \/>\n<meta name=\"twitter:creator\" content=\"@beatopeustaquio\" \/>\n<meta name=\"twitter:site\" content=\"@beatopeustaquio\" \/>\n<meta name=\"twitter:label1\" content=\"Written by\" \/>\n\t<meta name=\"twitter:data1\" content=\"@sscc\" \/>\n\t<meta name=\"twitter:label2\" content=\"Est. reading time\" \/>\n\t<meta name=\"twitter:data2\" content=\"2 minutes\" \/>\n<script type=\"application\/ld+json\" class=\"yoast-schema-graph\">{\"@context\":\"https:\/\/schema.org\",\"@graph\":[{\"@type\":\"Article\",\"@id\":\"https:\/\/www.padreeustaquio.com.br\/devotos-de-patrocinio-rezam-pela-canonizacao-do-beato-padre-eustaquio\/#article\",\"isPartOf\":{\"@id\":\"https:\/\/www.padreeustaquio.com.br\/devotos-de-patrocinio-rezam-pela-canonizacao-do-beato-padre-eustaquio\/\"},\"author\":{\"name\":\"@sscc\",\"@id\":\"https:\/\/www.padreeustaquio.com.br\/#\/schema\/person\/a2a51db1d00f1a7af0204a0f1ddb1566\"},\"headline\":\"Devotos de Patroc\u00ednio rezam pela canoniza\u00e7\u00e3o do Beato Padre Eust\u00e1quio\",\"datePublished\":\"2024-03-06T09:51:17+00:00\",\"mainEntityOfPage\":{\"@id\":\"https:\/\/www.padreeustaquio.com.br\/devotos-de-patrocinio-rezam-pela-canonizacao-do-beato-padre-eustaquio\/\"},\"wordCount\":228,\"commentCount\":0,\"publisher\":{\"@id\":\"https:\/\/www.padreeustaquio.com.br\/#organization\"},\"image\":{\"@id\":\"https:\/\/www.padreeustaquio.com.br\/devotos-de-patrocinio-rezam-pela-canonizacao-do-beato-padre-eustaquio\/#primaryimage\"},\"thumbnailUrl\":\"https:\/\/www.padreeustaquio.com.br\/wp-content\/uploads\/2024\/03\/missa-comunidade-padre-eustaquio-patrocinio-mg.jpg\",\"articleSection\":[\"Not\u00edcias\"],\"inLanguage\":\"en-US\",\"potentialAction\":[{\"@type\":\"CommentAction\",\"name\":\"Comment\",\"target\":[\"https:\/\/www.padreeustaquio.com.br\/devotos-de-patrocinio-rezam-pela-canonizacao-do-beato-padre-eustaquio\/#respond\"]}]},{\"@type\":\"WebPage\",\"@id\":\"https:\/\/www.padreeustaquio.com.br\/devotos-de-patrocinio-rezam-pela-canonizacao-do-beato-padre-eustaquio\/\",\"url\":\"https:\/\/www.padreeustaquio.com.br\/devotos-de-patrocinio-rezam-pela-canonizacao-do-beato-padre-eustaquio\/\",\"name\":\"Devotos de Patroc\u00ednio rezam pela canoniza\u00e7\u00e3o do Beato Padre Eust\u00e1quio\",\"isPartOf\":{\"@id\":\"https:\/\/www.padreeustaquio.com.br\/#website\"},\"primaryImageOfPage\":{\"@id\":\"https:\/\/www.padreeustaquio.com.br\/devotos-de-patrocinio-rezam-pela-canonizacao-do-beato-padre-eustaquio\/#primaryimage\"},\"image\":{\"@id\":\"https:\/\/www.padreeustaquio.com.br\/devotos-de-patrocinio-rezam-pela-canonizacao-do-beato-padre-eustaquio\/#primaryimage\"},\"thumbnailUrl\":\"https:\/\/www.padreeustaquio.com.br\/wp-content\/uploads\/2024\/03\/missa-comunidade-padre-eustaquio-patrocinio-mg.jpg\",\"datePublished\":\"2024-03-06T09:51:17+00:00\",\"description\":\"Todos os meses, a comunidade Beato Eust\u00e1quio, em Patroc\u00ednio, no Alto Parana\u00edba Mineiro, se re\u00fane para celebrar a Santa Missa pedindo a Deus pela canoniza\u00e7\u00e3o do Bem-Aventurado Padre Eust\u00e1quio. Desta vez, a celebra\u00e7\u00e3o foi na casa da Dona Luci Pereira.\",\"breadcrumb\":{\"@id\":\"https:\/\/www.padreeustaquio.com.br\/devotos-de-patrocinio-rezam-pela-canonizacao-do-beato-padre-eustaquio\/#breadcrumb\"},\"inLanguage\":\"en-US\",\"potentialAction\":[{\"@type\":\"ReadAction\",\"target\":[\"https:\/\/www.padreeustaquio.com.br\/devotos-de-patrocinio-rezam-pela-canonizacao-do-beato-padre-eustaquio\/\"]}]},{\"@type\":\"ImageObject\",\"inLanguage\":\"en-US\",\"@id\":\"https:\/\/www.padreeustaquio.com.br\/devotos-de-patrocinio-rezam-pela-canonizacao-do-beato-padre-eustaquio\/#primaryimage\",\"url\":\"https:\/\/www.padreeustaquio.com.br\/wp-content\/uploads\/2024\/03\/missa-comunidade-padre-eustaquio-patrocinio-mg.jpg\",\"contentUrl\":\"https:\/\/www.padreeustaquio.com.br\/wp-content\/uploads\/2024\/03\/missa-comunidade-padre-eustaquio-patrocinio-mg.jpg\",\"width\":1080,\"height\":566},{\"@type\":\"BreadcrumbList\",\"@id\":\"https:\/\/www.padreeustaquio.com.br\/devotos-de-patrocinio-rezam-pela-canonizacao-do-beato-padre-eustaquio\/#breadcrumb\",\"itemListElement\":[{\"@type\":\"ListItem\",\"position\":1,\"name\":\"In\u00edcio\",\"item\":\"https:\/\/www.padreeustaquio.com.br\/\"},{\"@type\":\"ListItem\",\"position\":2,\"name\":\"Devotos de Patroc\u00ednio rezam pela canoniza\u00e7\u00e3o do Beato Padre Eust\u00e1quio\"}]},{\"@type\":\"WebSite\",\"@id\":\"https:\/\/www.padreeustaquio.com.br\/#website\",\"url\":\"https:\/\/www.padreeustaquio.com.br\/\",\"name\":\"Padre Eust\u00e1quio\",\"description\":\"Sa\u00fade e Paz\",\"publisher\":{\"@id\":\"https:\/\/www.padreeustaquio.com.br\/#organization\"},\"potentialAction\":[{\"@type\":\"SearchAction\",\"target\":{\"@type\":\"EntryPoint\",\"urlTemplate\":\"https:\/\/www.padreeustaquio.com.br\/?s={search_term_string}\"},\"query-input\":{\"@type\":\"PropertyValueSpecification\",\"valueRequired\":true,\"valueName\":\"search_term_string\"}}],\"inLanguage\":\"en-US\"},{\"@type\":\"Organization\",\"@id\":\"https:\/\/www.padreeustaquio.com.br\/#organization\",\"name\":\"Padre Eust\u00e1quio\",\"url\":\"https:\/\/www.padreeustaquio.com.br\/\",\"logo\":{\"@type\":\"ImageObject\",\"inLanguage\":\"en-US\",\"@id\":\"https:\/\/www.padreeustaquio.com.br\/#\/schema\/logo\/image\/\",\"url\":\"https:\/\/www.padreeustaquio.com.br\/wp-content\/uploads\/2019\/08\/marca.png\",\"contentUrl\":\"https:\/\/www.padreeustaquio.com.br\/wp-content\/uploads\/2019\/08\/marca.png\",\"width\":350,\"height\":400,\"caption\":\"Padre Eust\u00e1quio\"},\"image\":{\"@id\":\"https:\/\/www.padreeustaquio.com.br\/#\/schema\/logo\/image\/\"},\"sameAs\":[\"https:\/\/www.facebook.com\/beatopadreeustaquio\/\",\"https:\/\/x.com\/beatopeustaquio\",\"https:\/\/www.instagram.com\/beatopadreeustaquio\/\",\"https:\/\/www.youtube.com\/channel\/UCRhw7vfabnajwLxb1ZXMeIw\"]},{\"@type\":\"Person\",\"@id\":\"https:\/\/www.padreeustaquio.com.br\/#\/schema\/person\/a2a51db1d00f1a7af0204a0f1ddb1566\",\"name\":\"@sscc\",\"image\":{\"@type\":\"ImageObject\",\"inLanguage\":\"en-US\",\"@id\":\"https:\/\/secure.gravatar.com\/avatar\/68cfafa5f44617fea54071e215026e0ff06be366c3d54a8425f04fdcb86f8c5f?s=96&d=mm&r=g\",\"url\":\"https:\/\/secure.gravatar.com\/avatar\/68cfafa5f44617fea54071e215026e0ff06be366c3d54a8425f04fdcb86f8c5f?s=96&d=mm&r=g\",\"contentUrl\":\"https:\/\/secure.gravatar.com\/avatar\/68cfafa5f44617fea54071e215026e0ff06be366c3d54a8425f04fdcb86f8c5f?s=96&d=mm&r=g\",\"caption\":\"@sscc\"},\"url\":\"https:\/\/www.padreeustaquio.com.br\/en\/author\/sscc\/\"}]}<\/script>\n<!-- \/ Yoast SEO plugin. -->","yoast_head_json":{"title":"Devotees of Patroc\u00ednio pray for the canonization of Blessed Father Eust\u00e1quio.","description":"Every month, the Beato Eust\u00e1quio community in Patroc\u00ednio, in the Alto Parana\u00edba region of Minas Gerais, gathers to celebrate Holy Mass, praying to God for the canonization of Blessed Father Eust\u00e1quio. This time, the celebration took place at the home of Dona Luci Pereira.","robots":{"index":"index","follow":"follow","max-snippet":"max-snippet:-1","max-image-preview":"max-image-preview:large","max-video-preview":"max-video-preview:-1"},"canonical":"https:\/\/www.padreeustaquio.com.br\/en\/devotees-of-patrocinio-pray-for-the-canonization-of-blessed-father-eustaquio\/","og_locale":"en_US","og_type":"article","og_title":"Devotos de Patroc\u00ednio rezam pela canoniza\u00e7\u00e3o do Beato Padre Eust\u00e1quio","og_description":"Todos os meses, a comunidade Beato Eust\u00e1quio, em Patroc\u00ednio, no Alto Parana\u00edba Mineiro, se re\u00fane para celebrar a Santa Missa pedindo a Deus pela canoniza\u00e7\u00e3o do Bem-Aventurado Padre Eust\u00e1quio. Desta vez, a celebra\u00e7\u00e3o foi na casa da Dona Luci Pereira.","og_url":"https:\/\/www.padreeustaquio.com.br\/en\/devotees-of-patrocinio-pray-for-the-canonization-of-blessed-father-eustaquio\/","og_site_name":"Padre Eust\u00e1quio","article_publisher":"https:\/\/www.facebook.com\/beatopadreeustaquio\/","article_published_time":"2024-03-06T09:51:17+00:00","og_image":[{"width":1080,"height":566,"url":"https:\/\/www.padreeustaquio.com.br\/wp-content\/uploads\/2024\/03\/missa-comunidade-padre-eustaquio-patrocinio-mg.jpg","type":"image\/jpeg"}],"author":"@sscc","twitter_card":"summary_large_image","twitter_creator":"@beatopeustaquio","twitter_site":"@beatopeustaquio","twitter_misc":{"Written by":"@sscc","Est. reading time":"2 minutes"},"schema":{"@context":"https:\/\/schema.org","@graph":[{"@type":"Article","@id":"https:\/\/www.padreeustaquio.com.br\/devotos-de-patrocinio-rezam-pela-canonizacao-do-beato-padre-eustaquio\/#article","isPartOf":{"@id":"https:\/\/www.padreeustaquio.com.br\/devotos-de-patrocinio-rezam-pela-canonizacao-do-beato-padre-eustaquio\/"},"author":{"name":"@sscc","@id":"https:\/\/www.padreeustaquio.com.br\/#\/schema\/person\/a2a51db1d00f1a7af0204a0f1ddb1566"},"headline":"Devotos de Patroc\u00ednio rezam pela canoniza\u00e7\u00e3o do Beato Padre Eust\u00e1quio","datePublished":"2024-03-06T09:51:17+00:00","mainEntityOfPage":{"@id":"https:\/\/www.padreeustaquio.com.br\/devotos-de-patrocinio-rezam-pela-canonizacao-do-beato-padre-eustaquio\/"},"wordCount":228,"commentCount":0,"publisher":{"@id":"https:\/\/www.padreeustaquio.com.br\/#organization"},"image":{"@id":"https:\/\/www.padreeustaquio.com.br\/devotos-de-patrocinio-rezam-pela-canonizacao-do-beato-padre-eustaquio\/#primaryimage"},"thumbnailUrl":"https:\/\/www.padreeustaquio.com.br\/wp-content\/uploads\/2024\/03\/missa-comunidade-padre-eustaquio-patrocinio-mg.jpg","articleSection":["Not\u00edcias"],"inLanguage":"en-US","potentialAction":[{"@type":"CommentAction","name":"Comment","target":["https:\/\/www.padreeustaquio.com.br\/devotos-de-patrocinio-rezam-pela-canonizacao-do-beato-padre-eustaquio\/#respond"]}]},{"@type":"WebPage","@id":"https:\/\/www.padreeustaquio.com.br\/devotos-de-patrocinio-rezam-pela-canonizacao-do-beato-padre-eustaquio\/","url":"https:\/\/www.padreeustaquio.com.br\/devotos-de-patrocinio-rezam-pela-canonizacao-do-beato-padre-eustaquio\/","name":"Devotees of Patroc\u00ednio pray for the canonization of Blessed Father Eust\u00e1quio.","isPartOf":{"@id":"https:\/\/www.padreeustaquio.com.br\/#website"},"primaryImageOfPage":{"@id":"https:\/\/www.padreeustaquio.com.br\/devotos-de-patrocinio-rezam-pela-canonizacao-do-beato-padre-eustaquio\/#primaryimage"},"image":{"@id":"https:\/\/www.padreeustaquio.com.br\/devotos-de-patrocinio-rezam-pela-canonizacao-do-beato-padre-eustaquio\/#primaryimage"},"thumbnailUrl":"https:\/\/www.padreeustaquio.com.br\/wp-content\/uploads\/2024\/03\/missa-comunidade-padre-eustaquio-patrocinio-mg.jpg","datePublished":"2024-03-06T09:51:17+00:00","description":"Every month, the Beato Eust\u00e1quio community in Patroc\u00ednio, in the Alto Parana\u00edba region of Minas Gerais, gathers to celebrate Holy Mass, praying to God for the canonization of Blessed Father Eust\u00e1quio. This time, the celebration took place at the home of Dona Luci Pereira.","breadcrumb":{"@id":"https:\/\/www.padreeustaquio.com.br\/devotos-de-patrocinio-rezam-pela-canonizacao-do-beato-padre-eustaquio\/#breadcrumb"},"inLanguage":"en-US","potentialAction":[{"@type":"ReadAction","target":["https:\/\/www.padreeustaquio.com.br\/devotos-de-patrocinio-rezam-pela-canonizacao-do-beato-padre-eustaquio\/"]}]},{"@type":"ImageObject","inLanguage":"en-US","@id":"https:\/\/www.padreeustaquio.com.br\/devotos-de-patrocinio-rezam-pela-canonizacao-do-beato-padre-eustaquio\/#primaryimage","url":"https:\/\/www.padreeustaquio.com.br\/wp-content\/uploads\/2024\/03\/missa-comunidade-padre-eustaquio-patrocinio-mg.jpg","contentUrl":"https:\/\/www.padreeustaquio.com.br\/wp-content\/uploads\/2024\/03\/missa-comunidade-padre-eustaquio-patrocinio-mg.jpg","width":1080,"height":566},{"@type":"BreadcrumbList","@id":"https:\/\/www.padreeustaquio.com.br\/devotos-de-patrocinio-rezam-pela-canonizacao-do-beato-padre-eustaquio\/#breadcrumb","itemListElement":[{"@type":"ListItem","position":1,"name":"In\u00edcio","item":"https:\/\/www.padreeustaquio.com.br\/"},{"@type":"ListItem","position":2,"name":"Devotos de Patroc\u00ednio rezam pela canoniza\u00e7\u00e3o do Beato Padre Eust\u00e1quio"}]},{"@type":"WebSite","@id":"https:\/\/www.padreeustaquio.com.br\/#website","url":"https:\/\/www.padreeustaquio.com.br\/","name":"FATHER EUST\u00c1QUIO","description":"Health and Peace","publisher":{"@id":"https:\/\/www.padreeustaquio.com.br\/#organization"},"potentialAction":[{"@type":"SearchAction","target":{"@type":"EntryPoint","urlTemplate":"https:\/\/www.padreeustaquio.com.br\/?s={search_term_string}"},"query-input":{"@type":"PropertyValueSpecification","valueRequired":true,"valueName":"search_term_string"}}],"inLanguage":"en-US"},{"@type":"Organization","@id":"https:\/\/www.padreeustaquio.com.br\/#organization","name":"FATHER EUST\u00c1QUIO","url":"https:\/\/www.padreeustaquio.com.br\/","logo":{"@type":"ImageObject","inLanguage":"en-US","@id":"https:\/\/www.padreeustaquio.com.br\/#\/schema\/logo\/image\/","url":"https:\/\/www.padreeustaquio.com.br\/wp-content\/uploads\/2019\/08\/marca.png","contentUrl":"https:\/\/www.padreeustaquio.com.br\/wp-content\/uploads\/2019\/08\/marca.png","width":350,"height":400,"caption":"Padre Eust\u00e1quio"},"image":{"@id":"https:\/\/www.padreeustaquio.com.br\/#\/schema\/logo\/image\/"},"sameAs":["https:\/\/www.facebook.com\/beatopadreeustaquio\/","https:\/\/x.com\/beatopeustaquio","https:\/\/www.instagram.com\/beatopadreeustaquio\/","https:\/\/www.youtube.com\/channel\/UCRhw7vfabnajwLxb1ZXMeIw"]},{"@type":"Person","@id":"https:\/\/www.padreeustaquio.com.br\/#\/schema\/person\/a2a51db1d00f1a7af0204a0f1ddb1566","name":"@sscc","image":{"@type":"ImageObject","inLanguage":"en-US","@id":"https:\/\/secure.gravatar.com\/avatar\/68cfafa5f44617fea54071e215026e0ff06be366c3d54a8425f04fdcb86f8c5f?s=96&d=mm&r=g","url":"https:\/\/secure.gravatar.com\/avatar\/68cfafa5f44617fea54071e215026e0ff06be366c3d54a8425f04fdcb86f8c5f?s=96&d=mm&r=g","contentUrl":"https:\/\/secure.gravatar.com\/avatar\/68cfafa5f44617fea54071e215026e0ff06be366c3d54a8425f04fdcb86f8c5f?s=96&d=mm&r=g","caption":"@sscc"},"url":"https:\/\/www.padreeustaquio.com.br\/en\/author\/sscc\/"}]}},"_links":{"self":[{"href":"https:\/\/www.padreeustaquio.com.br\/en\/wp-json\/wp\/v2\/posts\/11123","targetHints":{"allow":["GET"]}}],"collection":[{"href":"https:\/\/www.padreeustaquio.com.br\/en\/wp-json\/wp\/v2\/posts"}],"about":[{"href":"https:\/\/www.padreeustaquio.com.br\/en\/wp-json\/wp\/v2\/types\/post"}],"author":[{"embeddable":true,"href":"https:\/\/www.padreeustaquio.com.br\/en\/wp-json\/wp\/v2\/users\/2"}],"replies":[{"embeddable":true,"href":"https:\/\/www.padreeustaquio.com.br\/en\/wp-json\/wp\/v2\/comments?post=11123"}],"version-history":[{"count":0,"href":"https:\/\/www.padreeustaquio.com.br\/en\/wp-json\/wp\/v2\/posts\/11123\/revisions"}],"wp:featuredmedia":[{"embeddable":true,"href":"https:\/\/www.padreeustaquio.com.br\/en\/wp-json\/wp\/v2\/media\/11124"}],"wp:attachment":[{"href":"https:\/\/www.padreeustaquio.com.br\/en\/wp-json\/wp\/v2\/media?parent=11123"}],"wp:term":[{"taxonomy":"category","embeddable":true,"href":"https:\/\/www.padreeustaquio.com.br\/en\/wp-json\/wp\/v2\/categories?post=11123"},{"taxonomy":"post_tag","embeddable":true,"href":"https:\/\/www.padreeustaquio.com.br\/en\/wp-json\/wp\/v2\/tags?post=11123"}],"curies":[{"name":"wp","href":"https:\/\/api.w.org\/{rel}","templated":true}]}}