{"id":11119,"date":"2024-03-04T09:22:20","date_gmt":"2024-03-04T12:22:20","guid":{"rendered":"https:\/\/www.padreeustaquio.com.br\/?p=11119"},"modified":"2024-03-04T09:22:20","modified_gmt":"2024-03-04T12:22:20","slug":"mass-of-thanksgiving-concludes-the-mission-of-father-vinicius-and-father-silvano-at-the-sanctuary-in-belo-horizonte","status":"publish","type":"post","link":"https:\/\/www.padreeustaquio.com.br\/en\/mass-of-thanksgiving-concludes-the-mission-of-father-vinicius-and-father-silvano-at-the-sanctuary-in-belo-horizonte\/","title":{"rendered":"Thanksgiving Mass concludes the mission of Fr. Vinicius and Fr. Silvano at the Sanctuary in Belo Horizonte."},"content":{"rendered":"<p>The Holy Mass was held this Saturday, March 2nd, at the Sanctuary of Health and Peace in Belo Horizonte. The celebration was marked by tributes and much gratitude.<\/p>\n<p>Father Vinicius, who in recent years served as parish priest and rector of the Sanctuary, will now exclusively serve as vice-postulator of the Cause of Canonization of Blessed Father Eust\u00e1quio.<\/p>\n<p>Father Silvano has been transferred to the Church of the Sacred Hearts in Tijuca, Rio de Janeiro.<\/p>\n<p>The celebration was a moment of integration with the community, which lovingly honored the two priests who, along with Father Alexandre Campos Leite, ss.cc, cared for the parish and its parishioners in recent years. Watch the Holy Mass again., <a href=\"https:\/\/www.youtube.com\/watch?v=o5qFT6qlc34\">Click here.<\/a><\/p>\n<p>Father Alexandre, who was also present at the Holy Mass, will continue his mission at the Sanctuary, along with Fathers Osv\u00e2nio Mariano and Edmar de Oliveira, the church&#039;s new parish priest.<\/p>","protected":false},"excerpt":{"rendered":"<p>A Santa Missa foi realizada nesse s\u00e1bado, dia 02 de mar\u00e7o, no Santu\u00e1rio da Sa\u00fade e da Paz, em Belo Horizonte. A celebra\u00e7\u00e3o foi marcada por homenagens e muita gratid\u00e3o. Padre Vinicius, que nos \u00faltimos anos atuava como p\u00e1roco e reitor do Santu\u00e1rio, passa a ficar exclusivamente na fun\u00e7\u00e3o de vice-postulador da Causa de Canoniza\u00e7\u00e3o do Beato Padre Eust\u00e1quio. J\u00e1 o padre Silvano foi transferido para a Igreja dos Sagrados Cora\u00e7\u00f5es da Tijuca, no Rio de Janeiro. A celebra\u00e7\u00e3o foi um momento de integra\u00e7\u00e3o com a comunidade, que homenageou carinhosamente os dois padres que, junto com o padre Alexandre Campos [&hellip;]<\/p>\n","protected":false},"author":2,"featured_media":11120,"comment_status":"open","ping_status":"closed","sticky":false,"template":"","format":"standard","meta":{"_acf_changed":false,"footnotes":""},"categories":[611],"tags":[],"class_list":["post-11119","post","type-post","status-publish","format-standard","has-post-thumbnail","hentry","category-noticias"],"acf":[],"yoast_head":"<!-- This site is optimized with the Yoast SEO plugin v27.2 - https:\/\/yoast.com\/product\/yoast-seo-wordpress\/ -->\n<title>Missa em A\u00e7\u00e3o de Gra\u00e7as encerra miss\u00e3o de Pe. Vinicius e Pe. Silvano no Santu\u00e1rio em BH<\/title>\n<meta name=\"description\" content=\"A Santa Missa foi realizada nesse s\u00e1bado, dia 02 de mar\u00e7o, no Santu\u00e1rio da Sa\u00fade e da Paz, em Belo Horizonte. A celebra\u00e7\u00e3o foi marcada por homenagens e muita gratid\u00e3o.\" \/>\n<meta name=\"robots\" content=\"index, follow, max-snippet:-1, max-image-preview:large, max-video-preview:-1\" \/>\n<link rel=\"canonical\" href=\"https:\/\/www.padreeustaquio.com.br\/en\/mass-of-thanksgiving-concludes-the-mission-of-father-vinicius-and-father-silvano-at-the-sanctuary-in-belo-horizonte\/\" \/>\n<meta property=\"og:locale\" content=\"en_US\" \/>\n<meta property=\"og:type\" content=\"article\" \/>\n<meta property=\"og:title\" content=\"Missa em A\u00e7\u00e3o de Gra\u00e7as encerra miss\u00e3o de Pe. Vinicius e Pe. Silvano no Santu\u00e1rio em BH\" \/>\n<meta property=\"og:description\" content=\"A Santa Missa foi realizada nesse s\u00e1bado, dia 02 de mar\u00e7o, no Santu\u00e1rio da Sa\u00fade e da Paz, em Belo Horizonte. A celebra\u00e7\u00e3o foi marcada por homenagens e muita gratid\u00e3o.\" \/>\n<meta property=\"og:url\" content=\"https:\/\/www.padreeustaquio.com.br\/en\/mass-of-thanksgiving-concludes-the-mission-of-father-vinicius-and-father-silvano-at-the-sanctuary-in-belo-horizonte\/\" \/>\n<meta property=\"og:site_name\" content=\"Padre Eust\u00e1quio\" \/>\n<meta property=\"article:publisher\" content=\"https:\/\/www.facebook.com\/beatopadreeustaquio\/\" \/>\n<meta property=\"article:published_time\" content=\"2024-03-04T12:22:20+00:00\" \/>\n<meta property=\"og:image\" content=\"https:\/\/www.padreeustaquio.com.br\/wp-content\/uploads\/2024\/03\/acao-de-gracas-encerramento-da-missao-vinicius-e-silvano-e1709554847539.jpeg\" \/>\n\t<meta property=\"og:image:width\" content=\"1600\" \/>\n\t<meta property=\"og:image:height\" content=\"922\" \/>\n\t<meta property=\"og:image:type\" content=\"image\/jpeg\" \/>\n<meta name=\"author\" content=\"@sscc\" \/>\n<meta name=\"twitter:card\" content=\"summary_large_image\" \/>\n<meta name=\"twitter:creator\" content=\"@beatopeustaquio\" \/>\n<meta name=\"twitter:site\" content=\"@beatopeustaquio\" \/>\n<meta name=\"twitter:label1\" content=\"Written by\" \/>\n\t<meta name=\"twitter:data1\" content=\"@sscc\" \/>\n\t<meta name=\"twitter:label2\" content=\"Est. reading time\" \/>\n\t<meta name=\"twitter:data2\" content=\"2 minutes\" \/>\n<script type=\"application\/ld+json\" class=\"yoast-schema-graph\">{\"@context\":\"https:\/\/schema.org\",\"@graph\":[{\"@type\":\"Article\",\"@id\":\"https:\/\/www.padreeustaquio.com.br\/missa-em-acao-de-gracas-encerra-missao-de-pe-vinicius-e-pe-silvano-no-santuario-em-bh\/#article\",\"isPartOf\":{\"@id\":\"https:\/\/www.padreeustaquio.com.br\/missa-em-acao-de-gracas-encerra-missao-de-pe-vinicius-e-pe-silvano-no-santuario-em-bh\/\"},\"author\":{\"name\":\"@sscc\",\"@id\":\"https:\/\/www.padreeustaquio.com.br\/#\/schema\/person\/a2a51db1d00f1a7af0204a0f1ddb1566\"},\"headline\":\"Missa em A\u00e7\u00e3o de Gra\u00e7as encerra miss\u00e3o de Pe. Vinicius e Pe. Silvano no Santu\u00e1rio em BH\",\"datePublished\":\"2024-03-04T12:22:20+00:00\",\"mainEntityOfPage\":{\"@id\":\"https:\/\/www.padreeustaquio.com.br\/missa-em-acao-de-gracas-encerra-missao-de-pe-vinicius-e-pe-silvano-no-santuario-em-bh\/\"},\"wordCount\":186,\"commentCount\":0,\"publisher\":{\"@id\":\"https:\/\/www.padreeustaquio.com.br\/#organization\"},\"image\":{\"@id\":\"https:\/\/www.padreeustaquio.com.br\/missa-em-acao-de-gracas-encerra-missao-de-pe-vinicius-e-pe-silvano-no-santuario-em-bh\/#primaryimage\"},\"thumbnailUrl\":\"https:\/\/www.padreeustaquio.com.br\/wp-content\/uploads\/2024\/03\/acao-de-gracas-encerramento-da-missao-vinicius-e-silvano-e1709554847539.jpeg\",\"articleSection\":[\"Not\u00edcias\"],\"inLanguage\":\"en-US\",\"potentialAction\":[{\"@type\":\"CommentAction\",\"name\":\"Comment\",\"target\":[\"https:\/\/www.padreeustaquio.com.br\/missa-em-acao-de-gracas-encerra-missao-de-pe-vinicius-e-pe-silvano-no-santuario-em-bh\/#respond\"]}]},{\"@type\":\"WebPage\",\"@id\":\"https:\/\/www.padreeustaquio.com.br\/missa-em-acao-de-gracas-encerra-missao-de-pe-vinicius-e-pe-silvano-no-santuario-em-bh\/\",\"url\":\"https:\/\/www.padreeustaquio.com.br\/missa-em-acao-de-gracas-encerra-missao-de-pe-vinicius-e-pe-silvano-no-santuario-em-bh\/\",\"name\":\"Missa em A\u00e7\u00e3o de Gra\u00e7as encerra miss\u00e3o de Pe. Vinicius e Pe. Silvano no Santu\u00e1rio em BH\",\"isPartOf\":{\"@id\":\"https:\/\/www.padreeustaquio.com.br\/#website\"},\"primaryImageOfPage\":{\"@id\":\"https:\/\/www.padreeustaquio.com.br\/missa-em-acao-de-gracas-encerra-missao-de-pe-vinicius-e-pe-silvano-no-santuario-em-bh\/#primaryimage\"},\"image\":{\"@id\":\"https:\/\/www.padreeustaquio.com.br\/missa-em-acao-de-gracas-encerra-missao-de-pe-vinicius-e-pe-silvano-no-santuario-em-bh\/#primaryimage\"},\"thumbnailUrl\":\"https:\/\/www.padreeustaquio.com.br\/wp-content\/uploads\/2024\/03\/acao-de-gracas-encerramento-da-missao-vinicius-e-silvano-e1709554847539.jpeg\",\"datePublished\":\"2024-03-04T12:22:20+00:00\",\"description\":\"A Santa Missa foi realizada nesse s\u00e1bado, dia 02 de mar\u00e7o, no Santu\u00e1rio da Sa\u00fade e da Paz, em Belo Horizonte. A celebra\u00e7\u00e3o foi marcada por homenagens e muita gratid\u00e3o.\",\"breadcrumb\":{\"@id\":\"https:\/\/www.padreeustaquio.com.br\/missa-em-acao-de-gracas-encerra-missao-de-pe-vinicius-e-pe-silvano-no-santuario-em-bh\/#breadcrumb\"},\"inLanguage\":\"en-US\",\"potentialAction\":[{\"@type\":\"ReadAction\",\"target\":[\"https:\/\/www.padreeustaquio.com.br\/missa-em-acao-de-gracas-encerra-missao-de-pe-vinicius-e-pe-silvano-no-santuario-em-bh\/\"]}]},{\"@type\":\"ImageObject\",\"inLanguage\":\"en-US\",\"@id\":\"https:\/\/www.padreeustaquio.com.br\/missa-em-acao-de-gracas-encerra-missao-de-pe-vinicius-e-pe-silvano-no-santuario-em-bh\/#primaryimage\",\"url\":\"https:\/\/www.padreeustaquio.com.br\/wp-content\/uploads\/2024\/03\/acao-de-gracas-encerramento-da-missao-vinicius-e-silvano-e1709554847539.jpeg\",\"contentUrl\":\"https:\/\/www.padreeustaquio.com.br\/wp-content\/uploads\/2024\/03\/acao-de-gracas-encerramento-da-missao-vinicius-e-silvano-e1709554847539.jpeg\",\"width\":1600,\"height\":922},{\"@type\":\"BreadcrumbList\",\"@id\":\"https:\/\/www.padreeustaquio.com.br\/missa-em-acao-de-gracas-encerra-missao-de-pe-vinicius-e-pe-silvano-no-santuario-em-bh\/#breadcrumb\",\"itemListElement\":[{\"@type\":\"ListItem\",\"position\":1,\"name\":\"In\u00edcio\",\"item\":\"https:\/\/www.padreeustaquio.com.br\/\"},{\"@type\":\"ListItem\",\"position\":2,\"name\":\"Missa em A\u00e7\u00e3o de Gra\u00e7as encerra miss\u00e3o de Pe. Vinicius e Pe. Silvano no Santu\u00e1rio em BH\"}]},{\"@type\":\"WebSite\",\"@id\":\"https:\/\/www.padreeustaquio.com.br\/#website\",\"url\":\"https:\/\/www.padreeustaquio.com.br\/\",\"name\":\"Padre Eust\u00e1quio\",\"description\":\"Sa\u00fade e Paz\",\"publisher\":{\"@id\":\"https:\/\/www.padreeustaquio.com.br\/#organization\"},\"potentialAction\":[{\"@type\":\"SearchAction\",\"target\":{\"@type\":\"EntryPoint\",\"urlTemplate\":\"https:\/\/www.padreeustaquio.com.br\/?s={search_term_string}\"},\"query-input\":{\"@type\":\"PropertyValueSpecification\",\"valueRequired\":true,\"valueName\":\"search_term_string\"}}],\"inLanguage\":\"en-US\"},{\"@type\":\"Organization\",\"@id\":\"https:\/\/www.padreeustaquio.com.br\/#organization\",\"name\":\"Padre Eust\u00e1quio\",\"url\":\"https:\/\/www.padreeustaquio.com.br\/\",\"logo\":{\"@type\":\"ImageObject\",\"inLanguage\":\"en-US\",\"@id\":\"https:\/\/www.padreeustaquio.com.br\/#\/schema\/logo\/image\/\",\"url\":\"https:\/\/www.padreeustaquio.com.br\/wp-content\/uploads\/2019\/08\/marca.png\",\"contentUrl\":\"https:\/\/www.padreeustaquio.com.br\/wp-content\/uploads\/2019\/08\/marca.png\",\"width\":350,\"height\":400,\"caption\":\"Padre Eust\u00e1quio\"},\"image\":{\"@id\":\"https:\/\/www.padreeustaquio.com.br\/#\/schema\/logo\/image\/\"},\"sameAs\":[\"https:\/\/www.facebook.com\/beatopadreeustaquio\/\",\"https:\/\/x.com\/beatopeustaquio\",\"https:\/\/www.instagram.com\/beatopadreeustaquio\/\",\"https:\/\/www.youtube.com\/channel\/UCRhw7vfabnajwLxb1ZXMeIw\"]},{\"@type\":\"Person\",\"@id\":\"https:\/\/www.padreeustaquio.com.br\/#\/schema\/person\/a2a51db1d00f1a7af0204a0f1ddb1566\",\"name\":\"@sscc\",\"image\":{\"@type\":\"ImageObject\",\"inLanguage\":\"en-US\",\"@id\":\"https:\/\/secure.gravatar.com\/avatar\/68cfafa5f44617fea54071e215026e0ff06be366c3d54a8425f04fdcb86f8c5f?s=96&d=mm&r=g\",\"url\":\"https:\/\/secure.gravatar.com\/avatar\/68cfafa5f44617fea54071e215026e0ff06be366c3d54a8425f04fdcb86f8c5f?s=96&d=mm&r=g\",\"contentUrl\":\"https:\/\/secure.gravatar.com\/avatar\/68cfafa5f44617fea54071e215026e0ff06be366c3d54a8425f04fdcb86f8c5f?s=96&d=mm&r=g\",\"caption\":\"@sscc\"},\"url\":\"https:\/\/www.padreeustaquio.com.br\/en\/author\/sscc\/\"}]}<\/script>\n<!-- \/ Yoast SEO plugin. -->","yoast_head_json":{"title":"Thanksgiving Mass concludes the mission of Fr. Vinicius and Fr. Silvano at the Sanctuary in Belo Horizonte.","description":"The Holy Mass was held this Saturday, March 2nd, at the Sanctuary of Health and Peace in Belo Horizonte. The celebration was marked by tributes and much gratitude.","robots":{"index":"index","follow":"follow","max-snippet":"max-snippet:-1","max-image-preview":"max-image-preview:large","max-video-preview":"max-video-preview:-1"},"canonical":"https:\/\/www.padreeustaquio.com.br\/en\/mass-of-thanksgiving-concludes-the-mission-of-father-vinicius-and-father-silvano-at-the-sanctuary-in-belo-horizonte\/","og_locale":"en_US","og_type":"article","og_title":"Missa em A\u00e7\u00e3o de Gra\u00e7as encerra miss\u00e3o de Pe. Vinicius e Pe. Silvano no Santu\u00e1rio em BH","og_description":"A Santa Missa foi realizada nesse s\u00e1bado, dia 02 de mar\u00e7o, no Santu\u00e1rio da Sa\u00fade e da Paz, em Belo Horizonte. A celebra\u00e7\u00e3o foi marcada por homenagens e muita gratid\u00e3o.","og_url":"https:\/\/www.padreeustaquio.com.br\/en\/mass-of-thanksgiving-concludes-the-mission-of-father-vinicius-and-father-silvano-at-the-sanctuary-in-belo-horizonte\/","og_site_name":"Padre Eust\u00e1quio","article_publisher":"https:\/\/www.facebook.com\/beatopadreeustaquio\/","article_published_time":"2024-03-04T12:22:20+00:00","og_image":[{"width":1600,"height":922,"url":"https:\/\/www.padreeustaquio.com.br\/wp-content\/uploads\/2024\/03\/acao-de-gracas-encerramento-da-missao-vinicius-e-silvano-e1709554847539.jpeg","type":"image\/jpeg"}],"author":"@sscc","twitter_card":"summary_large_image","twitter_creator":"@beatopeustaquio","twitter_site":"@beatopeustaquio","twitter_misc":{"Written by":"@sscc","Est. reading time":"2 minutes"},"schema":{"@context":"https:\/\/schema.org","@graph":[{"@type":"Article","@id":"https:\/\/www.padreeustaquio.com.br\/missa-em-acao-de-gracas-encerra-missao-de-pe-vinicius-e-pe-silvano-no-santuario-em-bh\/#article","isPartOf":{"@id":"https:\/\/www.padreeustaquio.com.br\/missa-em-acao-de-gracas-encerra-missao-de-pe-vinicius-e-pe-silvano-no-santuario-em-bh\/"},"author":{"name":"@sscc","@id":"https:\/\/www.padreeustaquio.com.br\/#\/schema\/person\/a2a51db1d00f1a7af0204a0f1ddb1566"},"headline":"Missa em A\u00e7\u00e3o de Gra\u00e7as encerra miss\u00e3o de Pe. Vinicius e Pe. Silvano no Santu\u00e1rio em BH","datePublished":"2024-03-04T12:22:20+00:00","mainEntityOfPage":{"@id":"https:\/\/www.padreeustaquio.com.br\/missa-em-acao-de-gracas-encerra-missao-de-pe-vinicius-e-pe-silvano-no-santuario-em-bh\/"},"wordCount":186,"commentCount":0,"publisher":{"@id":"https:\/\/www.padreeustaquio.com.br\/#organization"},"image":{"@id":"https:\/\/www.padreeustaquio.com.br\/missa-em-acao-de-gracas-encerra-missao-de-pe-vinicius-e-pe-silvano-no-santuario-em-bh\/#primaryimage"},"thumbnailUrl":"https:\/\/www.padreeustaquio.com.br\/wp-content\/uploads\/2024\/03\/acao-de-gracas-encerramento-da-missao-vinicius-e-silvano-e1709554847539.jpeg","articleSection":["Not\u00edcias"],"inLanguage":"en-US","potentialAction":[{"@type":"CommentAction","name":"Comment","target":["https:\/\/www.padreeustaquio.com.br\/missa-em-acao-de-gracas-encerra-missao-de-pe-vinicius-e-pe-silvano-no-santuario-em-bh\/#respond"]}]},{"@type":"WebPage","@id":"https:\/\/www.padreeustaquio.com.br\/missa-em-acao-de-gracas-encerra-missao-de-pe-vinicius-e-pe-silvano-no-santuario-em-bh\/","url":"https:\/\/www.padreeustaquio.com.br\/missa-em-acao-de-gracas-encerra-missao-de-pe-vinicius-e-pe-silvano-no-santuario-em-bh\/","name":"Thanksgiving Mass concludes the mission of Fr. Vinicius and Fr. Silvano at the Sanctuary in Belo Horizonte.","isPartOf":{"@id":"https:\/\/www.padreeustaquio.com.br\/#website"},"primaryImageOfPage":{"@id":"https:\/\/www.padreeustaquio.com.br\/missa-em-acao-de-gracas-encerra-missao-de-pe-vinicius-e-pe-silvano-no-santuario-em-bh\/#primaryimage"},"image":{"@id":"https:\/\/www.padreeustaquio.com.br\/missa-em-acao-de-gracas-encerra-missao-de-pe-vinicius-e-pe-silvano-no-santuario-em-bh\/#primaryimage"},"thumbnailUrl":"https:\/\/www.padreeustaquio.com.br\/wp-content\/uploads\/2024\/03\/acao-de-gracas-encerramento-da-missao-vinicius-e-silvano-e1709554847539.jpeg","datePublished":"2024-03-04T12:22:20+00:00","description":"The Holy Mass was held this Saturday, March 2nd, at the Sanctuary of Health and Peace in Belo Horizonte. The celebration was marked by tributes and much gratitude.","breadcrumb":{"@id":"https:\/\/www.padreeustaquio.com.br\/missa-em-acao-de-gracas-encerra-missao-de-pe-vinicius-e-pe-silvano-no-santuario-em-bh\/#breadcrumb"},"inLanguage":"en-US","potentialAction":[{"@type":"ReadAction","target":["https:\/\/www.padreeustaquio.com.br\/missa-em-acao-de-gracas-encerra-missao-de-pe-vinicius-e-pe-silvano-no-santuario-em-bh\/"]}]},{"@type":"ImageObject","inLanguage":"en-US","@id":"https:\/\/www.padreeustaquio.com.br\/missa-em-acao-de-gracas-encerra-missao-de-pe-vinicius-e-pe-silvano-no-santuario-em-bh\/#primaryimage","url":"https:\/\/www.padreeustaquio.com.br\/wp-content\/uploads\/2024\/03\/acao-de-gracas-encerramento-da-missao-vinicius-e-silvano-e1709554847539.jpeg","contentUrl":"https:\/\/www.padreeustaquio.com.br\/wp-content\/uploads\/2024\/03\/acao-de-gracas-encerramento-da-missao-vinicius-e-silvano-e1709554847539.jpeg","width":1600,"height":922},{"@type":"BreadcrumbList","@id":"https:\/\/www.padreeustaquio.com.br\/missa-em-acao-de-gracas-encerra-missao-de-pe-vinicius-e-pe-silvano-no-santuario-em-bh\/#breadcrumb","itemListElement":[{"@type":"ListItem","position":1,"name":"In\u00edcio","item":"https:\/\/www.padreeustaquio.com.br\/"},{"@type":"ListItem","position":2,"name":"Missa em A\u00e7\u00e3o de Gra\u00e7as encerra miss\u00e3o de Pe. Vinicius e Pe. Silvano no Santu\u00e1rio em BH"}]},{"@type":"WebSite","@id":"https:\/\/www.padreeustaquio.com.br\/#website","url":"https:\/\/www.padreeustaquio.com.br\/","name":"FATHER EUST\u00c1QUIO","description":"Health and Peace","publisher":{"@id":"https:\/\/www.padreeustaquio.com.br\/#organization"},"potentialAction":[{"@type":"SearchAction","target":{"@type":"EntryPoint","urlTemplate":"https:\/\/www.padreeustaquio.com.br\/?s={search_term_string}"},"query-input":{"@type":"PropertyValueSpecification","valueRequired":true,"valueName":"search_term_string"}}],"inLanguage":"en-US"},{"@type":"Organization","@id":"https:\/\/www.padreeustaquio.com.br\/#organization","name":"FATHER EUST\u00c1QUIO","url":"https:\/\/www.padreeustaquio.com.br\/","logo":{"@type":"ImageObject","inLanguage":"en-US","@id":"https:\/\/www.padreeustaquio.com.br\/#\/schema\/logo\/image\/","url":"https:\/\/www.padreeustaquio.com.br\/wp-content\/uploads\/2019\/08\/marca.png","contentUrl":"https:\/\/www.padreeustaquio.com.br\/wp-content\/uploads\/2019\/08\/marca.png","width":350,"height":400,"caption":"Padre Eust\u00e1quio"},"image":{"@id":"https:\/\/www.padreeustaquio.com.br\/#\/schema\/logo\/image\/"},"sameAs":["https:\/\/www.facebook.com\/beatopadreeustaquio\/","https:\/\/x.com\/beatopeustaquio","https:\/\/www.instagram.com\/beatopadreeustaquio\/","https:\/\/www.youtube.com\/channel\/UCRhw7vfabnajwLxb1ZXMeIw"]},{"@type":"Person","@id":"https:\/\/www.padreeustaquio.com.br\/#\/schema\/person\/a2a51db1d00f1a7af0204a0f1ddb1566","name":"@sscc","image":{"@type":"ImageObject","inLanguage":"en-US","@id":"https:\/\/secure.gravatar.com\/avatar\/68cfafa5f44617fea54071e215026e0ff06be366c3d54a8425f04fdcb86f8c5f?s=96&d=mm&r=g","url":"https:\/\/secure.gravatar.com\/avatar\/68cfafa5f44617fea54071e215026e0ff06be366c3d54a8425f04fdcb86f8c5f?s=96&d=mm&r=g","contentUrl":"https:\/\/secure.gravatar.com\/avatar\/68cfafa5f44617fea54071e215026e0ff06be366c3d54a8425f04fdcb86f8c5f?s=96&d=mm&r=g","caption":"@sscc"},"url":"https:\/\/www.padreeustaquio.com.br\/en\/author\/sscc\/"}]}},"_links":{"self":[{"href":"https:\/\/www.padreeustaquio.com.br\/en\/wp-json\/wp\/v2\/posts\/11119","targetHints":{"allow":["GET"]}}],"collection":[{"href":"https:\/\/www.padreeustaquio.com.br\/en\/wp-json\/wp\/v2\/posts"}],"about":[{"href":"https:\/\/www.padreeustaquio.com.br\/en\/wp-json\/wp\/v2\/types\/post"}],"author":[{"embeddable":true,"href":"https:\/\/www.padreeustaquio.com.br\/en\/wp-json\/wp\/v2\/users\/2"}],"replies":[{"embeddable":true,"href":"https:\/\/www.padreeustaquio.com.br\/en\/wp-json\/wp\/v2\/comments?post=11119"}],"version-history":[{"count":0,"href":"https:\/\/www.padreeustaquio.com.br\/en\/wp-json\/wp\/v2\/posts\/11119\/revisions"}],"wp:featuredmedia":[{"embeddable":true,"href":"https:\/\/www.padreeustaquio.com.br\/en\/wp-json\/wp\/v2\/media\/11120"}],"wp:attachment":[{"href":"https:\/\/www.padreeustaquio.com.br\/en\/wp-json\/wp\/v2\/media?parent=11119"}],"wp:term":[{"taxonomy":"category","embeddable":true,"href":"https:\/\/www.padreeustaquio.com.br\/en\/wp-json\/wp\/v2\/categories?post=11119"},{"taxonomy":"post_tag","embeddable":true,"href":"https:\/\/www.padreeustaquio.com.br\/en\/wp-json\/wp\/v2\/tags?post=11119"}],"curies":[{"name":"wp","href":"https:\/\/api.w.org\/{rel}","templated":true}]}}