{"id":11115,"date":"2024-03-08T07:05:56","date_gmt":"2024-03-08T10:05:56","guid":{"rendered":"https:\/\/www.padreeustaquio.com.br\/?p=11115"},"modified":"2024-03-04T10:06:47","modified_gmt":"2024-03-04T13:06:47","slug":"the-poem-speaks-of-father-eustaquios-passage-through-patrocinio-mg","status":"publish","type":"post","link":"https:\/\/www.padreeustaquio.com.br\/en\/the-poem-speaks-of-father-eustaquios-passage-through-patrocinio-mg\/","title":{"rendered":"Poetry speaks of Father Eust\u00e1quio&#039;s passage through Patroc\u00ednio\/MG"},"content":{"rendered":"<p>Father Eust\u00e1quio left a legacy of love, faith, and devotion wherever he went. Whether in the cities where he served for long periods as a parish priest or vicar, or in the cities where he only spent a short time.<\/p>\n<p>One of these brief stays was in Patroc\u00ednio, in the Alto Parana\u00edba region of Minas Gerais. The Dutch priest arrived in the municipality in October 1941, but left the city in February 1942. Even in such a short period, the Blessed One left a great mark on his parishioners.<\/p>\n<p>These marks can be seen in the beautiful work of the poet Fl\u00e1vio Jos\u00e9 de Almeida, who wrote several poems inspired by Blessed Father Eustace. Below is one of these poems:<\/p>\n<p><strong><em>He went in through that door.<\/em><\/strong><\/p>\n<p><em>In a white cassock, tall and strong,<br \/>\n<\/em><em>accompanied by Vicar Willibrordo Meeder,<br \/>\n<\/em><em>Father Eust\u00e1quio entered through that door.<\/em><\/p>\n<p><em>It was nightfall on that Saturday,<br \/>\n<\/em><em>October 11, 1941.<\/em><\/p>\n<p><em>He was tired from the long journey.<br \/>\n<\/em><em>That day he arrived in Patroc\u00ednio.<\/em><\/p>\n<p><em>Inside the church, which was almost dark,<br \/>\n<\/em><em>conducive to the deepest silence of the soul,<br \/>\n<\/em><em>He knelt and prayed at the feet of Saint Joseph.,<br \/>\n<\/em><em>saint of his devotion and revered<br \/>\n<\/em><em>the image of the patron saint,<br \/>\n<\/em><em>supported on the main altar.<\/em><\/p>\n<p><em>The first visit was brief.<\/em><\/p>\n<p><em>Then they went to the Gymnasium.<br \/>\n<\/em><em>Dom Lustosa, where he would be staying,<br \/>\n<\/em><em>And a delicious soup awaited him.,<br \/>\n<\/em><em>made especially for him<br \/>\n<\/em><em>by master chef Father Caprasio,<br \/>\n<\/em><em>then in charge of the cafeteria<br \/>\n<\/em><em>from the school.<\/em><\/p>\n<p><em>Along with the other priests, his compatriots,<br \/>\n<\/em><em>was able to converse in Dutch,<br \/>\n<\/em><em>Everyone was happy to have dinner together.<\/em><\/p>\n<p><em>Eust\u00e1quio van Lieshout,<br \/>\n<\/em><em>still anonymous among the residents of Patroc\u00ednio,<br \/>\n<\/em><em>He wore a white habit,<br \/>\n<\/em><em>white cord around the waist,<br \/>\n<\/em><em>white scapular<br \/>\n<\/em><em>and on the chest the scarlet emblem<br \/>\n<\/em><em>of the Congregation of the Sacred Hearts<br \/>\n<\/em><em>of Jesus and Mary.<\/em><\/p>\n<p><em>Even though he was a chaplain<br \/>\n<\/em><em>in the church of Saint Lucy,<br \/>\n<\/em><em>He entered through that door several other times.,<br \/>\n<\/em><em>humbly, hungry for prayers<br \/>\n<\/em><em>in the solitude of his fervent spirit<br \/>\n<\/em><em>unwavering, inhabitant of the unfathomable<br \/>\n<\/em><em>God&#039;s silences.<\/em><\/p>\n<p><em>On February 12, 1942, he left for Ibi\u00e1.,<br \/>\n<\/em><em>and then to Belo Horizonte, where he arrived<br \/>\n<\/em><em>on April 7th of that same year,<br \/>\n<\/em><em>He stayed there for only sixteen months.,<br \/>\n<\/em><em>until the day of his death,<br \/>\n<\/em><em>on August 30, 1943.<\/em><\/p>\n<p><em>Patroc\u00ednio still feels his presence today.<\/em><\/p>","protected":false},"excerpt":{"rendered":"<p>Padre Eust\u00e1quio deixou um legado de amor, f\u00e9 e devo\u00e7\u00e3o por onde passou. Seja nas cidades onde atuou por longos per\u00edodos, como p\u00e1roco ou vig\u00e1rio, seja nas cidades onde teve apenas uma pequena passagem. Uma dessas pequenas passagens foi por Patroc\u00ednio, no Alto Parana\u00edba Mineiro. O padre holand\u00eas chegou ao munic\u00edpio em outubro de 1941, mas j\u00e1 em fevereiro de 1942 deixou a cidade. Mesmo em um per\u00edodo t\u00e3o curto, o Beato deixou grandes marcas nos paroquianos. Essas marcas podem ser vistas no lindo trabalho do poeta Fl\u00e1vio Jos\u00e9 de Almeida, que escreveu v\u00e1rias poesias inspiradas no Bem-aventurado Padre Eust\u00e1quio. [&hellip;]<\/p>\n","protected":false},"author":2,"featured_media":11116,"comment_status":"open","ping_status":"closed","sticky":false,"template":"","format":"standard","meta":{"_acf_changed":false,"footnotes":""},"categories":[611],"tags":[],"class_list":["post-11115","post","type-post","status-publish","format-standard","has-post-thumbnail","hentry","category-noticias"],"acf":[],"yoast_head":"<!-- This site is optimized with the Yoast SEO plugin v27.2 - https:\/\/yoast.com\/product\/yoast-seo-wordpress\/ -->\n<title>Poesia fala sobre passagem de Padre Eust\u00e1quio por Patroc\u00ednio\/MG<\/title>\n<meta name=\"description\" content=\"Padre Eust\u00e1quio chegou a Patroc\u00ednio-MG em outubro de 1941, mas j\u00e1 em fevereiro de 1942 deixou a cidade. Mesmo em um per\u00edodo t\u00e3o curto, o Beato deixou grandes marcas nos paroquianos. Essas marcas podem ser vistas no lindo trabalho do poeta Fl\u00e1vio Jos\u00e9 de Almeida, que escreveu v\u00e1rias poesias inspiradas no Bem-aventurado Padre Eust\u00e1quio.\" \/>\n<meta name=\"robots\" content=\"index, follow, max-snippet:-1, max-image-preview:large, max-video-preview:-1\" \/>\n<link rel=\"canonical\" href=\"https:\/\/www.padreeustaquio.com.br\/en\/the-poem-speaks-of-father-eustaquios-passage-through-patrocinio-mg\/\" \/>\n<meta property=\"og:locale\" content=\"en_US\" \/>\n<meta property=\"og:type\" content=\"article\" \/>\n<meta property=\"og:title\" content=\"Poesia fala sobre passagem de Padre Eust\u00e1quio por Patroc\u00ednio\/MG\" \/>\n<meta property=\"og:description\" content=\"Padre Eust\u00e1quio chegou a Patroc\u00ednio-MG em outubro de 1941, mas j\u00e1 em fevereiro de 1942 deixou a cidade. Mesmo em um per\u00edodo t\u00e3o curto, o Beato deixou grandes marcas nos paroquianos. Essas marcas podem ser vistas no lindo trabalho do poeta Fl\u00e1vio Jos\u00e9 de Almeida, que escreveu v\u00e1rias poesias inspiradas no Bem-aventurado Padre Eust\u00e1quio.\" \/>\n<meta property=\"og:url\" content=\"https:\/\/www.padreeustaquio.com.br\/en\/the-poem-speaks-of-father-eustaquios-passage-through-patrocinio-mg\/\" \/>\n<meta property=\"og:site_name\" content=\"Padre Eust\u00e1quio\" \/>\n<meta property=\"article:publisher\" content=\"https:\/\/www.facebook.com\/beatopadreeustaquio\/\" \/>\n<meta property=\"article:published_time\" content=\"2024-03-08T10:05:56+00:00\" \/>\n<meta property=\"og:image\" content=\"https:\/\/www.padreeustaquio.com.br\/wp-content\/uploads\/2024\/03\/foto-igreja-santa-luzia-patrocinio.jpg\" \/>\n\t<meta property=\"og:image:width\" content=\"748\" \/>\n\t<meta property=\"og:image:height\" content=\"394\" \/>\n\t<meta property=\"og:image:type\" content=\"image\/jpeg\" \/>\n<meta name=\"author\" content=\"@sscc\" \/>\n<meta name=\"twitter:card\" content=\"summary_large_image\" \/>\n<meta name=\"twitter:creator\" content=\"@beatopeustaquio\" \/>\n<meta name=\"twitter:site\" content=\"@beatopeustaquio\" \/>\n<meta name=\"twitter:label1\" content=\"Written by\" \/>\n\t<meta name=\"twitter:data1\" content=\"@sscc\" \/>\n\t<meta name=\"twitter:label2\" content=\"Est. reading time\" \/>\n\t<meta name=\"twitter:data2\" content=\"3 minutes\" \/>\n<script type=\"application\/ld+json\" class=\"yoast-schema-graph\">{\"@context\":\"https:\/\/schema.org\",\"@graph\":[{\"@type\":\"Article\",\"@id\":\"https:\/\/www.padreeustaquio.com.br\/poesia-fala-sobre-passagem-de-padre-eustaquio-por-patrocinio-mg\/#article\",\"isPartOf\":{\"@id\":\"https:\/\/www.padreeustaquio.com.br\/poesia-fala-sobre-passagem-de-padre-eustaquio-por-patrocinio-mg\/\"},\"author\":{\"name\":\"@sscc\",\"@id\":\"https:\/\/www.padreeustaquio.com.br\/#\/schema\/person\/a2a51db1d00f1a7af0204a0f1ddb1566\"},\"headline\":\"Poesia fala sobre passagem de Padre Eust\u00e1quio por Patroc\u00ednio\/MG\",\"datePublished\":\"2024-03-08T10:05:56+00:00\",\"mainEntityOfPage\":{\"@id\":\"https:\/\/www.padreeustaquio.com.br\/poesia-fala-sobre-passagem-de-padre-eustaquio-por-patrocinio-mg\/\"},\"wordCount\":395,\"commentCount\":0,\"publisher\":{\"@id\":\"https:\/\/www.padreeustaquio.com.br\/#organization\"},\"image\":{\"@id\":\"https:\/\/www.padreeustaquio.com.br\/poesia-fala-sobre-passagem-de-padre-eustaquio-por-patrocinio-mg\/#primaryimage\"},\"thumbnailUrl\":\"https:\/\/www.padreeustaquio.com.br\/wp-content\/uploads\/2024\/03\/foto-igreja-santa-luzia-patrocinio.jpg\",\"articleSection\":[\"Not\u00edcias\"],\"inLanguage\":\"en-US\",\"potentialAction\":[{\"@type\":\"CommentAction\",\"name\":\"Comment\",\"target\":[\"https:\/\/www.padreeustaquio.com.br\/poesia-fala-sobre-passagem-de-padre-eustaquio-por-patrocinio-mg\/#respond\"]}]},{\"@type\":\"WebPage\",\"@id\":\"https:\/\/www.padreeustaquio.com.br\/poesia-fala-sobre-passagem-de-padre-eustaquio-por-patrocinio-mg\/\",\"url\":\"https:\/\/www.padreeustaquio.com.br\/poesia-fala-sobre-passagem-de-padre-eustaquio-por-patrocinio-mg\/\",\"name\":\"Poesia fala sobre passagem de Padre Eust\u00e1quio por Patroc\u00ednio\/MG\",\"isPartOf\":{\"@id\":\"https:\/\/www.padreeustaquio.com.br\/#website\"},\"primaryImageOfPage\":{\"@id\":\"https:\/\/www.padreeustaquio.com.br\/poesia-fala-sobre-passagem-de-padre-eustaquio-por-patrocinio-mg\/#primaryimage\"},\"image\":{\"@id\":\"https:\/\/www.padreeustaquio.com.br\/poesia-fala-sobre-passagem-de-padre-eustaquio-por-patrocinio-mg\/#primaryimage\"},\"thumbnailUrl\":\"https:\/\/www.padreeustaquio.com.br\/wp-content\/uploads\/2024\/03\/foto-igreja-santa-luzia-patrocinio.jpg\",\"datePublished\":\"2024-03-08T10:05:56+00:00\",\"description\":\"Padre Eust\u00e1quio chegou a Patroc\u00ednio-MG em outubro de 1941, mas j\u00e1 em fevereiro de 1942 deixou a cidade. Mesmo em um per\u00edodo t\u00e3o curto, o Beato deixou grandes marcas nos paroquianos. Essas marcas podem ser vistas no lindo trabalho do poeta Fl\u00e1vio Jos\u00e9 de Almeida, que escreveu v\u00e1rias poesias inspiradas no Bem-aventurado Padre Eust\u00e1quio.\",\"breadcrumb\":{\"@id\":\"https:\/\/www.padreeustaquio.com.br\/poesia-fala-sobre-passagem-de-padre-eustaquio-por-patrocinio-mg\/#breadcrumb\"},\"inLanguage\":\"en-US\",\"potentialAction\":[{\"@type\":\"ReadAction\",\"target\":[\"https:\/\/www.padreeustaquio.com.br\/poesia-fala-sobre-passagem-de-padre-eustaquio-por-patrocinio-mg\/\"]}]},{\"@type\":\"ImageObject\",\"inLanguage\":\"en-US\",\"@id\":\"https:\/\/www.padreeustaquio.com.br\/poesia-fala-sobre-passagem-de-padre-eustaquio-por-patrocinio-mg\/#primaryimage\",\"url\":\"https:\/\/www.padreeustaquio.com.br\/wp-content\/uploads\/2024\/03\/foto-igreja-santa-luzia-patrocinio.jpg\",\"contentUrl\":\"https:\/\/www.padreeustaquio.com.br\/wp-content\/uploads\/2024\/03\/foto-igreja-santa-luzia-patrocinio.jpg\",\"width\":748,\"height\":394},{\"@type\":\"BreadcrumbList\",\"@id\":\"https:\/\/www.padreeustaquio.com.br\/poesia-fala-sobre-passagem-de-padre-eustaquio-por-patrocinio-mg\/#breadcrumb\",\"itemListElement\":[{\"@type\":\"ListItem\",\"position\":1,\"name\":\"In\u00edcio\",\"item\":\"https:\/\/www.padreeustaquio.com.br\/\"},{\"@type\":\"ListItem\",\"position\":2,\"name\":\"Poesia fala sobre passagem de Padre Eust\u00e1quio por Patroc\u00ednio\/MG\"}]},{\"@type\":\"WebSite\",\"@id\":\"https:\/\/www.padreeustaquio.com.br\/#website\",\"url\":\"https:\/\/www.padreeustaquio.com.br\/\",\"name\":\"Padre Eust\u00e1quio\",\"description\":\"Sa\u00fade e Paz\",\"publisher\":{\"@id\":\"https:\/\/www.padreeustaquio.com.br\/#organization\"},\"potentialAction\":[{\"@type\":\"SearchAction\",\"target\":{\"@type\":\"EntryPoint\",\"urlTemplate\":\"https:\/\/www.padreeustaquio.com.br\/?s={search_term_string}\"},\"query-input\":{\"@type\":\"PropertyValueSpecification\",\"valueRequired\":true,\"valueName\":\"search_term_string\"}}],\"inLanguage\":\"en-US\"},{\"@type\":\"Organization\",\"@id\":\"https:\/\/www.padreeustaquio.com.br\/#organization\",\"name\":\"Padre Eust\u00e1quio\",\"url\":\"https:\/\/www.padreeustaquio.com.br\/\",\"logo\":{\"@type\":\"ImageObject\",\"inLanguage\":\"en-US\",\"@id\":\"https:\/\/www.padreeustaquio.com.br\/#\/schema\/logo\/image\/\",\"url\":\"https:\/\/www.padreeustaquio.com.br\/wp-content\/uploads\/2019\/08\/marca.png\",\"contentUrl\":\"https:\/\/www.padreeustaquio.com.br\/wp-content\/uploads\/2019\/08\/marca.png\",\"width\":350,\"height\":400,\"caption\":\"Padre Eust\u00e1quio\"},\"image\":{\"@id\":\"https:\/\/www.padreeustaquio.com.br\/#\/schema\/logo\/image\/\"},\"sameAs\":[\"https:\/\/www.facebook.com\/beatopadreeustaquio\/\",\"https:\/\/x.com\/beatopeustaquio\",\"https:\/\/www.instagram.com\/beatopadreeustaquio\/\",\"https:\/\/www.youtube.com\/channel\/UCRhw7vfabnajwLxb1ZXMeIw\"]},{\"@type\":\"Person\",\"@id\":\"https:\/\/www.padreeustaquio.com.br\/#\/schema\/person\/a2a51db1d00f1a7af0204a0f1ddb1566\",\"name\":\"@sscc\",\"image\":{\"@type\":\"ImageObject\",\"inLanguage\":\"en-US\",\"@id\":\"https:\/\/secure.gravatar.com\/avatar\/68cfafa5f44617fea54071e215026e0ff06be366c3d54a8425f04fdcb86f8c5f?s=96&d=mm&r=g\",\"url\":\"https:\/\/secure.gravatar.com\/avatar\/68cfafa5f44617fea54071e215026e0ff06be366c3d54a8425f04fdcb86f8c5f?s=96&d=mm&r=g\",\"contentUrl\":\"https:\/\/secure.gravatar.com\/avatar\/68cfafa5f44617fea54071e215026e0ff06be366c3d54a8425f04fdcb86f8c5f?s=96&d=mm&r=g\",\"caption\":\"@sscc\"},\"url\":\"https:\/\/www.padreeustaquio.com.br\/en\/author\/sscc\/\"}]}<\/script>\n<!-- \/ Yoast SEO plugin. -->","yoast_head_json":{"title":"Poetry speaks of Father Eust\u00e1quio&#039;s passage through Patroc\u00ednio\/MG","description":"Father Eust\u00e1quio arrived in Patroc\u00ednio-MG in October 1941, but left the city in February 1942. Even in such a short period, the Blessed One left a great mark on his parishioners. These marks can be seen in the beautiful work of the poet Fl\u00e1vio Jos\u00e9 de Almeida, who wrote several poems inspired by Blessed Father Eust\u00e1quio.","robots":{"index":"index","follow":"follow","max-snippet":"max-snippet:-1","max-image-preview":"max-image-preview:large","max-video-preview":"max-video-preview:-1"},"canonical":"https:\/\/www.padreeustaquio.com.br\/en\/the-poem-speaks-of-father-eustaquios-passage-through-patrocinio-mg\/","og_locale":"en_US","og_type":"article","og_title":"Poesia fala sobre passagem de Padre Eust\u00e1quio por Patroc\u00ednio\/MG","og_description":"Padre Eust\u00e1quio chegou a Patroc\u00ednio-MG em outubro de 1941, mas j\u00e1 em fevereiro de 1942 deixou a cidade. Mesmo em um per\u00edodo t\u00e3o curto, o Beato deixou grandes marcas nos paroquianos. Essas marcas podem ser vistas no lindo trabalho do poeta Fl\u00e1vio Jos\u00e9 de Almeida, que escreveu v\u00e1rias poesias inspiradas no Bem-aventurado Padre Eust\u00e1quio.","og_url":"https:\/\/www.padreeustaquio.com.br\/en\/the-poem-speaks-of-father-eustaquios-passage-through-patrocinio-mg\/","og_site_name":"Padre Eust\u00e1quio","article_publisher":"https:\/\/www.facebook.com\/beatopadreeustaquio\/","article_published_time":"2024-03-08T10:05:56+00:00","og_image":[{"width":748,"height":394,"url":"https:\/\/www.padreeustaquio.com.br\/wp-content\/uploads\/2024\/03\/foto-igreja-santa-luzia-patrocinio.jpg","type":"image\/jpeg"}],"author":"@sscc","twitter_card":"summary_large_image","twitter_creator":"@beatopeustaquio","twitter_site":"@beatopeustaquio","twitter_misc":{"Written by":"@sscc","Est. reading time":"3 minutes"},"schema":{"@context":"https:\/\/schema.org","@graph":[{"@type":"Article","@id":"https:\/\/www.padreeustaquio.com.br\/poesia-fala-sobre-passagem-de-padre-eustaquio-por-patrocinio-mg\/#article","isPartOf":{"@id":"https:\/\/www.padreeustaquio.com.br\/poesia-fala-sobre-passagem-de-padre-eustaquio-por-patrocinio-mg\/"},"author":{"name":"@sscc","@id":"https:\/\/www.padreeustaquio.com.br\/#\/schema\/person\/a2a51db1d00f1a7af0204a0f1ddb1566"},"headline":"Poesia fala sobre passagem de Padre Eust\u00e1quio por Patroc\u00ednio\/MG","datePublished":"2024-03-08T10:05:56+00:00","mainEntityOfPage":{"@id":"https:\/\/www.padreeustaquio.com.br\/poesia-fala-sobre-passagem-de-padre-eustaquio-por-patrocinio-mg\/"},"wordCount":395,"commentCount":0,"publisher":{"@id":"https:\/\/www.padreeustaquio.com.br\/#organization"},"image":{"@id":"https:\/\/www.padreeustaquio.com.br\/poesia-fala-sobre-passagem-de-padre-eustaquio-por-patrocinio-mg\/#primaryimage"},"thumbnailUrl":"https:\/\/www.padreeustaquio.com.br\/wp-content\/uploads\/2024\/03\/foto-igreja-santa-luzia-patrocinio.jpg","articleSection":["Not\u00edcias"],"inLanguage":"en-US","potentialAction":[{"@type":"CommentAction","name":"Comment","target":["https:\/\/www.padreeustaquio.com.br\/poesia-fala-sobre-passagem-de-padre-eustaquio-por-patrocinio-mg\/#respond"]}]},{"@type":"WebPage","@id":"https:\/\/www.padreeustaquio.com.br\/poesia-fala-sobre-passagem-de-padre-eustaquio-por-patrocinio-mg\/","url":"https:\/\/www.padreeustaquio.com.br\/poesia-fala-sobre-passagem-de-padre-eustaquio-por-patrocinio-mg\/","name":"Poetry speaks of Father Eust\u00e1quio&#039;s passage through Patroc\u00ednio\/MG","isPartOf":{"@id":"https:\/\/www.padreeustaquio.com.br\/#website"},"primaryImageOfPage":{"@id":"https:\/\/www.padreeustaquio.com.br\/poesia-fala-sobre-passagem-de-padre-eustaquio-por-patrocinio-mg\/#primaryimage"},"image":{"@id":"https:\/\/www.padreeustaquio.com.br\/poesia-fala-sobre-passagem-de-padre-eustaquio-por-patrocinio-mg\/#primaryimage"},"thumbnailUrl":"https:\/\/www.padreeustaquio.com.br\/wp-content\/uploads\/2024\/03\/foto-igreja-santa-luzia-patrocinio.jpg","datePublished":"2024-03-08T10:05:56+00:00","description":"Father Eust\u00e1quio arrived in Patroc\u00ednio-MG in October 1941, but left the city in February 1942. Even in such a short period, the Blessed One left a great mark on his parishioners. These marks can be seen in the beautiful work of the poet Fl\u00e1vio Jos\u00e9 de Almeida, who wrote several poems inspired by Blessed Father Eust\u00e1quio.","breadcrumb":{"@id":"https:\/\/www.padreeustaquio.com.br\/poesia-fala-sobre-passagem-de-padre-eustaquio-por-patrocinio-mg\/#breadcrumb"},"inLanguage":"en-US","potentialAction":[{"@type":"ReadAction","target":["https:\/\/www.padreeustaquio.com.br\/poesia-fala-sobre-passagem-de-padre-eustaquio-por-patrocinio-mg\/"]}]},{"@type":"ImageObject","inLanguage":"en-US","@id":"https:\/\/www.padreeustaquio.com.br\/poesia-fala-sobre-passagem-de-padre-eustaquio-por-patrocinio-mg\/#primaryimage","url":"https:\/\/www.padreeustaquio.com.br\/wp-content\/uploads\/2024\/03\/foto-igreja-santa-luzia-patrocinio.jpg","contentUrl":"https:\/\/www.padreeustaquio.com.br\/wp-content\/uploads\/2024\/03\/foto-igreja-santa-luzia-patrocinio.jpg","width":748,"height":394},{"@type":"BreadcrumbList","@id":"https:\/\/www.padreeustaquio.com.br\/poesia-fala-sobre-passagem-de-padre-eustaquio-por-patrocinio-mg\/#breadcrumb","itemListElement":[{"@type":"ListItem","position":1,"name":"In\u00edcio","item":"https:\/\/www.padreeustaquio.com.br\/"},{"@type":"ListItem","position":2,"name":"Poesia fala sobre passagem de Padre Eust\u00e1quio por Patroc\u00ednio\/MG"}]},{"@type":"WebSite","@id":"https:\/\/www.padreeustaquio.com.br\/#website","url":"https:\/\/www.padreeustaquio.com.br\/","name":"FATHER EUST\u00c1QUIO","description":"Health and Peace","publisher":{"@id":"https:\/\/www.padreeustaquio.com.br\/#organization"},"potentialAction":[{"@type":"SearchAction","target":{"@type":"EntryPoint","urlTemplate":"https:\/\/www.padreeustaquio.com.br\/?s={search_term_string}"},"query-input":{"@type":"PropertyValueSpecification","valueRequired":true,"valueName":"search_term_string"}}],"inLanguage":"en-US"},{"@type":"Organization","@id":"https:\/\/www.padreeustaquio.com.br\/#organization","name":"FATHER EUST\u00c1QUIO","url":"https:\/\/www.padreeustaquio.com.br\/","logo":{"@type":"ImageObject","inLanguage":"en-US","@id":"https:\/\/www.padreeustaquio.com.br\/#\/schema\/logo\/image\/","url":"https:\/\/www.padreeustaquio.com.br\/wp-content\/uploads\/2019\/08\/marca.png","contentUrl":"https:\/\/www.padreeustaquio.com.br\/wp-content\/uploads\/2019\/08\/marca.png","width":350,"height":400,"caption":"Padre Eust\u00e1quio"},"image":{"@id":"https:\/\/www.padreeustaquio.com.br\/#\/schema\/logo\/image\/"},"sameAs":["https:\/\/www.facebook.com\/beatopadreeustaquio\/","https:\/\/x.com\/beatopeustaquio","https:\/\/www.instagram.com\/beatopadreeustaquio\/","https:\/\/www.youtube.com\/channel\/UCRhw7vfabnajwLxb1ZXMeIw"]},{"@type":"Person","@id":"https:\/\/www.padreeustaquio.com.br\/#\/schema\/person\/a2a51db1d00f1a7af0204a0f1ddb1566","name":"@sscc","image":{"@type":"ImageObject","inLanguage":"en-US","@id":"https:\/\/secure.gravatar.com\/avatar\/68cfafa5f44617fea54071e215026e0ff06be366c3d54a8425f04fdcb86f8c5f?s=96&d=mm&r=g","url":"https:\/\/secure.gravatar.com\/avatar\/68cfafa5f44617fea54071e215026e0ff06be366c3d54a8425f04fdcb86f8c5f?s=96&d=mm&r=g","contentUrl":"https:\/\/secure.gravatar.com\/avatar\/68cfafa5f44617fea54071e215026e0ff06be366c3d54a8425f04fdcb86f8c5f?s=96&d=mm&r=g","caption":"@sscc"},"url":"https:\/\/www.padreeustaquio.com.br\/en\/author\/sscc\/"}]}},"_links":{"self":[{"href":"https:\/\/www.padreeustaquio.com.br\/en\/wp-json\/wp\/v2\/posts\/11115","targetHints":{"allow":["GET"]}}],"collection":[{"href":"https:\/\/www.padreeustaquio.com.br\/en\/wp-json\/wp\/v2\/posts"}],"about":[{"href":"https:\/\/www.padreeustaquio.com.br\/en\/wp-json\/wp\/v2\/types\/post"}],"author":[{"embeddable":true,"href":"https:\/\/www.padreeustaquio.com.br\/en\/wp-json\/wp\/v2\/users\/2"}],"replies":[{"embeddable":true,"href":"https:\/\/www.padreeustaquio.com.br\/en\/wp-json\/wp\/v2\/comments?post=11115"}],"version-history":[{"count":0,"href":"https:\/\/www.padreeustaquio.com.br\/en\/wp-json\/wp\/v2\/posts\/11115\/revisions"}],"wp:featuredmedia":[{"embeddable":true,"href":"https:\/\/www.padreeustaquio.com.br\/en\/wp-json\/wp\/v2\/media\/11116"}],"wp:attachment":[{"href":"https:\/\/www.padreeustaquio.com.br\/en\/wp-json\/wp\/v2\/media?parent=11115"}],"wp:term":[{"taxonomy":"category","embeddable":true,"href":"https:\/\/www.padreeustaquio.com.br\/en\/wp-json\/wp\/v2\/categories?post=11115"},{"taxonomy":"post_tag","embeddable":true,"href":"https:\/\/www.padreeustaquio.com.br\/en\/wp-json\/wp\/v2\/tags?post=11115"}],"curies":[{"name":"wp","href":"https:\/\/api.w.org\/{rel}","templated":true}]}}