{"id":11107,"date":"2024-02-28T09:59:17","date_gmt":"2024-02-28T12:59:17","guid":{"rendered":"https:\/\/www.padreeustaquio.com.br\/?p=11107"},"modified":"2024-02-28T11:42:29","modified_gmt":"2024-02-28T14:42:29","slug":"construction-of-the-blessed-father-eustaquio-church-in-esmeraldas-mg-enters-the-finishing-phase","status":"publish","type":"post","link":"https:\/\/www.padreeustaquio.com.br\/en\/construction-of-the-blessed-father-eustaquio-church-in-esmeraldas-mg-enters-the-finishing-phase\/","title":{"rendered":"Construction of the Blessed Father Eust\u00e1quio Church in Esmeraldas-MG enters the finishing phase."},"content":{"rendered":"<p>The construction work on the Blessed Father Eustace Church in Esmeraldas, in the metropolitan region of Belo Horizonte, has entered the wall cladding phase. Currently, the site is being plastered in preparation for the finishing touches.<\/p>\n<p>All the materials have been obtained with the help of donations and volunteers who work tirelessly to see the city&#039;s new main church completed. The community is mobilizing people to raise funds for the continuation of the work.<\/p>\n<p>Now the goal is to resurface the entire church as soon as possible. With the funds raised, the entire church has already been covered and the plastering has begun, as shown in the photo. The community counts on everyone&#039;s collaboration. Anyone who can and wants to help can contact the church team on Sundays after the service or make a bank deposit. Rest assured that your contribution will be well used in this project.<\/p>\n<p><strong>Donations can be made via bank transfer (C\/P): 739136689-8 \u2013 OP. 1388 \u2013 CEF Ag. 2782 or at the Eucharistic celebrations themselves. CNPJ: 23.502.227\/0001-30. Donations can also be made via wire transfer (TED), deposits at lottery outlets, CEF, ATMs, or PIX to 23502227000130. PIX to ABFIPE \u2013 Associa\u00e7\u00e3o dos Benfeitores da Futura Igreja Beato Padre Eust\u00e1quio.<\/strong><\/p>\n<p>The team responsible for the Association will be available every Sunday from 8:30 am for anyone who wants to visit the construction site. Participate and see what is being accomplished thanks to your support and contribution.<\/p>","protected":false},"excerpt":{"rendered":"<p>As obras da Igreja Beato Padre Eust\u00e1quio, em Esmeraldas, na regi\u00e3o metropolitana de Belo Horizonte, entraram na fase de revestimento das paredes. Atualmente, o local est\u00e1 sendo rebocado para receber os acabamentos. Todo o material tem sido conseguido com a ajuda de doa\u00e7\u00f5es e de volunt\u00e1rios que trabalham incansavelmente para ver pronta a nova Matriz da cidade. A comunidade est\u00e1 mobilizando as pessoas para angariar recursos para a continua\u00e7\u00e3o da obra. Agora a meta \u00e9 rebocar toda a igreja o mais breve poss\u00edvel. Com os recursos adquiridos j\u00e1 foi coberta toda a igreja e j\u00e1 foi iniciado o reboco conforme [&hellip;]<\/p>\n","protected":false},"author":2,"featured_media":11108,"comment_status":"open","ping_status":"closed","sticky":false,"template":"","format":"standard","meta":{"_acf_changed":false,"footnotes":""},"categories":[611],"tags":[],"class_list":["post-11107","post","type-post","status-publish","format-standard","has-post-thumbnail","hentry","category-noticias"],"acf":[],"yoast_head":"<!-- This site is optimized with the Yoast SEO plugin v27.2 - https:\/\/yoast.com\/product\/yoast-seo-wordpress\/ -->\n<title>Obras da Igreja Beato Padre Eust\u00e1quio em Esmeraldas-MG entra na fase de revestimentos<\/title>\n<meta name=\"description\" content=\"As obras da Igreja Beato Padre Eust\u00e1quio, em Esmeraldas, na regi\u00e3o metropolitana de Belo Horizonte, entrou na fase de revestimento das paredes. Atualmente, o local est\u00e1 sendo rebocado para receber os acabamentos.\" \/>\n<meta name=\"robots\" content=\"index, follow, max-snippet:-1, max-image-preview:large, max-video-preview:-1\" \/>\n<link rel=\"canonical\" href=\"https:\/\/www.padreeustaquio.com.br\/en\/construction-of-the-blessed-father-eustaquio-church-in-esmeraldas-mg-enters-the-finishing-phase\/\" \/>\n<meta property=\"og:locale\" content=\"en_US\" \/>\n<meta property=\"og:type\" content=\"article\" \/>\n<meta property=\"og:title\" content=\"Obras da Igreja Beato Padre Eust\u00e1quio em Esmeraldas-MG entra na fase de revestimentos\" \/>\n<meta property=\"og:description\" content=\"As obras da Igreja Beato Padre Eust\u00e1quio, em Esmeraldas, na regi\u00e3o metropolitana de Belo Horizonte, entrou na fase de revestimento das paredes. Atualmente, o local est\u00e1 sendo rebocado para receber os acabamentos.\" \/>\n<meta property=\"og:url\" content=\"https:\/\/www.padreeustaquio.com.br\/en\/construction-of-the-blessed-father-eustaquio-church-in-esmeraldas-mg-enters-the-finishing-phase\/\" \/>\n<meta property=\"og:site_name\" content=\"Padre Eust\u00e1quio\" \/>\n<meta property=\"article:publisher\" content=\"https:\/\/www.facebook.com\/beatopadreeustaquio\/\" \/>\n<meta property=\"article:published_time\" content=\"2024-02-28T12:59:17+00:00\" \/>\n<meta property=\"article:modified_time\" content=\"2024-02-28T14:42:29+00:00\" \/>\n<meta property=\"og:image\" content=\"https:\/\/www.padreeustaquio.com.br\/wp-content\/uploads\/2024\/02\/REBOCO-IGREJ-PE-ESMERALDAS.jpg\" \/>\n\t<meta property=\"og:image:width\" content=\"748\" \/>\n\t<meta property=\"og:image:height\" content=\"394\" \/>\n\t<meta property=\"og:image:type\" content=\"image\/jpeg\" \/>\n<meta name=\"author\" content=\"@sscc\" \/>\n<meta name=\"twitter:card\" content=\"summary_large_image\" \/>\n<meta name=\"twitter:creator\" content=\"@beatopeustaquio\" \/>\n<meta name=\"twitter:site\" content=\"@beatopeustaquio\" \/>\n<meta name=\"twitter:label1\" content=\"Written by\" \/>\n\t<meta name=\"twitter:data1\" content=\"@sscc\" \/>\n\t<meta name=\"twitter:label2\" content=\"Est. reading time\" \/>\n\t<meta name=\"twitter:data2\" content=\"2 minutes\" \/>\n<script type=\"application\/ld+json\" class=\"yoast-schema-graph\">{\"@context\":\"https:\/\/schema.org\",\"@graph\":[{\"@type\":\"Article\",\"@id\":\"https:\/\/www.padreeustaquio.com.br\/obras-da-igreja-beato-padre-eustaquio-em-esmeraldas-mg-entra-na-fase-de-revestimentos\/#article\",\"isPartOf\":{\"@id\":\"https:\/\/www.padreeustaquio.com.br\/obras-da-igreja-beato-padre-eustaquio-em-esmeraldas-mg-entra-na-fase-de-revestimentos\/\"},\"author\":{\"name\":\"@sscc\",\"@id\":\"https:\/\/www.padreeustaquio.com.br\/#\/schema\/person\/a2a51db1d00f1a7af0204a0f1ddb1566\"},\"headline\":\"Obras da Igreja Beato Padre Eust\u00e1quio em Esmeraldas-MG entra na fase de revestimentos\",\"datePublished\":\"2024-02-28T12:59:17+00:00\",\"dateModified\":\"2024-02-28T14:42:29+00:00\",\"mainEntityOfPage\":{\"@id\":\"https:\/\/www.padreeustaquio.com.br\/obras-da-igreja-beato-padre-eustaquio-em-esmeraldas-mg-entra-na-fase-de-revestimentos\/\"},\"wordCount\":263,\"commentCount\":0,\"publisher\":{\"@id\":\"https:\/\/www.padreeustaquio.com.br\/#organization\"},\"image\":{\"@id\":\"https:\/\/www.padreeustaquio.com.br\/obras-da-igreja-beato-padre-eustaquio-em-esmeraldas-mg-entra-na-fase-de-revestimentos\/#primaryimage\"},\"thumbnailUrl\":\"https:\/\/www.padreeustaquio.com.br\/wp-content\/uploads\/2024\/02\/REBOCO-IGREJ-PE-ESMERALDAS.jpg\",\"articleSection\":[\"Not\u00edcias\"],\"inLanguage\":\"en-US\",\"potentialAction\":[{\"@type\":\"CommentAction\",\"name\":\"Comment\",\"target\":[\"https:\/\/www.padreeustaquio.com.br\/obras-da-igreja-beato-padre-eustaquio-em-esmeraldas-mg-entra-na-fase-de-revestimentos\/#respond\"]}]},{\"@type\":\"WebPage\",\"@id\":\"https:\/\/www.padreeustaquio.com.br\/obras-da-igreja-beato-padre-eustaquio-em-esmeraldas-mg-entra-na-fase-de-revestimentos\/\",\"url\":\"https:\/\/www.padreeustaquio.com.br\/obras-da-igreja-beato-padre-eustaquio-em-esmeraldas-mg-entra-na-fase-de-revestimentos\/\",\"name\":\"Obras da Igreja Beato Padre Eust\u00e1quio em Esmeraldas-MG entra na fase de revestimentos\",\"isPartOf\":{\"@id\":\"https:\/\/www.padreeustaquio.com.br\/#website\"},\"primaryImageOfPage\":{\"@id\":\"https:\/\/www.padreeustaquio.com.br\/obras-da-igreja-beato-padre-eustaquio-em-esmeraldas-mg-entra-na-fase-de-revestimentos\/#primaryimage\"},\"image\":{\"@id\":\"https:\/\/www.padreeustaquio.com.br\/obras-da-igreja-beato-padre-eustaquio-em-esmeraldas-mg-entra-na-fase-de-revestimentos\/#primaryimage\"},\"thumbnailUrl\":\"https:\/\/www.padreeustaquio.com.br\/wp-content\/uploads\/2024\/02\/REBOCO-IGREJ-PE-ESMERALDAS.jpg\",\"datePublished\":\"2024-02-28T12:59:17+00:00\",\"dateModified\":\"2024-02-28T14:42:29+00:00\",\"description\":\"As obras da Igreja Beato Padre Eust\u00e1quio, em Esmeraldas, na regi\u00e3o metropolitana de Belo Horizonte, entrou na fase de revestimento das paredes. Atualmente, o local est\u00e1 sendo rebocado para receber os acabamentos.\",\"breadcrumb\":{\"@id\":\"https:\/\/www.padreeustaquio.com.br\/obras-da-igreja-beato-padre-eustaquio-em-esmeraldas-mg-entra-na-fase-de-revestimentos\/#breadcrumb\"},\"inLanguage\":\"en-US\",\"potentialAction\":[{\"@type\":\"ReadAction\",\"target\":[\"https:\/\/www.padreeustaquio.com.br\/obras-da-igreja-beato-padre-eustaquio-em-esmeraldas-mg-entra-na-fase-de-revestimentos\/\"]}]},{\"@type\":\"ImageObject\",\"inLanguage\":\"en-US\",\"@id\":\"https:\/\/www.padreeustaquio.com.br\/obras-da-igreja-beato-padre-eustaquio-em-esmeraldas-mg-entra-na-fase-de-revestimentos\/#primaryimage\",\"url\":\"https:\/\/www.padreeustaquio.com.br\/wp-content\/uploads\/2024\/02\/REBOCO-IGREJ-PE-ESMERALDAS.jpg\",\"contentUrl\":\"https:\/\/www.padreeustaquio.com.br\/wp-content\/uploads\/2024\/02\/REBOCO-IGREJ-PE-ESMERALDAS.jpg\",\"width\":748,\"height\":394},{\"@type\":\"BreadcrumbList\",\"@id\":\"https:\/\/www.padreeustaquio.com.br\/obras-da-igreja-beato-padre-eustaquio-em-esmeraldas-mg-entra-na-fase-de-revestimentos\/#breadcrumb\",\"itemListElement\":[{\"@type\":\"ListItem\",\"position\":1,\"name\":\"In\u00edcio\",\"item\":\"https:\/\/www.padreeustaquio.com.br\/\"},{\"@type\":\"ListItem\",\"position\":2,\"name\":\"Obras da Igreja Beato Padre Eust\u00e1quio em Esmeraldas-MG entra na fase de revestimentos\"}]},{\"@type\":\"WebSite\",\"@id\":\"https:\/\/www.padreeustaquio.com.br\/#website\",\"url\":\"https:\/\/www.padreeustaquio.com.br\/\",\"name\":\"Padre Eust\u00e1quio\",\"description\":\"Sa\u00fade e Paz\",\"publisher\":{\"@id\":\"https:\/\/www.padreeustaquio.com.br\/#organization\"},\"potentialAction\":[{\"@type\":\"SearchAction\",\"target\":{\"@type\":\"EntryPoint\",\"urlTemplate\":\"https:\/\/www.padreeustaquio.com.br\/?s={search_term_string}\"},\"query-input\":{\"@type\":\"PropertyValueSpecification\",\"valueRequired\":true,\"valueName\":\"search_term_string\"}}],\"inLanguage\":\"en-US\"},{\"@type\":\"Organization\",\"@id\":\"https:\/\/www.padreeustaquio.com.br\/#organization\",\"name\":\"Padre Eust\u00e1quio\",\"url\":\"https:\/\/www.padreeustaquio.com.br\/\",\"logo\":{\"@type\":\"ImageObject\",\"inLanguage\":\"en-US\",\"@id\":\"https:\/\/www.padreeustaquio.com.br\/#\/schema\/logo\/image\/\",\"url\":\"https:\/\/www.padreeustaquio.com.br\/wp-content\/uploads\/2019\/08\/marca.png\",\"contentUrl\":\"https:\/\/www.padreeustaquio.com.br\/wp-content\/uploads\/2019\/08\/marca.png\",\"width\":350,\"height\":400,\"caption\":\"Padre Eust\u00e1quio\"},\"image\":{\"@id\":\"https:\/\/www.padreeustaquio.com.br\/#\/schema\/logo\/image\/\"},\"sameAs\":[\"https:\/\/www.facebook.com\/beatopadreeustaquio\/\",\"https:\/\/x.com\/beatopeustaquio\",\"https:\/\/www.instagram.com\/beatopadreeustaquio\/\",\"https:\/\/www.youtube.com\/channel\/UCRhw7vfabnajwLxb1ZXMeIw\"]},{\"@type\":\"Person\",\"@id\":\"https:\/\/www.padreeustaquio.com.br\/#\/schema\/person\/a2a51db1d00f1a7af0204a0f1ddb1566\",\"name\":\"@sscc\",\"image\":{\"@type\":\"ImageObject\",\"inLanguage\":\"en-US\",\"@id\":\"https:\/\/secure.gravatar.com\/avatar\/68cfafa5f44617fea54071e215026e0ff06be366c3d54a8425f04fdcb86f8c5f?s=96&d=mm&r=g\",\"url\":\"https:\/\/secure.gravatar.com\/avatar\/68cfafa5f44617fea54071e215026e0ff06be366c3d54a8425f04fdcb86f8c5f?s=96&d=mm&r=g\",\"contentUrl\":\"https:\/\/secure.gravatar.com\/avatar\/68cfafa5f44617fea54071e215026e0ff06be366c3d54a8425f04fdcb86f8c5f?s=96&d=mm&r=g\",\"caption\":\"@sscc\"},\"url\":\"https:\/\/www.padreeustaquio.com.br\/en\/author\/sscc\/\"}]}<\/script>\n<!-- \/ Yoast SEO plugin. -->","yoast_head_json":{"title":"Construction of the Blessed Father Eust\u00e1quio Church in Esmeraldas-MG enters the finishing phase.","description":"The construction of the Blessed Father Eustace Church in Esmeraldas, in the metropolitan region of Belo Horizonte, has entered the wall cladding phase. Currently, the site is being plastered in preparation for the finishing touches.","robots":{"index":"index","follow":"follow","max-snippet":"max-snippet:-1","max-image-preview":"max-image-preview:large","max-video-preview":"max-video-preview:-1"},"canonical":"https:\/\/www.padreeustaquio.com.br\/en\/construction-of-the-blessed-father-eustaquio-church-in-esmeraldas-mg-enters-the-finishing-phase\/","og_locale":"en_US","og_type":"article","og_title":"Obras da Igreja Beato Padre Eust\u00e1quio em Esmeraldas-MG entra na fase de revestimentos","og_description":"As obras da Igreja Beato Padre Eust\u00e1quio, em Esmeraldas, na regi\u00e3o metropolitana de Belo Horizonte, entrou na fase de revestimento das paredes. Atualmente, o local est\u00e1 sendo rebocado para receber os acabamentos.","og_url":"https:\/\/www.padreeustaquio.com.br\/en\/construction-of-the-blessed-father-eustaquio-church-in-esmeraldas-mg-enters-the-finishing-phase\/","og_site_name":"Padre Eust\u00e1quio","article_publisher":"https:\/\/www.facebook.com\/beatopadreeustaquio\/","article_published_time":"2024-02-28T12:59:17+00:00","article_modified_time":"2024-02-28T14:42:29+00:00","og_image":[{"width":748,"height":394,"url":"https:\/\/www.padreeustaquio.com.br\/wp-content\/uploads\/2024\/02\/REBOCO-IGREJ-PE-ESMERALDAS.jpg","type":"image\/jpeg"}],"author":"@sscc","twitter_card":"summary_large_image","twitter_creator":"@beatopeustaquio","twitter_site":"@beatopeustaquio","twitter_misc":{"Written by":"@sscc","Est. reading time":"2 minutes"},"schema":{"@context":"https:\/\/schema.org","@graph":[{"@type":"Article","@id":"https:\/\/www.padreeustaquio.com.br\/obras-da-igreja-beato-padre-eustaquio-em-esmeraldas-mg-entra-na-fase-de-revestimentos\/#article","isPartOf":{"@id":"https:\/\/www.padreeustaquio.com.br\/obras-da-igreja-beato-padre-eustaquio-em-esmeraldas-mg-entra-na-fase-de-revestimentos\/"},"author":{"name":"@sscc","@id":"https:\/\/www.padreeustaquio.com.br\/#\/schema\/person\/a2a51db1d00f1a7af0204a0f1ddb1566"},"headline":"Obras da Igreja Beato Padre Eust\u00e1quio em Esmeraldas-MG entra na fase de revestimentos","datePublished":"2024-02-28T12:59:17+00:00","dateModified":"2024-02-28T14:42:29+00:00","mainEntityOfPage":{"@id":"https:\/\/www.padreeustaquio.com.br\/obras-da-igreja-beato-padre-eustaquio-em-esmeraldas-mg-entra-na-fase-de-revestimentos\/"},"wordCount":263,"commentCount":0,"publisher":{"@id":"https:\/\/www.padreeustaquio.com.br\/#organization"},"image":{"@id":"https:\/\/www.padreeustaquio.com.br\/obras-da-igreja-beato-padre-eustaquio-em-esmeraldas-mg-entra-na-fase-de-revestimentos\/#primaryimage"},"thumbnailUrl":"https:\/\/www.padreeustaquio.com.br\/wp-content\/uploads\/2024\/02\/REBOCO-IGREJ-PE-ESMERALDAS.jpg","articleSection":["Not\u00edcias"],"inLanguage":"en-US","potentialAction":[{"@type":"CommentAction","name":"Comment","target":["https:\/\/www.padreeustaquio.com.br\/obras-da-igreja-beato-padre-eustaquio-em-esmeraldas-mg-entra-na-fase-de-revestimentos\/#respond"]}]},{"@type":"WebPage","@id":"https:\/\/www.padreeustaquio.com.br\/obras-da-igreja-beato-padre-eustaquio-em-esmeraldas-mg-entra-na-fase-de-revestimentos\/","url":"https:\/\/www.padreeustaquio.com.br\/obras-da-igreja-beato-padre-eustaquio-em-esmeraldas-mg-entra-na-fase-de-revestimentos\/","name":"Construction of the Blessed Father Eust\u00e1quio Church in Esmeraldas-MG enters the finishing phase.","isPartOf":{"@id":"https:\/\/www.padreeustaquio.com.br\/#website"},"primaryImageOfPage":{"@id":"https:\/\/www.padreeustaquio.com.br\/obras-da-igreja-beato-padre-eustaquio-em-esmeraldas-mg-entra-na-fase-de-revestimentos\/#primaryimage"},"image":{"@id":"https:\/\/www.padreeustaquio.com.br\/obras-da-igreja-beato-padre-eustaquio-em-esmeraldas-mg-entra-na-fase-de-revestimentos\/#primaryimage"},"thumbnailUrl":"https:\/\/www.padreeustaquio.com.br\/wp-content\/uploads\/2024\/02\/REBOCO-IGREJ-PE-ESMERALDAS.jpg","datePublished":"2024-02-28T12:59:17+00:00","dateModified":"2024-02-28T14:42:29+00:00","description":"The construction of the Blessed Father Eustace Church in Esmeraldas, in the metropolitan region of Belo Horizonte, has entered the wall cladding phase. Currently, the site is being plastered in preparation for the finishing touches.","breadcrumb":{"@id":"https:\/\/www.padreeustaquio.com.br\/obras-da-igreja-beato-padre-eustaquio-em-esmeraldas-mg-entra-na-fase-de-revestimentos\/#breadcrumb"},"inLanguage":"en-US","potentialAction":[{"@type":"ReadAction","target":["https:\/\/www.padreeustaquio.com.br\/obras-da-igreja-beato-padre-eustaquio-em-esmeraldas-mg-entra-na-fase-de-revestimentos\/"]}]},{"@type":"ImageObject","inLanguage":"en-US","@id":"https:\/\/www.padreeustaquio.com.br\/obras-da-igreja-beato-padre-eustaquio-em-esmeraldas-mg-entra-na-fase-de-revestimentos\/#primaryimage","url":"https:\/\/www.padreeustaquio.com.br\/wp-content\/uploads\/2024\/02\/REBOCO-IGREJ-PE-ESMERALDAS.jpg","contentUrl":"https:\/\/www.padreeustaquio.com.br\/wp-content\/uploads\/2024\/02\/REBOCO-IGREJ-PE-ESMERALDAS.jpg","width":748,"height":394},{"@type":"BreadcrumbList","@id":"https:\/\/www.padreeustaquio.com.br\/obras-da-igreja-beato-padre-eustaquio-em-esmeraldas-mg-entra-na-fase-de-revestimentos\/#breadcrumb","itemListElement":[{"@type":"ListItem","position":1,"name":"In\u00edcio","item":"https:\/\/www.padreeustaquio.com.br\/"},{"@type":"ListItem","position":2,"name":"Obras da Igreja Beato Padre Eust\u00e1quio em Esmeraldas-MG entra na fase de revestimentos"}]},{"@type":"WebSite","@id":"https:\/\/www.padreeustaquio.com.br\/#website","url":"https:\/\/www.padreeustaquio.com.br\/","name":"FATHER EUST\u00c1QUIO","description":"Health and Peace","publisher":{"@id":"https:\/\/www.padreeustaquio.com.br\/#organization"},"potentialAction":[{"@type":"SearchAction","target":{"@type":"EntryPoint","urlTemplate":"https:\/\/www.padreeustaquio.com.br\/?s={search_term_string}"},"query-input":{"@type":"PropertyValueSpecification","valueRequired":true,"valueName":"search_term_string"}}],"inLanguage":"en-US"},{"@type":"Organization","@id":"https:\/\/www.padreeustaquio.com.br\/#organization","name":"FATHER EUST\u00c1QUIO","url":"https:\/\/www.padreeustaquio.com.br\/","logo":{"@type":"ImageObject","inLanguage":"en-US","@id":"https:\/\/www.padreeustaquio.com.br\/#\/schema\/logo\/image\/","url":"https:\/\/www.padreeustaquio.com.br\/wp-content\/uploads\/2019\/08\/marca.png","contentUrl":"https:\/\/www.padreeustaquio.com.br\/wp-content\/uploads\/2019\/08\/marca.png","width":350,"height":400,"caption":"Padre Eust\u00e1quio"},"image":{"@id":"https:\/\/www.padreeustaquio.com.br\/#\/schema\/logo\/image\/"},"sameAs":["https:\/\/www.facebook.com\/beatopadreeustaquio\/","https:\/\/x.com\/beatopeustaquio","https:\/\/www.instagram.com\/beatopadreeustaquio\/","https:\/\/www.youtube.com\/channel\/UCRhw7vfabnajwLxb1ZXMeIw"]},{"@type":"Person","@id":"https:\/\/www.padreeustaquio.com.br\/#\/schema\/person\/a2a51db1d00f1a7af0204a0f1ddb1566","name":"@sscc","image":{"@type":"ImageObject","inLanguage":"en-US","@id":"https:\/\/secure.gravatar.com\/avatar\/68cfafa5f44617fea54071e215026e0ff06be366c3d54a8425f04fdcb86f8c5f?s=96&d=mm&r=g","url":"https:\/\/secure.gravatar.com\/avatar\/68cfafa5f44617fea54071e215026e0ff06be366c3d54a8425f04fdcb86f8c5f?s=96&d=mm&r=g","contentUrl":"https:\/\/secure.gravatar.com\/avatar\/68cfafa5f44617fea54071e215026e0ff06be366c3d54a8425f04fdcb86f8c5f?s=96&d=mm&r=g","caption":"@sscc"},"url":"https:\/\/www.padreeustaquio.com.br\/en\/author\/sscc\/"}]}},"_links":{"self":[{"href":"https:\/\/www.padreeustaquio.com.br\/en\/wp-json\/wp\/v2\/posts\/11107","targetHints":{"allow":["GET"]}}],"collection":[{"href":"https:\/\/www.padreeustaquio.com.br\/en\/wp-json\/wp\/v2\/posts"}],"about":[{"href":"https:\/\/www.padreeustaquio.com.br\/en\/wp-json\/wp\/v2\/types\/post"}],"author":[{"embeddable":true,"href":"https:\/\/www.padreeustaquio.com.br\/en\/wp-json\/wp\/v2\/users\/2"}],"replies":[{"embeddable":true,"href":"https:\/\/www.padreeustaquio.com.br\/en\/wp-json\/wp\/v2\/comments?post=11107"}],"version-history":[{"count":0,"href":"https:\/\/www.padreeustaquio.com.br\/en\/wp-json\/wp\/v2\/posts\/11107\/revisions"}],"wp:featuredmedia":[{"embeddable":true,"href":"https:\/\/www.padreeustaquio.com.br\/en\/wp-json\/wp\/v2\/media\/11108"}],"wp:attachment":[{"href":"https:\/\/www.padreeustaquio.com.br\/en\/wp-json\/wp\/v2\/media?parent=11107"}],"wp:term":[{"taxonomy":"category","embeddable":true,"href":"https:\/\/www.padreeustaquio.com.br\/en\/wp-json\/wp\/v2\/categories?post=11107"},{"taxonomy":"post_tag","embeddable":true,"href":"https:\/\/www.padreeustaquio.com.br\/en\/wp-json\/wp\/v2\/tags?post=11107"}],"curies":[{"name":"wp","href":"https:\/\/api.w.org\/{rel}","templated":true}]}}