{"id":11104,"date":"2024-02-26T10:17:44","date_gmt":"2024-02-26T13:17:44","guid":{"rendered":"https:\/\/www.padreeustaquio.com.br\/?p=11104"},"modified":"2024-02-26T10:18:58","modified_gmt":"2024-02-26T13:18:58","slug":"father-eustaces-words-the-catholic-view-on-the-relationship-between-man-and-material-things","status":"publish","type":"post","link":"https:\/\/www.padreeustaquio.com.br\/en\/father-eustaces-words-the-catholic-view-on-the-relationship-between-man-and-material-things\/","title":{"rendered":"A Word from Father Eust\u00e1quio: The Catholic View on the Relationship Between Man and Material Things"},"content":{"rendered":"<p>In a world increasingly centered on material values, it is crucial to reflect on the relationship between man and material things in the light of the Catholic faith. Material things were created to serve man, not the other way around. This is a fundamental notion that must be understood in our modern society, where we often place material things at the center of our lives, leaving human dignity in the background.<\/p>\n<p>This inversion of values occurs when we forget that we are called to be &quot;masters of material things&quot; and, instead, act as slaves to them. This inversion would never occur if we submitted to the teachings of the Holy Roman Catholic Apostolic Church, which is the infallible guardian of truth.<\/p>\n<p>Father Eust\u00e1quio wrote a beautiful reflection on the subject, which you can read below:<\/p>\n<p>Especially in our time, it is good to insist, it is good to emphasize, it is indispensable to hammer many times on this very dangerous point, the cause of so many mistakes and disappointments, of so much blindness of spirit \u2013 that is, that material things were made and exist because of man, and not the other way around, as this era would have us believe, that is, that man was created to be a slave and not the owner of material things.<\/p>\n<p>Now, this most dangerous, how disastrous an inversion or fusion of values in the order of creation, would never have happened if man had always been disposed with docility and submission, most honorably, to the teachings of the Holy Roman Catholic Apostolic Church, the sole, infallible guardian and teacher of truth, and, as a logical consequence, also the most authoritative counselor in matters of a temporal order, in the face of which it has the secure and firm attitude of a disinterested observer, because its interest is only one: the good of souls.<\/p>\n<p>Hence, it is true that, when dealing with purely social temporal matters, the Church considers only the angle of human utility and well-being, assisting with its disinterested and impartial teaching and counsel, so as not to see the misuse or erroneous application of goods ruin respectable human efforts, such as, above all others, those of the humblest communities, because they are the most arduous and sacrificial, and, in themselves, deprived of guidance for their benefit, for, in fact, they will be used, or lost by those who are responsible for the management of the communities, because, to tell the truth, the origin of the social question is another distressing aspect of Adam&#039;s sin, and, from then on, the fruits of the earth, according to their use or abuse, can produce virtue or evil, for they give occasion to good and to ruin.<\/p>\n<p>&nbsp;<\/p>","protected":false},"excerpt":{"rendered":"<p>Em um mundo cada vez mais centrado nos valores materiais, \u00e9 crucial refletir sobre a rela\u00e7\u00e3o entre o homem e as coisas materiais \u00e0 luz da f\u00e9 cat\u00f3lica. As coisas materiais foram criadas para servir ao homem, n\u00e3o o contr\u00e1rio. Esta \u00e9 uma no\u00e7\u00e3o fundamental que deve ser compreendida em nossa sociedade moderna, onde frequentemente colocamos as coisas materiais no centro de nossas vidas, deixando a dignidade humana em segundo plano. Essa invers\u00e3o de valores ocorre quando esquecemos que somos chamados a ser &#8220;donos das coisas materiais&#8221; e, em vez disso, agimos como escravos delas. Essa invers\u00e3o jamais ocorreria se [&hellip;]<\/p>\n","protected":false},"author":2,"featured_media":11105,"comment_status":"open","ping_status":"closed","sticky":false,"template":"","format":"standard","meta":{"_acf_changed":false,"footnotes":""},"categories":[611],"tags":[],"class_list":["post-11104","post","type-post","status-publish","format-standard","has-post-thumbnail","hentry","category-noticias"],"acf":[],"yoast_head":"<!-- This site is optimized with the Yoast SEO plugin v27.2 - https:\/\/yoast.com\/product\/yoast-seo-wordpress\/ -->\n<title>Palavra do Padre Eust\u00e1quio: A vis\u00e3o cat\u00f3lica sobre a rela\u00e7\u00e3o entre o homem e as coisas materiais<\/title>\n<meta name=\"description\" content=\"Em um mundo cada vez mais centrado nos valores materiais, \u00e9 crucial refletir sobre a rela\u00e7\u00e3o entre o homem e as coisas materiais \u00e0 luz da f\u00e9 cat\u00f3lica. As coisas materiais foram criadas para servir ao homem, n\u00e3o o contr\u00e1rio. Esta \u00e9 uma no\u00e7\u00e3o fundamental que deve ser compreendida em nossa sociedade moderna, onde frequentemente colocamos as coisas materiais no centro de nossas vidas, deixando a dignidade humana em segundo plano.\" \/>\n<meta name=\"robots\" content=\"index, follow, max-snippet:-1, max-image-preview:large, max-video-preview:-1\" \/>\n<link rel=\"canonical\" href=\"https:\/\/www.padreeustaquio.com.br\/en\/father-eustaces-words-the-catholic-view-on-the-relationship-between-man-and-material-things\/\" \/>\n<meta property=\"og:locale\" content=\"en_US\" \/>\n<meta property=\"og:type\" content=\"article\" \/>\n<meta property=\"og:title\" content=\"Palavra do Padre Eust\u00e1quio: A vis\u00e3o cat\u00f3lica sobre a rela\u00e7\u00e3o entre o homem e as coisas materiais\" \/>\n<meta property=\"og:description\" content=\"Em um mundo cada vez mais centrado nos valores materiais, \u00e9 crucial refletir sobre a rela\u00e7\u00e3o entre o homem e as coisas materiais \u00e0 luz da f\u00e9 cat\u00f3lica. As coisas materiais foram criadas para servir ao homem, n\u00e3o o contr\u00e1rio. Esta \u00e9 uma no\u00e7\u00e3o fundamental que deve ser compreendida em nossa sociedade moderna, onde frequentemente colocamos as coisas materiais no centro de nossas vidas, deixando a dignidade humana em segundo plano.\" \/>\n<meta property=\"og:url\" content=\"https:\/\/www.padreeustaquio.com.br\/en\/father-eustaces-words-the-catholic-view-on-the-relationship-between-man-and-material-things\/\" \/>\n<meta property=\"og:site_name\" content=\"Padre Eust\u00e1quio\" \/>\n<meta property=\"article:publisher\" content=\"https:\/\/www.facebook.com\/beatopadreeustaquio\/\" \/>\n<meta property=\"article:published_time\" content=\"2024-02-26T13:17:44+00:00\" \/>\n<meta property=\"article:modified_time\" content=\"2024-02-26T13:18:58+00:00\" \/>\n<meta property=\"og:image\" content=\"https:\/\/www.padreeustaquio.com.br\/wp-content\/uploads\/2024\/02\/palavra-de-padre-eustaquio-e1708953528654.jpeg\" \/>\n\t<meta property=\"og:image:width\" content=\"1600\" \/>\n\t<meta property=\"og:image:height\" content=\"898\" \/>\n\t<meta property=\"og:image:type\" content=\"image\/jpeg\" \/>\n<meta name=\"author\" content=\"@sscc\" \/>\n<meta name=\"twitter:card\" content=\"summary_large_image\" \/>\n<meta name=\"twitter:creator\" content=\"@beatopeustaquio\" \/>\n<meta name=\"twitter:site\" content=\"@beatopeustaquio\" \/>\n<meta name=\"twitter:label1\" content=\"Written by\" \/>\n\t<meta name=\"twitter:data1\" content=\"@sscc\" \/>\n\t<meta name=\"twitter:label2\" content=\"Est. reading time\" \/>\n\t<meta name=\"twitter:data2\" content=\"3 minutes\" \/>\n<script type=\"application\/ld+json\" class=\"yoast-schema-graph\">{\"@context\":\"https:\/\/schema.org\",\"@graph\":[{\"@type\":\"Article\",\"@id\":\"https:\/\/www.padreeustaquio.com.br\/palavra-do-padre-eustaquio-a-visao-catolica-sobre-a-relacao-entre-o-homem-e-as-coisas-materiais\/#article\",\"isPartOf\":{\"@id\":\"https:\/\/www.padreeustaquio.com.br\/palavra-do-padre-eustaquio-a-visao-catolica-sobre-a-relacao-entre-o-homem-e-as-coisas-materiais\/\"},\"author\":{\"name\":\"@sscc\",\"@id\":\"https:\/\/www.padreeustaquio.com.br\/#\/schema\/person\/a2a51db1d00f1a7af0204a0f1ddb1566\"},\"headline\":\"Palavra do Padre Eust\u00e1quio: A vis\u00e3o cat\u00f3lica sobre a rela\u00e7\u00e3o entre o homem e as coisas materiais\",\"datePublished\":\"2024-02-26T13:17:44+00:00\",\"dateModified\":\"2024-02-26T13:18:58+00:00\",\"mainEntityOfPage\":{\"@id\":\"https:\/\/www.padreeustaquio.com.br\/palavra-do-padre-eustaquio-a-visao-catolica-sobre-a-relacao-entre-o-homem-e-as-coisas-materiais\/\"},\"wordCount\":487,\"commentCount\":0,\"publisher\":{\"@id\":\"https:\/\/www.padreeustaquio.com.br\/#organization\"},\"image\":{\"@id\":\"https:\/\/www.padreeustaquio.com.br\/palavra-do-padre-eustaquio-a-visao-catolica-sobre-a-relacao-entre-o-homem-e-as-coisas-materiais\/#primaryimage\"},\"thumbnailUrl\":\"https:\/\/www.padreeustaquio.com.br\/wp-content\/uploads\/2024\/02\/palavra-de-padre-eustaquio-e1708953528654.jpeg\",\"articleSection\":[\"Not\u00edcias\"],\"inLanguage\":\"en-US\",\"potentialAction\":[{\"@type\":\"CommentAction\",\"name\":\"Comment\",\"target\":[\"https:\/\/www.padreeustaquio.com.br\/palavra-do-padre-eustaquio-a-visao-catolica-sobre-a-relacao-entre-o-homem-e-as-coisas-materiais\/#respond\"]}]},{\"@type\":\"WebPage\",\"@id\":\"https:\/\/www.padreeustaquio.com.br\/palavra-do-padre-eustaquio-a-visao-catolica-sobre-a-relacao-entre-o-homem-e-as-coisas-materiais\/\",\"url\":\"https:\/\/www.padreeustaquio.com.br\/palavra-do-padre-eustaquio-a-visao-catolica-sobre-a-relacao-entre-o-homem-e-as-coisas-materiais\/\",\"name\":\"Palavra do Padre Eust\u00e1quio: A vis\u00e3o cat\u00f3lica sobre a rela\u00e7\u00e3o entre o homem e as coisas materiais\",\"isPartOf\":{\"@id\":\"https:\/\/www.padreeustaquio.com.br\/#website\"},\"primaryImageOfPage\":{\"@id\":\"https:\/\/www.padreeustaquio.com.br\/palavra-do-padre-eustaquio-a-visao-catolica-sobre-a-relacao-entre-o-homem-e-as-coisas-materiais\/#primaryimage\"},\"image\":{\"@id\":\"https:\/\/www.padreeustaquio.com.br\/palavra-do-padre-eustaquio-a-visao-catolica-sobre-a-relacao-entre-o-homem-e-as-coisas-materiais\/#primaryimage\"},\"thumbnailUrl\":\"https:\/\/www.padreeustaquio.com.br\/wp-content\/uploads\/2024\/02\/palavra-de-padre-eustaquio-e1708953528654.jpeg\",\"datePublished\":\"2024-02-26T13:17:44+00:00\",\"dateModified\":\"2024-02-26T13:18:58+00:00\",\"description\":\"Em um mundo cada vez mais centrado nos valores materiais, \u00e9 crucial refletir sobre a rela\u00e7\u00e3o entre o homem e as coisas materiais \u00e0 luz da f\u00e9 cat\u00f3lica. As coisas materiais foram criadas para servir ao homem, n\u00e3o o contr\u00e1rio. Esta \u00e9 uma no\u00e7\u00e3o fundamental que deve ser compreendida em nossa sociedade moderna, onde frequentemente colocamos as coisas materiais no centro de nossas vidas, deixando a dignidade humana em segundo plano.\",\"breadcrumb\":{\"@id\":\"https:\/\/www.padreeustaquio.com.br\/palavra-do-padre-eustaquio-a-visao-catolica-sobre-a-relacao-entre-o-homem-e-as-coisas-materiais\/#breadcrumb\"},\"inLanguage\":\"en-US\",\"potentialAction\":[{\"@type\":\"ReadAction\",\"target\":[\"https:\/\/www.padreeustaquio.com.br\/palavra-do-padre-eustaquio-a-visao-catolica-sobre-a-relacao-entre-o-homem-e-as-coisas-materiais\/\"]}]},{\"@type\":\"ImageObject\",\"inLanguage\":\"en-US\",\"@id\":\"https:\/\/www.padreeustaquio.com.br\/palavra-do-padre-eustaquio-a-visao-catolica-sobre-a-relacao-entre-o-homem-e-as-coisas-materiais\/#primaryimage\",\"url\":\"https:\/\/www.padreeustaquio.com.br\/wp-content\/uploads\/2024\/02\/palavra-de-padre-eustaquio-e1708953528654.jpeg\",\"contentUrl\":\"https:\/\/www.padreeustaquio.com.br\/wp-content\/uploads\/2024\/02\/palavra-de-padre-eustaquio-e1708953528654.jpeg\",\"width\":1600,\"height\":898},{\"@type\":\"BreadcrumbList\",\"@id\":\"https:\/\/www.padreeustaquio.com.br\/palavra-do-padre-eustaquio-a-visao-catolica-sobre-a-relacao-entre-o-homem-e-as-coisas-materiais\/#breadcrumb\",\"itemListElement\":[{\"@type\":\"ListItem\",\"position\":1,\"name\":\"In\u00edcio\",\"item\":\"https:\/\/www.padreeustaquio.com.br\/\"},{\"@type\":\"ListItem\",\"position\":2,\"name\":\"Palavra do Padre Eust\u00e1quio: A vis\u00e3o cat\u00f3lica sobre a rela\u00e7\u00e3o entre o homem e as coisas materiais\"}]},{\"@type\":\"WebSite\",\"@id\":\"https:\/\/www.padreeustaquio.com.br\/#website\",\"url\":\"https:\/\/www.padreeustaquio.com.br\/\",\"name\":\"Padre Eust\u00e1quio\",\"description\":\"Sa\u00fade e Paz\",\"publisher\":{\"@id\":\"https:\/\/www.padreeustaquio.com.br\/#organization\"},\"potentialAction\":[{\"@type\":\"SearchAction\",\"target\":{\"@type\":\"EntryPoint\",\"urlTemplate\":\"https:\/\/www.padreeustaquio.com.br\/?s={search_term_string}\"},\"query-input\":{\"@type\":\"PropertyValueSpecification\",\"valueRequired\":true,\"valueName\":\"search_term_string\"}}],\"inLanguage\":\"en-US\"},{\"@type\":\"Organization\",\"@id\":\"https:\/\/www.padreeustaquio.com.br\/#organization\",\"name\":\"Padre Eust\u00e1quio\",\"url\":\"https:\/\/www.padreeustaquio.com.br\/\",\"logo\":{\"@type\":\"ImageObject\",\"inLanguage\":\"en-US\",\"@id\":\"https:\/\/www.padreeustaquio.com.br\/#\/schema\/logo\/image\/\",\"url\":\"https:\/\/www.padreeustaquio.com.br\/wp-content\/uploads\/2019\/08\/marca.png\",\"contentUrl\":\"https:\/\/www.padreeustaquio.com.br\/wp-content\/uploads\/2019\/08\/marca.png\",\"width\":350,\"height\":400,\"caption\":\"Padre Eust\u00e1quio\"},\"image\":{\"@id\":\"https:\/\/www.padreeustaquio.com.br\/#\/schema\/logo\/image\/\"},\"sameAs\":[\"https:\/\/www.facebook.com\/beatopadreeustaquio\/\",\"https:\/\/x.com\/beatopeustaquio\",\"https:\/\/www.instagram.com\/beatopadreeustaquio\/\",\"https:\/\/www.youtube.com\/channel\/UCRhw7vfabnajwLxb1ZXMeIw\"]},{\"@type\":\"Person\",\"@id\":\"https:\/\/www.padreeustaquio.com.br\/#\/schema\/person\/a2a51db1d00f1a7af0204a0f1ddb1566\",\"name\":\"@sscc\",\"image\":{\"@type\":\"ImageObject\",\"inLanguage\":\"en-US\",\"@id\":\"https:\/\/secure.gravatar.com\/avatar\/68cfafa5f44617fea54071e215026e0ff06be366c3d54a8425f04fdcb86f8c5f?s=96&d=mm&r=g\",\"url\":\"https:\/\/secure.gravatar.com\/avatar\/68cfafa5f44617fea54071e215026e0ff06be366c3d54a8425f04fdcb86f8c5f?s=96&d=mm&r=g\",\"contentUrl\":\"https:\/\/secure.gravatar.com\/avatar\/68cfafa5f44617fea54071e215026e0ff06be366c3d54a8425f04fdcb86f8c5f?s=96&d=mm&r=g\",\"caption\":\"@sscc\"},\"url\":\"https:\/\/www.padreeustaquio.com.br\/en\/author\/sscc\/\"}]}<\/script>\n<!-- \/ Yoast SEO plugin. -->","yoast_head_json":{"title":"A Word from Father Eust\u00e1quio: The Catholic View on the Relationship Between Man and Material Things","description":"In a world increasingly centered on material values, it is crucial to reflect on the relationship between man and material things in the light of the Catholic faith. Material things were created to serve man, not the other way around. This is a fundamental notion that must be understood in our modern society, where we often place material things at the center of our lives, leaving human dignity in the background.","robots":{"index":"index","follow":"follow","max-snippet":"max-snippet:-1","max-image-preview":"max-image-preview:large","max-video-preview":"max-video-preview:-1"},"canonical":"https:\/\/www.padreeustaquio.com.br\/en\/father-eustaces-words-the-catholic-view-on-the-relationship-between-man-and-material-things\/","og_locale":"en_US","og_type":"article","og_title":"Palavra do Padre Eust\u00e1quio: A vis\u00e3o cat\u00f3lica sobre a rela\u00e7\u00e3o entre o homem e as coisas materiais","og_description":"Em um mundo cada vez mais centrado nos valores materiais, \u00e9 crucial refletir sobre a rela\u00e7\u00e3o entre o homem e as coisas materiais \u00e0 luz da f\u00e9 cat\u00f3lica. As coisas materiais foram criadas para servir ao homem, n\u00e3o o contr\u00e1rio. Esta \u00e9 uma no\u00e7\u00e3o fundamental que deve ser compreendida em nossa sociedade moderna, onde frequentemente colocamos as coisas materiais no centro de nossas vidas, deixando a dignidade humana em segundo plano.","og_url":"https:\/\/www.padreeustaquio.com.br\/en\/father-eustaces-words-the-catholic-view-on-the-relationship-between-man-and-material-things\/","og_site_name":"Padre Eust\u00e1quio","article_publisher":"https:\/\/www.facebook.com\/beatopadreeustaquio\/","article_published_time":"2024-02-26T13:17:44+00:00","article_modified_time":"2024-02-26T13:18:58+00:00","og_image":[{"width":1600,"height":898,"url":"https:\/\/www.padreeustaquio.com.br\/wp-content\/uploads\/2024\/02\/palavra-de-padre-eustaquio-e1708953528654.jpeg","type":"image\/jpeg"}],"author":"@sscc","twitter_card":"summary_large_image","twitter_creator":"@beatopeustaquio","twitter_site":"@beatopeustaquio","twitter_misc":{"Written by":"@sscc","Est. reading time":"3 minutes"},"schema":{"@context":"https:\/\/schema.org","@graph":[{"@type":"Article","@id":"https:\/\/www.padreeustaquio.com.br\/palavra-do-padre-eustaquio-a-visao-catolica-sobre-a-relacao-entre-o-homem-e-as-coisas-materiais\/#article","isPartOf":{"@id":"https:\/\/www.padreeustaquio.com.br\/palavra-do-padre-eustaquio-a-visao-catolica-sobre-a-relacao-entre-o-homem-e-as-coisas-materiais\/"},"author":{"name":"@sscc","@id":"https:\/\/www.padreeustaquio.com.br\/#\/schema\/person\/a2a51db1d00f1a7af0204a0f1ddb1566"},"headline":"Palavra do Padre Eust\u00e1quio: A vis\u00e3o cat\u00f3lica sobre a rela\u00e7\u00e3o entre o homem e as coisas materiais","datePublished":"2024-02-26T13:17:44+00:00","dateModified":"2024-02-26T13:18:58+00:00","mainEntityOfPage":{"@id":"https:\/\/www.padreeustaquio.com.br\/palavra-do-padre-eustaquio-a-visao-catolica-sobre-a-relacao-entre-o-homem-e-as-coisas-materiais\/"},"wordCount":487,"commentCount":0,"publisher":{"@id":"https:\/\/www.padreeustaquio.com.br\/#organization"},"image":{"@id":"https:\/\/www.padreeustaquio.com.br\/palavra-do-padre-eustaquio-a-visao-catolica-sobre-a-relacao-entre-o-homem-e-as-coisas-materiais\/#primaryimage"},"thumbnailUrl":"https:\/\/www.padreeustaquio.com.br\/wp-content\/uploads\/2024\/02\/palavra-de-padre-eustaquio-e1708953528654.jpeg","articleSection":["Not\u00edcias"],"inLanguage":"en-US","potentialAction":[{"@type":"CommentAction","name":"Comment","target":["https:\/\/www.padreeustaquio.com.br\/palavra-do-padre-eustaquio-a-visao-catolica-sobre-a-relacao-entre-o-homem-e-as-coisas-materiais\/#respond"]}]},{"@type":"WebPage","@id":"https:\/\/www.padreeustaquio.com.br\/palavra-do-padre-eustaquio-a-visao-catolica-sobre-a-relacao-entre-o-homem-e-as-coisas-materiais\/","url":"https:\/\/www.padreeustaquio.com.br\/palavra-do-padre-eustaquio-a-visao-catolica-sobre-a-relacao-entre-o-homem-e-as-coisas-materiais\/","name":"A Word from Father Eust\u00e1quio: The Catholic View on the Relationship Between Man and Material Things","isPartOf":{"@id":"https:\/\/www.padreeustaquio.com.br\/#website"},"primaryImageOfPage":{"@id":"https:\/\/www.padreeustaquio.com.br\/palavra-do-padre-eustaquio-a-visao-catolica-sobre-a-relacao-entre-o-homem-e-as-coisas-materiais\/#primaryimage"},"image":{"@id":"https:\/\/www.padreeustaquio.com.br\/palavra-do-padre-eustaquio-a-visao-catolica-sobre-a-relacao-entre-o-homem-e-as-coisas-materiais\/#primaryimage"},"thumbnailUrl":"https:\/\/www.padreeustaquio.com.br\/wp-content\/uploads\/2024\/02\/palavra-de-padre-eustaquio-e1708953528654.jpeg","datePublished":"2024-02-26T13:17:44+00:00","dateModified":"2024-02-26T13:18:58+00:00","description":"In a world increasingly centered on material values, it is crucial to reflect on the relationship between man and material things in the light of the Catholic faith. Material things were created to serve man, not the other way around. This is a fundamental notion that must be understood in our modern society, where we often place material things at the center of our lives, leaving human dignity in the background.","breadcrumb":{"@id":"https:\/\/www.padreeustaquio.com.br\/palavra-do-padre-eustaquio-a-visao-catolica-sobre-a-relacao-entre-o-homem-e-as-coisas-materiais\/#breadcrumb"},"inLanguage":"en-US","potentialAction":[{"@type":"ReadAction","target":["https:\/\/www.padreeustaquio.com.br\/palavra-do-padre-eustaquio-a-visao-catolica-sobre-a-relacao-entre-o-homem-e-as-coisas-materiais\/"]}]},{"@type":"ImageObject","inLanguage":"en-US","@id":"https:\/\/www.padreeustaquio.com.br\/palavra-do-padre-eustaquio-a-visao-catolica-sobre-a-relacao-entre-o-homem-e-as-coisas-materiais\/#primaryimage","url":"https:\/\/www.padreeustaquio.com.br\/wp-content\/uploads\/2024\/02\/palavra-de-padre-eustaquio-e1708953528654.jpeg","contentUrl":"https:\/\/www.padreeustaquio.com.br\/wp-content\/uploads\/2024\/02\/palavra-de-padre-eustaquio-e1708953528654.jpeg","width":1600,"height":898},{"@type":"BreadcrumbList","@id":"https:\/\/www.padreeustaquio.com.br\/palavra-do-padre-eustaquio-a-visao-catolica-sobre-a-relacao-entre-o-homem-e-as-coisas-materiais\/#breadcrumb","itemListElement":[{"@type":"ListItem","position":1,"name":"In\u00edcio","item":"https:\/\/www.padreeustaquio.com.br\/"},{"@type":"ListItem","position":2,"name":"Palavra do Padre Eust\u00e1quio: A vis\u00e3o cat\u00f3lica sobre a rela\u00e7\u00e3o entre o homem e as coisas materiais"}]},{"@type":"WebSite","@id":"https:\/\/www.padreeustaquio.com.br\/#website","url":"https:\/\/www.padreeustaquio.com.br\/","name":"FATHER EUST\u00c1QUIO","description":"Health and Peace","publisher":{"@id":"https:\/\/www.padreeustaquio.com.br\/#organization"},"potentialAction":[{"@type":"SearchAction","target":{"@type":"EntryPoint","urlTemplate":"https:\/\/www.padreeustaquio.com.br\/?s={search_term_string}"},"query-input":{"@type":"PropertyValueSpecification","valueRequired":true,"valueName":"search_term_string"}}],"inLanguage":"en-US"},{"@type":"Organization","@id":"https:\/\/www.padreeustaquio.com.br\/#organization","name":"FATHER EUST\u00c1QUIO","url":"https:\/\/www.padreeustaquio.com.br\/","logo":{"@type":"ImageObject","inLanguage":"en-US","@id":"https:\/\/www.padreeustaquio.com.br\/#\/schema\/logo\/image\/","url":"https:\/\/www.padreeustaquio.com.br\/wp-content\/uploads\/2019\/08\/marca.png","contentUrl":"https:\/\/www.padreeustaquio.com.br\/wp-content\/uploads\/2019\/08\/marca.png","width":350,"height":400,"caption":"Padre Eust\u00e1quio"},"image":{"@id":"https:\/\/www.padreeustaquio.com.br\/#\/schema\/logo\/image\/"},"sameAs":["https:\/\/www.facebook.com\/beatopadreeustaquio\/","https:\/\/x.com\/beatopeustaquio","https:\/\/www.instagram.com\/beatopadreeustaquio\/","https:\/\/www.youtube.com\/channel\/UCRhw7vfabnajwLxb1ZXMeIw"]},{"@type":"Person","@id":"https:\/\/www.padreeustaquio.com.br\/#\/schema\/person\/a2a51db1d00f1a7af0204a0f1ddb1566","name":"@sscc","image":{"@type":"ImageObject","inLanguage":"en-US","@id":"https:\/\/secure.gravatar.com\/avatar\/68cfafa5f44617fea54071e215026e0ff06be366c3d54a8425f04fdcb86f8c5f?s=96&d=mm&r=g","url":"https:\/\/secure.gravatar.com\/avatar\/68cfafa5f44617fea54071e215026e0ff06be366c3d54a8425f04fdcb86f8c5f?s=96&d=mm&r=g","contentUrl":"https:\/\/secure.gravatar.com\/avatar\/68cfafa5f44617fea54071e215026e0ff06be366c3d54a8425f04fdcb86f8c5f?s=96&d=mm&r=g","caption":"@sscc"},"url":"https:\/\/www.padreeustaquio.com.br\/en\/author\/sscc\/"}]}},"_links":{"self":[{"href":"https:\/\/www.padreeustaquio.com.br\/en\/wp-json\/wp\/v2\/posts\/11104","targetHints":{"allow":["GET"]}}],"collection":[{"href":"https:\/\/www.padreeustaquio.com.br\/en\/wp-json\/wp\/v2\/posts"}],"about":[{"href":"https:\/\/www.padreeustaquio.com.br\/en\/wp-json\/wp\/v2\/types\/post"}],"author":[{"embeddable":true,"href":"https:\/\/www.padreeustaquio.com.br\/en\/wp-json\/wp\/v2\/users\/2"}],"replies":[{"embeddable":true,"href":"https:\/\/www.padreeustaquio.com.br\/en\/wp-json\/wp\/v2\/comments?post=11104"}],"version-history":[{"count":0,"href":"https:\/\/www.padreeustaquio.com.br\/en\/wp-json\/wp\/v2\/posts\/11104\/revisions"}],"wp:featuredmedia":[{"embeddable":true,"href":"https:\/\/www.padreeustaquio.com.br\/en\/wp-json\/wp\/v2\/media\/11105"}],"wp:attachment":[{"href":"https:\/\/www.padreeustaquio.com.br\/en\/wp-json\/wp\/v2\/media?parent=11104"}],"wp:term":[{"taxonomy":"category","embeddable":true,"href":"https:\/\/www.padreeustaquio.com.br\/en\/wp-json\/wp\/v2\/categories?post=11104"},{"taxonomy":"post_tag","embeddable":true,"href":"https:\/\/www.padreeustaquio.com.br\/en\/wp-json\/wp\/v2\/tags?post=11104"}],"curies":[{"name":"wp","href":"https:\/\/api.w.org\/{rel}","templated":true}]}}