{"id":11095,"date":"2024-02-22T08:12:04","date_gmt":"2024-02-22T11:12:04","guid":{"rendered":"https:\/\/www.padreeustaquio.com.br\/?p=11095"},"modified":"2024-02-20T12:22:52","modified_gmt":"2024-02-20T15:22:52","slug":"paraguayan-brothers-of-the-sacred-hearts-visit-father-eustaquios-room","status":"publish","type":"post","link":"https:\/\/www.padreeustaquio.com.br\/en\/paraguayan-brothers-of-the-sacred-hearts-visit-father-eustaquios-room\/","title":{"rendered":"Paraguayan Brothers of the Sacred Hearts visit Father Eust\u00e1quio&#039;s room."},"content":{"rendered":"<p>The Brothers of the Sacred Hearts from Paraguay visited Father Eust\u00e1quio&#039;s room at the Alberto Cavalcanti Hospital in Belo Horizonte, Minas Gerais, this month. They were present at the Congregation&#039;s Assembly (held in Ouro Preto, Minas Gerais) and took advantage of their stay to visit the place where the Blessed Father spent his last moments on earth.<\/p>\n<p>In the photo, the first brother from left to right is Brother Carlos Aquino, known as Carlito; in the center is Fr. M\u00e1ximo Pe\u00f1a, sscc, Regional Superior of Paraguay; and on the right, Fr. Jos\u00e9 Ramon Torre-Marin, Fr. Toto.<\/p>\n<p>They visited the place and heard stories related to the devotees who seek refuge in the room for prayers and requests for graces, through the intercession of Father Eust\u00e1quio.<\/p>\n<p><strong>Room at Alberto Cavalcanti Hospital retains features from 1943.<\/strong><\/p>\n<p>The Alberto Cavalcanti Hospital, formerly the Minas Gerais Sanatorium, still maintains the room where Father Eust\u00e1quio died on August 30, 1943. Photos of the Blessed Father adorn the walls, along with photographs of devotees who leave their offerings of gratitude for graces received through his intercession.<\/p>\n<div class=\"wp-block-image\">\n<figure class=\"alignright size-medium\"><img fetchpriority=\"high\" decoding=\"async\" class=\"wp-image-9243 entered lazyloaded\" src=\"https:\/\/www.padreeustaquio.com.br\/wp-content\/uploads\/2022\/09\/Quarto-PE-AC-fotos-300x225.jpeg\" sizes=\"(max-width: 300px) 100vw, 300px\" srcset=\"https:\/\/www.padreeustaquio.com.br\/wp-content\/uploads\/2022\/09\/Quarto-PE-AC-fotos-300x225.jpeg 300w, https:\/\/www.padreeustaquio.com.br\/wp-content\/uploads\/2022\/09\/Quarto-PE-AC-fotos-1024x768.jpeg 1024w, https:\/\/www.padreeustaquio.com.br\/wp-content\/uploads\/2022\/09\/Quarto-PE-AC-fotos-768x576.jpeg 768w, https:\/\/www.padreeustaquio.com.br\/wp-content\/uploads\/2022\/09\/Quarto-PE-AC-fotos-180x135.jpeg 180w, https:\/\/www.padreeustaquio.com.br\/wp-content\/uploads\/2022\/09\/Quarto-PE-AC-fotos-400x300.jpeg 400w, https:\/\/www.padreeustaquio.com.br\/wp-content\/uploads\/2022\/09\/Quarto-PE-AC-fotos-600x450.jpeg 600w, https:\/\/www.padreeustaquio.com.br\/wp-content\/uploads\/2022\/09\/Quarto-PE-AC-fotos-800x600.jpeg 800w, https:\/\/www.padreeustaquio.com.br\/wp-content\/uploads\/2022\/09\/Quarto-PE-AC-fotos-1200x900.jpeg 1200w, https:\/\/www.padreeustaquio.com.br\/wp-content\/uploads\/2022\/09\/Quarto-PE-AC-fotos.jpeg 1280w\" alt=\"\" width=\"300\" height=\"225\" data-lazy-srcset=\"https:\/\/www.padreeustaquio.com.br\/wp-content\/uploads\/2022\/09\/Quarto-PE-AC-fotos-300x225.jpeg 300w, https:\/\/www.padreeustaquio.com.br\/wp-content\/uploads\/2022\/09\/Quarto-PE-AC-fotos-1024x768.jpeg 1024w, https:\/\/www.padreeustaquio.com.br\/wp-content\/uploads\/2022\/09\/Quarto-PE-AC-fotos-768x576.jpeg 768w, https:\/\/www.padreeustaquio.com.br\/wp-content\/uploads\/2022\/09\/Quarto-PE-AC-fotos-180x135.jpeg 180w, https:\/\/www.padreeustaquio.com.br\/wp-content\/uploads\/2022\/09\/Quarto-PE-AC-fotos-400x300.jpeg 400w, https:\/\/www.padreeustaquio.com.br\/wp-content\/uploads\/2022\/09\/Quarto-PE-AC-fotos-600x450.jpeg 600w, https:\/\/www.padreeustaquio.com.br\/wp-content\/uploads\/2022\/09\/Quarto-PE-AC-fotos-800x600.jpeg 800w, https:\/\/www.padreeustaquio.com.br\/wp-content\/uploads\/2022\/09\/Quarto-PE-AC-fotos-1200x900.jpeg 1200w, https:\/\/www.padreeustaquio.com.br\/wp-content\/uploads\/2022\/09\/Quarto-PE-AC-fotos.jpeg 1280w\" data-lazy-sizes=\"(max-width: 300px) 100vw, 300px\" data-lazy-src=\"https:\/\/www.padreeustaquio.com.br\/wp-content\/uploads\/2022\/09\/Quarto-PE-AC-fotos-300x225.jpeg\" data-ll-status=\"loaded\" \/><figcaption>Photo taken by devotees in the hospital room.<\/figcaption><\/figure>\n<\/div>\n<p>It was in this room that Father Eust\u00e1quio spent his last days. The place retains many of the things he left behind: a small, somewhat rusty iron bed, a straw mattress, a picture of the Blessed One, and a prayer for the sick. Some antique porcelain and a wall-mounted sink, where, according to accounts, Father Eust\u00e1quio kept his holy water, also remain in the small room.<\/p>\n<p>The place, which has become a point of devotion to the Dutch priest, especially for hospital staff, seeks to preserve the simplicity lived by Father Eust\u00e1quio. Traditionally, for years, doctors and nurses have stopped by the place for a prayer before starting their workday.<\/p>","protected":false},"excerpt":{"rendered":"<p>Os Irm\u00e3os dos Sagrados Cora\u00e7\u00f5es do Paraguai visitaram, este m\u00eas, o quarto do Padre Eust\u00e1quio no Hospital Alberto Cavalcanti, em Belo Horizonte\/MG. Eles estiveram presentes na Assembleia da Congrega\u00e7\u00e3o (realizada em Ouro Preto-MG) e aproveitaram a estadia para conhecer o local onde o Beato passou os \u00faltimos momentos aqui na terra. Na foto, o primeiro irm\u00e3o da esquerda para a direita \u00e9 o Irm\u00e3o Carlos Aquino, conhecido como Carlito, ao centro est\u00e1 Pe. M\u00e1ximo Pe\u00f1a, sscc, Superior Regional do Paraguai; e \u00e0 direita, Pe. Jos\u00e9 Ramon Torre-Marin, o Pe. Toto. Eles conheceram o local e ouviram hist\u00f3rias relacionada aos devotos [&hellip;]<\/p>\n","protected":false},"author":2,"featured_media":11096,"comment_status":"open","ping_status":"closed","sticky":false,"template":"","format":"standard","meta":{"_acf_changed":false,"footnotes":""},"categories":[611],"tags":[],"class_list":["post-11095","post","type-post","status-publish","format-standard","has-post-thumbnail","hentry","category-noticias"],"acf":[],"yoast_head":"<!-- This site is optimized with the Yoast SEO plugin v27.2 - https:\/\/yoast.com\/product\/yoast-seo-wordpress\/ -->\n<title>Irm\u00e3os paraguaios dos Sagrados Cora\u00e7\u00f5es visitam quarto de Padre Eust\u00e1quio<\/title>\n<meta name=\"description\" content=\"Os Irm\u00e3os dos Sagrados Cora\u00e7\u00f5es do Paraguai visitaram, este m\u00eas, o quarto do Padre Eust\u00e1quio no Hospital Alberto Cavalcanti, em Belo Horizonte\/MG. Eles estiveram presentes na Assembleia da Congrega\u00e7\u00e3o (realizada em Ouro Preto-MG) e aproveitaram a estadia para conhecer o local onde o Beato passou os \u00faltimos momentos aqui na terra.\" \/>\n<meta name=\"robots\" content=\"index, follow, max-snippet:-1, max-image-preview:large, max-video-preview:-1\" \/>\n<link rel=\"canonical\" href=\"https:\/\/www.padreeustaquio.com.br\/en\/paraguayan-brothers-of-the-sacred-hearts-visit-father-eustaquios-room\/\" \/>\n<meta property=\"og:locale\" content=\"en_US\" \/>\n<meta property=\"og:type\" content=\"article\" \/>\n<meta property=\"og:title\" content=\"Irm\u00e3os paraguaios dos Sagrados Cora\u00e7\u00f5es visitam quarto de Padre Eust\u00e1quio\" \/>\n<meta property=\"og:description\" content=\"Os Irm\u00e3os dos Sagrados Cora\u00e7\u00f5es do Paraguai visitaram, este m\u00eas, o quarto do Padre Eust\u00e1quio no Hospital Alberto Cavalcanti, em Belo Horizonte\/MG. Eles estiveram presentes na Assembleia da Congrega\u00e7\u00e3o (realizada em Ouro Preto-MG) e aproveitaram a estadia para conhecer o local onde o Beato passou os \u00faltimos momentos aqui na terra.\" \/>\n<meta property=\"og:url\" content=\"https:\/\/www.padreeustaquio.com.br\/en\/paraguayan-brothers-of-the-sacred-hearts-visit-father-eustaquios-room\/\" \/>\n<meta property=\"og:site_name\" content=\"Padre Eust\u00e1quio\" \/>\n<meta property=\"article:publisher\" content=\"https:\/\/www.facebook.com\/beatopadreeustaquio\/\" \/>\n<meta property=\"article:published_time\" content=\"2024-02-22T11:12:04+00:00\" \/>\n<meta property=\"og:image\" content=\"https:\/\/www.padreeustaquio.com.br\/wp-content\/uploads\/2024\/02\/visita-paraguaios-ao-quarto-de-padre-eustaquio.jpg\" \/>\n\t<meta property=\"og:image:width\" content=\"748\" \/>\n\t<meta property=\"og:image:height\" content=\"394\" \/>\n\t<meta property=\"og:image:type\" content=\"image\/jpeg\" \/>\n<meta name=\"author\" content=\"@sscc\" \/>\n<meta name=\"twitter:card\" content=\"summary_large_image\" \/>\n<meta name=\"twitter:creator\" content=\"@beatopeustaquio\" \/>\n<meta name=\"twitter:site\" content=\"@beatopeustaquio\" \/>\n<meta name=\"twitter:label1\" content=\"Written by\" \/>\n\t<meta name=\"twitter:data1\" content=\"@sscc\" \/>\n\t<meta name=\"twitter:label2\" content=\"Est. reading time\" \/>\n\t<meta name=\"twitter:data2\" content=\"3 minutes\" \/>\n<script type=\"application\/ld+json\" class=\"yoast-schema-graph\">{\"@context\":\"https:\/\/schema.org\",\"@graph\":[{\"@type\":\"Article\",\"@id\":\"https:\/\/www.padreeustaquio.com.br\/irmaos-paraguaios-dos-sagrados-coracoes-visitam-quarto-de-padre-eustaquio\/#article\",\"isPartOf\":{\"@id\":\"https:\/\/www.padreeustaquio.com.br\/irmaos-paraguaios-dos-sagrados-coracoes-visitam-quarto-de-padre-eustaquio\/\"},\"author\":{\"name\":\"@sscc\",\"@id\":\"https:\/\/www.padreeustaquio.com.br\/#\/schema\/person\/a2a51db1d00f1a7af0204a0f1ddb1566\"},\"headline\":\"Irm\u00e3os paraguaios dos Sagrados Cora\u00e7\u00f5es visitam quarto de Padre Eust\u00e1quio\",\"datePublished\":\"2024-02-22T11:12:04+00:00\",\"mainEntityOfPage\":{\"@id\":\"https:\/\/www.padreeustaquio.com.br\/irmaos-paraguaios-dos-sagrados-coracoes-visitam-quarto-de-padre-eustaquio\/\"},\"wordCount\":342,\"commentCount\":0,\"publisher\":{\"@id\":\"https:\/\/www.padreeustaquio.com.br\/#organization\"},\"image\":{\"@id\":\"https:\/\/www.padreeustaquio.com.br\/irmaos-paraguaios-dos-sagrados-coracoes-visitam-quarto-de-padre-eustaquio\/#primaryimage\"},\"thumbnailUrl\":\"https:\/\/www.padreeustaquio.com.br\/wp-content\/uploads\/2024\/02\/visita-paraguaios-ao-quarto-de-padre-eustaquio.jpg\",\"articleSection\":[\"Not\u00edcias\"],\"inLanguage\":\"en-US\",\"potentialAction\":[{\"@type\":\"CommentAction\",\"name\":\"Comment\",\"target\":[\"https:\/\/www.padreeustaquio.com.br\/irmaos-paraguaios-dos-sagrados-coracoes-visitam-quarto-de-padre-eustaquio\/#respond\"]}]},{\"@type\":\"WebPage\",\"@id\":\"https:\/\/www.padreeustaquio.com.br\/irmaos-paraguaios-dos-sagrados-coracoes-visitam-quarto-de-padre-eustaquio\/\",\"url\":\"https:\/\/www.padreeustaquio.com.br\/irmaos-paraguaios-dos-sagrados-coracoes-visitam-quarto-de-padre-eustaquio\/\",\"name\":\"Irm\u00e3os paraguaios dos Sagrados Cora\u00e7\u00f5es visitam quarto de Padre Eust\u00e1quio\",\"isPartOf\":{\"@id\":\"https:\/\/www.padreeustaquio.com.br\/#website\"},\"primaryImageOfPage\":{\"@id\":\"https:\/\/www.padreeustaquio.com.br\/irmaos-paraguaios-dos-sagrados-coracoes-visitam-quarto-de-padre-eustaquio\/#primaryimage\"},\"image\":{\"@id\":\"https:\/\/www.padreeustaquio.com.br\/irmaos-paraguaios-dos-sagrados-coracoes-visitam-quarto-de-padre-eustaquio\/#primaryimage\"},\"thumbnailUrl\":\"https:\/\/www.padreeustaquio.com.br\/wp-content\/uploads\/2024\/02\/visita-paraguaios-ao-quarto-de-padre-eustaquio.jpg\",\"datePublished\":\"2024-02-22T11:12:04+00:00\",\"description\":\"Os Irm\u00e3os dos Sagrados Cora\u00e7\u00f5es do Paraguai visitaram, este m\u00eas, o quarto do Padre Eust\u00e1quio no Hospital Alberto Cavalcanti, em Belo Horizonte\/MG. Eles estiveram presentes na Assembleia da Congrega\u00e7\u00e3o (realizada em Ouro Preto-MG) e aproveitaram a estadia para conhecer o local onde o Beato passou os \u00faltimos momentos aqui na terra.\",\"breadcrumb\":{\"@id\":\"https:\/\/www.padreeustaquio.com.br\/irmaos-paraguaios-dos-sagrados-coracoes-visitam-quarto-de-padre-eustaquio\/#breadcrumb\"},\"inLanguage\":\"en-US\",\"potentialAction\":[{\"@type\":\"ReadAction\",\"target\":[\"https:\/\/www.padreeustaquio.com.br\/irmaos-paraguaios-dos-sagrados-coracoes-visitam-quarto-de-padre-eustaquio\/\"]}]},{\"@type\":\"ImageObject\",\"inLanguage\":\"en-US\",\"@id\":\"https:\/\/www.padreeustaquio.com.br\/irmaos-paraguaios-dos-sagrados-coracoes-visitam-quarto-de-padre-eustaquio\/#primaryimage\",\"url\":\"https:\/\/www.padreeustaquio.com.br\/wp-content\/uploads\/2024\/02\/visita-paraguaios-ao-quarto-de-padre-eustaquio.jpg\",\"contentUrl\":\"https:\/\/www.padreeustaquio.com.br\/wp-content\/uploads\/2024\/02\/visita-paraguaios-ao-quarto-de-padre-eustaquio.jpg\",\"width\":748,\"height\":394},{\"@type\":\"BreadcrumbList\",\"@id\":\"https:\/\/www.padreeustaquio.com.br\/irmaos-paraguaios-dos-sagrados-coracoes-visitam-quarto-de-padre-eustaquio\/#breadcrumb\",\"itemListElement\":[{\"@type\":\"ListItem\",\"position\":1,\"name\":\"In\u00edcio\",\"item\":\"https:\/\/www.padreeustaquio.com.br\/\"},{\"@type\":\"ListItem\",\"position\":2,\"name\":\"Irm\u00e3os paraguaios dos Sagrados Cora\u00e7\u00f5es visitam quarto de Padre Eust\u00e1quio\"}]},{\"@type\":\"WebSite\",\"@id\":\"https:\/\/www.padreeustaquio.com.br\/#website\",\"url\":\"https:\/\/www.padreeustaquio.com.br\/\",\"name\":\"Padre Eust\u00e1quio\",\"description\":\"Sa\u00fade e Paz\",\"publisher\":{\"@id\":\"https:\/\/www.padreeustaquio.com.br\/#organization\"},\"potentialAction\":[{\"@type\":\"SearchAction\",\"target\":{\"@type\":\"EntryPoint\",\"urlTemplate\":\"https:\/\/www.padreeustaquio.com.br\/?s={search_term_string}\"},\"query-input\":{\"@type\":\"PropertyValueSpecification\",\"valueRequired\":true,\"valueName\":\"search_term_string\"}}],\"inLanguage\":\"en-US\"},{\"@type\":\"Organization\",\"@id\":\"https:\/\/www.padreeustaquio.com.br\/#organization\",\"name\":\"Padre Eust\u00e1quio\",\"url\":\"https:\/\/www.padreeustaquio.com.br\/\",\"logo\":{\"@type\":\"ImageObject\",\"inLanguage\":\"en-US\",\"@id\":\"https:\/\/www.padreeustaquio.com.br\/#\/schema\/logo\/image\/\",\"url\":\"https:\/\/www.padreeustaquio.com.br\/wp-content\/uploads\/2019\/08\/marca.png\",\"contentUrl\":\"https:\/\/www.padreeustaquio.com.br\/wp-content\/uploads\/2019\/08\/marca.png\",\"width\":350,\"height\":400,\"caption\":\"Padre Eust\u00e1quio\"},\"image\":{\"@id\":\"https:\/\/www.padreeustaquio.com.br\/#\/schema\/logo\/image\/\"},\"sameAs\":[\"https:\/\/www.facebook.com\/beatopadreeustaquio\/\",\"https:\/\/x.com\/beatopeustaquio\",\"https:\/\/www.instagram.com\/beatopadreeustaquio\/\",\"https:\/\/www.youtube.com\/channel\/UCRhw7vfabnajwLxb1ZXMeIw\"]},{\"@type\":\"Person\",\"@id\":\"https:\/\/www.padreeustaquio.com.br\/#\/schema\/person\/a2a51db1d00f1a7af0204a0f1ddb1566\",\"name\":\"@sscc\",\"image\":{\"@type\":\"ImageObject\",\"inLanguage\":\"en-US\",\"@id\":\"https:\/\/secure.gravatar.com\/avatar\/68cfafa5f44617fea54071e215026e0ff06be366c3d54a8425f04fdcb86f8c5f?s=96&d=mm&r=g\",\"url\":\"https:\/\/secure.gravatar.com\/avatar\/68cfafa5f44617fea54071e215026e0ff06be366c3d54a8425f04fdcb86f8c5f?s=96&d=mm&r=g\",\"contentUrl\":\"https:\/\/secure.gravatar.com\/avatar\/68cfafa5f44617fea54071e215026e0ff06be366c3d54a8425f04fdcb86f8c5f?s=96&d=mm&r=g\",\"caption\":\"@sscc\"},\"url\":\"https:\/\/www.padreeustaquio.com.br\/en\/author\/sscc\/\"}]}<\/script>\n<!-- \/ Yoast SEO plugin. -->","yoast_head_json":{"title":"Paraguayan Brothers of the Sacred Hearts visit Father Eust\u00e1quio&#039;s room.","description":"The Brothers of the Sacred Hearts from Paraguay visited Father Eust\u00e1quio&#039;s room at the Alberto Cavalcanti Hospital in Belo Horizonte, Minas Gerais, this month. They were present at the Congregation&#039;s Assembly (held in Ouro Preto, Minas Gerais) and took advantage of their stay to visit the place where the Blessed Father spent his last moments on earth.","robots":{"index":"index","follow":"follow","max-snippet":"max-snippet:-1","max-image-preview":"max-image-preview:large","max-video-preview":"max-video-preview:-1"},"canonical":"https:\/\/www.padreeustaquio.com.br\/en\/paraguayan-brothers-of-the-sacred-hearts-visit-father-eustaquios-room\/","og_locale":"en_US","og_type":"article","og_title":"Irm\u00e3os paraguaios dos Sagrados Cora\u00e7\u00f5es visitam quarto de Padre Eust\u00e1quio","og_description":"Os Irm\u00e3os dos Sagrados Cora\u00e7\u00f5es do Paraguai visitaram, este m\u00eas, o quarto do Padre Eust\u00e1quio no Hospital Alberto Cavalcanti, em Belo Horizonte\/MG. Eles estiveram presentes na Assembleia da Congrega\u00e7\u00e3o (realizada em Ouro Preto-MG) e aproveitaram a estadia para conhecer o local onde o Beato passou os \u00faltimos momentos aqui na terra.","og_url":"https:\/\/www.padreeustaquio.com.br\/en\/paraguayan-brothers-of-the-sacred-hearts-visit-father-eustaquios-room\/","og_site_name":"Padre Eust\u00e1quio","article_publisher":"https:\/\/www.facebook.com\/beatopadreeustaquio\/","article_published_time":"2024-02-22T11:12:04+00:00","og_image":[{"width":748,"height":394,"url":"https:\/\/www.padreeustaquio.com.br\/wp-content\/uploads\/2024\/02\/visita-paraguaios-ao-quarto-de-padre-eustaquio.jpg","type":"image\/jpeg"}],"author":"@sscc","twitter_card":"summary_large_image","twitter_creator":"@beatopeustaquio","twitter_site":"@beatopeustaquio","twitter_misc":{"Written by":"@sscc","Est. reading time":"3 minutes"},"schema":{"@context":"https:\/\/schema.org","@graph":[{"@type":"Article","@id":"https:\/\/www.padreeustaquio.com.br\/irmaos-paraguaios-dos-sagrados-coracoes-visitam-quarto-de-padre-eustaquio\/#article","isPartOf":{"@id":"https:\/\/www.padreeustaquio.com.br\/irmaos-paraguaios-dos-sagrados-coracoes-visitam-quarto-de-padre-eustaquio\/"},"author":{"name":"@sscc","@id":"https:\/\/www.padreeustaquio.com.br\/#\/schema\/person\/a2a51db1d00f1a7af0204a0f1ddb1566"},"headline":"Irm\u00e3os paraguaios dos Sagrados Cora\u00e7\u00f5es visitam quarto de Padre Eust\u00e1quio","datePublished":"2024-02-22T11:12:04+00:00","mainEntityOfPage":{"@id":"https:\/\/www.padreeustaquio.com.br\/irmaos-paraguaios-dos-sagrados-coracoes-visitam-quarto-de-padre-eustaquio\/"},"wordCount":342,"commentCount":0,"publisher":{"@id":"https:\/\/www.padreeustaquio.com.br\/#organization"},"image":{"@id":"https:\/\/www.padreeustaquio.com.br\/irmaos-paraguaios-dos-sagrados-coracoes-visitam-quarto-de-padre-eustaquio\/#primaryimage"},"thumbnailUrl":"https:\/\/www.padreeustaquio.com.br\/wp-content\/uploads\/2024\/02\/visita-paraguaios-ao-quarto-de-padre-eustaquio.jpg","articleSection":["Not\u00edcias"],"inLanguage":"en-US","potentialAction":[{"@type":"CommentAction","name":"Comment","target":["https:\/\/www.padreeustaquio.com.br\/irmaos-paraguaios-dos-sagrados-coracoes-visitam-quarto-de-padre-eustaquio\/#respond"]}]},{"@type":"WebPage","@id":"https:\/\/www.padreeustaquio.com.br\/irmaos-paraguaios-dos-sagrados-coracoes-visitam-quarto-de-padre-eustaquio\/","url":"https:\/\/www.padreeustaquio.com.br\/irmaos-paraguaios-dos-sagrados-coracoes-visitam-quarto-de-padre-eustaquio\/","name":"Paraguayan Brothers of the Sacred Hearts visit Father Eust\u00e1quio&#039;s room.","isPartOf":{"@id":"https:\/\/www.padreeustaquio.com.br\/#website"},"primaryImageOfPage":{"@id":"https:\/\/www.padreeustaquio.com.br\/irmaos-paraguaios-dos-sagrados-coracoes-visitam-quarto-de-padre-eustaquio\/#primaryimage"},"image":{"@id":"https:\/\/www.padreeustaquio.com.br\/irmaos-paraguaios-dos-sagrados-coracoes-visitam-quarto-de-padre-eustaquio\/#primaryimage"},"thumbnailUrl":"https:\/\/www.padreeustaquio.com.br\/wp-content\/uploads\/2024\/02\/visita-paraguaios-ao-quarto-de-padre-eustaquio.jpg","datePublished":"2024-02-22T11:12:04+00:00","description":"The Brothers of the Sacred Hearts from Paraguay visited Father Eust\u00e1quio&#039;s room at the Alberto Cavalcanti Hospital in Belo Horizonte, Minas Gerais, this month. They were present at the Congregation&#039;s Assembly (held in Ouro Preto, Minas Gerais) and took advantage of their stay to visit the place where the Blessed Father spent his last moments on earth.","breadcrumb":{"@id":"https:\/\/www.padreeustaquio.com.br\/irmaos-paraguaios-dos-sagrados-coracoes-visitam-quarto-de-padre-eustaquio\/#breadcrumb"},"inLanguage":"en-US","potentialAction":[{"@type":"ReadAction","target":["https:\/\/www.padreeustaquio.com.br\/irmaos-paraguaios-dos-sagrados-coracoes-visitam-quarto-de-padre-eustaquio\/"]}]},{"@type":"ImageObject","inLanguage":"en-US","@id":"https:\/\/www.padreeustaquio.com.br\/irmaos-paraguaios-dos-sagrados-coracoes-visitam-quarto-de-padre-eustaquio\/#primaryimage","url":"https:\/\/www.padreeustaquio.com.br\/wp-content\/uploads\/2024\/02\/visita-paraguaios-ao-quarto-de-padre-eustaquio.jpg","contentUrl":"https:\/\/www.padreeustaquio.com.br\/wp-content\/uploads\/2024\/02\/visita-paraguaios-ao-quarto-de-padre-eustaquio.jpg","width":748,"height":394},{"@type":"BreadcrumbList","@id":"https:\/\/www.padreeustaquio.com.br\/irmaos-paraguaios-dos-sagrados-coracoes-visitam-quarto-de-padre-eustaquio\/#breadcrumb","itemListElement":[{"@type":"ListItem","position":1,"name":"In\u00edcio","item":"https:\/\/www.padreeustaquio.com.br\/"},{"@type":"ListItem","position":2,"name":"Irm\u00e3os paraguaios dos Sagrados Cora\u00e7\u00f5es visitam quarto de Padre Eust\u00e1quio"}]},{"@type":"WebSite","@id":"https:\/\/www.padreeustaquio.com.br\/#website","url":"https:\/\/www.padreeustaquio.com.br\/","name":"FATHER EUST\u00c1QUIO","description":"Health and Peace","publisher":{"@id":"https:\/\/www.padreeustaquio.com.br\/#organization"},"potentialAction":[{"@type":"SearchAction","target":{"@type":"EntryPoint","urlTemplate":"https:\/\/www.padreeustaquio.com.br\/?s={search_term_string}"},"query-input":{"@type":"PropertyValueSpecification","valueRequired":true,"valueName":"search_term_string"}}],"inLanguage":"en-US"},{"@type":"Organization","@id":"https:\/\/www.padreeustaquio.com.br\/#organization","name":"FATHER EUST\u00c1QUIO","url":"https:\/\/www.padreeustaquio.com.br\/","logo":{"@type":"ImageObject","inLanguage":"en-US","@id":"https:\/\/www.padreeustaquio.com.br\/#\/schema\/logo\/image\/","url":"https:\/\/www.padreeustaquio.com.br\/wp-content\/uploads\/2019\/08\/marca.png","contentUrl":"https:\/\/www.padreeustaquio.com.br\/wp-content\/uploads\/2019\/08\/marca.png","width":350,"height":400,"caption":"Padre Eust\u00e1quio"},"image":{"@id":"https:\/\/www.padreeustaquio.com.br\/#\/schema\/logo\/image\/"},"sameAs":["https:\/\/www.facebook.com\/beatopadreeustaquio\/","https:\/\/x.com\/beatopeustaquio","https:\/\/www.instagram.com\/beatopadreeustaquio\/","https:\/\/www.youtube.com\/channel\/UCRhw7vfabnajwLxb1ZXMeIw"]},{"@type":"Person","@id":"https:\/\/www.padreeustaquio.com.br\/#\/schema\/person\/a2a51db1d00f1a7af0204a0f1ddb1566","name":"@sscc","image":{"@type":"ImageObject","inLanguage":"en-US","@id":"https:\/\/secure.gravatar.com\/avatar\/68cfafa5f44617fea54071e215026e0ff06be366c3d54a8425f04fdcb86f8c5f?s=96&d=mm&r=g","url":"https:\/\/secure.gravatar.com\/avatar\/68cfafa5f44617fea54071e215026e0ff06be366c3d54a8425f04fdcb86f8c5f?s=96&d=mm&r=g","contentUrl":"https:\/\/secure.gravatar.com\/avatar\/68cfafa5f44617fea54071e215026e0ff06be366c3d54a8425f04fdcb86f8c5f?s=96&d=mm&r=g","caption":"@sscc"},"url":"https:\/\/www.padreeustaquio.com.br\/en\/author\/sscc\/"}]}},"_links":{"self":[{"href":"https:\/\/www.padreeustaquio.com.br\/en\/wp-json\/wp\/v2\/posts\/11095","targetHints":{"allow":["GET"]}}],"collection":[{"href":"https:\/\/www.padreeustaquio.com.br\/en\/wp-json\/wp\/v2\/posts"}],"about":[{"href":"https:\/\/www.padreeustaquio.com.br\/en\/wp-json\/wp\/v2\/types\/post"}],"author":[{"embeddable":true,"href":"https:\/\/www.padreeustaquio.com.br\/en\/wp-json\/wp\/v2\/users\/2"}],"replies":[{"embeddable":true,"href":"https:\/\/www.padreeustaquio.com.br\/en\/wp-json\/wp\/v2\/comments?post=11095"}],"version-history":[{"count":0,"href":"https:\/\/www.padreeustaquio.com.br\/en\/wp-json\/wp\/v2\/posts\/11095\/revisions"}],"wp:featuredmedia":[{"embeddable":true,"href":"https:\/\/www.padreeustaquio.com.br\/en\/wp-json\/wp\/v2\/media\/11096"}],"wp:attachment":[{"href":"https:\/\/www.padreeustaquio.com.br\/en\/wp-json\/wp\/v2\/media?parent=11095"}],"wp:term":[{"taxonomy":"category","embeddable":true,"href":"https:\/\/www.padreeustaquio.com.br\/en\/wp-json\/wp\/v2\/categories?post=11095"},{"taxonomy":"post_tag","embeddable":true,"href":"https:\/\/www.padreeustaquio.com.br\/en\/wp-json\/wp\/v2\/tags?post=11095"}],"curies":[{"name":"wp","href":"https:\/\/api.w.org\/{rel}","templated":true}]}}