{"id":11091,"date":"2024-02-20T11:45:22","date_gmt":"2024-02-20T14:45:22","guid":{"rendered":"https:\/\/www.padreeustaquio.com.br\/?p=11091"},"modified":"2024-02-20T11:45:22","modified_gmt":"2024-02-20T14:45:22","slug":"four-new-young-people-begin-their-journey-in-the-sacred-hearts","status":"publish","type":"post","link":"https:\/\/www.padreeustaquio.com.br\/en\/four-new-young-people-begin-their-journey-in-the-sacred-hearts\/","title":{"rendered":"Four new young people begin their journey in the Sacred Hearts."},"content":{"rendered":"<p>The Province of the Sacred Hearts in Brazil celebrated this month the opening of the Postulancy in Pindamonhangaba, S\u00e3o Paulo, marking the beginning of the formation process for four young men in the Congregation.<\/p>\n<p>The opening Mass was presided over by the Provincial Superior of Brazil, Fr. Osv\u00e2nio Humberto Mariano, ss.cc. On behalf of the other brothers, the Provincial warmly welcomed each of the young men. The new postulants are: Igor Dantas (Campo Grande, RJ), Jo\u00e3o Marcos (Ant\u00f4nio Martins, RN), Lucas Soares (Paracatu, MG) and Wesley Paulo (Capelinha, MG).<\/p>\n<p>Accompanying the Provincial Superior were the formators, Fathers Edvaldo Carneiro, ss.cc, and Ricardo Gomes, ss.cc. The celebration also included the participation of Fathers Edmar Aparecido de Oliveira, ss.cc, Alexandre Campos Leite, ss.cc, and Vitor Henrique Borges, ss.cc, reinforcing the unity, commitment, and support of the religious community during the formative period.<\/p>\n<p>The name chosen for the Postulancy was \u201cDom Luiz Mancilha Vilela, ss.cc.\u201d, a tribute to the illustrious son of the Sacred Hearts who, as a priest in the 1970s, was a formator of the community, contributing significantly to the formation of the Congregation&#039;s postulants in the city of Pindamonhangaba. Dom Luiz was also Archbishop of Vit\u00f3ria between 2002 and 2018. His passing in 2022 not only reinforces the importance of this tribute but also highlights the grateful memory of Dom Luiz&#039;s pastoral work.<\/p>\n<p>The event, marked by moments of reflection, prayer, joy, and fraternity, also represents an important milestone in the history of the Province of Brazil, which returns to Pindamonhangaba, reaffirming its commitment and significant presence in the region.<\/p>\n<p><strong>Source: sscc.org.br<\/strong><\/p>","protected":false},"excerpt":{"rendered":"<p>A Prov\u00edncia dos Sagrados Cora\u00e7\u00f5es no Brasil celebrou, este m\u00eas, a abertura do Postulantado em Pindamonhangaba, S\u00e3o Paulo, marcando o in\u00edcio do processo de forma\u00e7\u00e3o para quatro jovens na Congrega\u00e7\u00e3o. A santa missa de abertura foi presidida pelo superior provincial do Brasil, Pe. Osv\u00e2nio Humberto Mariano, ss.cc. Em nome dos demais irm\u00e3os, o provincial acolheu calorosamente a cada um dos jovens. Os novos postulantes s\u00e3o: Igor Dantas (Campo Grande, RJ), Jo\u00e3o Marcos (Ant\u00f4nio Martins, RN), Lucas Soares (Paracatu, MG) e Wesley Paulo (Capelinha, MG). Acompanhando o Superior Provincial estavam os formadores Padres Edvaldo Carneiro, ss.cc, e Ricardo Gomes, ss.cc. A [&hellip;]<\/p>\n","protected":false},"author":2,"featured_media":11092,"comment_status":"open","ping_status":"closed","sticky":false,"template":"","format":"standard","meta":{"_acf_changed":false,"footnotes":""},"categories":[611],"tags":[],"class_list":["post-11091","post","type-post","status-publish","format-standard","has-post-thumbnail","hentry","category-noticias"],"acf":[],"yoast_head":"<!-- This site is optimized with the Yoast SEO plugin v27.2 - https:\/\/yoast.com\/product\/yoast-seo-wordpress\/ -->\n<title>Quatro novos jovens come\u00e7am caminhada nos Sagrados Cora\u00e7\u00f5es<\/title>\n<meta name=\"description\" content=\"A Prov\u00edncia dos Sagrados Cora\u00e7\u00f5es no Brasil celebrou, este m\u00eas, a abertura do Postulantado em Pindamonhangaba, S\u00e3o Paulo, marcando o in\u00edcio do processo de forma\u00e7\u00e3o para quatro jovens na Congrega\u00e7\u00e3o.\" \/>\n<meta name=\"robots\" content=\"index, follow, max-snippet:-1, max-image-preview:large, max-video-preview:-1\" \/>\n<link rel=\"canonical\" href=\"https:\/\/www.padreeustaquio.com.br\/en\/four-new-young-people-begin-their-journey-in-the-sacred-hearts\/\" \/>\n<meta property=\"og:locale\" content=\"en_US\" \/>\n<meta property=\"og:type\" content=\"article\" \/>\n<meta property=\"og:title\" content=\"Quatro novos jovens come\u00e7am caminhada nos Sagrados Cora\u00e7\u00f5es\" \/>\n<meta property=\"og:description\" content=\"A Prov\u00edncia dos Sagrados Cora\u00e7\u00f5es no Brasil celebrou, este m\u00eas, a abertura do Postulantado em Pindamonhangaba, S\u00e3o Paulo, marcando o in\u00edcio do processo de forma\u00e7\u00e3o para quatro jovens na Congrega\u00e7\u00e3o.\" \/>\n<meta property=\"og:url\" content=\"https:\/\/www.padreeustaquio.com.br\/en\/four-new-young-people-begin-their-journey-in-the-sacred-hearts\/\" \/>\n<meta property=\"og:site_name\" content=\"Padre Eust\u00e1quio\" \/>\n<meta property=\"article:publisher\" content=\"https:\/\/www.facebook.com\/beatopadreeustaquio\/\" \/>\n<meta property=\"article:published_time\" content=\"2024-02-20T14:45:22+00:00\" \/>\n<meta property=\"og:image\" content=\"https:\/\/www.padreeustaquio.com.br\/wp-content\/uploads\/2024\/02\/inicio-postulantado-jovens-2024.jpeg\" \/>\n\t<meta property=\"og:image:width\" content=\"1280\" \/>\n\t<meta property=\"og:image:height\" content=\"960\" \/>\n\t<meta property=\"og:image:type\" content=\"image\/jpeg\" \/>\n<meta name=\"author\" content=\"@sscc\" \/>\n<meta name=\"twitter:card\" content=\"summary_large_image\" \/>\n<meta name=\"twitter:creator\" content=\"@beatopeustaquio\" \/>\n<meta name=\"twitter:site\" content=\"@beatopeustaquio\" \/>\n<meta name=\"twitter:label1\" content=\"Written by\" \/>\n\t<meta name=\"twitter:data1\" content=\"@sscc\" \/>\n\t<meta name=\"twitter:label2\" content=\"Est. reading time\" \/>\n\t<meta name=\"twitter:data2\" content=\"2 minutes\" \/>\n<script type=\"application\/ld+json\" class=\"yoast-schema-graph\">{\"@context\":\"https:\/\/schema.org\",\"@graph\":[{\"@type\":\"Article\",\"@id\":\"https:\/\/www.padreeustaquio.com.br\/quatro-novos-jovens-comecam-caminhada-nos-sagrados-coracoes\/#article\",\"isPartOf\":{\"@id\":\"https:\/\/www.padreeustaquio.com.br\/quatro-novos-jovens-comecam-caminhada-nos-sagrados-coracoes\/\"},\"author\":{\"name\":\"@sscc\",\"@id\":\"https:\/\/www.padreeustaquio.com.br\/#\/schema\/person\/a2a51db1d00f1a7af0204a0f1ddb1566\"},\"headline\":\"Quatro novos jovens come\u00e7am caminhada nos Sagrados Cora\u00e7\u00f5es\",\"datePublished\":\"2024-02-20T14:45:22+00:00\",\"mainEntityOfPage\":{\"@id\":\"https:\/\/www.padreeustaquio.com.br\/quatro-novos-jovens-comecam-caminhada-nos-sagrados-coracoes\/\"},\"wordCount\":302,\"commentCount\":0,\"publisher\":{\"@id\":\"https:\/\/www.padreeustaquio.com.br\/#organization\"},\"image\":{\"@id\":\"https:\/\/www.padreeustaquio.com.br\/quatro-novos-jovens-comecam-caminhada-nos-sagrados-coracoes\/#primaryimage\"},\"thumbnailUrl\":\"https:\/\/www.padreeustaquio.com.br\/wp-content\/uploads\/2024\/02\/inicio-postulantado-jovens-2024.jpeg\",\"articleSection\":[\"Not\u00edcias\"],\"inLanguage\":\"en-US\",\"potentialAction\":[{\"@type\":\"CommentAction\",\"name\":\"Comment\",\"target\":[\"https:\/\/www.padreeustaquio.com.br\/quatro-novos-jovens-comecam-caminhada-nos-sagrados-coracoes\/#respond\"]}]},{\"@type\":\"WebPage\",\"@id\":\"https:\/\/www.padreeustaquio.com.br\/quatro-novos-jovens-comecam-caminhada-nos-sagrados-coracoes\/\",\"url\":\"https:\/\/www.padreeustaquio.com.br\/quatro-novos-jovens-comecam-caminhada-nos-sagrados-coracoes\/\",\"name\":\"Quatro novos jovens come\u00e7am caminhada nos Sagrados Cora\u00e7\u00f5es\",\"isPartOf\":{\"@id\":\"https:\/\/www.padreeustaquio.com.br\/#website\"},\"primaryImageOfPage\":{\"@id\":\"https:\/\/www.padreeustaquio.com.br\/quatro-novos-jovens-comecam-caminhada-nos-sagrados-coracoes\/#primaryimage\"},\"image\":{\"@id\":\"https:\/\/www.padreeustaquio.com.br\/quatro-novos-jovens-comecam-caminhada-nos-sagrados-coracoes\/#primaryimage\"},\"thumbnailUrl\":\"https:\/\/www.padreeustaquio.com.br\/wp-content\/uploads\/2024\/02\/inicio-postulantado-jovens-2024.jpeg\",\"datePublished\":\"2024-02-20T14:45:22+00:00\",\"description\":\"A Prov\u00edncia dos Sagrados Cora\u00e7\u00f5es no Brasil celebrou, este m\u00eas, a abertura do Postulantado em Pindamonhangaba, S\u00e3o Paulo, marcando o in\u00edcio do processo de forma\u00e7\u00e3o para quatro jovens na Congrega\u00e7\u00e3o.\",\"breadcrumb\":{\"@id\":\"https:\/\/www.padreeustaquio.com.br\/quatro-novos-jovens-comecam-caminhada-nos-sagrados-coracoes\/#breadcrumb\"},\"inLanguage\":\"en-US\",\"potentialAction\":[{\"@type\":\"ReadAction\",\"target\":[\"https:\/\/www.padreeustaquio.com.br\/quatro-novos-jovens-comecam-caminhada-nos-sagrados-coracoes\/\"]}]},{\"@type\":\"ImageObject\",\"inLanguage\":\"en-US\",\"@id\":\"https:\/\/www.padreeustaquio.com.br\/quatro-novos-jovens-comecam-caminhada-nos-sagrados-coracoes\/#primaryimage\",\"url\":\"https:\/\/www.padreeustaquio.com.br\/wp-content\/uploads\/2024\/02\/inicio-postulantado-jovens-2024.jpeg\",\"contentUrl\":\"https:\/\/www.padreeustaquio.com.br\/wp-content\/uploads\/2024\/02\/inicio-postulantado-jovens-2024.jpeg\",\"width\":1280,\"height\":960},{\"@type\":\"BreadcrumbList\",\"@id\":\"https:\/\/www.padreeustaquio.com.br\/quatro-novos-jovens-comecam-caminhada-nos-sagrados-coracoes\/#breadcrumb\",\"itemListElement\":[{\"@type\":\"ListItem\",\"position\":1,\"name\":\"In\u00edcio\",\"item\":\"https:\/\/www.padreeustaquio.com.br\/\"},{\"@type\":\"ListItem\",\"position\":2,\"name\":\"Quatro novos jovens come\u00e7am caminhada nos Sagrados Cora\u00e7\u00f5es\"}]},{\"@type\":\"WebSite\",\"@id\":\"https:\/\/www.padreeustaquio.com.br\/#website\",\"url\":\"https:\/\/www.padreeustaquio.com.br\/\",\"name\":\"Padre Eust\u00e1quio\",\"description\":\"Sa\u00fade e Paz\",\"publisher\":{\"@id\":\"https:\/\/www.padreeustaquio.com.br\/#organization\"},\"potentialAction\":[{\"@type\":\"SearchAction\",\"target\":{\"@type\":\"EntryPoint\",\"urlTemplate\":\"https:\/\/www.padreeustaquio.com.br\/?s={search_term_string}\"},\"query-input\":{\"@type\":\"PropertyValueSpecification\",\"valueRequired\":true,\"valueName\":\"search_term_string\"}}],\"inLanguage\":\"en-US\"},{\"@type\":\"Organization\",\"@id\":\"https:\/\/www.padreeustaquio.com.br\/#organization\",\"name\":\"Padre Eust\u00e1quio\",\"url\":\"https:\/\/www.padreeustaquio.com.br\/\",\"logo\":{\"@type\":\"ImageObject\",\"inLanguage\":\"en-US\",\"@id\":\"https:\/\/www.padreeustaquio.com.br\/#\/schema\/logo\/image\/\",\"url\":\"https:\/\/www.padreeustaquio.com.br\/wp-content\/uploads\/2019\/08\/marca.png\",\"contentUrl\":\"https:\/\/www.padreeustaquio.com.br\/wp-content\/uploads\/2019\/08\/marca.png\",\"width\":350,\"height\":400,\"caption\":\"Padre Eust\u00e1quio\"},\"image\":{\"@id\":\"https:\/\/www.padreeustaquio.com.br\/#\/schema\/logo\/image\/\"},\"sameAs\":[\"https:\/\/www.facebook.com\/beatopadreeustaquio\/\",\"https:\/\/x.com\/beatopeustaquio\",\"https:\/\/www.instagram.com\/beatopadreeustaquio\/\",\"https:\/\/www.youtube.com\/channel\/UCRhw7vfabnajwLxb1ZXMeIw\"]},{\"@type\":\"Person\",\"@id\":\"https:\/\/www.padreeustaquio.com.br\/#\/schema\/person\/a2a51db1d00f1a7af0204a0f1ddb1566\",\"name\":\"@sscc\",\"image\":{\"@type\":\"ImageObject\",\"inLanguage\":\"en-US\",\"@id\":\"https:\/\/secure.gravatar.com\/avatar\/68cfafa5f44617fea54071e215026e0ff06be366c3d54a8425f04fdcb86f8c5f?s=96&d=mm&r=g\",\"url\":\"https:\/\/secure.gravatar.com\/avatar\/68cfafa5f44617fea54071e215026e0ff06be366c3d54a8425f04fdcb86f8c5f?s=96&d=mm&r=g\",\"contentUrl\":\"https:\/\/secure.gravatar.com\/avatar\/68cfafa5f44617fea54071e215026e0ff06be366c3d54a8425f04fdcb86f8c5f?s=96&d=mm&r=g\",\"caption\":\"@sscc\"},\"url\":\"https:\/\/www.padreeustaquio.com.br\/en\/author\/sscc\/\"}]}<\/script>\n<!-- \/ Yoast SEO plugin. -->","yoast_head_json":{"title":"Four new young people begin their journey in the Sacred Hearts.","description":"The Province of the Sacred Hearts in Brazil celebrated this month the opening of the Postulancy in Pindamonhangaba, S\u00e3o Paulo, marking the beginning of the formation process for four young men in the Congregation.","robots":{"index":"index","follow":"follow","max-snippet":"max-snippet:-1","max-image-preview":"max-image-preview:large","max-video-preview":"max-video-preview:-1"},"canonical":"https:\/\/www.padreeustaquio.com.br\/en\/four-new-young-people-begin-their-journey-in-the-sacred-hearts\/","og_locale":"en_US","og_type":"article","og_title":"Quatro novos jovens come\u00e7am caminhada nos Sagrados Cora\u00e7\u00f5es","og_description":"A Prov\u00edncia dos Sagrados Cora\u00e7\u00f5es no Brasil celebrou, este m\u00eas, a abertura do Postulantado em Pindamonhangaba, S\u00e3o Paulo, marcando o in\u00edcio do processo de forma\u00e7\u00e3o para quatro jovens na Congrega\u00e7\u00e3o.","og_url":"https:\/\/www.padreeustaquio.com.br\/en\/four-new-young-people-begin-their-journey-in-the-sacred-hearts\/","og_site_name":"Padre Eust\u00e1quio","article_publisher":"https:\/\/www.facebook.com\/beatopadreeustaquio\/","article_published_time":"2024-02-20T14:45:22+00:00","og_image":[{"width":1280,"height":960,"url":"https:\/\/www.padreeustaquio.com.br\/wp-content\/uploads\/2024\/02\/inicio-postulantado-jovens-2024.jpeg","type":"image\/jpeg"}],"author":"@sscc","twitter_card":"summary_large_image","twitter_creator":"@beatopeustaquio","twitter_site":"@beatopeustaquio","twitter_misc":{"Written by":"@sscc","Est. reading time":"2 minutes"},"schema":{"@context":"https:\/\/schema.org","@graph":[{"@type":"Article","@id":"https:\/\/www.padreeustaquio.com.br\/quatro-novos-jovens-comecam-caminhada-nos-sagrados-coracoes\/#article","isPartOf":{"@id":"https:\/\/www.padreeustaquio.com.br\/quatro-novos-jovens-comecam-caminhada-nos-sagrados-coracoes\/"},"author":{"name":"@sscc","@id":"https:\/\/www.padreeustaquio.com.br\/#\/schema\/person\/a2a51db1d00f1a7af0204a0f1ddb1566"},"headline":"Quatro novos jovens come\u00e7am caminhada nos Sagrados Cora\u00e7\u00f5es","datePublished":"2024-02-20T14:45:22+00:00","mainEntityOfPage":{"@id":"https:\/\/www.padreeustaquio.com.br\/quatro-novos-jovens-comecam-caminhada-nos-sagrados-coracoes\/"},"wordCount":302,"commentCount":0,"publisher":{"@id":"https:\/\/www.padreeustaquio.com.br\/#organization"},"image":{"@id":"https:\/\/www.padreeustaquio.com.br\/quatro-novos-jovens-comecam-caminhada-nos-sagrados-coracoes\/#primaryimage"},"thumbnailUrl":"https:\/\/www.padreeustaquio.com.br\/wp-content\/uploads\/2024\/02\/inicio-postulantado-jovens-2024.jpeg","articleSection":["Not\u00edcias"],"inLanguage":"en-US","potentialAction":[{"@type":"CommentAction","name":"Comment","target":["https:\/\/www.padreeustaquio.com.br\/quatro-novos-jovens-comecam-caminhada-nos-sagrados-coracoes\/#respond"]}]},{"@type":"WebPage","@id":"https:\/\/www.padreeustaquio.com.br\/quatro-novos-jovens-comecam-caminhada-nos-sagrados-coracoes\/","url":"https:\/\/www.padreeustaquio.com.br\/quatro-novos-jovens-comecam-caminhada-nos-sagrados-coracoes\/","name":"Four new young people begin their journey in the Sacred Hearts.","isPartOf":{"@id":"https:\/\/www.padreeustaquio.com.br\/#website"},"primaryImageOfPage":{"@id":"https:\/\/www.padreeustaquio.com.br\/quatro-novos-jovens-comecam-caminhada-nos-sagrados-coracoes\/#primaryimage"},"image":{"@id":"https:\/\/www.padreeustaquio.com.br\/quatro-novos-jovens-comecam-caminhada-nos-sagrados-coracoes\/#primaryimage"},"thumbnailUrl":"https:\/\/www.padreeustaquio.com.br\/wp-content\/uploads\/2024\/02\/inicio-postulantado-jovens-2024.jpeg","datePublished":"2024-02-20T14:45:22+00:00","description":"The Province of the Sacred Hearts in Brazil celebrated this month the opening of the Postulancy in Pindamonhangaba, S\u00e3o Paulo, marking the beginning of the formation process for four young men in the Congregation.","breadcrumb":{"@id":"https:\/\/www.padreeustaquio.com.br\/quatro-novos-jovens-comecam-caminhada-nos-sagrados-coracoes\/#breadcrumb"},"inLanguage":"en-US","potentialAction":[{"@type":"ReadAction","target":["https:\/\/www.padreeustaquio.com.br\/quatro-novos-jovens-comecam-caminhada-nos-sagrados-coracoes\/"]}]},{"@type":"ImageObject","inLanguage":"en-US","@id":"https:\/\/www.padreeustaquio.com.br\/quatro-novos-jovens-comecam-caminhada-nos-sagrados-coracoes\/#primaryimage","url":"https:\/\/www.padreeustaquio.com.br\/wp-content\/uploads\/2024\/02\/inicio-postulantado-jovens-2024.jpeg","contentUrl":"https:\/\/www.padreeustaquio.com.br\/wp-content\/uploads\/2024\/02\/inicio-postulantado-jovens-2024.jpeg","width":1280,"height":960},{"@type":"BreadcrumbList","@id":"https:\/\/www.padreeustaquio.com.br\/quatro-novos-jovens-comecam-caminhada-nos-sagrados-coracoes\/#breadcrumb","itemListElement":[{"@type":"ListItem","position":1,"name":"In\u00edcio","item":"https:\/\/www.padreeustaquio.com.br\/"},{"@type":"ListItem","position":2,"name":"Quatro novos jovens come\u00e7am caminhada nos Sagrados Cora\u00e7\u00f5es"}]},{"@type":"WebSite","@id":"https:\/\/www.padreeustaquio.com.br\/#website","url":"https:\/\/www.padreeustaquio.com.br\/","name":"FATHER EUST\u00c1QUIO","description":"Health and Peace","publisher":{"@id":"https:\/\/www.padreeustaquio.com.br\/#organization"},"potentialAction":[{"@type":"SearchAction","target":{"@type":"EntryPoint","urlTemplate":"https:\/\/www.padreeustaquio.com.br\/?s={search_term_string}"},"query-input":{"@type":"PropertyValueSpecification","valueRequired":true,"valueName":"search_term_string"}}],"inLanguage":"en-US"},{"@type":"Organization","@id":"https:\/\/www.padreeustaquio.com.br\/#organization","name":"FATHER EUST\u00c1QUIO","url":"https:\/\/www.padreeustaquio.com.br\/","logo":{"@type":"ImageObject","inLanguage":"en-US","@id":"https:\/\/www.padreeustaquio.com.br\/#\/schema\/logo\/image\/","url":"https:\/\/www.padreeustaquio.com.br\/wp-content\/uploads\/2019\/08\/marca.png","contentUrl":"https:\/\/www.padreeustaquio.com.br\/wp-content\/uploads\/2019\/08\/marca.png","width":350,"height":400,"caption":"Padre Eust\u00e1quio"},"image":{"@id":"https:\/\/www.padreeustaquio.com.br\/#\/schema\/logo\/image\/"},"sameAs":["https:\/\/www.facebook.com\/beatopadreeustaquio\/","https:\/\/x.com\/beatopeustaquio","https:\/\/www.instagram.com\/beatopadreeustaquio\/","https:\/\/www.youtube.com\/channel\/UCRhw7vfabnajwLxb1ZXMeIw"]},{"@type":"Person","@id":"https:\/\/www.padreeustaquio.com.br\/#\/schema\/person\/a2a51db1d00f1a7af0204a0f1ddb1566","name":"@sscc","image":{"@type":"ImageObject","inLanguage":"en-US","@id":"https:\/\/secure.gravatar.com\/avatar\/68cfafa5f44617fea54071e215026e0ff06be366c3d54a8425f04fdcb86f8c5f?s=96&d=mm&r=g","url":"https:\/\/secure.gravatar.com\/avatar\/68cfafa5f44617fea54071e215026e0ff06be366c3d54a8425f04fdcb86f8c5f?s=96&d=mm&r=g","contentUrl":"https:\/\/secure.gravatar.com\/avatar\/68cfafa5f44617fea54071e215026e0ff06be366c3d54a8425f04fdcb86f8c5f?s=96&d=mm&r=g","caption":"@sscc"},"url":"https:\/\/www.padreeustaquio.com.br\/en\/author\/sscc\/"}]}},"_links":{"self":[{"href":"https:\/\/www.padreeustaquio.com.br\/en\/wp-json\/wp\/v2\/posts\/11091","targetHints":{"allow":["GET"]}}],"collection":[{"href":"https:\/\/www.padreeustaquio.com.br\/en\/wp-json\/wp\/v2\/posts"}],"about":[{"href":"https:\/\/www.padreeustaquio.com.br\/en\/wp-json\/wp\/v2\/types\/post"}],"author":[{"embeddable":true,"href":"https:\/\/www.padreeustaquio.com.br\/en\/wp-json\/wp\/v2\/users\/2"}],"replies":[{"embeddable":true,"href":"https:\/\/www.padreeustaquio.com.br\/en\/wp-json\/wp\/v2\/comments?post=11091"}],"version-history":[{"count":0,"href":"https:\/\/www.padreeustaquio.com.br\/en\/wp-json\/wp\/v2\/posts\/11091\/revisions"}],"wp:featuredmedia":[{"embeddable":true,"href":"https:\/\/www.padreeustaquio.com.br\/en\/wp-json\/wp\/v2\/media\/11092"}],"wp:attachment":[{"href":"https:\/\/www.padreeustaquio.com.br\/en\/wp-json\/wp\/v2\/media?parent=11091"}],"wp:term":[{"taxonomy":"category","embeddable":true,"href":"https:\/\/www.padreeustaquio.com.br\/en\/wp-json\/wp\/v2\/categories?post=11091"},{"taxonomy":"post_tag","embeddable":true,"href":"https:\/\/www.padreeustaquio.com.br\/en\/wp-json\/wp\/v2\/tags?post=11091"}],"curies":[{"name":"wp","href":"https:\/\/api.w.org\/{rel}","templated":true}]}}