{"id":11085,"date":"2024-02-16T08:21:21","date_gmt":"2024-02-16T11:21:21","guid":{"rendered":"https:\/\/www.padreeustaquio.com.br\/?p=11085"},"modified":"2024-02-14T09:39:11","modified_gmt":"2024-02-14T12:39:11","slug":"live-stations-of-the-cross-father-eustaquios-channel-broadcasts-today-a-moment-of-prayer-and-reflection","status":"publish","type":"post","link":"https:\/\/www.padreeustaquio.com.br\/en\/live-stations-of-the-cross-father-eustaquios-channel-broadcasts-today-a-moment-of-prayer-and-reflection\/","title":{"rendered":"LIVE WAY OF THE CROSS \u2013 Padre Eust\u00e1quio Channel broadcasts a moment of prayer and reflection today."},"content":{"rendered":"<p>This Friday at 6 PM, the Padre Eust\u00e1quio Channel will broadcast live the Stations of the Cross with Meditations by Blessed Father Eust\u00e1quio. This moment of prayer and reflection will take place at the Sanctuary of Health and Peace, Church of Blessed Father Eust\u00e1quio in Belo Horizonte, Minas Gerais, Brazil.<\/p>\n<p>The Stations of the Cross, with meditations by Blessed Father Eustace, will be held every Friday during Lent and will be led by Father Silvano Dias de \u00c1vila, SSCC, vicar of the Sanctuary in Belo Horizonte.<\/p>\n<p>The Stations of the Cross meditation broadcast on the Padre Eust\u00e1quio Channel is based on the writings of Blessed Eust\u00e1quio. These writings were selected and compiled into the booklet &quot;Stations of the Cross with Meditations by Blessed Father Eust\u00e1quio,&quot; which can be purchased at the shop attached to the church in Belo Horizonte.<\/p>\n<p><strong>About the Stations of the Cross<\/strong><\/p>\n<p>Lent is a time that invites us to reflect on the Passion and death of Jesus Christ. Therefore, the &quot;Via Crucis,&quot; or Way of the Cross, as it is popularly known in Brazil, is an exercise of prayer and reflection, meditating on the suffering of Jesus from Pilate&#039;s tribunal to Mount Calvary.<\/p>\n<p>This reflection consists of 14 stations, each representing a special act of devotion:<\/p>\n<p>First Station \u2013 Jesus is condemned to death.<br \/>\n2nd Station \u2013 Jesus carries the cross<br \/>\n3rd Station \u2013 Jesus falls for the first time<br \/>\n4th Station \u2013 Jesus&#039; Meeting with His Mother<br \/>\n5th Station \u2013 Simon of Cyrene helps Jesus carry the cross.<br \/>\n6th station \u2013 Veronica wipes the face of Jesus<br \/>\n7th Station \u2013 Jesus falls for the second time.<br \/>\n8th Station \u2013 Jesus consoles the daughters of Jerusalem<br \/>\n9th Station \u2013 Jesus falls for the third time<br \/>\n10th Station \u2013 Jesus is stripped of his garments.<br \/>\n11th Station \u2013 Jesus is nailed to the cross<br \/>\n12th Station \u2013 Jesus dies on the cross<br \/>\n13th Station \u2013 Jesus is taken down from the cross.<br \/>\n14th Station \u2013 Jesus is buried<\/p>\n<p>&nbsp;<\/p>","protected":false},"excerpt":{"rendered":"<p>Nesta sexta-feira, \u00e0s 18h, o Canal Padre Eust\u00e1quio transmite, ao vivo, a Via Sacra com Medita\u00e7\u00f5es do Beato Padre Eust\u00e1quio. O momento de ora\u00e7\u00e3o e reflex\u00e3o ser\u00e1 realizado no Santu\u00e1rio da Sa\u00fade e da Paz, Igreja do Beato Padre Eust\u00e1quio em Belo Horizonte-MG. A Via Sacra com as medita\u00e7\u00f5es do Bem-Aventurado Padre Eust\u00e1quio, ser\u00e1 realizada todas as sextas-feiras da Quaresma e ser\u00e1 comandada pelo Padre Silvano Dias de \u00c1vila, SSCC, vig\u00e1rio do Santu\u00e1rio em BH. A medita\u00e7\u00e3o da Via Sacra transmitida pelo Canal Padre Eust\u00e1quio \u00e9 feita a partir dos escritos do Beato. Elas foram selecionadas e colocadas no livreto [&hellip;]<\/p>\n","protected":false},"author":2,"featured_media":11087,"comment_status":"open","ping_status":"closed","sticky":false,"template":"","format":"standard","meta":{"_acf_changed":false,"footnotes":""},"categories":[611],"tags":[],"class_list":["post-11085","post","type-post","status-publish","format-standard","has-post-thumbnail","hentry","category-noticias"],"acf":[],"yoast_head":"<!-- This site is optimized with the Yoast SEO plugin v27.2 - https:\/\/yoast.com\/product\/yoast-seo-wordpress\/ -->\n<title>VIA SACRA AO VIVO - Canal Padre Eust\u00e1quio transmite hoje momento de ora\u00e7\u00e3o e reflex\u00e3o<\/title>\n<meta name=\"description\" content=\"Nesta sexta-feira, \u00e0s 18h, o Canal Padre Eust\u00e1quio transmite, ao vivo, a Via Sacra com Medita\u00e7\u00f5es do Beato Padre Eust\u00e1quio. O momento de ora\u00e7\u00e3o e reflex\u00e3o ser\u00e1 realizado no Santu\u00e1rio da Sa\u00fade e da Paz, Igreja do Beato Padre Eust\u00e1quio em Belo Horizonte-MG.\" \/>\n<meta name=\"robots\" content=\"index, follow, max-snippet:-1, max-image-preview:large, max-video-preview:-1\" \/>\n<link rel=\"canonical\" href=\"https:\/\/www.padreeustaquio.com.br\/en\/live-stations-of-the-cross-father-eustaquios-channel-broadcasts-today-a-moment-of-prayer-and-reflection\/\" \/>\n<meta property=\"og:locale\" content=\"en_US\" \/>\n<meta property=\"og:type\" content=\"article\" \/>\n<meta property=\"og:title\" content=\"VIA SACRA AO VIVO - Canal Padre Eust\u00e1quio transmite hoje momento de ora\u00e7\u00e3o e reflex\u00e3o\" \/>\n<meta property=\"og:description\" content=\"Nesta sexta-feira, \u00e0s 18h, o Canal Padre Eust\u00e1quio transmite, ao vivo, a Via Sacra com Medita\u00e7\u00f5es do Beato Padre Eust\u00e1quio. O momento de ora\u00e7\u00e3o e reflex\u00e3o ser\u00e1 realizado no Santu\u00e1rio da Sa\u00fade e da Paz, Igreja do Beato Padre Eust\u00e1quio em Belo Horizonte-MG.\" \/>\n<meta property=\"og:url\" content=\"https:\/\/www.padreeustaquio.com.br\/en\/live-stations-of-the-cross-father-eustaquios-channel-broadcasts-today-a-moment-of-prayer-and-reflection\/\" \/>\n<meta property=\"og:site_name\" content=\"Padre Eust\u00e1quio\" \/>\n<meta property=\"article:publisher\" content=\"https:\/\/www.facebook.com\/beatopadreeustaquio\/\" \/>\n<meta property=\"article:published_time\" content=\"2024-02-16T11:21:21+00:00\" \/>\n<meta property=\"og:image\" content=\"https:\/\/www.padreeustaquio.com.br\/wp-content\/uploads\/2024\/02\/00-VIA-SACRA.jpg\" \/>\n\t<meta property=\"og:image:width\" content=\"1920\" \/>\n\t<meta property=\"og:image:height\" content=\"1080\" \/>\n\t<meta property=\"og:image:type\" content=\"image\/jpeg\" \/>\n<meta name=\"author\" content=\"@sscc\" \/>\n<meta name=\"twitter:card\" content=\"summary_large_image\" \/>\n<meta name=\"twitter:creator\" content=\"@beatopeustaquio\" \/>\n<meta name=\"twitter:site\" content=\"@beatopeustaquio\" \/>\n<meta name=\"twitter:label1\" content=\"Written by\" \/>\n\t<meta name=\"twitter:data1\" content=\"@sscc\" \/>\n\t<meta name=\"twitter:label2\" content=\"Est. reading time\" \/>\n\t<meta name=\"twitter:data2\" content=\"2 minutes\" \/>\n<script type=\"application\/ld+json\" class=\"yoast-schema-graph\">{\"@context\":\"https:\/\/schema.org\",\"@graph\":[{\"@type\":\"Article\",\"@id\":\"https:\/\/www.padreeustaquio.com.br\/via-sacra-ao-vivo-canal-padre-eustaquio-transmite-hoje-momento-de-oracao-e-reflexao\/#article\",\"isPartOf\":{\"@id\":\"https:\/\/www.padreeustaquio.com.br\/via-sacra-ao-vivo-canal-padre-eustaquio-transmite-hoje-momento-de-oracao-e-reflexao\/\"},\"author\":{\"name\":\"@sscc\",\"@id\":\"https:\/\/www.padreeustaquio.com.br\/#\/schema\/person\/a2a51db1d00f1a7af0204a0f1ddb1566\"},\"headline\":\"VIA SACRA AO VIVO &#8211; Canal Padre Eust\u00e1quio transmite hoje momento de ora\u00e7\u00e3o e reflex\u00e3o\",\"datePublished\":\"2024-02-16T11:21:21+00:00\",\"mainEntityOfPage\":{\"@id\":\"https:\/\/www.padreeustaquio.com.br\/via-sacra-ao-vivo-canal-padre-eustaquio-transmite-hoje-momento-de-oracao-e-reflexao\/\"},\"wordCount\":336,\"commentCount\":0,\"publisher\":{\"@id\":\"https:\/\/www.padreeustaquio.com.br\/#organization\"},\"image\":{\"@id\":\"https:\/\/www.padreeustaquio.com.br\/via-sacra-ao-vivo-canal-padre-eustaquio-transmite-hoje-momento-de-oracao-e-reflexao\/#primaryimage\"},\"thumbnailUrl\":\"https:\/\/www.padreeustaquio.com.br\/wp-content\/uploads\/2024\/02\/00-VIA-SACRA.jpg\",\"articleSection\":[\"Not\u00edcias\"],\"inLanguage\":\"en-US\",\"potentialAction\":[{\"@type\":\"CommentAction\",\"name\":\"Comment\",\"target\":[\"https:\/\/www.padreeustaquio.com.br\/via-sacra-ao-vivo-canal-padre-eustaquio-transmite-hoje-momento-de-oracao-e-reflexao\/#respond\"]}]},{\"@type\":\"WebPage\",\"@id\":\"https:\/\/www.padreeustaquio.com.br\/via-sacra-ao-vivo-canal-padre-eustaquio-transmite-hoje-momento-de-oracao-e-reflexao\/\",\"url\":\"https:\/\/www.padreeustaquio.com.br\/via-sacra-ao-vivo-canal-padre-eustaquio-transmite-hoje-momento-de-oracao-e-reflexao\/\",\"name\":\"VIA SACRA AO VIVO - Canal Padre Eust\u00e1quio transmite hoje momento de ora\u00e7\u00e3o e reflex\u00e3o\",\"isPartOf\":{\"@id\":\"https:\/\/www.padreeustaquio.com.br\/#website\"},\"primaryImageOfPage\":{\"@id\":\"https:\/\/www.padreeustaquio.com.br\/via-sacra-ao-vivo-canal-padre-eustaquio-transmite-hoje-momento-de-oracao-e-reflexao\/#primaryimage\"},\"image\":{\"@id\":\"https:\/\/www.padreeustaquio.com.br\/via-sacra-ao-vivo-canal-padre-eustaquio-transmite-hoje-momento-de-oracao-e-reflexao\/#primaryimage\"},\"thumbnailUrl\":\"https:\/\/www.padreeustaquio.com.br\/wp-content\/uploads\/2024\/02\/00-VIA-SACRA.jpg\",\"datePublished\":\"2024-02-16T11:21:21+00:00\",\"description\":\"Nesta sexta-feira, \u00e0s 18h, o Canal Padre Eust\u00e1quio transmite, ao vivo, a Via Sacra com Medita\u00e7\u00f5es do Beato Padre Eust\u00e1quio. O momento de ora\u00e7\u00e3o e reflex\u00e3o ser\u00e1 realizado no Santu\u00e1rio da Sa\u00fade e da Paz, Igreja do Beato Padre Eust\u00e1quio em Belo Horizonte-MG.\",\"breadcrumb\":{\"@id\":\"https:\/\/www.padreeustaquio.com.br\/via-sacra-ao-vivo-canal-padre-eustaquio-transmite-hoje-momento-de-oracao-e-reflexao\/#breadcrumb\"},\"inLanguage\":\"en-US\",\"potentialAction\":[{\"@type\":\"ReadAction\",\"target\":[\"https:\/\/www.padreeustaquio.com.br\/via-sacra-ao-vivo-canal-padre-eustaquio-transmite-hoje-momento-de-oracao-e-reflexao\/\"]}]},{\"@type\":\"ImageObject\",\"inLanguage\":\"en-US\",\"@id\":\"https:\/\/www.padreeustaquio.com.br\/via-sacra-ao-vivo-canal-padre-eustaquio-transmite-hoje-momento-de-oracao-e-reflexao\/#primaryimage\",\"url\":\"https:\/\/www.padreeustaquio.com.br\/wp-content\/uploads\/2024\/02\/00-VIA-SACRA.jpg\",\"contentUrl\":\"https:\/\/www.padreeustaquio.com.br\/wp-content\/uploads\/2024\/02\/00-VIA-SACRA.jpg\",\"width\":1920,\"height\":1080},{\"@type\":\"BreadcrumbList\",\"@id\":\"https:\/\/www.padreeustaquio.com.br\/via-sacra-ao-vivo-canal-padre-eustaquio-transmite-hoje-momento-de-oracao-e-reflexao\/#breadcrumb\",\"itemListElement\":[{\"@type\":\"ListItem\",\"position\":1,\"name\":\"In\u00edcio\",\"item\":\"https:\/\/www.padreeustaquio.com.br\/\"},{\"@type\":\"ListItem\",\"position\":2,\"name\":\"VIA SACRA AO VIVO &#8211; Canal Padre Eust\u00e1quio transmite hoje momento de ora\u00e7\u00e3o e reflex\u00e3o\"}]},{\"@type\":\"WebSite\",\"@id\":\"https:\/\/www.padreeustaquio.com.br\/#website\",\"url\":\"https:\/\/www.padreeustaquio.com.br\/\",\"name\":\"Padre Eust\u00e1quio\",\"description\":\"Sa\u00fade e Paz\",\"publisher\":{\"@id\":\"https:\/\/www.padreeustaquio.com.br\/#organization\"},\"potentialAction\":[{\"@type\":\"SearchAction\",\"target\":{\"@type\":\"EntryPoint\",\"urlTemplate\":\"https:\/\/www.padreeustaquio.com.br\/?s={search_term_string}\"},\"query-input\":{\"@type\":\"PropertyValueSpecification\",\"valueRequired\":true,\"valueName\":\"search_term_string\"}}],\"inLanguage\":\"en-US\"},{\"@type\":\"Organization\",\"@id\":\"https:\/\/www.padreeustaquio.com.br\/#organization\",\"name\":\"Padre Eust\u00e1quio\",\"url\":\"https:\/\/www.padreeustaquio.com.br\/\",\"logo\":{\"@type\":\"ImageObject\",\"inLanguage\":\"en-US\",\"@id\":\"https:\/\/www.padreeustaquio.com.br\/#\/schema\/logo\/image\/\",\"url\":\"https:\/\/www.padreeustaquio.com.br\/wp-content\/uploads\/2019\/08\/marca.png\",\"contentUrl\":\"https:\/\/www.padreeustaquio.com.br\/wp-content\/uploads\/2019\/08\/marca.png\",\"width\":350,\"height\":400,\"caption\":\"Padre Eust\u00e1quio\"},\"image\":{\"@id\":\"https:\/\/www.padreeustaquio.com.br\/#\/schema\/logo\/image\/\"},\"sameAs\":[\"https:\/\/www.facebook.com\/beatopadreeustaquio\/\",\"https:\/\/x.com\/beatopeustaquio\",\"https:\/\/www.instagram.com\/beatopadreeustaquio\/\",\"https:\/\/www.youtube.com\/channel\/UCRhw7vfabnajwLxb1ZXMeIw\"]},{\"@type\":\"Person\",\"@id\":\"https:\/\/www.padreeustaquio.com.br\/#\/schema\/person\/a2a51db1d00f1a7af0204a0f1ddb1566\",\"name\":\"@sscc\",\"image\":{\"@type\":\"ImageObject\",\"inLanguage\":\"en-US\",\"@id\":\"https:\/\/secure.gravatar.com\/avatar\/68cfafa5f44617fea54071e215026e0ff06be366c3d54a8425f04fdcb86f8c5f?s=96&d=mm&r=g\",\"url\":\"https:\/\/secure.gravatar.com\/avatar\/68cfafa5f44617fea54071e215026e0ff06be366c3d54a8425f04fdcb86f8c5f?s=96&d=mm&r=g\",\"contentUrl\":\"https:\/\/secure.gravatar.com\/avatar\/68cfafa5f44617fea54071e215026e0ff06be366c3d54a8425f04fdcb86f8c5f?s=96&d=mm&r=g\",\"caption\":\"@sscc\"},\"url\":\"https:\/\/www.padreeustaquio.com.br\/en\/author\/sscc\/\"}]}<\/script>\n<!-- \/ Yoast SEO plugin. -->","yoast_head_json":{"title":"LIVE WAY OF THE CROSS - Padre Eust\u00e1quio Channel broadcasts a moment of prayer and reflection today.","description":"This Friday at 6 PM, the Padre Eust\u00e1quio Channel will broadcast live the Stations of the Cross with Meditations by Blessed Father Eust\u00e1quio. This moment of prayer and reflection will take place at the Sanctuary of Health and Peace, Church of Blessed Father Eust\u00e1quio in Belo Horizonte, Minas Gerais, Brazil.","robots":{"index":"index","follow":"follow","max-snippet":"max-snippet:-1","max-image-preview":"max-image-preview:large","max-video-preview":"max-video-preview:-1"},"canonical":"https:\/\/www.padreeustaquio.com.br\/en\/live-stations-of-the-cross-father-eustaquios-channel-broadcasts-today-a-moment-of-prayer-and-reflection\/","og_locale":"en_US","og_type":"article","og_title":"VIA SACRA AO VIVO - Canal Padre Eust\u00e1quio transmite hoje momento de ora\u00e7\u00e3o e reflex\u00e3o","og_description":"Nesta sexta-feira, \u00e0s 18h, o Canal Padre Eust\u00e1quio transmite, ao vivo, a Via Sacra com Medita\u00e7\u00f5es do Beato Padre Eust\u00e1quio. O momento de ora\u00e7\u00e3o e reflex\u00e3o ser\u00e1 realizado no Santu\u00e1rio da Sa\u00fade e da Paz, Igreja do Beato Padre Eust\u00e1quio em Belo Horizonte-MG.","og_url":"https:\/\/www.padreeustaquio.com.br\/en\/live-stations-of-the-cross-father-eustaquios-channel-broadcasts-today-a-moment-of-prayer-and-reflection\/","og_site_name":"Padre Eust\u00e1quio","article_publisher":"https:\/\/www.facebook.com\/beatopadreeustaquio\/","article_published_time":"2024-02-16T11:21:21+00:00","og_image":[{"width":1920,"height":1080,"url":"https:\/\/www.padreeustaquio.com.br\/wp-content\/uploads\/2024\/02\/00-VIA-SACRA.jpg","type":"image\/jpeg"}],"author":"@sscc","twitter_card":"summary_large_image","twitter_creator":"@beatopeustaquio","twitter_site":"@beatopeustaquio","twitter_misc":{"Written by":"@sscc","Est. reading time":"2 minutes"},"schema":{"@context":"https:\/\/schema.org","@graph":[{"@type":"Article","@id":"https:\/\/www.padreeustaquio.com.br\/via-sacra-ao-vivo-canal-padre-eustaquio-transmite-hoje-momento-de-oracao-e-reflexao\/#article","isPartOf":{"@id":"https:\/\/www.padreeustaquio.com.br\/via-sacra-ao-vivo-canal-padre-eustaquio-transmite-hoje-momento-de-oracao-e-reflexao\/"},"author":{"name":"@sscc","@id":"https:\/\/www.padreeustaquio.com.br\/#\/schema\/person\/a2a51db1d00f1a7af0204a0f1ddb1566"},"headline":"VIA SACRA AO VIVO &#8211; Canal Padre Eust\u00e1quio transmite hoje momento de ora\u00e7\u00e3o e reflex\u00e3o","datePublished":"2024-02-16T11:21:21+00:00","mainEntityOfPage":{"@id":"https:\/\/www.padreeustaquio.com.br\/via-sacra-ao-vivo-canal-padre-eustaquio-transmite-hoje-momento-de-oracao-e-reflexao\/"},"wordCount":336,"commentCount":0,"publisher":{"@id":"https:\/\/www.padreeustaquio.com.br\/#organization"},"image":{"@id":"https:\/\/www.padreeustaquio.com.br\/via-sacra-ao-vivo-canal-padre-eustaquio-transmite-hoje-momento-de-oracao-e-reflexao\/#primaryimage"},"thumbnailUrl":"https:\/\/www.padreeustaquio.com.br\/wp-content\/uploads\/2024\/02\/00-VIA-SACRA.jpg","articleSection":["Not\u00edcias"],"inLanguage":"en-US","potentialAction":[{"@type":"CommentAction","name":"Comment","target":["https:\/\/www.padreeustaquio.com.br\/via-sacra-ao-vivo-canal-padre-eustaquio-transmite-hoje-momento-de-oracao-e-reflexao\/#respond"]}]},{"@type":"WebPage","@id":"https:\/\/www.padreeustaquio.com.br\/via-sacra-ao-vivo-canal-padre-eustaquio-transmite-hoje-momento-de-oracao-e-reflexao\/","url":"https:\/\/www.padreeustaquio.com.br\/via-sacra-ao-vivo-canal-padre-eustaquio-transmite-hoje-momento-de-oracao-e-reflexao\/","name":"LIVE WAY OF THE CROSS - Padre Eust\u00e1quio Channel broadcasts a moment of prayer and reflection today.","isPartOf":{"@id":"https:\/\/www.padreeustaquio.com.br\/#website"},"primaryImageOfPage":{"@id":"https:\/\/www.padreeustaquio.com.br\/via-sacra-ao-vivo-canal-padre-eustaquio-transmite-hoje-momento-de-oracao-e-reflexao\/#primaryimage"},"image":{"@id":"https:\/\/www.padreeustaquio.com.br\/via-sacra-ao-vivo-canal-padre-eustaquio-transmite-hoje-momento-de-oracao-e-reflexao\/#primaryimage"},"thumbnailUrl":"https:\/\/www.padreeustaquio.com.br\/wp-content\/uploads\/2024\/02\/00-VIA-SACRA.jpg","datePublished":"2024-02-16T11:21:21+00:00","description":"This Friday at 6 PM, the Padre Eust\u00e1quio Channel will broadcast live the Stations of the Cross with Meditations by Blessed Father Eust\u00e1quio. This moment of prayer and reflection will take place at the Sanctuary of Health and Peace, Church of Blessed Father Eust\u00e1quio in Belo Horizonte, Minas Gerais, Brazil.","breadcrumb":{"@id":"https:\/\/www.padreeustaquio.com.br\/via-sacra-ao-vivo-canal-padre-eustaquio-transmite-hoje-momento-de-oracao-e-reflexao\/#breadcrumb"},"inLanguage":"en-US","potentialAction":[{"@type":"ReadAction","target":["https:\/\/www.padreeustaquio.com.br\/via-sacra-ao-vivo-canal-padre-eustaquio-transmite-hoje-momento-de-oracao-e-reflexao\/"]}]},{"@type":"ImageObject","inLanguage":"en-US","@id":"https:\/\/www.padreeustaquio.com.br\/via-sacra-ao-vivo-canal-padre-eustaquio-transmite-hoje-momento-de-oracao-e-reflexao\/#primaryimage","url":"https:\/\/www.padreeustaquio.com.br\/wp-content\/uploads\/2024\/02\/00-VIA-SACRA.jpg","contentUrl":"https:\/\/www.padreeustaquio.com.br\/wp-content\/uploads\/2024\/02\/00-VIA-SACRA.jpg","width":1920,"height":1080},{"@type":"BreadcrumbList","@id":"https:\/\/www.padreeustaquio.com.br\/via-sacra-ao-vivo-canal-padre-eustaquio-transmite-hoje-momento-de-oracao-e-reflexao\/#breadcrumb","itemListElement":[{"@type":"ListItem","position":1,"name":"In\u00edcio","item":"https:\/\/www.padreeustaquio.com.br\/"},{"@type":"ListItem","position":2,"name":"VIA SACRA AO VIVO &#8211; Canal Padre Eust\u00e1quio transmite hoje momento de ora\u00e7\u00e3o e reflex\u00e3o"}]},{"@type":"WebSite","@id":"https:\/\/www.padreeustaquio.com.br\/#website","url":"https:\/\/www.padreeustaquio.com.br\/","name":"FATHER EUST\u00c1QUIO","description":"Health and Peace","publisher":{"@id":"https:\/\/www.padreeustaquio.com.br\/#organization"},"potentialAction":[{"@type":"SearchAction","target":{"@type":"EntryPoint","urlTemplate":"https:\/\/www.padreeustaquio.com.br\/?s={search_term_string}"},"query-input":{"@type":"PropertyValueSpecification","valueRequired":true,"valueName":"search_term_string"}}],"inLanguage":"en-US"},{"@type":"Organization","@id":"https:\/\/www.padreeustaquio.com.br\/#organization","name":"FATHER EUST\u00c1QUIO","url":"https:\/\/www.padreeustaquio.com.br\/","logo":{"@type":"ImageObject","inLanguage":"en-US","@id":"https:\/\/www.padreeustaquio.com.br\/#\/schema\/logo\/image\/","url":"https:\/\/www.padreeustaquio.com.br\/wp-content\/uploads\/2019\/08\/marca.png","contentUrl":"https:\/\/www.padreeustaquio.com.br\/wp-content\/uploads\/2019\/08\/marca.png","width":350,"height":400,"caption":"Padre Eust\u00e1quio"},"image":{"@id":"https:\/\/www.padreeustaquio.com.br\/#\/schema\/logo\/image\/"},"sameAs":["https:\/\/www.facebook.com\/beatopadreeustaquio\/","https:\/\/x.com\/beatopeustaquio","https:\/\/www.instagram.com\/beatopadreeustaquio\/","https:\/\/www.youtube.com\/channel\/UCRhw7vfabnajwLxb1ZXMeIw"]},{"@type":"Person","@id":"https:\/\/www.padreeustaquio.com.br\/#\/schema\/person\/a2a51db1d00f1a7af0204a0f1ddb1566","name":"@sscc","image":{"@type":"ImageObject","inLanguage":"en-US","@id":"https:\/\/secure.gravatar.com\/avatar\/68cfafa5f44617fea54071e215026e0ff06be366c3d54a8425f04fdcb86f8c5f?s=96&d=mm&r=g","url":"https:\/\/secure.gravatar.com\/avatar\/68cfafa5f44617fea54071e215026e0ff06be366c3d54a8425f04fdcb86f8c5f?s=96&d=mm&r=g","contentUrl":"https:\/\/secure.gravatar.com\/avatar\/68cfafa5f44617fea54071e215026e0ff06be366c3d54a8425f04fdcb86f8c5f?s=96&d=mm&r=g","caption":"@sscc"},"url":"https:\/\/www.padreeustaquio.com.br\/en\/author\/sscc\/"}]}},"_links":{"self":[{"href":"https:\/\/www.padreeustaquio.com.br\/en\/wp-json\/wp\/v2\/posts\/11085","targetHints":{"allow":["GET"]}}],"collection":[{"href":"https:\/\/www.padreeustaquio.com.br\/en\/wp-json\/wp\/v2\/posts"}],"about":[{"href":"https:\/\/www.padreeustaquio.com.br\/en\/wp-json\/wp\/v2\/types\/post"}],"author":[{"embeddable":true,"href":"https:\/\/www.padreeustaquio.com.br\/en\/wp-json\/wp\/v2\/users\/2"}],"replies":[{"embeddable":true,"href":"https:\/\/www.padreeustaquio.com.br\/en\/wp-json\/wp\/v2\/comments?post=11085"}],"version-history":[{"count":0,"href":"https:\/\/www.padreeustaquio.com.br\/en\/wp-json\/wp\/v2\/posts\/11085\/revisions"}],"wp:featuredmedia":[{"embeddable":true,"href":"https:\/\/www.padreeustaquio.com.br\/en\/wp-json\/wp\/v2\/media\/11087"}],"wp:attachment":[{"href":"https:\/\/www.padreeustaquio.com.br\/en\/wp-json\/wp\/v2\/media?parent=11085"}],"wp:term":[{"taxonomy":"category","embeddable":true,"href":"https:\/\/www.padreeustaquio.com.br\/en\/wp-json\/wp\/v2\/categories?post=11085"},{"taxonomy":"post_tag","embeddable":true,"href":"https:\/\/www.padreeustaquio.com.br\/en\/wp-json\/wp\/v2\/tags?post=11085"}],"curies":[{"name":"wp","href":"https:\/\/api.w.org\/{rel}","templated":true}]}}