{"id":11075,"date":"2024-02-05T08:38:52","date_gmt":"2024-02-05T11:38:52","guid":{"rendered":"https:\/\/www.padreeustaquio.com.br\/?p=11075"},"modified":"2024-02-05T08:38:52","modified_gmt":"2024-02-05T11:38:52","slug":"province-of-the-sacred-hearts-of-brazil-paraguay-region-concludes-another-assembly","status":"publish","type":"post","link":"https:\/\/www.padreeustaquio.com.br\/en\/province-of-the-sacred-hearts-of-brazil-paraguay-region-concludes-another-assembly\/","title":{"rendered":"Province of the Sacred Hearts of Brazil \u2013 Paraguay region concludes another Assembly."},"content":{"rendered":"<p>This past weekend marked the end of another Assembly of the Province of the Sacred Hearts of Brazil, Paraguay region. The meeting was held at the Hotel Fazenda Retiro das Rosas, in Ouro Preto, Minas Gerais.<\/p>\n<p>During the Assembly, brothers from various parts of Brazil and Paraguay gave their accounts, evaluated their work, and projected future perspectives for the Congregation. This assembly also decided on new mission locations for some brothers.<\/p>\n<p>The current provincial, Father Osv\u00e2nio Humberto Mariano, SSCC, announced the appointments of each brother who, starting this week, will begin to head towards their new missions, as is the case of Deacon Vanildo Lima Sena, SSCC, who is leaving Belo Horizonte-MG to take on a new job in the city of Pedra Azul, in the Jequitinhonha Valley region, Minas Gerais.<\/p>\n<p>The other priests and brothers will assume other missions throughout February\/March. The meeting is also an opportunity for fellowship among the brothers of the Congregation, who spent five days in retreat.<\/p>","protected":false},"excerpt":{"rendered":"<p>Terminou nesse final de semana mais uma Assembleia da Prov\u00edncia dos Sagrados Cora\u00e7\u00f5es do Brasil, regi\u00e3o do Paraguai. O encontro foi realizado no Hotel Fazenda Retiro das Rosas, em Ouro Preto-MG. Durante a Assembleia, irm\u00e3os de v\u00e1rias partes do Brasil e do Paraguai, prestaram contas, fazem avalia\u00e7\u00e3o dos trabalhos e projetam perspectivas futuras para a Congrega\u00e7\u00e3o. Nesta assembleia tamb\u00e9m se decide sobre os novos locais de miss\u00e3o para alguns irm\u00e3os. O provincial atual, Padre Osv\u00e2nio Humberto Mariano, SSCC, comunicou sobre as nomea\u00e7\u00f5es de cada irm\u00e3o que, a partir desta semana, come\u00e7am a se dirigir para suas novas miss\u00f5es, como \u00e9 [&hellip;]<\/p>\n","protected":false},"author":2,"featured_media":11076,"comment_status":"open","ping_status":"closed","sticky":false,"template":"","format":"standard","meta":{"_acf_changed":false,"footnotes":""},"categories":[611],"tags":[],"class_list":["post-11075","post","type-post","status-publish","format-standard","has-post-thumbnail","hentry","category-noticias"],"acf":[],"yoast_head":"<!-- This site is optimized with the Yoast SEO plugin v27.2 - https:\/\/yoast.com\/product\/yoast-seo-wordpress\/ -->\n<title>Prov\u00edncia dos Sagrados Cora\u00e7\u00f5es do Brasil - regi\u00e3o do Paraguai conclui mais uma Assembleia<\/title>\n<meta name=\"description\" content=\"Terminou nesse final de semana mais uma Assembleia da Prov\u00edncia dos Sagrados Cora\u00e7\u00f5es do Brasil, regi\u00e3o do Paraguai. O encontro foi realizado no Hotel Fazenda Retiro das Rosas, em Ouro Preto-MG.\" \/>\n<meta name=\"robots\" content=\"index, follow, max-snippet:-1, max-image-preview:large, max-video-preview:-1\" \/>\n<link rel=\"canonical\" href=\"https:\/\/www.padreeustaquio.com.br\/en\/province-of-the-sacred-hearts-of-brazil-paraguay-region-concludes-another-assembly\/\" \/>\n<meta property=\"og:locale\" content=\"en_US\" \/>\n<meta property=\"og:type\" content=\"article\" \/>\n<meta property=\"og:title\" content=\"Prov\u00edncia dos Sagrados Cora\u00e7\u00f5es do Brasil - regi\u00e3o do Paraguai conclui mais uma Assembleia\" \/>\n<meta property=\"og:description\" content=\"Terminou nesse final de semana mais uma Assembleia da Prov\u00edncia dos Sagrados Cora\u00e7\u00f5es do Brasil, regi\u00e3o do Paraguai. O encontro foi realizado no Hotel Fazenda Retiro das Rosas, em Ouro Preto-MG.\" \/>\n<meta property=\"og:url\" content=\"https:\/\/www.padreeustaquio.com.br\/en\/province-of-the-sacred-hearts-of-brazil-paraguay-region-concludes-another-assembly\/\" \/>\n<meta property=\"og:site_name\" content=\"Padre Eust\u00e1quio\" \/>\n<meta property=\"article:publisher\" content=\"https:\/\/www.facebook.com\/beatopadreeustaquio\/\" \/>\n<meta property=\"article:published_time\" content=\"2024-02-05T11:38:52+00:00\" \/>\n<meta property=\"og:image\" content=\"https:\/\/www.padreeustaquio.com.br\/wp-content\/uploads\/2024\/02\/Assembleia-provincia-brasil-paraguai-sscc-ouro-preto-minas-gerais.jpeg\" \/>\n\t<meta property=\"og:image:width\" content=\"1280\" \/>\n\t<meta property=\"og:image:height\" content=\"960\" \/>\n\t<meta property=\"og:image:type\" content=\"image\/jpeg\" \/>\n<meta name=\"author\" content=\"@sscc\" \/>\n<meta name=\"twitter:card\" content=\"summary_large_image\" \/>\n<meta name=\"twitter:creator\" content=\"@beatopeustaquio\" \/>\n<meta name=\"twitter:site\" content=\"@beatopeustaquio\" \/>\n<meta name=\"twitter:label1\" content=\"Written by\" \/>\n\t<meta name=\"twitter:data1\" content=\"@sscc\" \/>\n\t<meta name=\"twitter:label2\" content=\"Est. reading time\" \/>\n\t<meta name=\"twitter:data2\" content=\"2 minutes\" \/>\n<script type=\"application\/ld+json\" class=\"yoast-schema-graph\">{\"@context\":\"https:\/\/schema.org\",\"@graph\":[{\"@type\":\"Article\",\"@id\":\"https:\/\/www.padreeustaquio.com.br\/provincia-dos-sagrados-coracoes-do-brasil-regiao-do-paraguai-conclui-mais-uma-assembleia\/#article\",\"isPartOf\":{\"@id\":\"https:\/\/www.padreeustaquio.com.br\/provincia-dos-sagrados-coracoes-do-brasil-regiao-do-paraguai-conclui-mais-uma-assembleia\/\"},\"author\":{\"name\":\"@sscc\",\"@id\":\"https:\/\/www.padreeustaquio.com.br\/#\/schema\/person\/a2a51db1d00f1a7af0204a0f1ddb1566\"},\"headline\":\"Prov\u00edncia dos Sagrados Cora\u00e7\u00f5es do Brasil &#8211; regi\u00e3o do Paraguai conclui mais uma Assembleia\",\"datePublished\":\"2024-02-05T11:38:52+00:00\",\"mainEntityOfPage\":{\"@id\":\"https:\/\/www.padreeustaquio.com.br\/provincia-dos-sagrados-coracoes-do-brasil-regiao-do-paraguai-conclui-mais-uma-assembleia\/\"},\"wordCount\":205,\"commentCount\":0,\"publisher\":{\"@id\":\"https:\/\/www.padreeustaquio.com.br\/#organization\"},\"image\":{\"@id\":\"https:\/\/www.padreeustaquio.com.br\/provincia-dos-sagrados-coracoes-do-brasil-regiao-do-paraguai-conclui-mais-uma-assembleia\/#primaryimage\"},\"thumbnailUrl\":\"https:\/\/www.padreeustaquio.com.br\/wp-content\/uploads\/2024\/02\/Assembleia-provincia-brasil-paraguai-sscc-ouro-preto-minas-gerais.jpeg\",\"articleSection\":[\"Not\u00edcias\"],\"inLanguage\":\"en-US\",\"potentialAction\":[{\"@type\":\"CommentAction\",\"name\":\"Comment\",\"target\":[\"https:\/\/www.padreeustaquio.com.br\/provincia-dos-sagrados-coracoes-do-brasil-regiao-do-paraguai-conclui-mais-uma-assembleia\/#respond\"]}]},{\"@type\":\"WebPage\",\"@id\":\"https:\/\/www.padreeustaquio.com.br\/provincia-dos-sagrados-coracoes-do-brasil-regiao-do-paraguai-conclui-mais-uma-assembleia\/\",\"url\":\"https:\/\/www.padreeustaquio.com.br\/provincia-dos-sagrados-coracoes-do-brasil-regiao-do-paraguai-conclui-mais-uma-assembleia\/\",\"name\":\"Prov\u00edncia dos Sagrados Cora\u00e7\u00f5es do Brasil - regi\u00e3o do Paraguai conclui mais uma Assembleia\",\"isPartOf\":{\"@id\":\"https:\/\/www.padreeustaquio.com.br\/#website\"},\"primaryImageOfPage\":{\"@id\":\"https:\/\/www.padreeustaquio.com.br\/provincia-dos-sagrados-coracoes-do-brasil-regiao-do-paraguai-conclui-mais-uma-assembleia\/#primaryimage\"},\"image\":{\"@id\":\"https:\/\/www.padreeustaquio.com.br\/provincia-dos-sagrados-coracoes-do-brasil-regiao-do-paraguai-conclui-mais-uma-assembleia\/#primaryimage\"},\"thumbnailUrl\":\"https:\/\/www.padreeustaquio.com.br\/wp-content\/uploads\/2024\/02\/Assembleia-provincia-brasil-paraguai-sscc-ouro-preto-minas-gerais.jpeg\",\"datePublished\":\"2024-02-05T11:38:52+00:00\",\"description\":\"Terminou nesse final de semana mais uma Assembleia da Prov\u00edncia dos Sagrados Cora\u00e7\u00f5es do Brasil, regi\u00e3o do Paraguai. O encontro foi realizado no Hotel Fazenda Retiro das Rosas, em Ouro Preto-MG.\",\"breadcrumb\":{\"@id\":\"https:\/\/www.padreeustaquio.com.br\/provincia-dos-sagrados-coracoes-do-brasil-regiao-do-paraguai-conclui-mais-uma-assembleia\/#breadcrumb\"},\"inLanguage\":\"en-US\",\"potentialAction\":[{\"@type\":\"ReadAction\",\"target\":[\"https:\/\/www.padreeustaquio.com.br\/provincia-dos-sagrados-coracoes-do-brasil-regiao-do-paraguai-conclui-mais-uma-assembleia\/\"]}]},{\"@type\":\"ImageObject\",\"inLanguage\":\"en-US\",\"@id\":\"https:\/\/www.padreeustaquio.com.br\/provincia-dos-sagrados-coracoes-do-brasil-regiao-do-paraguai-conclui-mais-uma-assembleia\/#primaryimage\",\"url\":\"https:\/\/www.padreeustaquio.com.br\/wp-content\/uploads\/2024\/02\/Assembleia-provincia-brasil-paraguai-sscc-ouro-preto-minas-gerais.jpeg\",\"contentUrl\":\"https:\/\/www.padreeustaquio.com.br\/wp-content\/uploads\/2024\/02\/Assembleia-provincia-brasil-paraguai-sscc-ouro-preto-minas-gerais.jpeg\",\"width\":1280,\"height\":960},{\"@type\":\"BreadcrumbList\",\"@id\":\"https:\/\/www.padreeustaquio.com.br\/provincia-dos-sagrados-coracoes-do-brasil-regiao-do-paraguai-conclui-mais-uma-assembleia\/#breadcrumb\",\"itemListElement\":[{\"@type\":\"ListItem\",\"position\":1,\"name\":\"In\u00edcio\",\"item\":\"https:\/\/www.padreeustaquio.com.br\/\"},{\"@type\":\"ListItem\",\"position\":2,\"name\":\"Prov\u00edncia dos Sagrados Cora\u00e7\u00f5es do Brasil &#8211; regi\u00e3o do Paraguai conclui mais uma Assembleia\"}]},{\"@type\":\"WebSite\",\"@id\":\"https:\/\/www.padreeustaquio.com.br\/#website\",\"url\":\"https:\/\/www.padreeustaquio.com.br\/\",\"name\":\"Padre Eust\u00e1quio\",\"description\":\"Sa\u00fade e Paz\",\"publisher\":{\"@id\":\"https:\/\/www.padreeustaquio.com.br\/#organization\"},\"potentialAction\":[{\"@type\":\"SearchAction\",\"target\":{\"@type\":\"EntryPoint\",\"urlTemplate\":\"https:\/\/www.padreeustaquio.com.br\/?s={search_term_string}\"},\"query-input\":{\"@type\":\"PropertyValueSpecification\",\"valueRequired\":true,\"valueName\":\"search_term_string\"}}],\"inLanguage\":\"en-US\"},{\"@type\":\"Organization\",\"@id\":\"https:\/\/www.padreeustaquio.com.br\/#organization\",\"name\":\"Padre Eust\u00e1quio\",\"url\":\"https:\/\/www.padreeustaquio.com.br\/\",\"logo\":{\"@type\":\"ImageObject\",\"inLanguage\":\"en-US\",\"@id\":\"https:\/\/www.padreeustaquio.com.br\/#\/schema\/logo\/image\/\",\"url\":\"https:\/\/www.padreeustaquio.com.br\/wp-content\/uploads\/2019\/08\/marca.png\",\"contentUrl\":\"https:\/\/www.padreeustaquio.com.br\/wp-content\/uploads\/2019\/08\/marca.png\",\"width\":350,\"height\":400,\"caption\":\"Padre Eust\u00e1quio\"},\"image\":{\"@id\":\"https:\/\/www.padreeustaquio.com.br\/#\/schema\/logo\/image\/\"},\"sameAs\":[\"https:\/\/www.facebook.com\/beatopadreeustaquio\/\",\"https:\/\/x.com\/beatopeustaquio\",\"https:\/\/www.instagram.com\/beatopadreeustaquio\/\",\"https:\/\/www.youtube.com\/channel\/UCRhw7vfabnajwLxb1ZXMeIw\"]},{\"@type\":\"Person\",\"@id\":\"https:\/\/www.padreeustaquio.com.br\/#\/schema\/person\/a2a51db1d00f1a7af0204a0f1ddb1566\",\"name\":\"@sscc\",\"image\":{\"@type\":\"ImageObject\",\"inLanguage\":\"en-US\",\"@id\":\"https:\/\/secure.gravatar.com\/avatar\/68cfafa5f44617fea54071e215026e0ff06be366c3d54a8425f04fdcb86f8c5f?s=96&d=mm&r=g\",\"url\":\"https:\/\/secure.gravatar.com\/avatar\/68cfafa5f44617fea54071e215026e0ff06be366c3d54a8425f04fdcb86f8c5f?s=96&d=mm&r=g\",\"contentUrl\":\"https:\/\/secure.gravatar.com\/avatar\/68cfafa5f44617fea54071e215026e0ff06be366c3d54a8425f04fdcb86f8c5f?s=96&d=mm&r=g\",\"caption\":\"@sscc\"},\"url\":\"https:\/\/www.padreeustaquio.com.br\/en\/author\/sscc\/\"}]}<\/script>\n<!-- \/ Yoast SEO plugin. -->","yoast_head_json":{"title":"Province of the Sacred Hearts of Brazil - Paraguay region concludes another Assembly.","description":"This past weekend marked the end of another Assembly of the Province of the Sacred Hearts of Brazil, Paraguay region. The meeting was held at the Hotel Fazenda Retiro das Rosas, in Ouro Preto, Minas Gerais.","robots":{"index":"index","follow":"follow","max-snippet":"max-snippet:-1","max-image-preview":"max-image-preview:large","max-video-preview":"max-video-preview:-1"},"canonical":"https:\/\/www.padreeustaquio.com.br\/en\/province-of-the-sacred-hearts-of-brazil-paraguay-region-concludes-another-assembly\/","og_locale":"en_US","og_type":"article","og_title":"Prov\u00edncia dos Sagrados Cora\u00e7\u00f5es do Brasil - regi\u00e3o do Paraguai conclui mais uma Assembleia","og_description":"Terminou nesse final de semana mais uma Assembleia da Prov\u00edncia dos Sagrados Cora\u00e7\u00f5es do Brasil, regi\u00e3o do Paraguai. O encontro foi realizado no Hotel Fazenda Retiro das Rosas, em Ouro Preto-MG.","og_url":"https:\/\/www.padreeustaquio.com.br\/en\/province-of-the-sacred-hearts-of-brazil-paraguay-region-concludes-another-assembly\/","og_site_name":"Padre Eust\u00e1quio","article_publisher":"https:\/\/www.facebook.com\/beatopadreeustaquio\/","article_published_time":"2024-02-05T11:38:52+00:00","og_image":[{"width":1280,"height":960,"url":"https:\/\/www.padreeustaquio.com.br\/wp-content\/uploads\/2024\/02\/Assembleia-provincia-brasil-paraguai-sscc-ouro-preto-minas-gerais.jpeg","type":"image\/jpeg"}],"author":"@sscc","twitter_card":"summary_large_image","twitter_creator":"@beatopeustaquio","twitter_site":"@beatopeustaquio","twitter_misc":{"Written by":"@sscc","Est. reading time":"2 minutes"},"schema":{"@context":"https:\/\/schema.org","@graph":[{"@type":"Article","@id":"https:\/\/www.padreeustaquio.com.br\/provincia-dos-sagrados-coracoes-do-brasil-regiao-do-paraguai-conclui-mais-uma-assembleia\/#article","isPartOf":{"@id":"https:\/\/www.padreeustaquio.com.br\/provincia-dos-sagrados-coracoes-do-brasil-regiao-do-paraguai-conclui-mais-uma-assembleia\/"},"author":{"name":"@sscc","@id":"https:\/\/www.padreeustaquio.com.br\/#\/schema\/person\/a2a51db1d00f1a7af0204a0f1ddb1566"},"headline":"Prov\u00edncia dos Sagrados Cora\u00e7\u00f5es do Brasil &#8211; regi\u00e3o do Paraguai conclui mais uma Assembleia","datePublished":"2024-02-05T11:38:52+00:00","mainEntityOfPage":{"@id":"https:\/\/www.padreeustaquio.com.br\/provincia-dos-sagrados-coracoes-do-brasil-regiao-do-paraguai-conclui-mais-uma-assembleia\/"},"wordCount":205,"commentCount":0,"publisher":{"@id":"https:\/\/www.padreeustaquio.com.br\/#organization"},"image":{"@id":"https:\/\/www.padreeustaquio.com.br\/provincia-dos-sagrados-coracoes-do-brasil-regiao-do-paraguai-conclui-mais-uma-assembleia\/#primaryimage"},"thumbnailUrl":"https:\/\/www.padreeustaquio.com.br\/wp-content\/uploads\/2024\/02\/Assembleia-provincia-brasil-paraguai-sscc-ouro-preto-minas-gerais.jpeg","articleSection":["Not\u00edcias"],"inLanguage":"en-US","potentialAction":[{"@type":"CommentAction","name":"Comment","target":["https:\/\/www.padreeustaquio.com.br\/provincia-dos-sagrados-coracoes-do-brasil-regiao-do-paraguai-conclui-mais-uma-assembleia\/#respond"]}]},{"@type":"WebPage","@id":"https:\/\/www.padreeustaquio.com.br\/provincia-dos-sagrados-coracoes-do-brasil-regiao-do-paraguai-conclui-mais-uma-assembleia\/","url":"https:\/\/www.padreeustaquio.com.br\/provincia-dos-sagrados-coracoes-do-brasil-regiao-do-paraguai-conclui-mais-uma-assembleia\/","name":"Province of the Sacred Hearts of Brazil - Paraguay region concludes another Assembly.","isPartOf":{"@id":"https:\/\/www.padreeustaquio.com.br\/#website"},"primaryImageOfPage":{"@id":"https:\/\/www.padreeustaquio.com.br\/provincia-dos-sagrados-coracoes-do-brasil-regiao-do-paraguai-conclui-mais-uma-assembleia\/#primaryimage"},"image":{"@id":"https:\/\/www.padreeustaquio.com.br\/provincia-dos-sagrados-coracoes-do-brasil-regiao-do-paraguai-conclui-mais-uma-assembleia\/#primaryimage"},"thumbnailUrl":"https:\/\/www.padreeustaquio.com.br\/wp-content\/uploads\/2024\/02\/Assembleia-provincia-brasil-paraguai-sscc-ouro-preto-minas-gerais.jpeg","datePublished":"2024-02-05T11:38:52+00:00","description":"This past weekend marked the end of another Assembly of the Province of the Sacred Hearts of Brazil, Paraguay region. The meeting was held at the Hotel Fazenda Retiro das Rosas, in Ouro Preto, Minas Gerais.","breadcrumb":{"@id":"https:\/\/www.padreeustaquio.com.br\/provincia-dos-sagrados-coracoes-do-brasil-regiao-do-paraguai-conclui-mais-uma-assembleia\/#breadcrumb"},"inLanguage":"en-US","potentialAction":[{"@type":"ReadAction","target":["https:\/\/www.padreeustaquio.com.br\/provincia-dos-sagrados-coracoes-do-brasil-regiao-do-paraguai-conclui-mais-uma-assembleia\/"]}]},{"@type":"ImageObject","inLanguage":"en-US","@id":"https:\/\/www.padreeustaquio.com.br\/provincia-dos-sagrados-coracoes-do-brasil-regiao-do-paraguai-conclui-mais-uma-assembleia\/#primaryimage","url":"https:\/\/www.padreeustaquio.com.br\/wp-content\/uploads\/2024\/02\/Assembleia-provincia-brasil-paraguai-sscc-ouro-preto-minas-gerais.jpeg","contentUrl":"https:\/\/www.padreeustaquio.com.br\/wp-content\/uploads\/2024\/02\/Assembleia-provincia-brasil-paraguai-sscc-ouro-preto-minas-gerais.jpeg","width":1280,"height":960},{"@type":"BreadcrumbList","@id":"https:\/\/www.padreeustaquio.com.br\/provincia-dos-sagrados-coracoes-do-brasil-regiao-do-paraguai-conclui-mais-uma-assembleia\/#breadcrumb","itemListElement":[{"@type":"ListItem","position":1,"name":"In\u00edcio","item":"https:\/\/www.padreeustaquio.com.br\/"},{"@type":"ListItem","position":2,"name":"Prov\u00edncia dos Sagrados Cora\u00e7\u00f5es do Brasil &#8211; regi\u00e3o do Paraguai conclui mais uma Assembleia"}]},{"@type":"WebSite","@id":"https:\/\/www.padreeustaquio.com.br\/#website","url":"https:\/\/www.padreeustaquio.com.br\/","name":"FATHER EUST\u00c1QUIO","description":"Health and Peace","publisher":{"@id":"https:\/\/www.padreeustaquio.com.br\/#organization"},"potentialAction":[{"@type":"SearchAction","target":{"@type":"EntryPoint","urlTemplate":"https:\/\/www.padreeustaquio.com.br\/?s={search_term_string}"},"query-input":{"@type":"PropertyValueSpecification","valueRequired":true,"valueName":"search_term_string"}}],"inLanguage":"en-US"},{"@type":"Organization","@id":"https:\/\/www.padreeustaquio.com.br\/#organization","name":"FATHER EUST\u00c1QUIO","url":"https:\/\/www.padreeustaquio.com.br\/","logo":{"@type":"ImageObject","inLanguage":"en-US","@id":"https:\/\/www.padreeustaquio.com.br\/#\/schema\/logo\/image\/","url":"https:\/\/www.padreeustaquio.com.br\/wp-content\/uploads\/2019\/08\/marca.png","contentUrl":"https:\/\/www.padreeustaquio.com.br\/wp-content\/uploads\/2019\/08\/marca.png","width":350,"height":400,"caption":"Padre Eust\u00e1quio"},"image":{"@id":"https:\/\/www.padreeustaquio.com.br\/#\/schema\/logo\/image\/"},"sameAs":["https:\/\/www.facebook.com\/beatopadreeustaquio\/","https:\/\/x.com\/beatopeustaquio","https:\/\/www.instagram.com\/beatopadreeustaquio\/","https:\/\/www.youtube.com\/channel\/UCRhw7vfabnajwLxb1ZXMeIw"]},{"@type":"Person","@id":"https:\/\/www.padreeustaquio.com.br\/#\/schema\/person\/a2a51db1d00f1a7af0204a0f1ddb1566","name":"@sscc","image":{"@type":"ImageObject","inLanguage":"en-US","@id":"https:\/\/secure.gravatar.com\/avatar\/68cfafa5f44617fea54071e215026e0ff06be366c3d54a8425f04fdcb86f8c5f?s=96&d=mm&r=g","url":"https:\/\/secure.gravatar.com\/avatar\/68cfafa5f44617fea54071e215026e0ff06be366c3d54a8425f04fdcb86f8c5f?s=96&d=mm&r=g","contentUrl":"https:\/\/secure.gravatar.com\/avatar\/68cfafa5f44617fea54071e215026e0ff06be366c3d54a8425f04fdcb86f8c5f?s=96&d=mm&r=g","caption":"@sscc"},"url":"https:\/\/www.padreeustaquio.com.br\/en\/author\/sscc\/"}]}},"_links":{"self":[{"href":"https:\/\/www.padreeustaquio.com.br\/en\/wp-json\/wp\/v2\/posts\/11075","targetHints":{"allow":["GET"]}}],"collection":[{"href":"https:\/\/www.padreeustaquio.com.br\/en\/wp-json\/wp\/v2\/posts"}],"about":[{"href":"https:\/\/www.padreeustaquio.com.br\/en\/wp-json\/wp\/v2\/types\/post"}],"author":[{"embeddable":true,"href":"https:\/\/www.padreeustaquio.com.br\/en\/wp-json\/wp\/v2\/users\/2"}],"replies":[{"embeddable":true,"href":"https:\/\/www.padreeustaquio.com.br\/en\/wp-json\/wp\/v2\/comments?post=11075"}],"version-history":[{"count":0,"href":"https:\/\/www.padreeustaquio.com.br\/en\/wp-json\/wp\/v2\/posts\/11075\/revisions"}],"wp:featuredmedia":[{"embeddable":true,"href":"https:\/\/www.padreeustaquio.com.br\/en\/wp-json\/wp\/v2\/media\/11076"}],"wp:attachment":[{"href":"https:\/\/www.padreeustaquio.com.br\/en\/wp-json\/wp\/v2\/media?parent=11075"}],"wp:term":[{"taxonomy":"category","embeddable":true,"href":"https:\/\/www.padreeustaquio.com.br\/en\/wp-json\/wp\/v2\/categories?post=11075"},{"taxonomy":"post_tag","embeddable":true,"href":"https:\/\/www.padreeustaquio.com.br\/en\/wp-json\/wp\/v2\/tags?post=11075"}],"curies":[{"name":"wp","href":"https:\/\/api.w.org\/{rel}","templated":true}]}}