{"id":11062,"date":"2023-12-29T14:00:05","date_gmt":"2023-12-29T17:00:05","guid":{"rendered":"https:\/\/www.padreeustaquio.com.br\/?p=11062"},"modified":"2023-12-26T13:50:45","modified_gmt":"2023-12-26T16:50:45","slug":"the-sanctuary-announces-mass-times-for-december-31st-and-january-1st","status":"publish","type":"post","link":"https:\/\/www.padreeustaquio.com.br\/en\/the-sanctuary-announces-mass-times-for-december-31st-and-january-1st\/","title":{"rendered":"The sanctuary announces Mass times for December 31st and January 1st."},"content":{"rendered":"<p>The Sanctuary of Health and Peace, Church of Blessed Father Eustace, will celebrate the end of 2023 and the arrival of 2024 with several masses celebrated over the weekend and on Monday (holiday) January 1, 2024.<\/p>\n<p>Thanksgiving for the year that is ending begins this Saturday at 3 pm with a votive mass to Blessed Father Eust\u00e1quio, where devotees from Belo Horizonte and throughout the country can thank the Blessed for his intercession in this year that is ending (the celebration will be broadcast on the Padre Eust\u00e1quio YouTube Channel).<\/p>\n<p>Also on Saturday, there will be Mass at 5 PM with the Sunday liturgy, celebrating the Holy Family of Jesus, Mary, and Joseph. This Mass will also be broadcast on the Internet Channel.<\/p>\n<p>On Sunday, the Sanctuary will hold masses at the usual times: 7:00 AM, 8:30 AM, 10:00 AM, 5:00 PM, and 7:00 PM, also celebrating the Holy Family. The 10:00 AM and 7:00 PM masses will be broadcast live on the Padre Eust\u00e1quio Channel.<\/p>\n<p>On Monday, the first day of the year, the Church throughout the world will celebrate Mary, Mother of God. At the Sanctuary, the faithful will be able to celebrate the new year and ask for graces and blessings for 2024, in the masses at 10 am and 7 pm, all of which will be broadcast on social media, especially on YouTube.<\/p>\n<p>May this new year bring us ever closer together in prayer for ourselves, our families, and the entire world!<\/p>","protected":false},"excerpt":{"rendered":"<p>O Santu\u00e1rio da Sa\u00fade e da Paz, Igreja do Beato Padre Eust\u00e1quio, vai celebrar o fim do ano de 2023 e a chegada de 2024 com diversas missas celebradas no final de semana e na segunda-feira (feriado) dia 1\u00ba de janeiro de 2024. As a\u00e7\u00f5es de gra\u00e7as pelo ano que termina come\u00e7am j\u00e1 no s\u00e1bado, \u00e0s 15h com a missa votiva ao Beato Padre Eust\u00e1quio, onde os devotos de Belo Horizonte e de todo o pa\u00eds poder\u00e3o agradecer a intercess\u00e3o do Bem-Aventurado neste ano que termina (a celebra\u00e7\u00e3o ser\u00e1 transmitida pelo YouTube Canal Padre Eust\u00e1quio). Ainda no s\u00e1bado, haver\u00e1 Missa [&hellip;]<\/p>\n","protected":false},"author":2,"featured_media":11063,"comment_status":"open","ping_status":"closed","sticky":false,"template":"","format":"standard","meta":{"_acf_changed":false,"footnotes":""},"categories":[611],"tags":[],"class_list":["post-11062","post","type-post","status-publish","format-standard","has-post-thumbnail","hentry","category-noticias"],"acf":[],"yoast_head":"<!-- This site is optimized with the Yoast SEO plugin v27.2 - https:\/\/yoast.com\/product\/yoast-seo-wordpress\/ -->\n<title>Santu\u00e1rio divulga hor\u00e1rios de missas nos dias: 31 de dezembro e 1\u00ba de janeiro<\/title>\n<meta name=\"description\" content=\"O Santu\u00e1rio da Sa\u00fade e da Paz, Igreja do Beato Padre Eust\u00e1quio, vai celebrar o fim do ano de 2023 e a chegada de 2024 com diversas missas celebradas no final de semana e na segunda-feira (feriado) dia 1\u00ba de janeiro de 2024.\" \/>\n<meta name=\"robots\" content=\"index, follow, max-snippet:-1, max-image-preview:large, max-video-preview:-1\" \/>\n<link rel=\"canonical\" href=\"https:\/\/www.padreeustaquio.com.br\/en\/the-sanctuary-announces-mass-times-for-december-31st-and-january-1st\/\" \/>\n<meta property=\"og:locale\" content=\"en_US\" \/>\n<meta property=\"og:type\" content=\"article\" \/>\n<meta property=\"og:title\" content=\"Santu\u00e1rio divulga hor\u00e1rios de missas nos dias: 31 de dezembro e 1\u00ba de janeiro\" \/>\n<meta property=\"og:description\" content=\"O Santu\u00e1rio da Sa\u00fade e da Paz, Igreja do Beato Padre Eust\u00e1quio, vai celebrar o fim do ano de 2023 e a chegada de 2024 com diversas missas celebradas no final de semana e na segunda-feira (feriado) dia 1\u00ba de janeiro de 2024.\" \/>\n<meta property=\"og:url\" content=\"https:\/\/www.padreeustaquio.com.br\/en\/the-sanctuary-announces-mass-times-for-december-31st-and-january-1st\/\" \/>\n<meta property=\"og:site_name\" content=\"Padre Eust\u00e1quio\" \/>\n<meta property=\"article:publisher\" content=\"https:\/\/www.facebook.com\/beatopadreeustaquio\/\" \/>\n<meta property=\"article:published_time\" content=\"2023-12-29T17:00:05+00:00\" \/>\n<meta property=\"og:image\" content=\"https:\/\/www.padreeustaquio.com.br\/wp-content\/uploads\/2023\/12\/missas-2023-2024.jpg\" \/>\n\t<meta property=\"og:image:width\" content=\"1000\" \/>\n\t<meta property=\"og:image:height\" content=\"667\" \/>\n\t<meta property=\"og:image:type\" content=\"image\/jpeg\" \/>\n<meta name=\"author\" content=\"@sscc\" \/>\n<meta name=\"twitter:card\" content=\"summary_large_image\" \/>\n<meta name=\"twitter:creator\" content=\"@beatopeustaquio\" \/>\n<meta name=\"twitter:site\" content=\"@beatopeustaquio\" \/>\n<meta name=\"twitter:label1\" content=\"Written by\" \/>\n\t<meta name=\"twitter:data1\" content=\"@sscc\" \/>\n\t<meta name=\"twitter:label2\" content=\"Est. reading time\" \/>\n\t<meta name=\"twitter:data2\" content=\"2 minutes\" \/>\n<script type=\"application\/ld+json\" class=\"yoast-schema-graph\">{\"@context\":\"https:\/\/schema.org\",\"@graph\":[{\"@type\":\"Article\",\"@id\":\"https:\/\/www.padreeustaquio.com.br\/santuario-divulga-horarios-de-missas-nos-dias-31-de-dezembro-e-1o-de-janeiro\/#article\",\"isPartOf\":{\"@id\":\"https:\/\/www.padreeustaquio.com.br\/santuario-divulga-horarios-de-missas-nos-dias-31-de-dezembro-e-1o-de-janeiro\/\"},\"author\":{\"name\":\"@sscc\",\"@id\":\"https:\/\/www.padreeustaquio.com.br\/#\/schema\/person\/a2a51db1d00f1a7af0204a0f1ddb1566\"},\"headline\":\"Santu\u00e1rio divulga hor\u00e1rios de missas nos dias: 31 de dezembro e 1\u00ba de janeiro\",\"datePublished\":\"2023-12-29T17:00:05+00:00\",\"mainEntityOfPage\":{\"@id\":\"https:\/\/www.padreeustaquio.com.br\/santuario-divulga-horarios-de-missas-nos-dias-31-de-dezembro-e-1o-de-janeiro\/\"},\"wordCount\":276,\"commentCount\":0,\"publisher\":{\"@id\":\"https:\/\/www.padreeustaquio.com.br\/#organization\"},\"image\":{\"@id\":\"https:\/\/www.padreeustaquio.com.br\/santuario-divulga-horarios-de-missas-nos-dias-31-de-dezembro-e-1o-de-janeiro\/#primaryimage\"},\"thumbnailUrl\":\"https:\/\/www.padreeustaquio.com.br\/wp-content\/uploads\/2023\/12\/missas-2023-2024.jpg\",\"articleSection\":[\"Not\u00edcias\"],\"inLanguage\":\"en-US\",\"potentialAction\":[{\"@type\":\"CommentAction\",\"name\":\"Comment\",\"target\":[\"https:\/\/www.padreeustaquio.com.br\/santuario-divulga-horarios-de-missas-nos-dias-31-de-dezembro-e-1o-de-janeiro\/#respond\"]}]},{\"@type\":\"WebPage\",\"@id\":\"https:\/\/www.padreeustaquio.com.br\/santuario-divulga-horarios-de-missas-nos-dias-31-de-dezembro-e-1o-de-janeiro\/\",\"url\":\"https:\/\/www.padreeustaquio.com.br\/santuario-divulga-horarios-de-missas-nos-dias-31-de-dezembro-e-1o-de-janeiro\/\",\"name\":\"Santu\u00e1rio divulga hor\u00e1rios de missas nos dias: 31 de dezembro e 1\u00ba de janeiro\",\"isPartOf\":{\"@id\":\"https:\/\/www.padreeustaquio.com.br\/#website\"},\"primaryImageOfPage\":{\"@id\":\"https:\/\/www.padreeustaquio.com.br\/santuario-divulga-horarios-de-missas-nos-dias-31-de-dezembro-e-1o-de-janeiro\/#primaryimage\"},\"image\":{\"@id\":\"https:\/\/www.padreeustaquio.com.br\/santuario-divulga-horarios-de-missas-nos-dias-31-de-dezembro-e-1o-de-janeiro\/#primaryimage\"},\"thumbnailUrl\":\"https:\/\/www.padreeustaquio.com.br\/wp-content\/uploads\/2023\/12\/missas-2023-2024.jpg\",\"datePublished\":\"2023-12-29T17:00:05+00:00\",\"description\":\"O Santu\u00e1rio da Sa\u00fade e da Paz, Igreja do Beato Padre Eust\u00e1quio, vai celebrar o fim do ano de 2023 e a chegada de 2024 com diversas missas celebradas no final de semana e na segunda-feira (feriado) dia 1\u00ba de janeiro de 2024.\",\"breadcrumb\":{\"@id\":\"https:\/\/www.padreeustaquio.com.br\/santuario-divulga-horarios-de-missas-nos-dias-31-de-dezembro-e-1o-de-janeiro\/#breadcrumb\"},\"inLanguage\":\"en-US\",\"potentialAction\":[{\"@type\":\"ReadAction\",\"target\":[\"https:\/\/www.padreeustaquio.com.br\/santuario-divulga-horarios-de-missas-nos-dias-31-de-dezembro-e-1o-de-janeiro\/\"]}]},{\"@type\":\"ImageObject\",\"inLanguage\":\"en-US\",\"@id\":\"https:\/\/www.padreeustaquio.com.br\/santuario-divulga-horarios-de-missas-nos-dias-31-de-dezembro-e-1o-de-janeiro\/#primaryimage\",\"url\":\"https:\/\/www.padreeustaquio.com.br\/wp-content\/uploads\/2023\/12\/missas-2023-2024.jpg\",\"contentUrl\":\"https:\/\/www.padreeustaquio.com.br\/wp-content\/uploads\/2023\/12\/missas-2023-2024.jpg\",\"width\":1000,\"height\":667},{\"@type\":\"BreadcrumbList\",\"@id\":\"https:\/\/www.padreeustaquio.com.br\/santuario-divulga-horarios-de-missas-nos-dias-31-de-dezembro-e-1o-de-janeiro\/#breadcrumb\",\"itemListElement\":[{\"@type\":\"ListItem\",\"position\":1,\"name\":\"In\u00edcio\",\"item\":\"https:\/\/www.padreeustaquio.com.br\/\"},{\"@type\":\"ListItem\",\"position\":2,\"name\":\"Santu\u00e1rio divulga hor\u00e1rios de missas nos dias: 31 de dezembro e 1\u00ba de janeiro\"}]},{\"@type\":\"WebSite\",\"@id\":\"https:\/\/www.padreeustaquio.com.br\/#website\",\"url\":\"https:\/\/www.padreeustaquio.com.br\/\",\"name\":\"Padre Eust\u00e1quio\",\"description\":\"Sa\u00fade e Paz\",\"publisher\":{\"@id\":\"https:\/\/www.padreeustaquio.com.br\/#organization\"},\"potentialAction\":[{\"@type\":\"SearchAction\",\"target\":{\"@type\":\"EntryPoint\",\"urlTemplate\":\"https:\/\/www.padreeustaquio.com.br\/?s={search_term_string}\"},\"query-input\":{\"@type\":\"PropertyValueSpecification\",\"valueRequired\":true,\"valueName\":\"search_term_string\"}}],\"inLanguage\":\"en-US\"},{\"@type\":\"Organization\",\"@id\":\"https:\/\/www.padreeustaquio.com.br\/#organization\",\"name\":\"Padre Eust\u00e1quio\",\"url\":\"https:\/\/www.padreeustaquio.com.br\/\",\"logo\":{\"@type\":\"ImageObject\",\"inLanguage\":\"en-US\",\"@id\":\"https:\/\/www.padreeustaquio.com.br\/#\/schema\/logo\/image\/\",\"url\":\"https:\/\/www.padreeustaquio.com.br\/wp-content\/uploads\/2019\/08\/marca.png\",\"contentUrl\":\"https:\/\/www.padreeustaquio.com.br\/wp-content\/uploads\/2019\/08\/marca.png\",\"width\":350,\"height\":400,\"caption\":\"Padre Eust\u00e1quio\"},\"image\":{\"@id\":\"https:\/\/www.padreeustaquio.com.br\/#\/schema\/logo\/image\/\"},\"sameAs\":[\"https:\/\/www.facebook.com\/beatopadreeustaquio\/\",\"https:\/\/x.com\/beatopeustaquio\",\"https:\/\/www.instagram.com\/beatopadreeustaquio\/\",\"https:\/\/www.youtube.com\/channel\/UCRhw7vfabnajwLxb1ZXMeIw\"]},{\"@type\":\"Person\",\"@id\":\"https:\/\/www.padreeustaquio.com.br\/#\/schema\/person\/a2a51db1d00f1a7af0204a0f1ddb1566\",\"name\":\"@sscc\",\"image\":{\"@type\":\"ImageObject\",\"inLanguage\":\"en-US\",\"@id\":\"https:\/\/secure.gravatar.com\/avatar\/68cfafa5f44617fea54071e215026e0ff06be366c3d54a8425f04fdcb86f8c5f?s=96&d=mm&r=g\",\"url\":\"https:\/\/secure.gravatar.com\/avatar\/68cfafa5f44617fea54071e215026e0ff06be366c3d54a8425f04fdcb86f8c5f?s=96&d=mm&r=g\",\"contentUrl\":\"https:\/\/secure.gravatar.com\/avatar\/68cfafa5f44617fea54071e215026e0ff06be366c3d54a8425f04fdcb86f8c5f?s=96&d=mm&r=g\",\"caption\":\"@sscc\"},\"url\":\"https:\/\/www.padreeustaquio.com.br\/en\/author\/sscc\/\"}]}<\/script>\n<!-- \/ Yoast SEO plugin. -->","yoast_head_json":{"title":"The sanctuary announces Mass times for December 31st and January 1st.","description":"The Sanctuary of Health and Peace, Church of Blessed Father Eustace, will celebrate the end of 2023 and the arrival of 2024 with several masses celebrated over the weekend and on Monday (holiday) January 1, 2024.","robots":{"index":"index","follow":"follow","max-snippet":"max-snippet:-1","max-image-preview":"max-image-preview:large","max-video-preview":"max-video-preview:-1"},"canonical":"https:\/\/www.padreeustaquio.com.br\/en\/the-sanctuary-announces-mass-times-for-december-31st-and-january-1st\/","og_locale":"en_US","og_type":"article","og_title":"Santu\u00e1rio divulga hor\u00e1rios de missas nos dias: 31 de dezembro e 1\u00ba de janeiro","og_description":"O Santu\u00e1rio da Sa\u00fade e da Paz, Igreja do Beato Padre Eust\u00e1quio, vai celebrar o fim do ano de 2023 e a chegada de 2024 com diversas missas celebradas no final de semana e na segunda-feira (feriado) dia 1\u00ba de janeiro de 2024.","og_url":"https:\/\/www.padreeustaquio.com.br\/en\/the-sanctuary-announces-mass-times-for-december-31st-and-january-1st\/","og_site_name":"Padre Eust\u00e1quio","article_publisher":"https:\/\/www.facebook.com\/beatopadreeustaquio\/","article_published_time":"2023-12-29T17:00:05+00:00","og_image":[{"width":1000,"height":667,"url":"https:\/\/www.padreeustaquio.com.br\/wp-content\/uploads\/2023\/12\/missas-2023-2024.jpg","type":"image\/jpeg"}],"author":"@sscc","twitter_card":"summary_large_image","twitter_creator":"@beatopeustaquio","twitter_site":"@beatopeustaquio","twitter_misc":{"Written by":"@sscc","Est. reading time":"2 minutes"},"schema":{"@context":"https:\/\/schema.org","@graph":[{"@type":"Article","@id":"https:\/\/www.padreeustaquio.com.br\/santuario-divulga-horarios-de-missas-nos-dias-31-de-dezembro-e-1o-de-janeiro\/#article","isPartOf":{"@id":"https:\/\/www.padreeustaquio.com.br\/santuario-divulga-horarios-de-missas-nos-dias-31-de-dezembro-e-1o-de-janeiro\/"},"author":{"name":"@sscc","@id":"https:\/\/www.padreeustaquio.com.br\/#\/schema\/person\/a2a51db1d00f1a7af0204a0f1ddb1566"},"headline":"Santu\u00e1rio divulga hor\u00e1rios de missas nos dias: 31 de dezembro e 1\u00ba de janeiro","datePublished":"2023-12-29T17:00:05+00:00","mainEntityOfPage":{"@id":"https:\/\/www.padreeustaquio.com.br\/santuario-divulga-horarios-de-missas-nos-dias-31-de-dezembro-e-1o-de-janeiro\/"},"wordCount":276,"commentCount":0,"publisher":{"@id":"https:\/\/www.padreeustaquio.com.br\/#organization"},"image":{"@id":"https:\/\/www.padreeustaquio.com.br\/santuario-divulga-horarios-de-missas-nos-dias-31-de-dezembro-e-1o-de-janeiro\/#primaryimage"},"thumbnailUrl":"https:\/\/www.padreeustaquio.com.br\/wp-content\/uploads\/2023\/12\/missas-2023-2024.jpg","articleSection":["Not\u00edcias"],"inLanguage":"en-US","potentialAction":[{"@type":"CommentAction","name":"Comment","target":["https:\/\/www.padreeustaquio.com.br\/santuario-divulga-horarios-de-missas-nos-dias-31-de-dezembro-e-1o-de-janeiro\/#respond"]}]},{"@type":"WebPage","@id":"https:\/\/www.padreeustaquio.com.br\/santuario-divulga-horarios-de-missas-nos-dias-31-de-dezembro-e-1o-de-janeiro\/","url":"https:\/\/www.padreeustaquio.com.br\/santuario-divulga-horarios-de-missas-nos-dias-31-de-dezembro-e-1o-de-janeiro\/","name":"The sanctuary announces Mass times for December 31st and January 1st.","isPartOf":{"@id":"https:\/\/www.padreeustaquio.com.br\/#website"},"primaryImageOfPage":{"@id":"https:\/\/www.padreeustaquio.com.br\/santuario-divulga-horarios-de-missas-nos-dias-31-de-dezembro-e-1o-de-janeiro\/#primaryimage"},"image":{"@id":"https:\/\/www.padreeustaquio.com.br\/santuario-divulga-horarios-de-missas-nos-dias-31-de-dezembro-e-1o-de-janeiro\/#primaryimage"},"thumbnailUrl":"https:\/\/www.padreeustaquio.com.br\/wp-content\/uploads\/2023\/12\/missas-2023-2024.jpg","datePublished":"2023-12-29T17:00:05+00:00","description":"The Sanctuary of Health and Peace, Church of Blessed Father Eustace, will celebrate the end of 2023 and the arrival of 2024 with several masses celebrated over the weekend and on Monday (holiday) January 1, 2024.","breadcrumb":{"@id":"https:\/\/www.padreeustaquio.com.br\/santuario-divulga-horarios-de-missas-nos-dias-31-de-dezembro-e-1o-de-janeiro\/#breadcrumb"},"inLanguage":"en-US","potentialAction":[{"@type":"ReadAction","target":["https:\/\/www.padreeustaquio.com.br\/santuario-divulga-horarios-de-missas-nos-dias-31-de-dezembro-e-1o-de-janeiro\/"]}]},{"@type":"ImageObject","inLanguage":"en-US","@id":"https:\/\/www.padreeustaquio.com.br\/santuario-divulga-horarios-de-missas-nos-dias-31-de-dezembro-e-1o-de-janeiro\/#primaryimage","url":"https:\/\/www.padreeustaquio.com.br\/wp-content\/uploads\/2023\/12\/missas-2023-2024.jpg","contentUrl":"https:\/\/www.padreeustaquio.com.br\/wp-content\/uploads\/2023\/12\/missas-2023-2024.jpg","width":1000,"height":667},{"@type":"BreadcrumbList","@id":"https:\/\/www.padreeustaquio.com.br\/santuario-divulga-horarios-de-missas-nos-dias-31-de-dezembro-e-1o-de-janeiro\/#breadcrumb","itemListElement":[{"@type":"ListItem","position":1,"name":"In\u00edcio","item":"https:\/\/www.padreeustaquio.com.br\/"},{"@type":"ListItem","position":2,"name":"Santu\u00e1rio divulga hor\u00e1rios de missas nos dias: 31 de dezembro e 1\u00ba de janeiro"}]},{"@type":"WebSite","@id":"https:\/\/www.padreeustaquio.com.br\/#website","url":"https:\/\/www.padreeustaquio.com.br\/","name":"FATHER EUST\u00c1QUIO","description":"Health and Peace","publisher":{"@id":"https:\/\/www.padreeustaquio.com.br\/#organization"},"potentialAction":[{"@type":"SearchAction","target":{"@type":"EntryPoint","urlTemplate":"https:\/\/www.padreeustaquio.com.br\/?s={search_term_string}"},"query-input":{"@type":"PropertyValueSpecification","valueRequired":true,"valueName":"search_term_string"}}],"inLanguage":"en-US"},{"@type":"Organization","@id":"https:\/\/www.padreeustaquio.com.br\/#organization","name":"FATHER EUST\u00c1QUIO","url":"https:\/\/www.padreeustaquio.com.br\/","logo":{"@type":"ImageObject","inLanguage":"en-US","@id":"https:\/\/www.padreeustaquio.com.br\/#\/schema\/logo\/image\/","url":"https:\/\/www.padreeustaquio.com.br\/wp-content\/uploads\/2019\/08\/marca.png","contentUrl":"https:\/\/www.padreeustaquio.com.br\/wp-content\/uploads\/2019\/08\/marca.png","width":350,"height":400,"caption":"Padre Eust\u00e1quio"},"image":{"@id":"https:\/\/www.padreeustaquio.com.br\/#\/schema\/logo\/image\/"},"sameAs":["https:\/\/www.facebook.com\/beatopadreeustaquio\/","https:\/\/x.com\/beatopeustaquio","https:\/\/www.instagram.com\/beatopadreeustaquio\/","https:\/\/www.youtube.com\/channel\/UCRhw7vfabnajwLxb1ZXMeIw"]},{"@type":"Person","@id":"https:\/\/www.padreeustaquio.com.br\/#\/schema\/person\/a2a51db1d00f1a7af0204a0f1ddb1566","name":"@sscc","image":{"@type":"ImageObject","inLanguage":"en-US","@id":"https:\/\/secure.gravatar.com\/avatar\/68cfafa5f44617fea54071e215026e0ff06be366c3d54a8425f04fdcb86f8c5f?s=96&d=mm&r=g","url":"https:\/\/secure.gravatar.com\/avatar\/68cfafa5f44617fea54071e215026e0ff06be366c3d54a8425f04fdcb86f8c5f?s=96&d=mm&r=g","contentUrl":"https:\/\/secure.gravatar.com\/avatar\/68cfafa5f44617fea54071e215026e0ff06be366c3d54a8425f04fdcb86f8c5f?s=96&d=mm&r=g","caption":"@sscc"},"url":"https:\/\/www.padreeustaquio.com.br\/en\/author\/sscc\/"}]}},"_links":{"self":[{"href":"https:\/\/www.padreeustaquio.com.br\/en\/wp-json\/wp\/v2\/posts\/11062","targetHints":{"allow":["GET"]}}],"collection":[{"href":"https:\/\/www.padreeustaquio.com.br\/en\/wp-json\/wp\/v2\/posts"}],"about":[{"href":"https:\/\/www.padreeustaquio.com.br\/en\/wp-json\/wp\/v2\/types\/post"}],"author":[{"embeddable":true,"href":"https:\/\/www.padreeustaquio.com.br\/en\/wp-json\/wp\/v2\/users\/2"}],"replies":[{"embeddable":true,"href":"https:\/\/www.padreeustaquio.com.br\/en\/wp-json\/wp\/v2\/comments?post=11062"}],"version-history":[{"count":0,"href":"https:\/\/www.padreeustaquio.com.br\/en\/wp-json\/wp\/v2\/posts\/11062\/revisions"}],"wp:featuredmedia":[{"embeddable":true,"href":"https:\/\/www.padreeustaquio.com.br\/en\/wp-json\/wp\/v2\/media\/11063"}],"wp:attachment":[{"href":"https:\/\/www.padreeustaquio.com.br\/en\/wp-json\/wp\/v2\/media?parent=11062"}],"wp:term":[{"taxonomy":"category","embeddable":true,"href":"https:\/\/www.padreeustaquio.com.br\/en\/wp-json\/wp\/v2\/categories?post=11062"},{"taxonomy":"post_tag","embeddable":true,"href":"https:\/\/www.padreeustaquio.com.br\/en\/wp-json\/wp\/v2\/tags?post=11062"}],"curies":[{"name":"wp","href":"https:\/\/api.w.org\/{rel}","templated":true}]}}