{"id":11059,"date":"2023-12-28T07:35:10","date_gmt":"2023-12-28T10:35:10","guid":{"rendered":"https:\/\/www.padreeustaquio.com.br\/?p=11059"},"modified":"2023-12-26T13:39:00","modified_gmt":"2023-12-26T16:39:00","slug":"father-eustaquios-church-in-belo-horizonte-opens-registration-for-confirmation","status":"publish","type":"post","link":"https:\/\/www.padreeustaquio.com.br\/en\/father-eustaquios-church-in-belo-horizonte-opens-registration-for-confirmation\/","title":{"rendered":"Father Eust\u00e1quio&#039;s Church in Belo Horizonte opens registration for Confirmation."},"content":{"rendered":"<p>Registration is now open for Confirmation 2024 at the Sanctuary of Health and Peace, Church of Blessed Father Eustace. Young people and adults who have not yet received the sacrament of Confirmation can register, provided they are over 15 years old.<\/p>\n<p>Registration must be done <a href=\"https:\/\/docs.google.com\/forms\/d\/e\/1FAIpQLSeQbxXiRsXdxk35QYO4gqlOwR_iHkOksmNSWBk6X2nxtcjwoQ\/viewform\">HERE at this link<\/a>, or directly at the Parish Office. More information about Confirmation 2024 can be obtained by calling: Camila (31) 98446-5319 \/ Let\u00edcia (31) 99612-8524 \/ Lucas (31) 99448-7019 \/ Salom\u00e3o (31) 98293-1814<\/p>\n<p><strong>The Sacrament of Confirmation: What is Confirmation?<\/strong><\/p>\n<p>Confirmation is the sacrament in which the faithful confirm and deepen their baptismal vows, receiving the gifts of the Holy Spirit. Confirmation is an opportunity for young people to express their faith in a personal and conscious way.<\/p>\n<p>This sacrament symbolizes the descent of the Holy Spirit upon the apostles, as narrated in the Acts of the Apostles. Upon receiving Confirmation, the faithful are clothed with the gifts of the Holy Spirit, including wisdom, understanding, counsel, fortitude, knowledge, piety, and fear of the Lord. These gifts empower young people to live an authentic Christian life and to face life&#039;s challenges with faith and courage.<\/p>\n<p>Confirmation is not merely a rite of passage, but a renewed commitment to the faith. By receiving this sacrament, the faithful become full members of the Church and are encouraged to take an active role in the Christian community. Confirmation strengthens the individual&#039;s connection with the Church and deepens their relationship with God.<\/p>","protected":false},"excerpt":{"rendered":"<p>J\u00e1 est\u00e3o abertas as inscri\u00e7\u00f5es para a Crisma 2024 do Santu\u00e1rio da Sa\u00fade e da Paz, Igreja do Beato Padre Eust\u00e1quio. Voc\u00ea jovem e adulto, que ainda n\u00e3o recebeu o sacramento da Crisma pode se inscrever, basta ter mais de 15 anos. A inscri\u00e7\u00e3o deve ser feita AQUI neste link, ou diretamente na Secretaria da Par\u00f3quia. Mais informa\u00e7\u00f5es sobre a Crisma 2024 voc\u00ea consegue nos Telefones: Camila (31) 98446-5319 \/ Let\u00edcia (31) 99612-8524 \/ Lucas (31) 99448-7019 \/ Salom\u00e3o (31) 98293-1814 O Sacramento da Confirma\u00e7\u00e3o: o que \u00e9 a Crisma? A Crisma \u00e9 o sacramento no qual os fi\u00e9is confirmam [&hellip;]<\/p>\n","protected":false},"author":2,"featured_media":11060,"comment_status":"open","ping_status":"closed","sticky":false,"template":"","format":"standard","meta":{"_acf_changed":false,"footnotes":""},"categories":[611],"tags":[],"class_list":["post-11059","post","type-post","status-publish","format-standard","has-post-thumbnail","hentry","category-noticias"],"acf":[],"yoast_head":"<!-- This site is optimized with the Yoast SEO plugin v27.2 - https:\/\/yoast.com\/product\/yoast-seo-wordpress\/ -->\n<title>Igreja do Padre Eust\u00e1quio, em BH, abre inscri\u00e7\u00f5es para a Crisma<\/title>\n<meta name=\"description\" content=\"J\u00e1 est\u00e3o abertas as inscri\u00e7\u00f5es para a Crisma 2024 do Santu\u00e1rio da Sa\u00fade e da Paz, Igreja do Beato Padre Eust\u00e1quio. Voc\u00ea jovem e adulto, que ainda n\u00e3o recebeu o sacramento da Crisma pode se inscrever, basta ter mais de 15 anos.\" \/>\n<meta name=\"robots\" content=\"index, follow, max-snippet:-1, max-image-preview:large, max-video-preview:-1\" \/>\n<link rel=\"canonical\" href=\"https:\/\/www.padreeustaquio.com.br\/en\/father-eustaquios-church-in-belo-horizonte-opens-registration-for-confirmation\/\" \/>\n<meta property=\"og:locale\" content=\"en_US\" \/>\n<meta property=\"og:type\" content=\"article\" \/>\n<meta property=\"og:title\" content=\"Igreja do Padre Eust\u00e1quio, em BH, abre inscri\u00e7\u00f5es para a Crisma\" \/>\n<meta property=\"og:description\" content=\"J\u00e1 est\u00e3o abertas as inscri\u00e7\u00f5es para a Crisma 2024 do Santu\u00e1rio da Sa\u00fade e da Paz, Igreja do Beato Padre Eust\u00e1quio. Voc\u00ea jovem e adulto, que ainda n\u00e3o recebeu o sacramento da Crisma pode se inscrever, basta ter mais de 15 anos.\" \/>\n<meta property=\"og:url\" content=\"https:\/\/www.padreeustaquio.com.br\/en\/father-eustaquios-church-in-belo-horizonte-opens-registration-for-confirmation\/\" \/>\n<meta property=\"og:site_name\" content=\"Padre Eust\u00e1quio\" \/>\n<meta property=\"article:publisher\" content=\"https:\/\/www.facebook.com\/beatopadreeustaquio\/\" \/>\n<meta property=\"article:published_time\" content=\"2023-12-28T10:35:10+00:00\" \/>\n<meta property=\"og:image\" content=\"https:\/\/www.padreeustaquio.com.br\/wp-content\/uploads\/2023\/12\/inscricoes-para-a-crisma-em-bh-2024.jpeg\" \/>\n\t<meta property=\"og:image:width\" content=\"1600\" \/>\n\t<meta property=\"og:image:height\" content=\"1081\" \/>\n\t<meta property=\"og:image:type\" content=\"image\/jpeg\" \/>\n<meta name=\"author\" content=\"@sscc\" \/>\n<meta name=\"twitter:card\" content=\"summary_large_image\" \/>\n<meta name=\"twitter:creator\" content=\"@beatopeustaquio\" \/>\n<meta name=\"twitter:site\" content=\"@beatopeustaquio\" \/>\n<meta name=\"twitter:label1\" content=\"Written by\" \/>\n\t<meta name=\"twitter:data1\" content=\"@sscc\" \/>\n\t<meta name=\"twitter:label2\" content=\"Est. reading time\" \/>\n\t<meta name=\"twitter:data2\" content=\"2 minutes\" \/>\n<script type=\"application\/ld+json\" class=\"yoast-schema-graph\">{\"@context\":\"https:\/\/schema.org\",\"@graph\":[{\"@type\":\"Article\",\"@id\":\"https:\/\/www.padreeustaquio.com.br\/igreja-do-padre-eustaquio-em-bh-abre-inscricoes-para-a-crisma\/#article\",\"isPartOf\":{\"@id\":\"https:\/\/www.padreeustaquio.com.br\/igreja-do-padre-eustaquio-em-bh-abre-inscricoes-para-a-crisma\/\"},\"author\":{\"name\":\"@sscc\",\"@id\":\"https:\/\/www.padreeustaquio.com.br\/#\/schema\/person\/a2a51db1d00f1a7af0204a0f1ddb1566\"},\"headline\":\"Igreja do Padre Eust\u00e1quio, em BH, abre inscri\u00e7\u00f5es para a Crisma\",\"datePublished\":\"2023-12-28T10:35:10+00:00\",\"mainEntityOfPage\":{\"@id\":\"https:\/\/www.padreeustaquio.com.br\/igreja-do-padre-eustaquio-em-bh-abre-inscricoes-para-a-crisma\/\"},\"wordCount\":272,\"commentCount\":0,\"publisher\":{\"@id\":\"https:\/\/www.padreeustaquio.com.br\/#organization\"},\"image\":{\"@id\":\"https:\/\/www.padreeustaquio.com.br\/igreja-do-padre-eustaquio-em-bh-abre-inscricoes-para-a-crisma\/#primaryimage\"},\"thumbnailUrl\":\"https:\/\/www.padreeustaquio.com.br\/wp-content\/uploads\/2023\/12\/inscricoes-para-a-crisma-em-bh-2024.jpeg\",\"articleSection\":[\"Not\u00edcias\"],\"inLanguage\":\"en-US\",\"potentialAction\":[{\"@type\":\"CommentAction\",\"name\":\"Comment\",\"target\":[\"https:\/\/www.padreeustaquio.com.br\/igreja-do-padre-eustaquio-em-bh-abre-inscricoes-para-a-crisma\/#respond\"]}]},{\"@type\":\"WebPage\",\"@id\":\"https:\/\/www.padreeustaquio.com.br\/igreja-do-padre-eustaquio-em-bh-abre-inscricoes-para-a-crisma\/\",\"url\":\"https:\/\/www.padreeustaquio.com.br\/igreja-do-padre-eustaquio-em-bh-abre-inscricoes-para-a-crisma\/\",\"name\":\"Igreja do Padre Eust\u00e1quio, em BH, abre inscri\u00e7\u00f5es para a Crisma\",\"isPartOf\":{\"@id\":\"https:\/\/www.padreeustaquio.com.br\/#website\"},\"primaryImageOfPage\":{\"@id\":\"https:\/\/www.padreeustaquio.com.br\/igreja-do-padre-eustaquio-em-bh-abre-inscricoes-para-a-crisma\/#primaryimage\"},\"image\":{\"@id\":\"https:\/\/www.padreeustaquio.com.br\/igreja-do-padre-eustaquio-em-bh-abre-inscricoes-para-a-crisma\/#primaryimage\"},\"thumbnailUrl\":\"https:\/\/www.padreeustaquio.com.br\/wp-content\/uploads\/2023\/12\/inscricoes-para-a-crisma-em-bh-2024.jpeg\",\"datePublished\":\"2023-12-28T10:35:10+00:00\",\"description\":\"J\u00e1 est\u00e3o abertas as inscri\u00e7\u00f5es para a Crisma 2024 do Santu\u00e1rio da Sa\u00fade e da Paz, Igreja do Beato Padre Eust\u00e1quio. Voc\u00ea jovem e adulto, que ainda n\u00e3o recebeu o sacramento da Crisma pode se inscrever, basta ter mais de 15 anos.\",\"breadcrumb\":{\"@id\":\"https:\/\/www.padreeustaquio.com.br\/igreja-do-padre-eustaquio-em-bh-abre-inscricoes-para-a-crisma\/#breadcrumb\"},\"inLanguage\":\"en-US\",\"potentialAction\":[{\"@type\":\"ReadAction\",\"target\":[\"https:\/\/www.padreeustaquio.com.br\/igreja-do-padre-eustaquio-em-bh-abre-inscricoes-para-a-crisma\/\"]}]},{\"@type\":\"ImageObject\",\"inLanguage\":\"en-US\",\"@id\":\"https:\/\/www.padreeustaquio.com.br\/igreja-do-padre-eustaquio-em-bh-abre-inscricoes-para-a-crisma\/#primaryimage\",\"url\":\"https:\/\/www.padreeustaquio.com.br\/wp-content\/uploads\/2023\/12\/inscricoes-para-a-crisma-em-bh-2024.jpeg\",\"contentUrl\":\"https:\/\/www.padreeustaquio.com.br\/wp-content\/uploads\/2023\/12\/inscricoes-para-a-crisma-em-bh-2024.jpeg\",\"width\":1600,\"height\":1081},{\"@type\":\"BreadcrumbList\",\"@id\":\"https:\/\/www.padreeustaquio.com.br\/igreja-do-padre-eustaquio-em-bh-abre-inscricoes-para-a-crisma\/#breadcrumb\",\"itemListElement\":[{\"@type\":\"ListItem\",\"position\":1,\"name\":\"In\u00edcio\",\"item\":\"https:\/\/www.padreeustaquio.com.br\/\"},{\"@type\":\"ListItem\",\"position\":2,\"name\":\"Igreja do Padre Eust\u00e1quio, em BH, abre inscri\u00e7\u00f5es para a Crisma\"}]},{\"@type\":\"WebSite\",\"@id\":\"https:\/\/www.padreeustaquio.com.br\/#website\",\"url\":\"https:\/\/www.padreeustaquio.com.br\/\",\"name\":\"Padre Eust\u00e1quio\",\"description\":\"Sa\u00fade e Paz\",\"publisher\":{\"@id\":\"https:\/\/www.padreeustaquio.com.br\/#organization\"},\"potentialAction\":[{\"@type\":\"SearchAction\",\"target\":{\"@type\":\"EntryPoint\",\"urlTemplate\":\"https:\/\/www.padreeustaquio.com.br\/?s={search_term_string}\"},\"query-input\":{\"@type\":\"PropertyValueSpecification\",\"valueRequired\":true,\"valueName\":\"search_term_string\"}}],\"inLanguage\":\"en-US\"},{\"@type\":\"Organization\",\"@id\":\"https:\/\/www.padreeustaquio.com.br\/#organization\",\"name\":\"Padre Eust\u00e1quio\",\"url\":\"https:\/\/www.padreeustaquio.com.br\/\",\"logo\":{\"@type\":\"ImageObject\",\"inLanguage\":\"en-US\",\"@id\":\"https:\/\/www.padreeustaquio.com.br\/#\/schema\/logo\/image\/\",\"url\":\"https:\/\/www.padreeustaquio.com.br\/wp-content\/uploads\/2019\/08\/marca.png\",\"contentUrl\":\"https:\/\/www.padreeustaquio.com.br\/wp-content\/uploads\/2019\/08\/marca.png\",\"width\":350,\"height\":400,\"caption\":\"Padre Eust\u00e1quio\"},\"image\":{\"@id\":\"https:\/\/www.padreeustaquio.com.br\/#\/schema\/logo\/image\/\"},\"sameAs\":[\"https:\/\/www.facebook.com\/beatopadreeustaquio\/\",\"https:\/\/x.com\/beatopeustaquio\",\"https:\/\/www.instagram.com\/beatopadreeustaquio\/\",\"https:\/\/www.youtube.com\/channel\/UCRhw7vfabnajwLxb1ZXMeIw\"]},{\"@type\":\"Person\",\"@id\":\"https:\/\/www.padreeustaquio.com.br\/#\/schema\/person\/a2a51db1d00f1a7af0204a0f1ddb1566\",\"name\":\"@sscc\",\"image\":{\"@type\":\"ImageObject\",\"inLanguage\":\"en-US\",\"@id\":\"https:\/\/secure.gravatar.com\/avatar\/68cfafa5f44617fea54071e215026e0ff06be366c3d54a8425f04fdcb86f8c5f?s=96&d=mm&r=g\",\"url\":\"https:\/\/secure.gravatar.com\/avatar\/68cfafa5f44617fea54071e215026e0ff06be366c3d54a8425f04fdcb86f8c5f?s=96&d=mm&r=g\",\"contentUrl\":\"https:\/\/secure.gravatar.com\/avatar\/68cfafa5f44617fea54071e215026e0ff06be366c3d54a8425f04fdcb86f8c5f?s=96&d=mm&r=g\",\"caption\":\"@sscc\"},\"url\":\"https:\/\/www.padreeustaquio.com.br\/en\/author\/sscc\/\"}]}<\/script>\n<!-- \/ Yoast SEO plugin. -->","yoast_head_json":{"title":"Father Eust\u00e1quio&#039;s Church in Belo Horizonte opens registration for Confirmation.","description":"Registration is now open for Confirmation 2024 at the Sanctuary of Health and Peace, Church of Blessed Father Eustace. Young people and adults who have not yet received the sacrament of Confirmation can register, provided they are over 15 years old.","robots":{"index":"index","follow":"follow","max-snippet":"max-snippet:-1","max-image-preview":"max-image-preview:large","max-video-preview":"max-video-preview:-1"},"canonical":"https:\/\/www.padreeustaquio.com.br\/en\/father-eustaquios-church-in-belo-horizonte-opens-registration-for-confirmation\/","og_locale":"en_US","og_type":"article","og_title":"Igreja do Padre Eust\u00e1quio, em BH, abre inscri\u00e7\u00f5es para a Crisma","og_description":"J\u00e1 est\u00e3o abertas as inscri\u00e7\u00f5es para a Crisma 2024 do Santu\u00e1rio da Sa\u00fade e da Paz, Igreja do Beato Padre Eust\u00e1quio. Voc\u00ea jovem e adulto, que ainda n\u00e3o recebeu o sacramento da Crisma pode se inscrever, basta ter mais de 15 anos.","og_url":"https:\/\/www.padreeustaquio.com.br\/en\/father-eustaquios-church-in-belo-horizonte-opens-registration-for-confirmation\/","og_site_name":"Padre Eust\u00e1quio","article_publisher":"https:\/\/www.facebook.com\/beatopadreeustaquio\/","article_published_time":"2023-12-28T10:35:10+00:00","og_image":[{"width":1600,"height":1081,"url":"https:\/\/www.padreeustaquio.com.br\/wp-content\/uploads\/2023\/12\/inscricoes-para-a-crisma-em-bh-2024.jpeg","type":"image\/jpeg"}],"author":"@sscc","twitter_card":"summary_large_image","twitter_creator":"@beatopeustaquio","twitter_site":"@beatopeustaquio","twitter_misc":{"Written by":"@sscc","Est. reading time":"2 minutes"},"schema":{"@context":"https:\/\/schema.org","@graph":[{"@type":"Article","@id":"https:\/\/www.padreeustaquio.com.br\/igreja-do-padre-eustaquio-em-bh-abre-inscricoes-para-a-crisma\/#article","isPartOf":{"@id":"https:\/\/www.padreeustaquio.com.br\/igreja-do-padre-eustaquio-em-bh-abre-inscricoes-para-a-crisma\/"},"author":{"name":"@sscc","@id":"https:\/\/www.padreeustaquio.com.br\/#\/schema\/person\/a2a51db1d00f1a7af0204a0f1ddb1566"},"headline":"Igreja do Padre Eust\u00e1quio, em BH, abre inscri\u00e7\u00f5es para a Crisma","datePublished":"2023-12-28T10:35:10+00:00","mainEntityOfPage":{"@id":"https:\/\/www.padreeustaquio.com.br\/igreja-do-padre-eustaquio-em-bh-abre-inscricoes-para-a-crisma\/"},"wordCount":272,"commentCount":0,"publisher":{"@id":"https:\/\/www.padreeustaquio.com.br\/#organization"},"image":{"@id":"https:\/\/www.padreeustaquio.com.br\/igreja-do-padre-eustaquio-em-bh-abre-inscricoes-para-a-crisma\/#primaryimage"},"thumbnailUrl":"https:\/\/www.padreeustaquio.com.br\/wp-content\/uploads\/2023\/12\/inscricoes-para-a-crisma-em-bh-2024.jpeg","articleSection":["Not\u00edcias"],"inLanguage":"en-US","potentialAction":[{"@type":"CommentAction","name":"Comment","target":["https:\/\/www.padreeustaquio.com.br\/igreja-do-padre-eustaquio-em-bh-abre-inscricoes-para-a-crisma\/#respond"]}]},{"@type":"WebPage","@id":"https:\/\/www.padreeustaquio.com.br\/igreja-do-padre-eustaquio-em-bh-abre-inscricoes-para-a-crisma\/","url":"https:\/\/www.padreeustaquio.com.br\/igreja-do-padre-eustaquio-em-bh-abre-inscricoes-para-a-crisma\/","name":"Father Eust\u00e1quio&#039;s Church in Belo Horizonte opens registration for Confirmation.","isPartOf":{"@id":"https:\/\/www.padreeustaquio.com.br\/#website"},"primaryImageOfPage":{"@id":"https:\/\/www.padreeustaquio.com.br\/igreja-do-padre-eustaquio-em-bh-abre-inscricoes-para-a-crisma\/#primaryimage"},"image":{"@id":"https:\/\/www.padreeustaquio.com.br\/igreja-do-padre-eustaquio-em-bh-abre-inscricoes-para-a-crisma\/#primaryimage"},"thumbnailUrl":"https:\/\/www.padreeustaquio.com.br\/wp-content\/uploads\/2023\/12\/inscricoes-para-a-crisma-em-bh-2024.jpeg","datePublished":"2023-12-28T10:35:10+00:00","description":"Registration is now open for Confirmation 2024 at the Sanctuary of Health and Peace, Church of Blessed Father Eustace. Young people and adults who have not yet received the sacrament of Confirmation can register, provided they are over 15 years old.","breadcrumb":{"@id":"https:\/\/www.padreeustaquio.com.br\/igreja-do-padre-eustaquio-em-bh-abre-inscricoes-para-a-crisma\/#breadcrumb"},"inLanguage":"en-US","potentialAction":[{"@type":"ReadAction","target":["https:\/\/www.padreeustaquio.com.br\/igreja-do-padre-eustaquio-em-bh-abre-inscricoes-para-a-crisma\/"]}]},{"@type":"ImageObject","inLanguage":"en-US","@id":"https:\/\/www.padreeustaquio.com.br\/igreja-do-padre-eustaquio-em-bh-abre-inscricoes-para-a-crisma\/#primaryimage","url":"https:\/\/www.padreeustaquio.com.br\/wp-content\/uploads\/2023\/12\/inscricoes-para-a-crisma-em-bh-2024.jpeg","contentUrl":"https:\/\/www.padreeustaquio.com.br\/wp-content\/uploads\/2023\/12\/inscricoes-para-a-crisma-em-bh-2024.jpeg","width":1600,"height":1081},{"@type":"BreadcrumbList","@id":"https:\/\/www.padreeustaquio.com.br\/igreja-do-padre-eustaquio-em-bh-abre-inscricoes-para-a-crisma\/#breadcrumb","itemListElement":[{"@type":"ListItem","position":1,"name":"In\u00edcio","item":"https:\/\/www.padreeustaquio.com.br\/"},{"@type":"ListItem","position":2,"name":"Igreja do Padre Eust\u00e1quio, em BH, abre inscri\u00e7\u00f5es para a Crisma"}]},{"@type":"WebSite","@id":"https:\/\/www.padreeustaquio.com.br\/#website","url":"https:\/\/www.padreeustaquio.com.br\/","name":"FATHER EUST\u00c1QUIO","description":"Health and Peace","publisher":{"@id":"https:\/\/www.padreeustaquio.com.br\/#organization"},"potentialAction":[{"@type":"SearchAction","target":{"@type":"EntryPoint","urlTemplate":"https:\/\/www.padreeustaquio.com.br\/?s={search_term_string}"},"query-input":{"@type":"PropertyValueSpecification","valueRequired":true,"valueName":"search_term_string"}}],"inLanguage":"en-US"},{"@type":"Organization","@id":"https:\/\/www.padreeustaquio.com.br\/#organization","name":"FATHER EUST\u00c1QUIO","url":"https:\/\/www.padreeustaquio.com.br\/","logo":{"@type":"ImageObject","inLanguage":"en-US","@id":"https:\/\/www.padreeustaquio.com.br\/#\/schema\/logo\/image\/","url":"https:\/\/www.padreeustaquio.com.br\/wp-content\/uploads\/2019\/08\/marca.png","contentUrl":"https:\/\/www.padreeustaquio.com.br\/wp-content\/uploads\/2019\/08\/marca.png","width":350,"height":400,"caption":"Padre Eust\u00e1quio"},"image":{"@id":"https:\/\/www.padreeustaquio.com.br\/#\/schema\/logo\/image\/"},"sameAs":["https:\/\/www.facebook.com\/beatopadreeustaquio\/","https:\/\/x.com\/beatopeustaquio","https:\/\/www.instagram.com\/beatopadreeustaquio\/","https:\/\/www.youtube.com\/channel\/UCRhw7vfabnajwLxb1ZXMeIw"]},{"@type":"Person","@id":"https:\/\/www.padreeustaquio.com.br\/#\/schema\/person\/a2a51db1d00f1a7af0204a0f1ddb1566","name":"@sscc","image":{"@type":"ImageObject","inLanguage":"en-US","@id":"https:\/\/secure.gravatar.com\/avatar\/68cfafa5f44617fea54071e215026e0ff06be366c3d54a8425f04fdcb86f8c5f?s=96&d=mm&r=g","url":"https:\/\/secure.gravatar.com\/avatar\/68cfafa5f44617fea54071e215026e0ff06be366c3d54a8425f04fdcb86f8c5f?s=96&d=mm&r=g","contentUrl":"https:\/\/secure.gravatar.com\/avatar\/68cfafa5f44617fea54071e215026e0ff06be366c3d54a8425f04fdcb86f8c5f?s=96&d=mm&r=g","caption":"@sscc"},"url":"https:\/\/www.padreeustaquio.com.br\/en\/author\/sscc\/"}]}},"_links":{"self":[{"href":"https:\/\/www.padreeustaquio.com.br\/en\/wp-json\/wp\/v2\/posts\/11059","targetHints":{"allow":["GET"]}}],"collection":[{"href":"https:\/\/www.padreeustaquio.com.br\/en\/wp-json\/wp\/v2\/posts"}],"about":[{"href":"https:\/\/www.padreeustaquio.com.br\/en\/wp-json\/wp\/v2\/types\/post"}],"author":[{"embeddable":true,"href":"https:\/\/www.padreeustaquio.com.br\/en\/wp-json\/wp\/v2\/users\/2"}],"replies":[{"embeddable":true,"href":"https:\/\/www.padreeustaquio.com.br\/en\/wp-json\/wp\/v2\/comments?post=11059"}],"version-history":[{"count":0,"href":"https:\/\/www.padreeustaquio.com.br\/en\/wp-json\/wp\/v2\/posts\/11059\/revisions"}],"wp:featuredmedia":[{"embeddable":true,"href":"https:\/\/www.padreeustaquio.com.br\/en\/wp-json\/wp\/v2\/media\/11060"}],"wp:attachment":[{"href":"https:\/\/www.padreeustaquio.com.br\/en\/wp-json\/wp\/v2\/media?parent=11059"}],"wp:term":[{"taxonomy":"category","embeddable":true,"href":"https:\/\/www.padreeustaquio.com.br\/en\/wp-json\/wp\/v2\/categories?post=11059"},{"taxonomy":"post_tag","embeddable":true,"href":"https:\/\/www.padreeustaquio.com.br\/en\/wp-json\/wp\/v2\/tags?post=11059"}],"curies":[{"name":"wp","href":"https:\/\/api.w.org\/{rel}","templated":true}]}}