{"id":11056,"date":"2023-12-26T13:33:41","date_gmt":"2023-12-26T16:33:41","guid":{"rendered":"https:\/\/www.padreeustaquio.com.br\/?p=11056"},"modified":"2023-12-26T13:33:41","modified_gmt":"2023-12-26T16:33:41","slug":"holy-mass-marks-the-end-of-the-school-year-at-padre-eustaquio-daycare-centers","status":"publish","type":"post","link":"https:\/\/www.padreeustaquio.com.br\/en\/holy-mass-marks-the-end-of-the-school-year-at-padre-eustaquio-daycare-centers\/","title":{"rendered":"Holy Mass marks the end of the school year at the Padre Eust\u00e1quio Daycare Centers."},"content":{"rendered":"<p>A Thanksgiving Mass for Units 1 and 2 of the Padre Eust\u00e1quio Daycare Centers was held at the Sanctuary of Health and Peace in Belo Horizonte. The celebration marked the end of the school year for the children leaving the institution.<\/p>\n<p>At Unit 1, the second-period classes participated in Mass, giving thanks for their time at the institution and celebrating the new stage that begins in their lives. Meanwhile, at Unit 2, the Flex and Nursery 3 classes celebrated the end of this phase.<\/p>\n<p>The Thanksgiving Mass is held every year at the Church of Blessed Father Eustace, and presided over by Father Vin\u00edcius Maciel, ss.cc., rector of the Sanctuary and president of the Daycare Centers.<\/p>","protected":false},"excerpt":{"rendered":"<p>Uma Missa em A\u00e7\u00e3o de Gra\u00e7as das Unidades 1 e 2 das Creches Padre Eust\u00e1quio foi realizada no Santu\u00e1rio da Sa\u00fade e da Paz, em Belo Horizonte. A celebra\u00e7\u00e3o marcou o encerramento do ano letivo para as crian\u00e7as que se despendem da institui\u00e7\u00e3o. Na Unidade 1, as turminhas do segundo per\u00edodo participaram da Missa, agradecendo pelo tempo que estiveram na institui\u00e7\u00e3o e celebrando a nova etapa que come\u00e7a na vida deles. J\u00e1 na Unidade 2 foram as turmas Flex e Maternal 3 que celebraram o fim dessa fase. A Missa em A\u00e7\u00e3o de Gra\u00e7as \u00e9 realizada todos os anos na [&hellip;]<\/p>\n","protected":false},"author":2,"featured_media":11057,"comment_status":"open","ping_status":"closed","sticky":false,"template":"","format":"standard","meta":{"_acf_changed":false,"footnotes":""},"categories":[611],"tags":[],"class_list":["post-11056","post","type-post","status-publish","format-standard","has-post-thumbnail","hentry","category-noticias"],"acf":[],"yoast_head":"<!-- This site is optimized with the Yoast SEO plugin v27.2 - https:\/\/yoast.com\/product\/yoast-seo-wordpress\/ -->\n<title>Santa Missa marca encerramento do ano letivo das Creches Padre Eust\u00e1quio<\/title>\n<meta name=\"description\" content=\"Uma Missa em A\u00e7\u00e3o de Gra\u00e7as das Unidades 1 e 2 das Creches Padre Eust\u00e1quio foi realizada no Santu\u00e1rio da Sa\u00fade e da Paz, em Belo Horizonte. A celebra\u00e7\u00e3o marcou o encerramento do ano letivo para as crian\u00e7as que se despendem da institui\u00e7\u00e3o.\" \/>\n<meta name=\"robots\" content=\"index, follow, max-snippet:-1, max-image-preview:large, max-video-preview:-1\" \/>\n<link rel=\"canonical\" href=\"https:\/\/www.padreeustaquio.com.br\/en\/holy-mass-marks-the-end-of-the-school-year-at-padre-eustaquio-daycare-centers\/\" \/>\n<meta property=\"og:locale\" content=\"en_US\" \/>\n<meta property=\"og:type\" content=\"article\" \/>\n<meta property=\"og:title\" content=\"Santa Missa marca encerramento do ano letivo das Creches Padre Eust\u00e1quio\" \/>\n<meta property=\"og:description\" content=\"Uma Missa em A\u00e7\u00e3o de Gra\u00e7as das Unidades 1 e 2 das Creches Padre Eust\u00e1quio foi realizada no Santu\u00e1rio da Sa\u00fade e da Paz, em Belo Horizonte. A celebra\u00e7\u00e3o marcou o encerramento do ano letivo para as crian\u00e7as que se despendem da institui\u00e7\u00e3o.\" \/>\n<meta property=\"og:url\" content=\"https:\/\/www.padreeustaquio.com.br\/en\/holy-mass-marks-the-end-of-the-school-year-at-padre-eustaquio-daycare-centers\/\" \/>\n<meta property=\"og:site_name\" content=\"Padre Eust\u00e1quio\" \/>\n<meta property=\"article:publisher\" content=\"https:\/\/www.facebook.com\/beatopadreeustaquio\/\" \/>\n<meta property=\"article:published_time\" content=\"2023-12-26T16:33:41+00:00\" \/>\n<meta property=\"og:image\" content=\"https:\/\/www.padreeustaquio.com.br\/wp-content\/uploads\/2023\/12\/missa-da-creche-padre-eustaquio-2023.jpeg\" \/>\n\t<meta property=\"og:image:width\" content=\"1600\" \/>\n\t<meta property=\"og:image:height\" content=\"1200\" \/>\n\t<meta property=\"og:image:type\" content=\"image\/jpeg\" \/>\n<meta name=\"author\" content=\"@sscc\" \/>\n<meta name=\"twitter:card\" content=\"summary_large_image\" \/>\n<meta name=\"twitter:creator\" content=\"@beatopeustaquio\" \/>\n<meta name=\"twitter:site\" content=\"@beatopeustaquio\" \/>\n<meta name=\"twitter:label1\" content=\"Written by\" \/>\n\t<meta name=\"twitter:data1\" content=\"@sscc\" \/>\n\t<meta name=\"twitter:label2\" content=\"Est. reading time\" \/>\n\t<meta name=\"twitter:data2\" content=\"1 minute\" \/>\n<script type=\"application\/ld+json\" class=\"yoast-schema-graph\">{\"@context\":\"https:\/\/schema.org\",\"@graph\":[{\"@type\":\"Article\",\"@id\":\"https:\/\/www.padreeustaquio.com.br\/santa-missa-marca-encerramento-do-ano-letivo-das-creches-padre-eustaquio\/#article\",\"isPartOf\":{\"@id\":\"https:\/\/www.padreeustaquio.com.br\/santa-missa-marca-encerramento-do-ano-letivo-das-creches-padre-eustaquio\/\"},\"author\":{\"name\":\"@sscc\",\"@id\":\"https:\/\/www.padreeustaquio.com.br\/#\/schema\/person\/a2a51db1d00f1a7af0204a0f1ddb1566\"},\"headline\":\"Santa Missa marca encerramento do ano letivo das Creches Padre Eust\u00e1quio\",\"datePublished\":\"2023-12-26T16:33:41+00:00\",\"mainEntityOfPage\":{\"@id\":\"https:\/\/www.padreeustaquio.com.br\/santa-missa-marca-encerramento-do-ano-letivo-das-creches-padre-eustaquio\/\"},\"wordCount\":142,\"commentCount\":0,\"publisher\":{\"@id\":\"https:\/\/www.padreeustaquio.com.br\/#organization\"},\"image\":{\"@id\":\"https:\/\/www.padreeustaquio.com.br\/santa-missa-marca-encerramento-do-ano-letivo-das-creches-padre-eustaquio\/#primaryimage\"},\"thumbnailUrl\":\"https:\/\/www.padreeustaquio.com.br\/wp-content\/uploads\/2023\/12\/missa-da-creche-padre-eustaquio-2023.jpeg\",\"articleSection\":[\"Not\u00edcias\"],\"inLanguage\":\"en-US\",\"potentialAction\":[{\"@type\":\"CommentAction\",\"name\":\"Comment\",\"target\":[\"https:\/\/www.padreeustaquio.com.br\/santa-missa-marca-encerramento-do-ano-letivo-das-creches-padre-eustaquio\/#respond\"]}]},{\"@type\":\"WebPage\",\"@id\":\"https:\/\/www.padreeustaquio.com.br\/santa-missa-marca-encerramento-do-ano-letivo-das-creches-padre-eustaquio\/\",\"url\":\"https:\/\/www.padreeustaquio.com.br\/santa-missa-marca-encerramento-do-ano-letivo-das-creches-padre-eustaquio\/\",\"name\":\"Santa Missa marca encerramento do ano letivo das Creches Padre Eust\u00e1quio\",\"isPartOf\":{\"@id\":\"https:\/\/www.padreeustaquio.com.br\/#website\"},\"primaryImageOfPage\":{\"@id\":\"https:\/\/www.padreeustaquio.com.br\/santa-missa-marca-encerramento-do-ano-letivo-das-creches-padre-eustaquio\/#primaryimage\"},\"image\":{\"@id\":\"https:\/\/www.padreeustaquio.com.br\/santa-missa-marca-encerramento-do-ano-letivo-das-creches-padre-eustaquio\/#primaryimage\"},\"thumbnailUrl\":\"https:\/\/www.padreeustaquio.com.br\/wp-content\/uploads\/2023\/12\/missa-da-creche-padre-eustaquio-2023.jpeg\",\"datePublished\":\"2023-12-26T16:33:41+00:00\",\"description\":\"Uma Missa em A\u00e7\u00e3o de Gra\u00e7as das Unidades 1 e 2 das Creches Padre Eust\u00e1quio foi realizada no Santu\u00e1rio da Sa\u00fade e da Paz, em Belo Horizonte. A celebra\u00e7\u00e3o marcou o encerramento do ano letivo para as crian\u00e7as que se despendem da institui\u00e7\u00e3o.\",\"breadcrumb\":{\"@id\":\"https:\/\/www.padreeustaquio.com.br\/santa-missa-marca-encerramento-do-ano-letivo-das-creches-padre-eustaquio\/#breadcrumb\"},\"inLanguage\":\"en-US\",\"potentialAction\":[{\"@type\":\"ReadAction\",\"target\":[\"https:\/\/www.padreeustaquio.com.br\/santa-missa-marca-encerramento-do-ano-letivo-das-creches-padre-eustaquio\/\"]}]},{\"@type\":\"ImageObject\",\"inLanguage\":\"en-US\",\"@id\":\"https:\/\/www.padreeustaquio.com.br\/santa-missa-marca-encerramento-do-ano-letivo-das-creches-padre-eustaquio\/#primaryimage\",\"url\":\"https:\/\/www.padreeustaquio.com.br\/wp-content\/uploads\/2023\/12\/missa-da-creche-padre-eustaquio-2023.jpeg\",\"contentUrl\":\"https:\/\/www.padreeustaquio.com.br\/wp-content\/uploads\/2023\/12\/missa-da-creche-padre-eustaquio-2023.jpeg\",\"width\":1600,\"height\":1200},{\"@type\":\"BreadcrumbList\",\"@id\":\"https:\/\/www.padreeustaquio.com.br\/santa-missa-marca-encerramento-do-ano-letivo-das-creches-padre-eustaquio\/#breadcrumb\",\"itemListElement\":[{\"@type\":\"ListItem\",\"position\":1,\"name\":\"In\u00edcio\",\"item\":\"https:\/\/www.padreeustaquio.com.br\/\"},{\"@type\":\"ListItem\",\"position\":2,\"name\":\"Santa Missa marca encerramento do ano letivo das Creches Padre Eust\u00e1quio\"}]},{\"@type\":\"WebSite\",\"@id\":\"https:\/\/www.padreeustaquio.com.br\/#website\",\"url\":\"https:\/\/www.padreeustaquio.com.br\/\",\"name\":\"Padre Eust\u00e1quio\",\"description\":\"Sa\u00fade e Paz\",\"publisher\":{\"@id\":\"https:\/\/www.padreeustaquio.com.br\/#organization\"},\"potentialAction\":[{\"@type\":\"SearchAction\",\"target\":{\"@type\":\"EntryPoint\",\"urlTemplate\":\"https:\/\/www.padreeustaquio.com.br\/?s={search_term_string}\"},\"query-input\":{\"@type\":\"PropertyValueSpecification\",\"valueRequired\":true,\"valueName\":\"search_term_string\"}}],\"inLanguage\":\"en-US\"},{\"@type\":\"Organization\",\"@id\":\"https:\/\/www.padreeustaquio.com.br\/#organization\",\"name\":\"Padre Eust\u00e1quio\",\"url\":\"https:\/\/www.padreeustaquio.com.br\/\",\"logo\":{\"@type\":\"ImageObject\",\"inLanguage\":\"en-US\",\"@id\":\"https:\/\/www.padreeustaquio.com.br\/#\/schema\/logo\/image\/\",\"url\":\"https:\/\/www.padreeustaquio.com.br\/wp-content\/uploads\/2019\/08\/marca.png\",\"contentUrl\":\"https:\/\/www.padreeustaquio.com.br\/wp-content\/uploads\/2019\/08\/marca.png\",\"width\":350,\"height\":400,\"caption\":\"Padre Eust\u00e1quio\"},\"image\":{\"@id\":\"https:\/\/www.padreeustaquio.com.br\/#\/schema\/logo\/image\/\"},\"sameAs\":[\"https:\/\/www.facebook.com\/beatopadreeustaquio\/\",\"https:\/\/x.com\/beatopeustaquio\",\"https:\/\/www.instagram.com\/beatopadreeustaquio\/\",\"https:\/\/www.youtube.com\/channel\/UCRhw7vfabnajwLxb1ZXMeIw\"]},{\"@type\":\"Person\",\"@id\":\"https:\/\/www.padreeustaquio.com.br\/#\/schema\/person\/a2a51db1d00f1a7af0204a0f1ddb1566\",\"name\":\"@sscc\",\"image\":{\"@type\":\"ImageObject\",\"inLanguage\":\"en-US\",\"@id\":\"https:\/\/secure.gravatar.com\/avatar\/68cfafa5f44617fea54071e215026e0ff06be366c3d54a8425f04fdcb86f8c5f?s=96&d=mm&r=g\",\"url\":\"https:\/\/secure.gravatar.com\/avatar\/68cfafa5f44617fea54071e215026e0ff06be366c3d54a8425f04fdcb86f8c5f?s=96&d=mm&r=g\",\"contentUrl\":\"https:\/\/secure.gravatar.com\/avatar\/68cfafa5f44617fea54071e215026e0ff06be366c3d54a8425f04fdcb86f8c5f?s=96&d=mm&r=g\",\"caption\":\"@sscc\"},\"url\":\"https:\/\/www.padreeustaquio.com.br\/en\/author\/sscc\/\"}]}<\/script>\n<!-- \/ Yoast SEO plugin. -->","yoast_head_json":{"title":"Holy Mass marks the end of the school year at the Padre Eust\u00e1quio Daycare Centers.","description":"A Thanksgiving Mass for Units 1 and 2 of the Padre Eust\u00e1quio Daycare Centers was held at the Sanctuary of Health and Peace in Belo Horizonte. The celebration marked the end of the school year for the children leaving the institution.","robots":{"index":"index","follow":"follow","max-snippet":"max-snippet:-1","max-image-preview":"max-image-preview:large","max-video-preview":"max-video-preview:-1"},"canonical":"https:\/\/www.padreeustaquio.com.br\/en\/holy-mass-marks-the-end-of-the-school-year-at-padre-eustaquio-daycare-centers\/","og_locale":"en_US","og_type":"article","og_title":"Santa Missa marca encerramento do ano letivo das Creches Padre Eust\u00e1quio","og_description":"Uma Missa em A\u00e7\u00e3o de Gra\u00e7as das Unidades 1 e 2 das Creches Padre Eust\u00e1quio foi realizada no Santu\u00e1rio da Sa\u00fade e da Paz, em Belo Horizonte. A celebra\u00e7\u00e3o marcou o encerramento do ano letivo para as crian\u00e7as que se despendem da institui\u00e7\u00e3o.","og_url":"https:\/\/www.padreeustaquio.com.br\/en\/holy-mass-marks-the-end-of-the-school-year-at-padre-eustaquio-daycare-centers\/","og_site_name":"Padre Eust\u00e1quio","article_publisher":"https:\/\/www.facebook.com\/beatopadreeustaquio\/","article_published_time":"2023-12-26T16:33:41+00:00","og_image":[{"width":1600,"height":1200,"url":"https:\/\/www.padreeustaquio.com.br\/wp-content\/uploads\/2023\/12\/missa-da-creche-padre-eustaquio-2023.jpeg","type":"image\/jpeg"}],"author":"@sscc","twitter_card":"summary_large_image","twitter_creator":"@beatopeustaquio","twitter_site":"@beatopeustaquio","twitter_misc":{"Written by":"@sscc","Est. reading time":"1 minute"},"schema":{"@context":"https:\/\/schema.org","@graph":[{"@type":"Article","@id":"https:\/\/www.padreeustaquio.com.br\/santa-missa-marca-encerramento-do-ano-letivo-das-creches-padre-eustaquio\/#article","isPartOf":{"@id":"https:\/\/www.padreeustaquio.com.br\/santa-missa-marca-encerramento-do-ano-letivo-das-creches-padre-eustaquio\/"},"author":{"name":"@sscc","@id":"https:\/\/www.padreeustaquio.com.br\/#\/schema\/person\/a2a51db1d00f1a7af0204a0f1ddb1566"},"headline":"Santa Missa marca encerramento do ano letivo das Creches Padre Eust\u00e1quio","datePublished":"2023-12-26T16:33:41+00:00","mainEntityOfPage":{"@id":"https:\/\/www.padreeustaquio.com.br\/santa-missa-marca-encerramento-do-ano-letivo-das-creches-padre-eustaquio\/"},"wordCount":142,"commentCount":0,"publisher":{"@id":"https:\/\/www.padreeustaquio.com.br\/#organization"},"image":{"@id":"https:\/\/www.padreeustaquio.com.br\/santa-missa-marca-encerramento-do-ano-letivo-das-creches-padre-eustaquio\/#primaryimage"},"thumbnailUrl":"https:\/\/www.padreeustaquio.com.br\/wp-content\/uploads\/2023\/12\/missa-da-creche-padre-eustaquio-2023.jpeg","articleSection":["Not\u00edcias"],"inLanguage":"en-US","potentialAction":[{"@type":"CommentAction","name":"Comment","target":["https:\/\/www.padreeustaquio.com.br\/santa-missa-marca-encerramento-do-ano-letivo-das-creches-padre-eustaquio\/#respond"]}]},{"@type":"WebPage","@id":"https:\/\/www.padreeustaquio.com.br\/santa-missa-marca-encerramento-do-ano-letivo-das-creches-padre-eustaquio\/","url":"https:\/\/www.padreeustaquio.com.br\/santa-missa-marca-encerramento-do-ano-letivo-das-creches-padre-eustaquio\/","name":"Holy Mass marks the end of the school year at the Padre Eust\u00e1quio Daycare Centers.","isPartOf":{"@id":"https:\/\/www.padreeustaquio.com.br\/#website"},"primaryImageOfPage":{"@id":"https:\/\/www.padreeustaquio.com.br\/santa-missa-marca-encerramento-do-ano-letivo-das-creches-padre-eustaquio\/#primaryimage"},"image":{"@id":"https:\/\/www.padreeustaquio.com.br\/santa-missa-marca-encerramento-do-ano-letivo-das-creches-padre-eustaquio\/#primaryimage"},"thumbnailUrl":"https:\/\/www.padreeustaquio.com.br\/wp-content\/uploads\/2023\/12\/missa-da-creche-padre-eustaquio-2023.jpeg","datePublished":"2023-12-26T16:33:41+00:00","description":"A Thanksgiving Mass for Units 1 and 2 of the Padre Eust\u00e1quio Daycare Centers was held at the Sanctuary of Health and Peace in Belo Horizonte. The celebration marked the end of the school year for the children leaving the institution.","breadcrumb":{"@id":"https:\/\/www.padreeustaquio.com.br\/santa-missa-marca-encerramento-do-ano-letivo-das-creches-padre-eustaquio\/#breadcrumb"},"inLanguage":"en-US","potentialAction":[{"@type":"ReadAction","target":["https:\/\/www.padreeustaquio.com.br\/santa-missa-marca-encerramento-do-ano-letivo-das-creches-padre-eustaquio\/"]}]},{"@type":"ImageObject","inLanguage":"en-US","@id":"https:\/\/www.padreeustaquio.com.br\/santa-missa-marca-encerramento-do-ano-letivo-das-creches-padre-eustaquio\/#primaryimage","url":"https:\/\/www.padreeustaquio.com.br\/wp-content\/uploads\/2023\/12\/missa-da-creche-padre-eustaquio-2023.jpeg","contentUrl":"https:\/\/www.padreeustaquio.com.br\/wp-content\/uploads\/2023\/12\/missa-da-creche-padre-eustaquio-2023.jpeg","width":1600,"height":1200},{"@type":"BreadcrumbList","@id":"https:\/\/www.padreeustaquio.com.br\/santa-missa-marca-encerramento-do-ano-letivo-das-creches-padre-eustaquio\/#breadcrumb","itemListElement":[{"@type":"ListItem","position":1,"name":"In\u00edcio","item":"https:\/\/www.padreeustaquio.com.br\/"},{"@type":"ListItem","position":2,"name":"Santa Missa marca encerramento do ano letivo das Creches Padre Eust\u00e1quio"}]},{"@type":"WebSite","@id":"https:\/\/www.padreeustaquio.com.br\/#website","url":"https:\/\/www.padreeustaquio.com.br\/","name":"FATHER EUST\u00c1QUIO","description":"Health and Peace","publisher":{"@id":"https:\/\/www.padreeustaquio.com.br\/#organization"},"potentialAction":[{"@type":"SearchAction","target":{"@type":"EntryPoint","urlTemplate":"https:\/\/www.padreeustaquio.com.br\/?s={search_term_string}"},"query-input":{"@type":"PropertyValueSpecification","valueRequired":true,"valueName":"search_term_string"}}],"inLanguage":"en-US"},{"@type":"Organization","@id":"https:\/\/www.padreeustaquio.com.br\/#organization","name":"FATHER EUST\u00c1QUIO","url":"https:\/\/www.padreeustaquio.com.br\/","logo":{"@type":"ImageObject","inLanguage":"en-US","@id":"https:\/\/www.padreeustaquio.com.br\/#\/schema\/logo\/image\/","url":"https:\/\/www.padreeustaquio.com.br\/wp-content\/uploads\/2019\/08\/marca.png","contentUrl":"https:\/\/www.padreeustaquio.com.br\/wp-content\/uploads\/2019\/08\/marca.png","width":350,"height":400,"caption":"Padre Eust\u00e1quio"},"image":{"@id":"https:\/\/www.padreeustaquio.com.br\/#\/schema\/logo\/image\/"},"sameAs":["https:\/\/www.facebook.com\/beatopadreeustaquio\/","https:\/\/x.com\/beatopeustaquio","https:\/\/www.instagram.com\/beatopadreeustaquio\/","https:\/\/www.youtube.com\/channel\/UCRhw7vfabnajwLxb1ZXMeIw"]},{"@type":"Person","@id":"https:\/\/www.padreeustaquio.com.br\/#\/schema\/person\/a2a51db1d00f1a7af0204a0f1ddb1566","name":"@sscc","image":{"@type":"ImageObject","inLanguage":"en-US","@id":"https:\/\/secure.gravatar.com\/avatar\/68cfafa5f44617fea54071e215026e0ff06be366c3d54a8425f04fdcb86f8c5f?s=96&d=mm&r=g","url":"https:\/\/secure.gravatar.com\/avatar\/68cfafa5f44617fea54071e215026e0ff06be366c3d54a8425f04fdcb86f8c5f?s=96&d=mm&r=g","contentUrl":"https:\/\/secure.gravatar.com\/avatar\/68cfafa5f44617fea54071e215026e0ff06be366c3d54a8425f04fdcb86f8c5f?s=96&d=mm&r=g","caption":"@sscc"},"url":"https:\/\/www.padreeustaquio.com.br\/en\/author\/sscc\/"}]}},"_links":{"self":[{"href":"https:\/\/www.padreeustaquio.com.br\/en\/wp-json\/wp\/v2\/posts\/11056","targetHints":{"allow":["GET"]}}],"collection":[{"href":"https:\/\/www.padreeustaquio.com.br\/en\/wp-json\/wp\/v2\/posts"}],"about":[{"href":"https:\/\/www.padreeustaquio.com.br\/en\/wp-json\/wp\/v2\/types\/post"}],"author":[{"embeddable":true,"href":"https:\/\/www.padreeustaquio.com.br\/en\/wp-json\/wp\/v2\/users\/2"}],"replies":[{"embeddable":true,"href":"https:\/\/www.padreeustaquio.com.br\/en\/wp-json\/wp\/v2\/comments?post=11056"}],"version-history":[{"count":0,"href":"https:\/\/www.padreeustaquio.com.br\/en\/wp-json\/wp\/v2\/posts\/11056\/revisions"}],"wp:featuredmedia":[{"embeddable":true,"href":"https:\/\/www.padreeustaquio.com.br\/en\/wp-json\/wp\/v2\/media\/11057"}],"wp:attachment":[{"href":"https:\/\/www.padreeustaquio.com.br\/en\/wp-json\/wp\/v2\/media?parent=11056"}],"wp:term":[{"taxonomy":"category","embeddable":true,"href":"https:\/\/www.padreeustaquio.com.br\/en\/wp-json\/wp\/v2\/categories?post=11056"},{"taxonomy":"post_tag","embeddable":true,"href":"https:\/\/www.padreeustaquio.com.br\/en\/wp-json\/wp\/v2\/tags?post=11056"}],"curies":[{"name":"wp","href":"https:\/\/api.w.org\/{rel}","templated":true}]}}