{"id":11050,"date":"2023-12-15T10:33:39","date_gmt":"2023-12-15T13:33:39","guid":{"rendered":"https:\/\/www.padreeustaquio.com.br\/?p=11050"},"modified":"2023-12-15T10:33:39","modified_gmt":"2023-12-15T13:33:39","slug":"vice-postulator-begins-research-into-father-eustachios-documents-in-europe","status":"publish","type":"post","link":"https:\/\/www.padreeustaquio.com.br\/en\/vice-postulator-begins-research-into-father-eustachios-documents-in-europe\/","title":{"rendered":"Vice-postulator initiates research into Father Eust\u00e1quio&#039;s documents in Europe."},"content":{"rendered":"<p>At the invitation of the Superior General, the vice-postulator of the Cause of Canonization of Father Eust\u00e1quio, Father Vinicius Maciel, ss.cc, has been in Rome since December 13th. He went to Europe to conduct research in the General Archive of the Congregation of the Sacred Hearts in view of the centenary of the Blessed&#039;s arrival in Brazil (2025), which also marks the arrival of the Congregation in Brazilian lands.<\/p>\n<p>In addition to research in the Congregation&#039;s archives, Fr. Vinicius will also meet with the Postulator General, Father Andrzej Lukawski, ss.cc, regarding the canonization process of Blessed Father Eustace.<\/p>\n<p>After his stay in Rome, which ends on January 9th of next year, the vice-postulator will continue his research in the Netherlands, where he will visit the Archives of Religious Life (especially those of the Sacred Hearts) located in the Monastery of Saint Agatha and will also meet with the nephews of Blessed Father Eustace.<\/p>","protected":false},"excerpt":{"rendered":"<p>A convite do Superior Geral, o vice-postulador da Causa de Canoniza\u00e7\u00e3o de Padre Eust\u00e1quio, o padre Vinicius Maciel, ss.cc, est\u00e1 em Roma desde o \u00faltimo dia 13 de dezembro. Ele foi \u00e0 Europa para fazer algumas pesquisas no Arquivo Geral da Congrega\u00e7\u00e3o dos Sagrados Cora\u00e7\u00f5es tendo em vista o centen\u00e1rio da chegada do Beato ao Brasil (2025), o que tamb\u00e9m marca a chegada da Congrega\u00e7\u00e3o \u00e0s terras brasileiras. Al\u00e9m da pesquisa nos arquivos da Congrega\u00e7\u00e3o, Pe. Vinicius tamb\u00e9m se reunir\u00e1 com o Postulador-Geral, Padre Andrzej Lukawski, ss.cc, sobre o processo de canoniza\u00e7\u00e3o do Beato Padre Eust\u00e1quio. Depois da estadia em [&hellip;]<\/p>\n","protected":false},"author":2,"featured_media":11051,"comment_status":"open","ping_status":"closed","sticky":false,"template":"","format":"standard","meta":{"_acf_changed":false,"footnotes":""},"categories":[611],"tags":[],"class_list":["post-11050","post","type-post","status-publish","format-standard","has-post-thumbnail","hentry","category-noticias"],"acf":[],"yoast_head":"<!-- This site is optimized with the Yoast SEO plugin v27.2 - https:\/\/yoast.com\/product\/yoast-seo-wordpress\/ -->\n<title>Vice-postulador da in\u00edcio \u00e0 pesquisa em documentos de Padre Eust\u00e1quio na Europa<\/title>\n<meta name=\"description\" content=\"A convite do Superior Geral, o vice-postulador da Causa de Canoniza\u00e7\u00e3o de Padre Eust\u00e1quio, o padre Vinicius Maciel, ss.cc, est\u00e1 em Roma desde o \u00faltimo dia 13 de dezembro. Ele foi \u00e0 Europa para fazer algumas pesquisas no Arquivo Geral da Congrega\u00e7\u00e3o dos Sagrados Cora\u00e7\u00f5es tendo em vista o centen\u00e1rio da chegada do Beato ao Brasil (2025), o que tamb\u00e9m marca a chegada da Congrega\u00e7\u00e3o \u00e0s terras brasileiras.\" \/>\n<meta name=\"robots\" content=\"index, follow, max-snippet:-1, max-image-preview:large, max-video-preview:-1\" \/>\n<link rel=\"canonical\" href=\"https:\/\/www.padreeustaquio.com.br\/en\/vice-postulator-begins-research-into-father-eustachios-documents-in-europe\/\" \/>\n<meta property=\"og:locale\" content=\"en_US\" \/>\n<meta property=\"og:type\" content=\"article\" \/>\n<meta property=\"og:title\" content=\"Vice-postulador da in\u00edcio \u00e0 pesquisa em documentos de Padre Eust\u00e1quio na Europa\" \/>\n<meta property=\"og:description\" content=\"A convite do Superior Geral, o vice-postulador da Causa de Canoniza\u00e7\u00e3o de Padre Eust\u00e1quio, o padre Vinicius Maciel, ss.cc, est\u00e1 em Roma desde o \u00faltimo dia 13 de dezembro. Ele foi \u00e0 Europa para fazer algumas pesquisas no Arquivo Geral da Congrega\u00e7\u00e3o dos Sagrados Cora\u00e7\u00f5es tendo em vista o centen\u00e1rio da chegada do Beato ao Brasil (2025), o que tamb\u00e9m marca a chegada da Congrega\u00e7\u00e3o \u00e0s terras brasileiras.\" \/>\n<meta property=\"og:url\" content=\"https:\/\/www.padreeustaquio.com.br\/en\/vice-postulator-begins-research-into-father-eustachios-documents-in-europe\/\" \/>\n<meta property=\"og:site_name\" content=\"Padre Eust\u00e1quio\" \/>\n<meta property=\"article:publisher\" content=\"https:\/\/www.facebook.com\/beatopadreeustaquio\/\" \/>\n<meta property=\"article:published_time\" content=\"2023-12-15T13:33:39+00:00\" \/>\n<meta property=\"og:image\" content=\"https:\/\/www.padreeustaquio.com.br\/wp-content\/uploads\/2023\/12\/Padre-vinicius-em-Roma.jpg\" \/>\n\t<meta property=\"og:image:width\" content=\"640\" \/>\n\t<meta property=\"og:image:height\" content=\"371\" \/>\n\t<meta property=\"og:image:type\" content=\"image\/jpeg\" \/>\n<meta name=\"author\" content=\"@sscc\" \/>\n<meta name=\"twitter:card\" content=\"summary_large_image\" \/>\n<meta name=\"twitter:creator\" content=\"@beatopeustaquio\" \/>\n<meta name=\"twitter:site\" content=\"@beatopeustaquio\" \/>\n<meta name=\"twitter:label1\" content=\"Written by\" \/>\n\t<meta name=\"twitter:data1\" content=\"@sscc\" \/>\n\t<meta name=\"twitter:label2\" content=\"Est. reading time\" \/>\n\t<meta name=\"twitter:data2\" content=\"1 minute\" \/>\n<script type=\"application\/ld+json\" class=\"yoast-schema-graph\">{\"@context\":\"https:\/\/schema.org\",\"@graph\":[{\"@type\":\"Article\",\"@id\":\"https:\/\/www.padreeustaquio.com.br\/vice-postulador-da-inicio-a-pesquisa-em-documentos-de-padre-eustaquio-na-europa\/#article\",\"isPartOf\":{\"@id\":\"https:\/\/www.padreeustaquio.com.br\/vice-postulador-da-inicio-a-pesquisa-em-documentos-de-padre-eustaquio-na-europa\/\"},\"author\":{\"name\":\"@sscc\",\"@id\":\"https:\/\/www.padreeustaquio.com.br\/#\/schema\/person\/a2a51db1d00f1a7af0204a0f1ddb1566\"},\"headline\":\"Vice-postulador da in\u00edcio \u00e0 pesquisa em documentos de Padre Eust\u00e1quio na Europa\",\"datePublished\":\"2023-12-15T13:33:39+00:00\",\"mainEntityOfPage\":{\"@id\":\"https:\/\/www.padreeustaquio.com.br\/vice-postulador-da-inicio-a-pesquisa-em-documentos-de-padre-eustaquio-na-europa\/\"},\"wordCount\":178,\"commentCount\":0,\"publisher\":{\"@id\":\"https:\/\/www.padreeustaquio.com.br\/#organization\"},\"image\":{\"@id\":\"https:\/\/www.padreeustaquio.com.br\/vice-postulador-da-inicio-a-pesquisa-em-documentos-de-padre-eustaquio-na-europa\/#primaryimage\"},\"thumbnailUrl\":\"https:\/\/www.padreeustaquio.com.br\/wp-content\/uploads\/2023\/12\/Padre-vinicius-em-Roma.jpg\",\"articleSection\":[\"Not\u00edcias\"],\"inLanguage\":\"en-US\",\"potentialAction\":[{\"@type\":\"CommentAction\",\"name\":\"Comment\",\"target\":[\"https:\/\/www.padreeustaquio.com.br\/vice-postulador-da-inicio-a-pesquisa-em-documentos-de-padre-eustaquio-na-europa\/#respond\"]}]},{\"@type\":\"WebPage\",\"@id\":\"https:\/\/www.padreeustaquio.com.br\/vice-postulador-da-inicio-a-pesquisa-em-documentos-de-padre-eustaquio-na-europa\/\",\"url\":\"https:\/\/www.padreeustaquio.com.br\/vice-postulador-da-inicio-a-pesquisa-em-documentos-de-padre-eustaquio-na-europa\/\",\"name\":\"Vice-postulador da in\u00edcio \u00e0 pesquisa em documentos de Padre Eust\u00e1quio na Europa\",\"isPartOf\":{\"@id\":\"https:\/\/www.padreeustaquio.com.br\/#website\"},\"primaryImageOfPage\":{\"@id\":\"https:\/\/www.padreeustaquio.com.br\/vice-postulador-da-inicio-a-pesquisa-em-documentos-de-padre-eustaquio-na-europa\/#primaryimage\"},\"image\":{\"@id\":\"https:\/\/www.padreeustaquio.com.br\/vice-postulador-da-inicio-a-pesquisa-em-documentos-de-padre-eustaquio-na-europa\/#primaryimage\"},\"thumbnailUrl\":\"https:\/\/www.padreeustaquio.com.br\/wp-content\/uploads\/2023\/12\/Padre-vinicius-em-Roma.jpg\",\"datePublished\":\"2023-12-15T13:33:39+00:00\",\"description\":\"A convite do Superior Geral, o vice-postulador da Causa de Canoniza\u00e7\u00e3o de Padre Eust\u00e1quio, o padre Vinicius Maciel, ss.cc, est\u00e1 em Roma desde o \u00faltimo dia 13 de dezembro. Ele foi \u00e0 Europa para fazer algumas pesquisas no Arquivo Geral da Congrega\u00e7\u00e3o dos Sagrados Cora\u00e7\u00f5es tendo em vista o centen\u00e1rio da chegada do Beato ao Brasil (2025), o que tamb\u00e9m marca a chegada da Congrega\u00e7\u00e3o \u00e0s terras brasileiras.\",\"breadcrumb\":{\"@id\":\"https:\/\/www.padreeustaquio.com.br\/vice-postulador-da-inicio-a-pesquisa-em-documentos-de-padre-eustaquio-na-europa\/#breadcrumb\"},\"inLanguage\":\"en-US\",\"potentialAction\":[{\"@type\":\"ReadAction\",\"target\":[\"https:\/\/www.padreeustaquio.com.br\/vice-postulador-da-inicio-a-pesquisa-em-documentos-de-padre-eustaquio-na-europa\/\"]}]},{\"@type\":\"ImageObject\",\"inLanguage\":\"en-US\",\"@id\":\"https:\/\/www.padreeustaquio.com.br\/vice-postulador-da-inicio-a-pesquisa-em-documentos-de-padre-eustaquio-na-europa\/#primaryimage\",\"url\":\"https:\/\/www.padreeustaquio.com.br\/wp-content\/uploads\/2023\/12\/Padre-vinicius-em-Roma.jpg\",\"contentUrl\":\"https:\/\/www.padreeustaquio.com.br\/wp-content\/uploads\/2023\/12\/Padre-vinicius-em-Roma.jpg\",\"width\":640,\"height\":371,\"caption\":\"Pe. Vinicus (3\u00ba de p\u00e9, da esquerda para a direita) com os irm\u00e3os dos SSCC que vivem em Roma, It\u00e1lia\"},{\"@type\":\"BreadcrumbList\",\"@id\":\"https:\/\/www.padreeustaquio.com.br\/vice-postulador-da-inicio-a-pesquisa-em-documentos-de-padre-eustaquio-na-europa\/#breadcrumb\",\"itemListElement\":[{\"@type\":\"ListItem\",\"position\":1,\"name\":\"In\u00edcio\",\"item\":\"https:\/\/www.padreeustaquio.com.br\/\"},{\"@type\":\"ListItem\",\"position\":2,\"name\":\"Vice-postulador da in\u00edcio \u00e0 pesquisa em documentos de Padre Eust\u00e1quio na Europa\"}]},{\"@type\":\"WebSite\",\"@id\":\"https:\/\/www.padreeustaquio.com.br\/#website\",\"url\":\"https:\/\/www.padreeustaquio.com.br\/\",\"name\":\"Padre Eust\u00e1quio\",\"description\":\"Sa\u00fade e Paz\",\"publisher\":{\"@id\":\"https:\/\/www.padreeustaquio.com.br\/#organization\"},\"potentialAction\":[{\"@type\":\"SearchAction\",\"target\":{\"@type\":\"EntryPoint\",\"urlTemplate\":\"https:\/\/www.padreeustaquio.com.br\/?s={search_term_string}\"},\"query-input\":{\"@type\":\"PropertyValueSpecification\",\"valueRequired\":true,\"valueName\":\"search_term_string\"}}],\"inLanguage\":\"en-US\"},{\"@type\":\"Organization\",\"@id\":\"https:\/\/www.padreeustaquio.com.br\/#organization\",\"name\":\"Padre Eust\u00e1quio\",\"url\":\"https:\/\/www.padreeustaquio.com.br\/\",\"logo\":{\"@type\":\"ImageObject\",\"inLanguage\":\"en-US\",\"@id\":\"https:\/\/www.padreeustaquio.com.br\/#\/schema\/logo\/image\/\",\"url\":\"https:\/\/www.padreeustaquio.com.br\/wp-content\/uploads\/2019\/08\/marca.png\",\"contentUrl\":\"https:\/\/www.padreeustaquio.com.br\/wp-content\/uploads\/2019\/08\/marca.png\",\"width\":350,\"height\":400,\"caption\":\"Padre Eust\u00e1quio\"},\"image\":{\"@id\":\"https:\/\/www.padreeustaquio.com.br\/#\/schema\/logo\/image\/\"},\"sameAs\":[\"https:\/\/www.facebook.com\/beatopadreeustaquio\/\",\"https:\/\/x.com\/beatopeustaquio\",\"https:\/\/www.instagram.com\/beatopadreeustaquio\/\",\"https:\/\/www.youtube.com\/channel\/UCRhw7vfabnajwLxb1ZXMeIw\"]},{\"@type\":\"Person\",\"@id\":\"https:\/\/www.padreeustaquio.com.br\/#\/schema\/person\/a2a51db1d00f1a7af0204a0f1ddb1566\",\"name\":\"@sscc\",\"image\":{\"@type\":\"ImageObject\",\"inLanguage\":\"en-US\",\"@id\":\"https:\/\/secure.gravatar.com\/avatar\/68cfafa5f44617fea54071e215026e0ff06be366c3d54a8425f04fdcb86f8c5f?s=96&d=mm&r=g\",\"url\":\"https:\/\/secure.gravatar.com\/avatar\/68cfafa5f44617fea54071e215026e0ff06be366c3d54a8425f04fdcb86f8c5f?s=96&d=mm&r=g\",\"contentUrl\":\"https:\/\/secure.gravatar.com\/avatar\/68cfafa5f44617fea54071e215026e0ff06be366c3d54a8425f04fdcb86f8c5f?s=96&d=mm&r=g\",\"caption\":\"@sscc\"},\"url\":\"https:\/\/www.padreeustaquio.com.br\/en\/author\/sscc\/\"}]}<\/script>\n<!-- \/ Yoast SEO plugin. -->","yoast_head_json":{"title":"Vice-postulator initiates research into Father Eust\u00e1quio&#039;s documents in Europe.","description":"At the invitation of the Superior General, the vice-postulator of the Cause of Canonization of Father Eust\u00e1quio, Father Vinicius Maciel, ss.cc, has been in Rome since December 13th. He went to Europe to conduct research in the General Archive of the Congregation of the Sacred Hearts in view of the centenary of the Blessed&#039;s arrival in Brazil (2025), which also marks the arrival of the Congregation in Brazilian lands.","robots":{"index":"index","follow":"follow","max-snippet":"max-snippet:-1","max-image-preview":"max-image-preview:large","max-video-preview":"max-video-preview:-1"},"canonical":"https:\/\/www.padreeustaquio.com.br\/en\/vice-postulator-begins-research-into-father-eustachios-documents-in-europe\/","og_locale":"en_US","og_type":"article","og_title":"Vice-postulador da in\u00edcio \u00e0 pesquisa em documentos de Padre Eust\u00e1quio na Europa","og_description":"A convite do Superior Geral, o vice-postulador da Causa de Canoniza\u00e7\u00e3o de Padre Eust\u00e1quio, o padre Vinicius Maciel, ss.cc, est\u00e1 em Roma desde o \u00faltimo dia 13 de dezembro. Ele foi \u00e0 Europa para fazer algumas pesquisas no Arquivo Geral da Congrega\u00e7\u00e3o dos Sagrados Cora\u00e7\u00f5es tendo em vista o centen\u00e1rio da chegada do Beato ao Brasil (2025), o que tamb\u00e9m marca a chegada da Congrega\u00e7\u00e3o \u00e0s terras brasileiras.","og_url":"https:\/\/www.padreeustaquio.com.br\/en\/vice-postulator-begins-research-into-father-eustachios-documents-in-europe\/","og_site_name":"Padre Eust\u00e1quio","article_publisher":"https:\/\/www.facebook.com\/beatopadreeustaquio\/","article_published_time":"2023-12-15T13:33:39+00:00","og_image":[{"width":640,"height":371,"url":"https:\/\/www.padreeustaquio.com.br\/wp-content\/uploads\/2023\/12\/Padre-vinicius-em-Roma.jpg","type":"image\/jpeg"}],"author":"@sscc","twitter_card":"summary_large_image","twitter_creator":"@beatopeustaquio","twitter_site":"@beatopeustaquio","twitter_misc":{"Written by":"@sscc","Est. reading time":"1 minute"},"schema":{"@context":"https:\/\/schema.org","@graph":[{"@type":"Article","@id":"https:\/\/www.padreeustaquio.com.br\/vice-postulador-da-inicio-a-pesquisa-em-documentos-de-padre-eustaquio-na-europa\/#article","isPartOf":{"@id":"https:\/\/www.padreeustaquio.com.br\/vice-postulador-da-inicio-a-pesquisa-em-documentos-de-padre-eustaquio-na-europa\/"},"author":{"name":"@sscc","@id":"https:\/\/www.padreeustaquio.com.br\/#\/schema\/person\/a2a51db1d00f1a7af0204a0f1ddb1566"},"headline":"Vice-postulador da in\u00edcio \u00e0 pesquisa em documentos de Padre Eust\u00e1quio na Europa","datePublished":"2023-12-15T13:33:39+00:00","mainEntityOfPage":{"@id":"https:\/\/www.padreeustaquio.com.br\/vice-postulador-da-inicio-a-pesquisa-em-documentos-de-padre-eustaquio-na-europa\/"},"wordCount":178,"commentCount":0,"publisher":{"@id":"https:\/\/www.padreeustaquio.com.br\/#organization"},"image":{"@id":"https:\/\/www.padreeustaquio.com.br\/vice-postulador-da-inicio-a-pesquisa-em-documentos-de-padre-eustaquio-na-europa\/#primaryimage"},"thumbnailUrl":"https:\/\/www.padreeustaquio.com.br\/wp-content\/uploads\/2023\/12\/Padre-vinicius-em-Roma.jpg","articleSection":["Not\u00edcias"],"inLanguage":"en-US","potentialAction":[{"@type":"CommentAction","name":"Comment","target":["https:\/\/www.padreeustaquio.com.br\/vice-postulador-da-inicio-a-pesquisa-em-documentos-de-padre-eustaquio-na-europa\/#respond"]}]},{"@type":"WebPage","@id":"https:\/\/www.padreeustaquio.com.br\/vice-postulador-da-inicio-a-pesquisa-em-documentos-de-padre-eustaquio-na-europa\/","url":"https:\/\/www.padreeustaquio.com.br\/vice-postulador-da-inicio-a-pesquisa-em-documentos-de-padre-eustaquio-na-europa\/","name":"Vice-postulator initiates research into Father Eust\u00e1quio&#039;s documents in Europe.","isPartOf":{"@id":"https:\/\/www.padreeustaquio.com.br\/#website"},"primaryImageOfPage":{"@id":"https:\/\/www.padreeustaquio.com.br\/vice-postulador-da-inicio-a-pesquisa-em-documentos-de-padre-eustaquio-na-europa\/#primaryimage"},"image":{"@id":"https:\/\/www.padreeustaquio.com.br\/vice-postulador-da-inicio-a-pesquisa-em-documentos-de-padre-eustaquio-na-europa\/#primaryimage"},"thumbnailUrl":"https:\/\/www.padreeustaquio.com.br\/wp-content\/uploads\/2023\/12\/Padre-vinicius-em-Roma.jpg","datePublished":"2023-12-15T13:33:39+00:00","description":"At the invitation of the Superior General, the vice-postulator of the Cause of Canonization of Father Eust\u00e1quio, Father Vinicius Maciel, ss.cc, has been in Rome since December 13th. He went to Europe to conduct research in the General Archive of the Congregation of the Sacred Hearts in view of the centenary of the Blessed&#039;s arrival in Brazil (2025), which also marks the arrival of the Congregation in Brazilian lands.","breadcrumb":{"@id":"https:\/\/www.padreeustaquio.com.br\/vice-postulador-da-inicio-a-pesquisa-em-documentos-de-padre-eustaquio-na-europa\/#breadcrumb"},"inLanguage":"en-US","potentialAction":[{"@type":"ReadAction","target":["https:\/\/www.padreeustaquio.com.br\/vice-postulador-da-inicio-a-pesquisa-em-documentos-de-padre-eustaquio-na-europa\/"]}]},{"@type":"ImageObject","inLanguage":"en-US","@id":"https:\/\/www.padreeustaquio.com.br\/vice-postulador-da-inicio-a-pesquisa-em-documentos-de-padre-eustaquio-na-europa\/#primaryimage","url":"https:\/\/www.padreeustaquio.com.br\/wp-content\/uploads\/2023\/12\/Padre-vinicius-em-Roma.jpg","contentUrl":"https:\/\/www.padreeustaquio.com.br\/wp-content\/uploads\/2023\/12\/Padre-vinicius-em-Roma.jpg","width":640,"height":371,"caption":"Pe. Vinicus (3\u00ba de p\u00e9, da esquerda para a direita) com os irm\u00e3os dos SSCC que vivem em Roma, It\u00e1lia"},{"@type":"BreadcrumbList","@id":"https:\/\/www.padreeustaquio.com.br\/vice-postulador-da-inicio-a-pesquisa-em-documentos-de-padre-eustaquio-na-europa\/#breadcrumb","itemListElement":[{"@type":"ListItem","position":1,"name":"In\u00edcio","item":"https:\/\/www.padreeustaquio.com.br\/"},{"@type":"ListItem","position":2,"name":"Vice-postulador da in\u00edcio \u00e0 pesquisa em documentos de Padre Eust\u00e1quio na Europa"}]},{"@type":"WebSite","@id":"https:\/\/www.padreeustaquio.com.br\/#website","url":"https:\/\/www.padreeustaquio.com.br\/","name":"FATHER EUST\u00c1QUIO","description":"Health and Peace","publisher":{"@id":"https:\/\/www.padreeustaquio.com.br\/#organization"},"potentialAction":[{"@type":"SearchAction","target":{"@type":"EntryPoint","urlTemplate":"https:\/\/www.padreeustaquio.com.br\/?s={search_term_string}"},"query-input":{"@type":"PropertyValueSpecification","valueRequired":true,"valueName":"search_term_string"}}],"inLanguage":"en-US"},{"@type":"Organization","@id":"https:\/\/www.padreeustaquio.com.br\/#organization","name":"FATHER EUST\u00c1QUIO","url":"https:\/\/www.padreeustaquio.com.br\/","logo":{"@type":"ImageObject","inLanguage":"en-US","@id":"https:\/\/www.padreeustaquio.com.br\/#\/schema\/logo\/image\/","url":"https:\/\/www.padreeustaquio.com.br\/wp-content\/uploads\/2019\/08\/marca.png","contentUrl":"https:\/\/www.padreeustaquio.com.br\/wp-content\/uploads\/2019\/08\/marca.png","width":350,"height":400,"caption":"Padre Eust\u00e1quio"},"image":{"@id":"https:\/\/www.padreeustaquio.com.br\/#\/schema\/logo\/image\/"},"sameAs":["https:\/\/www.facebook.com\/beatopadreeustaquio\/","https:\/\/x.com\/beatopeustaquio","https:\/\/www.instagram.com\/beatopadreeustaquio\/","https:\/\/www.youtube.com\/channel\/UCRhw7vfabnajwLxb1ZXMeIw"]},{"@type":"Person","@id":"https:\/\/www.padreeustaquio.com.br\/#\/schema\/person\/a2a51db1d00f1a7af0204a0f1ddb1566","name":"@sscc","image":{"@type":"ImageObject","inLanguage":"en-US","@id":"https:\/\/secure.gravatar.com\/avatar\/68cfafa5f44617fea54071e215026e0ff06be366c3d54a8425f04fdcb86f8c5f?s=96&d=mm&r=g","url":"https:\/\/secure.gravatar.com\/avatar\/68cfafa5f44617fea54071e215026e0ff06be366c3d54a8425f04fdcb86f8c5f?s=96&d=mm&r=g","contentUrl":"https:\/\/secure.gravatar.com\/avatar\/68cfafa5f44617fea54071e215026e0ff06be366c3d54a8425f04fdcb86f8c5f?s=96&d=mm&r=g","caption":"@sscc"},"url":"https:\/\/www.padreeustaquio.com.br\/en\/author\/sscc\/"}]}},"_links":{"self":[{"href":"https:\/\/www.padreeustaquio.com.br\/en\/wp-json\/wp\/v2\/posts\/11050","targetHints":{"allow":["GET"]}}],"collection":[{"href":"https:\/\/www.padreeustaquio.com.br\/en\/wp-json\/wp\/v2\/posts"}],"about":[{"href":"https:\/\/www.padreeustaquio.com.br\/en\/wp-json\/wp\/v2\/types\/post"}],"author":[{"embeddable":true,"href":"https:\/\/www.padreeustaquio.com.br\/en\/wp-json\/wp\/v2\/users\/2"}],"replies":[{"embeddable":true,"href":"https:\/\/www.padreeustaquio.com.br\/en\/wp-json\/wp\/v2\/comments?post=11050"}],"version-history":[{"count":0,"href":"https:\/\/www.padreeustaquio.com.br\/en\/wp-json\/wp\/v2\/posts\/11050\/revisions"}],"wp:featuredmedia":[{"embeddable":true,"href":"https:\/\/www.padreeustaquio.com.br\/en\/wp-json\/wp\/v2\/media\/11051"}],"wp:attachment":[{"href":"https:\/\/www.padreeustaquio.com.br\/en\/wp-json\/wp\/v2\/media?parent=11050"}],"wp:term":[{"taxonomy":"category","embeddable":true,"href":"https:\/\/www.padreeustaquio.com.br\/en\/wp-json\/wp\/v2\/categories?post=11050"},{"taxonomy":"post_tag","embeddable":true,"href":"https:\/\/www.padreeustaquio.com.br\/en\/wp-json\/wp\/v2\/tags?post=11050"}],"curies":[{"name":"wp","href":"https:\/\/api.w.org\/{rel}","templated":true}]}}