{"id":11047,"date":"2023-12-12T08:35:35","date_gmt":"2023-12-12T11:35:35","guid":{"rendered":"https:\/\/www.padreeustaquio.com.br\/?p=11047"},"modified":"2023-12-12T08:35:35","modified_gmt":"2023-12-12T11:35:35","slug":"registration-is-open-for-the-premarital-course-at-the-sanctuary-of-health-and-peace","status":"publish","type":"post","link":"https:\/\/www.padreeustaquio.com.br\/en\/registration-is-open-for-the-premarital-course-at-the-sanctuary-of-health-and-peace\/","title":{"rendered":"Registration is now open for the Pre-Marriage Course at the Sanctuary of Health and Peace."},"content":{"rendered":"<p>Registration is open for marriage catechesis, also known as the &quot;Pre-Marriage Course,&quot; at the Sanctuary of Health and Peace, the Church of Father Eust\u00e1quio. Those interested should contact the parish office to register.<\/p>\n<p>The deadline has already begun and runs until February 16, 2024. The initial meeting will take place on February 24, from 2 PM to 8 PM.<\/p>\n<p>This is an initiative of the Family Ministry of the Sacred Hearts Parish, in BH. More information is available by phone at (31) 3462-6557 or in person at the parish office of Padre Eust\u00e1quio Church. Opening hours are: Mondays from 7:30 am to 12 pm and from 1 pm to 6 pm; Tuesday to Friday, from 7:30 am to 6 pm; Saturdays and Sundays from 8 am to 11:30 am.<\/p>","protected":false},"excerpt":{"rendered":"<p>Est\u00e3o abertas as inscri\u00e7\u00f5es para a catequese matrimonial, conhecida como \u201cCurso de Noivos\u201d, no Santu\u00e1rio da Sa\u00fade e da Paz, a Igreja do Padre Eust\u00e1quio. Os interessados devem procurar a secretaria paroquial para se inscrever. O prazo j\u00e1 come\u00e7ou e vai at\u00e9 o dia 16 de fevereiro de 2024. O encontro inicial acontecer\u00e1 no dia 24 de fevereiro, de 14h \u00e0s 20h. Esta \u00e9 uma realiza\u00e7\u00e3o da Pastoral Familiar da Par\u00f3quia dos Sagrados Cora\u00e7\u00f5es, em BH. Mais informa\u00e7\u00f5es no telefone (31) 3462-6557 ou presencialmente na secretaria paroquial da Igreja do Padre Eust\u00e1quio. O hor\u00e1rio de funcionamento \u00e9: \u00e0s segundas-feiras das [&hellip;]<\/p>\n","protected":false},"author":2,"featured_media":11048,"comment_status":"open","ping_status":"closed","sticky":false,"template":"","format":"standard","meta":{"_acf_changed":false,"footnotes":""},"categories":[611],"tags":[],"class_list":["post-11047","post","type-post","status-publish","format-standard","has-post-thumbnail","hentry","category-noticias"],"acf":[],"yoast_head":"<!-- This site is optimized with the Yoast SEO plugin v27.2 - https:\/\/yoast.com\/product\/yoast-seo-wordpress\/ -->\n<title>Abertas as inscri\u00e7\u00f5es para o Curso de Noivos no Santu\u00e1rio da Sa\u00fade e da Paz - Padre Eust\u00e1quio<\/title>\n<meta name=\"robots\" content=\"index, follow, max-snippet:-1, max-image-preview:large, max-video-preview:-1\" \/>\n<link rel=\"canonical\" href=\"https:\/\/www.padreeustaquio.com.br\/en\/registration-is-open-for-the-premarital-course-at-the-sanctuary-of-health-and-peace\/\" \/>\n<meta property=\"og:locale\" content=\"en_US\" \/>\n<meta property=\"og:type\" content=\"article\" \/>\n<meta property=\"og:title\" content=\"Abertas as inscri\u00e7\u00f5es para o Curso de Noivos no Santu\u00e1rio da Sa\u00fade e da Paz - Padre Eust\u00e1quio\" \/>\n<meta property=\"og:description\" content=\"Est\u00e3o abertas as inscri\u00e7\u00f5es para a catequese matrimonial, conhecida como \u201cCurso de Noivos\u201d, no Santu\u00e1rio da Sa\u00fade e da Paz, a Igreja do Padre Eust\u00e1quio. Os interessados devem procurar a secretaria paroquial para se inscrever. O prazo j\u00e1 come\u00e7ou e vai at\u00e9 o dia 16 de fevereiro de 2024. O encontro inicial acontecer\u00e1 no dia 24 de fevereiro, de 14h \u00e0s 20h. Esta \u00e9 uma realiza\u00e7\u00e3o da Pastoral Familiar da Par\u00f3quia dos Sagrados Cora\u00e7\u00f5es, em BH. Mais informa\u00e7\u00f5es no telefone (31) 3462-6557 ou presencialmente na secretaria paroquial da Igreja do Padre Eust\u00e1quio. O hor\u00e1rio de funcionamento \u00e9: \u00e0s segundas-feiras das [&hellip;]\" \/>\n<meta property=\"og:url\" content=\"https:\/\/www.padreeustaquio.com.br\/en\/registration-is-open-for-the-premarital-course-at-the-sanctuary-of-health-and-peace\/\" \/>\n<meta property=\"og:site_name\" content=\"Padre Eust\u00e1quio\" \/>\n<meta property=\"article:publisher\" content=\"https:\/\/www.facebook.com\/beatopadreeustaquio\/\" \/>\n<meta property=\"article:published_time\" content=\"2023-12-12T11:35:35+00:00\" \/>\n<meta property=\"og:image\" content=\"https:\/\/www.padreeustaquio.com.br\/wp-content\/uploads\/2023\/12\/catequese-matrimonial-curso-de-noivos.jpeg\" \/>\n\t<meta property=\"og:image:width\" content=\"1600\" \/>\n\t<meta property=\"og:image:height\" content=\"1081\" \/>\n\t<meta property=\"og:image:type\" content=\"image\/jpeg\" \/>\n<meta name=\"author\" content=\"@sscc\" \/>\n<meta name=\"twitter:card\" content=\"summary_large_image\" \/>\n<meta name=\"twitter:creator\" content=\"@beatopeustaquio\" \/>\n<meta name=\"twitter:site\" content=\"@beatopeustaquio\" \/>\n<meta name=\"twitter:label1\" content=\"Written by\" \/>\n\t<meta name=\"twitter:data1\" content=\"@sscc\" \/>\n\t<meta name=\"twitter:label2\" content=\"Est. reading time\" \/>\n\t<meta name=\"twitter:data2\" content=\"1 minute\" \/>\n<script type=\"application\/ld+json\" class=\"yoast-schema-graph\">{\"@context\":\"https:\/\/schema.org\",\"@graph\":[{\"@type\":\"Article\",\"@id\":\"https:\/\/www.padreeustaquio.com.br\/abertas-as-inscricoes-para-o-curso-de-noivos-no-santuario-da-saude-e-da-paz\/#article\",\"isPartOf\":{\"@id\":\"https:\/\/www.padreeustaquio.com.br\/abertas-as-inscricoes-para-o-curso-de-noivos-no-santuario-da-saude-e-da-paz\/\"},\"author\":{\"name\":\"@sscc\",\"@id\":\"https:\/\/www.padreeustaquio.com.br\/#\/schema\/person\/a2a51db1d00f1a7af0204a0f1ddb1566\"},\"headline\":\"Abertas as inscri\u00e7\u00f5es para o Curso de Noivos no Santu\u00e1rio da Sa\u00fade e da Paz\",\"datePublished\":\"2023-12-12T11:35:35+00:00\",\"mainEntityOfPage\":{\"@id\":\"https:\/\/www.padreeustaquio.com.br\/abertas-as-inscricoes-para-o-curso-de-noivos-no-santuario-da-saude-e-da-paz\/\"},\"wordCount\":149,\"commentCount\":0,\"publisher\":{\"@id\":\"https:\/\/www.padreeustaquio.com.br\/#organization\"},\"image\":{\"@id\":\"https:\/\/www.padreeustaquio.com.br\/abertas-as-inscricoes-para-o-curso-de-noivos-no-santuario-da-saude-e-da-paz\/#primaryimage\"},\"thumbnailUrl\":\"https:\/\/www.padreeustaquio.com.br\/wp-content\/uploads\/2023\/12\/catequese-matrimonial-curso-de-noivos.jpeg\",\"articleSection\":[\"Not\u00edcias\"],\"inLanguage\":\"en-US\",\"potentialAction\":[{\"@type\":\"CommentAction\",\"name\":\"Comment\",\"target\":[\"https:\/\/www.padreeustaquio.com.br\/abertas-as-inscricoes-para-o-curso-de-noivos-no-santuario-da-saude-e-da-paz\/#respond\"]}]},{\"@type\":\"WebPage\",\"@id\":\"https:\/\/www.padreeustaquio.com.br\/abertas-as-inscricoes-para-o-curso-de-noivos-no-santuario-da-saude-e-da-paz\/\",\"url\":\"https:\/\/www.padreeustaquio.com.br\/abertas-as-inscricoes-para-o-curso-de-noivos-no-santuario-da-saude-e-da-paz\/\",\"name\":\"Abertas as inscri\u00e7\u00f5es para o Curso de Noivos no Santu\u00e1rio da Sa\u00fade e da Paz - Padre Eust\u00e1quio\",\"isPartOf\":{\"@id\":\"https:\/\/www.padreeustaquio.com.br\/#website\"},\"primaryImageOfPage\":{\"@id\":\"https:\/\/www.padreeustaquio.com.br\/abertas-as-inscricoes-para-o-curso-de-noivos-no-santuario-da-saude-e-da-paz\/#primaryimage\"},\"image\":{\"@id\":\"https:\/\/www.padreeustaquio.com.br\/abertas-as-inscricoes-para-o-curso-de-noivos-no-santuario-da-saude-e-da-paz\/#primaryimage\"},\"thumbnailUrl\":\"https:\/\/www.padreeustaquio.com.br\/wp-content\/uploads\/2023\/12\/catequese-matrimonial-curso-de-noivos.jpeg\",\"datePublished\":\"2023-12-12T11:35:35+00:00\",\"breadcrumb\":{\"@id\":\"https:\/\/www.padreeustaquio.com.br\/abertas-as-inscricoes-para-o-curso-de-noivos-no-santuario-da-saude-e-da-paz\/#breadcrumb\"},\"inLanguage\":\"en-US\",\"potentialAction\":[{\"@type\":\"ReadAction\",\"target\":[\"https:\/\/www.padreeustaquio.com.br\/abertas-as-inscricoes-para-o-curso-de-noivos-no-santuario-da-saude-e-da-paz\/\"]}]},{\"@type\":\"ImageObject\",\"inLanguage\":\"en-US\",\"@id\":\"https:\/\/www.padreeustaquio.com.br\/abertas-as-inscricoes-para-o-curso-de-noivos-no-santuario-da-saude-e-da-paz\/#primaryimage\",\"url\":\"https:\/\/www.padreeustaquio.com.br\/wp-content\/uploads\/2023\/12\/catequese-matrimonial-curso-de-noivos.jpeg\",\"contentUrl\":\"https:\/\/www.padreeustaquio.com.br\/wp-content\/uploads\/2023\/12\/catequese-matrimonial-curso-de-noivos.jpeg\",\"width\":1600,\"height\":1081},{\"@type\":\"BreadcrumbList\",\"@id\":\"https:\/\/www.padreeustaquio.com.br\/abertas-as-inscricoes-para-o-curso-de-noivos-no-santuario-da-saude-e-da-paz\/#breadcrumb\",\"itemListElement\":[{\"@type\":\"ListItem\",\"position\":1,\"name\":\"In\u00edcio\",\"item\":\"https:\/\/www.padreeustaquio.com.br\/\"},{\"@type\":\"ListItem\",\"position\":2,\"name\":\"Abertas as inscri\u00e7\u00f5es para o Curso de Noivos no Santu\u00e1rio da Sa\u00fade e da Paz\"}]},{\"@type\":\"WebSite\",\"@id\":\"https:\/\/www.padreeustaquio.com.br\/#website\",\"url\":\"https:\/\/www.padreeustaquio.com.br\/\",\"name\":\"Padre Eust\u00e1quio\",\"description\":\"Sa\u00fade e Paz\",\"publisher\":{\"@id\":\"https:\/\/www.padreeustaquio.com.br\/#organization\"},\"potentialAction\":[{\"@type\":\"SearchAction\",\"target\":{\"@type\":\"EntryPoint\",\"urlTemplate\":\"https:\/\/www.padreeustaquio.com.br\/?s={search_term_string}\"},\"query-input\":{\"@type\":\"PropertyValueSpecification\",\"valueRequired\":true,\"valueName\":\"search_term_string\"}}],\"inLanguage\":\"en-US\"},{\"@type\":\"Organization\",\"@id\":\"https:\/\/www.padreeustaquio.com.br\/#organization\",\"name\":\"Padre Eust\u00e1quio\",\"url\":\"https:\/\/www.padreeustaquio.com.br\/\",\"logo\":{\"@type\":\"ImageObject\",\"inLanguage\":\"en-US\",\"@id\":\"https:\/\/www.padreeustaquio.com.br\/#\/schema\/logo\/image\/\",\"url\":\"https:\/\/www.padreeustaquio.com.br\/wp-content\/uploads\/2019\/08\/marca.png\",\"contentUrl\":\"https:\/\/www.padreeustaquio.com.br\/wp-content\/uploads\/2019\/08\/marca.png\",\"width\":350,\"height\":400,\"caption\":\"Padre Eust\u00e1quio\"},\"image\":{\"@id\":\"https:\/\/www.padreeustaquio.com.br\/#\/schema\/logo\/image\/\"},\"sameAs\":[\"https:\/\/www.facebook.com\/beatopadreeustaquio\/\",\"https:\/\/x.com\/beatopeustaquio\",\"https:\/\/www.instagram.com\/beatopadreeustaquio\/\",\"https:\/\/www.youtube.com\/channel\/UCRhw7vfabnajwLxb1ZXMeIw\"]},{\"@type\":\"Person\",\"@id\":\"https:\/\/www.padreeustaquio.com.br\/#\/schema\/person\/a2a51db1d00f1a7af0204a0f1ddb1566\",\"name\":\"@sscc\",\"image\":{\"@type\":\"ImageObject\",\"inLanguage\":\"en-US\",\"@id\":\"https:\/\/secure.gravatar.com\/avatar\/68cfafa5f44617fea54071e215026e0ff06be366c3d54a8425f04fdcb86f8c5f?s=96&d=mm&r=g\",\"url\":\"https:\/\/secure.gravatar.com\/avatar\/68cfafa5f44617fea54071e215026e0ff06be366c3d54a8425f04fdcb86f8c5f?s=96&d=mm&r=g\",\"contentUrl\":\"https:\/\/secure.gravatar.com\/avatar\/68cfafa5f44617fea54071e215026e0ff06be366c3d54a8425f04fdcb86f8c5f?s=96&d=mm&r=g\",\"caption\":\"@sscc\"},\"url\":\"https:\/\/www.padreeustaquio.com.br\/en\/author\/sscc\/\"}]}<\/script>\n<!-- \/ Yoast SEO plugin. -->","yoast_head_json":{"title":"Registration is open for the Pre-Marriage Course at the Sanctuary of Health and Peace - Father Eust\u00e1quio.","robots":{"index":"index","follow":"follow","max-snippet":"max-snippet:-1","max-image-preview":"max-image-preview:large","max-video-preview":"max-video-preview:-1"},"canonical":"https:\/\/www.padreeustaquio.com.br\/en\/registration-is-open-for-the-premarital-course-at-the-sanctuary-of-health-and-peace\/","og_locale":"en_US","og_type":"article","og_title":"Abertas as inscri\u00e7\u00f5es para o Curso de Noivos no Santu\u00e1rio da Sa\u00fade e da Paz - Padre Eust\u00e1quio","og_description":"Est\u00e3o abertas as inscri\u00e7\u00f5es para a catequese matrimonial, conhecida como \u201cCurso de Noivos\u201d, no Santu\u00e1rio da Sa\u00fade e da Paz, a Igreja do Padre Eust\u00e1quio. Os interessados devem procurar a secretaria paroquial para se inscrever. O prazo j\u00e1 come\u00e7ou e vai at\u00e9 o dia 16 de fevereiro de 2024. O encontro inicial acontecer\u00e1 no dia 24 de fevereiro, de 14h \u00e0s 20h. Esta \u00e9 uma realiza\u00e7\u00e3o da Pastoral Familiar da Par\u00f3quia dos Sagrados Cora\u00e7\u00f5es, em BH. Mais informa\u00e7\u00f5es no telefone (31) 3462-6557 ou presencialmente na secretaria paroquial da Igreja do Padre Eust\u00e1quio. O hor\u00e1rio de funcionamento \u00e9: \u00e0s segundas-feiras das [&hellip;]","og_url":"https:\/\/www.padreeustaquio.com.br\/en\/registration-is-open-for-the-premarital-course-at-the-sanctuary-of-health-and-peace\/","og_site_name":"Padre Eust\u00e1quio","article_publisher":"https:\/\/www.facebook.com\/beatopadreeustaquio\/","article_published_time":"2023-12-12T11:35:35+00:00","og_image":[{"width":1600,"height":1081,"url":"https:\/\/www.padreeustaquio.com.br\/wp-content\/uploads\/2023\/12\/catequese-matrimonial-curso-de-noivos.jpeg","type":"image\/jpeg"}],"author":"@sscc","twitter_card":"summary_large_image","twitter_creator":"@beatopeustaquio","twitter_site":"@beatopeustaquio","twitter_misc":{"Written by":"@sscc","Est. reading time":"1 minute"},"schema":{"@context":"https:\/\/schema.org","@graph":[{"@type":"Article","@id":"https:\/\/www.padreeustaquio.com.br\/abertas-as-inscricoes-para-o-curso-de-noivos-no-santuario-da-saude-e-da-paz\/#article","isPartOf":{"@id":"https:\/\/www.padreeustaquio.com.br\/abertas-as-inscricoes-para-o-curso-de-noivos-no-santuario-da-saude-e-da-paz\/"},"author":{"name":"@sscc","@id":"https:\/\/www.padreeustaquio.com.br\/#\/schema\/person\/a2a51db1d00f1a7af0204a0f1ddb1566"},"headline":"Abertas as inscri\u00e7\u00f5es para o Curso de Noivos no Santu\u00e1rio da Sa\u00fade e da Paz","datePublished":"2023-12-12T11:35:35+00:00","mainEntityOfPage":{"@id":"https:\/\/www.padreeustaquio.com.br\/abertas-as-inscricoes-para-o-curso-de-noivos-no-santuario-da-saude-e-da-paz\/"},"wordCount":149,"commentCount":0,"publisher":{"@id":"https:\/\/www.padreeustaquio.com.br\/#organization"},"image":{"@id":"https:\/\/www.padreeustaquio.com.br\/abertas-as-inscricoes-para-o-curso-de-noivos-no-santuario-da-saude-e-da-paz\/#primaryimage"},"thumbnailUrl":"https:\/\/www.padreeustaquio.com.br\/wp-content\/uploads\/2023\/12\/catequese-matrimonial-curso-de-noivos.jpeg","articleSection":["Not\u00edcias"],"inLanguage":"en-US","potentialAction":[{"@type":"CommentAction","name":"Comment","target":["https:\/\/www.padreeustaquio.com.br\/abertas-as-inscricoes-para-o-curso-de-noivos-no-santuario-da-saude-e-da-paz\/#respond"]}]},{"@type":"WebPage","@id":"https:\/\/www.padreeustaquio.com.br\/abertas-as-inscricoes-para-o-curso-de-noivos-no-santuario-da-saude-e-da-paz\/","url":"https:\/\/www.padreeustaquio.com.br\/abertas-as-inscricoes-para-o-curso-de-noivos-no-santuario-da-saude-e-da-paz\/","name":"Registration is open for the Pre-Marriage Course at the Sanctuary of Health and Peace - Father Eust\u00e1quio.","isPartOf":{"@id":"https:\/\/www.padreeustaquio.com.br\/#website"},"primaryImageOfPage":{"@id":"https:\/\/www.padreeustaquio.com.br\/abertas-as-inscricoes-para-o-curso-de-noivos-no-santuario-da-saude-e-da-paz\/#primaryimage"},"image":{"@id":"https:\/\/www.padreeustaquio.com.br\/abertas-as-inscricoes-para-o-curso-de-noivos-no-santuario-da-saude-e-da-paz\/#primaryimage"},"thumbnailUrl":"https:\/\/www.padreeustaquio.com.br\/wp-content\/uploads\/2023\/12\/catequese-matrimonial-curso-de-noivos.jpeg","datePublished":"2023-12-12T11:35:35+00:00","breadcrumb":{"@id":"https:\/\/www.padreeustaquio.com.br\/abertas-as-inscricoes-para-o-curso-de-noivos-no-santuario-da-saude-e-da-paz\/#breadcrumb"},"inLanguage":"en-US","potentialAction":[{"@type":"ReadAction","target":["https:\/\/www.padreeustaquio.com.br\/abertas-as-inscricoes-para-o-curso-de-noivos-no-santuario-da-saude-e-da-paz\/"]}]},{"@type":"ImageObject","inLanguage":"en-US","@id":"https:\/\/www.padreeustaquio.com.br\/abertas-as-inscricoes-para-o-curso-de-noivos-no-santuario-da-saude-e-da-paz\/#primaryimage","url":"https:\/\/www.padreeustaquio.com.br\/wp-content\/uploads\/2023\/12\/catequese-matrimonial-curso-de-noivos.jpeg","contentUrl":"https:\/\/www.padreeustaquio.com.br\/wp-content\/uploads\/2023\/12\/catequese-matrimonial-curso-de-noivos.jpeg","width":1600,"height":1081},{"@type":"BreadcrumbList","@id":"https:\/\/www.padreeustaquio.com.br\/abertas-as-inscricoes-para-o-curso-de-noivos-no-santuario-da-saude-e-da-paz\/#breadcrumb","itemListElement":[{"@type":"ListItem","position":1,"name":"In\u00edcio","item":"https:\/\/www.padreeustaquio.com.br\/"},{"@type":"ListItem","position":2,"name":"Abertas as inscri\u00e7\u00f5es para o Curso de Noivos no Santu\u00e1rio da Sa\u00fade e da Paz"}]},{"@type":"WebSite","@id":"https:\/\/www.padreeustaquio.com.br\/#website","url":"https:\/\/www.padreeustaquio.com.br\/","name":"FATHER EUST\u00c1QUIO","description":"Health and Peace","publisher":{"@id":"https:\/\/www.padreeustaquio.com.br\/#organization"},"potentialAction":[{"@type":"SearchAction","target":{"@type":"EntryPoint","urlTemplate":"https:\/\/www.padreeustaquio.com.br\/?s={search_term_string}"},"query-input":{"@type":"PropertyValueSpecification","valueRequired":true,"valueName":"search_term_string"}}],"inLanguage":"en-US"},{"@type":"Organization","@id":"https:\/\/www.padreeustaquio.com.br\/#organization","name":"FATHER EUST\u00c1QUIO","url":"https:\/\/www.padreeustaquio.com.br\/","logo":{"@type":"ImageObject","inLanguage":"en-US","@id":"https:\/\/www.padreeustaquio.com.br\/#\/schema\/logo\/image\/","url":"https:\/\/www.padreeustaquio.com.br\/wp-content\/uploads\/2019\/08\/marca.png","contentUrl":"https:\/\/www.padreeustaquio.com.br\/wp-content\/uploads\/2019\/08\/marca.png","width":350,"height":400,"caption":"Padre Eust\u00e1quio"},"image":{"@id":"https:\/\/www.padreeustaquio.com.br\/#\/schema\/logo\/image\/"},"sameAs":["https:\/\/www.facebook.com\/beatopadreeustaquio\/","https:\/\/x.com\/beatopeustaquio","https:\/\/www.instagram.com\/beatopadreeustaquio\/","https:\/\/www.youtube.com\/channel\/UCRhw7vfabnajwLxb1ZXMeIw"]},{"@type":"Person","@id":"https:\/\/www.padreeustaquio.com.br\/#\/schema\/person\/a2a51db1d00f1a7af0204a0f1ddb1566","name":"@sscc","image":{"@type":"ImageObject","inLanguage":"en-US","@id":"https:\/\/secure.gravatar.com\/avatar\/68cfafa5f44617fea54071e215026e0ff06be366c3d54a8425f04fdcb86f8c5f?s=96&d=mm&r=g","url":"https:\/\/secure.gravatar.com\/avatar\/68cfafa5f44617fea54071e215026e0ff06be366c3d54a8425f04fdcb86f8c5f?s=96&d=mm&r=g","contentUrl":"https:\/\/secure.gravatar.com\/avatar\/68cfafa5f44617fea54071e215026e0ff06be366c3d54a8425f04fdcb86f8c5f?s=96&d=mm&r=g","caption":"@sscc"},"url":"https:\/\/www.padreeustaquio.com.br\/en\/author\/sscc\/"}]}},"_links":{"self":[{"href":"https:\/\/www.padreeustaquio.com.br\/en\/wp-json\/wp\/v2\/posts\/11047","targetHints":{"allow":["GET"]}}],"collection":[{"href":"https:\/\/www.padreeustaquio.com.br\/en\/wp-json\/wp\/v2\/posts"}],"about":[{"href":"https:\/\/www.padreeustaquio.com.br\/en\/wp-json\/wp\/v2\/types\/post"}],"author":[{"embeddable":true,"href":"https:\/\/www.padreeustaquio.com.br\/en\/wp-json\/wp\/v2\/users\/2"}],"replies":[{"embeddable":true,"href":"https:\/\/www.padreeustaquio.com.br\/en\/wp-json\/wp\/v2\/comments?post=11047"}],"version-history":[{"count":0,"href":"https:\/\/www.padreeustaquio.com.br\/en\/wp-json\/wp\/v2\/posts\/11047\/revisions"}],"wp:featuredmedia":[{"embeddable":true,"href":"https:\/\/www.padreeustaquio.com.br\/en\/wp-json\/wp\/v2\/media\/11048"}],"wp:attachment":[{"href":"https:\/\/www.padreeustaquio.com.br\/en\/wp-json\/wp\/v2\/media?parent=11047"}],"wp:term":[{"taxonomy":"category","embeddable":true,"href":"https:\/\/www.padreeustaquio.com.br\/en\/wp-json\/wp\/v2\/categories?post=11047"},{"taxonomy":"post_tag","embeddable":true,"href":"https:\/\/www.padreeustaquio.com.br\/en\/wp-json\/wp\/v2\/tags?post=11047"}],"curies":[{"name":"wp","href":"https:\/\/api.w.org\/{rel}","templated":true}]}}