{"id":11038,"date":"2023-12-05T07:11:05","date_gmt":"2023-12-05T10:11:05","guid":{"rendered":"https:\/\/www.padreeustaquio.com.br\/?p=11038"},"modified":"2023-12-05T07:33:13","modified_gmt":"2023-12-05T10:33:13","slug":"father-rafael-azanza-ss-cc-dies-at-age-95-in-belo-horizonte-mg","status":"publish","type":"post","link":"https:\/\/www.padreeustaquio.com.br\/en\/father-rafael-azanza-ss-cc-dies-at-age-95-in-belo-horizonte-mg\/","title":{"rendered":"Father Rafael Azanza, ss.cc., dies at age 95 in Belo Horizonte, Minas Gerais."},"content":{"rendered":"<p>After spending about 15 days hospitalized at Hospital Madre Teresa, in Belo Horizonte-MG, the Spanish priest Rafael Azanza Pellejero, died this morning. With his health weakened, he had been facing complications after contracting severe pneumonia and, this Tuesday (05), he ended up not resisting.<\/p>\n<p>Father Rafael turned 95 in October and even participated in the Diaconal Ordination of Brother Vanildo Lima Sena, ss.cc., on November 11th, but after that his health deteriorated until he was hospitalized. Brothers and friends, especially from the capital city of Rio de Janeiro where he spent a good part of his life, mourned the passing of the Spanish priest who had lived in Brazil for 69 years.<\/p>\n<p>The wake will be held at the Sanctuary of Health and Peace, Church of Blessed Father Eust\u00e1quio, starting at 10:00 AM and will be broadcast live on the Padre Eust\u00e1quio Channel, as will the funeral mass scheduled for 1:30 PM. <a href=\"https:\/\/youtube.com\/live\/rtV8gUK_x00?feature=share\">Follow along here.<\/a> The priest&#039;s burial, which is also expected to take place in the capital of Minas Gerais, will be at 3 pm in the Bonfim cemetery.<\/p>\n<p>Rafael Azanza Pellejero was born on October 24, 1928, in the city of Olite, province of Navarre, Spain. Baptized on the same day as his birth, Rafael entered the Congregation of the Sacred Hearts a month before his 12th birthday. He professed temporary vows in 1948 and perpetual vows three years later. Ordained a priest on September 13, 1953, he came on a mission to Brazil the following year, on October 26, 1954.<\/p>\n<p>In Brazil, he served in several parishes of the Congregation, such as Tijuca and Campo Grande in Rio de Janeiro; S\u00e3o Paulo (capital); Londrina and S\u00e3o Jos\u00e9 dos Pinhais in Paran\u00e1. He was a vicar and parish priest, in addition to holding the positions of prior, bursar, teacher, and even provincial vicar from 1971 to 1983.<\/p>\n<p>For the past three years he lived in the Padre Eust\u00e1quio Community in Belo Horizonte, Minas Gerais, where he celebrated 75 years of religious life and 70 years of priesthood, and on October 24th he presided over the Holy Mass of Thanksgiving for his 95th birthday.<\/p>","protected":false},"excerpt":{"rendered":"<p>Depois de passar cerca 15 dias internado no Hospital Madre Teresa, em Belo Horizonte-MG, o padre espanhol Rafael Azanza Pellejero, morreu nessa madrugada. Com a sa\u00fade debilitada, ele vinha enfrentando complica\u00e7\u00f5es depois de contrair uma pneumonia grave e, nessa ter\u00e7a-feira (05) acabou n\u00e3o resistindo. Pe. Rafael completou 95 anos em outubro e chegou a participar da Ordena\u00e7\u00e3o Diaconal do Ir. Vanildo Lima Sena, ss.cc., no dia 11 de novembro, mas depois disso veio apresentando piora no quadro de sa\u00fade at\u00e9 ser internado. Irm\u00e3os e amigos, especialmente da capital carioca local onde passou boa parte da sua vida, lamentaram a partida [&hellip;]<\/p>\n","protected":false},"author":2,"featured_media":11039,"comment_status":"open","ping_status":"closed","sticky":false,"template":"","format":"standard","meta":{"_acf_changed":false,"footnotes":""},"categories":[611],"tags":[],"class_list":["post-11038","post","type-post","status-publish","format-standard","has-post-thumbnail","hentry","category-noticias"],"acf":[],"yoast_head":"<!-- This site is optimized with the Yoast SEO plugin v27.2 - https:\/\/yoast.com\/product\/yoast-seo-wordpress\/ -->\n<title>Aos 95 anos, morre padre Rafael Azanza, ss.cc., em Belo Horizonte-MG<\/title>\n<meta name=\"description\" content=\"Depois de passar cerca de um m\u00eas internado no Hospital Madre Teresa, em Belo Horizonte-MG, o padre espanhol Rafael Azanza Pellejero, morreu nessa madrugada. Com a sa\u00fade debilitada, ele vinha enfrentando complica\u00e7\u00f5es depois de contrair uma pneumonia grave e, nessa ter\u00e7a-feira (05) acabou n\u00e3o resistindo.\" \/>\n<meta name=\"robots\" content=\"index, follow, max-snippet:-1, max-image-preview:large, max-video-preview:-1\" \/>\n<link rel=\"canonical\" href=\"https:\/\/www.padreeustaquio.com.br\/en\/father-rafael-azanza-ss-cc-dies-at-age-95-in-belo-horizonte-mg\/\" \/>\n<meta property=\"og:locale\" content=\"en_US\" \/>\n<meta property=\"og:type\" content=\"article\" \/>\n<meta property=\"og:title\" content=\"Aos 95 anos, morre padre Rafael Azanza, ss.cc., em Belo Horizonte-MG\" \/>\n<meta property=\"og:description\" content=\"Depois de passar cerca de um m\u00eas internado no Hospital Madre Teresa, em Belo Horizonte-MG, o padre espanhol Rafael Azanza Pellejero, morreu nessa madrugada. Com a sa\u00fade debilitada, ele vinha enfrentando complica\u00e7\u00f5es depois de contrair uma pneumonia grave e, nessa ter\u00e7a-feira (05) acabou n\u00e3o resistindo.\" \/>\n<meta property=\"og:url\" content=\"https:\/\/www.padreeustaquio.com.br\/en\/father-rafael-azanza-ss-cc-dies-at-age-95-in-belo-horizonte-mg\/\" \/>\n<meta property=\"og:site_name\" content=\"Padre Eust\u00e1quio\" \/>\n<meta property=\"article:publisher\" content=\"https:\/\/www.facebook.com\/beatopadreeustaquio\/\" \/>\n<meta property=\"article:published_time\" content=\"2023-12-05T10:11:05+00:00\" \/>\n<meta property=\"article:modified_time\" content=\"2023-12-05T10:33:13+00:00\" \/>\n<meta property=\"og:image\" content=\"https:\/\/www.padreeustaquio.com.br\/wp-content\/uploads\/2023\/12\/PADRE-RAFAEL-AZANZA.jpg\" \/>\n\t<meta property=\"og:image:width\" content=\"748\" \/>\n\t<meta property=\"og:image:height\" content=\"394\" \/>\n\t<meta property=\"og:image:type\" content=\"image\/jpeg\" \/>\n<meta name=\"author\" content=\"@sscc\" \/>\n<meta name=\"twitter:card\" content=\"summary_large_image\" \/>\n<meta name=\"twitter:creator\" content=\"@beatopeustaquio\" \/>\n<meta name=\"twitter:site\" content=\"@beatopeustaquio\" \/>\n<meta name=\"twitter:label1\" content=\"Written by\" \/>\n\t<meta name=\"twitter:data1\" content=\"@sscc\" \/>\n\t<meta name=\"twitter:label2\" content=\"Est. reading time\" \/>\n\t<meta name=\"twitter:data2\" content=\"2 minutes\" \/>\n<script type=\"application\/ld+json\" class=\"yoast-schema-graph\">{\"@context\":\"https:\/\/schema.org\",\"@graph\":[{\"@type\":\"Article\",\"@id\":\"https:\/\/www.padreeustaquio.com.br\/aos-95-anos-morre-padre-rafael-azanza-ss-cc-em-belo-horizonte-mg\/#article\",\"isPartOf\":{\"@id\":\"https:\/\/www.padreeustaquio.com.br\/aos-95-anos-morre-padre-rafael-azanza-ss-cc-em-belo-horizonte-mg\/\"},\"author\":{\"name\":\"@sscc\",\"@id\":\"https:\/\/www.padreeustaquio.com.br\/#\/schema\/person\/a2a51db1d00f1a7af0204a0f1ddb1566\"},\"headline\":\"Aos 95 anos, morre padre Rafael Azanza, ss.cc., em Belo Horizonte-MG\",\"datePublished\":\"2023-12-05T10:11:05+00:00\",\"dateModified\":\"2023-12-05T10:33:13+00:00\",\"mainEntityOfPage\":{\"@id\":\"https:\/\/www.padreeustaquio.com.br\/aos-95-anos-morre-padre-rafael-azanza-ss-cc-em-belo-horizonte-mg\/\"},\"wordCount\":372,\"commentCount\":0,\"publisher\":{\"@id\":\"https:\/\/www.padreeustaquio.com.br\/#organization\"},\"image\":{\"@id\":\"https:\/\/www.padreeustaquio.com.br\/aos-95-anos-morre-padre-rafael-azanza-ss-cc-em-belo-horizonte-mg\/#primaryimage\"},\"thumbnailUrl\":\"https:\/\/www.padreeustaquio.com.br\/wp-content\/uploads\/2023\/12\/PADRE-RAFAEL-AZANZA.jpg\",\"articleSection\":[\"Not\u00edcias\"],\"inLanguage\":\"en-US\",\"potentialAction\":[{\"@type\":\"CommentAction\",\"name\":\"Comment\",\"target\":[\"https:\/\/www.padreeustaquio.com.br\/aos-95-anos-morre-padre-rafael-azanza-ss-cc-em-belo-horizonte-mg\/#respond\"]}]},{\"@type\":\"WebPage\",\"@id\":\"https:\/\/www.padreeustaquio.com.br\/aos-95-anos-morre-padre-rafael-azanza-ss-cc-em-belo-horizonte-mg\/\",\"url\":\"https:\/\/www.padreeustaquio.com.br\/aos-95-anos-morre-padre-rafael-azanza-ss-cc-em-belo-horizonte-mg\/\",\"name\":\"Aos 95 anos, morre padre Rafael Azanza, ss.cc., em Belo Horizonte-MG\",\"isPartOf\":{\"@id\":\"https:\/\/www.padreeustaquio.com.br\/#website\"},\"primaryImageOfPage\":{\"@id\":\"https:\/\/www.padreeustaquio.com.br\/aos-95-anos-morre-padre-rafael-azanza-ss-cc-em-belo-horizonte-mg\/#primaryimage\"},\"image\":{\"@id\":\"https:\/\/www.padreeustaquio.com.br\/aos-95-anos-morre-padre-rafael-azanza-ss-cc-em-belo-horizonte-mg\/#primaryimage\"},\"thumbnailUrl\":\"https:\/\/www.padreeustaquio.com.br\/wp-content\/uploads\/2023\/12\/PADRE-RAFAEL-AZANZA.jpg\",\"datePublished\":\"2023-12-05T10:11:05+00:00\",\"dateModified\":\"2023-12-05T10:33:13+00:00\",\"description\":\"Depois de passar cerca de um m\u00eas internado no Hospital Madre Teresa, em Belo Horizonte-MG, o padre espanhol Rafael Azanza Pellejero, morreu nessa madrugada. Com a sa\u00fade debilitada, ele vinha enfrentando complica\u00e7\u00f5es depois de contrair uma pneumonia grave e, nessa ter\u00e7a-feira (05) acabou n\u00e3o resistindo.\",\"breadcrumb\":{\"@id\":\"https:\/\/www.padreeustaquio.com.br\/aos-95-anos-morre-padre-rafael-azanza-ss-cc-em-belo-horizonte-mg\/#breadcrumb\"},\"inLanguage\":\"en-US\",\"potentialAction\":[{\"@type\":\"ReadAction\",\"target\":[\"https:\/\/www.padreeustaquio.com.br\/aos-95-anos-morre-padre-rafael-azanza-ss-cc-em-belo-horizonte-mg\/\"]}]},{\"@type\":\"ImageObject\",\"inLanguage\":\"en-US\",\"@id\":\"https:\/\/www.padreeustaquio.com.br\/aos-95-anos-morre-padre-rafael-azanza-ss-cc-em-belo-horizonte-mg\/#primaryimage\",\"url\":\"https:\/\/www.padreeustaquio.com.br\/wp-content\/uploads\/2023\/12\/PADRE-RAFAEL-AZANZA.jpg\",\"contentUrl\":\"https:\/\/www.padreeustaquio.com.br\/wp-content\/uploads\/2023\/12\/PADRE-RAFAEL-AZANZA.jpg\",\"width\":748,\"height\":394},{\"@type\":\"BreadcrumbList\",\"@id\":\"https:\/\/www.padreeustaquio.com.br\/aos-95-anos-morre-padre-rafael-azanza-ss-cc-em-belo-horizonte-mg\/#breadcrumb\",\"itemListElement\":[{\"@type\":\"ListItem\",\"position\":1,\"name\":\"In\u00edcio\",\"item\":\"https:\/\/www.padreeustaquio.com.br\/\"},{\"@type\":\"ListItem\",\"position\":2,\"name\":\"Aos 95 anos, morre padre Rafael Azanza, ss.cc., em Belo Horizonte-MG\"}]},{\"@type\":\"WebSite\",\"@id\":\"https:\/\/www.padreeustaquio.com.br\/#website\",\"url\":\"https:\/\/www.padreeustaquio.com.br\/\",\"name\":\"Padre Eust\u00e1quio\",\"description\":\"Sa\u00fade e Paz\",\"publisher\":{\"@id\":\"https:\/\/www.padreeustaquio.com.br\/#organization\"},\"potentialAction\":[{\"@type\":\"SearchAction\",\"target\":{\"@type\":\"EntryPoint\",\"urlTemplate\":\"https:\/\/www.padreeustaquio.com.br\/?s={search_term_string}\"},\"query-input\":{\"@type\":\"PropertyValueSpecification\",\"valueRequired\":true,\"valueName\":\"search_term_string\"}}],\"inLanguage\":\"en-US\"},{\"@type\":\"Organization\",\"@id\":\"https:\/\/www.padreeustaquio.com.br\/#organization\",\"name\":\"Padre Eust\u00e1quio\",\"url\":\"https:\/\/www.padreeustaquio.com.br\/\",\"logo\":{\"@type\":\"ImageObject\",\"inLanguage\":\"en-US\",\"@id\":\"https:\/\/www.padreeustaquio.com.br\/#\/schema\/logo\/image\/\",\"url\":\"https:\/\/www.padreeustaquio.com.br\/wp-content\/uploads\/2019\/08\/marca.png\",\"contentUrl\":\"https:\/\/www.padreeustaquio.com.br\/wp-content\/uploads\/2019\/08\/marca.png\",\"width\":350,\"height\":400,\"caption\":\"Padre Eust\u00e1quio\"},\"image\":{\"@id\":\"https:\/\/www.padreeustaquio.com.br\/#\/schema\/logo\/image\/\"},\"sameAs\":[\"https:\/\/www.facebook.com\/beatopadreeustaquio\/\",\"https:\/\/x.com\/beatopeustaquio\",\"https:\/\/www.instagram.com\/beatopadreeustaquio\/\",\"https:\/\/www.youtube.com\/channel\/UCRhw7vfabnajwLxb1ZXMeIw\"]},{\"@type\":\"Person\",\"@id\":\"https:\/\/www.padreeustaquio.com.br\/#\/schema\/person\/a2a51db1d00f1a7af0204a0f1ddb1566\",\"name\":\"@sscc\",\"image\":{\"@type\":\"ImageObject\",\"inLanguage\":\"en-US\",\"@id\":\"https:\/\/secure.gravatar.com\/avatar\/68cfafa5f44617fea54071e215026e0ff06be366c3d54a8425f04fdcb86f8c5f?s=96&d=mm&r=g\",\"url\":\"https:\/\/secure.gravatar.com\/avatar\/68cfafa5f44617fea54071e215026e0ff06be366c3d54a8425f04fdcb86f8c5f?s=96&d=mm&r=g\",\"contentUrl\":\"https:\/\/secure.gravatar.com\/avatar\/68cfafa5f44617fea54071e215026e0ff06be366c3d54a8425f04fdcb86f8c5f?s=96&d=mm&r=g\",\"caption\":\"@sscc\"},\"url\":\"https:\/\/www.padreeustaquio.com.br\/en\/author\/sscc\/\"}]}<\/script>\n<!-- \/ Yoast SEO plugin. -->","yoast_head_json":{"title":"Father Rafael Azanza, ss.cc., dies at age 95 in Belo Horizonte, Minas Gerais.","description":"After spending about a month hospitalized at Hospital Madre Teresa, in Belo Horizonte-MG, the Spanish priest Rafael Azanza Pellejero, died this morning. With his health weakened, he had been facing complications after contracting severe pneumonia and, this Tuesday (05), he ended up not resisting.","robots":{"index":"index","follow":"follow","max-snippet":"max-snippet:-1","max-image-preview":"max-image-preview:large","max-video-preview":"max-video-preview:-1"},"canonical":"https:\/\/www.padreeustaquio.com.br\/en\/father-rafael-azanza-ss-cc-dies-at-age-95-in-belo-horizonte-mg\/","og_locale":"en_US","og_type":"article","og_title":"Aos 95 anos, morre padre Rafael Azanza, ss.cc., em Belo Horizonte-MG","og_description":"Depois de passar cerca de um m\u00eas internado no Hospital Madre Teresa, em Belo Horizonte-MG, o padre espanhol Rafael Azanza Pellejero, morreu nessa madrugada. Com a sa\u00fade debilitada, ele vinha enfrentando complica\u00e7\u00f5es depois de contrair uma pneumonia grave e, nessa ter\u00e7a-feira (05) acabou n\u00e3o resistindo.","og_url":"https:\/\/www.padreeustaquio.com.br\/en\/father-rafael-azanza-ss-cc-dies-at-age-95-in-belo-horizonte-mg\/","og_site_name":"Padre Eust\u00e1quio","article_publisher":"https:\/\/www.facebook.com\/beatopadreeustaquio\/","article_published_time":"2023-12-05T10:11:05+00:00","article_modified_time":"2023-12-05T10:33:13+00:00","og_image":[{"width":748,"height":394,"url":"https:\/\/www.padreeustaquio.com.br\/wp-content\/uploads\/2023\/12\/PADRE-RAFAEL-AZANZA.jpg","type":"image\/jpeg"}],"author":"@sscc","twitter_card":"summary_large_image","twitter_creator":"@beatopeustaquio","twitter_site":"@beatopeustaquio","twitter_misc":{"Written by":"@sscc","Est. reading time":"2 minutes"},"schema":{"@context":"https:\/\/schema.org","@graph":[{"@type":"Article","@id":"https:\/\/www.padreeustaquio.com.br\/aos-95-anos-morre-padre-rafael-azanza-ss-cc-em-belo-horizonte-mg\/#article","isPartOf":{"@id":"https:\/\/www.padreeustaquio.com.br\/aos-95-anos-morre-padre-rafael-azanza-ss-cc-em-belo-horizonte-mg\/"},"author":{"name":"@sscc","@id":"https:\/\/www.padreeustaquio.com.br\/#\/schema\/person\/a2a51db1d00f1a7af0204a0f1ddb1566"},"headline":"Aos 95 anos, morre padre Rafael Azanza, ss.cc., em Belo Horizonte-MG","datePublished":"2023-12-05T10:11:05+00:00","dateModified":"2023-12-05T10:33:13+00:00","mainEntityOfPage":{"@id":"https:\/\/www.padreeustaquio.com.br\/aos-95-anos-morre-padre-rafael-azanza-ss-cc-em-belo-horizonte-mg\/"},"wordCount":372,"commentCount":0,"publisher":{"@id":"https:\/\/www.padreeustaquio.com.br\/#organization"},"image":{"@id":"https:\/\/www.padreeustaquio.com.br\/aos-95-anos-morre-padre-rafael-azanza-ss-cc-em-belo-horizonte-mg\/#primaryimage"},"thumbnailUrl":"https:\/\/www.padreeustaquio.com.br\/wp-content\/uploads\/2023\/12\/PADRE-RAFAEL-AZANZA.jpg","articleSection":["Not\u00edcias"],"inLanguage":"en-US","potentialAction":[{"@type":"CommentAction","name":"Comment","target":["https:\/\/www.padreeustaquio.com.br\/aos-95-anos-morre-padre-rafael-azanza-ss-cc-em-belo-horizonte-mg\/#respond"]}]},{"@type":"WebPage","@id":"https:\/\/www.padreeustaquio.com.br\/aos-95-anos-morre-padre-rafael-azanza-ss-cc-em-belo-horizonte-mg\/","url":"https:\/\/www.padreeustaquio.com.br\/aos-95-anos-morre-padre-rafael-azanza-ss-cc-em-belo-horizonte-mg\/","name":"Father Rafael Azanza, ss.cc., dies at age 95 in Belo Horizonte, Minas Gerais.","isPartOf":{"@id":"https:\/\/www.padreeustaquio.com.br\/#website"},"primaryImageOfPage":{"@id":"https:\/\/www.padreeustaquio.com.br\/aos-95-anos-morre-padre-rafael-azanza-ss-cc-em-belo-horizonte-mg\/#primaryimage"},"image":{"@id":"https:\/\/www.padreeustaquio.com.br\/aos-95-anos-morre-padre-rafael-azanza-ss-cc-em-belo-horizonte-mg\/#primaryimage"},"thumbnailUrl":"https:\/\/www.padreeustaquio.com.br\/wp-content\/uploads\/2023\/12\/PADRE-RAFAEL-AZANZA.jpg","datePublished":"2023-12-05T10:11:05+00:00","dateModified":"2023-12-05T10:33:13+00:00","description":"After spending about a month hospitalized at Hospital Madre Teresa, in Belo Horizonte-MG, the Spanish priest Rafael Azanza Pellejero, died this morning. With his health weakened, he had been facing complications after contracting severe pneumonia and, this Tuesday (05), he ended up not resisting.","breadcrumb":{"@id":"https:\/\/www.padreeustaquio.com.br\/aos-95-anos-morre-padre-rafael-azanza-ss-cc-em-belo-horizonte-mg\/#breadcrumb"},"inLanguage":"en-US","potentialAction":[{"@type":"ReadAction","target":["https:\/\/www.padreeustaquio.com.br\/aos-95-anos-morre-padre-rafael-azanza-ss-cc-em-belo-horizonte-mg\/"]}]},{"@type":"ImageObject","inLanguage":"en-US","@id":"https:\/\/www.padreeustaquio.com.br\/aos-95-anos-morre-padre-rafael-azanza-ss-cc-em-belo-horizonte-mg\/#primaryimage","url":"https:\/\/www.padreeustaquio.com.br\/wp-content\/uploads\/2023\/12\/PADRE-RAFAEL-AZANZA.jpg","contentUrl":"https:\/\/www.padreeustaquio.com.br\/wp-content\/uploads\/2023\/12\/PADRE-RAFAEL-AZANZA.jpg","width":748,"height":394},{"@type":"BreadcrumbList","@id":"https:\/\/www.padreeustaquio.com.br\/aos-95-anos-morre-padre-rafael-azanza-ss-cc-em-belo-horizonte-mg\/#breadcrumb","itemListElement":[{"@type":"ListItem","position":1,"name":"In\u00edcio","item":"https:\/\/www.padreeustaquio.com.br\/"},{"@type":"ListItem","position":2,"name":"Aos 95 anos, morre padre Rafael Azanza, ss.cc., em Belo Horizonte-MG"}]},{"@type":"WebSite","@id":"https:\/\/www.padreeustaquio.com.br\/#website","url":"https:\/\/www.padreeustaquio.com.br\/","name":"FATHER EUST\u00c1QUIO","description":"Health and Peace","publisher":{"@id":"https:\/\/www.padreeustaquio.com.br\/#organization"},"potentialAction":[{"@type":"SearchAction","target":{"@type":"EntryPoint","urlTemplate":"https:\/\/www.padreeustaquio.com.br\/?s={search_term_string}"},"query-input":{"@type":"PropertyValueSpecification","valueRequired":true,"valueName":"search_term_string"}}],"inLanguage":"en-US"},{"@type":"Organization","@id":"https:\/\/www.padreeustaquio.com.br\/#organization","name":"FATHER EUST\u00c1QUIO","url":"https:\/\/www.padreeustaquio.com.br\/","logo":{"@type":"ImageObject","inLanguage":"en-US","@id":"https:\/\/www.padreeustaquio.com.br\/#\/schema\/logo\/image\/","url":"https:\/\/www.padreeustaquio.com.br\/wp-content\/uploads\/2019\/08\/marca.png","contentUrl":"https:\/\/www.padreeustaquio.com.br\/wp-content\/uploads\/2019\/08\/marca.png","width":350,"height":400,"caption":"Padre Eust\u00e1quio"},"image":{"@id":"https:\/\/www.padreeustaquio.com.br\/#\/schema\/logo\/image\/"},"sameAs":["https:\/\/www.facebook.com\/beatopadreeustaquio\/","https:\/\/x.com\/beatopeustaquio","https:\/\/www.instagram.com\/beatopadreeustaquio\/","https:\/\/www.youtube.com\/channel\/UCRhw7vfabnajwLxb1ZXMeIw"]},{"@type":"Person","@id":"https:\/\/www.padreeustaquio.com.br\/#\/schema\/person\/a2a51db1d00f1a7af0204a0f1ddb1566","name":"@sscc","image":{"@type":"ImageObject","inLanguage":"en-US","@id":"https:\/\/secure.gravatar.com\/avatar\/68cfafa5f44617fea54071e215026e0ff06be366c3d54a8425f04fdcb86f8c5f?s=96&d=mm&r=g","url":"https:\/\/secure.gravatar.com\/avatar\/68cfafa5f44617fea54071e215026e0ff06be366c3d54a8425f04fdcb86f8c5f?s=96&d=mm&r=g","contentUrl":"https:\/\/secure.gravatar.com\/avatar\/68cfafa5f44617fea54071e215026e0ff06be366c3d54a8425f04fdcb86f8c5f?s=96&d=mm&r=g","caption":"@sscc"},"url":"https:\/\/www.padreeustaquio.com.br\/en\/author\/sscc\/"}]}},"_links":{"self":[{"href":"https:\/\/www.padreeustaquio.com.br\/en\/wp-json\/wp\/v2\/posts\/11038","targetHints":{"allow":["GET"]}}],"collection":[{"href":"https:\/\/www.padreeustaquio.com.br\/en\/wp-json\/wp\/v2\/posts"}],"about":[{"href":"https:\/\/www.padreeustaquio.com.br\/en\/wp-json\/wp\/v2\/types\/post"}],"author":[{"embeddable":true,"href":"https:\/\/www.padreeustaquio.com.br\/en\/wp-json\/wp\/v2\/users\/2"}],"replies":[{"embeddable":true,"href":"https:\/\/www.padreeustaquio.com.br\/en\/wp-json\/wp\/v2\/comments?post=11038"}],"version-history":[{"count":0,"href":"https:\/\/www.padreeustaquio.com.br\/en\/wp-json\/wp\/v2\/posts\/11038\/revisions"}],"wp:featuredmedia":[{"embeddable":true,"href":"https:\/\/www.padreeustaquio.com.br\/en\/wp-json\/wp\/v2\/media\/11039"}],"wp:attachment":[{"href":"https:\/\/www.padreeustaquio.com.br\/en\/wp-json\/wp\/v2\/media?parent=11038"}],"wp:term":[{"taxonomy":"category","embeddable":true,"href":"https:\/\/www.padreeustaquio.com.br\/en\/wp-json\/wp\/v2\/categories?post=11038"},{"taxonomy":"post_tag","embeddable":true,"href":"https:\/\/www.padreeustaquio.com.br\/en\/wp-json\/wp\/v2\/tags?post=11038"}],"curies":[{"name":"wp","href":"https:\/\/api.w.org\/{rel}","templated":true}]}}