{"id":11021,"date":"2023-11-23T07:45:16","date_gmt":"2023-11-23T10:45:16","guid":{"rendered":"https:\/\/www.padreeustaquio.com.br\/?p=11021"},"modified":"2023-11-26T12:10:57","modified_gmt":"2023-11-26T15:10:57","slug":"father-osvanio-is-re-elected-provincial-superior-during-an-assembly-in-pindamonhangaba-sp","status":"publish","type":"post","link":"https:\/\/www.padreeustaquio.com.br\/en\/father-osvanio-is-re-elected-provincial-superior-during-an-assembly-in-pindamonhangaba-sp\/","title":{"rendered":"Father Osv\u00e2nio is re-elected Provincial Superior during the XII Chapter in Pindamonhangaba-SP."},"content":{"rendered":"<p>By a majority vote among the brothers entitled to participate in the election, Father Osv\u00e2nio Humberto Mariano, ss.cc. was re-elected Provincial Superior of Brazil and the Paraguay Region. The election took place on Wednesday night (22) during the XII Provincial Chapter, in Pindamonhangaba-SP.<\/p>\n<p>Osv\u00e2nio, 59 years old, is the son of Mrs. Terezinha and Mr. Jos\u00e9 Mariano (both deceased). The priest was born in Guimar\u00e2nia-MG and became provincial in January 2021, during the XI Provincial Chapter also held in Pindamonhangaba-SP.<\/p>\n<p>The vote on Wednesday was closely followed by the Superior General of the Congregation of the Sacred Hearts, Father Alberto Toutin, sscc. Alberto came from Rome to participate in the meeting along with the brothers gathered at the Sacred Hearts Inn and Spirituality Center in Pinda.<\/p>\n<p>The Chapter that re-elected Fr. Osv\u00e2nio began last Monday, the 20th, and will continue until tomorrow (24). In his first term as provincial, the priest visited the religious communities of the province and participated in several assemblies such as the Expanded General Council, which took place in September of this year in Indonesia.<\/p>","protected":false},"excerpt":{"rendered":"<p>Pela maioria de votos entre os irm\u00e3os com direito a participar do pleito, o Padre Osv\u00e2nio Humberto Mariano, ss.cc. foi reeleito Superior Provincial do Brasil e Regi\u00e3o do Paraguai. A escolha foi feita na noite dessa quarta-feira (22) durante o XII Cap\u00edtulo Provincial, em Pindamonhangaba-SP. Osv\u00e2nio, de 59 anos, \u00e9 filho de D. Terezinha e do Sr. Jos\u00e9 Mariano (ambos in memoriam). O padre nasceu em Guimar\u00e2nia-MG e se tornou provincial em janeiro de 2021, durante o XI Cap\u00edtulo Provincial tamb\u00e9m realizado em Pindamonhangaba-SP. A vota\u00e7\u00e3o dessa quarta foi acompanhada de perto pelo Superior-Geral da Congrega\u00e7\u00e3o dos Sagrados Cora\u00e7\u00f5es, o [&hellip;]<\/p>\n","protected":false},"author":2,"featured_media":11025,"comment_status":"open","ping_status":"closed","sticky":false,"template":"","format":"standard","meta":{"_acf_changed":false,"footnotes":""},"categories":[611],"tags":[],"class_list":["post-11021","post","type-post","status-publish","format-standard","has-post-thumbnail","hentry","category-noticias"],"acf":[],"yoast_head":"<!-- This site is optimized with the Yoast SEO plugin v27.2 - https:\/\/yoast.com\/product\/yoast-seo-wordpress\/ -->\n<title>Pe. Osv\u00e2nio \u00e9 reeleito Superior Provincial durante XII Cap\u00edtulo em Pindamonhangaba-SP<\/title>\n<meta name=\"description\" content=\"Pela maioria de votos entre os irm\u00e3os com direito a participar do pleito, o Padre Osv\u00e2nio Humberto Mariano, ss.cc. foi reeleito Superior Provincial do Brasil e Regi\u00e3o do Paraguai. A escolha foi feita na noite dessa quarta-feira (22) durante o XII Cap\u00edtulo Provincial, em Pindamonhangaba-SP.\" \/>\n<meta name=\"robots\" content=\"index, follow, max-snippet:-1, max-image-preview:large, max-video-preview:-1\" \/>\n<link rel=\"canonical\" href=\"https:\/\/www.padreeustaquio.com.br\/en\/father-osvanio-is-re-elected-provincial-superior-during-an-assembly-in-pindamonhangaba-sp\/\" \/>\n<meta property=\"og:locale\" content=\"en_US\" \/>\n<meta property=\"og:type\" content=\"article\" \/>\n<meta property=\"og:title\" content=\"Pe. Osv\u00e2nio \u00e9 reeleito Superior Provincial durante XII Cap\u00edtulo em Pindamonhangaba-SP\" \/>\n<meta property=\"og:description\" content=\"Pela maioria de votos entre os irm\u00e3os com direito a participar do pleito, o Padre Osv\u00e2nio Humberto Mariano, ss.cc. foi reeleito Superior Provincial do Brasil e Regi\u00e3o do Paraguai. A escolha foi feita na noite dessa quarta-feira (22) durante o XII Cap\u00edtulo Provincial, em Pindamonhangaba-SP.\" \/>\n<meta property=\"og:url\" content=\"https:\/\/www.padreeustaquio.com.br\/en\/father-osvanio-is-re-elected-provincial-superior-during-an-assembly-in-pindamonhangaba-sp\/\" \/>\n<meta property=\"og:site_name\" content=\"Padre Eust\u00e1quio\" \/>\n<meta property=\"article:publisher\" content=\"https:\/\/www.facebook.com\/beatopadreeustaquio\/\" \/>\n<meta property=\"article:published_time\" content=\"2023-11-23T10:45:16+00:00\" \/>\n<meta property=\"article:modified_time\" content=\"2023-11-26T15:10:57+00:00\" \/>\n<meta property=\"og:image\" content=\"https:\/\/www.padreeustaquio.com.br\/wp-content\/uploads\/2023\/11\/Padre-Alberto-Toutin-e-Pe-Osvanio-reeleito-provincial.jpg\" \/>\n\t<meta property=\"og:image:width\" content=\"748\" \/>\n\t<meta property=\"og:image:height\" content=\"394\" \/>\n\t<meta property=\"og:image:type\" content=\"image\/jpeg\" \/>\n<meta name=\"author\" content=\"@sscc\" \/>\n<meta name=\"twitter:card\" content=\"summary_large_image\" \/>\n<meta name=\"twitter:creator\" content=\"@beatopeustaquio\" \/>\n<meta name=\"twitter:site\" content=\"@beatopeustaquio\" \/>\n<meta name=\"twitter:label1\" content=\"Written by\" \/>\n\t<meta name=\"twitter:data1\" content=\"@sscc\" \/>\n\t<meta name=\"twitter:label2\" content=\"Est. reading time\" \/>\n\t<meta name=\"twitter:data2\" content=\"1 minute\" \/>\n<script type=\"application\/ld+json\" class=\"yoast-schema-graph\">{\"@context\":\"https:\/\/schema.org\",\"@graph\":[{\"@type\":\"Article\",\"@id\":\"https:\/\/www.padreeustaquio.com.br\/pe-osvanio-e-reeleito-superior-provincial-durante-assembleia-em-pindamonhangaba-sp\/#article\",\"isPartOf\":{\"@id\":\"https:\/\/www.padreeustaquio.com.br\/pe-osvanio-e-reeleito-superior-provincial-durante-assembleia-em-pindamonhangaba-sp\/\"},\"author\":{\"name\":\"@sscc\",\"@id\":\"https:\/\/www.padreeustaquio.com.br\/#\/schema\/person\/a2a51db1d00f1a7af0204a0f1ddb1566\"},\"headline\":\"Pe. Osv\u00e2nio \u00e9 reeleito Superior Provincial durante XII Cap\u00edtulo em Pindamonhangaba-SP\",\"datePublished\":\"2023-11-23T10:45:16+00:00\",\"dateModified\":\"2023-11-26T15:10:57+00:00\",\"mainEntityOfPage\":{\"@id\":\"https:\/\/www.padreeustaquio.com.br\/pe-osvanio-e-reeleito-superior-provincial-durante-assembleia-em-pindamonhangaba-sp\/\"},\"wordCount\":202,\"commentCount\":0,\"publisher\":{\"@id\":\"https:\/\/www.padreeustaquio.com.br\/#organization\"},\"image\":{\"@id\":\"https:\/\/www.padreeustaquio.com.br\/pe-osvanio-e-reeleito-superior-provincial-durante-assembleia-em-pindamonhangaba-sp\/#primaryimage\"},\"thumbnailUrl\":\"https:\/\/www.padreeustaquio.com.br\/wp-content\/uploads\/2023\/11\/Padre-Alberto-Toutin-e-Pe-Osvanio-reeleito-provincial.jpg\",\"articleSection\":[\"Not\u00edcias\"],\"inLanguage\":\"en-US\",\"potentialAction\":[{\"@type\":\"CommentAction\",\"name\":\"Comment\",\"target\":[\"https:\/\/www.padreeustaquio.com.br\/pe-osvanio-e-reeleito-superior-provincial-durante-assembleia-em-pindamonhangaba-sp\/#respond\"]}]},{\"@type\":\"WebPage\",\"@id\":\"https:\/\/www.padreeustaquio.com.br\/pe-osvanio-e-reeleito-superior-provincial-durante-assembleia-em-pindamonhangaba-sp\/\",\"url\":\"https:\/\/www.padreeustaquio.com.br\/pe-osvanio-e-reeleito-superior-provincial-durante-assembleia-em-pindamonhangaba-sp\/\",\"name\":\"Pe. Osv\u00e2nio \u00e9 reeleito Superior Provincial durante XII Cap\u00edtulo em Pindamonhangaba-SP\",\"isPartOf\":{\"@id\":\"https:\/\/www.padreeustaquio.com.br\/#website\"},\"primaryImageOfPage\":{\"@id\":\"https:\/\/www.padreeustaquio.com.br\/pe-osvanio-e-reeleito-superior-provincial-durante-assembleia-em-pindamonhangaba-sp\/#primaryimage\"},\"image\":{\"@id\":\"https:\/\/www.padreeustaquio.com.br\/pe-osvanio-e-reeleito-superior-provincial-durante-assembleia-em-pindamonhangaba-sp\/#primaryimage\"},\"thumbnailUrl\":\"https:\/\/www.padreeustaquio.com.br\/wp-content\/uploads\/2023\/11\/Padre-Alberto-Toutin-e-Pe-Osvanio-reeleito-provincial.jpg\",\"datePublished\":\"2023-11-23T10:45:16+00:00\",\"dateModified\":\"2023-11-26T15:10:57+00:00\",\"description\":\"Pela maioria de votos entre os irm\u00e3os com direito a participar do pleito, o Padre Osv\u00e2nio Humberto Mariano, ss.cc. foi reeleito Superior Provincial do Brasil e Regi\u00e3o do Paraguai. A escolha foi feita na noite dessa quarta-feira (22) durante o XII Cap\u00edtulo Provincial, em Pindamonhangaba-SP.\",\"breadcrumb\":{\"@id\":\"https:\/\/www.padreeustaquio.com.br\/pe-osvanio-e-reeleito-superior-provincial-durante-assembleia-em-pindamonhangaba-sp\/#breadcrumb\"},\"inLanguage\":\"en-US\",\"potentialAction\":[{\"@type\":\"ReadAction\",\"target\":[\"https:\/\/www.padreeustaquio.com.br\/pe-osvanio-e-reeleito-superior-provincial-durante-assembleia-em-pindamonhangaba-sp\/\"]}]},{\"@type\":\"ImageObject\",\"inLanguage\":\"en-US\",\"@id\":\"https:\/\/www.padreeustaquio.com.br\/pe-osvanio-e-reeleito-superior-provincial-durante-assembleia-em-pindamonhangaba-sp\/#primaryimage\",\"url\":\"https:\/\/www.padreeustaquio.com.br\/wp-content\/uploads\/2023\/11\/Padre-Alberto-Toutin-e-Pe-Osvanio-reeleito-provincial.jpg\",\"contentUrl\":\"https:\/\/www.padreeustaquio.com.br\/wp-content\/uploads\/2023\/11\/Padre-Alberto-Toutin-e-Pe-Osvanio-reeleito-provincial.jpg\",\"width\":748,\"height\":394},{\"@type\":\"BreadcrumbList\",\"@id\":\"https:\/\/www.padreeustaquio.com.br\/pe-osvanio-e-reeleito-superior-provincial-durante-assembleia-em-pindamonhangaba-sp\/#breadcrumb\",\"itemListElement\":[{\"@type\":\"ListItem\",\"position\":1,\"name\":\"In\u00edcio\",\"item\":\"https:\/\/www.padreeustaquio.com.br\/\"},{\"@type\":\"ListItem\",\"position\":2,\"name\":\"Pe. Osv\u00e2nio \u00e9 reeleito Superior Provincial durante XII Cap\u00edtulo em Pindamonhangaba-SP\"}]},{\"@type\":\"WebSite\",\"@id\":\"https:\/\/www.padreeustaquio.com.br\/#website\",\"url\":\"https:\/\/www.padreeustaquio.com.br\/\",\"name\":\"Padre Eust\u00e1quio\",\"description\":\"Sa\u00fade e Paz\",\"publisher\":{\"@id\":\"https:\/\/www.padreeustaquio.com.br\/#organization\"},\"potentialAction\":[{\"@type\":\"SearchAction\",\"target\":{\"@type\":\"EntryPoint\",\"urlTemplate\":\"https:\/\/www.padreeustaquio.com.br\/?s={search_term_string}\"},\"query-input\":{\"@type\":\"PropertyValueSpecification\",\"valueRequired\":true,\"valueName\":\"search_term_string\"}}],\"inLanguage\":\"en-US\"},{\"@type\":\"Organization\",\"@id\":\"https:\/\/www.padreeustaquio.com.br\/#organization\",\"name\":\"Padre Eust\u00e1quio\",\"url\":\"https:\/\/www.padreeustaquio.com.br\/\",\"logo\":{\"@type\":\"ImageObject\",\"inLanguage\":\"en-US\",\"@id\":\"https:\/\/www.padreeustaquio.com.br\/#\/schema\/logo\/image\/\",\"url\":\"https:\/\/www.padreeustaquio.com.br\/wp-content\/uploads\/2019\/08\/marca.png\",\"contentUrl\":\"https:\/\/www.padreeustaquio.com.br\/wp-content\/uploads\/2019\/08\/marca.png\",\"width\":350,\"height\":400,\"caption\":\"Padre Eust\u00e1quio\"},\"image\":{\"@id\":\"https:\/\/www.padreeustaquio.com.br\/#\/schema\/logo\/image\/\"},\"sameAs\":[\"https:\/\/www.facebook.com\/beatopadreeustaquio\/\",\"https:\/\/x.com\/beatopeustaquio\",\"https:\/\/www.instagram.com\/beatopadreeustaquio\/\",\"https:\/\/www.youtube.com\/channel\/UCRhw7vfabnajwLxb1ZXMeIw\"]},{\"@type\":\"Person\",\"@id\":\"https:\/\/www.padreeustaquio.com.br\/#\/schema\/person\/a2a51db1d00f1a7af0204a0f1ddb1566\",\"name\":\"@sscc\",\"image\":{\"@type\":\"ImageObject\",\"inLanguage\":\"en-US\",\"@id\":\"https:\/\/secure.gravatar.com\/avatar\/68cfafa5f44617fea54071e215026e0ff06be366c3d54a8425f04fdcb86f8c5f?s=96&d=mm&r=g\",\"url\":\"https:\/\/secure.gravatar.com\/avatar\/68cfafa5f44617fea54071e215026e0ff06be366c3d54a8425f04fdcb86f8c5f?s=96&d=mm&r=g\",\"contentUrl\":\"https:\/\/secure.gravatar.com\/avatar\/68cfafa5f44617fea54071e215026e0ff06be366c3d54a8425f04fdcb86f8c5f?s=96&d=mm&r=g\",\"caption\":\"@sscc\"},\"url\":\"https:\/\/www.padreeustaquio.com.br\/en\/author\/sscc\/\"}]}<\/script>\n<!-- \/ Yoast SEO plugin. -->","yoast_head_json":{"title":"Father Osv\u00e2nio is re-elected Provincial Superior during the XII Chapter in Pindamonhangaba-SP.","description":"By a majority vote among the brothers entitled to participate in the election, Father Osv\u00e2nio Humberto Mariano, ss.cc. was re-elected Provincial Superior of Brazil and the Paraguay Region. The election took place on Wednesday night (22) during the XII Provincial Chapter, in Pindamonhangaba-SP.","robots":{"index":"index","follow":"follow","max-snippet":"max-snippet:-1","max-image-preview":"max-image-preview:large","max-video-preview":"max-video-preview:-1"},"canonical":"https:\/\/www.padreeustaquio.com.br\/en\/father-osvanio-is-re-elected-provincial-superior-during-an-assembly-in-pindamonhangaba-sp\/","og_locale":"en_US","og_type":"article","og_title":"Pe. Osv\u00e2nio \u00e9 reeleito Superior Provincial durante XII Cap\u00edtulo em Pindamonhangaba-SP","og_description":"Pela maioria de votos entre os irm\u00e3os com direito a participar do pleito, o Padre Osv\u00e2nio Humberto Mariano, ss.cc. foi reeleito Superior Provincial do Brasil e Regi\u00e3o do Paraguai. A escolha foi feita na noite dessa quarta-feira (22) durante o XII Cap\u00edtulo Provincial, em Pindamonhangaba-SP.","og_url":"https:\/\/www.padreeustaquio.com.br\/en\/father-osvanio-is-re-elected-provincial-superior-during-an-assembly-in-pindamonhangaba-sp\/","og_site_name":"Padre Eust\u00e1quio","article_publisher":"https:\/\/www.facebook.com\/beatopadreeustaquio\/","article_published_time":"2023-11-23T10:45:16+00:00","article_modified_time":"2023-11-26T15:10:57+00:00","og_image":[{"width":748,"height":394,"url":"https:\/\/www.padreeustaquio.com.br\/wp-content\/uploads\/2023\/11\/Padre-Alberto-Toutin-e-Pe-Osvanio-reeleito-provincial.jpg","type":"image\/jpeg"}],"author":"@sscc","twitter_card":"summary_large_image","twitter_creator":"@beatopeustaquio","twitter_site":"@beatopeustaquio","twitter_misc":{"Written by":"@sscc","Est. reading time":"1 minute"},"schema":{"@context":"https:\/\/schema.org","@graph":[{"@type":"Article","@id":"https:\/\/www.padreeustaquio.com.br\/pe-osvanio-e-reeleito-superior-provincial-durante-assembleia-em-pindamonhangaba-sp\/#article","isPartOf":{"@id":"https:\/\/www.padreeustaquio.com.br\/pe-osvanio-e-reeleito-superior-provincial-durante-assembleia-em-pindamonhangaba-sp\/"},"author":{"name":"@sscc","@id":"https:\/\/www.padreeustaquio.com.br\/#\/schema\/person\/a2a51db1d00f1a7af0204a0f1ddb1566"},"headline":"Pe. Osv\u00e2nio \u00e9 reeleito Superior Provincial durante XII Cap\u00edtulo em Pindamonhangaba-SP","datePublished":"2023-11-23T10:45:16+00:00","dateModified":"2023-11-26T15:10:57+00:00","mainEntityOfPage":{"@id":"https:\/\/www.padreeustaquio.com.br\/pe-osvanio-e-reeleito-superior-provincial-durante-assembleia-em-pindamonhangaba-sp\/"},"wordCount":202,"commentCount":0,"publisher":{"@id":"https:\/\/www.padreeustaquio.com.br\/#organization"},"image":{"@id":"https:\/\/www.padreeustaquio.com.br\/pe-osvanio-e-reeleito-superior-provincial-durante-assembleia-em-pindamonhangaba-sp\/#primaryimage"},"thumbnailUrl":"https:\/\/www.padreeustaquio.com.br\/wp-content\/uploads\/2023\/11\/Padre-Alberto-Toutin-e-Pe-Osvanio-reeleito-provincial.jpg","articleSection":["Not\u00edcias"],"inLanguage":"en-US","potentialAction":[{"@type":"CommentAction","name":"Comment","target":["https:\/\/www.padreeustaquio.com.br\/pe-osvanio-e-reeleito-superior-provincial-durante-assembleia-em-pindamonhangaba-sp\/#respond"]}]},{"@type":"WebPage","@id":"https:\/\/www.padreeustaquio.com.br\/pe-osvanio-e-reeleito-superior-provincial-durante-assembleia-em-pindamonhangaba-sp\/","url":"https:\/\/www.padreeustaquio.com.br\/pe-osvanio-e-reeleito-superior-provincial-durante-assembleia-em-pindamonhangaba-sp\/","name":"Father Osv\u00e2nio is re-elected Provincial Superior during the XII Chapter in Pindamonhangaba-SP.","isPartOf":{"@id":"https:\/\/www.padreeustaquio.com.br\/#website"},"primaryImageOfPage":{"@id":"https:\/\/www.padreeustaquio.com.br\/pe-osvanio-e-reeleito-superior-provincial-durante-assembleia-em-pindamonhangaba-sp\/#primaryimage"},"image":{"@id":"https:\/\/www.padreeustaquio.com.br\/pe-osvanio-e-reeleito-superior-provincial-durante-assembleia-em-pindamonhangaba-sp\/#primaryimage"},"thumbnailUrl":"https:\/\/www.padreeustaquio.com.br\/wp-content\/uploads\/2023\/11\/Padre-Alberto-Toutin-e-Pe-Osvanio-reeleito-provincial.jpg","datePublished":"2023-11-23T10:45:16+00:00","dateModified":"2023-11-26T15:10:57+00:00","description":"By a majority vote among the brothers entitled to participate in the election, Father Osv\u00e2nio Humberto Mariano, ss.cc. was re-elected Provincial Superior of Brazil and the Paraguay Region. The election took place on Wednesday night (22) during the XII Provincial Chapter, in Pindamonhangaba-SP.","breadcrumb":{"@id":"https:\/\/www.padreeustaquio.com.br\/pe-osvanio-e-reeleito-superior-provincial-durante-assembleia-em-pindamonhangaba-sp\/#breadcrumb"},"inLanguage":"en-US","potentialAction":[{"@type":"ReadAction","target":["https:\/\/www.padreeustaquio.com.br\/pe-osvanio-e-reeleito-superior-provincial-durante-assembleia-em-pindamonhangaba-sp\/"]}]},{"@type":"ImageObject","inLanguage":"en-US","@id":"https:\/\/www.padreeustaquio.com.br\/pe-osvanio-e-reeleito-superior-provincial-durante-assembleia-em-pindamonhangaba-sp\/#primaryimage","url":"https:\/\/www.padreeustaquio.com.br\/wp-content\/uploads\/2023\/11\/Padre-Alberto-Toutin-e-Pe-Osvanio-reeleito-provincial.jpg","contentUrl":"https:\/\/www.padreeustaquio.com.br\/wp-content\/uploads\/2023\/11\/Padre-Alberto-Toutin-e-Pe-Osvanio-reeleito-provincial.jpg","width":748,"height":394},{"@type":"BreadcrumbList","@id":"https:\/\/www.padreeustaquio.com.br\/pe-osvanio-e-reeleito-superior-provincial-durante-assembleia-em-pindamonhangaba-sp\/#breadcrumb","itemListElement":[{"@type":"ListItem","position":1,"name":"In\u00edcio","item":"https:\/\/www.padreeustaquio.com.br\/"},{"@type":"ListItem","position":2,"name":"Pe. Osv\u00e2nio \u00e9 reeleito Superior Provincial durante XII Cap\u00edtulo em Pindamonhangaba-SP"}]},{"@type":"WebSite","@id":"https:\/\/www.padreeustaquio.com.br\/#website","url":"https:\/\/www.padreeustaquio.com.br\/","name":"FATHER EUST\u00c1QUIO","description":"Health and Peace","publisher":{"@id":"https:\/\/www.padreeustaquio.com.br\/#organization"},"potentialAction":[{"@type":"SearchAction","target":{"@type":"EntryPoint","urlTemplate":"https:\/\/www.padreeustaquio.com.br\/?s={search_term_string}"},"query-input":{"@type":"PropertyValueSpecification","valueRequired":true,"valueName":"search_term_string"}}],"inLanguage":"en-US"},{"@type":"Organization","@id":"https:\/\/www.padreeustaquio.com.br\/#organization","name":"FATHER EUST\u00c1QUIO","url":"https:\/\/www.padreeustaquio.com.br\/","logo":{"@type":"ImageObject","inLanguage":"en-US","@id":"https:\/\/www.padreeustaquio.com.br\/#\/schema\/logo\/image\/","url":"https:\/\/www.padreeustaquio.com.br\/wp-content\/uploads\/2019\/08\/marca.png","contentUrl":"https:\/\/www.padreeustaquio.com.br\/wp-content\/uploads\/2019\/08\/marca.png","width":350,"height":400,"caption":"Padre Eust\u00e1quio"},"image":{"@id":"https:\/\/www.padreeustaquio.com.br\/#\/schema\/logo\/image\/"},"sameAs":["https:\/\/www.facebook.com\/beatopadreeustaquio\/","https:\/\/x.com\/beatopeustaquio","https:\/\/www.instagram.com\/beatopadreeustaquio\/","https:\/\/www.youtube.com\/channel\/UCRhw7vfabnajwLxb1ZXMeIw"]},{"@type":"Person","@id":"https:\/\/www.padreeustaquio.com.br\/#\/schema\/person\/a2a51db1d00f1a7af0204a0f1ddb1566","name":"@sscc","image":{"@type":"ImageObject","inLanguage":"en-US","@id":"https:\/\/secure.gravatar.com\/avatar\/68cfafa5f44617fea54071e215026e0ff06be366c3d54a8425f04fdcb86f8c5f?s=96&d=mm&r=g","url":"https:\/\/secure.gravatar.com\/avatar\/68cfafa5f44617fea54071e215026e0ff06be366c3d54a8425f04fdcb86f8c5f?s=96&d=mm&r=g","contentUrl":"https:\/\/secure.gravatar.com\/avatar\/68cfafa5f44617fea54071e215026e0ff06be366c3d54a8425f04fdcb86f8c5f?s=96&d=mm&r=g","caption":"@sscc"},"url":"https:\/\/www.padreeustaquio.com.br\/en\/author\/sscc\/"}]}},"_links":{"self":[{"href":"https:\/\/www.padreeustaquio.com.br\/en\/wp-json\/wp\/v2\/posts\/11021","targetHints":{"allow":["GET"]}}],"collection":[{"href":"https:\/\/www.padreeustaquio.com.br\/en\/wp-json\/wp\/v2\/posts"}],"about":[{"href":"https:\/\/www.padreeustaquio.com.br\/en\/wp-json\/wp\/v2\/types\/post"}],"author":[{"embeddable":true,"href":"https:\/\/www.padreeustaquio.com.br\/en\/wp-json\/wp\/v2\/users\/2"}],"replies":[{"embeddable":true,"href":"https:\/\/www.padreeustaquio.com.br\/en\/wp-json\/wp\/v2\/comments?post=11021"}],"version-history":[{"count":0,"href":"https:\/\/www.padreeustaquio.com.br\/en\/wp-json\/wp\/v2\/posts\/11021\/revisions"}],"wp:featuredmedia":[{"embeddable":true,"href":"https:\/\/www.padreeustaquio.com.br\/en\/wp-json\/wp\/v2\/media\/11025"}],"wp:attachment":[{"href":"https:\/\/www.padreeustaquio.com.br\/en\/wp-json\/wp\/v2\/media?parent=11021"}],"wp:term":[{"taxonomy":"category","embeddable":true,"href":"https:\/\/www.padreeustaquio.com.br\/en\/wp-json\/wp\/v2\/categories?post=11021"},{"taxonomy":"post_tag","embeddable":true,"href":"https:\/\/www.padreeustaquio.com.br\/en\/wp-json\/wp\/v2\/tags?post=11021"}],"curies":[{"name":"wp","href":"https:\/\/api.w.org\/{rel}","templated":true}]}}