{"id":11015,"date":"2023-11-21T15:14:30","date_gmt":"2023-11-21T18:14:30","guid":{"rendered":"https:\/\/www.padreeustaquio.com.br\/?p=11015"},"modified":"2023-11-21T16:47:36","modified_gmt":"2023-11-21T19:47:36","slug":"brothers-of-the-sacred-hearts-from-brazil-and-paraguay-participate-in-the-12th-provincial-chapter","status":"publish","type":"post","link":"https:\/\/www.padreeustaquio.com.br\/en\/brothers-of-the-sacred-hearts-from-brazil-and-paraguay-participate-in-the-12th-provincial-chapter\/","title":{"rendered":"Brothers of the Sacred Hearts from Brazil and Paraguay participate in the XII Provincial Chapter"},"content":{"rendered":"<p>The 12th Provincial Chapter of the Sacred Hearts Province of Brazil, Paraguay region, began this Monday, November 20th. The assembly is being held at the Sacred Hearts Inn and Spirituality Center in Pindamonhangaba, S\u00e3o Paulo.<\/p>\n<p>During the meeting, brothers from various parts of Brazil and Paraguay give an account of their work, evaluate it, and plan future perspectives for the Congregation. The Provincial Superior is also chosen at this assembly.<\/p>\n<p>Currently, Father Osv\u00e2nio Humberto Mariano, ss.cc, is the provincial superior and his name may be chosen again by the brothers. If re-elected, he will remain at the head of the Province for another three years.<\/p>\n<p>In addition to the brothers from the province, the assembly includes the participation of the Superior General of the Congregation, Fr. Alberto Toutin, ss.cc. The Superior came from Rome to oversee the work in Brazil.<\/p>\n<p>The gathering is also an opportunity for fellowship among the brothers and sisters of the Congregation, who will spend five days in assembly.<\/p>","protected":false},"excerpt":{"rendered":"<p>Come\u00e7ou nessa segunda-feira, dia 20 de novembro, o XII Cap\u00edtulo Provincial da prov\u00edncia dos Sagrados Cora\u00e7\u00f5es do Brasil, regi\u00e3o do Paraguai. A assembleia est\u00e1 sendo realizada na Pousade e Centro de Espiritualidade dos Sagrados Cora\u00e7\u00f5es, em Pindamonhangaba-SP. Durante o encontro, irm\u00e3os de v\u00e1rias partes do Brasil e do Paraguai, prestam contas, fazem avalia\u00e7\u00e3o dos trabalhos e projetam perspectivas futuras para a Congrega\u00e7\u00e3o. Nesta assembleia tamb\u00e9m se decide sobre o Superior Provincial. Atualmente padre Osv\u00e2nio Humberto Mariano, ss.cc, \u00e9 o superior provincial e pode ter o nome escolhido novamente pelos irm\u00e3os. Se for reeleito, ficar\u00e1 por mais tr\u00eas anos a frente [&hellip;]<\/p>\n","protected":false},"author":2,"featured_media":11016,"comment_status":"open","ping_status":"closed","sticky":false,"template":"","format":"standard","meta":{"_acf_changed":false,"footnotes":""},"categories":[611],"tags":[],"class_list":["post-11015","post","type-post","status-publish","format-standard","has-post-thumbnail","hentry","category-noticias"],"acf":[],"yoast_head":"<!-- This site is optimized with the Yoast SEO plugin v27.2 - https:\/\/yoast.com\/product\/yoast-seo-wordpress\/ -->\n<title>Irm\u00e3os dos Sagrados Cora\u00e7\u00f5es do Brasil e do Paraguai participam do XII Cap\u00edtulo Provincial<\/title>\n<meta name=\"description\" content=\"Come\u00e7ou nessa segunda-feira, dia 20 de novembro, o XII Cap\u00edtulo Provincial da prov\u00edncia dos Sagrados Cora\u00e7\u00f5es do Brasil, regi\u00e3o do Paraguai. A assembleia est\u00e1 sendo realizada na Pousade e Centro de Espiritualidade dos Sagrados Cora\u00e7\u00f5es, em Pindamonhangaba-SP.\" \/>\n<meta name=\"robots\" content=\"index, follow, max-snippet:-1, max-image-preview:large, max-video-preview:-1\" \/>\n<link rel=\"canonical\" href=\"https:\/\/www.padreeustaquio.com.br\/en\/brothers-of-the-sacred-hearts-from-brazil-and-paraguay-participate-in-the-12th-provincial-chapter\/\" \/>\n<meta property=\"og:locale\" content=\"en_US\" \/>\n<meta property=\"og:type\" content=\"article\" \/>\n<meta property=\"og:title\" content=\"Irm\u00e3os dos Sagrados Cora\u00e7\u00f5es do Brasil e do Paraguai participam do XII Cap\u00edtulo Provincial\" \/>\n<meta property=\"og:description\" content=\"Come\u00e7ou nessa segunda-feira, dia 20 de novembro, o XII Cap\u00edtulo Provincial da prov\u00edncia dos Sagrados Cora\u00e7\u00f5es do Brasil, regi\u00e3o do Paraguai. A assembleia est\u00e1 sendo realizada na Pousade e Centro de Espiritualidade dos Sagrados Cora\u00e7\u00f5es, em Pindamonhangaba-SP.\" \/>\n<meta property=\"og:url\" content=\"https:\/\/www.padreeustaquio.com.br\/en\/brothers-of-the-sacred-hearts-from-brazil-and-paraguay-participate-in-the-12th-provincial-chapter\/\" \/>\n<meta property=\"og:site_name\" content=\"Padre Eust\u00e1quio\" \/>\n<meta property=\"article:publisher\" content=\"https:\/\/www.facebook.com\/beatopadreeustaquio\/\" \/>\n<meta property=\"article:published_time\" content=\"2023-11-21T18:14:30+00:00\" \/>\n<meta property=\"article:modified_time\" content=\"2023-11-21T19:47:36+00:00\" \/>\n<meta property=\"og:image\" content=\"https:\/\/www.padreeustaquio.com.br\/wp-content\/uploads\/2023\/11\/centro-de-espiritualidade-e-pousada-sscc.jpg\" \/>\n\t<meta property=\"og:image:width\" content=\"900\" \/>\n\t<meta property=\"og:image:height\" content=\"506\" \/>\n\t<meta property=\"og:image:type\" content=\"image\/jpeg\" \/>\n<meta name=\"author\" content=\"@sscc\" \/>\n<meta name=\"twitter:card\" content=\"summary_large_image\" \/>\n<meta name=\"twitter:creator\" content=\"@beatopeustaquio\" \/>\n<meta name=\"twitter:site\" content=\"@beatopeustaquio\" \/>\n<meta name=\"twitter:label1\" content=\"Written by\" \/>\n\t<meta name=\"twitter:data1\" content=\"@sscc\" \/>\n\t<meta name=\"twitter:label2\" content=\"Est. reading time\" \/>\n\t<meta name=\"twitter:data2\" content=\"1 minute\" \/>\n<script type=\"application\/ld+json\" class=\"yoast-schema-graph\">{\"@context\":\"https:\/\/schema.org\",\"@graph\":[{\"@type\":\"Article\",\"@id\":\"https:\/\/www.padreeustaquio.com.br\/irmaos-dos-sagrados-coracoes-do-brasil-e-do-paraguai-participam-do-xii-capitulo-provincial\/#article\",\"isPartOf\":{\"@id\":\"https:\/\/www.padreeustaquio.com.br\/irmaos-dos-sagrados-coracoes-do-brasil-e-do-paraguai-participam-do-xii-capitulo-provincial\/\"},\"author\":{\"name\":\"@sscc\",\"@id\":\"https:\/\/www.padreeustaquio.com.br\/#\/schema\/person\/a2a51db1d00f1a7af0204a0f1ddb1566\"},\"headline\":\"Irm\u00e3os dos Sagrados Cora\u00e7\u00f5es do Brasil e do Paraguai participam do XII Cap\u00edtulo Provincial\",\"datePublished\":\"2023-11-21T18:14:30+00:00\",\"dateModified\":\"2023-11-21T19:47:36+00:00\",\"mainEntityOfPage\":{\"@id\":\"https:\/\/www.padreeustaquio.com.br\/irmaos-dos-sagrados-coracoes-do-brasil-e-do-paraguai-participam-do-xii-capitulo-provincial\/\"},\"wordCount\":192,\"commentCount\":0,\"publisher\":{\"@id\":\"https:\/\/www.padreeustaquio.com.br\/#organization\"},\"image\":{\"@id\":\"https:\/\/www.padreeustaquio.com.br\/irmaos-dos-sagrados-coracoes-do-brasil-e-do-paraguai-participam-do-xii-capitulo-provincial\/#primaryimage\"},\"thumbnailUrl\":\"https:\/\/www.padreeustaquio.com.br\/wp-content\/uploads\/2023\/11\/centro-de-espiritualidade-e-pousada-sscc.jpg\",\"articleSection\":[\"Not\u00edcias\"],\"inLanguage\":\"en-US\",\"potentialAction\":[{\"@type\":\"CommentAction\",\"name\":\"Comment\",\"target\":[\"https:\/\/www.padreeustaquio.com.br\/irmaos-dos-sagrados-coracoes-do-brasil-e-do-paraguai-participam-do-xii-capitulo-provincial\/#respond\"]}]},{\"@type\":\"WebPage\",\"@id\":\"https:\/\/www.padreeustaquio.com.br\/irmaos-dos-sagrados-coracoes-do-brasil-e-do-paraguai-participam-do-xii-capitulo-provincial\/\",\"url\":\"https:\/\/www.padreeustaquio.com.br\/irmaos-dos-sagrados-coracoes-do-brasil-e-do-paraguai-participam-do-xii-capitulo-provincial\/\",\"name\":\"Irm\u00e3os dos Sagrados Cora\u00e7\u00f5es do Brasil e do Paraguai participam do XII Cap\u00edtulo Provincial\",\"isPartOf\":{\"@id\":\"https:\/\/www.padreeustaquio.com.br\/#website\"},\"primaryImageOfPage\":{\"@id\":\"https:\/\/www.padreeustaquio.com.br\/irmaos-dos-sagrados-coracoes-do-brasil-e-do-paraguai-participam-do-xii-capitulo-provincial\/#primaryimage\"},\"image\":{\"@id\":\"https:\/\/www.padreeustaquio.com.br\/irmaos-dos-sagrados-coracoes-do-brasil-e-do-paraguai-participam-do-xii-capitulo-provincial\/#primaryimage\"},\"thumbnailUrl\":\"https:\/\/www.padreeustaquio.com.br\/wp-content\/uploads\/2023\/11\/centro-de-espiritualidade-e-pousada-sscc.jpg\",\"datePublished\":\"2023-11-21T18:14:30+00:00\",\"dateModified\":\"2023-11-21T19:47:36+00:00\",\"description\":\"Come\u00e7ou nessa segunda-feira, dia 20 de novembro, o XII Cap\u00edtulo Provincial da prov\u00edncia dos Sagrados Cora\u00e7\u00f5es do Brasil, regi\u00e3o do Paraguai. A assembleia est\u00e1 sendo realizada na Pousade e Centro de Espiritualidade dos Sagrados Cora\u00e7\u00f5es, em Pindamonhangaba-SP.\",\"breadcrumb\":{\"@id\":\"https:\/\/www.padreeustaquio.com.br\/irmaos-dos-sagrados-coracoes-do-brasil-e-do-paraguai-participam-do-xii-capitulo-provincial\/#breadcrumb\"},\"inLanguage\":\"en-US\",\"potentialAction\":[{\"@type\":\"ReadAction\",\"target\":[\"https:\/\/www.padreeustaquio.com.br\/irmaos-dos-sagrados-coracoes-do-brasil-e-do-paraguai-participam-do-xii-capitulo-provincial\/\"]}]},{\"@type\":\"ImageObject\",\"inLanguage\":\"en-US\",\"@id\":\"https:\/\/www.padreeustaquio.com.br\/irmaos-dos-sagrados-coracoes-do-brasil-e-do-paraguai-participam-do-xii-capitulo-provincial\/#primaryimage\",\"url\":\"https:\/\/www.padreeustaquio.com.br\/wp-content\/uploads\/2023\/11\/centro-de-espiritualidade-e-pousada-sscc.jpg\",\"contentUrl\":\"https:\/\/www.padreeustaquio.com.br\/wp-content\/uploads\/2023\/11\/centro-de-espiritualidade-e-pousada-sscc.jpg\",\"width\":900,\"height\":506,\"caption\":\"A Pousada e Centro de Espiritualidade fica em Pindamonhangaba - SP\"},{\"@type\":\"BreadcrumbList\",\"@id\":\"https:\/\/www.padreeustaquio.com.br\/irmaos-dos-sagrados-coracoes-do-brasil-e-do-paraguai-participam-do-xii-capitulo-provincial\/#breadcrumb\",\"itemListElement\":[{\"@type\":\"ListItem\",\"position\":1,\"name\":\"In\u00edcio\",\"item\":\"https:\/\/www.padreeustaquio.com.br\/\"},{\"@type\":\"ListItem\",\"position\":2,\"name\":\"Irm\u00e3os dos Sagrados Cora\u00e7\u00f5es do Brasil e do Paraguai participam do XII Cap\u00edtulo Provincial\"}]},{\"@type\":\"WebSite\",\"@id\":\"https:\/\/www.padreeustaquio.com.br\/#website\",\"url\":\"https:\/\/www.padreeustaquio.com.br\/\",\"name\":\"Padre Eust\u00e1quio\",\"description\":\"Sa\u00fade e Paz\",\"publisher\":{\"@id\":\"https:\/\/www.padreeustaquio.com.br\/#organization\"},\"potentialAction\":[{\"@type\":\"SearchAction\",\"target\":{\"@type\":\"EntryPoint\",\"urlTemplate\":\"https:\/\/www.padreeustaquio.com.br\/?s={search_term_string}\"},\"query-input\":{\"@type\":\"PropertyValueSpecification\",\"valueRequired\":true,\"valueName\":\"search_term_string\"}}],\"inLanguage\":\"en-US\"},{\"@type\":\"Organization\",\"@id\":\"https:\/\/www.padreeustaquio.com.br\/#organization\",\"name\":\"Padre Eust\u00e1quio\",\"url\":\"https:\/\/www.padreeustaquio.com.br\/\",\"logo\":{\"@type\":\"ImageObject\",\"inLanguage\":\"en-US\",\"@id\":\"https:\/\/www.padreeustaquio.com.br\/#\/schema\/logo\/image\/\",\"url\":\"https:\/\/www.padreeustaquio.com.br\/wp-content\/uploads\/2019\/08\/marca.png\",\"contentUrl\":\"https:\/\/www.padreeustaquio.com.br\/wp-content\/uploads\/2019\/08\/marca.png\",\"width\":350,\"height\":400,\"caption\":\"Padre Eust\u00e1quio\"},\"image\":{\"@id\":\"https:\/\/www.padreeustaquio.com.br\/#\/schema\/logo\/image\/\"},\"sameAs\":[\"https:\/\/www.facebook.com\/beatopadreeustaquio\/\",\"https:\/\/x.com\/beatopeustaquio\",\"https:\/\/www.instagram.com\/beatopadreeustaquio\/\",\"https:\/\/www.youtube.com\/channel\/UCRhw7vfabnajwLxb1ZXMeIw\"]},{\"@type\":\"Person\",\"@id\":\"https:\/\/www.padreeustaquio.com.br\/#\/schema\/person\/a2a51db1d00f1a7af0204a0f1ddb1566\",\"name\":\"@sscc\",\"image\":{\"@type\":\"ImageObject\",\"inLanguage\":\"en-US\",\"@id\":\"https:\/\/secure.gravatar.com\/avatar\/68cfafa5f44617fea54071e215026e0ff06be366c3d54a8425f04fdcb86f8c5f?s=96&d=mm&r=g\",\"url\":\"https:\/\/secure.gravatar.com\/avatar\/68cfafa5f44617fea54071e215026e0ff06be366c3d54a8425f04fdcb86f8c5f?s=96&d=mm&r=g\",\"contentUrl\":\"https:\/\/secure.gravatar.com\/avatar\/68cfafa5f44617fea54071e215026e0ff06be366c3d54a8425f04fdcb86f8c5f?s=96&d=mm&r=g\",\"caption\":\"@sscc\"},\"url\":\"https:\/\/www.padreeustaquio.com.br\/en\/author\/sscc\/\"}]}<\/script>\n<!-- \/ Yoast SEO plugin. -->","yoast_head_json":{"title":"Brothers of the Sacred Hearts from Brazil and Paraguay participate in the XII Provincial Chapter","description":"The 12th Provincial Chapter of the Sacred Hearts Province of Brazil, Paraguay region, began this Monday, November 20th. The assembly is being held at the Sacred Hearts Inn and Spirituality Center in Pindamonhangaba, S\u00e3o Paulo.","robots":{"index":"index","follow":"follow","max-snippet":"max-snippet:-1","max-image-preview":"max-image-preview:large","max-video-preview":"max-video-preview:-1"},"canonical":"https:\/\/www.padreeustaquio.com.br\/en\/brothers-of-the-sacred-hearts-from-brazil-and-paraguay-participate-in-the-12th-provincial-chapter\/","og_locale":"en_US","og_type":"article","og_title":"Irm\u00e3os dos Sagrados Cora\u00e7\u00f5es do Brasil e do Paraguai participam do XII Cap\u00edtulo Provincial","og_description":"Come\u00e7ou nessa segunda-feira, dia 20 de novembro, o XII Cap\u00edtulo Provincial da prov\u00edncia dos Sagrados Cora\u00e7\u00f5es do Brasil, regi\u00e3o do Paraguai. A assembleia est\u00e1 sendo realizada na Pousade e Centro de Espiritualidade dos Sagrados Cora\u00e7\u00f5es, em Pindamonhangaba-SP.","og_url":"https:\/\/www.padreeustaquio.com.br\/en\/brothers-of-the-sacred-hearts-from-brazil-and-paraguay-participate-in-the-12th-provincial-chapter\/","og_site_name":"Padre Eust\u00e1quio","article_publisher":"https:\/\/www.facebook.com\/beatopadreeustaquio\/","article_published_time":"2023-11-21T18:14:30+00:00","article_modified_time":"2023-11-21T19:47:36+00:00","og_image":[{"width":900,"height":506,"url":"https:\/\/www.padreeustaquio.com.br\/wp-content\/uploads\/2023\/11\/centro-de-espiritualidade-e-pousada-sscc.jpg","type":"image\/jpeg"}],"author":"@sscc","twitter_card":"summary_large_image","twitter_creator":"@beatopeustaquio","twitter_site":"@beatopeustaquio","twitter_misc":{"Written by":"@sscc","Est. reading time":"1 minute"},"schema":{"@context":"https:\/\/schema.org","@graph":[{"@type":"Article","@id":"https:\/\/www.padreeustaquio.com.br\/irmaos-dos-sagrados-coracoes-do-brasil-e-do-paraguai-participam-do-xii-capitulo-provincial\/#article","isPartOf":{"@id":"https:\/\/www.padreeustaquio.com.br\/irmaos-dos-sagrados-coracoes-do-brasil-e-do-paraguai-participam-do-xii-capitulo-provincial\/"},"author":{"name":"@sscc","@id":"https:\/\/www.padreeustaquio.com.br\/#\/schema\/person\/a2a51db1d00f1a7af0204a0f1ddb1566"},"headline":"Irm\u00e3os dos Sagrados Cora\u00e7\u00f5es do Brasil e do Paraguai participam do XII Cap\u00edtulo Provincial","datePublished":"2023-11-21T18:14:30+00:00","dateModified":"2023-11-21T19:47:36+00:00","mainEntityOfPage":{"@id":"https:\/\/www.padreeustaquio.com.br\/irmaos-dos-sagrados-coracoes-do-brasil-e-do-paraguai-participam-do-xii-capitulo-provincial\/"},"wordCount":192,"commentCount":0,"publisher":{"@id":"https:\/\/www.padreeustaquio.com.br\/#organization"},"image":{"@id":"https:\/\/www.padreeustaquio.com.br\/irmaos-dos-sagrados-coracoes-do-brasil-e-do-paraguai-participam-do-xii-capitulo-provincial\/#primaryimage"},"thumbnailUrl":"https:\/\/www.padreeustaquio.com.br\/wp-content\/uploads\/2023\/11\/centro-de-espiritualidade-e-pousada-sscc.jpg","articleSection":["Not\u00edcias"],"inLanguage":"en-US","potentialAction":[{"@type":"CommentAction","name":"Comment","target":["https:\/\/www.padreeustaquio.com.br\/irmaos-dos-sagrados-coracoes-do-brasil-e-do-paraguai-participam-do-xii-capitulo-provincial\/#respond"]}]},{"@type":"WebPage","@id":"https:\/\/www.padreeustaquio.com.br\/irmaos-dos-sagrados-coracoes-do-brasil-e-do-paraguai-participam-do-xii-capitulo-provincial\/","url":"https:\/\/www.padreeustaquio.com.br\/irmaos-dos-sagrados-coracoes-do-brasil-e-do-paraguai-participam-do-xii-capitulo-provincial\/","name":"Brothers of the Sacred Hearts from Brazil and Paraguay participate in the XII Provincial Chapter","isPartOf":{"@id":"https:\/\/www.padreeustaquio.com.br\/#website"},"primaryImageOfPage":{"@id":"https:\/\/www.padreeustaquio.com.br\/irmaos-dos-sagrados-coracoes-do-brasil-e-do-paraguai-participam-do-xii-capitulo-provincial\/#primaryimage"},"image":{"@id":"https:\/\/www.padreeustaquio.com.br\/irmaos-dos-sagrados-coracoes-do-brasil-e-do-paraguai-participam-do-xii-capitulo-provincial\/#primaryimage"},"thumbnailUrl":"https:\/\/www.padreeustaquio.com.br\/wp-content\/uploads\/2023\/11\/centro-de-espiritualidade-e-pousada-sscc.jpg","datePublished":"2023-11-21T18:14:30+00:00","dateModified":"2023-11-21T19:47:36+00:00","description":"The 12th Provincial Chapter of the Sacred Hearts Province of Brazil, Paraguay region, began this Monday, November 20th. The assembly is being held at the Sacred Hearts Inn and Spirituality Center in Pindamonhangaba, S\u00e3o Paulo.","breadcrumb":{"@id":"https:\/\/www.padreeustaquio.com.br\/irmaos-dos-sagrados-coracoes-do-brasil-e-do-paraguai-participam-do-xii-capitulo-provincial\/#breadcrumb"},"inLanguage":"en-US","potentialAction":[{"@type":"ReadAction","target":["https:\/\/www.padreeustaquio.com.br\/irmaos-dos-sagrados-coracoes-do-brasil-e-do-paraguai-participam-do-xii-capitulo-provincial\/"]}]},{"@type":"ImageObject","inLanguage":"en-US","@id":"https:\/\/www.padreeustaquio.com.br\/irmaos-dos-sagrados-coracoes-do-brasil-e-do-paraguai-participam-do-xii-capitulo-provincial\/#primaryimage","url":"https:\/\/www.padreeustaquio.com.br\/wp-content\/uploads\/2023\/11\/centro-de-espiritualidade-e-pousada-sscc.jpg","contentUrl":"https:\/\/www.padreeustaquio.com.br\/wp-content\/uploads\/2023\/11\/centro-de-espiritualidade-e-pousada-sscc.jpg","width":900,"height":506,"caption":"A Pousada e Centro de Espiritualidade fica em Pindamonhangaba - SP"},{"@type":"BreadcrumbList","@id":"https:\/\/www.padreeustaquio.com.br\/irmaos-dos-sagrados-coracoes-do-brasil-e-do-paraguai-participam-do-xii-capitulo-provincial\/#breadcrumb","itemListElement":[{"@type":"ListItem","position":1,"name":"In\u00edcio","item":"https:\/\/www.padreeustaquio.com.br\/"},{"@type":"ListItem","position":2,"name":"Irm\u00e3os dos Sagrados Cora\u00e7\u00f5es do Brasil e do Paraguai participam do XII Cap\u00edtulo Provincial"}]},{"@type":"WebSite","@id":"https:\/\/www.padreeustaquio.com.br\/#website","url":"https:\/\/www.padreeustaquio.com.br\/","name":"FATHER EUST\u00c1QUIO","description":"Health and Peace","publisher":{"@id":"https:\/\/www.padreeustaquio.com.br\/#organization"},"potentialAction":[{"@type":"SearchAction","target":{"@type":"EntryPoint","urlTemplate":"https:\/\/www.padreeustaquio.com.br\/?s={search_term_string}"},"query-input":{"@type":"PropertyValueSpecification","valueRequired":true,"valueName":"search_term_string"}}],"inLanguage":"en-US"},{"@type":"Organization","@id":"https:\/\/www.padreeustaquio.com.br\/#organization","name":"FATHER EUST\u00c1QUIO","url":"https:\/\/www.padreeustaquio.com.br\/","logo":{"@type":"ImageObject","inLanguage":"en-US","@id":"https:\/\/www.padreeustaquio.com.br\/#\/schema\/logo\/image\/","url":"https:\/\/www.padreeustaquio.com.br\/wp-content\/uploads\/2019\/08\/marca.png","contentUrl":"https:\/\/www.padreeustaquio.com.br\/wp-content\/uploads\/2019\/08\/marca.png","width":350,"height":400,"caption":"Padre Eust\u00e1quio"},"image":{"@id":"https:\/\/www.padreeustaquio.com.br\/#\/schema\/logo\/image\/"},"sameAs":["https:\/\/www.facebook.com\/beatopadreeustaquio\/","https:\/\/x.com\/beatopeustaquio","https:\/\/www.instagram.com\/beatopadreeustaquio\/","https:\/\/www.youtube.com\/channel\/UCRhw7vfabnajwLxb1ZXMeIw"]},{"@type":"Person","@id":"https:\/\/www.padreeustaquio.com.br\/#\/schema\/person\/a2a51db1d00f1a7af0204a0f1ddb1566","name":"@sscc","image":{"@type":"ImageObject","inLanguage":"en-US","@id":"https:\/\/secure.gravatar.com\/avatar\/68cfafa5f44617fea54071e215026e0ff06be366c3d54a8425f04fdcb86f8c5f?s=96&d=mm&r=g","url":"https:\/\/secure.gravatar.com\/avatar\/68cfafa5f44617fea54071e215026e0ff06be366c3d54a8425f04fdcb86f8c5f?s=96&d=mm&r=g","contentUrl":"https:\/\/secure.gravatar.com\/avatar\/68cfafa5f44617fea54071e215026e0ff06be366c3d54a8425f04fdcb86f8c5f?s=96&d=mm&r=g","caption":"@sscc"},"url":"https:\/\/www.padreeustaquio.com.br\/en\/author\/sscc\/"}]}},"_links":{"self":[{"href":"https:\/\/www.padreeustaquio.com.br\/en\/wp-json\/wp\/v2\/posts\/11015","targetHints":{"allow":["GET"]}}],"collection":[{"href":"https:\/\/www.padreeustaquio.com.br\/en\/wp-json\/wp\/v2\/posts"}],"about":[{"href":"https:\/\/www.padreeustaquio.com.br\/en\/wp-json\/wp\/v2\/types\/post"}],"author":[{"embeddable":true,"href":"https:\/\/www.padreeustaquio.com.br\/en\/wp-json\/wp\/v2\/users\/2"}],"replies":[{"embeddable":true,"href":"https:\/\/www.padreeustaquio.com.br\/en\/wp-json\/wp\/v2\/comments?post=11015"}],"version-history":[{"count":0,"href":"https:\/\/www.padreeustaquio.com.br\/en\/wp-json\/wp\/v2\/posts\/11015\/revisions"}],"wp:featuredmedia":[{"embeddable":true,"href":"https:\/\/www.padreeustaquio.com.br\/en\/wp-json\/wp\/v2\/media\/11016"}],"wp:attachment":[{"href":"https:\/\/www.padreeustaquio.com.br\/en\/wp-json\/wp\/v2\/media?parent=11015"}],"wp:term":[{"taxonomy":"category","embeddable":true,"href":"https:\/\/www.padreeustaquio.com.br\/en\/wp-json\/wp\/v2\/categories?post=11015"},{"taxonomy":"post_tag","embeddable":true,"href":"https:\/\/www.padreeustaquio.com.br\/en\/wp-json\/wp\/v2\/tags?post=11015"}],"curies":[{"name":"wp","href":"https:\/\/api.w.org\/{rel}","templated":true}]}}