{"id":11007,"date":"2023-11-20T14:05:55","date_gmt":"2023-11-20T17:05:55","guid":{"rendered":"https:\/\/www.padreeustaquio.com.br\/?p=11007"},"modified":"2023-11-21T07:40:41","modified_gmt":"2023-11-21T10:40:41","slug":"image-of-father-eustace-enthroned-at-the-headquarters-of-the-ladies-of-charity","status":"publish","type":"post","link":"https:\/\/www.padreeustaquio.com.br\/en\/image-of-father-eustace-enthroned-at-the-headquarters-of-the-ladies-of-charity\/","title":{"rendered":"Image of Father Eust\u00e1quio is enthroned at the headquarters of the Ladies of Charity."},"content":{"rendered":"<p>The resin image of Blessed Father Eustace was enthroned at the headquarters of the Ladies of Charity of the Sacred Hearts, attached to the church. The enthronement rite was performed by the newly ordained Deacon Vanildo Lima Sena, ss.cc.<\/p>\n<div id=\"attachment_11010\" style=\"width: 235px\" class=\"wp-caption alignleft\"><img fetchpriority=\"high\" decoding=\"async\" aria-describedby=\"caption-attachment-11010\" class=\"size-medium wp-image-11010\" src=\"https:\/\/www.padreeustaquio.com.br\/wp-content\/uploads\/2023\/11\/Entronizacao-3-225x300.jpeg\" alt=\"\" width=\"225\" height=\"300\" srcset=\"https:\/\/www.padreeustaquio.com.br\/wp-content\/uploads\/2023\/11\/Entronizacao-3-225x300.jpeg 225w, https:\/\/www.padreeustaquio.com.br\/wp-content\/uploads\/2023\/11\/Entronizacao-3-768x1024.jpeg 768w, https:\/\/www.padreeustaquio.com.br\/wp-content\/uploads\/2023\/11\/Entronizacao-3-1152x1536.jpeg 1152w, https:\/\/www.padreeustaquio.com.br\/wp-content\/uploads\/2023\/11\/Entronizacao-3.jpeg 1200w\" sizes=\"(max-width: 225px) 100vw, 225px\" \/><p id=\"caption-attachment-11010\" class=\"wp-caption-text\">The procession with the image arrives at the headquarters of the Ladies of Charity.<\/p><\/div>\n<p>Upon completing 72 years of existence, one of the social works inspired by Father Eust\u00e1quio, the Ladies of Charity celebrated with much gratitude and prayer this past Sunday (19). The Holy Mass, presided over by the rector of the Sanctuary, Father Vin\u00edcius Maciel, ss.cc, was also celebrated in Thanksgiving for the seven decades of service of this movement.<\/p>\n<p>During the celebration of the Eucharist, the current members of the group were introduced to the community, and three new volunteers also joined the Ladies&#039; group. In the homily, the president, Marisa Coutinho, received the crucifix that... <a href=\"https:\/\/www.padreeustaquio.com.br\/en\/dona-isabel-leite-from-the-ladies-of-charity-dies\/\">Mrs. Isabel<\/a> He used it throughout his time leading the movement.<\/p>\n<div id=\"attachment_11012\" style=\"width: 179px\" class=\"wp-caption alignright\"><img decoding=\"async\" aria-describedby=\"caption-attachment-11012\" class=\"size-medium wp-image-11012\" src=\"https:\/\/www.padreeustaquio.com.br\/wp-content\/uploads\/2023\/11\/Entronizacao-2-169x300.jpeg\" alt=\"\" width=\"169\" height=\"300\" srcset=\"https:\/\/www.padreeustaquio.com.br\/wp-content\/uploads\/2023\/11\/Entronizacao-2-169x300.jpeg 169w, https:\/\/www.padreeustaquio.com.br\/wp-content\/uploads\/2023\/11\/Entronizacao-2-576x1024.jpeg 576w, https:\/\/www.padreeustaquio.com.br\/wp-content\/uploads\/2023\/11\/Entronizacao-2-768x1365.jpeg 768w, https:\/\/www.padreeustaquio.com.br\/wp-content\/uploads\/2023\/11\/Entronizacao-2-864x1536.jpeg 864w, https:\/\/www.padreeustaquio.com.br\/wp-content\/uploads\/2023\/11\/Entronizacao-2.jpeg 900w\" sizes=\"(max-width: 169px) 100vw, 169px\" \/><p id=\"caption-attachment-11012\" class=\"wp-caption-text\">One of Dona Marisa&#039;s sons helps to place the enthroned image.<\/p><\/div>\n<p>After Holy Mass, the devotees went in procession to the headquarters of the Ladies&#039; Order, on Castigliano Street, where the rite of enthronement of the image of Father Eust\u00e1quio took place. Deacon Vanildo officiated the rites and gave the blessing. The image belonged to the chapel of the Santos Dumont Housing Complex, the largest in the western region of Belo Horizonte, located in the Padre Eust\u00e1quio neighborhood. The space in the complex ceased to be a chapel, and the image was given to the Sanctuary, which gave the statue a new purpose.<\/p>\n<p><a href=\"https:\/\/www.padreeustaquio.com.br\/en\/social-action-are-you-familiar-with-the-work-of-the-ladies-of-charity\/\">Click here to learn about the work of the Ladies of Charity.<\/a><\/p>","protected":false},"excerpt":{"rendered":"<p>A imagem em resina do Bem-Aventurado Padre Eust\u00e1quio foi entronizada na sede das Damas da Caridade dos Sagrados Cora\u00e7\u00f5es, anexa \u00e0 igreja. O rito da entroniza\u00e7\u00e3o foi feito pelo rec\u00e9m-ordenado, Di\u00e1cono Vanildo Lima Sena, ss.cc. Ao completar 72 anos de exist\u00eancia, uma das obras sociais inspiradas por Padre Eust\u00e1quio, as Damas da Caridade comemoraram com muita gratid\u00e3o e ora\u00e7\u00e3o nesse \u00faltimo domingo (19). A Santa Missa, presidida pelo reitor do Santu\u00e1rio, padre Vin\u00edcius Maciel, ss.cc, foi celebrada tamb\u00e9m em A\u00e7\u00e3o de Gra\u00e7as pelas sete d\u00e9cadas de servi\u00e7o deste movimento. Durante a celebra\u00e7\u00e3o da Eucaristia, as atuais integrantes do grupo foram [&hellip;]<\/p>\n","protected":false},"author":2,"featured_media":11008,"comment_status":"open","ping_status":"closed","sticky":false,"template":"","format":"standard","meta":{"_acf_changed":false,"footnotes":""},"categories":[611],"tags":[],"class_list":["post-11007","post","type-post","status-publish","format-standard","has-post-thumbnail","hentry","category-noticias"],"acf":[],"yoast_head":"<!-- This site is optimized with the Yoast SEO plugin v27.2 - https:\/\/yoast.com\/product\/yoast-seo-wordpress\/ -->\n<title>Imagem de Padre Eust\u00e1quio \u00e9 entronizada na sede das Damas da Caridade<\/title>\n<meta name=\"description\" content=\"A imagem em resina do Bem-Aventurado Padre Eust\u00e1quio foi entronizada na sede das Damas da Caridade dos Sagrados Cora\u00e7\u00f5es, anexa \u00e0 igreja. O rito da entroniza\u00e7\u00e3o foi feito pelo rec\u00e9m-ordenado, Di\u00e1cono Vanildo Lima Sena, ss.cc.\" \/>\n<meta name=\"robots\" content=\"index, follow, max-snippet:-1, max-image-preview:large, max-video-preview:-1\" \/>\n<link rel=\"canonical\" href=\"https:\/\/www.padreeustaquio.com.br\/en\/image-of-father-eustace-enthroned-at-the-headquarters-of-the-ladies-of-charity\/\" \/>\n<meta property=\"og:locale\" content=\"en_US\" \/>\n<meta property=\"og:type\" content=\"article\" \/>\n<meta property=\"og:title\" content=\"Imagem de Padre Eust\u00e1quio \u00e9 entronizada na sede das Damas da Caridade\" \/>\n<meta property=\"og:description\" content=\"A imagem em resina do Bem-Aventurado Padre Eust\u00e1quio foi entronizada na sede das Damas da Caridade dos Sagrados Cora\u00e7\u00f5es, anexa \u00e0 igreja. O rito da entroniza\u00e7\u00e3o foi feito pelo rec\u00e9m-ordenado, Di\u00e1cono Vanildo Lima Sena, ss.cc.\" \/>\n<meta property=\"og:url\" content=\"https:\/\/www.padreeustaquio.com.br\/en\/image-of-father-eustace-enthroned-at-the-headquarters-of-the-ladies-of-charity\/\" \/>\n<meta property=\"og:site_name\" content=\"Padre Eust\u00e1quio\" \/>\n<meta property=\"article:publisher\" content=\"https:\/\/www.facebook.com\/beatopadreeustaquio\/\" \/>\n<meta property=\"article:published_time\" content=\"2023-11-20T17:05:55+00:00\" \/>\n<meta property=\"article:modified_time\" content=\"2023-11-21T10:40:41+00:00\" \/>\n<meta property=\"og:image\" content=\"https:\/\/www.padreeustaquio.com.br\/wp-content\/uploads\/2023\/11\/Entronizacao-4.jpeg\" \/>\n\t<meta property=\"og:image:width\" content=\"1600\" \/>\n\t<meta property=\"og:image:height\" content=\"1200\" \/>\n\t<meta property=\"og:image:type\" content=\"image\/jpeg\" \/>\n<meta name=\"author\" content=\"@sscc\" \/>\n<meta name=\"twitter:card\" content=\"summary_large_image\" \/>\n<meta name=\"twitter:creator\" content=\"@beatopeustaquio\" \/>\n<meta name=\"twitter:site\" content=\"@beatopeustaquio\" \/>\n<meta name=\"twitter:label1\" content=\"Written by\" \/>\n\t<meta name=\"twitter:data1\" content=\"@sscc\" \/>\n\t<meta name=\"twitter:label2\" content=\"Est. reading time\" \/>\n\t<meta name=\"twitter:data2\" content=\"2 minutes\" \/>\n<script type=\"application\/ld+json\" class=\"yoast-schema-graph\">{\"@context\":\"https:\/\/schema.org\",\"@graph\":[{\"@type\":\"Article\",\"@id\":\"https:\/\/www.padreeustaquio.com.br\/imagem-de-padre-eustaquio-e-entronizada-na-sede-das-damas-da-caridade\/#article\",\"isPartOf\":{\"@id\":\"https:\/\/www.padreeustaquio.com.br\/imagem-de-padre-eustaquio-e-entronizada-na-sede-das-damas-da-caridade\/\"},\"author\":{\"name\":\"@sscc\",\"@id\":\"https:\/\/www.padreeustaquio.com.br\/#\/schema\/person\/a2a51db1d00f1a7af0204a0f1ddb1566\"},\"headline\":\"Imagem de Padre Eust\u00e1quio \u00e9 entronizada na sede das Damas da Caridade\",\"datePublished\":\"2023-11-20T17:05:55+00:00\",\"dateModified\":\"2023-11-21T10:40:41+00:00\",\"mainEntityOfPage\":{\"@id\":\"https:\/\/www.padreeustaquio.com.br\/imagem-de-padre-eustaquio-e-entronizada-na-sede-das-damas-da-caridade\/\"},\"wordCount\":319,\"commentCount\":0,\"publisher\":{\"@id\":\"https:\/\/www.padreeustaquio.com.br\/#organization\"},\"image\":{\"@id\":\"https:\/\/www.padreeustaquio.com.br\/imagem-de-padre-eustaquio-e-entronizada-na-sede-das-damas-da-caridade\/#primaryimage\"},\"thumbnailUrl\":\"https:\/\/www.padreeustaquio.com.br\/wp-content\/uploads\/2023\/11\/Entronizacao-4.jpeg\",\"articleSection\":[\"Not\u00edcias\"],\"inLanguage\":\"en-US\",\"potentialAction\":[{\"@type\":\"CommentAction\",\"name\":\"Comment\",\"target\":[\"https:\/\/www.padreeustaquio.com.br\/imagem-de-padre-eustaquio-e-entronizada-na-sede-das-damas-da-caridade\/#respond\"]}]},{\"@type\":\"WebPage\",\"@id\":\"https:\/\/www.padreeustaquio.com.br\/imagem-de-padre-eustaquio-e-entronizada-na-sede-das-damas-da-caridade\/\",\"url\":\"https:\/\/www.padreeustaquio.com.br\/imagem-de-padre-eustaquio-e-entronizada-na-sede-das-damas-da-caridade\/\",\"name\":\"Imagem de Padre Eust\u00e1quio \u00e9 entronizada na sede das Damas da Caridade\",\"isPartOf\":{\"@id\":\"https:\/\/www.padreeustaquio.com.br\/#website\"},\"primaryImageOfPage\":{\"@id\":\"https:\/\/www.padreeustaquio.com.br\/imagem-de-padre-eustaquio-e-entronizada-na-sede-das-damas-da-caridade\/#primaryimage\"},\"image\":{\"@id\":\"https:\/\/www.padreeustaquio.com.br\/imagem-de-padre-eustaquio-e-entronizada-na-sede-das-damas-da-caridade\/#primaryimage\"},\"thumbnailUrl\":\"https:\/\/www.padreeustaquio.com.br\/wp-content\/uploads\/2023\/11\/Entronizacao-4.jpeg\",\"datePublished\":\"2023-11-20T17:05:55+00:00\",\"dateModified\":\"2023-11-21T10:40:41+00:00\",\"description\":\"A imagem em resina do Bem-Aventurado Padre Eust\u00e1quio foi entronizada na sede das Damas da Caridade dos Sagrados Cora\u00e7\u00f5es, anexa \u00e0 igreja. O rito da entroniza\u00e7\u00e3o foi feito pelo rec\u00e9m-ordenado, Di\u00e1cono Vanildo Lima Sena, ss.cc.\",\"breadcrumb\":{\"@id\":\"https:\/\/www.padreeustaquio.com.br\/imagem-de-padre-eustaquio-e-entronizada-na-sede-das-damas-da-caridade\/#breadcrumb\"},\"inLanguage\":\"en-US\",\"potentialAction\":[{\"@type\":\"ReadAction\",\"target\":[\"https:\/\/www.padreeustaquio.com.br\/imagem-de-padre-eustaquio-e-entronizada-na-sede-das-damas-da-caridade\/\"]}]},{\"@type\":\"ImageObject\",\"inLanguage\":\"en-US\",\"@id\":\"https:\/\/www.padreeustaquio.com.br\/imagem-de-padre-eustaquio-e-entronizada-na-sede-das-damas-da-caridade\/#primaryimage\",\"url\":\"https:\/\/www.padreeustaquio.com.br\/wp-content\/uploads\/2023\/11\/Entronizacao-4.jpeg\",\"contentUrl\":\"https:\/\/www.padreeustaquio.com.br\/wp-content\/uploads\/2023\/11\/Entronizacao-4.jpeg\",\"width\":1600,\"height\":1200},{\"@type\":\"BreadcrumbList\",\"@id\":\"https:\/\/www.padreeustaquio.com.br\/imagem-de-padre-eustaquio-e-entronizada-na-sede-das-damas-da-caridade\/#breadcrumb\",\"itemListElement\":[{\"@type\":\"ListItem\",\"position\":1,\"name\":\"In\u00edcio\",\"item\":\"https:\/\/www.padreeustaquio.com.br\/\"},{\"@type\":\"ListItem\",\"position\":2,\"name\":\"Imagem de Padre Eust\u00e1quio \u00e9 entronizada na sede das Damas da Caridade\"}]},{\"@type\":\"WebSite\",\"@id\":\"https:\/\/www.padreeustaquio.com.br\/#website\",\"url\":\"https:\/\/www.padreeustaquio.com.br\/\",\"name\":\"Padre Eust\u00e1quio\",\"description\":\"Sa\u00fade e Paz\",\"publisher\":{\"@id\":\"https:\/\/www.padreeustaquio.com.br\/#organization\"},\"potentialAction\":[{\"@type\":\"SearchAction\",\"target\":{\"@type\":\"EntryPoint\",\"urlTemplate\":\"https:\/\/www.padreeustaquio.com.br\/?s={search_term_string}\"},\"query-input\":{\"@type\":\"PropertyValueSpecification\",\"valueRequired\":true,\"valueName\":\"search_term_string\"}}],\"inLanguage\":\"en-US\"},{\"@type\":\"Organization\",\"@id\":\"https:\/\/www.padreeustaquio.com.br\/#organization\",\"name\":\"Padre Eust\u00e1quio\",\"url\":\"https:\/\/www.padreeustaquio.com.br\/\",\"logo\":{\"@type\":\"ImageObject\",\"inLanguage\":\"en-US\",\"@id\":\"https:\/\/www.padreeustaquio.com.br\/#\/schema\/logo\/image\/\",\"url\":\"https:\/\/www.padreeustaquio.com.br\/wp-content\/uploads\/2019\/08\/marca.png\",\"contentUrl\":\"https:\/\/www.padreeustaquio.com.br\/wp-content\/uploads\/2019\/08\/marca.png\",\"width\":350,\"height\":400,\"caption\":\"Padre Eust\u00e1quio\"},\"image\":{\"@id\":\"https:\/\/www.padreeustaquio.com.br\/#\/schema\/logo\/image\/\"},\"sameAs\":[\"https:\/\/www.facebook.com\/beatopadreeustaquio\/\",\"https:\/\/x.com\/beatopeustaquio\",\"https:\/\/www.instagram.com\/beatopadreeustaquio\/\",\"https:\/\/www.youtube.com\/channel\/UCRhw7vfabnajwLxb1ZXMeIw\"]},{\"@type\":\"Person\",\"@id\":\"https:\/\/www.padreeustaquio.com.br\/#\/schema\/person\/a2a51db1d00f1a7af0204a0f1ddb1566\",\"name\":\"@sscc\",\"image\":{\"@type\":\"ImageObject\",\"inLanguage\":\"en-US\",\"@id\":\"https:\/\/secure.gravatar.com\/avatar\/68cfafa5f44617fea54071e215026e0ff06be366c3d54a8425f04fdcb86f8c5f?s=96&d=mm&r=g\",\"url\":\"https:\/\/secure.gravatar.com\/avatar\/68cfafa5f44617fea54071e215026e0ff06be366c3d54a8425f04fdcb86f8c5f?s=96&d=mm&r=g\",\"contentUrl\":\"https:\/\/secure.gravatar.com\/avatar\/68cfafa5f44617fea54071e215026e0ff06be366c3d54a8425f04fdcb86f8c5f?s=96&d=mm&r=g\",\"caption\":\"@sscc\"},\"url\":\"https:\/\/www.padreeustaquio.com.br\/en\/author\/sscc\/\"}]}<\/script>\n<!-- \/ Yoast SEO plugin. -->","yoast_head_json":{"title":"Image of Father Eust\u00e1quio is enthroned at the headquarters of the Ladies of Charity.","description":"The resin image of Blessed Father Eustace was enthroned at the headquarters of the Ladies of Charity of the Sacred Hearts, attached to the church. The enthronement rite was performed by the newly ordained Deacon Vanildo Lima Sena, ss.cc.","robots":{"index":"index","follow":"follow","max-snippet":"max-snippet:-1","max-image-preview":"max-image-preview:large","max-video-preview":"max-video-preview:-1"},"canonical":"https:\/\/www.padreeustaquio.com.br\/en\/image-of-father-eustace-enthroned-at-the-headquarters-of-the-ladies-of-charity\/","og_locale":"en_US","og_type":"article","og_title":"Imagem de Padre Eust\u00e1quio \u00e9 entronizada na sede das Damas da Caridade","og_description":"A imagem em resina do Bem-Aventurado Padre Eust\u00e1quio foi entronizada na sede das Damas da Caridade dos Sagrados Cora\u00e7\u00f5es, anexa \u00e0 igreja. O rito da entroniza\u00e7\u00e3o foi feito pelo rec\u00e9m-ordenado, Di\u00e1cono Vanildo Lima Sena, ss.cc.","og_url":"https:\/\/www.padreeustaquio.com.br\/en\/image-of-father-eustace-enthroned-at-the-headquarters-of-the-ladies-of-charity\/","og_site_name":"Padre Eust\u00e1quio","article_publisher":"https:\/\/www.facebook.com\/beatopadreeustaquio\/","article_published_time":"2023-11-20T17:05:55+00:00","article_modified_time":"2023-11-21T10:40:41+00:00","og_image":[{"width":1600,"height":1200,"url":"https:\/\/www.padreeustaquio.com.br\/wp-content\/uploads\/2023\/11\/Entronizacao-4.jpeg","type":"image\/jpeg"}],"author":"@sscc","twitter_card":"summary_large_image","twitter_creator":"@beatopeustaquio","twitter_site":"@beatopeustaquio","twitter_misc":{"Written by":"@sscc","Est. reading time":"2 minutes"},"schema":{"@context":"https:\/\/schema.org","@graph":[{"@type":"Article","@id":"https:\/\/www.padreeustaquio.com.br\/imagem-de-padre-eustaquio-e-entronizada-na-sede-das-damas-da-caridade\/#article","isPartOf":{"@id":"https:\/\/www.padreeustaquio.com.br\/imagem-de-padre-eustaquio-e-entronizada-na-sede-das-damas-da-caridade\/"},"author":{"name":"@sscc","@id":"https:\/\/www.padreeustaquio.com.br\/#\/schema\/person\/a2a51db1d00f1a7af0204a0f1ddb1566"},"headline":"Imagem de Padre Eust\u00e1quio \u00e9 entronizada na sede das Damas da Caridade","datePublished":"2023-11-20T17:05:55+00:00","dateModified":"2023-11-21T10:40:41+00:00","mainEntityOfPage":{"@id":"https:\/\/www.padreeustaquio.com.br\/imagem-de-padre-eustaquio-e-entronizada-na-sede-das-damas-da-caridade\/"},"wordCount":319,"commentCount":0,"publisher":{"@id":"https:\/\/www.padreeustaquio.com.br\/#organization"},"image":{"@id":"https:\/\/www.padreeustaquio.com.br\/imagem-de-padre-eustaquio-e-entronizada-na-sede-das-damas-da-caridade\/#primaryimage"},"thumbnailUrl":"https:\/\/www.padreeustaquio.com.br\/wp-content\/uploads\/2023\/11\/Entronizacao-4.jpeg","articleSection":["Not\u00edcias"],"inLanguage":"en-US","potentialAction":[{"@type":"CommentAction","name":"Comment","target":["https:\/\/www.padreeustaquio.com.br\/imagem-de-padre-eustaquio-e-entronizada-na-sede-das-damas-da-caridade\/#respond"]}]},{"@type":"WebPage","@id":"https:\/\/www.padreeustaquio.com.br\/imagem-de-padre-eustaquio-e-entronizada-na-sede-das-damas-da-caridade\/","url":"https:\/\/www.padreeustaquio.com.br\/imagem-de-padre-eustaquio-e-entronizada-na-sede-das-damas-da-caridade\/","name":"Image of Father Eust\u00e1quio is enthroned at the headquarters of the Ladies of Charity.","isPartOf":{"@id":"https:\/\/www.padreeustaquio.com.br\/#website"},"primaryImageOfPage":{"@id":"https:\/\/www.padreeustaquio.com.br\/imagem-de-padre-eustaquio-e-entronizada-na-sede-das-damas-da-caridade\/#primaryimage"},"image":{"@id":"https:\/\/www.padreeustaquio.com.br\/imagem-de-padre-eustaquio-e-entronizada-na-sede-das-damas-da-caridade\/#primaryimage"},"thumbnailUrl":"https:\/\/www.padreeustaquio.com.br\/wp-content\/uploads\/2023\/11\/Entronizacao-4.jpeg","datePublished":"2023-11-20T17:05:55+00:00","dateModified":"2023-11-21T10:40:41+00:00","description":"The resin image of Blessed Father Eustace was enthroned at the headquarters of the Ladies of Charity of the Sacred Hearts, attached to the church. The enthronement rite was performed by the newly ordained Deacon Vanildo Lima Sena, ss.cc.","breadcrumb":{"@id":"https:\/\/www.padreeustaquio.com.br\/imagem-de-padre-eustaquio-e-entronizada-na-sede-das-damas-da-caridade\/#breadcrumb"},"inLanguage":"en-US","potentialAction":[{"@type":"ReadAction","target":["https:\/\/www.padreeustaquio.com.br\/imagem-de-padre-eustaquio-e-entronizada-na-sede-das-damas-da-caridade\/"]}]},{"@type":"ImageObject","inLanguage":"en-US","@id":"https:\/\/www.padreeustaquio.com.br\/imagem-de-padre-eustaquio-e-entronizada-na-sede-das-damas-da-caridade\/#primaryimage","url":"https:\/\/www.padreeustaquio.com.br\/wp-content\/uploads\/2023\/11\/Entronizacao-4.jpeg","contentUrl":"https:\/\/www.padreeustaquio.com.br\/wp-content\/uploads\/2023\/11\/Entronizacao-4.jpeg","width":1600,"height":1200},{"@type":"BreadcrumbList","@id":"https:\/\/www.padreeustaquio.com.br\/imagem-de-padre-eustaquio-e-entronizada-na-sede-das-damas-da-caridade\/#breadcrumb","itemListElement":[{"@type":"ListItem","position":1,"name":"In\u00edcio","item":"https:\/\/www.padreeustaquio.com.br\/"},{"@type":"ListItem","position":2,"name":"Imagem de Padre Eust\u00e1quio \u00e9 entronizada na sede das Damas da Caridade"}]},{"@type":"WebSite","@id":"https:\/\/www.padreeustaquio.com.br\/#website","url":"https:\/\/www.padreeustaquio.com.br\/","name":"FATHER EUST\u00c1QUIO","description":"Health and Peace","publisher":{"@id":"https:\/\/www.padreeustaquio.com.br\/#organization"},"potentialAction":[{"@type":"SearchAction","target":{"@type":"EntryPoint","urlTemplate":"https:\/\/www.padreeustaquio.com.br\/?s={search_term_string}"},"query-input":{"@type":"PropertyValueSpecification","valueRequired":true,"valueName":"search_term_string"}}],"inLanguage":"en-US"},{"@type":"Organization","@id":"https:\/\/www.padreeustaquio.com.br\/#organization","name":"FATHER EUST\u00c1QUIO","url":"https:\/\/www.padreeustaquio.com.br\/","logo":{"@type":"ImageObject","inLanguage":"en-US","@id":"https:\/\/www.padreeustaquio.com.br\/#\/schema\/logo\/image\/","url":"https:\/\/www.padreeustaquio.com.br\/wp-content\/uploads\/2019\/08\/marca.png","contentUrl":"https:\/\/www.padreeustaquio.com.br\/wp-content\/uploads\/2019\/08\/marca.png","width":350,"height":400,"caption":"Padre Eust\u00e1quio"},"image":{"@id":"https:\/\/www.padreeustaquio.com.br\/#\/schema\/logo\/image\/"},"sameAs":["https:\/\/www.facebook.com\/beatopadreeustaquio\/","https:\/\/x.com\/beatopeustaquio","https:\/\/www.instagram.com\/beatopadreeustaquio\/","https:\/\/www.youtube.com\/channel\/UCRhw7vfabnajwLxb1ZXMeIw"]},{"@type":"Person","@id":"https:\/\/www.padreeustaquio.com.br\/#\/schema\/person\/a2a51db1d00f1a7af0204a0f1ddb1566","name":"@sscc","image":{"@type":"ImageObject","inLanguage":"en-US","@id":"https:\/\/secure.gravatar.com\/avatar\/68cfafa5f44617fea54071e215026e0ff06be366c3d54a8425f04fdcb86f8c5f?s=96&d=mm&r=g","url":"https:\/\/secure.gravatar.com\/avatar\/68cfafa5f44617fea54071e215026e0ff06be366c3d54a8425f04fdcb86f8c5f?s=96&d=mm&r=g","contentUrl":"https:\/\/secure.gravatar.com\/avatar\/68cfafa5f44617fea54071e215026e0ff06be366c3d54a8425f04fdcb86f8c5f?s=96&d=mm&r=g","caption":"@sscc"},"url":"https:\/\/www.padreeustaquio.com.br\/en\/author\/sscc\/"}]}},"_links":{"self":[{"href":"https:\/\/www.padreeustaquio.com.br\/en\/wp-json\/wp\/v2\/posts\/11007","targetHints":{"allow":["GET"]}}],"collection":[{"href":"https:\/\/www.padreeustaquio.com.br\/en\/wp-json\/wp\/v2\/posts"}],"about":[{"href":"https:\/\/www.padreeustaquio.com.br\/en\/wp-json\/wp\/v2\/types\/post"}],"author":[{"embeddable":true,"href":"https:\/\/www.padreeustaquio.com.br\/en\/wp-json\/wp\/v2\/users\/2"}],"replies":[{"embeddable":true,"href":"https:\/\/www.padreeustaquio.com.br\/en\/wp-json\/wp\/v2\/comments?post=11007"}],"version-history":[{"count":0,"href":"https:\/\/www.padreeustaquio.com.br\/en\/wp-json\/wp\/v2\/posts\/11007\/revisions"}],"wp:featuredmedia":[{"embeddable":true,"href":"https:\/\/www.padreeustaquio.com.br\/en\/wp-json\/wp\/v2\/media\/11008"}],"wp:attachment":[{"href":"https:\/\/www.padreeustaquio.com.br\/en\/wp-json\/wp\/v2\/media?parent=11007"}],"wp:term":[{"taxonomy":"category","embeddable":true,"href":"https:\/\/www.padreeustaquio.com.br\/en\/wp-json\/wp\/v2\/categories?post=11007"},{"taxonomy":"post_tag","embeddable":true,"href":"https:\/\/www.padreeustaquio.com.br\/en\/wp-json\/wp\/v2\/tags?post=11007"}],"curies":[{"name":"wp","href":"https:\/\/api.w.org\/{rel}","templated":true}]}}