{"id":10993,"date":"2023-11-08T07:00:17","date_gmt":"2023-11-08T10:00:17","guid":{"rendered":"https:\/\/www.padreeustaquio.com.br\/?p=10993"},"modified":"2023-11-09T09:25:43","modified_gmt":"2023-11-09T12:25:43","slug":"brother-vanildo-will-be-ordained-a-deacon-this-friday-in-belo-horizonte","status":"publish","type":"post","link":"https:\/\/www.padreeustaquio.com.br\/en\/brother-vanildo-will-be-ordained-a-deacon-this-friday-in-belo-horizonte\/","title":{"rendered":"Brother Vanildo will be ordained a Deacon this Friday in Belo Horizonte."},"content":{"rendered":"<p>Brother Vanildo Lima Sena, ss.cc, will be ordained a Deacon next Friday, November 10th. The ordination ceremony is scheduled for 7 PM at the Archdiocesan Sanctuary of Health and Peace in Belo Horizonte.<\/p>\n<p>The Holy Mass will be presided over by Dom Alo\u00edsio Jorge Pena Vitral, Bishop Emeritus of the Diocese of Sete Lagoas-MG. He will lay hands on Brother Vanildo and offer a consecratory prayer during the ceremony. These acts represent the visible sign of the sacrament of Holy Orders.<\/p>\n<p>In addition to Brother Vanildo&#039;s family members, who came from Esp\u00edrito Santo, the entire parish community and visitors are invited to participate in person in the celebration, which will also be broadcast live on the Padre Eust\u00e1quio Channel on YouTube.<\/p>\n<p><a href=\"https:\/\/youtube.com\/live\/URxzl2zcq7I?feature=share\">CLICK HERE<\/a> And share the ordination link with your friends and family so that more people can join in prayer for Brother Vanildo and this stage of his Religious Life.<\/p>\n<p><strong>Brother Vanildo Lima Sena<\/strong><\/p>\n<p>Vanildo Lima Sena, SS.CC. was born in the city of Anchieta-ES, on December 12, 1992. Son of Valdemir Jos\u00e9 Sena and Marilza Machado Lima Sena, he entered the Congregation of the Sacred Hearts in 2016. He completed his novitiate in 2019 in Chaclacayo and professed his first vows on January 25, 2020, in the Chapel of Casa Anchieta in Boraceia-SP.<\/p>\n<p>He completed his Theology studies in 2020 at the Jesuit Faculty. In 2021, he completed his pastoral year at the Sacred Hearts Community in Tijuca, Rio de Janeiro. Since 2022, he has resided in the religious community of the Sanctuary of Health and Peace, where he works pastorally. He professed his Perpetual Vows on July 27, 2023, at the S\u00e3o Jos\u00e9 Oper\u00e1rio Chapel in Pindamonhangaba\/SP.<\/p>","protected":false},"excerpt":{"rendered":"<p>O Irm\u00e3o Vanildo Lima Sena, ss.cc, ser\u00e1 ordenado Di\u00e1cono na pr\u00f3xima sexta-feira, dia 10 de novembro. A cerim\u00f4nia de ordena\u00e7\u00e3o est\u00e1 marcada para \u00e0s 19h, no Santu\u00e1rio Arquidiocesano da Sa\u00fade e da Paz, em Belo Horizonte. A Santa Missa ser\u00e1 presidida por Dom Alo\u00edsio Jorge Pena Vitral, bispo em\u00e9rito da Diocese de Sete Lagoas-MG. Ele far\u00e1 a imposi\u00e7\u00e3o das m\u00e3os e ora\u00e7\u00e3o consecrat\u00f3ria ao irm\u00e3o Vanildo durante a cerim\u00f4nia. Os atos caracterizam o sinal vis\u00edvel do sacramento da ordem. Al\u00e9m dos familiares do irm\u00e3o Vanildo, vindos do Esp\u00edrito Santo, toda a comunidade paroquial e visitantes est\u00e3o convidados a participar presencialmente [&hellip;]<\/p>\n","protected":false},"author":2,"featured_media":10994,"comment_status":"open","ping_status":"closed","sticky":false,"template":"","format":"standard","meta":{"_acf_changed":false,"footnotes":""},"categories":[611],"tags":[],"class_list":["post-10993","post","type-post","status-publish","format-standard","has-post-thumbnail","hentry","category-noticias"],"acf":[],"yoast_head":"<!-- This site is optimized with the Yoast SEO plugin v27.2 - https:\/\/yoast.com\/product\/yoast-seo-wordpress\/ -->\n<title>Ir. Vanildo ser\u00e1 ordenado Di\u00e1cono nesta sexta-feira, em BH<\/title>\n<meta name=\"description\" content=\"O Irm\u00e3o Vanildo Lima Sena, ss.cc, ser\u00e1 ordenado Di\u00e1cono na pr\u00f3xima sexta-feira, dia 10 de novembro. A cerim\u00f4nia de ordena\u00e7\u00e3o est\u00e1 marcada para \u00e0s 19h, no Santu\u00e1rio Arquidiocesano da Sa\u00fade e da Paz, em Belo Horizonte.\" \/>\n<meta name=\"robots\" content=\"index, follow, max-snippet:-1, max-image-preview:large, max-video-preview:-1\" \/>\n<link rel=\"canonical\" href=\"https:\/\/www.padreeustaquio.com.br\/en\/brother-vanildo-will-be-ordained-a-deacon-this-friday-in-belo-horizonte\/\" \/>\n<meta property=\"og:locale\" content=\"en_US\" \/>\n<meta property=\"og:type\" content=\"article\" \/>\n<meta property=\"og:title\" content=\"Ir. Vanildo ser\u00e1 ordenado Di\u00e1cono nesta sexta-feira, em BH\" \/>\n<meta property=\"og:description\" content=\"O Irm\u00e3o Vanildo Lima Sena, ss.cc, ser\u00e1 ordenado Di\u00e1cono na pr\u00f3xima sexta-feira, dia 10 de novembro. A cerim\u00f4nia de ordena\u00e7\u00e3o est\u00e1 marcada para \u00e0s 19h, no Santu\u00e1rio Arquidiocesano da Sa\u00fade e da Paz, em Belo Horizonte.\" \/>\n<meta property=\"og:url\" content=\"https:\/\/www.padreeustaquio.com.br\/en\/brother-vanildo-will-be-ordained-a-deacon-this-friday-in-belo-horizonte\/\" \/>\n<meta property=\"og:site_name\" content=\"Padre Eust\u00e1quio\" \/>\n<meta property=\"article:publisher\" content=\"https:\/\/www.facebook.com\/beatopadreeustaquio\/\" \/>\n<meta property=\"article:published_time\" content=\"2023-11-08T10:00:17+00:00\" \/>\n<meta property=\"article:modified_time\" content=\"2023-11-09T12:25:43+00:00\" \/>\n<meta property=\"og:image\" content=\"https:\/\/www.padreeustaquio.com.br\/wp-content\/uploads\/2023\/11\/Vanildo-lima-sena.png\" \/>\n\t<meta property=\"og:image:width\" content=\"2000\" \/>\n\t<meta property=\"og:image:height\" content=\"1251\" \/>\n\t<meta property=\"og:image:type\" content=\"image\/png\" \/>\n<meta name=\"author\" content=\"@sscc\" \/>\n<meta name=\"twitter:card\" content=\"summary_large_image\" \/>\n<meta name=\"twitter:creator\" content=\"@beatopeustaquio\" \/>\n<meta name=\"twitter:site\" content=\"@beatopeustaquio\" \/>\n<meta name=\"twitter:label1\" content=\"Written by\" \/>\n\t<meta name=\"twitter:data1\" content=\"@sscc\" \/>\n\t<meta name=\"twitter:label2\" content=\"Est. reading time\" \/>\n\t<meta name=\"twitter:data2\" content=\"2 minutes\" \/>\n<script type=\"application\/ld+json\" class=\"yoast-schema-graph\">{\"@context\":\"https:\/\/schema.org\",\"@graph\":[{\"@type\":\"Article\",\"@id\":\"https:\/\/www.padreeustaquio.com.br\/ir-vanildo-sera-ordenado-diacono-nesta-sexta-feira-em-bh\/#article\",\"isPartOf\":{\"@id\":\"https:\/\/www.padreeustaquio.com.br\/ir-vanildo-sera-ordenado-diacono-nesta-sexta-feira-em-bh\/\"},\"author\":{\"name\":\"@sscc\",\"@id\":\"https:\/\/www.padreeustaquio.com.br\/#\/schema\/person\/a2a51db1d00f1a7af0204a0f1ddb1566\"},\"headline\":\"Ir. Vanildo ser\u00e1 ordenado Di\u00e1cono nesta sexta-feira, em BH\",\"datePublished\":\"2023-11-08T10:00:17+00:00\",\"dateModified\":\"2023-11-09T12:25:43+00:00\",\"mainEntityOfPage\":{\"@id\":\"https:\/\/www.padreeustaquio.com.br\/ir-vanildo-sera-ordenado-diacono-nesta-sexta-feira-em-bh\/\"},\"wordCount\":303,\"commentCount\":0,\"publisher\":{\"@id\":\"https:\/\/www.padreeustaquio.com.br\/#organization\"},\"image\":{\"@id\":\"https:\/\/www.padreeustaquio.com.br\/ir-vanildo-sera-ordenado-diacono-nesta-sexta-feira-em-bh\/#primaryimage\"},\"thumbnailUrl\":\"https:\/\/www.padreeustaquio.com.br\/wp-content\/uploads\/2023\/11\/Vanildo-lima-sena.png\",\"articleSection\":[\"Not\u00edcias\"],\"inLanguage\":\"en-US\",\"potentialAction\":[{\"@type\":\"CommentAction\",\"name\":\"Comment\",\"target\":[\"https:\/\/www.padreeustaquio.com.br\/ir-vanildo-sera-ordenado-diacono-nesta-sexta-feira-em-bh\/#respond\"]}]},{\"@type\":\"WebPage\",\"@id\":\"https:\/\/www.padreeustaquio.com.br\/ir-vanildo-sera-ordenado-diacono-nesta-sexta-feira-em-bh\/\",\"url\":\"https:\/\/www.padreeustaquio.com.br\/ir-vanildo-sera-ordenado-diacono-nesta-sexta-feira-em-bh\/\",\"name\":\"Ir. Vanildo ser\u00e1 ordenado Di\u00e1cono nesta sexta-feira, em BH\",\"isPartOf\":{\"@id\":\"https:\/\/www.padreeustaquio.com.br\/#website\"},\"primaryImageOfPage\":{\"@id\":\"https:\/\/www.padreeustaquio.com.br\/ir-vanildo-sera-ordenado-diacono-nesta-sexta-feira-em-bh\/#primaryimage\"},\"image\":{\"@id\":\"https:\/\/www.padreeustaquio.com.br\/ir-vanildo-sera-ordenado-diacono-nesta-sexta-feira-em-bh\/#primaryimage\"},\"thumbnailUrl\":\"https:\/\/www.padreeustaquio.com.br\/wp-content\/uploads\/2023\/11\/Vanildo-lima-sena.png\",\"datePublished\":\"2023-11-08T10:00:17+00:00\",\"dateModified\":\"2023-11-09T12:25:43+00:00\",\"description\":\"O Irm\u00e3o Vanildo Lima Sena, ss.cc, ser\u00e1 ordenado Di\u00e1cono na pr\u00f3xima sexta-feira, dia 10 de novembro. A cerim\u00f4nia de ordena\u00e7\u00e3o est\u00e1 marcada para \u00e0s 19h, no Santu\u00e1rio Arquidiocesano da Sa\u00fade e da Paz, em Belo Horizonte.\",\"breadcrumb\":{\"@id\":\"https:\/\/www.padreeustaquio.com.br\/ir-vanildo-sera-ordenado-diacono-nesta-sexta-feira-em-bh\/#breadcrumb\"},\"inLanguage\":\"en-US\",\"potentialAction\":[{\"@type\":\"ReadAction\",\"target\":[\"https:\/\/www.padreeustaquio.com.br\/ir-vanildo-sera-ordenado-diacono-nesta-sexta-feira-em-bh\/\"]}]},{\"@type\":\"ImageObject\",\"inLanguage\":\"en-US\",\"@id\":\"https:\/\/www.padreeustaquio.com.br\/ir-vanildo-sera-ordenado-diacono-nesta-sexta-feira-em-bh\/#primaryimage\",\"url\":\"https:\/\/www.padreeustaquio.com.br\/wp-content\/uploads\/2023\/11\/Vanildo-lima-sena.png\",\"contentUrl\":\"https:\/\/www.padreeustaquio.com.br\/wp-content\/uploads\/2023\/11\/Vanildo-lima-sena.png\",\"width\":2000,\"height\":1251,\"caption\":\"Ir. Vanildo, recebendo os primeiros minist\u00e9rios em setembro deste ano.\"},{\"@type\":\"BreadcrumbList\",\"@id\":\"https:\/\/www.padreeustaquio.com.br\/ir-vanildo-sera-ordenado-diacono-nesta-sexta-feira-em-bh\/#breadcrumb\",\"itemListElement\":[{\"@type\":\"ListItem\",\"position\":1,\"name\":\"In\u00edcio\",\"item\":\"https:\/\/www.padreeustaquio.com.br\/\"},{\"@type\":\"ListItem\",\"position\":2,\"name\":\"Ir. Vanildo ser\u00e1 ordenado Di\u00e1cono nesta sexta-feira, em BH\"}]},{\"@type\":\"WebSite\",\"@id\":\"https:\/\/www.padreeustaquio.com.br\/#website\",\"url\":\"https:\/\/www.padreeustaquio.com.br\/\",\"name\":\"Padre Eust\u00e1quio\",\"description\":\"Sa\u00fade e Paz\",\"publisher\":{\"@id\":\"https:\/\/www.padreeustaquio.com.br\/#organization\"},\"potentialAction\":[{\"@type\":\"SearchAction\",\"target\":{\"@type\":\"EntryPoint\",\"urlTemplate\":\"https:\/\/www.padreeustaquio.com.br\/?s={search_term_string}\"},\"query-input\":{\"@type\":\"PropertyValueSpecification\",\"valueRequired\":true,\"valueName\":\"search_term_string\"}}],\"inLanguage\":\"en-US\"},{\"@type\":\"Organization\",\"@id\":\"https:\/\/www.padreeustaquio.com.br\/#organization\",\"name\":\"Padre Eust\u00e1quio\",\"url\":\"https:\/\/www.padreeustaquio.com.br\/\",\"logo\":{\"@type\":\"ImageObject\",\"inLanguage\":\"en-US\",\"@id\":\"https:\/\/www.padreeustaquio.com.br\/#\/schema\/logo\/image\/\",\"url\":\"https:\/\/www.padreeustaquio.com.br\/wp-content\/uploads\/2019\/08\/marca.png\",\"contentUrl\":\"https:\/\/www.padreeustaquio.com.br\/wp-content\/uploads\/2019\/08\/marca.png\",\"width\":350,\"height\":400,\"caption\":\"Padre Eust\u00e1quio\"},\"image\":{\"@id\":\"https:\/\/www.padreeustaquio.com.br\/#\/schema\/logo\/image\/\"},\"sameAs\":[\"https:\/\/www.facebook.com\/beatopadreeustaquio\/\",\"https:\/\/x.com\/beatopeustaquio\",\"https:\/\/www.instagram.com\/beatopadreeustaquio\/\",\"https:\/\/www.youtube.com\/channel\/UCRhw7vfabnajwLxb1ZXMeIw\"]},{\"@type\":\"Person\",\"@id\":\"https:\/\/www.padreeustaquio.com.br\/#\/schema\/person\/a2a51db1d00f1a7af0204a0f1ddb1566\",\"name\":\"@sscc\",\"image\":{\"@type\":\"ImageObject\",\"inLanguage\":\"en-US\",\"@id\":\"https:\/\/secure.gravatar.com\/avatar\/68cfafa5f44617fea54071e215026e0ff06be366c3d54a8425f04fdcb86f8c5f?s=96&d=mm&r=g\",\"url\":\"https:\/\/secure.gravatar.com\/avatar\/68cfafa5f44617fea54071e215026e0ff06be366c3d54a8425f04fdcb86f8c5f?s=96&d=mm&r=g\",\"contentUrl\":\"https:\/\/secure.gravatar.com\/avatar\/68cfafa5f44617fea54071e215026e0ff06be366c3d54a8425f04fdcb86f8c5f?s=96&d=mm&r=g\",\"caption\":\"@sscc\"},\"url\":\"https:\/\/www.padreeustaquio.com.br\/en\/author\/sscc\/\"}]}<\/script>\n<!-- \/ Yoast SEO plugin. -->","yoast_head_json":{"title":"Brother Vanildo will be ordained a Deacon this Friday in Belo Horizonte.","description":"Brother Vanildo Lima Sena, ss.cc, will be ordained a Deacon next Friday, November 10th. The ordination ceremony is scheduled for 7 PM at the Archdiocesan Sanctuary of Health and Peace in Belo Horizonte.","robots":{"index":"index","follow":"follow","max-snippet":"max-snippet:-1","max-image-preview":"max-image-preview:large","max-video-preview":"max-video-preview:-1"},"canonical":"https:\/\/www.padreeustaquio.com.br\/en\/brother-vanildo-will-be-ordained-a-deacon-this-friday-in-belo-horizonte\/","og_locale":"en_US","og_type":"article","og_title":"Ir. Vanildo ser\u00e1 ordenado Di\u00e1cono nesta sexta-feira, em BH","og_description":"O Irm\u00e3o Vanildo Lima Sena, ss.cc, ser\u00e1 ordenado Di\u00e1cono na pr\u00f3xima sexta-feira, dia 10 de novembro. A cerim\u00f4nia de ordena\u00e7\u00e3o est\u00e1 marcada para \u00e0s 19h, no Santu\u00e1rio Arquidiocesano da Sa\u00fade e da Paz, em Belo Horizonte.","og_url":"https:\/\/www.padreeustaquio.com.br\/en\/brother-vanildo-will-be-ordained-a-deacon-this-friday-in-belo-horizonte\/","og_site_name":"Padre Eust\u00e1quio","article_publisher":"https:\/\/www.facebook.com\/beatopadreeustaquio\/","article_published_time":"2023-11-08T10:00:17+00:00","article_modified_time":"2023-11-09T12:25:43+00:00","og_image":[{"width":2000,"height":1251,"url":"https:\/\/www.padreeustaquio.com.br\/wp-content\/uploads\/2023\/11\/Vanildo-lima-sena.png","type":"image\/png"}],"author":"@sscc","twitter_card":"summary_large_image","twitter_creator":"@beatopeustaquio","twitter_site":"@beatopeustaquio","twitter_misc":{"Written by":"@sscc","Est. reading time":"2 minutes"},"schema":{"@context":"https:\/\/schema.org","@graph":[{"@type":"Article","@id":"https:\/\/www.padreeustaquio.com.br\/ir-vanildo-sera-ordenado-diacono-nesta-sexta-feira-em-bh\/#article","isPartOf":{"@id":"https:\/\/www.padreeustaquio.com.br\/ir-vanildo-sera-ordenado-diacono-nesta-sexta-feira-em-bh\/"},"author":{"name":"@sscc","@id":"https:\/\/www.padreeustaquio.com.br\/#\/schema\/person\/a2a51db1d00f1a7af0204a0f1ddb1566"},"headline":"Ir. Vanildo ser\u00e1 ordenado Di\u00e1cono nesta sexta-feira, em BH","datePublished":"2023-11-08T10:00:17+00:00","dateModified":"2023-11-09T12:25:43+00:00","mainEntityOfPage":{"@id":"https:\/\/www.padreeustaquio.com.br\/ir-vanildo-sera-ordenado-diacono-nesta-sexta-feira-em-bh\/"},"wordCount":303,"commentCount":0,"publisher":{"@id":"https:\/\/www.padreeustaquio.com.br\/#organization"},"image":{"@id":"https:\/\/www.padreeustaquio.com.br\/ir-vanildo-sera-ordenado-diacono-nesta-sexta-feira-em-bh\/#primaryimage"},"thumbnailUrl":"https:\/\/www.padreeustaquio.com.br\/wp-content\/uploads\/2023\/11\/Vanildo-lima-sena.png","articleSection":["Not\u00edcias"],"inLanguage":"en-US","potentialAction":[{"@type":"CommentAction","name":"Comment","target":["https:\/\/www.padreeustaquio.com.br\/ir-vanildo-sera-ordenado-diacono-nesta-sexta-feira-em-bh\/#respond"]}]},{"@type":"WebPage","@id":"https:\/\/www.padreeustaquio.com.br\/ir-vanildo-sera-ordenado-diacono-nesta-sexta-feira-em-bh\/","url":"https:\/\/www.padreeustaquio.com.br\/ir-vanildo-sera-ordenado-diacono-nesta-sexta-feira-em-bh\/","name":"Brother Vanildo will be ordained a Deacon this Friday in Belo Horizonte.","isPartOf":{"@id":"https:\/\/www.padreeustaquio.com.br\/#website"},"primaryImageOfPage":{"@id":"https:\/\/www.padreeustaquio.com.br\/ir-vanildo-sera-ordenado-diacono-nesta-sexta-feira-em-bh\/#primaryimage"},"image":{"@id":"https:\/\/www.padreeustaquio.com.br\/ir-vanildo-sera-ordenado-diacono-nesta-sexta-feira-em-bh\/#primaryimage"},"thumbnailUrl":"https:\/\/www.padreeustaquio.com.br\/wp-content\/uploads\/2023\/11\/Vanildo-lima-sena.png","datePublished":"2023-11-08T10:00:17+00:00","dateModified":"2023-11-09T12:25:43+00:00","description":"Brother Vanildo Lima Sena, ss.cc, will be ordained a Deacon next Friday, November 10th. The ordination ceremony is scheduled for 7 PM at the Archdiocesan Sanctuary of Health and Peace in Belo Horizonte.","breadcrumb":{"@id":"https:\/\/www.padreeustaquio.com.br\/ir-vanildo-sera-ordenado-diacono-nesta-sexta-feira-em-bh\/#breadcrumb"},"inLanguage":"en-US","potentialAction":[{"@type":"ReadAction","target":["https:\/\/www.padreeustaquio.com.br\/ir-vanildo-sera-ordenado-diacono-nesta-sexta-feira-em-bh\/"]}]},{"@type":"ImageObject","inLanguage":"en-US","@id":"https:\/\/www.padreeustaquio.com.br\/ir-vanildo-sera-ordenado-diacono-nesta-sexta-feira-em-bh\/#primaryimage","url":"https:\/\/www.padreeustaquio.com.br\/wp-content\/uploads\/2023\/11\/Vanildo-lima-sena.png","contentUrl":"https:\/\/www.padreeustaquio.com.br\/wp-content\/uploads\/2023\/11\/Vanildo-lima-sena.png","width":2000,"height":1251,"caption":"Ir. Vanildo, recebendo os primeiros minist\u00e9rios em setembro deste ano."},{"@type":"BreadcrumbList","@id":"https:\/\/www.padreeustaquio.com.br\/ir-vanildo-sera-ordenado-diacono-nesta-sexta-feira-em-bh\/#breadcrumb","itemListElement":[{"@type":"ListItem","position":1,"name":"In\u00edcio","item":"https:\/\/www.padreeustaquio.com.br\/"},{"@type":"ListItem","position":2,"name":"Ir. Vanildo ser\u00e1 ordenado Di\u00e1cono nesta sexta-feira, em BH"}]},{"@type":"WebSite","@id":"https:\/\/www.padreeustaquio.com.br\/#website","url":"https:\/\/www.padreeustaquio.com.br\/","name":"FATHER EUST\u00c1QUIO","description":"Health and Peace","publisher":{"@id":"https:\/\/www.padreeustaquio.com.br\/#organization"},"potentialAction":[{"@type":"SearchAction","target":{"@type":"EntryPoint","urlTemplate":"https:\/\/www.padreeustaquio.com.br\/?s={search_term_string}"},"query-input":{"@type":"PropertyValueSpecification","valueRequired":true,"valueName":"search_term_string"}}],"inLanguage":"en-US"},{"@type":"Organization","@id":"https:\/\/www.padreeustaquio.com.br\/#organization","name":"FATHER EUST\u00c1QUIO","url":"https:\/\/www.padreeustaquio.com.br\/","logo":{"@type":"ImageObject","inLanguage":"en-US","@id":"https:\/\/www.padreeustaquio.com.br\/#\/schema\/logo\/image\/","url":"https:\/\/www.padreeustaquio.com.br\/wp-content\/uploads\/2019\/08\/marca.png","contentUrl":"https:\/\/www.padreeustaquio.com.br\/wp-content\/uploads\/2019\/08\/marca.png","width":350,"height":400,"caption":"Padre Eust\u00e1quio"},"image":{"@id":"https:\/\/www.padreeustaquio.com.br\/#\/schema\/logo\/image\/"},"sameAs":["https:\/\/www.facebook.com\/beatopadreeustaquio\/","https:\/\/x.com\/beatopeustaquio","https:\/\/www.instagram.com\/beatopadreeustaquio\/","https:\/\/www.youtube.com\/channel\/UCRhw7vfabnajwLxb1ZXMeIw"]},{"@type":"Person","@id":"https:\/\/www.padreeustaquio.com.br\/#\/schema\/person\/a2a51db1d00f1a7af0204a0f1ddb1566","name":"@sscc","image":{"@type":"ImageObject","inLanguage":"en-US","@id":"https:\/\/secure.gravatar.com\/avatar\/68cfafa5f44617fea54071e215026e0ff06be366c3d54a8425f04fdcb86f8c5f?s=96&d=mm&r=g","url":"https:\/\/secure.gravatar.com\/avatar\/68cfafa5f44617fea54071e215026e0ff06be366c3d54a8425f04fdcb86f8c5f?s=96&d=mm&r=g","contentUrl":"https:\/\/secure.gravatar.com\/avatar\/68cfafa5f44617fea54071e215026e0ff06be366c3d54a8425f04fdcb86f8c5f?s=96&d=mm&r=g","caption":"@sscc"},"url":"https:\/\/www.padreeustaquio.com.br\/en\/author\/sscc\/"}]}},"_links":{"self":[{"href":"https:\/\/www.padreeustaquio.com.br\/en\/wp-json\/wp\/v2\/posts\/10993","targetHints":{"allow":["GET"]}}],"collection":[{"href":"https:\/\/www.padreeustaquio.com.br\/en\/wp-json\/wp\/v2\/posts"}],"about":[{"href":"https:\/\/www.padreeustaquio.com.br\/en\/wp-json\/wp\/v2\/types\/post"}],"author":[{"embeddable":true,"href":"https:\/\/www.padreeustaquio.com.br\/en\/wp-json\/wp\/v2\/users\/2"}],"replies":[{"embeddable":true,"href":"https:\/\/www.padreeustaquio.com.br\/en\/wp-json\/wp\/v2\/comments?post=10993"}],"version-history":[{"count":0,"href":"https:\/\/www.padreeustaquio.com.br\/en\/wp-json\/wp\/v2\/posts\/10993\/revisions"}],"wp:featuredmedia":[{"embeddable":true,"href":"https:\/\/www.padreeustaquio.com.br\/en\/wp-json\/wp\/v2\/media\/10994"}],"wp:attachment":[{"href":"https:\/\/www.padreeustaquio.com.br\/en\/wp-json\/wp\/v2\/media?parent=10993"}],"wp:term":[{"taxonomy":"category","embeddable":true,"href":"https:\/\/www.padreeustaquio.com.br\/en\/wp-json\/wp\/v2\/categories?post=10993"},{"taxonomy":"post_tag","embeddable":true,"href":"https:\/\/www.padreeustaquio.com.br\/en\/wp-json\/wp\/v2\/tags?post=10993"}],"curies":[{"name":"wp","href":"https:\/\/api.w.org\/{rel}","templated":true}]}}