{"id":10991,"date":"2023-11-10T12:00:24","date_gmt":"2023-11-10T15:00:24","guid":{"rendered":"https:\/\/www.padreeustaquio.com.br\/?p=10991"},"modified":"2023-11-07T15:56:44","modified_gmt":"2023-11-07T18:56:44","slug":"the-first-spring-festival-takes-place-this-saturday-at-the-sanctuary","status":"publish","type":"post","link":"https:\/\/www.padreeustaquio.com.br\/en\/the-first-spring-festival-takes-place-this-saturday-at-the-sanctuary\/","title":{"rendered":"The first Spring Festival takes place this Saturday at the Sanctuary."},"content":{"rendered":"<p>Considered a great community gathering, the First Spring Festival will be held this Saturday, November 11th, starting at 7 PM. The event will take place at the Sacred Hearts Community Center and will bring together parishioners and visitors for moments of joy and relaxation.<\/p>\n<p>There are still tickets available for tables of 4 or individual tickets. Tickets include a main entry card for the prize draw, giving you a chance to win a 50-inch TV, a cell phone, and an Air Fryer.<\/p>\n<p>In addition to this ticket, others will be sold throughout the festival, which will feature music and plenty of delicious food. The Spring Festival runs until 10 pm and is promoted by the Pastoral of Festivals and Events to help maintain the Sanctuary. To purchase tickets, simply go to the Parish Office or call (31) 3462-6557.<\/p>\n<p>The Spring Festival is an opportunity to bring together friends, family, and community members, and also to help the parish with its pastoral work and church maintenance.<\/p>","protected":false},"excerpt":{"rendered":"<p>Tida como um grande encontro com a comunidade, a Primeira Festa da Primavera ser\u00e1 realizada neste s\u00e1bado, dia 11 de novembro a partir das 19h. O evento ser\u00e1 no Centro Comunit\u00e1rio dos Sagrados Cora\u00e7\u00f5es e reunir\u00e1 paroquianos e visitantes para momentos de alegria e descontra\u00e7\u00e3o. Ainda h\u00e1 ingressos dispon\u00edveis para mesas com 4 lugares ou entradas individuais. Os ingressos d\u00e3o direito a cartela principal do show de pr\u00eamios para concorrer a uma TV de 50 polegadas, um celular e uma Air Fryer. Al\u00e9m desta cartela, outras ser\u00e3o vendidas ao longo da festa, que ter\u00e1 m\u00fasica e muita comida gostosa. A [&hellip;]<\/p>\n","protected":false},"author":2,"featured_media":10960,"comment_status":"open","ping_status":"closed","sticky":false,"template":"","format":"standard","meta":{"_acf_changed":false,"footnotes":""},"categories":[611],"tags":[],"class_list":["post-10991","post","type-post","status-publish","format-standard","has-post-thumbnail","hentry","category-noticias"],"acf":[],"yoast_head":"<!-- This site is optimized with the Yoast SEO plugin v27.2 - https:\/\/yoast.com\/product\/yoast-seo-wordpress\/ -->\n<title>Primeira Festa da Primavera acontece neste s\u00e1bado no Santu\u00e1rio<\/title>\n<meta name=\"description\" content=\"Tida como um grande encontro com a comunidade, a Primeira Festa da Primavera ser\u00e1 realizada neste s\u00e1bado, dia 11 de novembro a partir das 19h. O evento ser\u00e1 no Centro Comunit\u00e1rio dos Sagrados Cora\u00e7\u00f5es e reunir\u00e1 paroquianos e visitantes para momentos de alegria e descontra\u00e7\u00e3o.\" \/>\n<meta name=\"robots\" content=\"index, follow, max-snippet:-1, max-image-preview:large, max-video-preview:-1\" \/>\n<link rel=\"canonical\" href=\"https:\/\/www.padreeustaquio.com.br\/en\/the-first-spring-festival-takes-place-this-saturday-at-the-sanctuary\/\" \/>\n<meta property=\"og:locale\" content=\"en_US\" \/>\n<meta property=\"og:type\" content=\"article\" \/>\n<meta property=\"og:title\" content=\"Primeira Festa da Primavera acontece neste s\u00e1bado no Santu\u00e1rio\" \/>\n<meta property=\"og:description\" content=\"Tida como um grande encontro com a comunidade, a Primeira Festa da Primavera ser\u00e1 realizada neste s\u00e1bado, dia 11 de novembro a partir das 19h. O evento ser\u00e1 no Centro Comunit\u00e1rio dos Sagrados Cora\u00e7\u00f5es e reunir\u00e1 paroquianos e visitantes para momentos de alegria e descontra\u00e7\u00e3o.\" \/>\n<meta property=\"og:url\" content=\"https:\/\/www.padreeustaquio.com.br\/en\/the-first-spring-festival-takes-place-this-saturday-at-the-sanctuary\/\" \/>\n<meta property=\"og:site_name\" content=\"Padre Eust\u00e1quio\" \/>\n<meta property=\"article:publisher\" content=\"https:\/\/www.facebook.com\/beatopadreeustaquio\/\" \/>\n<meta property=\"article:published_time\" content=\"2023-11-10T15:00:24+00:00\" \/>\n<meta property=\"og:image\" content=\"https:\/\/www.padreeustaquio.com.br\/wp-content\/uploads\/2023\/10\/festa-da-primavera.jpeg\" \/>\n\t<meta property=\"og:image:width\" content=\"1600\" \/>\n\t<meta property=\"og:image:height\" content=\"1131\" \/>\n\t<meta property=\"og:image:type\" content=\"image\/jpeg\" \/>\n<meta name=\"author\" content=\"@sscc\" \/>\n<meta name=\"twitter:card\" content=\"summary_large_image\" \/>\n<meta name=\"twitter:creator\" content=\"@beatopeustaquio\" \/>\n<meta name=\"twitter:site\" content=\"@beatopeustaquio\" \/>\n<meta name=\"twitter:label1\" content=\"Written by\" \/>\n\t<meta name=\"twitter:data1\" content=\"@sscc\" \/>\n\t<meta name=\"twitter:label2\" content=\"Est. reading time\" \/>\n\t<meta name=\"twitter:data2\" content=\"1 minute\" \/>\n<script type=\"application\/ld+json\" class=\"yoast-schema-graph\">{\"@context\":\"https:\/\/schema.org\",\"@graph\":[{\"@type\":\"Article\",\"@id\":\"https:\/\/www.padreeustaquio.com.br\/primeira-festa-da-primavera-acontece-neste-sabado-no-santuario\/#article\",\"isPartOf\":{\"@id\":\"https:\/\/www.padreeustaquio.com.br\/primeira-festa-da-primavera-acontece-neste-sabado-no-santuario\/\"},\"author\":{\"name\":\"@sscc\",\"@id\":\"https:\/\/www.padreeustaquio.com.br\/#\/schema\/person\/a2a51db1d00f1a7af0204a0f1ddb1566\"},\"headline\":\"Primeira Festa da Primavera acontece neste s\u00e1bado no Santu\u00e1rio\",\"datePublished\":\"2023-11-10T15:00:24+00:00\",\"mainEntityOfPage\":{\"@id\":\"https:\/\/www.padreeustaquio.com.br\/primeira-festa-da-primavera-acontece-neste-sabado-no-santuario\/\"},\"wordCount\":189,\"commentCount\":0,\"publisher\":{\"@id\":\"https:\/\/www.padreeustaquio.com.br\/#organization\"},\"image\":{\"@id\":\"https:\/\/www.padreeustaquio.com.br\/primeira-festa-da-primavera-acontece-neste-sabado-no-santuario\/#primaryimage\"},\"thumbnailUrl\":\"https:\/\/www.padreeustaquio.com.br\/wp-content\/uploads\/2023\/10\/festa-da-primavera.jpeg\",\"articleSection\":[\"Not\u00edcias\"],\"inLanguage\":\"en-US\",\"potentialAction\":[{\"@type\":\"CommentAction\",\"name\":\"Comment\",\"target\":[\"https:\/\/www.padreeustaquio.com.br\/primeira-festa-da-primavera-acontece-neste-sabado-no-santuario\/#respond\"]}]},{\"@type\":\"WebPage\",\"@id\":\"https:\/\/www.padreeustaquio.com.br\/primeira-festa-da-primavera-acontece-neste-sabado-no-santuario\/\",\"url\":\"https:\/\/www.padreeustaquio.com.br\/primeira-festa-da-primavera-acontece-neste-sabado-no-santuario\/\",\"name\":\"Primeira Festa da Primavera acontece neste s\u00e1bado no Santu\u00e1rio\",\"isPartOf\":{\"@id\":\"https:\/\/www.padreeustaquio.com.br\/#website\"},\"primaryImageOfPage\":{\"@id\":\"https:\/\/www.padreeustaquio.com.br\/primeira-festa-da-primavera-acontece-neste-sabado-no-santuario\/#primaryimage\"},\"image\":{\"@id\":\"https:\/\/www.padreeustaquio.com.br\/primeira-festa-da-primavera-acontece-neste-sabado-no-santuario\/#primaryimage\"},\"thumbnailUrl\":\"https:\/\/www.padreeustaquio.com.br\/wp-content\/uploads\/2023\/10\/festa-da-primavera.jpeg\",\"datePublished\":\"2023-11-10T15:00:24+00:00\",\"description\":\"Tida como um grande encontro com a comunidade, a Primeira Festa da Primavera ser\u00e1 realizada neste s\u00e1bado, dia 11 de novembro a partir das 19h. O evento ser\u00e1 no Centro Comunit\u00e1rio dos Sagrados Cora\u00e7\u00f5es e reunir\u00e1 paroquianos e visitantes para momentos de alegria e descontra\u00e7\u00e3o.\",\"breadcrumb\":{\"@id\":\"https:\/\/www.padreeustaquio.com.br\/primeira-festa-da-primavera-acontece-neste-sabado-no-santuario\/#breadcrumb\"},\"inLanguage\":\"en-US\",\"potentialAction\":[{\"@type\":\"ReadAction\",\"target\":[\"https:\/\/www.padreeustaquio.com.br\/primeira-festa-da-primavera-acontece-neste-sabado-no-santuario\/\"]}]},{\"@type\":\"ImageObject\",\"inLanguage\":\"en-US\",\"@id\":\"https:\/\/www.padreeustaquio.com.br\/primeira-festa-da-primavera-acontece-neste-sabado-no-santuario\/#primaryimage\",\"url\":\"https:\/\/www.padreeustaquio.com.br\/wp-content\/uploads\/2023\/10\/festa-da-primavera.jpeg\",\"contentUrl\":\"https:\/\/www.padreeustaquio.com.br\/wp-content\/uploads\/2023\/10\/festa-da-primavera.jpeg\",\"width\":1600,\"height\":1131},{\"@type\":\"BreadcrumbList\",\"@id\":\"https:\/\/www.padreeustaquio.com.br\/primeira-festa-da-primavera-acontece-neste-sabado-no-santuario\/#breadcrumb\",\"itemListElement\":[{\"@type\":\"ListItem\",\"position\":1,\"name\":\"In\u00edcio\",\"item\":\"https:\/\/www.padreeustaquio.com.br\/\"},{\"@type\":\"ListItem\",\"position\":2,\"name\":\"Primeira Festa da Primavera acontece neste s\u00e1bado no Santu\u00e1rio\"}]},{\"@type\":\"WebSite\",\"@id\":\"https:\/\/www.padreeustaquio.com.br\/#website\",\"url\":\"https:\/\/www.padreeustaquio.com.br\/\",\"name\":\"Padre Eust\u00e1quio\",\"description\":\"Sa\u00fade e Paz\",\"publisher\":{\"@id\":\"https:\/\/www.padreeustaquio.com.br\/#organization\"},\"potentialAction\":[{\"@type\":\"SearchAction\",\"target\":{\"@type\":\"EntryPoint\",\"urlTemplate\":\"https:\/\/www.padreeustaquio.com.br\/?s={search_term_string}\"},\"query-input\":{\"@type\":\"PropertyValueSpecification\",\"valueRequired\":true,\"valueName\":\"search_term_string\"}}],\"inLanguage\":\"en-US\"},{\"@type\":\"Organization\",\"@id\":\"https:\/\/www.padreeustaquio.com.br\/#organization\",\"name\":\"Padre Eust\u00e1quio\",\"url\":\"https:\/\/www.padreeustaquio.com.br\/\",\"logo\":{\"@type\":\"ImageObject\",\"inLanguage\":\"en-US\",\"@id\":\"https:\/\/www.padreeustaquio.com.br\/#\/schema\/logo\/image\/\",\"url\":\"https:\/\/www.padreeustaquio.com.br\/wp-content\/uploads\/2019\/08\/marca.png\",\"contentUrl\":\"https:\/\/www.padreeustaquio.com.br\/wp-content\/uploads\/2019\/08\/marca.png\",\"width\":350,\"height\":400,\"caption\":\"Padre Eust\u00e1quio\"},\"image\":{\"@id\":\"https:\/\/www.padreeustaquio.com.br\/#\/schema\/logo\/image\/\"},\"sameAs\":[\"https:\/\/www.facebook.com\/beatopadreeustaquio\/\",\"https:\/\/x.com\/beatopeustaquio\",\"https:\/\/www.instagram.com\/beatopadreeustaquio\/\",\"https:\/\/www.youtube.com\/channel\/UCRhw7vfabnajwLxb1ZXMeIw\"]},{\"@type\":\"Person\",\"@id\":\"https:\/\/www.padreeustaquio.com.br\/#\/schema\/person\/a2a51db1d00f1a7af0204a0f1ddb1566\",\"name\":\"@sscc\",\"image\":{\"@type\":\"ImageObject\",\"inLanguage\":\"en-US\",\"@id\":\"https:\/\/secure.gravatar.com\/avatar\/68cfafa5f44617fea54071e215026e0ff06be366c3d54a8425f04fdcb86f8c5f?s=96&d=mm&r=g\",\"url\":\"https:\/\/secure.gravatar.com\/avatar\/68cfafa5f44617fea54071e215026e0ff06be366c3d54a8425f04fdcb86f8c5f?s=96&d=mm&r=g\",\"contentUrl\":\"https:\/\/secure.gravatar.com\/avatar\/68cfafa5f44617fea54071e215026e0ff06be366c3d54a8425f04fdcb86f8c5f?s=96&d=mm&r=g\",\"caption\":\"@sscc\"},\"url\":\"https:\/\/www.padreeustaquio.com.br\/en\/author\/sscc\/\"}]}<\/script>\n<!-- \/ Yoast SEO plugin. -->","yoast_head_json":{"title":"The first Spring Festival takes place this Saturday at the Sanctuary.","description":"Considered a great community gathering, the First Spring Festival will be held this Saturday, November 11th, starting at 7 PM. The event will take place at the Sacred Hearts Community Center and will bring together parishioners and visitors for moments of joy and relaxation.","robots":{"index":"index","follow":"follow","max-snippet":"max-snippet:-1","max-image-preview":"max-image-preview:large","max-video-preview":"max-video-preview:-1"},"canonical":"https:\/\/www.padreeustaquio.com.br\/en\/the-first-spring-festival-takes-place-this-saturday-at-the-sanctuary\/","og_locale":"en_US","og_type":"article","og_title":"Primeira Festa da Primavera acontece neste s\u00e1bado no Santu\u00e1rio","og_description":"Tida como um grande encontro com a comunidade, a Primeira Festa da Primavera ser\u00e1 realizada neste s\u00e1bado, dia 11 de novembro a partir das 19h. O evento ser\u00e1 no Centro Comunit\u00e1rio dos Sagrados Cora\u00e7\u00f5es e reunir\u00e1 paroquianos e visitantes para momentos de alegria e descontra\u00e7\u00e3o.","og_url":"https:\/\/www.padreeustaquio.com.br\/en\/the-first-spring-festival-takes-place-this-saturday-at-the-sanctuary\/","og_site_name":"Padre Eust\u00e1quio","article_publisher":"https:\/\/www.facebook.com\/beatopadreeustaquio\/","article_published_time":"2023-11-10T15:00:24+00:00","og_image":[{"width":1600,"height":1131,"url":"https:\/\/www.padreeustaquio.com.br\/wp-content\/uploads\/2023\/10\/festa-da-primavera.jpeg","type":"image\/jpeg"}],"author":"@sscc","twitter_card":"summary_large_image","twitter_creator":"@beatopeustaquio","twitter_site":"@beatopeustaquio","twitter_misc":{"Written by":"@sscc","Est. reading time":"1 minute"},"schema":{"@context":"https:\/\/schema.org","@graph":[{"@type":"Article","@id":"https:\/\/www.padreeustaquio.com.br\/primeira-festa-da-primavera-acontece-neste-sabado-no-santuario\/#article","isPartOf":{"@id":"https:\/\/www.padreeustaquio.com.br\/primeira-festa-da-primavera-acontece-neste-sabado-no-santuario\/"},"author":{"name":"@sscc","@id":"https:\/\/www.padreeustaquio.com.br\/#\/schema\/person\/a2a51db1d00f1a7af0204a0f1ddb1566"},"headline":"Primeira Festa da Primavera acontece neste s\u00e1bado no Santu\u00e1rio","datePublished":"2023-11-10T15:00:24+00:00","mainEntityOfPage":{"@id":"https:\/\/www.padreeustaquio.com.br\/primeira-festa-da-primavera-acontece-neste-sabado-no-santuario\/"},"wordCount":189,"commentCount":0,"publisher":{"@id":"https:\/\/www.padreeustaquio.com.br\/#organization"},"image":{"@id":"https:\/\/www.padreeustaquio.com.br\/primeira-festa-da-primavera-acontece-neste-sabado-no-santuario\/#primaryimage"},"thumbnailUrl":"https:\/\/www.padreeustaquio.com.br\/wp-content\/uploads\/2023\/10\/festa-da-primavera.jpeg","articleSection":["Not\u00edcias"],"inLanguage":"en-US","potentialAction":[{"@type":"CommentAction","name":"Comment","target":["https:\/\/www.padreeustaquio.com.br\/primeira-festa-da-primavera-acontece-neste-sabado-no-santuario\/#respond"]}]},{"@type":"WebPage","@id":"https:\/\/www.padreeustaquio.com.br\/primeira-festa-da-primavera-acontece-neste-sabado-no-santuario\/","url":"https:\/\/www.padreeustaquio.com.br\/primeira-festa-da-primavera-acontece-neste-sabado-no-santuario\/","name":"The first Spring Festival takes place this Saturday at the Sanctuary.","isPartOf":{"@id":"https:\/\/www.padreeustaquio.com.br\/#website"},"primaryImageOfPage":{"@id":"https:\/\/www.padreeustaquio.com.br\/primeira-festa-da-primavera-acontece-neste-sabado-no-santuario\/#primaryimage"},"image":{"@id":"https:\/\/www.padreeustaquio.com.br\/primeira-festa-da-primavera-acontece-neste-sabado-no-santuario\/#primaryimage"},"thumbnailUrl":"https:\/\/www.padreeustaquio.com.br\/wp-content\/uploads\/2023\/10\/festa-da-primavera.jpeg","datePublished":"2023-11-10T15:00:24+00:00","description":"Considered a great community gathering, the First Spring Festival will be held this Saturday, November 11th, starting at 7 PM. The event will take place at the Sacred Hearts Community Center and will bring together parishioners and visitors for moments of joy and relaxation.","breadcrumb":{"@id":"https:\/\/www.padreeustaquio.com.br\/primeira-festa-da-primavera-acontece-neste-sabado-no-santuario\/#breadcrumb"},"inLanguage":"en-US","potentialAction":[{"@type":"ReadAction","target":["https:\/\/www.padreeustaquio.com.br\/primeira-festa-da-primavera-acontece-neste-sabado-no-santuario\/"]}]},{"@type":"ImageObject","inLanguage":"en-US","@id":"https:\/\/www.padreeustaquio.com.br\/primeira-festa-da-primavera-acontece-neste-sabado-no-santuario\/#primaryimage","url":"https:\/\/www.padreeustaquio.com.br\/wp-content\/uploads\/2023\/10\/festa-da-primavera.jpeg","contentUrl":"https:\/\/www.padreeustaquio.com.br\/wp-content\/uploads\/2023\/10\/festa-da-primavera.jpeg","width":1600,"height":1131},{"@type":"BreadcrumbList","@id":"https:\/\/www.padreeustaquio.com.br\/primeira-festa-da-primavera-acontece-neste-sabado-no-santuario\/#breadcrumb","itemListElement":[{"@type":"ListItem","position":1,"name":"In\u00edcio","item":"https:\/\/www.padreeustaquio.com.br\/"},{"@type":"ListItem","position":2,"name":"Primeira Festa da Primavera acontece neste s\u00e1bado no Santu\u00e1rio"}]},{"@type":"WebSite","@id":"https:\/\/www.padreeustaquio.com.br\/#website","url":"https:\/\/www.padreeustaquio.com.br\/","name":"FATHER EUST\u00c1QUIO","description":"Health and Peace","publisher":{"@id":"https:\/\/www.padreeustaquio.com.br\/#organization"},"potentialAction":[{"@type":"SearchAction","target":{"@type":"EntryPoint","urlTemplate":"https:\/\/www.padreeustaquio.com.br\/?s={search_term_string}"},"query-input":{"@type":"PropertyValueSpecification","valueRequired":true,"valueName":"search_term_string"}}],"inLanguage":"en-US"},{"@type":"Organization","@id":"https:\/\/www.padreeustaquio.com.br\/#organization","name":"FATHER EUST\u00c1QUIO","url":"https:\/\/www.padreeustaquio.com.br\/","logo":{"@type":"ImageObject","inLanguage":"en-US","@id":"https:\/\/www.padreeustaquio.com.br\/#\/schema\/logo\/image\/","url":"https:\/\/www.padreeustaquio.com.br\/wp-content\/uploads\/2019\/08\/marca.png","contentUrl":"https:\/\/www.padreeustaquio.com.br\/wp-content\/uploads\/2019\/08\/marca.png","width":350,"height":400,"caption":"Padre Eust\u00e1quio"},"image":{"@id":"https:\/\/www.padreeustaquio.com.br\/#\/schema\/logo\/image\/"},"sameAs":["https:\/\/www.facebook.com\/beatopadreeustaquio\/","https:\/\/x.com\/beatopeustaquio","https:\/\/www.instagram.com\/beatopadreeustaquio\/","https:\/\/www.youtube.com\/channel\/UCRhw7vfabnajwLxb1ZXMeIw"]},{"@type":"Person","@id":"https:\/\/www.padreeustaquio.com.br\/#\/schema\/person\/a2a51db1d00f1a7af0204a0f1ddb1566","name":"@sscc","image":{"@type":"ImageObject","inLanguage":"en-US","@id":"https:\/\/secure.gravatar.com\/avatar\/68cfafa5f44617fea54071e215026e0ff06be366c3d54a8425f04fdcb86f8c5f?s=96&d=mm&r=g","url":"https:\/\/secure.gravatar.com\/avatar\/68cfafa5f44617fea54071e215026e0ff06be366c3d54a8425f04fdcb86f8c5f?s=96&d=mm&r=g","contentUrl":"https:\/\/secure.gravatar.com\/avatar\/68cfafa5f44617fea54071e215026e0ff06be366c3d54a8425f04fdcb86f8c5f?s=96&d=mm&r=g","caption":"@sscc"},"url":"https:\/\/www.padreeustaquio.com.br\/en\/author\/sscc\/"}]}},"_links":{"self":[{"href":"https:\/\/www.padreeustaquio.com.br\/en\/wp-json\/wp\/v2\/posts\/10991","targetHints":{"allow":["GET"]}}],"collection":[{"href":"https:\/\/www.padreeustaquio.com.br\/en\/wp-json\/wp\/v2\/posts"}],"about":[{"href":"https:\/\/www.padreeustaquio.com.br\/en\/wp-json\/wp\/v2\/types\/post"}],"author":[{"embeddable":true,"href":"https:\/\/www.padreeustaquio.com.br\/en\/wp-json\/wp\/v2\/users\/2"}],"replies":[{"embeddable":true,"href":"https:\/\/www.padreeustaquio.com.br\/en\/wp-json\/wp\/v2\/comments?post=10991"}],"version-history":[{"count":0,"href":"https:\/\/www.padreeustaquio.com.br\/en\/wp-json\/wp\/v2\/posts\/10991\/revisions"}],"wp:featuredmedia":[{"embeddable":true,"href":"https:\/\/www.padreeustaquio.com.br\/en\/wp-json\/wp\/v2\/media\/10960"}],"wp:attachment":[{"href":"https:\/\/www.padreeustaquio.com.br\/en\/wp-json\/wp\/v2\/media?parent=10991"}],"wp:term":[{"taxonomy":"category","embeddable":true,"href":"https:\/\/www.padreeustaquio.com.br\/en\/wp-json\/wp\/v2\/categories?post=10991"},{"taxonomy":"post_tag","embeddable":true,"href":"https:\/\/www.padreeustaquio.com.br\/en\/wp-json\/wp\/v2\/tags?post=10991"}],"curies":[{"name":"wp","href":"https:\/\/api.w.org\/{rel}","templated":true}]}}