{"id":10981,"date":"2023-11-06T15:26:54","date_gmt":"2023-11-06T18:26:54","guid":{"rendered":"https:\/\/www.padreeustaquio.com.br\/?p=10981"},"modified":"2023-11-06T15:34:22","modified_gmt":"2023-11-06T18:34:22","slug":"image-and-relic-of-father-eustaquio-are-enthroned-in-indianapolis-mg","status":"publish","type":"post","link":"https:\/\/www.padreeustaquio.com.br\/en\/image-and-relic-of-father-eustaquio-are-enthroned-in-indianapolis-mg\/","title":{"rendered":"Image and relic of Father Eust\u00e1quio are enthroned in Indian\u00f3polis-MG"},"content":{"rendered":"<p>On All Saints&#039; Day, the Sant&#039;Ana Parish Church in the city of Indian\u00f3polis, in the Tri\u00e2ngulo Mineiro region, received an image and a first-degree relic of Blessed Father Eust\u00e1quio. They were delivered by the vice-postulator of the Cause of Canonization of Blessed Father Eust\u00e1quio, Father Vin\u00edcius Maciel, sscc, and by the formator of the Congregation, Father Silvano Dias de \u00c1vila, sscc, who was born in Indian\u00f3polis.<\/p>\n<p>The enthronement ceremony was held on the evening of November 1st at the city&#039;s main church. The parish administrator, Father Renato Joaquim Ferreira, and Deacon Selmo Alves de Souza were the hosts who received and welcomed the priests of the Sacred Hearts in the church where Father Eust\u00e1quio himself celebrated Mass in the 1940s, when he was the parish priest there.<\/p>\n<p>The Eucharistic Celebration was presided over by Father Vinicius and concelebrated by Father Silvano. <em>\u201cI express here my joy, attention, and gratitude for the welcome from Father Renato and Deacon Selmo\u2026 I am truly happy to be here. When I entered with the image, I had the feeling that I was bringing Father Eust\u00e1quio back to what was once his parish.\u201d, <\/em>Father Vinicius emphasized.<\/p>\n<p>The Holy Mass was broadcast on the parish&#039;s Facebook page and can be followed. <a href=\"https:\/\/www.facebook.com\/paroquiasantana.indianopolis?mibextid=LQQJ4d\">CLICK HERE.<\/a><\/p>\n<p>The priests of the Sacred Hearts were also received by the mayor, Lindomar Borges, at the entrance of the church. At the end of the celebration, the faithful present in the church were also able to approach and touch the image and relic of the Blessed.<\/p>\n<p>The sacred objects will be placed on an altar in the Church of Sant&#039;Ana and can be visited later by devotees, residents, and visitors of Indian\u00f3polis.<\/p>","protected":false},"excerpt":{"rendered":"<p>No Dia de Todos os Santos, a Matriz de\u00a0 Sant&#8217;Ana da cidade de Indian\u00f3polis, no Tri\u00e2ngulo Mineiro, recebeu a imagem e uma rel\u00edquia de primeiro grau do Beato Padre Eust\u00e1quio. Elas foram entregues pelo vice-postulador da Causa de Canoniza\u00e7\u00e3o do Beato Pe Eust\u00e1quio, padre Vin\u00edcius Maciel, sscc e pelo formador da Congrega\u00e7\u00e3o, Pe Silvano Dias de \u00c1vila, sscc, que \u00e9 nascido em Indian\u00f3polis. A cerim\u00f4nia de entroniza\u00e7\u00e3o foi realizada na noite do dia 1\u00ba de novembro na Matriz da cidade. O administrador da par\u00f3quia, Pe. Renato Joaquim Ferreira e o Di\u00e1cono Selmo Alves de Souza foram os anfitri\u00f5es que receberam [&hellip;]<\/p>\n","protected":false},"author":2,"featured_media":10983,"comment_status":"open","ping_status":"closed","sticky":false,"template":"","format":"standard","meta":{"_acf_changed":false,"footnotes":""},"categories":[611],"tags":[],"class_list":["post-10981","post","type-post","status-publish","format-standard","has-post-thumbnail","hentry","category-noticias"],"acf":[],"yoast_head":"<!-- This site is optimized with the Yoast SEO plugin v27.2 - https:\/\/yoast.com\/product\/yoast-seo-wordpress\/ -->\n<title>Imagem e rel\u00edquia de Padre Eust\u00e1quio s\u00e3o entronizadas em Indian\u00f3polis-MG<\/title>\n<meta name=\"description\" content=\"No Dia de Todos os Santos, a Matriz de\u00a0 Sant&#039;Ana da cidade de Indian\u00f3polis, no Tri\u00e2ngulo Mineiro, recebeu a imagem e uma rel\u00edquia de primeiro grau do Beato Padre Eust\u00e1quio. Elas foram entregues pelo vice-postulador da Causa de Canoniza\u00e7\u00e3o do Beato Pe Eust\u00e1quio, padre Vin\u00edcius Maciel, sscc e pelo formador da Congrega\u00e7\u00e3o, Pe Silvano Dias de \u00c1vila, sscc, que \u00e9 nascido em Indian\u00f3polis.\" \/>\n<meta name=\"robots\" content=\"index, follow, max-snippet:-1, max-image-preview:large, max-video-preview:-1\" \/>\n<link rel=\"canonical\" href=\"https:\/\/www.padreeustaquio.com.br\/en\/image-and-relic-of-father-eustaquio-are-enthroned-in-indianapolis-mg\/\" \/>\n<meta property=\"og:locale\" content=\"en_US\" \/>\n<meta property=\"og:type\" content=\"article\" \/>\n<meta property=\"og:title\" content=\"Imagem e rel\u00edquia de Padre Eust\u00e1quio s\u00e3o entronizadas em Indian\u00f3polis-MG\" \/>\n<meta property=\"og:description\" content=\"No Dia de Todos os Santos, a Matriz de\u00a0 Sant&#039;Ana da cidade de Indian\u00f3polis, no Tri\u00e2ngulo Mineiro, recebeu a imagem e uma rel\u00edquia de primeiro grau do Beato Padre Eust\u00e1quio. Elas foram entregues pelo vice-postulador da Causa de Canoniza\u00e7\u00e3o do Beato Pe Eust\u00e1quio, padre Vin\u00edcius Maciel, sscc e pelo formador da Congrega\u00e7\u00e3o, Pe Silvano Dias de \u00c1vila, sscc, que \u00e9 nascido em Indian\u00f3polis.\" \/>\n<meta property=\"og:url\" content=\"https:\/\/www.padreeustaquio.com.br\/en\/image-and-relic-of-father-eustaquio-are-enthroned-in-indianapolis-mg\/\" \/>\n<meta property=\"og:site_name\" content=\"Padre Eust\u00e1quio\" \/>\n<meta property=\"article:publisher\" content=\"https:\/\/www.facebook.com\/beatopadreeustaquio\/\" \/>\n<meta property=\"article:published_time\" content=\"2023-11-06T18:26:54+00:00\" \/>\n<meta property=\"article:modified_time\" content=\"2023-11-06T18:34:22+00:00\" \/>\n<meta property=\"og:image\" content=\"https:\/\/www.padreeustaquio.com.br\/wp-content\/uploads\/2023\/11\/Entronizacao-PE-Indianopolis.png\" \/>\n\t<meta property=\"og:image:width\" content=\"1332\" \/>\n\t<meta property=\"og:image:height\" content=\"760\" \/>\n\t<meta property=\"og:image:type\" content=\"image\/png\" \/>\n<meta name=\"author\" content=\"@sscc\" \/>\n<meta name=\"twitter:card\" content=\"summary_large_image\" \/>\n<meta name=\"twitter:creator\" content=\"@beatopeustaquio\" \/>\n<meta name=\"twitter:site\" content=\"@beatopeustaquio\" \/>\n<meta name=\"twitter:label1\" content=\"Written by\" \/>\n\t<meta name=\"twitter:data1\" content=\"@sscc\" \/>\n\t<meta name=\"twitter:label2\" content=\"Est. reading time\" \/>\n\t<meta name=\"twitter:data2\" content=\"2 minutes\" \/>\n<script type=\"application\/ld+json\" class=\"yoast-schema-graph\">{\"@context\":\"https:\/\/schema.org\",\"@graph\":[{\"@type\":\"Article\",\"@id\":\"https:\/\/www.padreeustaquio.com.br\/imagem-e-reliquia-de-padre-eustaquio-sao-entronizadas-em-indianopolis-mg\/#article\",\"isPartOf\":{\"@id\":\"https:\/\/www.padreeustaquio.com.br\/imagem-e-reliquia-de-padre-eustaquio-sao-entronizadas-em-indianopolis-mg\/\"},\"author\":{\"name\":\"@sscc\",\"@id\":\"https:\/\/www.padreeustaquio.com.br\/#\/schema\/person\/a2a51db1d00f1a7af0204a0f1ddb1566\"},\"headline\":\"Imagem e rel\u00edquia de Padre Eust\u00e1quio s\u00e3o entronizadas em Indian\u00f3polis-MG\",\"datePublished\":\"2023-11-06T18:26:54+00:00\",\"dateModified\":\"2023-11-06T18:34:22+00:00\",\"mainEntityOfPage\":{\"@id\":\"https:\/\/www.padreeustaquio.com.br\/imagem-e-reliquia-de-padre-eustaquio-sao-entronizadas-em-indianopolis-mg\/\"},\"wordCount\":319,\"commentCount\":0,\"publisher\":{\"@id\":\"https:\/\/www.padreeustaquio.com.br\/#organization\"},\"image\":{\"@id\":\"https:\/\/www.padreeustaquio.com.br\/imagem-e-reliquia-de-padre-eustaquio-sao-entronizadas-em-indianopolis-mg\/#primaryimage\"},\"thumbnailUrl\":\"https:\/\/www.padreeustaquio.com.br\/wp-content\/uploads\/2023\/11\/Entronizacao-PE-Indianopolis.png\",\"articleSection\":[\"Not\u00edcias\"],\"inLanguage\":\"en-US\",\"potentialAction\":[{\"@type\":\"CommentAction\",\"name\":\"Comment\",\"target\":[\"https:\/\/www.padreeustaquio.com.br\/imagem-e-reliquia-de-padre-eustaquio-sao-entronizadas-em-indianopolis-mg\/#respond\"]}]},{\"@type\":\"WebPage\",\"@id\":\"https:\/\/www.padreeustaquio.com.br\/imagem-e-reliquia-de-padre-eustaquio-sao-entronizadas-em-indianopolis-mg\/\",\"url\":\"https:\/\/www.padreeustaquio.com.br\/imagem-e-reliquia-de-padre-eustaquio-sao-entronizadas-em-indianopolis-mg\/\",\"name\":\"Imagem e rel\u00edquia de Padre Eust\u00e1quio s\u00e3o entronizadas em Indian\u00f3polis-MG\",\"isPartOf\":{\"@id\":\"https:\/\/www.padreeustaquio.com.br\/#website\"},\"primaryImageOfPage\":{\"@id\":\"https:\/\/www.padreeustaquio.com.br\/imagem-e-reliquia-de-padre-eustaquio-sao-entronizadas-em-indianopolis-mg\/#primaryimage\"},\"image\":{\"@id\":\"https:\/\/www.padreeustaquio.com.br\/imagem-e-reliquia-de-padre-eustaquio-sao-entronizadas-em-indianopolis-mg\/#primaryimage\"},\"thumbnailUrl\":\"https:\/\/www.padreeustaquio.com.br\/wp-content\/uploads\/2023\/11\/Entronizacao-PE-Indianopolis.png\",\"datePublished\":\"2023-11-06T18:26:54+00:00\",\"dateModified\":\"2023-11-06T18:34:22+00:00\",\"description\":\"No Dia de Todos os Santos, a Matriz de\u00a0 Sant'Ana da cidade de Indian\u00f3polis, no Tri\u00e2ngulo Mineiro, recebeu a imagem e uma rel\u00edquia de primeiro grau do Beato Padre Eust\u00e1quio. Elas foram entregues pelo vice-postulador da Causa de Canoniza\u00e7\u00e3o do Beato Pe Eust\u00e1quio, padre Vin\u00edcius Maciel, sscc e pelo formador da Congrega\u00e7\u00e3o, Pe Silvano Dias de \u00c1vila, sscc, que \u00e9 nascido em Indian\u00f3polis.\",\"breadcrumb\":{\"@id\":\"https:\/\/www.padreeustaquio.com.br\/imagem-e-reliquia-de-padre-eustaquio-sao-entronizadas-em-indianopolis-mg\/#breadcrumb\"},\"inLanguage\":\"en-US\",\"potentialAction\":[{\"@type\":\"ReadAction\",\"target\":[\"https:\/\/www.padreeustaquio.com.br\/imagem-e-reliquia-de-padre-eustaquio-sao-entronizadas-em-indianopolis-mg\/\"]}]},{\"@type\":\"ImageObject\",\"inLanguage\":\"en-US\",\"@id\":\"https:\/\/www.padreeustaquio.com.br\/imagem-e-reliquia-de-padre-eustaquio-sao-entronizadas-em-indianopolis-mg\/#primaryimage\",\"url\":\"https:\/\/www.padreeustaquio.com.br\/wp-content\/uploads\/2023\/11\/Entronizacao-PE-Indianopolis.png\",\"contentUrl\":\"https:\/\/www.padreeustaquio.com.br\/wp-content\/uploads\/2023\/11\/Entronizacao-PE-Indianopolis.png\",\"width\":1332,\"height\":760},{\"@type\":\"BreadcrumbList\",\"@id\":\"https:\/\/www.padreeustaquio.com.br\/imagem-e-reliquia-de-padre-eustaquio-sao-entronizadas-em-indianopolis-mg\/#breadcrumb\",\"itemListElement\":[{\"@type\":\"ListItem\",\"position\":1,\"name\":\"In\u00edcio\",\"item\":\"https:\/\/www.padreeustaquio.com.br\/\"},{\"@type\":\"ListItem\",\"position\":2,\"name\":\"Imagem e rel\u00edquia de Padre Eust\u00e1quio s\u00e3o entronizadas em Indian\u00f3polis-MG\"}]},{\"@type\":\"WebSite\",\"@id\":\"https:\/\/www.padreeustaquio.com.br\/#website\",\"url\":\"https:\/\/www.padreeustaquio.com.br\/\",\"name\":\"Padre Eust\u00e1quio\",\"description\":\"Sa\u00fade e Paz\",\"publisher\":{\"@id\":\"https:\/\/www.padreeustaquio.com.br\/#organization\"},\"potentialAction\":[{\"@type\":\"SearchAction\",\"target\":{\"@type\":\"EntryPoint\",\"urlTemplate\":\"https:\/\/www.padreeustaquio.com.br\/?s={search_term_string}\"},\"query-input\":{\"@type\":\"PropertyValueSpecification\",\"valueRequired\":true,\"valueName\":\"search_term_string\"}}],\"inLanguage\":\"en-US\"},{\"@type\":\"Organization\",\"@id\":\"https:\/\/www.padreeustaquio.com.br\/#organization\",\"name\":\"Padre Eust\u00e1quio\",\"url\":\"https:\/\/www.padreeustaquio.com.br\/\",\"logo\":{\"@type\":\"ImageObject\",\"inLanguage\":\"en-US\",\"@id\":\"https:\/\/www.padreeustaquio.com.br\/#\/schema\/logo\/image\/\",\"url\":\"https:\/\/www.padreeustaquio.com.br\/wp-content\/uploads\/2019\/08\/marca.png\",\"contentUrl\":\"https:\/\/www.padreeustaquio.com.br\/wp-content\/uploads\/2019\/08\/marca.png\",\"width\":350,\"height\":400,\"caption\":\"Padre Eust\u00e1quio\"},\"image\":{\"@id\":\"https:\/\/www.padreeustaquio.com.br\/#\/schema\/logo\/image\/\"},\"sameAs\":[\"https:\/\/www.facebook.com\/beatopadreeustaquio\/\",\"https:\/\/x.com\/beatopeustaquio\",\"https:\/\/www.instagram.com\/beatopadreeustaquio\/\",\"https:\/\/www.youtube.com\/channel\/UCRhw7vfabnajwLxb1ZXMeIw\"]},{\"@type\":\"Person\",\"@id\":\"https:\/\/www.padreeustaquio.com.br\/#\/schema\/person\/a2a51db1d00f1a7af0204a0f1ddb1566\",\"name\":\"@sscc\",\"image\":{\"@type\":\"ImageObject\",\"inLanguage\":\"en-US\",\"@id\":\"https:\/\/secure.gravatar.com\/avatar\/68cfafa5f44617fea54071e215026e0ff06be366c3d54a8425f04fdcb86f8c5f?s=96&d=mm&r=g\",\"url\":\"https:\/\/secure.gravatar.com\/avatar\/68cfafa5f44617fea54071e215026e0ff06be366c3d54a8425f04fdcb86f8c5f?s=96&d=mm&r=g\",\"contentUrl\":\"https:\/\/secure.gravatar.com\/avatar\/68cfafa5f44617fea54071e215026e0ff06be366c3d54a8425f04fdcb86f8c5f?s=96&d=mm&r=g\",\"caption\":\"@sscc\"},\"url\":\"https:\/\/www.padreeustaquio.com.br\/en\/author\/sscc\/\"}]}<\/script>\n<!-- \/ Yoast SEO plugin. -->","yoast_head_json":{"title":"Image and relic of Father Eust\u00e1quio are enthroned in Indian\u00f3polis-MG","description":"On All Saints&#039; Day, the Sant&#039;Ana Parish Church in the city of Indian\u00f3polis, in the Tri\u00e2ngulo Mineiro region, received an image and a first-degree relic of Blessed Father Eust\u00e1quio. They were delivered by the vice-postulator of the Cause of Canonization of Blessed Father Eust\u00e1quio, Father Vin\u00edcius Maciel, sscc, and by the formator of the Congregation, Father Silvano Dias de \u00c1vila, sscc, who was born in Indian\u00f3polis.","robots":{"index":"index","follow":"follow","max-snippet":"max-snippet:-1","max-image-preview":"max-image-preview:large","max-video-preview":"max-video-preview:-1"},"canonical":"https:\/\/www.padreeustaquio.com.br\/en\/image-and-relic-of-father-eustaquio-are-enthroned-in-indianapolis-mg\/","og_locale":"en_US","og_type":"article","og_title":"Imagem e rel\u00edquia de Padre Eust\u00e1quio s\u00e3o entronizadas em Indian\u00f3polis-MG","og_description":"No Dia de Todos os Santos, a Matriz de\u00a0 Sant'Ana da cidade de Indian\u00f3polis, no Tri\u00e2ngulo Mineiro, recebeu a imagem e uma rel\u00edquia de primeiro grau do Beato Padre Eust\u00e1quio. Elas foram entregues pelo vice-postulador da Causa de Canoniza\u00e7\u00e3o do Beato Pe Eust\u00e1quio, padre Vin\u00edcius Maciel, sscc e pelo formador da Congrega\u00e7\u00e3o, Pe Silvano Dias de \u00c1vila, sscc, que \u00e9 nascido em Indian\u00f3polis.","og_url":"https:\/\/www.padreeustaquio.com.br\/en\/image-and-relic-of-father-eustaquio-are-enthroned-in-indianapolis-mg\/","og_site_name":"Padre Eust\u00e1quio","article_publisher":"https:\/\/www.facebook.com\/beatopadreeustaquio\/","article_published_time":"2023-11-06T18:26:54+00:00","article_modified_time":"2023-11-06T18:34:22+00:00","og_image":[{"width":1332,"height":760,"url":"https:\/\/www.padreeustaquio.com.br\/wp-content\/uploads\/2023\/11\/Entronizacao-PE-Indianopolis.png","type":"image\/png"}],"author":"@sscc","twitter_card":"summary_large_image","twitter_creator":"@beatopeustaquio","twitter_site":"@beatopeustaquio","twitter_misc":{"Written by":"@sscc","Est. reading time":"2 minutes"},"schema":{"@context":"https:\/\/schema.org","@graph":[{"@type":"Article","@id":"https:\/\/www.padreeustaquio.com.br\/imagem-e-reliquia-de-padre-eustaquio-sao-entronizadas-em-indianopolis-mg\/#article","isPartOf":{"@id":"https:\/\/www.padreeustaquio.com.br\/imagem-e-reliquia-de-padre-eustaquio-sao-entronizadas-em-indianopolis-mg\/"},"author":{"name":"@sscc","@id":"https:\/\/www.padreeustaquio.com.br\/#\/schema\/person\/a2a51db1d00f1a7af0204a0f1ddb1566"},"headline":"Imagem e rel\u00edquia de Padre Eust\u00e1quio s\u00e3o entronizadas em Indian\u00f3polis-MG","datePublished":"2023-11-06T18:26:54+00:00","dateModified":"2023-11-06T18:34:22+00:00","mainEntityOfPage":{"@id":"https:\/\/www.padreeustaquio.com.br\/imagem-e-reliquia-de-padre-eustaquio-sao-entronizadas-em-indianopolis-mg\/"},"wordCount":319,"commentCount":0,"publisher":{"@id":"https:\/\/www.padreeustaquio.com.br\/#organization"},"image":{"@id":"https:\/\/www.padreeustaquio.com.br\/imagem-e-reliquia-de-padre-eustaquio-sao-entronizadas-em-indianopolis-mg\/#primaryimage"},"thumbnailUrl":"https:\/\/www.padreeustaquio.com.br\/wp-content\/uploads\/2023\/11\/Entronizacao-PE-Indianopolis.png","articleSection":["Not\u00edcias"],"inLanguage":"en-US","potentialAction":[{"@type":"CommentAction","name":"Comment","target":["https:\/\/www.padreeustaquio.com.br\/imagem-e-reliquia-de-padre-eustaquio-sao-entronizadas-em-indianopolis-mg\/#respond"]}]},{"@type":"WebPage","@id":"https:\/\/www.padreeustaquio.com.br\/imagem-e-reliquia-de-padre-eustaquio-sao-entronizadas-em-indianopolis-mg\/","url":"https:\/\/www.padreeustaquio.com.br\/imagem-e-reliquia-de-padre-eustaquio-sao-entronizadas-em-indianopolis-mg\/","name":"Image and relic of Father Eust\u00e1quio are enthroned in Indian\u00f3polis-MG","isPartOf":{"@id":"https:\/\/www.padreeustaquio.com.br\/#website"},"primaryImageOfPage":{"@id":"https:\/\/www.padreeustaquio.com.br\/imagem-e-reliquia-de-padre-eustaquio-sao-entronizadas-em-indianopolis-mg\/#primaryimage"},"image":{"@id":"https:\/\/www.padreeustaquio.com.br\/imagem-e-reliquia-de-padre-eustaquio-sao-entronizadas-em-indianopolis-mg\/#primaryimage"},"thumbnailUrl":"https:\/\/www.padreeustaquio.com.br\/wp-content\/uploads\/2023\/11\/Entronizacao-PE-Indianopolis.png","datePublished":"2023-11-06T18:26:54+00:00","dateModified":"2023-11-06T18:34:22+00:00","description":"On All Saints&#039; Day, the Sant&#039;Ana Parish Church in the city of Indian\u00f3polis, in the Tri\u00e2ngulo Mineiro region, received an image and a first-degree relic of Blessed Father Eust\u00e1quio. They were delivered by the vice-postulator of the Cause of Canonization of Blessed Father Eust\u00e1quio, Father Vin\u00edcius Maciel, sscc, and by the formator of the Congregation, Father Silvano Dias de \u00c1vila, sscc, who was born in Indian\u00f3polis.","breadcrumb":{"@id":"https:\/\/www.padreeustaquio.com.br\/imagem-e-reliquia-de-padre-eustaquio-sao-entronizadas-em-indianopolis-mg\/#breadcrumb"},"inLanguage":"en-US","potentialAction":[{"@type":"ReadAction","target":["https:\/\/www.padreeustaquio.com.br\/imagem-e-reliquia-de-padre-eustaquio-sao-entronizadas-em-indianopolis-mg\/"]}]},{"@type":"ImageObject","inLanguage":"en-US","@id":"https:\/\/www.padreeustaquio.com.br\/imagem-e-reliquia-de-padre-eustaquio-sao-entronizadas-em-indianopolis-mg\/#primaryimage","url":"https:\/\/www.padreeustaquio.com.br\/wp-content\/uploads\/2023\/11\/Entronizacao-PE-Indianopolis.png","contentUrl":"https:\/\/www.padreeustaquio.com.br\/wp-content\/uploads\/2023\/11\/Entronizacao-PE-Indianopolis.png","width":1332,"height":760},{"@type":"BreadcrumbList","@id":"https:\/\/www.padreeustaquio.com.br\/imagem-e-reliquia-de-padre-eustaquio-sao-entronizadas-em-indianopolis-mg\/#breadcrumb","itemListElement":[{"@type":"ListItem","position":1,"name":"In\u00edcio","item":"https:\/\/www.padreeustaquio.com.br\/"},{"@type":"ListItem","position":2,"name":"Imagem e rel\u00edquia de Padre Eust\u00e1quio s\u00e3o entronizadas em Indian\u00f3polis-MG"}]},{"@type":"WebSite","@id":"https:\/\/www.padreeustaquio.com.br\/#website","url":"https:\/\/www.padreeustaquio.com.br\/","name":"FATHER EUST\u00c1QUIO","description":"Health and Peace","publisher":{"@id":"https:\/\/www.padreeustaquio.com.br\/#organization"},"potentialAction":[{"@type":"SearchAction","target":{"@type":"EntryPoint","urlTemplate":"https:\/\/www.padreeustaquio.com.br\/?s={search_term_string}"},"query-input":{"@type":"PropertyValueSpecification","valueRequired":true,"valueName":"search_term_string"}}],"inLanguage":"en-US"},{"@type":"Organization","@id":"https:\/\/www.padreeustaquio.com.br\/#organization","name":"FATHER EUST\u00c1QUIO","url":"https:\/\/www.padreeustaquio.com.br\/","logo":{"@type":"ImageObject","inLanguage":"en-US","@id":"https:\/\/www.padreeustaquio.com.br\/#\/schema\/logo\/image\/","url":"https:\/\/www.padreeustaquio.com.br\/wp-content\/uploads\/2019\/08\/marca.png","contentUrl":"https:\/\/www.padreeustaquio.com.br\/wp-content\/uploads\/2019\/08\/marca.png","width":350,"height":400,"caption":"Padre Eust\u00e1quio"},"image":{"@id":"https:\/\/www.padreeustaquio.com.br\/#\/schema\/logo\/image\/"},"sameAs":["https:\/\/www.facebook.com\/beatopadreeustaquio\/","https:\/\/x.com\/beatopeustaquio","https:\/\/www.instagram.com\/beatopadreeustaquio\/","https:\/\/www.youtube.com\/channel\/UCRhw7vfabnajwLxb1ZXMeIw"]},{"@type":"Person","@id":"https:\/\/www.padreeustaquio.com.br\/#\/schema\/person\/a2a51db1d00f1a7af0204a0f1ddb1566","name":"@sscc","image":{"@type":"ImageObject","inLanguage":"en-US","@id":"https:\/\/secure.gravatar.com\/avatar\/68cfafa5f44617fea54071e215026e0ff06be366c3d54a8425f04fdcb86f8c5f?s=96&d=mm&r=g","url":"https:\/\/secure.gravatar.com\/avatar\/68cfafa5f44617fea54071e215026e0ff06be366c3d54a8425f04fdcb86f8c5f?s=96&d=mm&r=g","contentUrl":"https:\/\/secure.gravatar.com\/avatar\/68cfafa5f44617fea54071e215026e0ff06be366c3d54a8425f04fdcb86f8c5f?s=96&d=mm&r=g","caption":"@sscc"},"url":"https:\/\/www.padreeustaquio.com.br\/en\/author\/sscc\/"}]}},"_links":{"self":[{"href":"https:\/\/www.padreeustaquio.com.br\/en\/wp-json\/wp\/v2\/posts\/10981","targetHints":{"allow":["GET"]}}],"collection":[{"href":"https:\/\/www.padreeustaquio.com.br\/en\/wp-json\/wp\/v2\/posts"}],"about":[{"href":"https:\/\/www.padreeustaquio.com.br\/en\/wp-json\/wp\/v2\/types\/post"}],"author":[{"embeddable":true,"href":"https:\/\/www.padreeustaquio.com.br\/en\/wp-json\/wp\/v2\/users\/2"}],"replies":[{"embeddable":true,"href":"https:\/\/www.padreeustaquio.com.br\/en\/wp-json\/wp\/v2\/comments?post=10981"}],"version-history":[{"count":0,"href":"https:\/\/www.padreeustaquio.com.br\/en\/wp-json\/wp\/v2\/posts\/10981\/revisions"}],"wp:featuredmedia":[{"embeddable":true,"href":"https:\/\/www.padreeustaquio.com.br\/en\/wp-json\/wp\/v2\/media\/10983"}],"wp:attachment":[{"href":"https:\/\/www.padreeustaquio.com.br\/en\/wp-json\/wp\/v2\/media?parent=10981"}],"wp:term":[{"taxonomy":"category","embeddable":true,"href":"https:\/\/www.padreeustaquio.com.br\/en\/wp-json\/wp\/v2\/categories?post=10981"},{"taxonomy":"post_tag","embeddable":true,"href":"https:\/\/www.padreeustaquio.com.br\/en\/wp-json\/wp\/v2\/tags?post=10981"}],"curies":[{"name":"wp","href":"https:\/\/api.w.org\/{rel}","templated":true}]}}