{"id":10974,"date":"2023-11-02T23:01:51","date_gmt":"2023-11-03T02:01:51","guid":{"rendered":"https:\/\/www.padreeustaquio.com.br\/?p=10974"},"modified":"2023-11-02T23:07:03","modified_gmt":"2023-11-03T02:07:03","slug":"vice-postulator-receives-book-from-father-luiz-mancilha-for-mothers-who-pray-for-their-children","status":"publish","type":"post","link":"https:\/\/www.padreeustaquio.com.br\/en\/vice-postulator-receives-book-from-father-luiz-mancilha-for-mothers-who-pray-for-their-children\/","title":{"rendered":"Vice-postulator receives book from Bishop Luiz Mancilha for Mothers Who Pray for Their Children."},"content":{"rendered":"<p>Last weekend, Father Vin\u00edcius Maciel, sscc, vice-postulator of the Cause of Canonization of Blessed Father Eust\u00e1quio and rector of the Sanctuary of Health and Peace, received the book &quot;In the Power of the Word.&quot; The work is a posthumous tribute from the &quot;Mothers Who Pray for Their Children&quot; movement.<\/p>\n<p>The book launch took place during the State Meeting of the Movement, at the Christ the King Cathedral. Father Vin\u00edcius received the book from the national coordinator, \u00c2ngela Abdo, and Father Alexandre Fernandes, spiritual director of the group in Minas Gerais.<\/p>\n<p>Father Vinicius, who met several times with Dom Luiz Mancilha Vilela, sscc, (1942-2022) while the archbishop was writing the book, was moved by the tribute: <em>\u201c&quot;I followed every page of this book, especially during Dom Luiz&#039;s final days in the hospital, and I am very honored to be here today, receiving this book.&quot;\u201d<\/em>, &quot;The rector emphasized.&quot;.<\/p>\n<p>\u201cIn the Power of the Word\u201d is a posthumous tribute from mothers to Dom Luiz Mancilha, sscc, the first bishop to welcome national coordinator \u00c2ngela Abdo and who became a reference point for the CNBB (National Conference of Brazilian Bishops) in the \u201cMothers Who Pray for Their Children\u201d Movement.<\/p>\n<p><strong>State Meeting<\/strong><\/p>\n<p><img fetchpriority=\"high\" decoding=\"async\" class=\"wp-image-10978 alignleft\" src=\"https:\/\/www.padreeustaquio.com.br\/wp-content\/uploads\/2023\/11\/movimento-maes-que-oram-mg-catedral-cristo-rei-300x225.jpeg\" alt=\"\" width=\"351\" height=\"263\" srcset=\"https:\/\/www.padreeustaquio.com.br\/wp-content\/uploads\/2023\/11\/movimento-maes-que-oram-mg-catedral-cristo-rei-300x225.jpeg 300w, https:\/\/www.padreeustaquio.com.br\/wp-content\/uploads\/2023\/11\/movimento-maes-que-oram-mg-catedral-cristo-rei-1024x768.jpeg 1024w, https:\/\/www.padreeustaquio.com.br\/wp-content\/uploads\/2023\/11\/movimento-maes-que-oram-mg-catedral-cristo-rei-768x576.jpeg 768w, https:\/\/www.padreeustaquio.com.br\/wp-content\/uploads\/2023\/11\/movimento-maes-que-oram-mg-catedral-cristo-rei-1536x1152.jpeg 1536w, https:\/\/www.padreeustaquio.com.br\/wp-content\/uploads\/2023\/11\/movimento-maes-que-oram-mg-catedral-cristo-rei-180x135.jpeg 180w, https:\/\/www.padreeustaquio.com.br\/wp-content\/uploads\/2023\/11\/movimento-maes-que-oram-mg-catedral-cristo-rei-400x300.jpeg 400w, https:\/\/www.padreeustaquio.com.br\/wp-content\/uploads\/2023\/11\/movimento-maes-que-oram-mg-catedral-cristo-rei-600x450.jpeg 600w, https:\/\/www.padreeustaquio.com.br\/wp-content\/uploads\/2023\/11\/movimento-maes-que-oram-mg-catedral-cristo-rei-800x600.jpeg 800w, https:\/\/www.padreeustaquio.com.br\/wp-content\/uploads\/2023\/11\/movimento-maes-que-oram-mg-catedral-cristo-rei-1200x900.jpeg 1200w, https:\/\/www.padreeustaquio.com.br\/wp-content\/uploads\/2023\/11\/movimento-maes-que-oram-mg-catedral-cristo-rei.jpeg 1600w\" sizes=\"(max-width: 351px) 100vw, 351px\" \/>Mothers on their knees, children standing. This was the theme of the state meeting of Mothers Who Pray for their Children, which brought together 2,400 women from various regions of the state, at the Cristo Rei Cathedral, on Saturday (28), in r<span style=\"font-size: 1.21429rem;\">Northern region of Belo Horizonte.<\/span><\/p>\n<p>The annual event includes preaching, celebration of Mass, recitation of the Rosary, and artistic presentations. This was the seventh edition of the Minas Gerais State Meeting of Mothers Who Pray for Their Children.<\/p>\n<p>&nbsp;<\/p>","protected":false},"excerpt":{"rendered":"<p>No \u00faltimo final de semana, o vice-postulador da Causa de Canoniza\u00e7\u00e3o do Beato Padre Eust\u00e1quio e reitor do Santu\u00e1rio da Sa\u00fade e da Paz, padre Vin\u00edcius Maciel, sscc, recebeu o livro &#8220;Na for\u00e7a da Palavra&#8221;. A obra \u00e9 uma homenagem p\u00f3stuma do movimento &#8220;M\u00e3es que Oram pelos Filhos&#8221;. O lan\u00e7amento do livro foi feito durante o Encontro Estadual do Movimento, na Catedral Cristo Rei. Pe Vin\u00edcius recebeu a obra das m\u00e3os da coordenadora nacional, \u00c2ngela Abdo e do Pe Alexandre Fernandes, diretor espiritual do grupo em Minas Gerais. Padre Vinicius, que se encontrou v\u00e1rias vezes com Dom Luiz Mancilha Vilela, [&hellip;]<\/p>\n","protected":false},"author":2,"featured_media":10977,"comment_status":"open","ping_status":"closed","sticky":false,"template":"","format":"standard","meta":{"_acf_changed":false,"footnotes":""},"categories":[611],"tags":[],"class_list":["post-10974","post","type-post","status-publish","format-standard","has-post-thumbnail","hentry","category-noticias"],"acf":[],"yoast_head":"<!-- This site is optimized with the Yoast SEO plugin v27.2 - https:\/\/yoast.com\/product\/yoast-seo-wordpress\/ -->\n<title>Vice-postulador recebe livro de D. Luiz Mancilha pelas M\u00e3es que Oram pelos Filhos<\/title>\n<meta name=\"description\" content=\"No \u00faltimo final de semana, o vice-postulador da Causa de Canoniza\u00e7\u00e3o do Beato Padre Eust\u00e1quio e reitor do Santu\u00e1rio da Sa\u00fade e da Paz, padre Vin\u00edcius Maciel, sscc, recebeu o livro &quot;Na for\u00e7a da Palavra&quot;. A obra \u00e9 uma homenagem p\u00f3stuma do movimento &quot;M\u00e3es que Oram pelos Filhos&quot;.\" \/>\n<meta name=\"robots\" content=\"index, follow, max-snippet:-1, max-image-preview:large, max-video-preview:-1\" \/>\n<link rel=\"canonical\" href=\"https:\/\/www.padreeustaquio.com.br\/en\/vice-postulator-receives-book-from-father-luiz-mancilha-for-mothers-who-pray-for-their-children\/\" \/>\n<meta property=\"og:locale\" content=\"en_US\" \/>\n<meta property=\"og:type\" content=\"article\" \/>\n<meta property=\"og:title\" content=\"Vice-postulador recebe livro de D. Luiz Mancilha pelas M\u00e3es que Oram pelos Filhos\" \/>\n<meta property=\"og:description\" content=\"No \u00faltimo final de semana, o vice-postulador da Causa de Canoniza\u00e7\u00e3o do Beato Padre Eust\u00e1quio e reitor do Santu\u00e1rio da Sa\u00fade e da Paz, padre Vin\u00edcius Maciel, sscc, recebeu o livro &quot;Na for\u00e7a da Palavra&quot;. A obra \u00e9 uma homenagem p\u00f3stuma do movimento &quot;M\u00e3es que Oram pelos Filhos&quot;.\" \/>\n<meta property=\"og:url\" content=\"https:\/\/www.padreeustaquio.com.br\/en\/vice-postulator-receives-book-from-father-luiz-mancilha-for-mothers-who-pray-for-their-children\/\" \/>\n<meta property=\"og:site_name\" content=\"Padre Eust\u00e1quio\" \/>\n<meta property=\"article:publisher\" content=\"https:\/\/www.facebook.com\/beatopadreeustaquio\/\" \/>\n<meta property=\"article:published_time\" content=\"2023-11-03T02:01:51+00:00\" \/>\n<meta property=\"article:modified_time\" content=\"2023-11-03T02:07:03+00:00\" \/>\n<meta property=\"og:image\" content=\"https:\/\/www.padreeustaquio.com.br\/wp-content\/uploads\/2023\/11\/padre-vinicius-padre-alexandre-angela-abdo-maes-que-oram-pelos-filhos-e1698977161473.jpeg\" \/>\n\t<meta property=\"og:image:width\" content=\"1200\" \/>\n\t<meta property=\"og:image:height\" content=\"778\" \/>\n\t<meta property=\"og:image:type\" content=\"image\/jpeg\" \/>\n<meta name=\"author\" content=\"@sscc\" \/>\n<meta name=\"twitter:card\" content=\"summary_large_image\" \/>\n<meta name=\"twitter:creator\" content=\"@beatopeustaquio\" \/>\n<meta name=\"twitter:site\" content=\"@beatopeustaquio\" \/>\n<meta name=\"twitter:label1\" content=\"Written by\" \/>\n\t<meta name=\"twitter:data1\" content=\"@sscc\" \/>\n\t<meta name=\"twitter:label2\" content=\"Est. reading time\" \/>\n\t<meta name=\"twitter:data2\" content=\"2 minutes\" \/>\n<script type=\"application\/ld+json\" class=\"yoast-schema-graph\">{\"@context\":\"https:\/\/schema.org\",\"@graph\":[{\"@type\":\"Article\",\"@id\":\"https:\/\/www.padreeustaquio.com.br\/vice-postulador-recebe-livro-de-d-luiz-mancilha-pelas-maes-que-oram-pelos-filhos\/#article\",\"isPartOf\":{\"@id\":\"https:\/\/www.padreeustaquio.com.br\/vice-postulador-recebe-livro-de-d-luiz-mancilha-pelas-maes-que-oram-pelos-filhos\/\"},\"author\":{\"name\":\"@sscc\",\"@id\":\"https:\/\/www.padreeustaquio.com.br\/#\/schema\/person\/a2a51db1d00f1a7af0204a0f1ddb1566\"},\"headline\":\"Vice-postulador recebe livro de D. Luiz Mancilha pelas M\u00e3es que Oram pelos Filhos\",\"datePublished\":\"2023-11-03T02:01:51+00:00\",\"dateModified\":\"2023-11-03T02:07:03+00:00\",\"mainEntityOfPage\":{\"@id\":\"https:\/\/www.padreeustaquio.com.br\/vice-postulador-recebe-livro-de-d-luiz-mancilha-pelas-maes-que-oram-pelos-filhos\/\"},\"wordCount\":298,\"commentCount\":0,\"publisher\":{\"@id\":\"https:\/\/www.padreeustaquio.com.br\/#organization\"},\"image\":{\"@id\":\"https:\/\/www.padreeustaquio.com.br\/vice-postulador-recebe-livro-de-d-luiz-mancilha-pelas-maes-que-oram-pelos-filhos\/#primaryimage\"},\"thumbnailUrl\":\"https:\/\/www.padreeustaquio.com.br\/wp-content\/uploads\/2023\/11\/padre-vinicius-padre-alexandre-angela-abdo-maes-que-oram-pelos-filhos-e1698977161473.jpeg\",\"articleSection\":[\"Not\u00edcias\"],\"inLanguage\":\"en-US\",\"potentialAction\":[{\"@type\":\"CommentAction\",\"name\":\"Comment\",\"target\":[\"https:\/\/www.padreeustaquio.com.br\/vice-postulador-recebe-livro-de-d-luiz-mancilha-pelas-maes-que-oram-pelos-filhos\/#respond\"]}]},{\"@type\":\"WebPage\",\"@id\":\"https:\/\/www.padreeustaquio.com.br\/vice-postulador-recebe-livro-de-d-luiz-mancilha-pelas-maes-que-oram-pelos-filhos\/\",\"url\":\"https:\/\/www.padreeustaquio.com.br\/vice-postulador-recebe-livro-de-d-luiz-mancilha-pelas-maes-que-oram-pelos-filhos\/\",\"name\":\"Vice-postulador recebe livro de D. Luiz Mancilha pelas M\u00e3es que Oram pelos Filhos\",\"isPartOf\":{\"@id\":\"https:\/\/www.padreeustaquio.com.br\/#website\"},\"primaryImageOfPage\":{\"@id\":\"https:\/\/www.padreeustaquio.com.br\/vice-postulador-recebe-livro-de-d-luiz-mancilha-pelas-maes-que-oram-pelos-filhos\/#primaryimage\"},\"image\":{\"@id\":\"https:\/\/www.padreeustaquio.com.br\/vice-postulador-recebe-livro-de-d-luiz-mancilha-pelas-maes-que-oram-pelos-filhos\/#primaryimage\"},\"thumbnailUrl\":\"https:\/\/www.padreeustaquio.com.br\/wp-content\/uploads\/2023\/11\/padre-vinicius-padre-alexandre-angela-abdo-maes-que-oram-pelos-filhos-e1698977161473.jpeg\",\"datePublished\":\"2023-11-03T02:01:51+00:00\",\"dateModified\":\"2023-11-03T02:07:03+00:00\",\"description\":\"No \u00faltimo final de semana, o vice-postulador da Causa de Canoniza\u00e7\u00e3o do Beato Padre Eust\u00e1quio e reitor do Santu\u00e1rio da Sa\u00fade e da Paz, padre Vin\u00edcius Maciel, sscc, recebeu o livro \\\"Na for\u00e7a da Palavra\\\". A obra \u00e9 uma homenagem p\u00f3stuma do movimento \\\"M\u00e3es que Oram pelos Filhos\\\".\",\"breadcrumb\":{\"@id\":\"https:\/\/www.padreeustaquio.com.br\/vice-postulador-recebe-livro-de-d-luiz-mancilha-pelas-maes-que-oram-pelos-filhos\/#breadcrumb\"},\"inLanguage\":\"en-US\",\"potentialAction\":[{\"@type\":\"ReadAction\",\"target\":[\"https:\/\/www.padreeustaquio.com.br\/vice-postulador-recebe-livro-de-d-luiz-mancilha-pelas-maes-que-oram-pelos-filhos\/\"]}]},{\"@type\":\"ImageObject\",\"inLanguage\":\"en-US\",\"@id\":\"https:\/\/www.padreeustaquio.com.br\/vice-postulador-recebe-livro-de-d-luiz-mancilha-pelas-maes-que-oram-pelos-filhos\/#primaryimage\",\"url\":\"https:\/\/www.padreeustaquio.com.br\/wp-content\/uploads\/2023\/11\/padre-vinicius-padre-alexandre-angela-abdo-maes-que-oram-pelos-filhos-e1698977161473.jpeg\",\"contentUrl\":\"https:\/\/www.padreeustaquio.com.br\/wp-content\/uploads\/2023\/11\/padre-vinicius-padre-alexandre-angela-abdo-maes-que-oram-pelos-filhos-e1698977161473.jpeg\",\"width\":1200,\"height\":778},{\"@type\":\"BreadcrumbList\",\"@id\":\"https:\/\/www.padreeustaquio.com.br\/vice-postulador-recebe-livro-de-d-luiz-mancilha-pelas-maes-que-oram-pelos-filhos\/#breadcrumb\",\"itemListElement\":[{\"@type\":\"ListItem\",\"position\":1,\"name\":\"In\u00edcio\",\"item\":\"https:\/\/www.padreeustaquio.com.br\/\"},{\"@type\":\"ListItem\",\"position\":2,\"name\":\"Vice-postulador recebe livro de D. Luiz Mancilha pelas M\u00e3es que Oram pelos Filhos\"}]},{\"@type\":\"WebSite\",\"@id\":\"https:\/\/www.padreeustaquio.com.br\/#website\",\"url\":\"https:\/\/www.padreeustaquio.com.br\/\",\"name\":\"Padre Eust\u00e1quio\",\"description\":\"Sa\u00fade e Paz\",\"publisher\":{\"@id\":\"https:\/\/www.padreeustaquio.com.br\/#organization\"},\"potentialAction\":[{\"@type\":\"SearchAction\",\"target\":{\"@type\":\"EntryPoint\",\"urlTemplate\":\"https:\/\/www.padreeustaquio.com.br\/?s={search_term_string}\"},\"query-input\":{\"@type\":\"PropertyValueSpecification\",\"valueRequired\":true,\"valueName\":\"search_term_string\"}}],\"inLanguage\":\"en-US\"},{\"@type\":\"Organization\",\"@id\":\"https:\/\/www.padreeustaquio.com.br\/#organization\",\"name\":\"Padre Eust\u00e1quio\",\"url\":\"https:\/\/www.padreeustaquio.com.br\/\",\"logo\":{\"@type\":\"ImageObject\",\"inLanguage\":\"en-US\",\"@id\":\"https:\/\/www.padreeustaquio.com.br\/#\/schema\/logo\/image\/\",\"url\":\"https:\/\/www.padreeustaquio.com.br\/wp-content\/uploads\/2019\/08\/marca.png\",\"contentUrl\":\"https:\/\/www.padreeustaquio.com.br\/wp-content\/uploads\/2019\/08\/marca.png\",\"width\":350,\"height\":400,\"caption\":\"Padre Eust\u00e1quio\"},\"image\":{\"@id\":\"https:\/\/www.padreeustaquio.com.br\/#\/schema\/logo\/image\/\"},\"sameAs\":[\"https:\/\/www.facebook.com\/beatopadreeustaquio\/\",\"https:\/\/x.com\/beatopeustaquio\",\"https:\/\/www.instagram.com\/beatopadreeustaquio\/\",\"https:\/\/www.youtube.com\/channel\/UCRhw7vfabnajwLxb1ZXMeIw\"]},{\"@type\":\"Person\",\"@id\":\"https:\/\/www.padreeustaquio.com.br\/#\/schema\/person\/a2a51db1d00f1a7af0204a0f1ddb1566\",\"name\":\"@sscc\",\"image\":{\"@type\":\"ImageObject\",\"inLanguage\":\"en-US\",\"@id\":\"https:\/\/secure.gravatar.com\/avatar\/68cfafa5f44617fea54071e215026e0ff06be366c3d54a8425f04fdcb86f8c5f?s=96&d=mm&r=g\",\"url\":\"https:\/\/secure.gravatar.com\/avatar\/68cfafa5f44617fea54071e215026e0ff06be366c3d54a8425f04fdcb86f8c5f?s=96&d=mm&r=g\",\"contentUrl\":\"https:\/\/secure.gravatar.com\/avatar\/68cfafa5f44617fea54071e215026e0ff06be366c3d54a8425f04fdcb86f8c5f?s=96&d=mm&r=g\",\"caption\":\"@sscc\"},\"url\":\"https:\/\/www.padreeustaquio.com.br\/en\/author\/sscc\/\"}]}<\/script>\n<!-- \/ Yoast SEO plugin. -->","yoast_head_json":{"title":"Vice-postulator receives book from Bishop Luiz Mancilha for Mothers Who Pray for Their Children.","description":"Last weekend, Father Vin\u00edcius Maciel, sscc, vice-postulator of the Cause of Canonization of Blessed Father Eust\u00e1quio and rector of the Sanctuary of Health and Peace, received the book &quot;In the Strength of the Word.&quot; The work is a posthumous tribute from the &quot;Mothers Who Pray for Their Children&quot; movement.","robots":{"index":"index","follow":"follow","max-snippet":"max-snippet:-1","max-image-preview":"max-image-preview:large","max-video-preview":"max-video-preview:-1"},"canonical":"https:\/\/www.padreeustaquio.com.br\/en\/vice-postulator-receives-book-from-father-luiz-mancilha-for-mothers-who-pray-for-their-children\/","og_locale":"en_US","og_type":"article","og_title":"Vice-postulador recebe livro de D. Luiz Mancilha pelas M\u00e3es que Oram pelos Filhos","og_description":"No \u00faltimo final de semana, o vice-postulador da Causa de Canoniza\u00e7\u00e3o do Beato Padre Eust\u00e1quio e reitor do Santu\u00e1rio da Sa\u00fade e da Paz, padre Vin\u00edcius Maciel, sscc, recebeu o livro \"Na for\u00e7a da Palavra\". A obra \u00e9 uma homenagem p\u00f3stuma do movimento \"M\u00e3es que Oram pelos Filhos\".","og_url":"https:\/\/www.padreeustaquio.com.br\/en\/vice-postulator-receives-book-from-father-luiz-mancilha-for-mothers-who-pray-for-their-children\/","og_site_name":"Padre Eust\u00e1quio","article_publisher":"https:\/\/www.facebook.com\/beatopadreeustaquio\/","article_published_time":"2023-11-03T02:01:51+00:00","article_modified_time":"2023-11-03T02:07:03+00:00","og_image":[{"width":1200,"height":778,"url":"https:\/\/www.padreeustaquio.com.br\/wp-content\/uploads\/2023\/11\/padre-vinicius-padre-alexandre-angela-abdo-maes-que-oram-pelos-filhos-e1698977161473.jpeg","type":"image\/jpeg"}],"author":"@sscc","twitter_card":"summary_large_image","twitter_creator":"@beatopeustaquio","twitter_site":"@beatopeustaquio","twitter_misc":{"Written by":"@sscc","Est. reading time":"2 minutes"},"schema":{"@context":"https:\/\/schema.org","@graph":[{"@type":"Article","@id":"https:\/\/www.padreeustaquio.com.br\/vice-postulador-recebe-livro-de-d-luiz-mancilha-pelas-maes-que-oram-pelos-filhos\/#article","isPartOf":{"@id":"https:\/\/www.padreeustaquio.com.br\/vice-postulador-recebe-livro-de-d-luiz-mancilha-pelas-maes-que-oram-pelos-filhos\/"},"author":{"name":"@sscc","@id":"https:\/\/www.padreeustaquio.com.br\/#\/schema\/person\/a2a51db1d00f1a7af0204a0f1ddb1566"},"headline":"Vice-postulador recebe livro de D. Luiz Mancilha pelas M\u00e3es que Oram pelos Filhos","datePublished":"2023-11-03T02:01:51+00:00","dateModified":"2023-11-03T02:07:03+00:00","mainEntityOfPage":{"@id":"https:\/\/www.padreeustaquio.com.br\/vice-postulador-recebe-livro-de-d-luiz-mancilha-pelas-maes-que-oram-pelos-filhos\/"},"wordCount":298,"commentCount":0,"publisher":{"@id":"https:\/\/www.padreeustaquio.com.br\/#organization"},"image":{"@id":"https:\/\/www.padreeustaquio.com.br\/vice-postulador-recebe-livro-de-d-luiz-mancilha-pelas-maes-que-oram-pelos-filhos\/#primaryimage"},"thumbnailUrl":"https:\/\/www.padreeustaquio.com.br\/wp-content\/uploads\/2023\/11\/padre-vinicius-padre-alexandre-angela-abdo-maes-que-oram-pelos-filhos-e1698977161473.jpeg","articleSection":["Not\u00edcias"],"inLanguage":"en-US","potentialAction":[{"@type":"CommentAction","name":"Comment","target":["https:\/\/www.padreeustaquio.com.br\/vice-postulador-recebe-livro-de-d-luiz-mancilha-pelas-maes-que-oram-pelos-filhos\/#respond"]}]},{"@type":"WebPage","@id":"https:\/\/www.padreeustaquio.com.br\/vice-postulador-recebe-livro-de-d-luiz-mancilha-pelas-maes-que-oram-pelos-filhos\/","url":"https:\/\/www.padreeustaquio.com.br\/vice-postulador-recebe-livro-de-d-luiz-mancilha-pelas-maes-que-oram-pelos-filhos\/","name":"Vice-postulator receives book from Bishop Luiz Mancilha for Mothers Who Pray for Their Children.","isPartOf":{"@id":"https:\/\/www.padreeustaquio.com.br\/#website"},"primaryImageOfPage":{"@id":"https:\/\/www.padreeustaquio.com.br\/vice-postulador-recebe-livro-de-d-luiz-mancilha-pelas-maes-que-oram-pelos-filhos\/#primaryimage"},"image":{"@id":"https:\/\/www.padreeustaquio.com.br\/vice-postulador-recebe-livro-de-d-luiz-mancilha-pelas-maes-que-oram-pelos-filhos\/#primaryimage"},"thumbnailUrl":"https:\/\/www.padreeustaquio.com.br\/wp-content\/uploads\/2023\/11\/padre-vinicius-padre-alexandre-angela-abdo-maes-que-oram-pelos-filhos-e1698977161473.jpeg","datePublished":"2023-11-03T02:01:51+00:00","dateModified":"2023-11-03T02:07:03+00:00","description":"Last weekend, Father Vin\u00edcius Maciel, sscc, vice-postulator of the Cause of Canonization of Blessed Father Eust\u00e1quio and rector of the Sanctuary of Health and Peace, received the book &quot;In the Strength of the Word.&quot; The work is a posthumous tribute from the &quot;Mothers Who Pray for Their Children&quot; movement.","breadcrumb":{"@id":"https:\/\/www.padreeustaquio.com.br\/vice-postulador-recebe-livro-de-d-luiz-mancilha-pelas-maes-que-oram-pelos-filhos\/#breadcrumb"},"inLanguage":"en-US","potentialAction":[{"@type":"ReadAction","target":["https:\/\/www.padreeustaquio.com.br\/vice-postulador-recebe-livro-de-d-luiz-mancilha-pelas-maes-que-oram-pelos-filhos\/"]}]},{"@type":"ImageObject","inLanguage":"en-US","@id":"https:\/\/www.padreeustaquio.com.br\/vice-postulador-recebe-livro-de-d-luiz-mancilha-pelas-maes-que-oram-pelos-filhos\/#primaryimage","url":"https:\/\/www.padreeustaquio.com.br\/wp-content\/uploads\/2023\/11\/padre-vinicius-padre-alexandre-angela-abdo-maes-que-oram-pelos-filhos-e1698977161473.jpeg","contentUrl":"https:\/\/www.padreeustaquio.com.br\/wp-content\/uploads\/2023\/11\/padre-vinicius-padre-alexandre-angela-abdo-maes-que-oram-pelos-filhos-e1698977161473.jpeg","width":1200,"height":778},{"@type":"BreadcrumbList","@id":"https:\/\/www.padreeustaquio.com.br\/vice-postulador-recebe-livro-de-d-luiz-mancilha-pelas-maes-que-oram-pelos-filhos\/#breadcrumb","itemListElement":[{"@type":"ListItem","position":1,"name":"In\u00edcio","item":"https:\/\/www.padreeustaquio.com.br\/"},{"@type":"ListItem","position":2,"name":"Vice-postulador recebe livro de D. Luiz Mancilha pelas M\u00e3es que Oram pelos Filhos"}]},{"@type":"WebSite","@id":"https:\/\/www.padreeustaquio.com.br\/#website","url":"https:\/\/www.padreeustaquio.com.br\/","name":"FATHER EUST\u00c1QUIO","description":"Health and Peace","publisher":{"@id":"https:\/\/www.padreeustaquio.com.br\/#organization"},"potentialAction":[{"@type":"SearchAction","target":{"@type":"EntryPoint","urlTemplate":"https:\/\/www.padreeustaquio.com.br\/?s={search_term_string}"},"query-input":{"@type":"PropertyValueSpecification","valueRequired":true,"valueName":"search_term_string"}}],"inLanguage":"en-US"},{"@type":"Organization","@id":"https:\/\/www.padreeustaquio.com.br\/#organization","name":"FATHER EUST\u00c1QUIO","url":"https:\/\/www.padreeustaquio.com.br\/","logo":{"@type":"ImageObject","inLanguage":"en-US","@id":"https:\/\/www.padreeustaquio.com.br\/#\/schema\/logo\/image\/","url":"https:\/\/www.padreeustaquio.com.br\/wp-content\/uploads\/2019\/08\/marca.png","contentUrl":"https:\/\/www.padreeustaquio.com.br\/wp-content\/uploads\/2019\/08\/marca.png","width":350,"height":400,"caption":"Padre Eust\u00e1quio"},"image":{"@id":"https:\/\/www.padreeustaquio.com.br\/#\/schema\/logo\/image\/"},"sameAs":["https:\/\/www.facebook.com\/beatopadreeustaquio\/","https:\/\/x.com\/beatopeustaquio","https:\/\/www.instagram.com\/beatopadreeustaquio\/","https:\/\/www.youtube.com\/channel\/UCRhw7vfabnajwLxb1ZXMeIw"]},{"@type":"Person","@id":"https:\/\/www.padreeustaquio.com.br\/#\/schema\/person\/a2a51db1d00f1a7af0204a0f1ddb1566","name":"@sscc","image":{"@type":"ImageObject","inLanguage":"en-US","@id":"https:\/\/secure.gravatar.com\/avatar\/68cfafa5f44617fea54071e215026e0ff06be366c3d54a8425f04fdcb86f8c5f?s=96&d=mm&r=g","url":"https:\/\/secure.gravatar.com\/avatar\/68cfafa5f44617fea54071e215026e0ff06be366c3d54a8425f04fdcb86f8c5f?s=96&d=mm&r=g","contentUrl":"https:\/\/secure.gravatar.com\/avatar\/68cfafa5f44617fea54071e215026e0ff06be366c3d54a8425f04fdcb86f8c5f?s=96&d=mm&r=g","caption":"@sscc"},"url":"https:\/\/www.padreeustaquio.com.br\/en\/author\/sscc\/"}]}},"_links":{"self":[{"href":"https:\/\/www.padreeustaquio.com.br\/en\/wp-json\/wp\/v2\/posts\/10974","targetHints":{"allow":["GET"]}}],"collection":[{"href":"https:\/\/www.padreeustaquio.com.br\/en\/wp-json\/wp\/v2\/posts"}],"about":[{"href":"https:\/\/www.padreeustaquio.com.br\/en\/wp-json\/wp\/v2\/types\/post"}],"author":[{"embeddable":true,"href":"https:\/\/www.padreeustaquio.com.br\/en\/wp-json\/wp\/v2\/users\/2"}],"replies":[{"embeddable":true,"href":"https:\/\/www.padreeustaquio.com.br\/en\/wp-json\/wp\/v2\/comments?post=10974"}],"version-history":[{"count":0,"href":"https:\/\/www.padreeustaquio.com.br\/en\/wp-json\/wp\/v2\/posts\/10974\/revisions"}],"wp:featuredmedia":[{"embeddable":true,"href":"https:\/\/www.padreeustaquio.com.br\/en\/wp-json\/wp\/v2\/media\/10977"}],"wp:attachment":[{"href":"https:\/\/www.padreeustaquio.com.br\/en\/wp-json\/wp\/v2\/media?parent=10974"}],"wp:term":[{"taxonomy":"category","embeddable":true,"href":"https:\/\/www.padreeustaquio.com.br\/en\/wp-json\/wp\/v2\/categories?post=10974"},{"taxonomy":"post_tag","embeddable":true,"href":"https:\/\/www.padreeustaquio.com.br\/en\/wp-json\/wp\/v2\/tags?post=10974"}],"curies":[{"name":"wp","href":"https:\/\/api.w.org\/{rel}","templated":true}]}}