{"id":10971,"date":"2023-10-30T20:20:58","date_gmt":"2023-10-30T23:20:58","guid":{"rendered":"https:\/\/www.padreeustaquio.com.br\/?p=10971"},"modified":"2023-10-30T20:24:35","modified_gmt":"2023-10-30T23:24:35","slug":"all-souls-day-blessed-father-eustaquios-church-will-have-3-masses-on-the-holiday","status":"publish","type":"post","link":"https:\/\/www.padreeustaquio.com.br\/en\/all-souls-day-blessed-father-eustaquios-church-will-have-3-masses-on-the-holiday\/","title":{"rendered":"All Souls&#039; Day \u2013 The Church of Blessed Father Eust\u00e1quio will hold 3 masses on the holiday."},"content":{"rendered":"<p>The tributes and prayers offered to those who have passed away will be celebrated with three masses at the Archdiocesan Sanctuary of Health and Peace, Church of Blessed Father Eust\u00e1quio, in Belo Horizonte. On this day, the Church throughout the world prays for the salvation of souls and offers prayers for the friends and family of those who have died, asking for comfort for their hearts.<\/p>\n<p>To the\u00a0<strong>7am<\/strong>\u00a0The first mass of the day will be celebrated. Later in the morning, at...\u00a0<strong>10am<\/strong> Another celebration is scheduled, which will be broadcast on the Padre Eust\u00e1quio Channel on YouTube. The third and final mass will be celebrated at... <strong>7pm<\/strong>, also broadcast on our internet channel.<\/p>\n<p>On the November 2nd holiday, many people take the opportunity to pay homage at the graves of their loved ones. The Padre Eust\u00e1quio Memorial, where the priest is buried, will be open all day, from 6:30 am to 8 pm. Another place frequently visited by devotees is the tomb in the Bonfim Cemetery, where Padre Eust\u00e1quio was buried shortly after his death in 1943. Although his remains are no longer there, the grave has become a meeting point for the faithful and devotees of the Missionary of Health and Peace. According to the Belo Horizonte city hall, the tomb is the most visited in the capital of Minas Gerais every year.<\/p>","protected":false},"excerpt":{"rendered":"<p>As homenagens e ora\u00e7\u00f5es feitas \u00e0queles que j\u00e1 partiram desta vida ser\u00e3o celebradas com a realiza\u00e7\u00e3o de tr\u00eas missas no Santu\u00e1rio Arquidiocesano da Sa\u00fade e da Paz, Igreja do Beato Padre Eust\u00e1quio, em BH. Neste dia, a Igreja no mundo todo reza pela salva\u00e7\u00e3o das almas e faz ora\u00e7\u00f5es pelos amigos e familiares dos que morreram pedindo conforto ao cora\u00e7\u00e3o. \u00c0s\u00a07h\u00a0ser\u00e1 celebrada a primeira missa do dia. Ainda na parte da manh\u00e3, \u00e0s\u00a010h est\u00e1 marcada uma outra celebra\u00e7\u00e3o, que ser\u00e1 transmitida pelo Canal Padre Eust\u00e1quio, no YouTube. J\u00e1 a terceira e \u00faltima missa ser\u00e1 celebrada \u00e0s 19h, tamb\u00e9m transmitida pelo [&hellip;]<\/p>\n","protected":false},"author":2,"featured_media":10973,"comment_status":"open","ping_status":"closed","sticky":false,"template":"","format":"standard","meta":{"_acf_changed":false,"footnotes":""},"categories":[611],"tags":[],"class_list":["post-10971","post","type-post","status-publish","format-standard","has-post-thumbnail","hentry","category-noticias"],"acf":[],"yoast_head":"<!-- This site is optimized with the Yoast SEO plugin v27.2 - https:\/\/yoast.com\/product\/yoast-seo-wordpress\/ -->\n<title>FINADOS - Igreja do Beato Padre Eust\u00e1quio ter\u00e1 3 missas no feriado<\/title>\n<meta name=\"description\" content=\"\u00c0s\u00a07h\u00a0ser\u00e1 celebrada a primeira missa do dia. Ainda na parte da manh\u00e3, \u00e0s\u00a010h est\u00e1 marcada uma outra celebra\u00e7\u00e3o, que ser\u00e1 transmitida pelo Canal Padre Eust\u00e1quio, no YouTube. J\u00e1 a terceira e \u00faltima missa ser\u00e1 celebrada \u00e0s 19h, tamb\u00e9m transmitida pelo nosso Canal na internet.\" \/>\n<meta name=\"robots\" content=\"index, follow, max-snippet:-1, max-image-preview:large, max-video-preview:-1\" \/>\n<link rel=\"canonical\" href=\"https:\/\/www.padreeustaquio.com.br\/en\/all-souls-day-blessed-father-eustaquios-church-will-have-3-masses-on-the-holiday\/\" \/>\n<meta property=\"og:locale\" content=\"en_US\" \/>\n<meta property=\"og:type\" content=\"article\" \/>\n<meta property=\"og:title\" content=\"FINADOS - Igreja do Beato Padre Eust\u00e1quio ter\u00e1 3 missas no feriado\" \/>\n<meta property=\"og:description\" content=\"\u00c0s\u00a07h\u00a0ser\u00e1 celebrada a primeira missa do dia. Ainda na parte da manh\u00e3, \u00e0s\u00a010h est\u00e1 marcada uma outra celebra\u00e7\u00e3o, que ser\u00e1 transmitida pelo Canal Padre Eust\u00e1quio, no YouTube. J\u00e1 a terceira e \u00faltima missa ser\u00e1 celebrada \u00e0s 19h, tamb\u00e9m transmitida pelo nosso Canal na internet.\" \/>\n<meta property=\"og:url\" content=\"https:\/\/www.padreeustaquio.com.br\/en\/all-souls-day-blessed-father-eustaquios-church-will-have-3-masses-on-the-holiday\/\" \/>\n<meta property=\"og:site_name\" content=\"Padre Eust\u00e1quio\" \/>\n<meta property=\"article:publisher\" content=\"https:\/\/www.facebook.com\/beatopadreeustaquio\/\" \/>\n<meta property=\"article:published_time\" content=\"2023-10-30T23:20:58+00:00\" \/>\n<meta property=\"article:modified_time\" content=\"2023-10-30T23:24:35+00:00\" \/>\n<meta property=\"og:image\" content=\"https:\/\/www.padreeustaquio.com.br\/wp-content\/uploads\/2023\/10\/dia-de-finados-no-padre-eustaquio-bh.png\" \/>\n\t<meta property=\"og:image:width\" content=\"1200\" \/>\n\t<meta property=\"og:image:height\" content=\"800\" \/>\n\t<meta property=\"og:image:type\" content=\"image\/png\" \/>\n<meta name=\"author\" content=\"@sscc\" \/>\n<meta name=\"twitter:card\" content=\"summary_large_image\" \/>\n<meta name=\"twitter:creator\" content=\"@beatopeustaquio\" \/>\n<meta name=\"twitter:site\" content=\"@beatopeustaquio\" \/>\n<meta name=\"twitter:label1\" content=\"Written by\" \/>\n\t<meta name=\"twitter:data1\" content=\"@sscc\" \/>\n\t<meta name=\"twitter:label2\" content=\"Est. reading time\" \/>\n\t<meta name=\"twitter:data2\" content=\"2 minutes\" \/>\n<script type=\"application\/ld+json\" class=\"yoast-schema-graph\">{\"@context\":\"https:\/\/schema.org\",\"@graph\":[{\"@type\":\"Article\",\"@id\":\"https:\/\/www.padreeustaquio.com.br\/finados-igreja-do-beato-padre-eustaquio-tera-3-missas-no-feriado\/#article\",\"isPartOf\":{\"@id\":\"https:\/\/www.padreeustaquio.com.br\/finados-igreja-do-beato-padre-eustaquio-tera-3-missas-no-feriado\/\"},\"author\":{\"name\":\"@sscc\",\"@id\":\"https:\/\/www.padreeustaquio.com.br\/#\/schema\/person\/a2a51db1d00f1a7af0204a0f1ddb1566\"},\"headline\":\"FINADOS &#8211; Igreja do Beato Padre Eust\u00e1quio ter\u00e1 3 missas no feriado\",\"datePublished\":\"2023-10-30T23:20:58+00:00\",\"dateModified\":\"2023-10-30T23:24:35+00:00\",\"mainEntityOfPage\":{\"@id\":\"https:\/\/www.padreeustaquio.com.br\/finados-igreja-do-beato-padre-eustaquio-tera-3-missas-no-feriado\/\"},\"wordCount\":250,\"commentCount\":0,\"publisher\":{\"@id\":\"https:\/\/www.padreeustaquio.com.br\/#organization\"},\"image\":{\"@id\":\"https:\/\/www.padreeustaquio.com.br\/finados-igreja-do-beato-padre-eustaquio-tera-3-missas-no-feriado\/#primaryimage\"},\"thumbnailUrl\":\"https:\/\/www.padreeustaquio.com.br\/wp-content\/uploads\/2023\/10\/dia-de-finados-no-padre-eustaquio-bh.png\",\"articleSection\":[\"Not\u00edcias\"],\"inLanguage\":\"en-US\",\"potentialAction\":[{\"@type\":\"CommentAction\",\"name\":\"Comment\",\"target\":[\"https:\/\/www.padreeustaquio.com.br\/finados-igreja-do-beato-padre-eustaquio-tera-3-missas-no-feriado\/#respond\"]}]},{\"@type\":\"WebPage\",\"@id\":\"https:\/\/www.padreeustaquio.com.br\/finados-igreja-do-beato-padre-eustaquio-tera-3-missas-no-feriado\/\",\"url\":\"https:\/\/www.padreeustaquio.com.br\/finados-igreja-do-beato-padre-eustaquio-tera-3-missas-no-feriado\/\",\"name\":\"FINADOS - Igreja do Beato Padre Eust\u00e1quio ter\u00e1 3 missas no feriado\",\"isPartOf\":{\"@id\":\"https:\/\/www.padreeustaquio.com.br\/#website\"},\"primaryImageOfPage\":{\"@id\":\"https:\/\/www.padreeustaquio.com.br\/finados-igreja-do-beato-padre-eustaquio-tera-3-missas-no-feriado\/#primaryimage\"},\"image\":{\"@id\":\"https:\/\/www.padreeustaquio.com.br\/finados-igreja-do-beato-padre-eustaquio-tera-3-missas-no-feriado\/#primaryimage\"},\"thumbnailUrl\":\"https:\/\/www.padreeustaquio.com.br\/wp-content\/uploads\/2023\/10\/dia-de-finados-no-padre-eustaquio-bh.png\",\"datePublished\":\"2023-10-30T23:20:58+00:00\",\"dateModified\":\"2023-10-30T23:24:35+00:00\",\"description\":\"\u00c0s\u00a07h\u00a0ser\u00e1 celebrada a primeira missa do dia. Ainda na parte da manh\u00e3, \u00e0s\u00a010h est\u00e1 marcada uma outra celebra\u00e7\u00e3o, que ser\u00e1 transmitida pelo Canal Padre Eust\u00e1quio, no YouTube. J\u00e1 a terceira e \u00faltima missa ser\u00e1 celebrada \u00e0s 19h, tamb\u00e9m transmitida pelo nosso Canal na internet.\",\"breadcrumb\":{\"@id\":\"https:\/\/www.padreeustaquio.com.br\/finados-igreja-do-beato-padre-eustaquio-tera-3-missas-no-feriado\/#breadcrumb\"},\"inLanguage\":\"en-US\",\"potentialAction\":[{\"@type\":\"ReadAction\",\"target\":[\"https:\/\/www.padreeustaquio.com.br\/finados-igreja-do-beato-padre-eustaquio-tera-3-missas-no-feriado\/\"]}]},{\"@type\":\"ImageObject\",\"inLanguage\":\"en-US\",\"@id\":\"https:\/\/www.padreeustaquio.com.br\/finados-igreja-do-beato-padre-eustaquio-tera-3-missas-no-feriado\/#primaryimage\",\"url\":\"https:\/\/www.padreeustaquio.com.br\/wp-content\/uploads\/2023\/10\/dia-de-finados-no-padre-eustaquio-bh.png\",\"contentUrl\":\"https:\/\/www.padreeustaquio.com.br\/wp-content\/uploads\/2023\/10\/dia-de-finados-no-padre-eustaquio-bh.png\",\"width\":1200,\"height\":800},{\"@type\":\"BreadcrumbList\",\"@id\":\"https:\/\/www.padreeustaquio.com.br\/finados-igreja-do-beato-padre-eustaquio-tera-3-missas-no-feriado\/#breadcrumb\",\"itemListElement\":[{\"@type\":\"ListItem\",\"position\":1,\"name\":\"In\u00edcio\",\"item\":\"https:\/\/www.padreeustaquio.com.br\/\"},{\"@type\":\"ListItem\",\"position\":2,\"name\":\"FINADOS &#8211; Igreja do Beato Padre Eust\u00e1quio ter\u00e1 3 missas no feriado\"}]},{\"@type\":\"WebSite\",\"@id\":\"https:\/\/www.padreeustaquio.com.br\/#website\",\"url\":\"https:\/\/www.padreeustaquio.com.br\/\",\"name\":\"Padre Eust\u00e1quio\",\"description\":\"Sa\u00fade e Paz\",\"publisher\":{\"@id\":\"https:\/\/www.padreeustaquio.com.br\/#organization\"},\"potentialAction\":[{\"@type\":\"SearchAction\",\"target\":{\"@type\":\"EntryPoint\",\"urlTemplate\":\"https:\/\/www.padreeustaquio.com.br\/?s={search_term_string}\"},\"query-input\":{\"@type\":\"PropertyValueSpecification\",\"valueRequired\":true,\"valueName\":\"search_term_string\"}}],\"inLanguage\":\"en-US\"},{\"@type\":\"Organization\",\"@id\":\"https:\/\/www.padreeustaquio.com.br\/#organization\",\"name\":\"Padre Eust\u00e1quio\",\"url\":\"https:\/\/www.padreeustaquio.com.br\/\",\"logo\":{\"@type\":\"ImageObject\",\"inLanguage\":\"en-US\",\"@id\":\"https:\/\/www.padreeustaquio.com.br\/#\/schema\/logo\/image\/\",\"url\":\"https:\/\/www.padreeustaquio.com.br\/wp-content\/uploads\/2019\/08\/marca.png\",\"contentUrl\":\"https:\/\/www.padreeustaquio.com.br\/wp-content\/uploads\/2019\/08\/marca.png\",\"width\":350,\"height\":400,\"caption\":\"Padre Eust\u00e1quio\"},\"image\":{\"@id\":\"https:\/\/www.padreeustaquio.com.br\/#\/schema\/logo\/image\/\"},\"sameAs\":[\"https:\/\/www.facebook.com\/beatopadreeustaquio\/\",\"https:\/\/x.com\/beatopeustaquio\",\"https:\/\/www.instagram.com\/beatopadreeustaquio\/\",\"https:\/\/www.youtube.com\/channel\/UCRhw7vfabnajwLxb1ZXMeIw\"]},{\"@type\":\"Person\",\"@id\":\"https:\/\/www.padreeustaquio.com.br\/#\/schema\/person\/a2a51db1d00f1a7af0204a0f1ddb1566\",\"name\":\"@sscc\",\"image\":{\"@type\":\"ImageObject\",\"inLanguage\":\"en-US\",\"@id\":\"https:\/\/secure.gravatar.com\/avatar\/68cfafa5f44617fea54071e215026e0ff06be366c3d54a8425f04fdcb86f8c5f?s=96&d=mm&r=g\",\"url\":\"https:\/\/secure.gravatar.com\/avatar\/68cfafa5f44617fea54071e215026e0ff06be366c3d54a8425f04fdcb86f8c5f?s=96&d=mm&r=g\",\"contentUrl\":\"https:\/\/secure.gravatar.com\/avatar\/68cfafa5f44617fea54071e215026e0ff06be366c3d54a8425f04fdcb86f8c5f?s=96&d=mm&r=g\",\"caption\":\"@sscc\"},\"url\":\"https:\/\/www.padreeustaquio.com.br\/en\/author\/sscc\/\"}]}<\/script>\n<!-- \/ Yoast SEO plugin. -->","yoast_head_json":{"title":"All Souls&#039; Day - Church of Blessed Father Eust\u00e1quio will hold 3 masses on the holiday.","description":"The first Mass of the day will be celebrated at 7:00 AM. Later in the morning, at 10:00 AM, another celebration is scheduled, which will be broadcast on the Padre Eust\u00e1quio Channel on YouTube. The third and final Mass will be celebrated at 7:00 PM, also broadcast on our internet channel.","robots":{"index":"index","follow":"follow","max-snippet":"max-snippet:-1","max-image-preview":"max-image-preview:large","max-video-preview":"max-video-preview:-1"},"canonical":"https:\/\/www.padreeustaquio.com.br\/en\/all-souls-day-blessed-father-eustaquios-church-will-have-3-masses-on-the-holiday\/","og_locale":"en_US","og_type":"article","og_title":"FINADOS - Igreja do Beato Padre Eust\u00e1quio ter\u00e1 3 missas no feriado","og_description":"\u00c0s\u00a07h\u00a0ser\u00e1 celebrada a primeira missa do dia. Ainda na parte da manh\u00e3, \u00e0s\u00a010h est\u00e1 marcada uma outra celebra\u00e7\u00e3o, que ser\u00e1 transmitida pelo Canal Padre Eust\u00e1quio, no YouTube. J\u00e1 a terceira e \u00faltima missa ser\u00e1 celebrada \u00e0s 19h, tamb\u00e9m transmitida pelo nosso Canal na internet.","og_url":"https:\/\/www.padreeustaquio.com.br\/en\/all-souls-day-blessed-father-eustaquios-church-will-have-3-masses-on-the-holiday\/","og_site_name":"Padre Eust\u00e1quio","article_publisher":"https:\/\/www.facebook.com\/beatopadreeustaquio\/","article_published_time":"2023-10-30T23:20:58+00:00","article_modified_time":"2023-10-30T23:24:35+00:00","og_image":[{"width":1200,"height":800,"url":"https:\/\/www.padreeustaquio.com.br\/wp-content\/uploads\/2023\/10\/dia-de-finados-no-padre-eustaquio-bh.png","type":"image\/png"}],"author":"@sscc","twitter_card":"summary_large_image","twitter_creator":"@beatopeustaquio","twitter_site":"@beatopeustaquio","twitter_misc":{"Written by":"@sscc","Est. reading time":"2 minutes"},"schema":{"@context":"https:\/\/schema.org","@graph":[{"@type":"Article","@id":"https:\/\/www.padreeustaquio.com.br\/finados-igreja-do-beato-padre-eustaquio-tera-3-missas-no-feriado\/#article","isPartOf":{"@id":"https:\/\/www.padreeustaquio.com.br\/finados-igreja-do-beato-padre-eustaquio-tera-3-missas-no-feriado\/"},"author":{"name":"@sscc","@id":"https:\/\/www.padreeustaquio.com.br\/#\/schema\/person\/a2a51db1d00f1a7af0204a0f1ddb1566"},"headline":"FINADOS &#8211; Igreja do Beato Padre Eust\u00e1quio ter\u00e1 3 missas no feriado","datePublished":"2023-10-30T23:20:58+00:00","dateModified":"2023-10-30T23:24:35+00:00","mainEntityOfPage":{"@id":"https:\/\/www.padreeustaquio.com.br\/finados-igreja-do-beato-padre-eustaquio-tera-3-missas-no-feriado\/"},"wordCount":250,"commentCount":0,"publisher":{"@id":"https:\/\/www.padreeustaquio.com.br\/#organization"},"image":{"@id":"https:\/\/www.padreeustaquio.com.br\/finados-igreja-do-beato-padre-eustaquio-tera-3-missas-no-feriado\/#primaryimage"},"thumbnailUrl":"https:\/\/www.padreeustaquio.com.br\/wp-content\/uploads\/2023\/10\/dia-de-finados-no-padre-eustaquio-bh.png","articleSection":["Not\u00edcias"],"inLanguage":"en-US","potentialAction":[{"@type":"CommentAction","name":"Comment","target":["https:\/\/www.padreeustaquio.com.br\/finados-igreja-do-beato-padre-eustaquio-tera-3-missas-no-feriado\/#respond"]}]},{"@type":"WebPage","@id":"https:\/\/www.padreeustaquio.com.br\/finados-igreja-do-beato-padre-eustaquio-tera-3-missas-no-feriado\/","url":"https:\/\/www.padreeustaquio.com.br\/finados-igreja-do-beato-padre-eustaquio-tera-3-missas-no-feriado\/","name":"All Souls&#039; Day - Church of Blessed Father Eust\u00e1quio will hold 3 masses on the holiday.","isPartOf":{"@id":"https:\/\/www.padreeustaquio.com.br\/#website"},"primaryImageOfPage":{"@id":"https:\/\/www.padreeustaquio.com.br\/finados-igreja-do-beato-padre-eustaquio-tera-3-missas-no-feriado\/#primaryimage"},"image":{"@id":"https:\/\/www.padreeustaquio.com.br\/finados-igreja-do-beato-padre-eustaquio-tera-3-missas-no-feriado\/#primaryimage"},"thumbnailUrl":"https:\/\/www.padreeustaquio.com.br\/wp-content\/uploads\/2023\/10\/dia-de-finados-no-padre-eustaquio-bh.png","datePublished":"2023-10-30T23:20:58+00:00","dateModified":"2023-10-30T23:24:35+00:00","description":"The first Mass of the day will be celebrated at 7:00 AM. Later in the morning, at 10:00 AM, another celebration is scheduled, which will be broadcast on the Padre Eust\u00e1quio Channel on YouTube. The third and final Mass will be celebrated at 7:00 PM, also broadcast on our internet channel.","breadcrumb":{"@id":"https:\/\/www.padreeustaquio.com.br\/finados-igreja-do-beato-padre-eustaquio-tera-3-missas-no-feriado\/#breadcrumb"},"inLanguage":"en-US","potentialAction":[{"@type":"ReadAction","target":["https:\/\/www.padreeustaquio.com.br\/finados-igreja-do-beato-padre-eustaquio-tera-3-missas-no-feriado\/"]}]},{"@type":"ImageObject","inLanguage":"en-US","@id":"https:\/\/www.padreeustaquio.com.br\/finados-igreja-do-beato-padre-eustaquio-tera-3-missas-no-feriado\/#primaryimage","url":"https:\/\/www.padreeustaquio.com.br\/wp-content\/uploads\/2023\/10\/dia-de-finados-no-padre-eustaquio-bh.png","contentUrl":"https:\/\/www.padreeustaquio.com.br\/wp-content\/uploads\/2023\/10\/dia-de-finados-no-padre-eustaquio-bh.png","width":1200,"height":800},{"@type":"BreadcrumbList","@id":"https:\/\/www.padreeustaquio.com.br\/finados-igreja-do-beato-padre-eustaquio-tera-3-missas-no-feriado\/#breadcrumb","itemListElement":[{"@type":"ListItem","position":1,"name":"In\u00edcio","item":"https:\/\/www.padreeustaquio.com.br\/"},{"@type":"ListItem","position":2,"name":"FINADOS &#8211; Igreja do Beato Padre Eust\u00e1quio ter\u00e1 3 missas no feriado"}]},{"@type":"WebSite","@id":"https:\/\/www.padreeustaquio.com.br\/#website","url":"https:\/\/www.padreeustaquio.com.br\/","name":"FATHER EUST\u00c1QUIO","description":"Health and Peace","publisher":{"@id":"https:\/\/www.padreeustaquio.com.br\/#organization"},"potentialAction":[{"@type":"SearchAction","target":{"@type":"EntryPoint","urlTemplate":"https:\/\/www.padreeustaquio.com.br\/?s={search_term_string}"},"query-input":{"@type":"PropertyValueSpecification","valueRequired":true,"valueName":"search_term_string"}}],"inLanguage":"en-US"},{"@type":"Organization","@id":"https:\/\/www.padreeustaquio.com.br\/#organization","name":"FATHER EUST\u00c1QUIO","url":"https:\/\/www.padreeustaquio.com.br\/","logo":{"@type":"ImageObject","inLanguage":"en-US","@id":"https:\/\/www.padreeustaquio.com.br\/#\/schema\/logo\/image\/","url":"https:\/\/www.padreeustaquio.com.br\/wp-content\/uploads\/2019\/08\/marca.png","contentUrl":"https:\/\/www.padreeustaquio.com.br\/wp-content\/uploads\/2019\/08\/marca.png","width":350,"height":400,"caption":"Padre Eust\u00e1quio"},"image":{"@id":"https:\/\/www.padreeustaquio.com.br\/#\/schema\/logo\/image\/"},"sameAs":["https:\/\/www.facebook.com\/beatopadreeustaquio\/","https:\/\/x.com\/beatopeustaquio","https:\/\/www.instagram.com\/beatopadreeustaquio\/","https:\/\/www.youtube.com\/channel\/UCRhw7vfabnajwLxb1ZXMeIw"]},{"@type":"Person","@id":"https:\/\/www.padreeustaquio.com.br\/#\/schema\/person\/a2a51db1d00f1a7af0204a0f1ddb1566","name":"@sscc","image":{"@type":"ImageObject","inLanguage":"en-US","@id":"https:\/\/secure.gravatar.com\/avatar\/68cfafa5f44617fea54071e215026e0ff06be366c3d54a8425f04fdcb86f8c5f?s=96&d=mm&r=g","url":"https:\/\/secure.gravatar.com\/avatar\/68cfafa5f44617fea54071e215026e0ff06be366c3d54a8425f04fdcb86f8c5f?s=96&d=mm&r=g","contentUrl":"https:\/\/secure.gravatar.com\/avatar\/68cfafa5f44617fea54071e215026e0ff06be366c3d54a8425f04fdcb86f8c5f?s=96&d=mm&r=g","caption":"@sscc"},"url":"https:\/\/www.padreeustaquio.com.br\/en\/author\/sscc\/"}]}},"_links":{"self":[{"href":"https:\/\/www.padreeustaquio.com.br\/en\/wp-json\/wp\/v2\/posts\/10971","targetHints":{"allow":["GET"]}}],"collection":[{"href":"https:\/\/www.padreeustaquio.com.br\/en\/wp-json\/wp\/v2\/posts"}],"about":[{"href":"https:\/\/www.padreeustaquio.com.br\/en\/wp-json\/wp\/v2\/types\/post"}],"author":[{"embeddable":true,"href":"https:\/\/www.padreeustaquio.com.br\/en\/wp-json\/wp\/v2\/users\/2"}],"replies":[{"embeddable":true,"href":"https:\/\/www.padreeustaquio.com.br\/en\/wp-json\/wp\/v2\/comments?post=10971"}],"version-history":[{"count":0,"href":"https:\/\/www.padreeustaquio.com.br\/en\/wp-json\/wp\/v2\/posts\/10971\/revisions"}],"wp:featuredmedia":[{"embeddable":true,"href":"https:\/\/www.padreeustaquio.com.br\/en\/wp-json\/wp\/v2\/media\/10973"}],"wp:attachment":[{"href":"https:\/\/www.padreeustaquio.com.br\/en\/wp-json\/wp\/v2\/media?parent=10971"}],"wp:term":[{"taxonomy":"category","embeddable":true,"href":"https:\/\/www.padreeustaquio.com.br\/en\/wp-json\/wp\/v2\/categories?post=10971"},{"taxonomy":"post_tag","embeddable":true,"href":"https:\/\/www.padreeustaquio.com.br\/en\/wp-json\/wp\/v2\/tags?post=10971"}],"curies":[{"name":"wp","href":"https:\/\/api.w.org\/{rel}","templated":true}]}}