{"id":10966,"date":"2023-10-28T15:50:59","date_gmt":"2023-10-28T18:50:59","guid":{"rendered":"https:\/\/www.padreeustaquio.com.br\/?p=10966"},"modified":"2023-10-28T15:51:57","modified_gmt":"2023-10-28T18:51:57","slug":"holy-mass-with-father-vinicius-maciel-sscc-concludes-national-meeting-of-senior-citizens","status":"publish","type":"post","link":"https:\/\/www.padreeustaquio.com.br\/en\/holy-mass-with-father-vinicius-maciel-sscc-concludes-national-meeting-of-senior-citizens\/","title":{"rendered":"Holy Mass with Father Vinicius Maciel concludes the National Meeting of Senior Citizens."},"content":{"rendered":"<p>The Holy Mass, celebrated by the vice-postulator of the Cause of Canonization of Father Eust\u00e1quio, Father Vin\u00edcius Maciel, SSCC, concluded the 26th edition of the National Meeting of Senior Citizens (Dedo de Prosa da Melhor Idade). The event took place in S\u00e3o Louren\u00e7o, in the south of Minas Gerais.<\/p>\n<p>More than 600 people participated in the meeting that began last Monday, October 23rd. The event was held at the Guanabara Hotel Convention Center and included moments of joy, learning, and lots of fun.<\/p>\n<p>At the opening, Father Vinicius, accompanied by two members of the Baptist Church, offered an ecumenical prayer to begin the proceedings of this edition. Throughout the four days of the meeting, the Padre Eust\u00e1quio Store was present, promoting the Blessed and raising funds to support the social works inspired by him.<\/p>\n<div id=\"attachment_10968\" style=\"width: 397px\" class=\"wp-caption alignright\"><img fetchpriority=\"high\" decoding=\"async\" aria-describedby=\"caption-attachment-10968\" class=\"wp-image-10968\" src=\"https:\/\/www.padreeustaquio.com.br\/wp-content\/uploads\/2023\/10\/lojinha-do-padre-eustaquio-no-dedo-de-prosa-300x169.jpeg\" alt=\"\" width=\"387\" height=\"218\" srcset=\"https:\/\/www.padreeustaquio.com.br\/wp-content\/uploads\/2023\/10\/lojinha-do-padre-eustaquio-no-dedo-de-prosa-300x169.jpeg 300w, https:\/\/www.padreeustaquio.com.br\/wp-content\/uploads\/2023\/10\/lojinha-do-padre-eustaquio-no-dedo-de-prosa-1024x576.jpeg 1024w, https:\/\/www.padreeustaquio.com.br\/wp-content\/uploads\/2023\/10\/lojinha-do-padre-eustaquio-no-dedo-de-prosa-768x432.jpeg 768w, https:\/\/www.padreeustaquio.com.br\/wp-content\/uploads\/2023\/10\/lojinha-do-padre-eustaquio-no-dedo-de-prosa-1536x864.jpeg 1536w, https:\/\/www.padreeustaquio.com.br\/wp-content\/uploads\/2023\/10\/lojinha-do-padre-eustaquio-no-dedo-de-prosa-400x225.jpeg 400w, https:\/\/www.padreeustaquio.com.br\/wp-content\/uploads\/2023\/10\/lojinha-do-padre-eustaquio-no-dedo-de-prosa-600x338.jpeg 600w, https:\/\/www.padreeustaquio.com.br\/wp-content\/uploads\/2023\/10\/lojinha-do-padre-eustaquio-no-dedo-de-prosa-800x450.jpeg 800w, https:\/\/www.padreeustaquio.com.br\/wp-content\/uploads\/2023\/10\/lojinha-do-padre-eustaquio-no-dedo-de-prosa-1200x675.jpeg 1200w, https:\/\/www.padreeustaquio.com.br\/wp-content\/uploads\/2023\/10\/lojinha-do-padre-eustaquio-no-dedo-de-prosa.jpeg 1600w\" sizes=\"(max-width: 387px) 100vw, 387px\" \/><p id=\"caption-attachment-10968\" class=\"wp-caption-text\">Padre Eust\u00e1quio Store booth at the event.<\/p><\/div>\n<p>On Thursday, the last day of the event, Father Vin\u00edcius celebrated the closing mass, which moved the participants.<\/p>\n<p>The next Dedo de Prosa meeting is scheduled for May 2024 and will be held in Caldas Novas, Goi\u00e1s.<\/p>","protected":false},"excerpt":{"rendered":"<p>A Santa Missa, celebrada pelo vice-postulador da Causa de Canoniza\u00e7\u00e3o de Pe. Eust\u00e1quio, o padre Vin\u00edcius Maciel, SSCC, encerrou a 26\u00aa edi\u00e7\u00e3o do Encontro Nacional Dedo de Prosa da Melhor Idade. O evento aconteceu em S\u00e3o Louren\u00e7o, no Sul de Minas. Mais de 600 pessoas participaram do encontro que come\u00e7ou na \u00faltima segunda-feira, dia 23 de outubro. O evento foi realizado no Centro de Conven\u00e7\u00f5es do Hotel Guanabara e contou com momentos de alegria, aprendizado e muita anima\u00e7\u00e3o. Na abertura, padre Vinicius, acompanhado de duas integrantes da Igreja Batista, fez uma ora\u00e7\u00e3o ecum\u00eanica para iniciar os trabalhos desta edi\u00e7\u00e3o. Durante [&hellip;]<\/p>\n","protected":false},"author":2,"featured_media":10967,"comment_status":"open","ping_status":"closed","sticky":false,"template":"","format":"standard","meta":{"_acf_changed":false,"footnotes":""},"categories":[611],"tags":[],"class_list":["post-10966","post","type-post","status-publish","format-standard","has-post-thumbnail","hentry","category-noticias"],"acf":[],"yoast_head":"<!-- This site is optimized with the Yoast SEO plugin v27.2 - https:\/\/yoast.com\/product\/yoast-seo-wordpress\/ -->\n<title>Santa Missa com Pe. Vinicius Maciel encerra Encontro Nacional da Terceira Idade<\/title>\n<meta name=\"description\" content=\"A Santa Missa, celebrada pelo vice-postulador da Causa de Canoniza\u00e7\u00e3o de Pe. Eust\u00e1quio, o padre Vin\u00edcius Maciel, SSCC, encerrou a 26\u00aa edi\u00e7\u00e3o do Encontro Nacional Dedo de Prosa da Melhor Idade. O evento aconteceu em S\u00e3o Louren\u00e7o, no Sul de Minas.\" \/>\n<meta name=\"robots\" content=\"index, follow, max-snippet:-1, max-image-preview:large, max-video-preview:-1\" \/>\n<link rel=\"canonical\" href=\"https:\/\/www.padreeustaquio.com.br\/en\/holy-mass-with-father-vinicius-maciel-sscc-concludes-national-meeting-of-senior-citizens\/\" \/>\n<meta property=\"og:locale\" content=\"en_US\" \/>\n<meta property=\"og:type\" content=\"article\" \/>\n<meta property=\"og:title\" content=\"Santa Missa com Pe. Vinicius Maciel encerra Encontro Nacional da Terceira Idade\" \/>\n<meta property=\"og:description\" content=\"A Santa Missa, celebrada pelo vice-postulador da Causa de Canoniza\u00e7\u00e3o de Pe. Eust\u00e1quio, o padre Vin\u00edcius Maciel, SSCC, encerrou a 26\u00aa edi\u00e7\u00e3o do Encontro Nacional Dedo de Prosa da Melhor Idade. O evento aconteceu em S\u00e3o Louren\u00e7o, no Sul de Minas.\" \/>\n<meta property=\"og:url\" content=\"https:\/\/www.padreeustaquio.com.br\/en\/holy-mass-with-father-vinicius-maciel-sscc-concludes-national-meeting-of-senior-citizens\/\" \/>\n<meta property=\"og:site_name\" content=\"Padre Eust\u00e1quio\" \/>\n<meta property=\"article:publisher\" content=\"https:\/\/www.facebook.com\/beatopadreeustaquio\/\" \/>\n<meta property=\"article:published_time\" content=\"2023-10-28T18:50:59+00:00\" \/>\n<meta property=\"article:modified_time\" content=\"2023-10-28T18:51:57+00:00\" \/>\n<meta property=\"og:image\" content=\"https:\/\/www.padreeustaquio.com.br\/wp-content\/uploads\/2023\/10\/pv-no-dedo-de-prosa-out-2023.jpeg\" \/>\n\t<meta property=\"og:image:width\" content=\"1600\" \/>\n\t<meta property=\"og:image:height\" content=\"900\" \/>\n\t<meta property=\"og:image:type\" content=\"image\/jpeg\" \/>\n<meta name=\"author\" content=\"@sscc\" \/>\n<meta name=\"twitter:card\" content=\"summary_large_image\" \/>\n<meta name=\"twitter:creator\" content=\"@beatopeustaquio\" \/>\n<meta name=\"twitter:site\" content=\"@beatopeustaquio\" \/>\n<meta name=\"twitter:label1\" content=\"Written by\" \/>\n\t<meta name=\"twitter:data1\" content=\"@sscc\" \/>\n\t<meta name=\"twitter:label2\" content=\"Est. reading time\" \/>\n\t<meta name=\"twitter:data2\" content=\"2 minutes\" \/>\n<script type=\"application\/ld+json\" class=\"yoast-schema-graph\">{\"@context\":\"https:\/\/schema.org\",\"@graph\":[{\"@type\":\"Article\",\"@id\":\"https:\/\/www.padreeustaquio.com.br\/santa-missa-com-pe-vinicius-maciel-sscc-encerra-encontro-nacional-da-terceira-idade\/#article\",\"isPartOf\":{\"@id\":\"https:\/\/www.padreeustaquio.com.br\/santa-missa-com-pe-vinicius-maciel-sscc-encerra-encontro-nacional-da-terceira-idade\/\"},\"author\":{\"name\":\"@sscc\",\"@id\":\"https:\/\/www.padreeustaquio.com.br\/#\/schema\/person\/a2a51db1d00f1a7af0204a0f1ddb1566\"},\"headline\":\"Santa Missa com Pe. Vinicius Maciel encerra Encontro Nacional da Terceira Idade\",\"datePublished\":\"2023-10-28T18:50:59+00:00\",\"dateModified\":\"2023-10-28T18:51:57+00:00\",\"mainEntityOfPage\":{\"@id\":\"https:\/\/www.padreeustaquio.com.br\/santa-missa-com-pe-vinicius-maciel-sscc-encerra-encontro-nacional-da-terceira-idade\/\"},\"wordCount\":203,\"commentCount\":0,\"publisher\":{\"@id\":\"https:\/\/www.padreeustaquio.com.br\/#organization\"},\"image\":{\"@id\":\"https:\/\/www.padreeustaquio.com.br\/santa-missa-com-pe-vinicius-maciel-sscc-encerra-encontro-nacional-da-terceira-idade\/#primaryimage\"},\"thumbnailUrl\":\"https:\/\/www.padreeustaquio.com.br\/wp-content\/uploads\/2023\/10\/pv-no-dedo-de-prosa-out-2023.jpeg\",\"articleSection\":[\"Not\u00edcias\"],\"inLanguage\":\"en-US\",\"potentialAction\":[{\"@type\":\"CommentAction\",\"name\":\"Comment\",\"target\":[\"https:\/\/www.padreeustaquio.com.br\/santa-missa-com-pe-vinicius-maciel-sscc-encerra-encontro-nacional-da-terceira-idade\/#respond\"]}]},{\"@type\":\"WebPage\",\"@id\":\"https:\/\/www.padreeustaquio.com.br\/santa-missa-com-pe-vinicius-maciel-sscc-encerra-encontro-nacional-da-terceira-idade\/\",\"url\":\"https:\/\/www.padreeustaquio.com.br\/santa-missa-com-pe-vinicius-maciel-sscc-encerra-encontro-nacional-da-terceira-idade\/\",\"name\":\"Santa Missa com Pe. Vinicius Maciel encerra Encontro Nacional da Terceira Idade\",\"isPartOf\":{\"@id\":\"https:\/\/www.padreeustaquio.com.br\/#website\"},\"primaryImageOfPage\":{\"@id\":\"https:\/\/www.padreeustaquio.com.br\/santa-missa-com-pe-vinicius-maciel-sscc-encerra-encontro-nacional-da-terceira-idade\/#primaryimage\"},\"image\":{\"@id\":\"https:\/\/www.padreeustaquio.com.br\/santa-missa-com-pe-vinicius-maciel-sscc-encerra-encontro-nacional-da-terceira-idade\/#primaryimage\"},\"thumbnailUrl\":\"https:\/\/www.padreeustaquio.com.br\/wp-content\/uploads\/2023\/10\/pv-no-dedo-de-prosa-out-2023.jpeg\",\"datePublished\":\"2023-10-28T18:50:59+00:00\",\"dateModified\":\"2023-10-28T18:51:57+00:00\",\"description\":\"A Santa Missa, celebrada pelo vice-postulador da Causa de Canoniza\u00e7\u00e3o de Pe. Eust\u00e1quio, o padre Vin\u00edcius Maciel, SSCC, encerrou a 26\u00aa edi\u00e7\u00e3o do Encontro Nacional Dedo de Prosa da Melhor Idade. O evento aconteceu em S\u00e3o Louren\u00e7o, no Sul de Minas.\",\"breadcrumb\":{\"@id\":\"https:\/\/www.padreeustaquio.com.br\/santa-missa-com-pe-vinicius-maciel-sscc-encerra-encontro-nacional-da-terceira-idade\/#breadcrumb\"},\"inLanguage\":\"en-US\",\"potentialAction\":[{\"@type\":\"ReadAction\",\"target\":[\"https:\/\/www.padreeustaquio.com.br\/santa-missa-com-pe-vinicius-maciel-sscc-encerra-encontro-nacional-da-terceira-idade\/\"]}]},{\"@type\":\"ImageObject\",\"inLanguage\":\"en-US\",\"@id\":\"https:\/\/www.padreeustaquio.com.br\/santa-missa-com-pe-vinicius-maciel-sscc-encerra-encontro-nacional-da-terceira-idade\/#primaryimage\",\"url\":\"https:\/\/www.padreeustaquio.com.br\/wp-content\/uploads\/2023\/10\/pv-no-dedo-de-prosa-out-2023.jpeg\",\"contentUrl\":\"https:\/\/www.padreeustaquio.com.br\/wp-content\/uploads\/2023\/10\/pv-no-dedo-de-prosa-out-2023.jpeg\",\"width\":1600,\"height\":900},{\"@type\":\"BreadcrumbList\",\"@id\":\"https:\/\/www.padreeustaquio.com.br\/santa-missa-com-pe-vinicius-maciel-sscc-encerra-encontro-nacional-da-terceira-idade\/#breadcrumb\",\"itemListElement\":[{\"@type\":\"ListItem\",\"position\":1,\"name\":\"In\u00edcio\",\"item\":\"https:\/\/www.padreeustaquio.com.br\/\"},{\"@type\":\"ListItem\",\"position\":2,\"name\":\"Santa Missa com Pe. Vinicius Maciel encerra Encontro Nacional da Terceira Idade\"}]},{\"@type\":\"WebSite\",\"@id\":\"https:\/\/www.padreeustaquio.com.br\/#website\",\"url\":\"https:\/\/www.padreeustaquio.com.br\/\",\"name\":\"Padre Eust\u00e1quio\",\"description\":\"Sa\u00fade e Paz\",\"publisher\":{\"@id\":\"https:\/\/www.padreeustaquio.com.br\/#organization\"},\"potentialAction\":[{\"@type\":\"SearchAction\",\"target\":{\"@type\":\"EntryPoint\",\"urlTemplate\":\"https:\/\/www.padreeustaquio.com.br\/?s={search_term_string}\"},\"query-input\":{\"@type\":\"PropertyValueSpecification\",\"valueRequired\":true,\"valueName\":\"search_term_string\"}}],\"inLanguage\":\"en-US\"},{\"@type\":\"Organization\",\"@id\":\"https:\/\/www.padreeustaquio.com.br\/#organization\",\"name\":\"Padre Eust\u00e1quio\",\"url\":\"https:\/\/www.padreeustaquio.com.br\/\",\"logo\":{\"@type\":\"ImageObject\",\"inLanguage\":\"en-US\",\"@id\":\"https:\/\/www.padreeustaquio.com.br\/#\/schema\/logo\/image\/\",\"url\":\"https:\/\/www.padreeustaquio.com.br\/wp-content\/uploads\/2019\/08\/marca.png\",\"contentUrl\":\"https:\/\/www.padreeustaquio.com.br\/wp-content\/uploads\/2019\/08\/marca.png\",\"width\":350,\"height\":400,\"caption\":\"Padre Eust\u00e1quio\"},\"image\":{\"@id\":\"https:\/\/www.padreeustaquio.com.br\/#\/schema\/logo\/image\/\"},\"sameAs\":[\"https:\/\/www.facebook.com\/beatopadreeustaquio\/\",\"https:\/\/x.com\/beatopeustaquio\",\"https:\/\/www.instagram.com\/beatopadreeustaquio\/\",\"https:\/\/www.youtube.com\/channel\/UCRhw7vfabnajwLxb1ZXMeIw\"]},{\"@type\":\"Person\",\"@id\":\"https:\/\/www.padreeustaquio.com.br\/#\/schema\/person\/a2a51db1d00f1a7af0204a0f1ddb1566\",\"name\":\"@sscc\",\"image\":{\"@type\":\"ImageObject\",\"inLanguage\":\"en-US\",\"@id\":\"https:\/\/secure.gravatar.com\/avatar\/68cfafa5f44617fea54071e215026e0ff06be366c3d54a8425f04fdcb86f8c5f?s=96&d=mm&r=g\",\"url\":\"https:\/\/secure.gravatar.com\/avatar\/68cfafa5f44617fea54071e215026e0ff06be366c3d54a8425f04fdcb86f8c5f?s=96&d=mm&r=g\",\"contentUrl\":\"https:\/\/secure.gravatar.com\/avatar\/68cfafa5f44617fea54071e215026e0ff06be366c3d54a8425f04fdcb86f8c5f?s=96&d=mm&r=g\",\"caption\":\"@sscc\"},\"url\":\"https:\/\/www.padreeustaquio.com.br\/en\/author\/sscc\/\"}]}<\/script>\n<!-- \/ Yoast SEO plugin. -->","yoast_head_json":{"title":"Holy Mass with Father Vinicius Maciel concludes the National Meeting of Senior Citizens.","description":"The Holy Mass, celebrated by the vice-postulator of the Cause of Canonization of Father Eust\u00e1quio, Father Vin\u00edcius Maciel, SSCC, concluded the 26th edition of the National Meeting of Senior Citizens (Dedo de Prosa da Melhor Idade). The event took place in S\u00e3o Louren\u00e7o, in the south of Minas Gerais.","robots":{"index":"index","follow":"follow","max-snippet":"max-snippet:-1","max-image-preview":"max-image-preview:large","max-video-preview":"max-video-preview:-1"},"canonical":"https:\/\/www.padreeustaquio.com.br\/en\/holy-mass-with-father-vinicius-maciel-sscc-concludes-national-meeting-of-senior-citizens\/","og_locale":"en_US","og_type":"article","og_title":"Santa Missa com Pe. Vinicius Maciel encerra Encontro Nacional da Terceira Idade","og_description":"A Santa Missa, celebrada pelo vice-postulador da Causa de Canoniza\u00e7\u00e3o de Pe. Eust\u00e1quio, o padre Vin\u00edcius Maciel, SSCC, encerrou a 26\u00aa edi\u00e7\u00e3o do Encontro Nacional Dedo de Prosa da Melhor Idade. O evento aconteceu em S\u00e3o Louren\u00e7o, no Sul de Minas.","og_url":"https:\/\/www.padreeustaquio.com.br\/en\/holy-mass-with-father-vinicius-maciel-sscc-concludes-national-meeting-of-senior-citizens\/","og_site_name":"Padre Eust\u00e1quio","article_publisher":"https:\/\/www.facebook.com\/beatopadreeustaquio\/","article_published_time":"2023-10-28T18:50:59+00:00","article_modified_time":"2023-10-28T18:51:57+00:00","og_image":[{"width":1600,"height":900,"url":"https:\/\/www.padreeustaquio.com.br\/wp-content\/uploads\/2023\/10\/pv-no-dedo-de-prosa-out-2023.jpeg","type":"image\/jpeg"}],"author":"@sscc","twitter_card":"summary_large_image","twitter_creator":"@beatopeustaquio","twitter_site":"@beatopeustaquio","twitter_misc":{"Written by":"@sscc","Est. reading time":"2 minutes"},"schema":{"@context":"https:\/\/schema.org","@graph":[{"@type":"Article","@id":"https:\/\/www.padreeustaquio.com.br\/santa-missa-com-pe-vinicius-maciel-sscc-encerra-encontro-nacional-da-terceira-idade\/#article","isPartOf":{"@id":"https:\/\/www.padreeustaquio.com.br\/santa-missa-com-pe-vinicius-maciel-sscc-encerra-encontro-nacional-da-terceira-idade\/"},"author":{"name":"@sscc","@id":"https:\/\/www.padreeustaquio.com.br\/#\/schema\/person\/a2a51db1d00f1a7af0204a0f1ddb1566"},"headline":"Santa Missa com Pe. Vinicius Maciel encerra Encontro Nacional da Terceira Idade","datePublished":"2023-10-28T18:50:59+00:00","dateModified":"2023-10-28T18:51:57+00:00","mainEntityOfPage":{"@id":"https:\/\/www.padreeustaquio.com.br\/santa-missa-com-pe-vinicius-maciel-sscc-encerra-encontro-nacional-da-terceira-idade\/"},"wordCount":203,"commentCount":0,"publisher":{"@id":"https:\/\/www.padreeustaquio.com.br\/#organization"},"image":{"@id":"https:\/\/www.padreeustaquio.com.br\/santa-missa-com-pe-vinicius-maciel-sscc-encerra-encontro-nacional-da-terceira-idade\/#primaryimage"},"thumbnailUrl":"https:\/\/www.padreeustaquio.com.br\/wp-content\/uploads\/2023\/10\/pv-no-dedo-de-prosa-out-2023.jpeg","articleSection":["Not\u00edcias"],"inLanguage":"en-US","potentialAction":[{"@type":"CommentAction","name":"Comment","target":["https:\/\/www.padreeustaquio.com.br\/santa-missa-com-pe-vinicius-maciel-sscc-encerra-encontro-nacional-da-terceira-idade\/#respond"]}]},{"@type":"WebPage","@id":"https:\/\/www.padreeustaquio.com.br\/santa-missa-com-pe-vinicius-maciel-sscc-encerra-encontro-nacional-da-terceira-idade\/","url":"https:\/\/www.padreeustaquio.com.br\/santa-missa-com-pe-vinicius-maciel-sscc-encerra-encontro-nacional-da-terceira-idade\/","name":"Holy Mass with Father Vinicius Maciel concludes the National Meeting of Senior Citizens.","isPartOf":{"@id":"https:\/\/www.padreeustaquio.com.br\/#website"},"primaryImageOfPage":{"@id":"https:\/\/www.padreeustaquio.com.br\/santa-missa-com-pe-vinicius-maciel-sscc-encerra-encontro-nacional-da-terceira-idade\/#primaryimage"},"image":{"@id":"https:\/\/www.padreeustaquio.com.br\/santa-missa-com-pe-vinicius-maciel-sscc-encerra-encontro-nacional-da-terceira-idade\/#primaryimage"},"thumbnailUrl":"https:\/\/www.padreeustaquio.com.br\/wp-content\/uploads\/2023\/10\/pv-no-dedo-de-prosa-out-2023.jpeg","datePublished":"2023-10-28T18:50:59+00:00","dateModified":"2023-10-28T18:51:57+00:00","description":"The Holy Mass, celebrated by the vice-postulator of the Cause of Canonization of Father Eust\u00e1quio, Father Vin\u00edcius Maciel, SSCC, concluded the 26th edition of the National Meeting of Senior Citizens (Dedo de Prosa da Melhor Idade). The event took place in S\u00e3o Louren\u00e7o, in the south of Minas Gerais.","breadcrumb":{"@id":"https:\/\/www.padreeustaquio.com.br\/santa-missa-com-pe-vinicius-maciel-sscc-encerra-encontro-nacional-da-terceira-idade\/#breadcrumb"},"inLanguage":"en-US","potentialAction":[{"@type":"ReadAction","target":["https:\/\/www.padreeustaquio.com.br\/santa-missa-com-pe-vinicius-maciel-sscc-encerra-encontro-nacional-da-terceira-idade\/"]}]},{"@type":"ImageObject","inLanguage":"en-US","@id":"https:\/\/www.padreeustaquio.com.br\/santa-missa-com-pe-vinicius-maciel-sscc-encerra-encontro-nacional-da-terceira-idade\/#primaryimage","url":"https:\/\/www.padreeustaquio.com.br\/wp-content\/uploads\/2023\/10\/pv-no-dedo-de-prosa-out-2023.jpeg","contentUrl":"https:\/\/www.padreeustaquio.com.br\/wp-content\/uploads\/2023\/10\/pv-no-dedo-de-prosa-out-2023.jpeg","width":1600,"height":900},{"@type":"BreadcrumbList","@id":"https:\/\/www.padreeustaquio.com.br\/santa-missa-com-pe-vinicius-maciel-sscc-encerra-encontro-nacional-da-terceira-idade\/#breadcrumb","itemListElement":[{"@type":"ListItem","position":1,"name":"In\u00edcio","item":"https:\/\/www.padreeustaquio.com.br\/"},{"@type":"ListItem","position":2,"name":"Santa Missa com Pe. Vinicius Maciel encerra Encontro Nacional da Terceira Idade"}]},{"@type":"WebSite","@id":"https:\/\/www.padreeustaquio.com.br\/#website","url":"https:\/\/www.padreeustaquio.com.br\/","name":"FATHER EUST\u00c1QUIO","description":"Health and Peace","publisher":{"@id":"https:\/\/www.padreeustaquio.com.br\/#organization"},"potentialAction":[{"@type":"SearchAction","target":{"@type":"EntryPoint","urlTemplate":"https:\/\/www.padreeustaquio.com.br\/?s={search_term_string}"},"query-input":{"@type":"PropertyValueSpecification","valueRequired":true,"valueName":"search_term_string"}}],"inLanguage":"en-US"},{"@type":"Organization","@id":"https:\/\/www.padreeustaquio.com.br\/#organization","name":"FATHER EUST\u00c1QUIO","url":"https:\/\/www.padreeustaquio.com.br\/","logo":{"@type":"ImageObject","inLanguage":"en-US","@id":"https:\/\/www.padreeustaquio.com.br\/#\/schema\/logo\/image\/","url":"https:\/\/www.padreeustaquio.com.br\/wp-content\/uploads\/2019\/08\/marca.png","contentUrl":"https:\/\/www.padreeustaquio.com.br\/wp-content\/uploads\/2019\/08\/marca.png","width":350,"height":400,"caption":"Padre Eust\u00e1quio"},"image":{"@id":"https:\/\/www.padreeustaquio.com.br\/#\/schema\/logo\/image\/"},"sameAs":["https:\/\/www.facebook.com\/beatopadreeustaquio\/","https:\/\/x.com\/beatopeustaquio","https:\/\/www.instagram.com\/beatopadreeustaquio\/","https:\/\/www.youtube.com\/channel\/UCRhw7vfabnajwLxb1ZXMeIw"]},{"@type":"Person","@id":"https:\/\/www.padreeustaquio.com.br\/#\/schema\/person\/a2a51db1d00f1a7af0204a0f1ddb1566","name":"@sscc","image":{"@type":"ImageObject","inLanguage":"en-US","@id":"https:\/\/secure.gravatar.com\/avatar\/68cfafa5f44617fea54071e215026e0ff06be366c3d54a8425f04fdcb86f8c5f?s=96&d=mm&r=g","url":"https:\/\/secure.gravatar.com\/avatar\/68cfafa5f44617fea54071e215026e0ff06be366c3d54a8425f04fdcb86f8c5f?s=96&d=mm&r=g","contentUrl":"https:\/\/secure.gravatar.com\/avatar\/68cfafa5f44617fea54071e215026e0ff06be366c3d54a8425f04fdcb86f8c5f?s=96&d=mm&r=g","caption":"@sscc"},"url":"https:\/\/www.padreeustaquio.com.br\/en\/author\/sscc\/"}]}},"_links":{"self":[{"href":"https:\/\/www.padreeustaquio.com.br\/en\/wp-json\/wp\/v2\/posts\/10966","targetHints":{"allow":["GET"]}}],"collection":[{"href":"https:\/\/www.padreeustaquio.com.br\/en\/wp-json\/wp\/v2\/posts"}],"about":[{"href":"https:\/\/www.padreeustaquio.com.br\/en\/wp-json\/wp\/v2\/types\/post"}],"author":[{"embeddable":true,"href":"https:\/\/www.padreeustaquio.com.br\/en\/wp-json\/wp\/v2\/users\/2"}],"replies":[{"embeddable":true,"href":"https:\/\/www.padreeustaquio.com.br\/en\/wp-json\/wp\/v2\/comments?post=10966"}],"version-history":[{"count":0,"href":"https:\/\/www.padreeustaquio.com.br\/en\/wp-json\/wp\/v2\/posts\/10966\/revisions"}],"wp:featuredmedia":[{"embeddable":true,"href":"https:\/\/www.padreeustaquio.com.br\/en\/wp-json\/wp\/v2\/media\/10967"}],"wp:attachment":[{"href":"https:\/\/www.padreeustaquio.com.br\/en\/wp-json\/wp\/v2\/media?parent=10966"}],"wp:term":[{"taxonomy":"category","embeddable":true,"href":"https:\/\/www.padreeustaquio.com.br\/en\/wp-json\/wp\/v2\/categories?post=10966"},{"taxonomy":"post_tag","embeddable":true,"href":"https:\/\/www.padreeustaquio.com.br\/en\/wp-json\/wp\/v2\/tags?post=10966"}],"curies":[{"name":"wp","href":"https:\/\/api.w.org\/{rel}","templated":true}]}}