{"id":10962,"date":"2023-10-25T06:03:20","date_gmt":"2023-10-25T09:03:20","guid":{"rendered":"https:\/\/www.padreeustaquio.com.br\/?p=10962"},"modified":"2023-10-22T18:15:26","modified_gmt":"2023-10-22T21:15:26","slug":"the-ejc-and-apostolate-of-prayer-bazaar-is-receiving-donations","status":"publish","type":"post","link":"https:\/\/www.padreeustaquio.com.br\/en\/the-ejc-and-apostolate-of-prayer-bazaar-is-receiving-donations\/","title":{"rendered":"The EJC and Apostolate of Prayer bazaar is accepting donations."},"content":{"rendered":"<p>On November 5th, the EJC (Encounter of Young People with Christ) Bazaar will be held in conjunction with the Apostolate of Prayer. This charity event aims to raise funds for the movements&#039; activities. This is a time for the community to unite for a noble cause and, at the same time, give a new purpose to items you no longer use.<\/p>\n<p><strong>What we are receiving:<\/strong><\/p>\n<p><strong>Clothes:<\/strong> feminine, masculine, children&#039;s.<br \/>\n<strong>Footwear:<\/strong> All sizes and styles.<br \/>\n<strong>Toys:<\/strong> For children of all ages.<br \/>\n<strong>Household utensils:<\/strong> Objects that can make someone&#039;s life easier at home.<br \/>\n<strong>Home decorations:<\/strong> to add a special touch to any home.<br \/>\n<strong>Costume jewelry:<\/strong> Accessories that can delight new owners.<\/p>\n<p>To contribute to the success of this charity event, donations must be delivered to the parish office by November 3rd. We remind you that when making your donations, it is important to mention that they are destined for the EJC and Apostolate of Prayer Bazaar, ensuring that these items are used for the charitable purpose of this event.<\/p>\n<p>By donating, you not only help in the realization of the next EJC (Youth Encounter with Christ) and the ongoing work of the Apostleship of Prayer, but you also contribute to an environment of solidarity and love for our neighbor in our community. Your generosity makes a difference!<\/p>","protected":false},"excerpt":{"rendered":"<p>No dia 5 de novembro, haver\u00e1 o Bazar do EJC, Encontro de Jovens com Cristo, juntamente como o Apostolado da Ora\u00e7\u00e3o. O evento beneficente tem como objetivo angariar fundos para a\u00e7\u00f5es dos movimentos. Este \u00e9 um momento para a comunidade se unir em prol de uma causa nobre e, ao mesmo tempo, dar um novo prop\u00f3sito para itens que voc\u00ea n\u00e3o utiliza mais. O que estamos recebendo: Roupas: femininas, masculinas, infantis. Cal\u00e7ados: todos os tamanhos e estilos. Brinquedos: para crian\u00e7as de todas as idades. Utens\u00edlios dom\u00e9sticos: objetos que podem facilitar a vida de algu\u00e9m em casa. Enfeites de casa: para [&hellip;]<\/p>\n","protected":false},"author":2,"featured_media":10963,"comment_status":"open","ping_status":"closed","sticky":false,"template":"","format":"standard","meta":{"_acf_changed":false,"footnotes":""},"categories":[611],"tags":[],"class_list":["post-10962","post","type-post","status-publish","format-standard","has-post-thumbnail","hentry","category-noticias"],"acf":[],"yoast_head":"<!-- This site is optimized with the Yoast SEO plugin v27.2 - https:\/\/yoast.com\/product\/yoast-seo-wordpress\/ -->\n<title>Bazar do EJC e do Apostolado da Ora\u00e7\u00e3o recebe doa\u00e7\u00f5es<\/title>\n<meta name=\"description\" content=\"No dia 5 de novembro, haver\u00e1 o Bazar do EJC, Encontro de Jovens com Cristo, juntamente como o Apostolado da Ora\u00e7\u00e3o. O evento beneficente tem como objetivo angariar fundos para a\u00e7\u00f5es dos movimentos.\" \/>\n<meta name=\"robots\" content=\"index, follow, max-snippet:-1, max-image-preview:large, max-video-preview:-1\" \/>\n<link rel=\"canonical\" href=\"https:\/\/www.padreeustaquio.com.br\/en\/the-ejc-and-apostolate-of-prayer-bazaar-is-receiving-donations\/\" \/>\n<meta property=\"og:locale\" content=\"en_US\" \/>\n<meta property=\"og:type\" content=\"article\" \/>\n<meta property=\"og:title\" content=\"Bazar do EJC e do Apostolado da Ora\u00e7\u00e3o recebe doa\u00e7\u00f5es\" \/>\n<meta property=\"og:description\" content=\"No dia 5 de novembro, haver\u00e1 o Bazar do EJC, Encontro de Jovens com Cristo, juntamente como o Apostolado da Ora\u00e7\u00e3o. O evento beneficente tem como objetivo angariar fundos para a\u00e7\u00f5es dos movimentos.\" \/>\n<meta property=\"og:url\" content=\"https:\/\/www.padreeustaquio.com.br\/en\/the-ejc-and-apostolate-of-prayer-bazaar-is-receiving-donations\/\" \/>\n<meta property=\"og:site_name\" content=\"Padre Eust\u00e1quio\" \/>\n<meta property=\"article:publisher\" content=\"https:\/\/www.facebook.com\/beatopadreeustaquio\/\" \/>\n<meta property=\"article:published_time\" content=\"2023-10-25T09:03:20+00:00\" \/>\n<meta property=\"og:image\" content=\"https:\/\/www.padreeustaquio.com.br\/wp-content\/uploads\/2023\/10\/bazar-ejc-e-apostolado-da-oracao.jpeg\" \/>\n\t<meta property=\"og:image:width\" content=\"1600\" \/>\n\t<meta property=\"og:image:height\" content=\"900\" \/>\n\t<meta property=\"og:image:type\" content=\"image\/jpeg\" \/>\n<meta name=\"author\" content=\"@sscc\" \/>\n<meta name=\"twitter:card\" content=\"summary_large_image\" \/>\n<meta name=\"twitter:creator\" content=\"@beatopeustaquio\" \/>\n<meta name=\"twitter:site\" content=\"@beatopeustaquio\" \/>\n<meta name=\"twitter:label1\" content=\"Written by\" \/>\n\t<meta name=\"twitter:data1\" content=\"@sscc\" \/>\n\t<meta name=\"twitter:label2\" content=\"Est. reading time\" \/>\n\t<meta name=\"twitter:data2\" content=\"2 minutes\" \/>\n<script type=\"application\/ld+json\" class=\"yoast-schema-graph\">{\"@context\":\"https:\/\/schema.org\",\"@graph\":[{\"@type\":\"Article\",\"@id\":\"https:\/\/www.padreeustaquio.com.br\/bazar-do-ejc-e-do-apostolado-da-oracao-recebe-doacoes\/#article\",\"isPartOf\":{\"@id\":\"https:\/\/www.padreeustaquio.com.br\/bazar-do-ejc-e-do-apostolado-da-oracao-recebe-doacoes\/\"},\"author\":{\"name\":\"@sscc\",\"@id\":\"https:\/\/www.padreeustaquio.com.br\/#\/schema\/person\/a2a51db1d00f1a7af0204a0f1ddb1566\"},\"headline\":\"Bazar do EJC e do Apostolado da Ora\u00e7\u00e3o recebe doa\u00e7\u00f5es\",\"datePublished\":\"2023-10-25T09:03:20+00:00\",\"mainEntityOfPage\":{\"@id\":\"https:\/\/www.padreeustaquio.com.br\/bazar-do-ejc-e-do-apostolado-da-oracao-recebe-doacoes\/\"},\"wordCount\":239,\"commentCount\":0,\"publisher\":{\"@id\":\"https:\/\/www.padreeustaquio.com.br\/#organization\"},\"image\":{\"@id\":\"https:\/\/www.padreeustaquio.com.br\/bazar-do-ejc-e-do-apostolado-da-oracao-recebe-doacoes\/#primaryimage\"},\"thumbnailUrl\":\"https:\/\/www.padreeustaquio.com.br\/wp-content\/uploads\/2023\/10\/bazar-ejc-e-apostolado-da-oracao.jpeg\",\"articleSection\":[\"Not\u00edcias\"],\"inLanguage\":\"en-US\",\"potentialAction\":[{\"@type\":\"CommentAction\",\"name\":\"Comment\",\"target\":[\"https:\/\/www.padreeustaquio.com.br\/bazar-do-ejc-e-do-apostolado-da-oracao-recebe-doacoes\/#respond\"]}]},{\"@type\":\"WebPage\",\"@id\":\"https:\/\/www.padreeustaquio.com.br\/bazar-do-ejc-e-do-apostolado-da-oracao-recebe-doacoes\/\",\"url\":\"https:\/\/www.padreeustaquio.com.br\/bazar-do-ejc-e-do-apostolado-da-oracao-recebe-doacoes\/\",\"name\":\"Bazar do EJC e do Apostolado da Ora\u00e7\u00e3o recebe doa\u00e7\u00f5es\",\"isPartOf\":{\"@id\":\"https:\/\/www.padreeustaquio.com.br\/#website\"},\"primaryImageOfPage\":{\"@id\":\"https:\/\/www.padreeustaquio.com.br\/bazar-do-ejc-e-do-apostolado-da-oracao-recebe-doacoes\/#primaryimage\"},\"image\":{\"@id\":\"https:\/\/www.padreeustaquio.com.br\/bazar-do-ejc-e-do-apostolado-da-oracao-recebe-doacoes\/#primaryimage\"},\"thumbnailUrl\":\"https:\/\/www.padreeustaquio.com.br\/wp-content\/uploads\/2023\/10\/bazar-ejc-e-apostolado-da-oracao.jpeg\",\"datePublished\":\"2023-10-25T09:03:20+00:00\",\"description\":\"No dia 5 de novembro, haver\u00e1 o Bazar do EJC, Encontro de Jovens com Cristo, juntamente como o Apostolado da Ora\u00e7\u00e3o. O evento beneficente tem como objetivo angariar fundos para a\u00e7\u00f5es dos movimentos.\",\"breadcrumb\":{\"@id\":\"https:\/\/www.padreeustaquio.com.br\/bazar-do-ejc-e-do-apostolado-da-oracao-recebe-doacoes\/#breadcrumb\"},\"inLanguage\":\"en-US\",\"potentialAction\":[{\"@type\":\"ReadAction\",\"target\":[\"https:\/\/www.padreeustaquio.com.br\/bazar-do-ejc-e-do-apostolado-da-oracao-recebe-doacoes\/\"]}]},{\"@type\":\"ImageObject\",\"inLanguage\":\"en-US\",\"@id\":\"https:\/\/www.padreeustaquio.com.br\/bazar-do-ejc-e-do-apostolado-da-oracao-recebe-doacoes\/#primaryimage\",\"url\":\"https:\/\/www.padreeustaquio.com.br\/wp-content\/uploads\/2023\/10\/bazar-ejc-e-apostolado-da-oracao.jpeg\",\"contentUrl\":\"https:\/\/www.padreeustaquio.com.br\/wp-content\/uploads\/2023\/10\/bazar-ejc-e-apostolado-da-oracao.jpeg\",\"width\":1600,\"height\":900},{\"@type\":\"BreadcrumbList\",\"@id\":\"https:\/\/www.padreeustaquio.com.br\/bazar-do-ejc-e-do-apostolado-da-oracao-recebe-doacoes\/#breadcrumb\",\"itemListElement\":[{\"@type\":\"ListItem\",\"position\":1,\"name\":\"In\u00edcio\",\"item\":\"https:\/\/www.padreeustaquio.com.br\/\"},{\"@type\":\"ListItem\",\"position\":2,\"name\":\"Bazar do EJC e do Apostolado da Ora\u00e7\u00e3o recebe doa\u00e7\u00f5es\"}]},{\"@type\":\"WebSite\",\"@id\":\"https:\/\/www.padreeustaquio.com.br\/#website\",\"url\":\"https:\/\/www.padreeustaquio.com.br\/\",\"name\":\"Padre Eust\u00e1quio\",\"description\":\"Sa\u00fade e Paz\",\"publisher\":{\"@id\":\"https:\/\/www.padreeustaquio.com.br\/#organization\"},\"potentialAction\":[{\"@type\":\"SearchAction\",\"target\":{\"@type\":\"EntryPoint\",\"urlTemplate\":\"https:\/\/www.padreeustaquio.com.br\/?s={search_term_string}\"},\"query-input\":{\"@type\":\"PropertyValueSpecification\",\"valueRequired\":true,\"valueName\":\"search_term_string\"}}],\"inLanguage\":\"en-US\"},{\"@type\":\"Organization\",\"@id\":\"https:\/\/www.padreeustaquio.com.br\/#organization\",\"name\":\"Padre Eust\u00e1quio\",\"url\":\"https:\/\/www.padreeustaquio.com.br\/\",\"logo\":{\"@type\":\"ImageObject\",\"inLanguage\":\"en-US\",\"@id\":\"https:\/\/www.padreeustaquio.com.br\/#\/schema\/logo\/image\/\",\"url\":\"https:\/\/www.padreeustaquio.com.br\/wp-content\/uploads\/2019\/08\/marca.png\",\"contentUrl\":\"https:\/\/www.padreeustaquio.com.br\/wp-content\/uploads\/2019\/08\/marca.png\",\"width\":350,\"height\":400,\"caption\":\"Padre Eust\u00e1quio\"},\"image\":{\"@id\":\"https:\/\/www.padreeustaquio.com.br\/#\/schema\/logo\/image\/\"},\"sameAs\":[\"https:\/\/www.facebook.com\/beatopadreeustaquio\/\",\"https:\/\/x.com\/beatopeustaquio\",\"https:\/\/www.instagram.com\/beatopadreeustaquio\/\",\"https:\/\/www.youtube.com\/channel\/UCRhw7vfabnajwLxb1ZXMeIw\"]},{\"@type\":\"Person\",\"@id\":\"https:\/\/www.padreeustaquio.com.br\/#\/schema\/person\/a2a51db1d00f1a7af0204a0f1ddb1566\",\"name\":\"@sscc\",\"image\":{\"@type\":\"ImageObject\",\"inLanguage\":\"en-US\",\"@id\":\"https:\/\/secure.gravatar.com\/avatar\/68cfafa5f44617fea54071e215026e0ff06be366c3d54a8425f04fdcb86f8c5f?s=96&d=mm&r=g\",\"url\":\"https:\/\/secure.gravatar.com\/avatar\/68cfafa5f44617fea54071e215026e0ff06be366c3d54a8425f04fdcb86f8c5f?s=96&d=mm&r=g\",\"contentUrl\":\"https:\/\/secure.gravatar.com\/avatar\/68cfafa5f44617fea54071e215026e0ff06be366c3d54a8425f04fdcb86f8c5f?s=96&d=mm&r=g\",\"caption\":\"@sscc\"},\"url\":\"https:\/\/www.padreeustaquio.com.br\/en\/author\/sscc\/\"}]}<\/script>\n<!-- \/ Yoast SEO plugin. -->","yoast_head_json":{"title":"The EJC and Apostolate of Prayer bazaar is accepting donations.","description":"On November 5th, there will be a Bazaar organized by the EJC (Encounter of Young People with Christ), together with the Apostolate of Prayer. The charity event aims to raise funds for the movements&#039; activities.","robots":{"index":"index","follow":"follow","max-snippet":"max-snippet:-1","max-image-preview":"max-image-preview:large","max-video-preview":"max-video-preview:-1"},"canonical":"https:\/\/www.padreeustaquio.com.br\/en\/the-ejc-and-apostolate-of-prayer-bazaar-is-receiving-donations\/","og_locale":"en_US","og_type":"article","og_title":"Bazar do EJC e do Apostolado da Ora\u00e7\u00e3o recebe doa\u00e7\u00f5es","og_description":"No dia 5 de novembro, haver\u00e1 o Bazar do EJC, Encontro de Jovens com Cristo, juntamente como o Apostolado da Ora\u00e7\u00e3o. O evento beneficente tem como objetivo angariar fundos para a\u00e7\u00f5es dos movimentos.","og_url":"https:\/\/www.padreeustaquio.com.br\/en\/the-ejc-and-apostolate-of-prayer-bazaar-is-receiving-donations\/","og_site_name":"Padre Eust\u00e1quio","article_publisher":"https:\/\/www.facebook.com\/beatopadreeustaquio\/","article_published_time":"2023-10-25T09:03:20+00:00","og_image":[{"width":1600,"height":900,"url":"https:\/\/www.padreeustaquio.com.br\/wp-content\/uploads\/2023\/10\/bazar-ejc-e-apostolado-da-oracao.jpeg","type":"image\/jpeg"}],"author":"@sscc","twitter_card":"summary_large_image","twitter_creator":"@beatopeustaquio","twitter_site":"@beatopeustaquio","twitter_misc":{"Written by":"@sscc","Est. reading time":"2 minutes"},"schema":{"@context":"https:\/\/schema.org","@graph":[{"@type":"Article","@id":"https:\/\/www.padreeustaquio.com.br\/bazar-do-ejc-e-do-apostolado-da-oracao-recebe-doacoes\/#article","isPartOf":{"@id":"https:\/\/www.padreeustaquio.com.br\/bazar-do-ejc-e-do-apostolado-da-oracao-recebe-doacoes\/"},"author":{"name":"@sscc","@id":"https:\/\/www.padreeustaquio.com.br\/#\/schema\/person\/a2a51db1d00f1a7af0204a0f1ddb1566"},"headline":"Bazar do EJC e do Apostolado da Ora\u00e7\u00e3o recebe doa\u00e7\u00f5es","datePublished":"2023-10-25T09:03:20+00:00","mainEntityOfPage":{"@id":"https:\/\/www.padreeustaquio.com.br\/bazar-do-ejc-e-do-apostolado-da-oracao-recebe-doacoes\/"},"wordCount":239,"commentCount":0,"publisher":{"@id":"https:\/\/www.padreeustaquio.com.br\/#organization"},"image":{"@id":"https:\/\/www.padreeustaquio.com.br\/bazar-do-ejc-e-do-apostolado-da-oracao-recebe-doacoes\/#primaryimage"},"thumbnailUrl":"https:\/\/www.padreeustaquio.com.br\/wp-content\/uploads\/2023\/10\/bazar-ejc-e-apostolado-da-oracao.jpeg","articleSection":["Not\u00edcias"],"inLanguage":"en-US","potentialAction":[{"@type":"CommentAction","name":"Comment","target":["https:\/\/www.padreeustaquio.com.br\/bazar-do-ejc-e-do-apostolado-da-oracao-recebe-doacoes\/#respond"]}]},{"@type":"WebPage","@id":"https:\/\/www.padreeustaquio.com.br\/bazar-do-ejc-e-do-apostolado-da-oracao-recebe-doacoes\/","url":"https:\/\/www.padreeustaquio.com.br\/bazar-do-ejc-e-do-apostolado-da-oracao-recebe-doacoes\/","name":"The EJC and Apostolate of Prayer bazaar is accepting donations.","isPartOf":{"@id":"https:\/\/www.padreeustaquio.com.br\/#website"},"primaryImageOfPage":{"@id":"https:\/\/www.padreeustaquio.com.br\/bazar-do-ejc-e-do-apostolado-da-oracao-recebe-doacoes\/#primaryimage"},"image":{"@id":"https:\/\/www.padreeustaquio.com.br\/bazar-do-ejc-e-do-apostolado-da-oracao-recebe-doacoes\/#primaryimage"},"thumbnailUrl":"https:\/\/www.padreeustaquio.com.br\/wp-content\/uploads\/2023\/10\/bazar-ejc-e-apostolado-da-oracao.jpeg","datePublished":"2023-10-25T09:03:20+00:00","description":"On November 5th, there will be a Bazaar organized by the EJC (Encounter of Young People with Christ), together with the Apostolate of Prayer. The charity event aims to raise funds for the movements&#039; activities.","breadcrumb":{"@id":"https:\/\/www.padreeustaquio.com.br\/bazar-do-ejc-e-do-apostolado-da-oracao-recebe-doacoes\/#breadcrumb"},"inLanguage":"en-US","potentialAction":[{"@type":"ReadAction","target":["https:\/\/www.padreeustaquio.com.br\/bazar-do-ejc-e-do-apostolado-da-oracao-recebe-doacoes\/"]}]},{"@type":"ImageObject","inLanguage":"en-US","@id":"https:\/\/www.padreeustaquio.com.br\/bazar-do-ejc-e-do-apostolado-da-oracao-recebe-doacoes\/#primaryimage","url":"https:\/\/www.padreeustaquio.com.br\/wp-content\/uploads\/2023\/10\/bazar-ejc-e-apostolado-da-oracao.jpeg","contentUrl":"https:\/\/www.padreeustaquio.com.br\/wp-content\/uploads\/2023\/10\/bazar-ejc-e-apostolado-da-oracao.jpeg","width":1600,"height":900},{"@type":"BreadcrumbList","@id":"https:\/\/www.padreeustaquio.com.br\/bazar-do-ejc-e-do-apostolado-da-oracao-recebe-doacoes\/#breadcrumb","itemListElement":[{"@type":"ListItem","position":1,"name":"In\u00edcio","item":"https:\/\/www.padreeustaquio.com.br\/"},{"@type":"ListItem","position":2,"name":"Bazar do EJC e do Apostolado da Ora\u00e7\u00e3o recebe doa\u00e7\u00f5es"}]},{"@type":"WebSite","@id":"https:\/\/www.padreeustaquio.com.br\/#website","url":"https:\/\/www.padreeustaquio.com.br\/","name":"FATHER EUST\u00c1QUIO","description":"Health and Peace","publisher":{"@id":"https:\/\/www.padreeustaquio.com.br\/#organization"},"potentialAction":[{"@type":"SearchAction","target":{"@type":"EntryPoint","urlTemplate":"https:\/\/www.padreeustaquio.com.br\/?s={search_term_string}"},"query-input":{"@type":"PropertyValueSpecification","valueRequired":true,"valueName":"search_term_string"}}],"inLanguage":"en-US"},{"@type":"Organization","@id":"https:\/\/www.padreeustaquio.com.br\/#organization","name":"FATHER EUST\u00c1QUIO","url":"https:\/\/www.padreeustaquio.com.br\/","logo":{"@type":"ImageObject","inLanguage":"en-US","@id":"https:\/\/www.padreeustaquio.com.br\/#\/schema\/logo\/image\/","url":"https:\/\/www.padreeustaquio.com.br\/wp-content\/uploads\/2019\/08\/marca.png","contentUrl":"https:\/\/www.padreeustaquio.com.br\/wp-content\/uploads\/2019\/08\/marca.png","width":350,"height":400,"caption":"Padre Eust\u00e1quio"},"image":{"@id":"https:\/\/www.padreeustaquio.com.br\/#\/schema\/logo\/image\/"},"sameAs":["https:\/\/www.facebook.com\/beatopadreeustaquio\/","https:\/\/x.com\/beatopeustaquio","https:\/\/www.instagram.com\/beatopadreeustaquio\/","https:\/\/www.youtube.com\/channel\/UCRhw7vfabnajwLxb1ZXMeIw"]},{"@type":"Person","@id":"https:\/\/www.padreeustaquio.com.br\/#\/schema\/person\/a2a51db1d00f1a7af0204a0f1ddb1566","name":"@sscc","image":{"@type":"ImageObject","inLanguage":"en-US","@id":"https:\/\/secure.gravatar.com\/avatar\/68cfafa5f44617fea54071e215026e0ff06be366c3d54a8425f04fdcb86f8c5f?s=96&d=mm&r=g","url":"https:\/\/secure.gravatar.com\/avatar\/68cfafa5f44617fea54071e215026e0ff06be366c3d54a8425f04fdcb86f8c5f?s=96&d=mm&r=g","contentUrl":"https:\/\/secure.gravatar.com\/avatar\/68cfafa5f44617fea54071e215026e0ff06be366c3d54a8425f04fdcb86f8c5f?s=96&d=mm&r=g","caption":"@sscc"},"url":"https:\/\/www.padreeustaquio.com.br\/en\/author\/sscc\/"}]}},"_links":{"self":[{"href":"https:\/\/www.padreeustaquio.com.br\/en\/wp-json\/wp\/v2\/posts\/10962","targetHints":{"allow":["GET"]}}],"collection":[{"href":"https:\/\/www.padreeustaquio.com.br\/en\/wp-json\/wp\/v2\/posts"}],"about":[{"href":"https:\/\/www.padreeustaquio.com.br\/en\/wp-json\/wp\/v2\/types\/post"}],"author":[{"embeddable":true,"href":"https:\/\/www.padreeustaquio.com.br\/en\/wp-json\/wp\/v2\/users\/2"}],"replies":[{"embeddable":true,"href":"https:\/\/www.padreeustaquio.com.br\/en\/wp-json\/wp\/v2\/comments?post=10962"}],"version-history":[{"count":0,"href":"https:\/\/www.padreeustaquio.com.br\/en\/wp-json\/wp\/v2\/posts\/10962\/revisions"}],"wp:featuredmedia":[{"embeddable":true,"href":"https:\/\/www.padreeustaquio.com.br\/en\/wp-json\/wp\/v2\/media\/10963"}],"wp:attachment":[{"href":"https:\/\/www.padreeustaquio.com.br\/en\/wp-json\/wp\/v2\/media?parent=10962"}],"wp:term":[{"taxonomy":"category","embeddable":true,"href":"https:\/\/www.padreeustaquio.com.br\/en\/wp-json\/wp\/v2\/categories?post=10962"},{"taxonomy":"post_tag","embeddable":true,"href":"https:\/\/www.padreeustaquio.com.br\/en\/wp-json\/wp\/v2\/tags?post=10962"}],"curies":[{"name":"wp","href":"https:\/\/api.w.org\/{rel}","templated":true}]}}