{"id":10959,"date":"2023-10-23T06:56:25","date_gmt":"2023-10-23T09:56:25","guid":{"rendered":"https:\/\/www.padreeustaquio.com.br\/?p=10959"},"modified":"2023-10-22T15:02:51","modified_gmt":"2023-10-22T18:02:51","slug":"the-first-spring-festival-is-coming-to-the-sanctuary-of-health-and-peace-in-belo-horizonte","status":"publish","type":"post","link":"https:\/\/www.padreeustaquio.com.br\/en\/the-first-spring-festival-is-coming-to-the-sanctuary-of-health-and-peace-in-belo-horizonte\/","title":{"rendered":"The first Spring Festival is coming to the Sanctuary of Health and Peace in Belo Horizonte."},"content":{"rendered":"<p>Parishioners and visitors of the Church of Blessed Father Eustace are invited to gather for an evening of celebration, fun, and many prizes at the Archdiocesan Sanctuary of Health and Peace in Belo Horizonte. The event promises to be a night of joy, good music, and delicious food, as well as the opportunity to win incredible prizes.<\/p>\n<p>The Spring Festival will be held on Saturday, November 11th, from 7 PM to 10:30 PM. Save the date on your calendar, because you won&#039;t want to miss this celebration. The event is organized by the Festivals and Events Ministry to help maintain the Sanctuary. Participants will have the chance to win amazing prizes, including a 50-inch TV, a cell phone, and an Air Fryer.<\/p>\n<p>Tickets for the Spring Festival are still available at the parish office. You can purchase a table ticket with four chairs or an individual ticket; each participant will receive a ticket to enter the prize draw. For more information, contact the parish office or call (31) 3462-6557.<\/p>\n<p>The Spring Festival is an opportunity to bring together friends, family, and community members, and also to help the parish with its pastoral work and church maintenance.<\/p>","protected":false},"excerpt":{"rendered":"<p>Paroquianos e visitantes da Igreja do Beato Padre Eust\u00e1quio s\u00e3o convidados a se reunir para uma noite de festa, divers\u00e3o e muitos pr\u00eamios no Santu\u00e1rio Arquidiocesano da Sa\u00fade e da Paz, em Belo Horizonte. O evento promete ser uma noite de alegria, boa m\u00fasica e comidas gostosas, al\u00e9m da oportunidade de ganhar pr\u00eamios incr\u00edveis. A Festa da Primavera ser\u00e1 realizada no s\u00e1bado, dia 11 de novembro, das 19h \u00e0s 22h30. Reserve essa data em seu calend\u00e1rio, pois voc\u00ea n\u00e3o vai querer perder essa festa. O evento \u00e9 uma promo\u00e7\u00e3o da Pastoral de Festas e Eventos para ajudar na manuten\u00e7\u00e3o do [&hellip;]<\/p>\n","protected":false},"author":2,"featured_media":10960,"comment_status":"open","ping_status":"closed","sticky":false,"template":"","format":"standard","meta":{"_acf_changed":false,"footnotes":""},"categories":[611],"tags":[],"class_list":["post-10959","post","type-post","status-publish","format-standard","has-post-thumbnail","hentry","category-noticias"],"acf":[],"yoast_head":"<!-- This site is optimized with the Yoast SEO plugin v27.2 - https:\/\/yoast.com\/product\/yoast-seo-wordpress\/ -->\n<title>Vem a\u00ed a primeira Festa da Primavera no Santu\u00e1rio da Sa\u00fade e da Paz, em BH<\/title>\n<meta name=\"description\" content=\"Paroquianos e visitantes da Igreja do Beato Padre Eust\u00e1quio s\u00e3o convidados a se reunir para uma noite de festa, divers\u00e3o e muitos pr\u00eamios no Santu\u00e1rio Arquidiocesano da Sa\u00fade e da Paz, em Belo Horizonte. O evento promete ser uma noite de alegria, boa m\u00fasica e comidas gostosas, al\u00e9m da oportunidade de ganhar pr\u00eamios incr\u00edveis.\" \/>\n<meta name=\"robots\" content=\"index, follow, max-snippet:-1, max-image-preview:large, max-video-preview:-1\" \/>\n<link rel=\"canonical\" href=\"https:\/\/www.padreeustaquio.com.br\/en\/the-first-spring-festival-is-coming-to-the-sanctuary-of-health-and-peace-in-belo-horizonte\/\" \/>\n<meta property=\"og:locale\" content=\"en_US\" \/>\n<meta property=\"og:type\" content=\"article\" \/>\n<meta property=\"og:title\" content=\"Vem a\u00ed a primeira Festa da Primavera no Santu\u00e1rio da Sa\u00fade e da Paz, em BH\" \/>\n<meta property=\"og:description\" content=\"Paroquianos e visitantes da Igreja do Beato Padre Eust\u00e1quio s\u00e3o convidados a se reunir para uma noite de festa, divers\u00e3o e muitos pr\u00eamios no Santu\u00e1rio Arquidiocesano da Sa\u00fade e da Paz, em Belo Horizonte. O evento promete ser uma noite de alegria, boa m\u00fasica e comidas gostosas, al\u00e9m da oportunidade de ganhar pr\u00eamios incr\u00edveis.\" \/>\n<meta property=\"og:url\" content=\"https:\/\/www.padreeustaquio.com.br\/en\/the-first-spring-festival-is-coming-to-the-sanctuary-of-health-and-peace-in-belo-horizonte\/\" \/>\n<meta property=\"og:site_name\" content=\"Padre Eust\u00e1quio\" \/>\n<meta property=\"article:publisher\" content=\"https:\/\/www.facebook.com\/beatopadreeustaquio\/\" \/>\n<meta property=\"article:published_time\" content=\"2023-10-23T09:56:25+00:00\" \/>\n<meta property=\"og:image\" content=\"https:\/\/www.padreeustaquio.com.br\/wp-content\/uploads\/2023\/10\/festa-da-primavera.jpeg\" \/>\n\t<meta property=\"og:image:width\" content=\"1600\" \/>\n\t<meta property=\"og:image:height\" content=\"1131\" \/>\n\t<meta property=\"og:image:type\" content=\"image\/jpeg\" \/>\n<meta name=\"author\" content=\"@sscc\" \/>\n<meta name=\"twitter:card\" content=\"summary_large_image\" \/>\n<meta name=\"twitter:creator\" content=\"@beatopeustaquio\" \/>\n<meta name=\"twitter:site\" content=\"@beatopeustaquio\" \/>\n<meta name=\"twitter:label1\" content=\"Written by\" \/>\n\t<meta name=\"twitter:data1\" content=\"@sscc\" \/>\n\t<meta name=\"twitter:label2\" content=\"Est. reading time\" \/>\n\t<meta name=\"twitter:data2\" content=\"2 minutes\" \/>\n<script type=\"application\/ld+json\" class=\"yoast-schema-graph\">{\"@context\":\"https:\/\/schema.org\",\"@graph\":[{\"@type\":\"Article\",\"@id\":\"https:\/\/www.padreeustaquio.com.br\/vem-ai-a-primeira-festa-da-primavera-no-santuario-da-saude-e-da-paz-em-bh\/#article\",\"isPartOf\":{\"@id\":\"https:\/\/www.padreeustaquio.com.br\/vem-ai-a-primeira-festa-da-primavera-no-santuario-da-saude-e-da-paz-em-bh\/\"},\"author\":{\"name\":\"@sscc\",\"@id\":\"https:\/\/www.padreeustaquio.com.br\/#\/schema\/person\/a2a51db1d00f1a7af0204a0f1ddb1566\"},\"headline\":\"Vem a\u00ed a primeira Festa da Primavera no Santu\u00e1rio da Sa\u00fade e da Paz, em BH\",\"datePublished\":\"2023-10-23T09:56:25+00:00\",\"mainEntityOfPage\":{\"@id\":\"https:\/\/www.padreeustaquio.com.br\/vem-ai-a-primeira-festa-da-primavera-no-santuario-da-saude-e-da-paz-em-bh\/\"},\"wordCount\":239,\"commentCount\":0,\"publisher\":{\"@id\":\"https:\/\/www.padreeustaquio.com.br\/#organization\"},\"image\":{\"@id\":\"https:\/\/www.padreeustaquio.com.br\/vem-ai-a-primeira-festa-da-primavera-no-santuario-da-saude-e-da-paz-em-bh\/#primaryimage\"},\"thumbnailUrl\":\"https:\/\/www.padreeustaquio.com.br\/wp-content\/uploads\/2023\/10\/festa-da-primavera.jpeg\",\"articleSection\":[\"Not\u00edcias\"],\"inLanguage\":\"en-US\",\"potentialAction\":[{\"@type\":\"CommentAction\",\"name\":\"Comment\",\"target\":[\"https:\/\/www.padreeustaquio.com.br\/vem-ai-a-primeira-festa-da-primavera-no-santuario-da-saude-e-da-paz-em-bh\/#respond\"]}]},{\"@type\":\"WebPage\",\"@id\":\"https:\/\/www.padreeustaquio.com.br\/vem-ai-a-primeira-festa-da-primavera-no-santuario-da-saude-e-da-paz-em-bh\/\",\"url\":\"https:\/\/www.padreeustaquio.com.br\/vem-ai-a-primeira-festa-da-primavera-no-santuario-da-saude-e-da-paz-em-bh\/\",\"name\":\"Vem a\u00ed a primeira Festa da Primavera no Santu\u00e1rio da Sa\u00fade e da Paz, em BH\",\"isPartOf\":{\"@id\":\"https:\/\/www.padreeustaquio.com.br\/#website\"},\"primaryImageOfPage\":{\"@id\":\"https:\/\/www.padreeustaquio.com.br\/vem-ai-a-primeira-festa-da-primavera-no-santuario-da-saude-e-da-paz-em-bh\/#primaryimage\"},\"image\":{\"@id\":\"https:\/\/www.padreeustaquio.com.br\/vem-ai-a-primeira-festa-da-primavera-no-santuario-da-saude-e-da-paz-em-bh\/#primaryimage\"},\"thumbnailUrl\":\"https:\/\/www.padreeustaquio.com.br\/wp-content\/uploads\/2023\/10\/festa-da-primavera.jpeg\",\"datePublished\":\"2023-10-23T09:56:25+00:00\",\"description\":\"Paroquianos e visitantes da Igreja do Beato Padre Eust\u00e1quio s\u00e3o convidados a se reunir para uma noite de festa, divers\u00e3o e muitos pr\u00eamios no Santu\u00e1rio Arquidiocesano da Sa\u00fade e da Paz, em Belo Horizonte. O evento promete ser uma noite de alegria, boa m\u00fasica e comidas gostosas, al\u00e9m da oportunidade de ganhar pr\u00eamios incr\u00edveis.\",\"breadcrumb\":{\"@id\":\"https:\/\/www.padreeustaquio.com.br\/vem-ai-a-primeira-festa-da-primavera-no-santuario-da-saude-e-da-paz-em-bh\/#breadcrumb\"},\"inLanguage\":\"en-US\",\"potentialAction\":[{\"@type\":\"ReadAction\",\"target\":[\"https:\/\/www.padreeustaquio.com.br\/vem-ai-a-primeira-festa-da-primavera-no-santuario-da-saude-e-da-paz-em-bh\/\"]}]},{\"@type\":\"ImageObject\",\"inLanguage\":\"en-US\",\"@id\":\"https:\/\/www.padreeustaquio.com.br\/vem-ai-a-primeira-festa-da-primavera-no-santuario-da-saude-e-da-paz-em-bh\/#primaryimage\",\"url\":\"https:\/\/www.padreeustaquio.com.br\/wp-content\/uploads\/2023\/10\/festa-da-primavera.jpeg\",\"contentUrl\":\"https:\/\/www.padreeustaquio.com.br\/wp-content\/uploads\/2023\/10\/festa-da-primavera.jpeg\",\"width\":1600,\"height\":1131},{\"@type\":\"BreadcrumbList\",\"@id\":\"https:\/\/www.padreeustaquio.com.br\/vem-ai-a-primeira-festa-da-primavera-no-santuario-da-saude-e-da-paz-em-bh\/#breadcrumb\",\"itemListElement\":[{\"@type\":\"ListItem\",\"position\":1,\"name\":\"In\u00edcio\",\"item\":\"https:\/\/www.padreeustaquio.com.br\/\"},{\"@type\":\"ListItem\",\"position\":2,\"name\":\"Vem a\u00ed a primeira Festa da Primavera no Santu\u00e1rio da Sa\u00fade e da Paz, em BH\"}]},{\"@type\":\"WebSite\",\"@id\":\"https:\/\/www.padreeustaquio.com.br\/#website\",\"url\":\"https:\/\/www.padreeustaquio.com.br\/\",\"name\":\"Padre Eust\u00e1quio\",\"description\":\"Sa\u00fade e Paz\",\"publisher\":{\"@id\":\"https:\/\/www.padreeustaquio.com.br\/#organization\"},\"potentialAction\":[{\"@type\":\"SearchAction\",\"target\":{\"@type\":\"EntryPoint\",\"urlTemplate\":\"https:\/\/www.padreeustaquio.com.br\/?s={search_term_string}\"},\"query-input\":{\"@type\":\"PropertyValueSpecification\",\"valueRequired\":true,\"valueName\":\"search_term_string\"}}],\"inLanguage\":\"en-US\"},{\"@type\":\"Organization\",\"@id\":\"https:\/\/www.padreeustaquio.com.br\/#organization\",\"name\":\"Padre Eust\u00e1quio\",\"url\":\"https:\/\/www.padreeustaquio.com.br\/\",\"logo\":{\"@type\":\"ImageObject\",\"inLanguage\":\"en-US\",\"@id\":\"https:\/\/www.padreeustaquio.com.br\/#\/schema\/logo\/image\/\",\"url\":\"https:\/\/www.padreeustaquio.com.br\/wp-content\/uploads\/2019\/08\/marca.png\",\"contentUrl\":\"https:\/\/www.padreeustaquio.com.br\/wp-content\/uploads\/2019\/08\/marca.png\",\"width\":350,\"height\":400,\"caption\":\"Padre Eust\u00e1quio\"},\"image\":{\"@id\":\"https:\/\/www.padreeustaquio.com.br\/#\/schema\/logo\/image\/\"},\"sameAs\":[\"https:\/\/www.facebook.com\/beatopadreeustaquio\/\",\"https:\/\/x.com\/beatopeustaquio\",\"https:\/\/www.instagram.com\/beatopadreeustaquio\/\",\"https:\/\/www.youtube.com\/channel\/UCRhw7vfabnajwLxb1ZXMeIw\"]},{\"@type\":\"Person\",\"@id\":\"https:\/\/www.padreeustaquio.com.br\/#\/schema\/person\/a2a51db1d00f1a7af0204a0f1ddb1566\",\"name\":\"@sscc\",\"image\":{\"@type\":\"ImageObject\",\"inLanguage\":\"en-US\",\"@id\":\"https:\/\/secure.gravatar.com\/avatar\/68cfafa5f44617fea54071e215026e0ff06be366c3d54a8425f04fdcb86f8c5f?s=96&d=mm&r=g\",\"url\":\"https:\/\/secure.gravatar.com\/avatar\/68cfafa5f44617fea54071e215026e0ff06be366c3d54a8425f04fdcb86f8c5f?s=96&d=mm&r=g\",\"contentUrl\":\"https:\/\/secure.gravatar.com\/avatar\/68cfafa5f44617fea54071e215026e0ff06be366c3d54a8425f04fdcb86f8c5f?s=96&d=mm&r=g\",\"caption\":\"@sscc\"},\"url\":\"https:\/\/www.padreeustaquio.com.br\/en\/author\/sscc\/\"}]}<\/script>\n<!-- \/ Yoast SEO plugin. -->","yoast_head_json":{"title":"The first Spring Festival is coming to the Sanctuary of Health and Peace in Belo Horizonte.","description":"Parishioners and visitors of the Church of Blessed Father Eustace are invited to gather for an evening of celebration, fun, and many prizes at the Archdiocesan Sanctuary of Health and Peace in Belo Horizonte. The event promises to be a night of joy, good music, and delicious food, as well as the opportunity to win incredible prizes.","robots":{"index":"index","follow":"follow","max-snippet":"max-snippet:-1","max-image-preview":"max-image-preview:large","max-video-preview":"max-video-preview:-1"},"canonical":"https:\/\/www.padreeustaquio.com.br\/en\/the-first-spring-festival-is-coming-to-the-sanctuary-of-health-and-peace-in-belo-horizonte\/","og_locale":"en_US","og_type":"article","og_title":"Vem a\u00ed a primeira Festa da Primavera no Santu\u00e1rio da Sa\u00fade e da Paz, em BH","og_description":"Paroquianos e visitantes da Igreja do Beato Padre Eust\u00e1quio s\u00e3o convidados a se reunir para uma noite de festa, divers\u00e3o e muitos pr\u00eamios no Santu\u00e1rio Arquidiocesano da Sa\u00fade e da Paz, em Belo Horizonte. O evento promete ser uma noite de alegria, boa m\u00fasica e comidas gostosas, al\u00e9m da oportunidade de ganhar pr\u00eamios incr\u00edveis.","og_url":"https:\/\/www.padreeustaquio.com.br\/en\/the-first-spring-festival-is-coming-to-the-sanctuary-of-health-and-peace-in-belo-horizonte\/","og_site_name":"Padre Eust\u00e1quio","article_publisher":"https:\/\/www.facebook.com\/beatopadreeustaquio\/","article_published_time":"2023-10-23T09:56:25+00:00","og_image":[{"width":1600,"height":1131,"url":"https:\/\/www.padreeustaquio.com.br\/wp-content\/uploads\/2023\/10\/festa-da-primavera.jpeg","type":"image\/jpeg"}],"author":"@sscc","twitter_card":"summary_large_image","twitter_creator":"@beatopeustaquio","twitter_site":"@beatopeustaquio","twitter_misc":{"Written by":"@sscc","Est. reading time":"2 minutes"},"schema":{"@context":"https:\/\/schema.org","@graph":[{"@type":"Article","@id":"https:\/\/www.padreeustaquio.com.br\/vem-ai-a-primeira-festa-da-primavera-no-santuario-da-saude-e-da-paz-em-bh\/#article","isPartOf":{"@id":"https:\/\/www.padreeustaquio.com.br\/vem-ai-a-primeira-festa-da-primavera-no-santuario-da-saude-e-da-paz-em-bh\/"},"author":{"name":"@sscc","@id":"https:\/\/www.padreeustaquio.com.br\/#\/schema\/person\/a2a51db1d00f1a7af0204a0f1ddb1566"},"headline":"Vem a\u00ed a primeira Festa da Primavera no Santu\u00e1rio da Sa\u00fade e da Paz, em BH","datePublished":"2023-10-23T09:56:25+00:00","mainEntityOfPage":{"@id":"https:\/\/www.padreeustaquio.com.br\/vem-ai-a-primeira-festa-da-primavera-no-santuario-da-saude-e-da-paz-em-bh\/"},"wordCount":239,"commentCount":0,"publisher":{"@id":"https:\/\/www.padreeustaquio.com.br\/#organization"},"image":{"@id":"https:\/\/www.padreeustaquio.com.br\/vem-ai-a-primeira-festa-da-primavera-no-santuario-da-saude-e-da-paz-em-bh\/#primaryimage"},"thumbnailUrl":"https:\/\/www.padreeustaquio.com.br\/wp-content\/uploads\/2023\/10\/festa-da-primavera.jpeg","articleSection":["Not\u00edcias"],"inLanguage":"en-US","potentialAction":[{"@type":"CommentAction","name":"Comment","target":["https:\/\/www.padreeustaquio.com.br\/vem-ai-a-primeira-festa-da-primavera-no-santuario-da-saude-e-da-paz-em-bh\/#respond"]}]},{"@type":"WebPage","@id":"https:\/\/www.padreeustaquio.com.br\/vem-ai-a-primeira-festa-da-primavera-no-santuario-da-saude-e-da-paz-em-bh\/","url":"https:\/\/www.padreeustaquio.com.br\/vem-ai-a-primeira-festa-da-primavera-no-santuario-da-saude-e-da-paz-em-bh\/","name":"The first Spring Festival is coming to the Sanctuary of Health and Peace in Belo Horizonte.","isPartOf":{"@id":"https:\/\/www.padreeustaquio.com.br\/#website"},"primaryImageOfPage":{"@id":"https:\/\/www.padreeustaquio.com.br\/vem-ai-a-primeira-festa-da-primavera-no-santuario-da-saude-e-da-paz-em-bh\/#primaryimage"},"image":{"@id":"https:\/\/www.padreeustaquio.com.br\/vem-ai-a-primeira-festa-da-primavera-no-santuario-da-saude-e-da-paz-em-bh\/#primaryimage"},"thumbnailUrl":"https:\/\/www.padreeustaquio.com.br\/wp-content\/uploads\/2023\/10\/festa-da-primavera.jpeg","datePublished":"2023-10-23T09:56:25+00:00","description":"Parishioners and visitors of the Church of Blessed Father Eustace are invited to gather for an evening of celebration, fun, and many prizes at the Archdiocesan Sanctuary of Health and Peace in Belo Horizonte. The event promises to be a night of joy, good music, and delicious food, as well as the opportunity to win incredible prizes.","breadcrumb":{"@id":"https:\/\/www.padreeustaquio.com.br\/vem-ai-a-primeira-festa-da-primavera-no-santuario-da-saude-e-da-paz-em-bh\/#breadcrumb"},"inLanguage":"en-US","potentialAction":[{"@type":"ReadAction","target":["https:\/\/www.padreeustaquio.com.br\/vem-ai-a-primeira-festa-da-primavera-no-santuario-da-saude-e-da-paz-em-bh\/"]}]},{"@type":"ImageObject","inLanguage":"en-US","@id":"https:\/\/www.padreeustaquio.com.br\/vem-ai-a-primeira-festa-da-primavera-no-santuario-da-saude-e-da-paz-em-bh\/#primaryimage","url":"https:\/\/www.padreeustaquio.com.br\/wp-content\/uploads\/2023\/10\/festa-da-primavera.jpeg","contentUrl":"https:\/\/www.padreeustaquio.com.br\/wp-content\/uploads\/2023\/10\/festa-da-primavera.jpeg","width":1600,"height":1131},{"@type":"BreadcrumbList","@id":"https:\/\/www.padreeustaquio.com.br\/vem-ai-a-primeira-festa-da-primavera-no-santuario-da-saude-e-da-paz-em-bh\/#breadcrumb","itemListElement":[{"@type":"ListItem","position":1,"name":"In\u00edcio","item":"https:\/\/www.padreeustaquio.com.br\/"},{"@type":"ListItem","position":2,"name":"Vem a\u00ed a primeira Festa da Primavera no Santu\u00e1rio da Sa\u00fade e da Paz, em BH"}]},{"@type":"WebSite","@id":"https:\/\/www.padreeustaquio.com.br\/#website","url":"https:\/\/www.padreeustaquio.com.br\/","name":"FATHER EUST\u00c1QUIO","description":"Health and Peace","publisher":{"@id":"https:\/\/www.padreeustaquio.com.br\/#organization"},"potentialAction":[{"@type":"SearchAction","target":{"@type":"EntryPoint","urlTemplate":"https:\/\/www.padreeustaquio.com.br\/?s={search_term_string}"},"query-input":{"@type":"PropertyValueSpecification","valueRequired":true,"valueName":"search_term_string"}}],"inLanguage":"en-US"},{"@type":"Organization","@id":"https:\/\/www.padreeustaquio.com.br\/#organization","name":"FATHER EUST\u00c1QUIO","url":"https:\/\/www.padreeustaquio.com.br\/","logo":{"@type":"ImageObject","inLanguage":"en-US","@id":"https:\/\/www.padreeustaquio.com.br\/#\/schema\/logo\/image\/","url":"https:\/\/www.padreeustaquio.com.br\/wp-content\/uploads\/2019\/08\/marca.png","contentUrl":"https:\/\/www.padreeustaquio.com.br\/wp-content\/uploads\/2019\/08\/marca.png","width":350,"height":400,"caption":"Padre Eust\u00e1quio"},"image":{"@id":"https:\/\/www.padreeustaquio.com.br\/#\/schema\/logo\/image\/"},"sameAs":["https:\/\/www.facebook.com\/beatopadreeustaquio\/","https:\/\/x.com\/beatopeustaquio","https:\/\/www.instagram.com\/beatopadreeustaquio\/","https:\/\/www.youtube.com\/channel\/UCRhw7vfabnajwLxb1ZXMeIw"]},{"@type":"Person","@id":"https:\/\/www.padreeustaquio.com.br\/#\/schema\/person\/a2a51db1d00f1a7af0204a0f1ddb1566","name":"@sscc","image":{"@type":"ImageObject","inLanguage":"en-US","@id":"https:\/\/secure.gravatar.com\/avatar\/68cfafa5f44617fea54071e215026e0ff06be366c3d54a8425f04fdcb86f8c5f?s=96&d=mm&r=g","url":"https:\/\/secure.gravatar.com\/avatar\/68cfafa5f44617fea54071e215026e0ff06be366c3d54a8425f04fdcb86f8c5f?s=96&d=mm&r=g","contentUrl":"https:\/\/secure.gravatar.com\/avatar\/68cfafa5f44617fea54071e215026e0ff06be366c3d54a8425f04fdcb86f8c5f?s=96&d=mm&r=g","caption":"@sscc"},"url":"https:\/\/www.padreeustaquio.com.br\/en\/author\/sscc\/"}]}},"_links":{"self":[{"href":"https:\/\/www.padreeustaquio.com.br\/en\/wp-json\/wp\/v2\/posts\/10959","targetHints":{"allow":["GET"]}}],"collection":[{"href":"https:\/\/www.padreeustaquio.com.br\/en\/wp-json\/wp\/v2\/posts"}],"about":[{"href":"https:\/\/www.padreeustaquio.com.br\/en\/wp-json\/wp\/v2\/types\/post"}],"author":[{"embeddable":true,"href":"https:\/\/www.padreeustaquio.com.br\/en\/wp-json\/wp\/v2\/users\/2"}],"replies":[{"embeddable":true,"href":"https:\/\/www.padreeustaquio.com.br\/en\/wp-json\/wp\/v2\/comments?post=10959"}],"version-history":[{"count":0,"href":"https:\/\/www.padreeustaquio.com.br\/en\/wp-json\/wp\/v2\/posts\/10959\/revisions"}],"wp:featuredmedia":[{"embeddable":true,"href":"https:\/\/www.padreeustaquio.com.br\/en\/wp-json\/wp\/v2\/media\/10960"}],"wp:attachment":[{"href":"https:\/\/www.padreeustaquio.com.br\/en\/wp-json\/wp\/v2\/media?parent=10959"}],"wp:term":[{"taxonomy":"category","embeddable":true,"href":"https:\/\/www.padreeustaquio.com.br\/en\/wp-json\/wp\/v2\/categories?post=10959"},{"taxonomy":"post_tag","embeddable":true,"href":"https:\/\/www.padreeustaquio.com.br\/en\/wp-json\/wp\/v2\/tags?post=10959"}],"curies":[{"name":"wp","href":"https:\/\/api.w.org\/{rel}","templated":true}]}}