{"id":10932,"date":"2023-10-11T09:03:35","date_gmt":"2023-10-11T12:03:35","guid":{"rendered":"https:\/\/www.padreeustaquio.com.br\/?p=10932"},"modified":"2023-10-11T09:11:08","modified_gmt":"2023-10-11T12:11:08","slug":"blessed-father-eustace-and-our-lady-of-aparecida","status":"publish","type":"post","link":"https:\/\/www.padreeustaquio.com.br\/en\/blessed-father-eustace-and-our-lady-of-aparecida\/","title":{"rendered":"Blessed Father Eustace and Our Lady of Aparecida"},"content":{"rendered":"<p>On May 12, 1925, the first missionaries of the Congregation of the Sacred Hearts arrived in Brazil, disembarking in Rio de Janeiro. Their plans were to found the Congregation in the South American country and serve in cities that needed spiritual guidance.<\/p>\n<p>To pray for the work that was beginning, in June of that year, Father Eust\u00e1quio, Father Mathias, and Father Gil traveled to Aparecida, in S\u00e3o Paulo. They went to the Church of the Patron Saint of Brazil to pray before the image found in the waters of the Para\u00edba River.<\/p>\n<p>During the visit, Father Eust\u00e1quio sent a postcard from the city to his sister Pac\u00edfica, also a nun, in the Netherlands. In the postcard, the priest wrote:<\/p>\n<p><em><strong>\u201cDear sister Pacifica,<br \/>\nSincerely, from this famous pilgrimage site in Brazil \u2013 to the Sisters of the Sacred Hearts, to the Reverend Mother and the sisters. Everything, thank God, is going well. We will support our bishop in Uberaba. Temporary address: Episcopal Palace, Uberaba, Brazil. Next, we will go to a pilgrimage site that is without a spiritual director: \u00c1gua Suja, to settle permanently. You will receive a letter soon.<br \/>\nYour beloved, Father Eustace.\u201d<\/strong><\/em><\/p>","protected":false},"excerpt":{"rendered":"<p>No dia 12 de maio de 1925 os primeiros mission\u00e1rios da Congrega\u00e7\u00e3o dos Sagrados Cora\u00e7\u00f5es chegaram ao Brasil, desembarcando no Rio de Janeiro. Os planos eram fundar a Congrega\u00e7\u00e3o no pa\u00eds sulamericano e servir nas cidades que necessitavam de acompanhamento espiritual. Para rezar pelo trabalho que come\u00e7ava, em junho daquele ano, Padre Eust\u00e1quio, Padre Mathias e Padre Gil viajaram a Aparecida, em S\u00e3o Paulo. Eles foram at\u00e9 a Igreja da Padroeira do Brasil para rezar diante da imagem encontrada nas \u00e1guas do Rio Para\u00edba. Durante a visita, Padre Eust\u00e1quio enviou um postal da cidade \u00e0 sua irm\u00e3 Pac\u00edfica, tamb\u00e9m religiosa, [&hellip;]<\/p>\n","protected":false},"author":2,"featured_media":10934,"comment_status":"open","ping_status":"closed","sticky":false,"template":"","format":"standard","meta":{"_acf_changed":false,"footnotes":""},"categories":[611],"tags":[],"class_list":["post-10932","post","type-post","status-publish","format-standard","has-post-thumbnail","hentry","category-noticias"],"acf":[],"yoast_head":"<!-- This site is optimized with the Yoast SEO plugin v27.2 - https:\/\/yoast.com\/product\/yoast-seo-wordpress\/ -->\n<title>O Beato Padre Eust\u00e1quio e Nossa Senhora Aparecida<\/title>\n<meta name=\"description\" content=\"No dia 12 de maio de 1925 os primeiros mission\u00e1rios da Congrega\u00e7\u00e3o dos Sagrados Cora\u00e7\u00f5es chegaram ao Brasil, desembarcando no Rio de Janeiro. Os planos eram fundar a Congrega\u00e7\u00e3o no pa\u00eds sulamericano e servir nas cidades que necessitavam de acompanhamento espiritual.\" \/>\n<meta name=\"robots\" content=\"index, follow, max-snippet:-1, max-image-preview:large, max-video-preview:-1\" \/>\n<link rel=\"canonical\" href=\"https:\/\/www.padreeustaquio.com.br\/en\/blessed-father-eustace-and-our-lady-of-aparecida\/\" \/>\n<meta property=\"og:locale\" content=\"en_US\" \/>\n<meta property=\"og:type\" content=\"article\" \/>\n<meta property=\"og:title\" content=\"O Beato Padre Eust\u00e1quio e Nossa Senhora Aparecida\" \/>\n<meta property=\"og:description\" content=\"No dia 12 de maio de 1925 os primeiros mission\u00e1rios da Congrega\u00e7\u00e3o dos Sagrados Cora\u00e7\u00f5es chegaram ao Brasil, desembarcando no Rio de Janeiro. Os planos eram fundar a Congrega\u00e7\u00e3o no pa\u00eds sulamericano e servir nas cidades que necessitavam de acompanhamento espiritual.\" \/>\n<meta property=\"og:url\" content=\"https:\/\/www.padreeustaquio.com.br\/en\/blessed-father-eustace-and-our-lady-of-aparecida\/\" \/>\n<meta property=\"og:site_name\" content=\"Padre Eust\u00e1quio\" \/>\n<meta property=\"article:publisher\" content=\"https:\/\/www.facebook.com\/beatopadreeustaquio\/\" \/>\n<meta property=\"article:published_time\" content=\"2023-10-11T12:03:35+00:00\" \/>\n<meta property=\"article:modified_time\" content=\"2023-10-11T12:11:08+00:00\" \/>\n<meta property=\"og:image\" content=\"https:\/\/www.padreeustaquio.com.br\/wp-content\/uploads\/2023\/10\/Nossa-Senhora-Aparecida.jpg\" \/>\n\t<meta property=\"og:image:width\" content=\"1280\" \/>\n\t<meta property=\"og:image:height\" content=\"720\" \/>\n\t<meta property=\"og:image:type\" content=\"image\/jpeg\" \/>\n<meta name=\"author\" content=\"@sscc\" \/>\n<meta name=\"twitter:card\" content=\"summary_large_image\" \/>\n<meta name=\"twitter:creator\" content=\"@beatopeustaquio\" \/>\n<meta name=\"twitter:site\" content=\"@beatopeustaquio\" \/>\n<meta name=\"twitter:label1\" content=\"Written by\" \/>\n\t<meta name=\"twitter:data1\" content=\"@sscc\" \/>\n\t<meta name=\"twitter:label2\" content=\"Est. reading time\" \/>\n\t<meta name=\"twitter:data2\" content=\"1 minute\" \/>\n<script type=\"application\/ld+json\" class=\"yoast-schema-graph\">{\"@context\":\"https:\/\/schema.org\",\"@graph\":[{\"@type\":\"Article\",\"@id\":\"https:\/\/www.padreeustaquio.com.br\/o-beato-padre-eustaquio-e-nossa-senhora-aparecida\/#article\",\"isPartOf\":{\"@id\":\"https:\/\/www.padreeustaquio.com.br\/o-beato-padre-eustaquio-e-nossa-senhora-aparecida\/\"},\"author\":{\"name\":\"@sscc\",\"@id\":\"https:\/\/www.padreeustaquio.com.br\/#\/schema\/person\/a2a51db1d00f1a7af0204a0f1ddb1566\"},\"headline\":\"O Beato Padre Eust\u00e1quio e Nossa Senhora Aparecida\",\"datePublished\":\"2023-10-11T12:03:35+00:00\",\"dateModified\":\"2023-10-11T12:11:08+00:00\",\"mainEntityOfPage\":{\"@id\":\"https:\/\/www.padreeustaquio.com.br\/o-beato-padre-eustaquio-e-nossa-senhora-aparecida\/\"},\"wordCount\":206,\"commentCount\":0,\"publisher\":{\"@id\":\"https:\/\/www.padreeustaquio.com.br\/#organization\"},\"image\":{\"@id\":\"https:\/\/www.padreeustaquio.com.br\/o-beato-padre-eustaquio-e-nossa-senhora-aparecida\/#primaryimage\"},\"thumbnailUrl\":\"https:\/\/www.padreeustaquio.com.br\/wp-content\/uploads\/2023\/10\/Nossa-Senhora-Aparecida.jpg\",\"articleSection\":[\"Not\u00edcias\"],\"inLanguage\":\"en-US\",\"potentialAction\":[{\"@type\":\"CommentAction\",\"name\":\"Comment\",\"target\":[\"https:\/\/www.padreeustaquio.com.br\/o-beato-padre-eustaquio-e-nossa-senhora-aparecida\/#respond\"]}]},{\"@type\":\"WebPage\",\"@id\":\"https:\/\/www.padreeustaquio.com.br\/o-beato-padre-eustaquio-e-nossa-senhora-aparecida\/\",\"url\":\"https:\/\/www.padreeustaquio.com.br\/o-beato-padre-eustaquio-e-nossa-senhora-aparecida\/\",\"name\":\"O Beato Padre Eust\u00e1quio e Nossa Senhora Aparecida\",\"isPartOf\":{\"@id\":\"https:\/\/www.padreeustaquio.com.br\/#website\"},\"primaryImageOfPage\":{\"@id\":\"https:\/\/www.padreeustaquio.com.br\/o-beato-padre-eustaquio-e-nossa-senhora-aparecida\/#primaryimage\"},\"image\":{\"@id\":\"https:\/\/www.padreeustaquio.com.br\/o-beato-padre-eustaquio-e-nossa-senhora-aparecida\/#primaryimage\"},\"thumbnailUrl\":\"https:\/\/www.padreeustaquio.com.br\/wp-content\/uploads\/2023\/10\/Nossa-Senhora-Aparecida.jpg\",\"datePublished\":\"2023-10-11T12:03:35+00:00\",\"dateModified\":\"2023-10-11T12:11:08+00:00\",\"description\":\"No dia 12 de maio de 1925 os primeiros mission\u00e1rios da Congrega\u00e7\u00e3o dos Sagrados Cora\u00e7\u00f5es chegaram ao Brasil, desembarcando no Rio de Janeiro. Os planos eram fundar a Congrega\u00e7\u00e3o no pa\u00eds sulamericano e servir nas cidades que necessitavam de acompanhamento espiritual.\",\"breadcrumb\":{\"@id\":\"https:\/\/www.padreeustaquio.com.br\/o-beato-padre-eustaquio-e-nossa-senhora-aparecida\/#breadcrumb\"},\"inLanguage\":\"en-US\",\"potentialAction\":[{\"@type\":\"ReadAction\",\"target\":[\"https:\/\/www.padreeustaquio.com.br\/o-beato-padre-eustaquio-e-nossa-senhora-aparecida\/\"]}]},{\"@type\":\"ImageObject\",\"inLanguage\":\"en-US\",\"@id\":\"https:\/\/www.padreeustaquio.com.br\/o-beato-padre-eustaquio-e-nossa-senhora-aparecida\/#primaryimage\",\"url\":\"https:\/\/www.padreeustaquio.com.br\/wp-content\/uploads\/2023\/10\/Nossa-Senhora-Aparecida.jpg\",\"contentUrl\":\"https:\/\/www.padreeustaquio.com.br\/wp-content\/uploads\/2023\/10\/Nossa-Senhora-Aparecida.jpg\",\"width\":1280,\"height\":720},{\"@type\":\"BreadcrumbList\",\"@id\":\"https:\/\/www.padreeustaquio.com.br\/o-beato-padre-eustaquio-e-nossa-senhora-aparecida\/#breadcrumb\",\"itemListElement\":[{\"@type\":\"ListItem\",\"position\":1,\"name\":\"In\u00edcio\",\"item\":\"https:\/\/www.padreeustaquio.com.br\/\"},{\"@type\":\"ListItem\",\"position\":2,\"name\":\"O Beato Padre Eust\u00e1quio e Nossa Senhora Aparecida\"}]},{\"@type\":\"WebSite\",\"@id\":\"https:\/\/www.padreeustaquio.com.br\/#website\",\"url\":\"https:\/\/www.padreeustaquio.com.br\/\",\"name\":\"Padre Eust\u00e1quio\",\"description\":\"Sa\u00fade e Paz\",\"publisher\":{\"@id\":\"https:\/\/www.padreeustaquio.com.br\/#organization\"},\"potentialAction\":[{\"@type\":\"SearchAction\",\"target\":{\"@type\":\"EntryPoint\",\"urlTemplate\":\"https:\/\/www.padreeustaquio.com.br\/?s={search_term_string}\"},\"query-input\":{\"@type\":\"PropertyValueSpecification\",\"valueRequired\":true,\"valueName\":\"search_term_string\"}}],\"inLanguage\":\"en-US\"},{\"@type\":\"Organization\",\"@id\":\"https:\/\/www.padreeustaquio.com.br\/#organization\",\"name\":\"Padre Eust\u00e1quio\",\"url\":\"https:\/\/www.padreeustaquio.com.br\/\",\"logo\":{\"@type\":\"ImageObject\",\"inLanguage\":\"en-US\",\"@id\":\"https:\/\/www.padreeustaquio.com.br\/#\/schema\/logo\/image\/\",\"url\":\"https:\/\/www.padreeustaquio.com.br\/wp-content\/uploads\/2019\/08\/marca.png\",\"contentUrl\":\"https:\/\/www.padreeustaquio.com.br\/wp-content\/uploads\/2019\/08\/marca.png\",\"width\":350,\"height\":400,\"caption\":\"Padre Eust\u00e1quio\"},\"image\":{\"@id\":\"https:\/\/www.padreeustaquio.com.br\/#\/schema\/logo\/image\/\"},\"sameAs\":[\"https:\/\/www.facebook.com\/beatopadreeustaquio\/\",\"https:\/\/x.com\/beatopeustaquio\",\"https:\/\/www.instagram.com\/beatopadreeustaquio\/\",\"https:\/\/www.youtube.com\/channel\/UCRhw7vfabnajwLxb1ZXMeIw\"]},{\"@type\":\"Person\",\"@id\":\"https:\/\/www.padreeustaquio.com.br\/#\/schema\/person\/a2a51db1d00f1a7af0204a0f1ddb1566\",\"name\":\"@sscc\",\"image\":{\"@type\":\"ImageObject\",\"inLanguage\":\"en-US\",\"@id\":\"https:\/\/secure.gravatar.com\/avatar\/68cfafa5f44617fea54071e215026e0ff06be366c3d54a8425f04fdcb86f8c5f?s=96&d=mm&r=g\",\"url\":\"https:\/\/secure.gravatar.com\/avatar\/68cfafa5f44617fea54071e215026e0ff06be366c3d54a8425f04fdcb86f8c5f?s=96&d=mm&r=g\",\"contentUrl\":\"https:\/\/secure.gravatar.com\/avatar\/68cfafa5f44617fea54071e215026e0ff06be366c3d54a8425f04fdcb86f8c5f?s=96&d=mm&r=g\",\"caption\":\"@sscc\"},\"url\":\"https:\/\/www.padreeustaquio.com.br\/en\/author\/sscc\/\"}]}<\/script>\n<!-- \/ Yoast SEO plugin. -->","yoast_head_json":{"title":"Blessed Father Eustace and Our Lady of Aparecida","description":"On May 12, 1925, the first missionaries of the Congregation of the Sacred Hearts arrived in Brazil, disembarking in Rio de Janeiro. Their plans were to found the Congregation in the South American country and serve in cities that needed spiritual guidance.","robots":{"index":"index","follow":"follow","max-snippet":"max-snippet:-1","max-image-preview":"max-image-preview:large","max-video-preview":"max-video-preview:-1"},"canonical":"https:\/\/www.padreeustaquio.com.br\/en\/blessed-father-eustace-and-our-lady-of-aparecida\/","og_locale":"en_US","og_type":"article","og_title":"O Beato Padre Eust\u00e1quio e Nossa Senhora Aparecida","og_description":"No dia 12 de maio de 1925 os primeiros mission\u00e1rios da Congrega\u00e7\u00e3o dos Sagrados Cora\u00e7\u00f5es chegaram ao Brasil, desembarcando no Rio de Janeiro. Os planos eram fundar a Congrega\u00e7\u00e3o no pa\u00eds sulamericano e servir nas cidades que necessitavam de acompanhamento espiritual.","og_url":"https:\/\/www.padreeustaquio.com.br\/en\/blessed-father-eustace-and-our-lady-of-aparecida\/","og_site_name":"Padre Eust\u00e1quio","article_publisher":"https:\/\/www.facebook.com\/beatopadreeustaquio\/","article_published_time":"2023-10-11T12:03:35+00:00","article_modified_time":"2023-10-11T12:11:08+00:00","og_image":[{"width":1280,"height":720,"url":"https:\/\/www.padreeustaquio.com.br\/wp-content\/uploads\/2023\/10\/Nossa-Senhora-Aparecida.jpg","type":"image\/jpeg"}],"author":"@sscc","twitter_card":"summary_large_image","twitter_creator":"@beatopeustaquio","twitter_site":"@beatopeustaquio","twitter_misc":{"Written by":"@sscc","Est. reading time":"1 minute"},"schema":{"@context":"https:\/\/schema.org","@graph":[{"@type":"Article","@id":"https:\/\/www.padreeustaquio.com.br\/o-beato-padre-eustaquio-e-nossa-senhora-aparecida\/#article","isPartOf":{"@id":"https:\/\/www.padreeustaquio.com.br\/o-beato-padre-eustaquio-e-nossa-senhora-aparecida\/"},"author":{"name":"@sscc","@id":"https:\/\/www.padreeustaquio.com.br\/#\/schema\/person\/a2a51db1d00f1a7af0204a0f1ddb1566"},"headline":"O Beato Padre Eust\u00e1quio e Nossa Senhora Aparecida","datePublished":"2023-10-11T12:03:35+00:00","dateModified":"2023-10-11T12:11:08+00:00","mainEntityOfPage":{"@id":"https:\/\/www.padreeustaquio.com.br\/o-beato-padre-eustaquio-e-nossa-senhora-aparecida\/"},"wordCount":206,"commentCount":0,"publisher":{"@id":"https:\/\/www.padreeustaquio.com.br\/#organization"},"image":{"@id":"https:\/\/www.padreeustaquio.com.br\/o-beato-padre-eustaquio-e-nossa-senhora-aparecida\/#primaryimage"},"thumbnailUrl":"https:\/\/www.padreeustaquio.com.br\/wp-content\/uploads\/2023\/10\/Nossa-Senhora-Aparecida.jpg","articleSection":["Not\u00edcias"],"inLanguage":"en-US","potentialAction":[{"@type":"CommentAction","name":"Comment","target":["https:\/\/www.padreeustaquio.com.br\/o-beato-padre-eustaquio-e-nossa-senhora-aparecida\/#respond"]}]},{"@type":"WebPage","@id":"https:\/\/www.padreeustaquio.com.br\/o-beato-padre-eustaquio-e-nossa-senhora-aparecida\/","url":"https:\/\/www.padreeustaquio.com.br\/o-beato-padre-eustaquio-e-nossa-senhora-aparecida\/","name":"Blessed Father Eustace and Our Lady of Aparecida","isPartOf":{"@id":"https:\/\/www.padreeustaquio.com.br\/#website"},"primaryImageOfPage":{"@id":"https:\/\/www.padreeustaquio.com.br\/o-beato-padre-eustaquio-e-nossa-senhora-aparecida\/#primaryimage"},"image":{"@id":"https:\/\/www.padreeustaquio.com.br\/o-beato-padre-eustaquio-e-nossa-senhora-aparecida\/#primaryimage"},"thumbnailUrl":"https:\/\/www.padreeustaquio.com.br\/wp-content\/uploads\/2023\/10\/Nossa-Senhora-Aparecida.jpg","datePublished":"2023-10-11T12:03:35+00:00","dateModified":"2023-10-11T12:11:08+00:00","description":"On May 12, 1925, the first missionaries of the Congregation of the Sacred Hearts arrived in Brazil, disembarking in Rio de Janeiro. Their plans were to found the Congregation in the South American country and serve in cities that needed spiritual guidance.","breadcrumb":{"@id":"https:\/\/www.padreeustaquio.com.br\/o-beato-padre-eustaquio-e-nossa-senhora-aparecida\/#breadcrumb"},"inLanguage":"en-US","potentialAction":[{"@type":"ReadAction","target":["https:\/\/www.padreeustaquio.com.br\/o-beato-padre-eustaquio-e-nossa-senhora-aparecida\/"]}]},{"@type":"ImageObject","inLanguage":"en-US","@id":"https:\/\/www.padreeustaquio.com.br\/o-beato-padre-eustaquio-e-nossa-senhora-aparecida\/#primaryimage","url":"https:\/\/www.padreeustaquio.com.br\/wp-content\/uploads\/2023\/10\/Nossa-Senhora-Aparecida.jpg","contentUrl":"https:\/\/www.padreeustaquio.com.br\/wp-content\/uploads\/2023\/10\/Nossa-Senhora-Aparecida.jpg","width":1280,"height":720},{"@type":"BreadcrumbList","@id":"https:\/\/www.padreeustaquio.com.br\/o-beato-padre-eustaquio-e-nossa-senhora-aparecida\/#breadcrumb","itemListElement":[{"@type":"ListItem","position":1,"name":"In\u00edcio","item":"https:\/\/www.padreeustaquio.com.br\/"},{"@type":"ListItem","position":2,"name":"O Beato Padre Eust\u00e1quio e Nossa Senhora Aparecida"}]},{"@type":"WebSite","@id":"https:\/\/www.padreeustaquio.com.br\/#website","url":"https:\/\/www.padreeustaquio.com.br\/","name":"FATHER EUST\u00c1QUIO","description":"Health and Peace","publisher":{"@id":"https:\/\/www.padreeustaquio.com.br\/#organization"},"potentialAction":[{"@type":"SearchAction","target":{"@type":"EntryPoint","urlTemplate":"https:\/\/www.padreeustaquio.com.br\/?s={search_term_string}"},"query-input":{"@type":"PropertyValueSpecification","valueRequired":true,"valueName":"search_term_string"}}],"inLanguage":"en-US"},{"@type":"Organization","@id":"https:\/\/www.padreeustaquio.com.br\/#organization","name":"FATHER EUST\u00c1QUIO","url":"https:\/\/www.padreeustaquio.com.br\/","logo":{"@type":"ImageObject","inLanguage":"en-US","@id":"https:\/\/www.padreeustaquio.com.br\/#\/schema\/logo\/image\/","url":"https:\/\/www.padreeustaquio.com.br\/wp-content\/uploads\/2019\/08\/marca.png","contentUrl":"https:\/\/www.padreeustaquio.com.br\/wp-content\/uploads\/2019\/08\/marca.png","width":350,"height":400,"caption":"Padre Eust\u00e1quio"},"image":{"@id":"https:\/\/www.padreeustaquio.com.br\/#\/schema\/logo\/image\/"},"sameAs":["https:\/\/www.facebook.com\/beatopadreeustaquio\/","https:\/\/x.com\/beatopeustaquio","https:\/\/www.instagram.com\/beatopadreeustaquio\/","https:\/\/www.youtube.com\/channel\/UCRhw7vfabnajwLxb1ZXMeIw"]},{"@type":"Person","@id":"https:\/\/www.padreeustaquio.com.br\/#\/schema\/person\/a2a51db1d00f1a7af0204a0f1ddb1566","name":"@sscc","image":{"@type":"ImageObject","inLanguage":"en-US","@id":"https:\/\/secure.gravatar.com\/avatar\/68cfafa5f44617fea54071e215026e0ff06be366c3d54a8425f04fdcb86f8c5f?s=96&d=mm&r=g","url":"https:\/\/secure.gravatar.com\/avatar\/68cfafa5f44617fea54071e215026e0ff06be366c3d54a8425f04fdcb86f8c5f?s=96&d=mm&r=g","contentUrl":"https:\/\/secure.gravatar.com\/avatar\/68cfafa5f44617fea54071e215026e0ff06be366c3d54a8425f04fdcb86f8c5f?s=96&d=mm&r=g","caption":"@sscc"},"url":"https:\/\/www.padreeustaquio.com.br\/en\/author\/sscc\/"}]}},"_links":{"self":[{"href":"https:\/\/www.padreeustaquio.com.br\/en\/wp-json\/wp\/v2\/posts\/10932","targetHints":{"allow":["GET"]}}],"collection":[{"href":"https:\/\/www.padreeustaquio.com.br\/en\/wp-json\/wp\/v2\/posts"}],"about":[{"href":"https:\/\/www.padreeustaquio.com.br\/en\/wp-json\/wp\/v2\/types\/post"}],"author":[{"embeddable":true,"href":"https:\/\/www.padreeustaquio.com.br\/en\/wp-json\/wp\/v2\/users\/2"}],"replies":[{"embeddable":true,"href":"https:\/\/www.padreeustaquio.com.br\/en\/wp-json\/wp\/v2\/comments?post=10932"}],"version-history":[{"count":0,"href":"https:\/\/www.padreeustaquio.com.br\/en\/wp-json\/wp\/v2\/posts\/10932\/revisions"}],"wp:featuredmedia":[{"embeddable":true,"href":"https:\/\/www.padreeustaquio.com.br\/en\/wp-json\/wp\/v2\/media\/10934"}],"wp:attachment":[{"href":"https:\/\/www.padreeustaquio.com.br\/en\/wp-json\/wp\/v2\/media?parent=10932"}],"wp:term":[{"taxonomy":"category","embeddable":true,"href":"https:\/\/www.padreeustaquio.com.br\/en\/wp-json\/wp\/v2\/categories?post=10932"},{"taxonomy":"post_tag","embeddable":true,"href":"https:\/\/www.padreeustaquio.com.br\/en\/wp-json\/wp\/v2\/tags?post=10932"}],"curies":[{"name":"wp","href":"https:\/\/api.w.org\/{rel}","templated":true}]}}