{"id":10929,"date":"2023-10-09T08:48:40","date_gmt":"2023-10-09T11:48:40","guid":{"rendered":"https:\/\/www.padreeustaquio.com.br\/?p=10929"},"modified":"2023-10-11T11:09:57","modified_gmt":"2023-10-11T14:09:57","slug":"father-eustaquios-church-will-have-three-masses-on-the-day-of-our-lady-of-aparecida","status":"publish","type":"post","link":"https:\/\/www.padreeustaquio.com.br\/en\/father-eustaquios-church-will-have-three-masses-on-the-day-of-our-lady-of-aparecida\/","title":{"rendered":"Father Eust\u00e1quio&#039;s Church will hold three masses on the day of Our Lady of Aparecida."},"content":{"rendered":"<p>Next Thursday, October 12th, the Church in Brazil celebrates the patron saint of the country, Our Lady of Aparecida. At the Sanctuary of Health and Peace, the church of Blessed Father Eust\u00e1quio, three masses will be celebrated throughout the day.<\/p>\n<p>To the <strong>7am<\/strong> The first mass of the day will take place. Later in the morning, at... <strong>10am<\/strong> Another celebration is scheduled, with a tribute by the children of Catechism; the mass will be broadcast on the Padre Eust\u00e1quio Channel on YouTube. In the evening, there will be a celebration of... <strong>7pm<\/strong>, also broadcast on our internet channel. After this last mass, the devotees will hold a procession around the church.<\/p>\n<p>A procession through the streets of the neighborhood is scheduled to take place immediately after the 7 PM mass. The entire community is invited to participate and to ask for God&#039;s blessings through the intercession of our beloved Mother Aparecida.<\/p>\n<p>For further information, please contact the parish office by telephone: (31) 3462-6557 during business hours. For in-person service, the office is open Monday to Friday, from 7:30 am to 6 pm; on Saturdays and Sundays, from 8 am to 11:30 am.<\/p>","protected":false},"excerpt":{"rendered":"<p>Na pr\u00f3xima quinta-feira, dia 12 de outubro, a Igreja no Brasil celebra a padroeira do pa\u00eds, Nossa Senhora Aparecida. No Santu\u00e1rio da Sa\u00fade e da Paz, igreja do Beato Padre Eust\u00e1quio haver\u00e1 a celebra\u00e7\u00e3o de tr\u00eas missas ao longo do dia. \u00c0s 7h haver\u00e1 a primeira missa do dia. Ainda na parte da manh\u00e3, \u00e0s 10h est\u00e1 marcada uma outra celebra\u00e7\u00e3o, com a homenagem feita pelas crian\u00e7as da Catequese, a missa ser\u00e1 transmitida pelo Canal Padre Eust\u00e1quio, no YouTube. \u00c0 noite, haver\u00e1 a celebra\u00e7\u00e3o das 19h, tamb\u00e9m transmitidas pelo nosso Canal na internet. Ap\u00f3s esta \u00faltima missa, os devotos far\u00e3o [&hellip;]<\/p>\n","protected":false},"author":2,"featured_media":10936,"comment_status":"open","ping_status":"closed","sticky":false,"template":"","format":"standard","meta":{"_acf_changed":false,"footnotes":""},"categories":[611],"tags":[],"class_list":["post-10929","post","type-post","status-publish","format-standard","has-post-thumbnail","hentry","category-noticias"],"acf":[],"yoast_head":"<!-- This site is optimized with the Yoast SEO plugin v27.2 - https:\/\/yoast.com\/product\/yoast-seo-wordpress\/ -->\n<title>Igreja do Padre Eust\u00e1quio ter\u00e1 tr\u00eas missas no dia de Nossa Senhora Aparecida<\/title>\n<meta name=\"description\" content=\"Na pr\u00f3xima quinta-feira, dia 12 de outubro, a Igreja no Brasil celebra a padroeira do pa\u00eds, Nossa Senhora Aparecida. No Santu\u00e1rio da Sa\u00fade e da Paz, igreja do Beato Padre Eust\u00e1quio haver\u00e1 a celebra\u00e7\u00e3o de tr\u00eas missas ao longo do dia.\" \/>\n<meta name=\"robots\" content=\"index, follow, max-snippet:-1, max-image-preview:large, max-video-preview:-1\" \/>\n<link rel=\"canonical\" href=\"https:\/\/www.padreeustaquio.com.br\/en\/father-eustaquios-church-will-have-three-masses-on-the-day-of-our-lady-of-aparecida\/\" \/>\n<meta property=\"og:locale\" content=\"en_US\" \/>\n<meta property=\"og:type\" content=\"article\" \/>\n<meta property=\"og:title\" content=\"Igreja do Padre Eust\u00e1quio ter\u00e1 tr\u00eas missas no dia de Nossa Senhora Aparecida\" \/>\n<meta property=\"og:description\" content=\"Na pr\u00f3xima quinta-feira, dia 12 de outubro, a Igreja no Brasil celebra a padroeira do pa\u00eds, Nossa Senhora Aparecida. No Santu\u00e1rio da Sa\u00fade e da Paz, igreja do Beato Padre Eust\u00e1quio haver\u00e1 a celebra\u00e7\u00e3o de tr\u00eas missas ao longo do dia.\" \/>\n<meta property=\"og:url\" content=\"https:\/\/www.padreeustaquio.com.br\/en\/father-eustaquios-church-will-have-three-masses-on-the-day-of-our-lady-of-aparecida\/\" \/>\n<meta property=\"og:site_name\" content=\"Padre Eust\u00e1quio\" \/>\n<meta property=\"article:publisher\" content=\"https:\/\/www.facebook.com\/beatopadreeustaquio\/\" \/>\n<meta property=\"article:published_time\" content=\"2023-10-09T11:48:40+00:00\" \/>\n<meta property=\"article:modified_time\" content=\"2023-10-11T14:09:57+00:00\" \/>\n<meta property=\"og:image\" content=\"https:\/\/www.padreeustaquio.com.br\/wp-content\/uploads\/2023\/10\/12-1.jpg\" \/>\n\t<meta property=\"og:image:width\" content=\"1920\" \/>\n\t<meta property=\"og:image:height\" content=\"1080\" \/>\n\t<meta property=\"og:image:type\" content=\"image\/jpeg\" \/>\n<meta name=\"author\" content=\"@sscc\" \/>\n<meta name=\"twitter:card\" content=\"summary_large_image\" \/>\n<meta name=\"twitter:creator\" content=\"@beatopeustaquio\" \/>\n<meta name=\"twitter:site\" content=\"@beatopeustaquio\" \/>\n<meta name=\"twitter:label1\" content=\"Written by\" \/>\n\t<meta name=\"twitter:data1\" content=\"@sscc\" \/>\n\t<meta name=\"twitter:label2\" content=\"Est. reading time\" \/>\n\t<meta name=\"twitter:data2\" content=\"1 minute\" \/>\n<script type=\"application\/ld+json\" class=\"yoast-schema-graph\">{\"@context\":\"https:\/\/schema.org\",\"@graph\":[{\"@type\":\"Article\",\"@id\":\"https:\/\/www.padreeustaquio.com.br\/igreja-do-padre-eustaquio-tera-tres-missas-no-dia-de-nossa-senhora-aparecida\/#article\",\"isPartOf\":{\"@id\":\"https:\/\/www.padreeustaquio.com.br\/igreja-do-padre-eustaquio-tera-tres-missas-no-dia-de-nossa-senhora-aparecida\/\"},\"author\":{\"name\":\"@sscc\",\"@id\":\"https:\/\/www.padreeustaquio.com.br\/#\/schema\/person\/a2a51db1d00f1a7af0204a0f1ddb1566\"},\"headline\":\"Igreja do Padre Eust\u00e1quio ter\u00e1 tr\u00eas missas no dia de Nossa Senhora Aparecida\",\"datePublished\":\"2023-10-09T11:48:40+00:00\",\"dateModified\":\"2023-10-11T14:09:57+00:00\",\"mainEntityOfPage\":{\"@id\":\"https:\/\/www.padreeustaquio.com.br\/igreja-do-padre-eustaquio-tera-tres-missas-no-dia-de-nossa-senhora-aparecida\/\"},\"wordCount\":217,\"commentCount\":0,\"publisher\":{\"@id\":\"https:\/\/www.padreeustaquio.com.br\/#organization\"},\"image\":{\"@id\":\"https:\/\/www.padreeustaquio.com.br\/igreja-do-padre-eustaquio-tera-tres-missas-no-dia-de-nossa-senhora-aparecida\/#primaryimage\"},\"thumbnailUrl\":\"https:\/\/www.padreeustaquio.com.br\/wp-content\/uploads\/2023\/10\/12-1.jpg\",\"articleSection\":[\"Not\u00edcias\"],\"inLanguage\":\"en-US\",\"potentialAction\":[{\"@type\":\"CommentAction\",\"name\":\"Comment\",\"target\":[\"https:\/\/www.padreeustaquio.com.br\/igreja-do-padre-eustaquio-tera-tres-missas-no-dia-de-nossa-senhora-aparecida\/#respond\"]}]},{\"@type\":\"WebPage\",\"@id\":\"https:\/\/www.padreeustaquio.com.br\/igreja-do-padre-eustaquio-tera-tres-missas-no-dia-de-nossa-senhora-aparecida\/\",\"url\":\"https:\/\/www.padreeustaquio.com.br\/igreja-do-padre-eustaquio-tera-tres-missas-no-dia-de-nossa-senhora-aparecida\/\",\"name\":\"Igreja do Padre Eust\u00e1quio ter\u00e1 tr\u00eas missas no dia de Nossa Senhora Aparecida\",\"isPartOf\":{\"@id\":\"https:\/\/www.padreeustaquio.com.br\/#website\"},\"primaryImageOfPage\":{\"@id\":\"https:\/\/www.padreeustaquio.com.br\/igreja-do-padre-eustaquio-tera-tres-missas-no-dia-de-nossa-senhora-aparecida\/#primaryimage\"},\"image\":{\"@id\":\"https:\/\/www.padreeustaquio.com.br\/igreja-do-padre-eustaquio-tera-tres-missas-no-dia-de-nossa-senhora-aparecida\/#primaryimage\"},\"thumbnailUrl\":\"https:\/\/www.padreeustaquio.com.br\/wp-content\/uploads\/2023\/10\/12-1.jpg\",\"datePublished\":\"2023-10-09T11:48:40+00:00\",\"dateModified\":\"2023-10-11T14:09:57+00:00\",\"description\":\"Na pr\u00f3xima quinta-feira, dia 12 de outubro, a Igreja no Brasil celebra a padroeira do pa\u00eds, Nossa Senhora Aparecida. No Santu\u00e1rio da Sa\u00fade e da Paz, igreja do Beato Padre Eust\u00e1quio haver\u00e1 a celebra\u00e7\u00e3o de tr\u00eas missas ao longo do dia.\",\"breadcrumb\":{\"@id\":\"https:\/\/www.padreeustaquio.com.br\/igreja-do-padre-eustaquio-tera-tres-missas-no-dia-de-nossa-senhora-aparecida\/#breadcrumb\"},\"inLanguage\":\"en-US\",\"potentialAction\":[{\"@type\":\"ReadAction\",\"target\":[\"https:\/\/www.padreeustaquio.com.br\/igreja-do-padre-eustaquio-tera-tres-missas-no-dia-de-nossa-senhora-aparecida\/\"]}]},{\"@type\":\"ImageObject\",\"inLanguage\":\"en-US\",\"@id\":\"https:\/\/www.padreeustaquio.com.br\/igreja-do-padre-eustaquio-tera-tres-missas-no-dia-de-nossa-senhora-aparecida\/#primaryimage\",\"url\":\"https:\/\/www.padreeustaquio.com.br\/wp-content\/uploads\/2023\/10\/12-1.jpg\",\"contentUrl\":\"https:\/\/www.padreeustaquio.com.br\/wp-content\/uploads\/2023\/10\/12-1.jpg\",\"width\":1920,\"height\":1080},{\"@type\":\"BreadcrumbList\",\"@id\":\"https:\/\/www.padreeustaquio.com.br\/igreja-do-padre-eustaquio-tera-tres-missas-no-dia-de-nossa-senhora-aparecida\/#breadcrumb\",\"itemListElement\":[{\"@type\":\"ListItem\",\"position\":1,\"name\":\"In\u00edcio\",\"item\":\"https:\/\/www.padreeustaquio.com.br\/\"},{\"@type\":\"ListItem\",\"position\":2,\"name\":\"Igreja do Padre Eust\u00e1quio ter\u00e1 tr\u00eas missas no dia de Nossa Senhora Aparecida\"}]},{\"@type\":\"WebSite\",\"@id\":\"https:\/\/www.padreeustaquio.com.br\/#website\",\"url\":\"https:\/\/www.padreeustaquio.com.br\/\",\"name\":\"Padre Eust\u00e1quio\",\"description\":\"Sa\u00fade e Paz\",\"publisher\":{\"@id\":\"https:\/\/www.padreeustaquio.com.br\/#organization\"},\"potentialAction\":[{\"@type\":\"SearchAction\",\"target\":{\"@type\":\"EntryPoint\",\"urlTemplate\":\"https:\/\/www.padreeustaquio.com.br\/?s={search_term_string}\"},\"query-input\":{\"@type\":\"PropertyValueSpecification\",\"valueRequired\":true,\"valueName\":\"search_term_string\"}}],\"inLanguage\":\"en-US\"},{\"@type\":\"Organization\",\"@id\":\"https:\/\/www.padreeustaquio.com.br\/#organization\",\"name\":\"Padre Eust\u00e1quio\",\"url\":\"https:\/\/www.padreeustaquio.com.br\/\",\"logo\":{\"@type\":\"ImageObject\",\"inLanguage\":\"en-US\",\"@id\":\"https:\/\/www.padreeustaquio.com.br\/#\/schema\/logo\/image\/\",\"url\":\"https:\/\/www.padreeustaquio.com.br\/wp-content\/uploads\/2019\/08\/marca.png\",\"contentUrl\":\"https:\/\/www.padreeustaquio.com.br\/wp-content\/uploads\/2019\/08\/marca.png\",\"width\":350,\"height\":400,\"caption\":\"Padre Eust\u00e1quio\"},\"image\":{\"@id\":\"https:\/\/www.padreeustaquio.com.br\/#\/schema\/logo\/image\/\"},\"sameAs\":[\"https:\/\/www.facebook.com\/beatopadreeustaquio\/\",\"https:\/\/x.com\/beatopeustaquio\",\"https:\/\/www.instagram.com\/beatopadreeustaquio\/\",\"https:\/\/www.youtube.com\/channel\/UCRhw7vfabnajwLxb1ZXMeIw\"]},{\"@type\":\"Person\",\"@id\":\"https:\/\/www.padreeustaquio.com.br\/#\/schema\/person\/a2a51db1d00f1a7af0204a0f1ddb1566\",\"name\":\"@sscc\",\"image\":{\"@type\":\"ImageObject\",\"inLanguage\":\"en-US\",\"@id\":\"https:\/\/secure.gravatar.com\/avatar\/68cfafa5f44617fea54071e215026e0ff06be366c3d54a8425f04fdcb86f8c5f?s=96&d=mm&r=g\",\"url\":\"https:\/\/secure.gravatar.com\/avatar\/68cfafa5f44617fea54071e215026e0ff06be366c3d54a8425f04fdcb86f8c5f?s=96&d=mm&r=g\",\"contentUrl\":\"https:\/\/secure.gravatar.com\/avatar\/68cfafa5f44617fea54071e215026e0ff06be366c3d54a8425f04fdcb86f8c5f?s=96&d=mm&r=g\",\"caption\":\"@sscc\"},\"url\":\"https:\/\/www.padreeustaquio.com.br\/en\/author\/sscc\/\"}]}<\/script>\n<!-- \/ Yoast SEO plugin. -->","yoast_head_json":{"title":"Father Eust\u00e1quio&#039;s Church will hold three masses on the day of Our Lady of Aparecida.","description":"Next Thursday, October 12th, the Church in Brazil celebrates the patron saint of the country, Our Lady of Aparecida. At the Sanctuary of Health and Peace, the church of Blessed Father Eust\u00e1quio, three masses will be celebrated throughout the day.","robots":{"index":"index","follow":"follow","max-snippet":"max-snippet:-1","max-image-preview":"max-image-preview:large","max-video-preview":"max-video-preview:-1"},"canonical":"https:\/\/www.padreeustaquio.com.br\/en\/father-eustaquios-church-will-have-three-masses-on-the-day-of-our-lady-of-aparecida\/","og_locale":"en_US","og_type":"article","og_title":"Igreja do Padre Eust\u00e1quio ter\u00e1 tr\u00eas missas no dia de Nossa Senhora Aparecida","og_description":"Na pr\u00f3xima quinta-feira, dia 12 de outubro, a Igreja no Brasil celebra a padroeira do pa\u00eds, Nossa Senhora Aparecida. No Santu\u00e1rio da Sa\u00fade e da Paz, igreja do Beato Padre Eust\u00e1quio haver\u00e1 a celebra\u00e7\u00e3o de tr\u00eas missas ao longo do dia.","og_url":"https:\/\/www.padreeustaquio.com.br\/en\/father-eustaquios-church-will-have-three-masses-on-the-day-of-our-lady-of-aparecida\/","og_site_name":"Padre Eust\u00e1quio","article_publisher":"https:\/\/www.facebook.com\/beatopadreeustaquio\/","article_published_time":"2023-10-09T11:48:40+00:00","article_modified_time":"2023-10-11T14:09:57+00:00","og_image":[{"width":1920,"height":1080,"url":"https:\/\/www.padreeustaquio.com.br\/wp-content\/uploads\/2023\/10\/12-1.jpg","type":"image\/jpeg"}],"author":"@sscc","twitter_card":"summary_large_image","twitter_creator":"@beatopeustaquio","twitter_site":"@beatopeustaquio","twitter_misc":{"Written by":"@sscc","Est. reading time":"1 minute"},"schema":{"@context":"https:\/\/schema.org","@graph":[{"@type":"Article","@id":"https:\/\/www.padreeustaquio.com.br\/igreja-do-padre-eustaquio-tera-tres-missas-no-dia-de-nossa-senhora-aparecida\/#article","isPartOf":{"@id":"https:\/\/www.padreeustaquio.com.br\/igreja-do-padre-eustaquio-tera-tres-missas-no-dia-de-nossa-senhora-aparecida\/"},"author":{"name":"@sscc","@id":"https:\/\/www.padreeustaquio.com.br\/#\/schema\/person\/a2a51db1d00f1a7af0204a0f1ddb1566"},"headline":"Igreja do Padre Eust\u00e1quio ter\u00e1 tr\u00eas missas no dia de Nossa Senhora Aparecida","datePublished":"2023-10-09T11:48:40+00:00","dateModified":"2023-10-11T14:09:57+00:00","mainEntityOfPage":{"@id":"https:\/\/www.padreeustaquio.com.br\/igreja-do-padre-eustaquio-tera-tres-missas-no-dia-de-nossa-senhora-aparecida\/"},"wordCount":217,"commentCount":0,"publisher":{"@id":"https:\/\/www.padreeustaquio.com.br\/#organization"},"image":{"@id":"https:\/\/www.padreeustaquio.com.br\/igreja-do-padre-eustaquio-tera-tres-missas-no-dia-de-nossa-senhora-aparecida\/#primaryimage"},"thumbnailUrl":"https:\/\/www.padreeustaquio.com.br\/wp-content\/uploads\/2023\/10\/12-1.jpg","articleSection":["Not\u00edcias"],"inLanguage":"en-US","potentialAction":[{"@type":"CommentAction","name":"Comment","target":["https:\/\/www.padreeustaquio.com.br\/igreja-do-padre-eustaquio-tera-tres-missas-no-dia-de-nossa-senhora-aparecida\/#respond"]}]},{"@type":"WebPage","@id":"https:\/\/www.padreeustaquio.com.br\/igreja-do-padre-eustaquio-tera-tres-missas-no-dia-de-nossa-senhora-aparecida\/","url":"https:\/\/www.padreeustaquio.com.br\/igreja-do-padre-eustaquio-tera-tres-missas-no-dia-de-nossa-senhora-aparecida\/","name":"Father Eust\u00e1quio&#039;s Church will hold three masses on the day of Our Lady of Aparecida.","isPartOf":{"@id":"https:\/\/www.padreeustaquio.com.br\/#website"},"primaryImageOfPage":{"@id":"https:\/\/www.padreeustaquio.com.br\/igreja-do-padre-eustaquio-tera-tres-missas-no-dia-de-nossa-senhora-aparecida\/#primaryimage"},"image":{"@id":"https:\/\/www.padreeustaquio.com.br\/igreja-do-padre-eustaquio-tera-tres-missas-no-dia-de-nossa-senhora-aparecida\/#primaryimage"},"thumbnailUrl":"https:\/\/www.padreeustaquio.com.br\/wp-content\/uploads\/2023\/10\/12-1.jpg","datePublished":"2023-10-09T11:48:40+00:00","dateModified":"2023-10-11T14:09:57+00:00","description":"Next Thursday, October 12th, the Church in Brazil celebrates the patron saint of the country, Our Lady of Aparecida. At the Sanctuary of Health and Peace, the church of Blessed Father Eust\u00e1quio, three masses will be celebrated throughout the day.","breadcrumb":{"@id":"https:\/\/www.padreeustaquio.com.br\/igreja-do-padre-eustaquio-tera-tres-missas-no-dia-de-nossa-senhora-aparecida\/#breadcrumb"},"inLanguage":"en-US","potentialAction":[{"@type":"ReadAction","target":["https:\/\/www.padreeustaquio.com.br\/igreja-do-padre-eustaquio-tera-tres-missas-no-dia-de-nossa-senhora-aparecida\/"]}]},{"@type":"ImageObject","inLanguage":"en-US","@id":"https:\/\/www.padreeustaquio.com.br\/igreja-do-padre-eustaquio-tera-tres-missas-no-dia-de-nossa-senhora-aparecida\/#primaryimage","url":"https:\/\/www.padreeustaquio.com.br\/wp-content\/uploads\/2023\/10\/12-1.jpg","contentUrl":"https:\/\/www.padreeustaquio.com.br\/wp-content\/uploads\/2023\/10\/12-1.jpg","width":1920,"height":1080},{"@type":"BreadcrumbList","@id":"https:\/\/www.padreeustaquio.com.br\/igreja-do-padre-eustaquio-tera-tres-missas-no-dia-de-nossa-senhora-aparecida\/#breadcrumb","itemListElement":[{"@type":"ListItem","position":1,"name":"In\u00edcio","item":"https:\/\/www.padreeustaquio.com.br\/"},{"@type":"ListItem","position":2,"name":"Igreja do Padre Eust\u00e1quio ter\u00e1 tr\u00eas missas no dia de Nossa Senhora Aparecida"}]},{"@type":"WebSite","@id":"https:\/\/www.padreeustaquio.com.br\/#website","url":"https:\/\/www.padreeustaquio.com.br\/","name":"FATHER EUST\u00c1QUIO","description":"Health and Peace","publisher":{"@id":"https:\/\/www.padreeustaquio.com.br\/#organization"},"potentialAction":[{"@type":"SearchAction","target":{"@type":"EntryPoint","urlTemplate":"https:\/\/www.padreeustaquio.com.br\/?s={search_term_string}"},"query-input":{"@type":"PropertyValueSpecification","valueRequired":true,"valueName":"search_term_string"}}],"inLanguage":"en-US"},{"@type":"Organization","@id":"https:\/\/www.padreeustaquio.com.br\/#organization","name":"FATHER EUST\u00c1QUIO","url":"https:\/\/www.padreeustaquio.com.br\/","logo":{"@type":"ImageObject","inLanguage":"en-US","@id":"https:\/\/www.padreeustaquio.com.br\/#\/schema\/logo\/image\/","url":"https:\/\/www.padreeustaquio.com.br\/wp-content\/uploads\/2019\/08\/marca.png","contentUrl":"https:\/\/www.padreeustaquio.com.br\/wp-content\/uploads\/2019\/08\/marca.png","width":350,"height":400,"caption":"Padre Eust\u00e1quio"},"image":{"@id":"https:\/\/www.padreeustaquio.com.br\/#\/schema\/logo\/image\/"},"sameAs":["https:\/\/www.facebook.com\/beatopadreeustaquio\/","https:\/\/x.com\/beatopeustaquio","https:\/\/www.instagram.com\/beatopadreeustaquio\/","https:\/\/www.youtube.com\/channel\/UCRhw7vfabnajwLxb1ZXMeIw"]},{"@type":"Person","@id":"https:\/\/www.padreeustaquio.com.br\/#\/schema\/person\/a2a51db1d00f1a7af0204a0f1ddb1566","name":"@sscc","image":{"@type":"ImageObject","inLanguage":"en-US","@id":"https:\/\/secure.gravatar.com\/avatar\/68cfafa5f44617fea54071e215026e0ff06be366c3d54a8425f04fdcb86f8c5f?s=96&d=mm&r=g","url":"https:\/\/secure.gravatar.com\/avatar\/68cfafa5f44617fea54071e215026e0ff06be366c3d54a8425f04fdcb86f8c5f?s=96&d=mm&r=g","contentUrl":"https:\/\/secure.gravatar.com\/avatar\/68cfafa5f44617fea54071e215026e0ff06be366c3d54a8425f04fdcb86f8c5f?s=96&d=mm&r=g","caption":"@sscc"},"url":"https:\/\/www.padreeustaquio.com.br\/en\/author\/sscc\/"}]}},"_links":{"self":[{"href":"https:\/\/www.padreeustaquio.com.br\/en\/wp-json\/wp\/v2\/posts\/10929","targetHints":{"allow":["GET"]}}],"collection":[{"href":"https:\/\/www.padreeustaquio.com.br\/en\/wp-json\/wp\/v2\/posts"}],"about":[{"href":"https:\/\/www.padreeustaquio.com.br\/en\/wp-json\/wp\/v2\/types\/post"}],"author":[{"embeddable":true,"href":"https:\/\/www.padreeustaquio.com.br\/en\/wp-json\/wp\/v2\/users\/2"}],"replies":[{"embeddable":true,"href":"https:\/\/www.padreeustaquio.com.br\/en\/wp-json\/wp\/v2\/comments?post=10929"}],"version-history":[{"count":0,"href":"https:\/\/www.padreeustaquio.com.br\/en\/wp-json\/wp\/v2\/posts\/10929\/revisions"}],"wp:featuredmedia":[{"embeddable":true,"href":"https:\/\/www.padreeustaquio.com.br\/en\/wp-json\/wp\/v2\/media\/10936"}],"wp:attachment":[{"href":"https:\/\/www.padreeustaquio.com.br\/en\/wp-json\/wp\/v2\/media?parent=10929"}],"wp:term":[{"taxonomy":"category","embeddable":true,"href":"https:\/\/www.padreeustaquio.com.br\/en\/wp-json\/wp\/v2\/categories?post=10929"},{"taxonomy":"post_tag","embeddable":true,"href":"https:\/\/www.padreeustaquio.com.br\/en\/wp-json\/wp\/v2\/tags?post=10929"}],"curies":[{"name":"wp","href":"https:\/\/api.w.org\/{rel}","templated":true}]}}