{"id":10921,"date":"2023-10-04T08:47:16","date_gmt":"2023-10-04T11:47:16","guid":{"rendered":"https:\/\/www.padreeustaquio.com.br\/?p=10921"},"modified":"2023-10-04T08:47:16","modified_gmt":"2023-10-04T11:47:16","slug":"october-4th-saint-francis-of-assisis-day","status":"publish","type":"post","link":"https:\/\/www.padreeustaquio.com.br\/en\/october-4th-saint-francis-of-assisis-day\/","title":{"rendered":"October 4th: Saint Francis of Assisi Day"},"content":{"rendered":"<p>The Church celebrates today, October 4th, the feast day of Saint Francis of Assisi. The founder of the Franciscan Order is one of the most popular saints in the world. He became known for his simple life and his dedication to the poor.<\/p>\n<p>At the Sanctuary of Health and Peace, the Church of Blessed Father Eustace, there will be masses at 7:00 AM, 12:00 PM (with a blessing for Health and Peace), and 7:00 PM. The last mass will be broadcast live from our Sanctuary via the Father Eustace Channel on YouTube. Watch it! <a href=\"https:\/\/www.youtube.com\/watch?v=t4rb0_zVJRc\">CLICK HERE.<\/a><\/p>\n<p><strong>Saint Francis of Assisi<\/p>\n<p><\/strong>The son of Pietro and Dona Pica Bernardone, Francis was born between 1181 and 1182 in the city of Assisi, Italy. His father was a wealthy and prosperous merchant. He was baptized in Santa Maria Maggiore with the name Giovanni. But when Pietro Bernardone returned from a trip to France, he changed his mind and decided to change his son&#039;s name to Francis, paying homage to that land.<\/p>\n<p>According to most biographers of Saint Francis of Assisi, his best character and qualities came from his mother. Like every ambitious young man of his time, Francis desired to conquer not only fortune but also fame and a title of nobility. To achieve this, it was necessary to become a hero in one of those frequent battles. In the year 1201, encouraged by his father, he set out for a war that the feudal lords had declared against the Commune of Assisi.<\/p>\n<p>Between 1202 and 1205, we find a restless Francis. This is not merely the consequence of a long and mysterious illness. It is the restlessness of someone uncertain about the meaning of his life. He decides to become a knight and, in the name of honor, goes to defend the Church and its interests, summoned by Pope Innocent III.<\/p>\n<p>In the city of Spoleto, symptoms of fever prevented Francis from leaving. There he thought he heard the voice of the Lord, with whom he conversed: \u201cFrancis, what is more important, to serve the Lord or to serve the servant? To serve the Lord, of course,\u201d replied the young man. \u201cThen why do you enlist in the ranks of the servant? Lord, what do you want me to do? Return to Assisi and there you will be told,\u201d said the Voice.<\/p>\n<p>Seeking answers, he decided to travel to Rome in the year 1205. He visited the tomb of the Apostle Saint Peter and exclaimed: \u201cIt is a shame that men are so miserly with the Prince of the Apostles!\u201d And he threw a large handful of gold coins, contrasting with the meager alms of other, less generous faithful. Then, he exchanged his rich clothes for those of a beggar and had his first experience of living in poverty. He returned to Assisi, to his father&#039;s house, devoting himself even more to prayer and silence.<\/p>\n<p>In 1206, while riding his horse through the fields of Assisi, he saw a leper, repugnant to the sight and smell, causing him disgust. But then, moved by God, he placed his money in those bleeding hands and kissed him. Speaking later about that moment, he said: \u201cWhat was once bitter to me, then turned into sweetness of soul and body. From that moment on, I was able to turn away from the world and surrender myself to God.\u201d Shortly afterwards, he went to pray and meditate in the small chapel of San Damiano, half-destroyed by neglect. He was kneeling in prayer at the foot of a crucifix when a voice, coming from the crucifix, spoke to him: \u201cFrancis, go and rebuild my Church which is in ruins.\u201d.<\/p>\n<p>His father grew increasingly indignant and decided to demand that his son return everything he had received from him. He took him before the bishop for judgment. Francis, aware of Christ&#039;s sentence: &quot;He who loves father or mother more than Me is not worthy of Me&quot; (Mt 19:29), without hesitating for a moment stripped himself of everything until he was naked, threw his clothes and money at his father&#039;s feet, and exclaimed: &quot;Until now I have called Peter Bernardone my father. From now on I will have no other father but the Heavenly Father.&quot; The Bishop then welcomed him. From that moment on, singing &quot;I am the herald of the Great King, Jesus Christ,&quot; he distanced himself from his family and friends and devoted himself to the service of lepers and the reconstruction of the city&#039;s chapels.<\/p>\n<p>As he was nearing completion of the reconstruction of the chapel of Santa Maria degli Angeli, he wondered what he would do, what God wanted of him. Then, one day, during Mass, Francis heard the Gospel reading: \u201cwithout tunics, without staff, without sandals, without provisions, without money in your pocket\u2026\u201d (Luke 9:3). These words resonated in his heart and were like an intense light to him. And he exclaimed, full of joy: \u201cThat is precisely what I want! That is what I desire with all my heart!\u201d And without delay, he began to live, as he would throughout his life, the pure letter of the Gospel. He always repeated to himself and, later, also to his companions: \u201cOur rule of life is to live the Gospel of Our Lord Jesus Christ!\u201d<\/p>\n<p><em><strong>**with information from santo.cancaonova.com<\/strong><\/em><\/p>","protected":false},"excerpt":{"rendered":"<p>A Igreja celebra hoje, dia 04 de outubro, o dia de S\u00e3o Francisco de Assis. O fundador da Ordem Franciscana \u00e9 um dos santos mais populares do mundo. Ele ficou conhecido por sua vida simples e sua dedica\u00e7\u00e3o aos mais pobres. No Santu\u00e1rio da Sa\u00fade e da Paz, a Igreja do Beato Padre Eust\u00e1quio haver\u00e1 missas \u00e0s 7h, \u00e0s 12h (com b\u00ean\u00e7\u00e3o da Sa\u00fade e da Paz) e \u00e0s 19h. A \u00faltima missa ser\u00e1 transmitida ao vivo, direto do nosso Santu\u00e1rio, por meio do Canal Padre Eust\u00e1quio, no YouTube. Assista CLICANDO AQUI. S\u00e3o Francisco de Assis Filho de Pedro e [&hellip;]<\/p>\n","protected":false},"author":2,"featured_media":10922,"comment_status":"open","ping_status":"closed","sticky":false,"template":"","format":"standard","meta":{"_acf_changed":false,"footnotes":""},"categories":[611],"tags":[],"class_list":["post-10921","post","type-post","status-publish","format-standard","has-post-thumbnail","hentry","category-noticias"],"acf":[],"yoast_head":"<!-- This site is optimized with the Yoast SEO plugin v27.2 - https:\/\/yoast.com\/product\/yoast-seo-wordpress\/ -->\n<title>04 de outubro: Dia de S\u00e3o Francisco de Assis<\/title>\n<meta name=\"description\" content=\"No Santu\u00e1rio da Sa\u00fade e da Paz, a Igreja do Beato Padre Eust\u00e1quio haver\u00e1 missas \u00e0s 7h, \u00e0s 12h (com b\u00ean\u00e7\u00e3o da Sa\u00fade e da Paz) e \u00e0s 19h. A \u00faltima missa ser\u00e1 transmitida ao vivo, direto do nosso Santu\u00e1rio. Assista no nosso Canal no YouTube.\" \/>\n<meta name=\"robots\" content=\"index, follow, max-snippet:-1, max-image-preview:large, max-video-preview:-1\" \/>\n<link rel=\"canonical\" href=\"https:\/\/www.padreeustaquio.com.br\/en\/october-4th-saint-francis-of-assisis-day\/\" \/>\n<meta property=\"og:locale\" content=\"en_US\" \/>\n<meta property=\"og:type\" content=\"article\" \/>\n<meta property=\"og:title\" content=\"04 de outubro: Dia de S\u00e3o Francisco de Assis\" \/>\n<meta property=\"og:description\" content=\"No Santu\u00e1rio da Sa\u00fade e da Paz, a Igreja do Beato Padre Eust\u00e1quio haver\u00e1 missas \u00e0s 7h, \u00e0s 12h (com b\u00ean\u00e7\u00e3o da Sa\u00fade e da Paz) e \u00e0s 19h. A \u00faltima missa ser\u00e1 transmitida ao vivo, direto do nosso Santu\u00e1rio. Assista no nosso Canal no YouTube.\" \/>\n<meta property=\"og:url\" content=\"https:\/\/www.padreeustaquio.com.br\/en\/october-4th-saint-francis-of-assisis-day\/\" \/>\n<meta property=\"og:site_name\" content=\"Padre Eust\u00e1quio\" \/>\n<meta property=\"article:publisher\" content=\"https:\/\/www.facebook.com\/beatopadreeustaquio\/\" \/>\n<meta property=\"article:published_time\" content=\"2023-10-04T11:47:16+00:00\" \/>\n<meta property=\"og:image\" content=\"https:\/\/www.padreeustaquio.com.br\/wp-content\/uploads\/2023\/10\/sao-francisco.png\" \/>\n\t<meta property=\"og:image:width\" content=\"799\" \/>\n\t<meta property=\"og:image:height\" content=\"502\" \/>\n\t<meta property=\"og:image:type\" content=\"image\/png\" \/>\n<meta name=\"author\" content=\"@sscc\" \/>\n<meta name=\"twitter:card\" content=\"summary_large_image\" \/>\n<meta name=\"twitter:creator\" content=\"@beatopeustaquio\" \/>\n<meta name=\"twitter:site\" content=\"@beatopeustaquio\" \/>\n<meta name=\"twitter:label1\" content=\"Written by\" \/>\n\t<meta name=\"twitter:data1\" content=\"@sscc\" \/>\n\t<meta name=\"twitter:label2\" content=\"Est. reading time\" \/>\n\t<meta name=\"twitter:data2\" content=\"5 minutes\" \/>\n<script type=\"application\/ld+json\" class=\"yoast-schema-graph\">{\"@context\":\"https:\/\/schema.org\",\"@graph\":[{\"@type\":\"Article\",\"@id\":\"https:\/\/www.padreeustaquio.com.br\/04-de-outubro-dia-de-sao-francisco-de-assis\/#article\",\"isPartOf\":{\"@id\":\"https:\/\/www.padreeustaquio.com.br\/04-de-outubro-dia-de-sao-francisco-de-assis\/\"},\"author\":{\"name\":\"@sscc\",\"@id\":\"https:\/\/www.padreeustaquio.com.br\/#\/schema\/person\/a2a51db1d00f1a7af0204a0f1ddb1566\"},\"headline\":\"04 de outubro: Dia de S\u00e3o Francisco de Assis\",\"datePublished\":\"2023-10-04T11:47:16+00:00\",\"mainEntityOfPage\":{\"@id\":\"https:\/\/www.padreeustaquio.com.br\/04-de-outubro-dia-de-sao-francisco-de-assis\/\"},\"wordCount\":889,\"commentCount\":0,\"publisher\":{\"@id\":\"https:\/\/www.padreeustaquio.com.br\/#organization\"},\"image\":{\"@id\":\"https:\/\/www.padreeustaquio.com.br\/04-de-outubro-dia-de-sao-francisco-de-assis\/#primaryimage\"},\"thumbnailUrl\":\"https:\/\/www.padreeustaquio.com.br\/wp-content\/uploads\/2023\/10\/sao-francisco.png\",\"articleSection\":[\"Not\u00edcias\"],\"inLanguage\":\"en-US\",\"potentialAction\":[{\"@type\":\"CommentAction\",\"name\":\"Comment\",\"target\":[\"https:\/\/www.padreeustaquio.com.br\/04-de-outubro-dia-de-sao-francisco-de-assis\/#respond\"]}]},{\"@type\":\"WebPage\",\"@id\":\"https:\/\/www.padreeustaquio.com.br\/04-de-outubro-dia-de-sao-francisco-de-assis\/\",\"url\":\"https:\/\/www.padreeustaquio.com.br\/04-de-outubro-dia-de-sao-francisco-de-assis\/\",\"name\":\"04 de outubro: Dia de S\u00e3o Francisco de Assis\",\"isPartOf\":{\"@id\":\"https:\/\/www.padreeustaquio.com.br\/#website\"},\"primaryImageOfPage\":{\"@id\":\"https:\/\/www.padreeustaquio.com.br\/04-de-outubro-dia-de-sao-francisco-de-assis\/#primaryimage\"},\"image\":{\"@id\":\"https:\/\/www.padreeustaquio.com.br\/04-de-outubro-dia-de-sao-francisco-de-assis\/#primaryimage\"},\"thumbnailUrl\":\"https:\/\/www.padreeustaquio.com.br\/wp-content\/uploads\/2023\/10\/sao-francisco.png\",\"datePublished\":\"2023-10-04T11:47:16+00:00\",\"description\":\"No Santu\u00e1rio da Sa\u00fade e da Paz, a Igreja do Beato Padre Eust\u00e1quio haver\u00e1 missas \u00e0s 7h, \u00e0s 12h (com b\u00ean\u00e7\u00e3o da Sa\u00fade e da Paz) e \u00e0s 19h. A \u00faltima missa ser\u00e1 transmitida ao vivo, direto do nosso Santu\u00e1rio. Assista no nosso Canal no YouTube.\",\"breadcrumb\":{\"@id\":\"https:\/\/www.padreeustaquio.com.br\/04-de-outubro-dia-de-sao-francisco-de-assis\/#breadcrumb\"},\"inLanguage\":\"en-US\",\"potentialAction\":[{\"@type\":\"ReadAction\",\"target\":[\"https:\/\/www.padreeustaquio.com.br\/04-de-outubro-dia-de-sao-francisco-de-assis\/\"]}]},{\"@type\":\"ImageObject\",\"inLanguage\":\"en-US\",\"@id\":\"https:\/\/www.padreeustaquio.com.br\/04-de-outubro-dia-de-sao-francisco-de-assis\/#primaryimage\",\"url\":\"https:\/\/www.padreeustaquio.com.br\/wp-content\/uploads\/2023\/10\/sao-francisco.png\",\"contentUrl\":\"https:\/\/www.padreeustaquio.com.br\/wp-content\/uploads\/2023\/10\/sao-francisco.png\",\"width\":799,\"height\":502},{\"@type\":\"BreadcrumbList\",\"@id\":\"https:\/\/www.padreeustaquio.com.br\/04-de-outubro-dia-de-sao-francisco-de-assis\/#breadcrumb\",\"itemListElement\":[{\"@type\":\"ListItem\",\"position\":1,\"name\":\"In\u00edcio\",\"item\":\"https:\/\/www.padreeustaquio.com.br\/\"},{\"@type\":\"ListItem\",\"position\":2,\"name\":\"04 de outubro: Dia de S\u00e3o Francisco de Assis\"}]},{\"@type\":\"WebSite\",\"@id\":\"https:\/\/www.padreeustaquio.com.br\/#website\",\"url\":\"https:\/\/www.padreeustaquio.com.br\/\",\"name\":\"Padre Eust\u00e1quio\",\"description\":\"Sa\u00fade e Paz\",\"publisher\":{\"@id\":\"https:\/\/www.padreeustaquio.com.br\/#organization\"},\"potentialAction\":[{\"@type\":\"SearchAction\",\"target\":{\"@type\":\"EntryPoint\",\"urlTemplate\":\"https:\/\/www.padreeustaquio.com.br\/?s={search_term_string}\"},\"query-input\":{\"@type\":\"PropertyValueSpecification\",\"valueRequired\":true,\"valueName\":\"search_term_string\"}}],\"inLanguage\":\"en-US\"},{\"@type\":\"Organization\",\"@id\":\"https:\/\/www.padreeustaquio.com.br\/#organization\",\"name\":\"Padre Eust\u00e1quio\",\"url\":\"https:\/\/www.padreeustaquio.com.br\/\",\"logo\":{\"@type\":\"ImageObject\",\"inLanguage\":\"en-US\",\"@id\":\"https:\/\/www.padreeustaquio.com.br\/#\/schema\/logo\/image\/\",\"url\":\"https:\/\/www.padreeustaquio.com.br\/wp-content\/uploads\/2019\/08\/marca.png\",\"contentUrl\":\"https:\/\/www.padreeustaquio.com.br\/wp-content\/uploads\/2019\/08\/marca.png\",\"width\":350,\"height\":400,\"caption\":\"Padre Eust\u00e1quio\"},\"image\":{\"@id\":\"https:\/\/www.padreeustaquio.com.br\/#\/schema\/logo\/image\/\"},\"sameAs\":[\"https:\/\/www.facebook.com\/beatopadreeustaquio\/\",\"https:\/\/x.com\/beatopeustaquio\",\"https:\/\/www.instagram.com\/beatopadreeustaquio\/\",\"https:\/\/www.youtube.com\/channel\/UCRhw7vfabnajwLxb1ZXMeIw\"]},{\"@type\":\"Person\",\"@id\":\"https:\/\/www.padreeustaquio.com.br\/#\/schema\/person\/a2a51db1d00f1a7af0204a0f1ddb1566\",\"name\":\"@sscc\",\"image\":{\"@type\":\"ImageObject\",\"inLanguage\":\"en-US\",\"@id\":\"https:\/\/secure.gravatar.com\/avatar\/68cfafa5f44617fea54071e215026e0ff06be366c3d54a8425f04fdcb86f8c5f?s=96&d=mm&r=g\",\"url\":\"https:\/\/secure.gravatar.com\/avatar\/68cfafa5f44617fea54071e215026e0ff06be366c3d54a8425f04fdcb86f8c5f?s=96&d=mm&r=g\",\"contentUrl\":\"https:\/\/secure.gravatar.com\/avatar\/68cfafa5f44617fea54071e215026e0ff06be366c3d54a8425f04fdcb86f8c5f?s=96&d=mm&r=g\",\"caption\":\"@sscc\"},\"url\":\"https:\/\/www.padreeustaquio.com.br\/en\/author\/sscc\/\"}]}<\/script>\n<!-- \/ Yoast SEO plugin. -->","yoast_head_json":{"title":"October 4th: Saint Francis of Assisi Day","description":"At the Sanctuary of Health and Peace, the Church of Blessed Father Eustace, there will be masses at 7 am, 12 pm (with a blessing for Health and Peace), and 7 pm. The last mass will be broadcast live from our Sanctuary. Watch it on our YouTube channel.","robots":{"index":"index","follow":"follow","max-snippet":"max-snippet:-1","max-image-preview":"max-image-preview:large","max-video-preview":"max-video-preview:-1"},"canonical":"https:\/\/www.padreeustaquio.com.br\/en\/october-4th-saint-francis-of-assisis-day\/","og_locale":"en_US","og_type":"article","og_title":"04 de outubro: Dia de S\u00e3o Francisco de Assis","og_description":"No Santu\u00e1rio da Sa\u00fade e da Paz, a Igreja do Beato Padre Eust\u00e1quio haver\u00e1 missas \u00e0s 7h, \u00e0s 12h (com b\u00ean\u00e7\u00e3o da Sa\u00fade e da Paz) e \u00e0s 19h. A \u00faltima missa ser\u00e1 transmitida ao vivo, direto do nosso Santu\u00e1rio. Assista no nosso Canal no YouTube.","og_url":"https:\/\/www.padreeustaquio.com.br\/en\/october-4th-saint-francis-of-assisis-day\/","og_site_name":"Padre Eust\u00e1quio","article_publisher":"https:\/\/www.facebook.com\/beatopadreeustaquio\/","article_published_time":"2023-10-04T11:47:16+00:00","og_image":[{"width":799,"height":502,"url":"https:\/\/www.padreeustaquio.com.br\/wp-content\/uploads\/2023\/10\/sao-francisco.png","type":"image\/png"}],"author":"@sscc","twitter_card":"summary_large_image","twitter_creator":"@beatopeustaquio","twitter_site":"@beatopeustaquio","twitter_misc":{"Written by":"@sscc","Est. reading time":"5 minutes"},"schema":{"@context":"https:\/\/schema.org","@graph":[{"@type":"Article","@id":"https:\/\/www.padreeustaquio.com.br\/04-de-outubro-dia-de-sao-francisco-de-assis\/#article","isPartOf":{"@id":"https:\/\/www.padreeustaquio.com.br\/04-de-outubro-dia-de-sao-francisco-de-assis\/"},"author":{"name":"@sscc","@id":"https:\/\/www.padreeustaquio.com.br\/#\/schema\/person\/a2a51db1d00f1a7af0204a0f1ddb1566"},"headline":"04 de outubro: Dia de S\u00e3o Francisco de Assis","datePublished":"2023-10-04T11:47:16+00:00","mainEntityOfPage":{"@id":"https:\/\/www.padreeustaquio.com.br\/04-de-outubro-dia-de-sao-francisco-de-assis\/"},"wordCount":889,"commentCount":0,"publisher":{"@id":"https:\/\/www.padreeustaquio.com.br\/#organization"},"image":{"@id":"https:\/\/www.padreeustaquio.com.br\/04-de-outubro-dia-de-sao-francisco-de-assis\/#primaryimage"},"thumbnailUrl":"https:\/\/www.padreeustaquio.com.br\/wp-content\/uploads\/2023\/10\/sao-francisco.png","articleSection":["Not\u00edcias"],"inLanguage":"en-US","potentialAction":[{"@type":"CommentAction","name":"Comment","target":["https:\/\/www.padreeustaquio.com.br\/04-de-outubro-dia-de-sao-francisco-de-assis\/#respond"]}]},{"@type":"WebPage","@id":"https:\/\/www.padreeustaquio.com.br\/04-de-outubro-dia-de-sao-francisco-de-assis\/","url":"https:\/\/www.padreeustaquio.com.br\/04-de-outubro-dia-de-sao-francisco-de-assis\/","name":"October 4th: Saint Francis of Assisi Day","isPartOf":{"@id":"https:\/\/www.padreeustaquio.com.br\/#website"},"primaryImageOfPage":{"@id":"https:\/\/www.padreeustaquio.com.br\/04-de-outubro-dia-de-sao-francisco-de-assis\/#primaryimage"},"image":{"@id":"https:\/\/www.padreeustaquio.com.br\/04-de-outubro-dia-de-sao-francisco-de-assis\/#primaryimage"},"thumbnailUrl":"https:\/\/www.padreeustaquio.com.br\/wp-content\/uploads\/2023\/10\/sao-francisco.png","datePublished":"2023-10-04T11:47:16+00:00","description":"At the Sanctuary of Health and Peace, the Church of Blessed Father Eustace, there will be masses at 7 am, 12 pm (with a blessing for Health and Peace), and 7 pm. The last mass will be broadcast live from our Sanctuary. Watch it on our YouTube channel.","breadcrumb":{"@id":"https:\/\/www.padreeustaquio.com.br\/04-de-outubro-dia-de-sao-francisco-de-assis\/#breadcrumb"},"inLanguage":"en-US","potentialAction":[{"@type":"ReadAction","target":["https:\/\/www.padreeustaquio.com.br\/04-de-outubro-dia-de-sao-francisco-de-assis\/"]}]},{"@type":"ImageObject","inLanguage":"en-US","@id":"https:\/\/www.padreeustaquio.com.br\/04-de-outubro-dia-de-sao-francisco-de-assis\/#primaryimage","url":"https:\/\/www.padreeustaquio.com.br\/wp-content\/uploads\/2023\/10\/sao-francisco.png","contentUrl":"https:\/\/www.padreeustaquio.com.br\/wp-content\/uploads\/2023\/10\/sao-francisco.png","width":799,"height":502},{"@type":"BreadcrumbList","@id":"https:\/\/www.padreeustaquio.com.br\/04-de-outubro-dia-de-sao-francisco-de-assis\/#breadcrumb","itemListElement":[{"@type":"ListItem","position":1,"name":"In\u00edcio","item":"https:\/\/www.padreeustaquio.com.br\/"},{"@type":"ListItem","position":2,"name":"04 de outubro: Dia de S\u00e3o Francisco de Assis"}]},{"@type":"WebSite","@id":"https:\/\/www.padreeustaquio.com.br\/#website","url":"https:\/\/www.padreeustaquio.com.br\/","name":"FATHER EUST\u00c1QUIO","description":"Health and Peace","publisher":{"@id":"https:\/\/www.padreeustaquio.com.br\/#organization"},"potentialAction":[{"@type":"SearchAction","target":{"@type":"EntryPoint","urlTemplate":"https:\/\/www.padreeustaquio.com.br\/?s={search_term_string}"},"query-input":{"@type":"PropertyValueSpecification","valueRequired":true,"valueName":"search_term_string"}}],"inLanguage":"en-US"},{"@type":"Organization","@id":"https:\/\/www.padreeustaquio.com.br\/#organization","name":"FATHER EUST\u00c1QUIO","url":"https:\/\/www.padreeustaquio.com.br\/","logo":{"@type":"ImageObject","inLanguage":"en-US","@id":"https:\/\/www.padreeustaquio.com.br\/#\/schema\/logo\/image\/","url":"https:\/\/www.padreeustaquio.com.br\/wp-content\/uploads\/2019\/08\/marca.png","contentUrl":"https:\/\/www.padreeustaquio.com.br\/wp-content\/uploads\/2019\/08\/marca.png","width":350,"height":400,"caption":"Padre Eust\u00e1quio"},"image":{"@id":"https:\/\/www.padreeustaquio.com.br\/#\/schema\/logo\/image\/"},"sameAs":["https:\/\/www.facebook.com\/beatopadreeustaquio\/","https:\/\/x.com\/beatopeustaquio","https:\/\/www.instagram.com\/beatopadreeustaquio\/","https:\/\/www.youtube.com\/channel\/UCRhw7vfabnajwLxb1ZXMeIw"]},{"@type":"Person","@id":"https:\/\/www.padreeustaquio.com.br\/#\/schema\/person\/a2a51db1d00f1a7af0204a0f1ddb1566","name":"@sscc","image":{"@type":"ImageObject","inLanguage":"en-US","@id":"https:\/\/secure.gravatar.com\/avatar\/68cfafa5f44617fea54071e215026e0ff06be366c3d54a8425f04fdcb86f8c5f?s=96&d=mm&r=g","url":"https:\/\/secure.gravatar.com\/avatar\/68cfafa5f44617fea54071e215026e0ff06be366c3d54a8425f04fdcb86f8c5f?s=96&d=mm&r=g","contentUrl":"https:\/\/secure.gravatar.com\/avatar\/68cfafa5f44617fea54071e215026e0ff06be366c3d54a8425f04fdcb86f8c5f?s=96&d=mm&r=g","caption":"@sscc"},"url":"https:\/\/www.padreeustaquio.com.br\/en\/author\/sscc\/"}]}},"_links":{"self":[{"href":"https:\/\/www.padreeustaquio.com.br\/en\/wp-json\/wp\/v2\/posts\/10921","targetHints":{"allow":["GET"]}}],"collection":[{"href":"https:\/\/www.padreeustaquio.com.br\/en\/wp-json\/wp\/v2\/posts"}],"about":[{"href":"https:\/\/www.padreeustaquio.com.br\/en\/wp-json\/wp\/v2\/types\/post"}],"author":[{"embeddable":true,"href":"https:\/\/www.padreeustaquio.com.br\/en\/wp-json\/wp\/v2\/users\/2"}],"replies":[{"embeddable":true,"href":"https:\/\/www.padreeustaquio.com.br\/en\/wp-json\/wp\/v2\/comments?post=10921"}],"version-history":[{"count":0,"href":"https:\/\/www.padreeustaquio.com.br\/en\/wp-json\/wp\/v2\/posts\/10921\/revisions"}],"wp:featuredmedia":[{"embeddable":true,"href":"https:\/\/www.padreeustaquio.com.br\/en\/wp-json\/wp\/v2\/media\/10922"}],"wp:attachment":[{"href":"https:\/\/www.padreeustaquio.com.br\/en\/wp-json\/wp\/v2\/media?parent=10921"}],"wp:term":[{"taxonomy":"category","embeddable":true,"href":"https:\/\/www.padreeustaquio.com.br\/en\/wp-json\/wp\/v2\/categories?post=10921"},{"taxonomy":"post_tag","embeddable":true,"href":"https:\/\/www.padreeustaquio.com.br\/en\/wp-json\/wp\/v2\/tags?post=10921"}],"curies":[{"name":"wp","href":"https:\/\/api.w.org\/{rel}","templated":true}]}}