{"id":10915,"date":"2023-10-02T06:14:58","date_gmt":"2023-10-02T09:14:58","guid":{"rendered":"https:\/\/www.padreeustaquio.com.br\/?p=10915"},"modified":"2023-10-01T21:33:03","modified_gmt":"2023-10-02T00:33:03","slug":"vice-postulator-records-message-for-st-francis-day","status":"publish","type":"post","link":"https:\/\/www.padreeustaquio.com.br\/en\/vice-postulator-records-message-for-st-francis-day\/","title":{"rendered":"Vice-postulator records message for the day of St. Francis"},"content":{"rendered":"<p>The vice-postulator of the Cause of Canonization of Blessed Father Eustace, Father Vin\u00edcius Maciel, SSCC, recorded a message in the gardens of the Church of Saint Francis, in the city of Assisi, Italy. In the material, Fr. Vin\u00edcius speaks of Francis&#039;s greeting to the Sultan: &quot;Peace and Good&quot; and makes a reference to Father Eustace&#039;s greeting: &quot;Health and Peace&quot; as the motto of those who bring Christ to people.<\/p>\n<p>The video was recorded in April, when Father Vin\u00edcius visited Italy along with other pilgrims on the trip: \u201cAlong the Paths of Father Eust\u00e1quio\u201d. On that occasion, the priest and a professional from the Padre Eust\u00e1quio Channel recorded their passage through Assisi with a message and a blessing from the Franciscan land.<\/p>\n<p>Edited this week, the video, which is less than a minute long, will be shown before the live broadcasts of Holy Masses on the Padre Eust\u00e1quio Channel until October 4th, when the Church commemorates the saint of Assisi.<\/p>\n<p>Watch the video:<\/p>\n<div style=\"width: 1200px;\" class=\"wp-video\"><video class=\"wp-video-shortcode\" id=\"video-10915-1\" width=\"1200\" height=\"675\" preload=\"metadata\" controls=\"controls\"><source type=\"video\/mp4\" src=\"https:\/\/www.padreeustaquio.com.br\/wp-content\/uploads\/2023\/10\/video-padre-vinicius-em-assis-sao-francisco.mp4?_=1\" \/><a href=\"https:\/\/www.padreeustaquio.com.br\/wp-content\/uploads\/2023\/10\/video-padre-vinicius-em-assis-sao-francisco.mp4\">https:\/\/www.padreeustaquio.com.br\/wp-content\/uploads\/2023\/10\/video-padre-vinicius-em-assis-sao-francisco.mp4<\/a><\/video><\/div>\n<p><strong><br \/>\nSaint Francis of Assisi<\/strong><\/p>\n<p>Francis was born in Assisi, Italy, in 1182. He was the son of Pietro Bernardone, a wealthy merchant, and Pia, from a noble family in Provence. In his youth, Francis was very rich and squandered money on ostentatious displays. However, his father&#039;s business did not interest him, much less his studies. What he really wanted was to have fun. However, Saint Bonaventure, his contemporary, wrote about him: &quot;But, with divine help, he never allowed himself to be carried away by the ardor of the passions that dominated the young people of his company.&quot;.<\/p>\n<p>In Francis&#039; youth, around the age of twenty, a war broke out between the Italian cities of Perugia and Assisi. He wanted to fight in Spoleto, between Assisi and Rome, but he fell ill. During his illness, Francis heard a supernatural voice. This voice urged him to...\u00a0<i>\u201c&quot;to serve love and the Servant&quot;\u201d<\/i>. Little by little, with much prayer, Francis felt in his heart the need to sell his possessions and\u00a0<i>\u201c&quot;to buy the precious pearl&quot;\u201d<\/i>\u00a0which he had read about in the Gospel.<\/p>\n<p>Once, upon encountering a leper, despite his natural revulsion, he overcame his will and kissed the sick man. It was a gesture moved by the Holy Spirit. From that moment on, he began to visit and serve the sick in hospitals. To the poor, he gave his own clothes and also whatever money he had at the time.<\/p>\n<p>*with information from: <strong>santuariodocaraca.com.br<\/strong><\/p>","protected":false},"excerpt":{"rendered":"<p>O vice-postulador da Causa de Canoniza\u00e7\u00e3o do Beato Padre Eust\u00e1quio, o padre Vin\u00edcius Maciel, SSCC, gravou uma mensagem nos jardins da Igreja de S\u00e3o Francisco, na cidade de Assis, na It\u00e1lia. No material, Pe. Vin\u00edcius fala da sauda\u00e7\u00e3o de Francisco ao sult\u00e3o: &#8220;Paz e Bem&#8221; e faz uma refer\u00eancia \u00e0 sauda\u00e7\u00e3o de Padre Eust\u00e1quio: &#8220;Sa\u00fade e Paz&#8221; como lema dos que levam Cristo \u00e0s pessoas. O v\u00eddeo foi gravado em abril, quando o padre Vin\u00edcius visitou a It\u00e1lia junto a outros peregrinos na viagem: &#8220;Pelos Caminhos de Padre Eust\u00e1quio&#8221;. Na ocasi\u00e3o, o religioso e um profissional do Canal Padre Eust\u00e1quio, [&hellip;]<\/p>\n","protected":false},"author":2,"featured_media":10917,"comment_status":"open","ping_status":"closed","sticky":false,"template":"","format":"standard","meta":{"_acf_changed":false,"footnotes":""},"categories":[611],"tags":[],"class_list":["post-10915","post","type-post","status-publish","format-standard","has-post-thumbnail","hentry","category-noticias"],"acf":[],"yoast_head":"<!-- This site is optimized with the Yoast SEO plugin v27.2 - https:\/\/yoast.com\/product\/yoast-seo-wordpress\/ -->\n<title>Vice-postulador grava mensagem para o dia de S\u00e3o Francisco<\/title>\n<meta name=\"description\" content=\"O vice-postulador da Causa de Canoniza\u00e7\u00e3o do Beato Padre Eust\u00e1quio, o padre Vin\u00edcius Maciel, SSCC, gravou uma mensagem nos jardins da Igreja de S\u00e3o Francisco, na cidade de Assis, na It\u00e1lia. No material, Pe. Vin\u00edcius fala da sauda\u00e7\u00e3o de Francisco ao sult\u00e3o: &quot;Paz e Bem&quot; e faz uma refer\u00eancia \u00e0 sauda\u00e7\u00e3o de Padre Eust\u00e1quio: &quot;Sa\u00fade e Paz&quot; como lema dos que levam Cristo \u00e0s pessoas.\" \/>\n<meta name=\"robots\" content=\"index, follow, max-snippet:-1, max-image-preview:large, max-video-preview:-1\" \/>\n<link rel=\"canonical\" href=\"https:\/\/www.padreeustaquio.com.br\/en\/vice-postulator-records-message-for-st-francis-day\/\" \/>\n<meta property=\"og:locale\" content=\"en_US\" \/>\n<meta property=\"og:type\" content=\"article\" \/>\n<meta property=\"og:title\" content=\"Vice-postulador grava mensagem para o dia de S\u00e3o Francisco\" \/>\n<meta property=\"og:description\" content=\"O vice-postulador da Causa de Canoniza\u00e7\u00e3o do Beato Padre Eust\u00e1quio, o padre Vin\u00edcius Maciel, SSCC, gravou uma mensagem nos jardins da Igreja de S\u00e3o Francisco, na cidade de Assis, na It\u00e1lia. No material, Pe. Vin\u00edcius fala da sauda\u00e7\u00e3o de Francisco ao sult\u00e3o: &quot;Paz e Bem&quot; e faz uma refer\u00eancia \u00e0 sauda\u00e7\u00e3o de Padre Eust\u00e1quio: &quot;Sa\u00fade e Paz&quot; como lema dos que levam Cristo \u00e0s pessoas.\" \/>\n<meta property=\"og:url\" content=\"https:\/\/www.padreeustaquio.com.br\/en\/vice-postulator-records-message-for-st-francis-day\/\" \/>\n<meta property=\"og:site_name\" content=\"Padre Eust\u00e1quio\" \/>\n<meta property=\"article:publisher\" content=\"https:\/\/www.facebook.com\/beatopadreeustaquio\/\" \/>\n<meta property=\"article:published_time\" content=\"2023-10-02T09:14:58+00:00\" \/>\n<meta property=\"og:image\" content=\"https:\/\/www.padreeustaquio.com.br\/wp-content\/uploads\/2023\/10\/padre-vinicius-em-assis-na-italia-sao-francisco.png\" \/>\n\t<meta property=\"og:image:width\" content=\"1363\" \/>\n\t<meta property=\"og:image:height\" content=\"765\" \/>\n\t<meta property=\"og:image:type\" content=\"image\/png\" \/>\n<meta name=\"author\" content=\"@sscc\" \/>\n<meta name=\"twitter:card\" content=\"summary_large_image\" \/>\n<meta name=\"twitter:creator\" content=\"@beatopeustaquio\" \/>\n<meta name=\"twitter:site\" content=\"@beatopeustaquio\" \/>\n<meta name=\"twitter:label1\" content=\"Written by\" \/>\n\t<meta name=\"twitter:data1\" content=\"@sscc\" \/>\n\t<meta name=\"twitter:label2\" content=\"Est. reading time\" \/>\n\t<meta name=\"twitter:data2\" content=\"3 minutes\" \/>\n<script type=\"application\/ld+json\" class=\"yoast-schema-graph\">{\"@context\":\"https:\/\/schema.org\",\"@graph\":[{\"@type\":\"Article\",\"@id\":\"https:\/\/www.padreeustaquio.com.br\/vice-postulador-grava-mensagem-para-o-dia-de-sao-francisco\/#article\",\"isPartOf\":{\"@id\":\"https:\/\/www.padreeustaquio.com.br\/vice-postulador-grava-mensagem-para-o-dia-de-sao-francisco\/\"},\"author\":{\"name\":\"@sscc\",\"@id\":\"https:\/\/www.padreeustaquio.com.br\/#\/schema\/person\/a2a51db1d00f1a7af0204a0f1ddb1566\"},\"headline\":\"Vice-postulador grava mensagem para o dia de S\u00e3o Francisco\",\"datePublished\":\"2023-10-02T09:14:58+00:00\",\"mainEntityOfPage\":{\"@id\":\"https:\/\/www.padreeustaquio.com.br\/vice-postulador-grava-mensagem-para-o-dia-de-sao-francisco\/\"},\"wordCount\":458,\"commentCount\":0,\"publisher\":{\"@id\":\"https:\/\/www.padreeustaquio.com.br\/#organization\"},\"image\":{\"@id\":\"https:\/\/www.padreeustaquio.com.br\/vice-postulador-grava-mensagem-para-o-dia-de-sao-francisco\/#primaryimage\"},\"thumbnailUrl\":\"https:\/\/www.padreeustaquio.com.br\/wp-content\/uploads\/2023\/10\/padre-vinicius-em-assis-na-italia-sao-francisco.png\",\"articleSection\":[\"Not\u00edcias\"],\"inLanguage\":\"en-US\",\"potentialAction\":[{\"@type\":\"CommentAction\",\"name\":\"Comment\",\"target\":[\"https:\/\/www.padreeustaquio.com.br\/vice-postulador-grava-mensagem-para-o-dia-de-sao-francisco\/#respond\"]}]},{\"@type\":\"WebPage\",\"@id\":\"https:\/\/www.padreeustaquio.com.br\/vice-postulador-grava-mensagem-para-o-dia-de-sao-francisco\/\",\"url\":\"https:\/\/www.padreeustaquio.com.br\/vice-postulador-grava-mensagem-para-o-dia-de-sao-francisco\/\",\"name\":\"Vice-postulador grava mensagem para o dia de S\u00e3o Francisco\",\"isPartOf\":{\"@id\":\"https:\/\/www.padreeustaquio.com.br\/#website\"},\"primaryImageOfPage\":{\"@id\":\"https:\/\/www.padreeustaquio.com.br\/vice-postulador-grava-mensagem-para-o-dia-de-sao-francisco\/#primaryimage\"},\"image\":{\"@id\":\"https:\/\/www.padreeustaquio.com.br\/vice-postulador-grava-mensagem-para-o-dia-de-sao-francisco\/#primaryimage\"},\"thumbnailUrl\":\"https:\/\/www.padreeustaquio.com.br\/wp-content\/uploads\/2023\/10\/padre-vinicius-em-assis-na-italia-sao-francisco.png\",\"datePublished\":\"2023-10-02T09:14:58+00:00\",\"description\":\"O vice-postulador da Causa de Canoniza\u00e7\u00e3o do Beato Padre Eust\u00e1quio, o padre Vin\u00edcius Maciel, SSCC, gravou uma mensagem nos jardins da Igreja de S\u00e3o Francisco, na cidade de Assis, na It\u00e1lia. No material, Pe. Vin\u00edcius fala da sauda\u00e7\u00e3o de Francisco ao sult\u00e3o: \\\"Paz e Bem\\\" e faz uma refer\u00eancia \u00e0 sauda\u00e7\u00e3o de Padre Eust\u00e1quio: \\\"Sa\u00fade e Paz\\\" como lema dos que levam Cristo \u00e0s pessoas.\",\"breadcrumb\":{\"@id\":\"https:\/\/www.padreeustaquio.com.br\/vice-postulador-grava-mensagem-para-o-dia-de-sao-francisco\/#breadcrumb\"},\"inLanguage\":\"en-US\",\"potentialAction\":[{\"@type\":\"ReadAction\",\"target\":[\"https:\/\/www.padreeustaquio.com.br\/vice-postulador-grava-mensagem-para-o-dia-de-sao-francisco\/\"]}]},{\"@type\":\"ImageObject\",\"inLanguage\":\"en-US\",\"@id\":\"https:\/\/www.padreeustaquio.com.br\/vice-postulador-grava-mensagem-para-o-dia-de-sao-francisco\/#primaryimage\",\"url\":\"https:\/\/www.padreeustaquio.com.br\/wp-content\/uploads\/2023\/10\/padre-vinicius-em-assis-na-italia-sao-francisco.png\",\"contentUrl\":\"https:\/\/www.padreeustaquio.com.br\/wp-content\/uploads\/2023\/10\/padre-vinicius-em-assis-na-italia-sao-francisco.png\",\"width\":1363,\"height\":765},{\"@type\":\"BreadcrumbList\",\"@id\":\"https:\/\/www.padreeustaquio.com.br\/vice-postulador-grava-mensagem-para-o-dia-de-sao-francisco\/#breadcrumb\",\"itemListElement\":[{\"@type\":\"ListItem\",\"position\":1,\"name\":\"In\u00edcio\",\"item\":\"https:\/\/www.padreeustaquio.com.br\/\"},{\"@type\":\"ListItem\",\"position\":2,\"name\":\"Vice-postulador grava mensagem para o dia de S\u00e3o Francisco\"}]},{\"@type\":\"WebSite\",\"@id\":\"https:\/\/www.padreeustaquio.com.br\/#website\",\"url\":\"https:\/\/www.padreeustaquio.com.br\/\",\"name\":\"Padre Eust\u00e1quio\",\"description\":\"Sa\u00fade e Paz\",\"publisher\":{\"@id\":\"https:\/\/www.padreeustaquio.com.br\/#organization\"},\"potentialAction\":[{\"@type\":\"SearchAction\",\"target\":{\"@type\":\"EntryPoint\",\"urlTemplate\":\"https:\/\/www.padreeustaquio.com.br\/?s={search_term_string}\"},\"query-input\":{\"@type\":\"PropertyValueSpecification\",\"valueRequired\":true,\"valueName\":\"search_term_string\"}}],\"inLanguage\":\"en-US\"},{\"@type\":\"Organization\",\"@id\":\"https:\/\/www.padreeustaquio.com.br\/#organization\",\"name\":\"Padre Eust\u00e1quio\",\"url\":\"https:\/\/www.padreeustaquio.com.br\/\",\"logo\":{\"@type\":\"ImageObject\",\"inLanguage\":\"en-US\",\"@id\":\"https:\/\/www.padreeustaquio.com.br\/#\/schema\/logo\/image\/\",\"url\":\"https:\/\/www.padreeustaquio.com.br\/wp-content\/uploads\/2019\/08\/marca.png\",\"contentUrl\":\"https:\/\/www.padreeustaquio.com.br\/wp-content\/uploads\/2019\/08\/marca.png\",\"width\":350,\"height\":400,\"caption\":\"Padre Eust\u00e1quio\"},\"image\":{\"@id\":\"https:\/\/www.padreeustaquio.com.br\/#\/schema\/logo\/image\/\"},\"sameAs\":[\"https:\/\/www.facebook.com\/beatopadreeustaquio\/\",\"https:\/\/x.com\/beatopeustaquio\",\"https:\/\/www.instagram.com\/beatopadreeustaquio\/\",\"https:\/\/www.youtube.com\/channel\/UCRhw7vfabnajwLxb1ZXMeIw\"]},{\"@type\":\"Person\",\"@id\":\"https:\/\/www.padreeustaquio.com.br\/#\/schema\/person\/a2a51db1d00f1a7af0204a0f1ddb1566\",\"name\":\"@sscc\",\"image\":{\"@type\":\"ImageObject\",\"inLanguage\":\"en-US\",\"@id\":\"https:\/\/secure.gravatar.com\/avatar\/68cfafa5f44617fea54071e215026e0ff06be366c3d54a8425f04fdcb86f8c5f?s=96&d=mm&r=g\",\"url\":\"https:\/\/secure.gravatar.com\/avatar\/68cfafa5f44617fea54071e215026e0ff06be366c3d54a8425f04fdcb86f8c5f?s=96&d=mm&r=g\",\"contentUrl\":\"https:\/\/secure.gravatar.com\/avatar\/68cfafa5f44617fea54071e215026e0ff06be366c3d54a8425f04fdcb86f8c5f?s=96&d=mm&r=g\",\"caption\":\"@sscc\"},\"url\":\"https:\/\/www.padreeustaquio.com.br\/en\/author\/sscc\/\"}]}<\/script>\n<!-- \/ Yoast SEO plugin. -->","yoast_head_json":{"title":"Vice-postulator records message for the day of St. Francis","description":"The vice-postulator of the Cause of Canonization of Blessed Father Eustace, Father Vin\u00edcius Maciel, SSCC, recorded a message in the gardens of the Church of Saint Francis, in the city of Assisi, Italy. In the material, Fr. Vin\u00edcius speaks of Francis&#039;s greeting to the Sultan: &quot;Peace and Good&quot; and makes a reference to Father Eustace&#039;s greeting: &quot;Health and Peace&quot; as the motto of those who bring Christ to people.","robots":{"index":"index","follow":"follow","max-snippet":"max-snippet:-1","max-image-preview":"max-image-preview:large","max-video-preview":"max-video-preview:-1"},"canonical":"https:\/\/www.padreeustaquio.com.br\/en\/vice-postulator-records-message-for-st-francis-day\/","og_locale":"en_US","og_type":"article","og_title":"Vice-postulador grava mensagem para o dia de S\u00e3o Francisco","og_description":"O vice-postulador da Causa de Canoniza\u00e7\u00e3o do Beato Padre Eust\u00e1quio, o padre Vin\u00edcius Maciel, SSCC, gravou uma mensagem nos jardins da Igreja de S\u00e3o Francisco, na cidade de Assis, na It\u00e1lia. No material, Pe. Vin\u00edcius fala da sauda\u00e7\u00e3o de Francisco ao sult\u00e3o: \"Paz e Bem\" e faz uma refer\u00eancia \u00e0 sauda\u00e7\u00e3o de Padre Eust\u00e1quio: \"Sa\u00fade e Paz\" como lema dos que levam Cristo \u00e0s pessoas.","og_url":"https:\/\/www.padreeustaquio.com.br\/en\/vice-postulator-records-message-for-st-francis-day\/","og_site_name":"Padre Eust\u00e1quio","article_publisher":"https:\/\/www.facebook.com\/beatopadreeustaquio\/","article_published_time":"2023-10-02T09:14:58+00:00","og_image":[{"width":1363,"height":765,"url":"https:\/\/www.padreeustaquio.com.br\/wp-content\/uploads\/2023\/10\/padre-vinicius-em-assis-na-italia-sao-francisco.png","type":"image\/png"}],"author":"@sscc","twitter_card":"summary_large_image","twitter_creator":"@beatopeustaquio","twitter_site":"@beatopeustaquio","twitter_misc":{"Written by":"@sscc","Est. reading time":"3 minutes"},"schema":{"@context":"https:\/\/schema.org","@graph":[{"@type":"Article","@id":"https:\/\/www.padreeustaquio.com.br\/vice-postulador-grava-mensagem-para-o-dia-de-sao-francisco\/#article","isPartOf":{"@id":"https:\/\/www.padreeustaquio.com.br\/vice-postulador-grava-mensagem-para-o-dia-de-sao-francisco\/"},"author":{"name":"@sscc","@id":"https:\/\/www.padreeustaquio.com.br\/#\/schema\/person\/a2a51db1d00f1a7af0204a0f1ddb1566"},"headline":"Vice-postulador grava mensagem para o dia de S\u00e3o Francisco","datePublished":"2023-10-02T09:14:58+00:00","mainEntityOfPage":{"@id":"https:\/\/www.padreeustaquio.com.br\/vice-postulador-grava-mensagem-para-o-dia-de-sao-francisco\/"},"wordCount":458,"commentCount":0,"publisher":{"@id":"https:\/\/www.padreeustaquio.com.br\/#organization"},"image":{"@id":"https:\/\/www.padreeustaquio.com.br\/vice-postulador-grava-mensagem-para-o-dia-de-sao-francisco\/#primaryimage"},"thumbnailUrl":"https:\/\/www.padreeustaquio.com.br\/wp-content\/uploads\/2023\/10\/padre-vinicius-em-assis-na-italia-sao-francisco.png","articleSection":["Not\u00edcias"],"inLanguage":"en-US","potentialAction":[{"@type":"CommentAction","name":"Comment","target":["https:\/\/www.padreeustaquio.com.br\/vice-postulador-grava-mensagem-para-o-dia-de-sao-francisco\/#respond"]}]},{"@type":"WebPage","@id":"https:\/\/www.padreeustaquio.com.br\/vice-postulador-grava-mensagem-para-o-dia-de-sao-francisco\/","url":"https:\/\/www.padreeustaquio.com.br\/vice-postulador-grava-mensagem-para-o-dia-de-sao-francisco\/","name":"Vice-postulator records message for the day of St. Francis","isPartOf":{"@id":"https:\/\/www.padreeustaquio.com.br\/#website"},"primaryImageOfPage":{"@id":"https:\/\/www.padreeustaquio.com.br\/vice-postulador-grava-mensagem-para-o-dia-de-sao-francisco\/#primaryimage"},"image":{"@id":"https:\/\/www.padreeustaquio.com.br\/vice-postulador-grava-mensagem-para-o-dia-de-sao-francisco\/#primaryimage"},"thumbnailUrl":"https:\/\/www.padreeustaquio.com.br\/wp-content\/uploads\/2023\/10\/padre-vinicius-em-assis-na-italia-sao-francisco.png","datePublished":"2023-10-02T09:14:58+00:00","description":"The vice-postulator of the Cause of Canonization of Blessed Father Eustace, Father Vin\u00edcius Maciel, SSCC, recorded a message in the gardens of the Church of Saint Francis, in the city of Assisi, Italy. In the material, Fr. Vin\u00edcius speaks of Francis&#039;s greeting to the Sultan: &quot;Peace and Good&quot; and makes a reference to Father Eustace&#039;s greeting: &quot;Health and Peace&quot; as the motto of those who bring Christ to people.","breadcrumb":{"@id":"https:\/\/www.padreeustaquio.com.br\/vice-postulador-grava-mensagem-para-o-dia-de-sao-francisco\/#breadcrumb"},"inLanguage":"en-US","potentialAction":[{"@type":"ReadAction","target":["https:\/\/www.padreeustaquio.com.br\/vice-postulador-grava-mensagem-para-o-dia-de-sao-francisco\/"]}]},{"@type":"ImageObject","inLanguage":"en-US","@id":"https:\/\/www.padreeustaquio.com.br\/vice-postulador-grava-mensagem-para-o-dia-de-sao-francisco\/#primaryimage","url":"https:\/\/www.padreeustaquio.com.br\/wp-content\/uploads\/2023\/10\/padre-vinicius-em-assis-na-italia-sao-francisco.png","contentUrl":"https:\/\/www.padreeustaquio.com.br\/wp-content\/uploads\/2023\/10\/padre-vinicius-em-assis-na-italia-sao-francisco.png","width":1363,"height":765},{"@type":"BreadcrumbList","@id":"https:\/\/www.padreeustaquio.com.br\/vice-postulador-grava-mensagem-para-o-dia-de-sao-francisco\/#breadcrumb","itemListElement":[{"@type":"ListItem","position":1,"name":"In\u00edcio","item":"https:\/\/www.padreeustaquio.com.br\/"},{"@type":"ListItem","position":2,"name":"Vice-postulador grava mensagem para o dia de S\u00e3o Francisco"}]},{"@type":"WebSite","@id":"https:\/\/www.padreeustaquio.com.br\/#website","url":"https:\/\/www.padreeustaquio.com.br\/","name":"FATHER EUST\u00c1QUIO","description":"Health and Peace","publisher":{"@id":"https:\/\/www.padreeustaquio.com.br\/#organization"},"potentialAction":[{"@type":"SearchAction","target":{"@type":"EntryPoint","urlTemplate":"https:\/\/www.padreeustaquio.com.br\/?s={search_term_string}"},"query-input":{"@type":"PropertyValueSpecification","valueRequired":true,"valueName":"search_term_string"}}],"inLanguage":"en-US"},{"@type":"Organization","@id":"https:\/\/www.padreeustaquio.com.br\/#organization","name":"FATHER EUST\u00c1QUIO","url":"https:\/\/www.padreeustaquio.com.br\/","logo":{"@type":"ImageObject","inLanguage":"en-US","@id":"https:\/\/www.padreeustaquio.com.br\/#\/schema\/logo\/image\/","url":"https:\/\/www.padreeustaquio.com.br\/wp-content\/uploads\/2019\/08\/marca.png","contentUrl":"https:\/\/www.padreeustaquio.com.br\/wp-content\/uploads\/2019\/08\/marca.png","width":350,"height":400,"caption":"Padre Eust\u00e1quio"},"image":{"@id":"https:\/\/www.padreeustaquio.com.br\/#\/schema\/logo\/image\/"},"sameAs":["https:\/\/www.facebook.com\/beatopadreeustaquio\/","https:\/\/x.com\/beatopeustaquio","https:\/\/www.instagram.com\/beatopadreeustaquio\/","https:\/\/www.youtube.com\/channel\/UCRhw7vfabnajwLxb1ZXMeIw"]},{"@type":"Person","@id":"https:\/\/www.padreeustaquio.com.br\/#\/schema\/person\/a2a51db1d00f1a7af0204a0f1ddb1566","name":"@sscc","image":{"@type":"ImageObject","inLanguage":"en-US","@id":"https:\/\/secure.gravatar.com\/avatar\/68cfafa5f44617fea54071e215026e0ff06be366c3d54a8425f04fdcb86f8c5f?s=96&d=mm&r=g","url":"https:\/\/secure.gravatar.com\/avatar\/68cfafa5f44617fea54071e215026e0ff06be366c3d54a8425f04fdcb86f8c5f?s=96&d=mm&r=g","contentUrl":"https:\/\/secure.gravatar.com\/avatar\/68cfafa5f44617fea54071e215026e0ff06be366c3d54a8425f04fdcb86f8c5f?s=96&d=mm&r=g","caption":"@sscc"},"url":"https:\/\/www.padreeustaquio.com.br\/en\/author\/sscc\/"}]}},"_links":{"self":[{"href":"https:\/\/www.padreeustaquio.com.br\/en\/wp-json\/wp\/v2\/posts\/10915","targetHints":{"allow":["GET"]}}],"collection":[{"href":"https:\/\/www.padreeustaquio.com.br\/en\/wp-json\/wp\/v2\/posts"}],"about":[{"href":"https:\/\/www.padreeustaquio.com.br\/en\/wp-json\/wp\/v2\/types\/post"}],"author":[{"embeddable":true,"href":"https:\/\/www.padreeustaquio.com.br\/en\/wp-json\/wp\/v2\/users\/2"}],"replies":[{"embeddable":true,"href":"https:\/\/www.padreeustaquio.com.br\/en\/wp-json\/wp\/v2\/comments?post=10915"}],"version-history":[{"count":0,"href":"https:\/\/www.padreeustaquio.com.br\/en\/wp-json\/wp\/v2\/posts\/10915\/revisions"}],"wp:featuredmedia":[{"embeddable":true,"href":"https:\/\/www.padreeustaquio.com.br\/en\/wp-json\/wp\/v2\/media\/10917"}],"wp:attachment":[{"href":"https:\/\/www.padreeustaquio.com.br\/en\/wp-json\/wp\/v2\/media?parent=10915"}],"wp:term":[{"taxonomy":"category","embeddable":true,"href":"https:\/\/www.padreeustaquio.com.br\/en\/wp-json\/wp\/v2\/categories?post=10915"},{"taxonomy":"post_tag","embeddable":true,"href":"https:\/\/www.padreeustaquio.com.br\/en\/wp-json\/wp\/v2\/tags?post=10915"}],"curies":[{"name":"wp","href":"https:\/\/api.w.org\/{rel}","templated":true}]}}