{"id":10911,"date":"2023-09-29T06:00:30","date_gmt":"2023-09-29T09:00:30","guid":{"rendered":"https:\/\/www.padreeustaquio.com.br\/?p=10911"},"modified":"2023-09-28T11:29:53","modified_gmt":"2023-09-28T14:29:53","slug":"father-eustaquio-gains-a-new-communication-channel-with-devotees-on-whatsapp","status":"publish","type":"post","link":"https:\/\/www.padreeustaquio.com.br\/en\/father-eustaquio-gains-a-new-communication-channel-with-devotees-on-whatsapp\/","title":{"rendered":"Father Eust\u00e1quio gains a new communication channel with devotees on WhatsApp."},"content":{"rendered":"<p>A new means of communication with the Devotees of Blessed Father Eustace began operating this week: the Father Eustace Channel on WhatsApp.<\/p>\n<p>On this channel you will receive daily news about the National Secretariat for the Cause of Canonization of Blessed Father Eust\u00e1quio, about the process and activities carried out at the Sanctuary of Health and Peace.<\/p>\n<p>WhatsApp channels were recently created and are one-way broadcasting tools for administrators to send messages to an unlimited number of people who subscribe. The content can include text, photos, videos, stickers, and polls.<\/p>\n<p>To follow the Padre Eust\u00e1quio Channel, go to WhatsApp, to the &quot;Updates&quot; tab (formerly the status tab). In the search bar, look for &quot;Canal Padre Eust\u00e1quio&quot; and click the &quot;Follow&quot; button.<\/p>","protected":false},"excerpt":{"rendered":"<p>Um novo meio de comunica\u00e7\u00e3o com o Devotos do Bem-aventurado Padre Eust\u00e1quio come\u00e7ou a funcionar essa semana. O Canal Padre Eust\u00e1quio, no WhatsApp. No canal voc\u00ea recebe diariamente not\u00edcias sobre o Secretariado Nacional para a Causa de Canoniza\u00e7\u00e3o do Beato Padre Eust\u00e1quio, sobre o processo e as atividades realizadas no Santu\u00e1rio da Sa\u00fade e da Paz. Os canais do WhatsApp foram criados recentemente e s\u00e3o ferramentas de transmiss\u00e3o unidirecional para os administradores enviarem mensagens a um n\u00famero ilimitado de pessoas que se inscreverem. O conte\u00fado poder\u00e1 incluir texto, fotos, v\u00eddeos, figurinhas e enquetes. Para seguir o Canal Padre Eust\u00e1quio entre [&hellip;]<\/p>\n","protected":false},"author":2,"featured_media":10912,"comment_status":"open","ping_status":"closed","sticky":false,"template":"","format":"standard","meta":{"_acf_changed":false,"footnotes":""},"categories":[611],"tags":[],"class_list":["post-10911","post","type-post","status-publish","format-standard","has-post-thumbnail","hentry","category-noticias"],"acf":[],"yoast_head":"<!-- This site is optimized with the Yoast SEO plugin v27.2 - https:\/\/yoast.com\/product\/yoast-seo-wordpress\/ -->\n<title>Padre Eust\u00e1quio ganha novo canal de comunica\u00e7\u00e3o com devotos no WhatsApp<\/title>\n<meta name=\"description\" content=\"Um novo meio de comunica\u00e7\u00e3o com o Devotos do Bem-aventurado Padre Eust\u00e1quio come\u00e7ou a funcionar essa semana. O Canal Padre Eust\u00e1quio, no WhatsApp.\" \/>\n<meta name=\"robots\" content=\"index, follow, max-snippet:-1, max-image-preview:large, max-video-preview:-1\" \/>\n<link rel=\"canonical\" href=\"https:\/\/www.padreeustaquio.com.br\/en\/father-eustaquio-gains-a-new-communication-channel-with-devotees-on-whatsapp\/\" \/>\n<meta property=\"og:locale\" content=\"en_US\" \/>\n<meta property=\"og:type\" content=\"article\" \/>\n<meta property=\"og:title\" content=\"Padre Eust\u00e1quio ganha novo canal de comunica\u00e7\u00e3o com devotos no WhatsApp\" \/>\n<meta property=\"og:description\" content=\"Um novo meio de comunica\u00e7\u00e3o com o Devotos do Bem-aventurado Padre Eust\u00e1quio come\u00e7ou a funcionar essa semana. O Canal Padre Eust\u00e1quio, no WhatsApp.\" \/>\n<meta property=\"og:url\" content=\"https:\/\/www.padreeustaquio.com.br\/en\/father-eustaquio-gains-a-new-communication-channel-with-devotees-on-whatsapp\/\" \/>\n<meta property=\"og:site_name\" content=\"Padre Eust\u00e1quio\" \/>\n<meta property=\"article:publisher\" content=\"https:\/\/www.facebook.com\/beatopadreeustaquio\/\" \/>\n<meta property=\"article:published_time\" content=\"2023-09-29T09:00:30+00:00\" \/>\n<meta property=\"og:image\" content=\"https:\/\/www.padreeustaquio.com.br\/wp-content\/uploads\/2023\/09\/canal-padre-eustaquio-no-whatsapp.jpeg\" \/>\n\t<meta property=\"og:image:width\" content=\"1600\" \/>\n\t<meta property=\"og:image:height\" content=\"901\" \/>\n\t<meta property=\"og:image:type\" content=\"image\/jpeg\" \/>\n<meta name=\"author\" content=\"@sscc\" \/>\n<meta name=\"twitter:card\" content=\"summary_large_image\" \/>\n<meta name=\"twitter:creator\" content=\"@beatopeustaquio\" \/>\n<meta name=\"twitter:site\" content=\"@beatopeustaquio\" \/>\n<meta name=\"twitter:label1\" content=\"Written by\" \/>\n\t<meta name=\"twitter:data1\" content=\"@sscc\" \/>\n\t<meta name=\"twitter:label2\" content=\"Est. reading time\" \/>\n\t<meta name=\"twitter:data2\" content=\"1 minute\" \/>\n<script type=\"application\/ld+json\" class=\"yoast-schema-graph\">{\"@context\":\"https:\/\/schema.org\",\"@graph\":[{\"@type\":\"Article\",\"@id\":\"https:\/\/www.padreeustaquio.com.br\/padre-eustaquio-ganha-novo-canal-de-comunicacao-com-devotos-no-whatsapp\/#article\",\"isPartOf\":{\"@id\":\"https:\/\/www.padreeustaquio.com.br\/padre-eustaquio-ganha-novo-canal-de-comunicacao-com-devotos-no-whatsapp\/\"},\"author\":{\"name\":\"@sscc\",\"@id\":\"https:\/\/www.padreeustaquio.com.br\/#\/schema\/person\/a2a51db1d00f1a7af0204a0f1ddb1566\"},\"headline\":\"Padre Eust\u00e1quio ganha novo canal de comunica\u00e7\u00e3o com devotos no WhatsApp\",\"datePublished\":\"2023-09-29T09:00:30+00:00\",\"mainEntityOfPage\":{\"@id\":\"https:\/\/www.padreeustaquio.com.br\/padre-eustaquio-ganha-novo-canal-de-comunicacao-com-devotos-no-whatsapp\/\"},\"wordCount\":152,\"commentCount\":0,\"publisher\":{\"@id\":\"https:\/\/www.padreeustaquio.com.br\/#organization\"},\"image\":{\"@id\":\"https:\/\/www.padreeustaquio.com.br\/padre-eustaquio-ganha-novo-canal-de-comunicacao-com-devotos-no-whatsapp\/#primaryimage\"},\"thumbnailUrl\":\"https:\/\/www.padreeustaquio.com.br\/wp-content\/uploads\/2023\/09\/canal-padre-eustaquio-no-whatsapp.jpeg\",\"articleSection\":[\"Not\u00edcias\"],\"inLanguage\":\"en-US\",\"potentialAction\":[{\"@type\":\"CommentAction\",\"name\":\"Comment\",\"target\":[\"https:\/\/www.padreeustaquio.com.br\/padre-eustaquio-ganha-novo-canal-de-comunicacao-com-devotos-no-whatsapp\/#respond\"]}]},{\"@type\":\"WebPage\",\"@id\":\"https:\/\/www.padreeustaquio.com.br\/padre-eustaquio-ganha-novo-canal-de-comunicacao-com-devotos-no-whatsapp\/\",\"url\":\"https:\/\/www.padreeustaquio.com.br\/padre-eustaquio-ganha-novo-canal-de-comunicacao-com-devotos-no-whatsapp\/\",\"name\":\"Padre Eust\u00e1quio ganha novo canal de comunica\u00e7\u00e3o com devotos no WhatsApp\",\"isPartOf\":{\"@id\":\"https:\/\/www.padreeustaquio.com.br\/#website\"},\"primaryImageOfPage\":{\"@id\":\"https:\/\/www.padreeustaquio.com.br\/padre-eustaquio-ganha-novo-canal-de-comunicacao-com-devotos-no-whatsapp\/#primaryimage\"},\"image\":{\"@id\":\"https:\/\/www.padreeustaquio.com.br\/padre-eustaquio-ganha-novo-canal-de-comunicacao-com-devotos-no-whatsapp\/#primaryimage\"},\"thumbnailUrl\":\"https:\/\/www.padreeustaquio.com.br\/wp-content\/uploads\/2023\/09\/canal-padre-eustaquio-no-whatsapp.jpeg\",\"datePublished\":\"2023-09-29T09:00:30+00:00\",\"description\":\"Um novo meio de comunica\u00e7\u00e3o com o Devotos do Bem-aventurado Padre Eust\u00e1quio come\u00e7ou a funcionar essa semana. O Canal Padre Eust\u00e1quio, no WhatsApp.\",\"breadcrumb\":{\"@id\":\"https:\/\/www.padreeustaquio.com.br\/padre-eustaquio-ganha-novo-canal-de-comunicacao-com-devotos-no-whatsapp\/#breadcrumb\"},\"inLanguage\":\"en-US\",\"potentialAction\":[{\"@type\":\"ReadAction\",\"target\":[\"https:\/\/www.padreeustaquio.com.br\/padre-eustaquio-ganha-novo-canal-de-comunicacao-com-devotos-no-whatsapp\/\"]}]},{\"@type\":\"ImageObject\",\"inLanguage\":\"en-US\",\"@id\":\"https:\/\/www.padreeustaquio.com.br\/padre-eustaquio-ganha-novo-canal-de-comunicacao-com-devotos-no-whatsapp\/#primaryimage\",\"url\":\"https:\/\/www.padreeustaquio.com.br\/wp-content\/uploads\/2023\/09\/canal-padre-eustaquio-no-whatsapp.jpeg\",\"contentUrl\":\"https:\/\/www.padreeustaquio.com.br\/wp-content\/uploads\/2023\/09\/canal-padre-eustaquio-no-whatsapp.jpeg\",\"width\":1600,\"height\":901},{\"@type\":\"BreadcrumbList\",\"@id\":\"https:\/\/www.padreeustaquio.com.br\/padre-eustaquio-ganha-novo-canal-de-comunicacao-com-devotos-no-whatsapp\/#breadcrumb\",\"itemListElement\":[{\"@type\":\"ListItem\",\"position\":1,\"name\":\"In\u00edcio\",\"item\":\"https:\/\/www.padreeustaquio.com.br\/\"},{\"@type\":\"ListItem\",\"position\":2,\"name\":\"Padre Eust\u00e1quio ganha novo canal de comunica\u00e7\u00e3o com devotos no WhatsApp\"}]},{\"@type\":\"WebSite\",\"@id\":\"https:\/\/www.padreeustaquio.com.br\/#website\",\"url\":\"https:\/\/www.padreeustaquio.com.br\/\",\"name\":\"Padre Eust\u00e1quio\",\"description\":\"Sa\u00fade e Paz\",\"publisher\":{\"@id\":\"https:\/\/www.padreeustaquio.com.br\/#organization\"},\"potentialAction\":[{\"@type\":\"SearchAction\",\"target\":{\"@type\":\"EntryPoint\",\"urlTemplate\":\"https:\/\/www.padreeustaquio.com.br\/?s={search_term_string}\"},\"query-input\":{\"@type\":\"PropertyValueSpecification\",\"valueRequired\":true,\"valueName\":\"search_term_string\"}}],\"inLanguage\":\"en-US\"},{\"@type\":\"Organization\",\"@id\":\"https:\/\/www.padreeustaquio.com.br\/#organization\",\"name\":\"Padre Eust\u00e1quio\",\"url\":\"https:\/\/www.padreeustaquio.com.br\/\",\"logo\":{\"@type\":\"ImageObject\",\"inLanguage\":\"en-US\",\"@id\":\"https:\/\/www.padreeustaquio.com.br\/#\/schema\/logo\/image\/\",\"url\":\"https:\/\/www.padreeustaquio.com.br\/wp-content\/uploads\/2019\/08\/marca.png\",\"contentUrl\":\"https:\/\/www.padreeustaquio.com.br\/wp-content\/uploads\/2019\/08\/marca.png\",\"width\":350,\"height\":400,\"caption\":\"Padre Eust\u00e1quio\"},\"image\":{\"@id\":\"https:\/\/www.padreeustaquio.com.br\/#\/schema\/logo\/image\/\"},\"sameAs\":[\"https:\/\/www.facebook.com\/beatopadreeustaquio\/\",\"https:\/\/x.com\/beatopeustaquio\",\"https:\/\/www.instagram.com\/beatopadreeustaquio\/\",\"https:\/\/www.youtube.com\/channel\/UCRhw7vfabnajwLxb1ZXMeIw\"]},{\"@type\":\"Person\",\"@id\":\"https:\/\/www.padreeustaquio.com.br\/#\/schema\/person\/a2a51db1d00f1a7af0204a0f1ddb1566\",\"name\":\"@sscc\",\"image\":{\"@type\":\"ImageObject\",\"inLanguage\":\"en-US\",\"@id\":\"https:\/\/secure.gravatar.com\/avatar\/68cfafa5f44617fea54071e215026e0ff06be366c3d54a8425f04fdcb86f8c5f?s=96&d=mm&r=g\",\"url\":\"https:\/\/secure.gravatar.com\/avatar\/68cfafa5f44617fea54071e215026e0ff06be366c3d54a8425f04fdcb86f8c5f?s=96&d=mm&r=g\",\"contentUrl\":\"https:\/\/secure.gravatar.com\/avatar\/68cfafa5f44617fea54071e215026e0ff06be366c3d54a8425f04fdcb86f8c5f?s=96&d=mm&r=g\",\"caption\":\"@sscc\"},\"url\":\"https:\/\/www.padreeustaquio.com.br\/en\/author\/sscc\/\"}]}<\/script>\n<!-- \/ Yoast SEO plugin. -->","yoast_head_json":{"title":"Father Eust\u00e1quio gains a new communication channel with devotees on WhatsApp.","description":"A new means of communication with the Devotees of Blessed Father Eustace began operating this week: the Father Eustace Channel on WhatsApp.","robots":{"index":"index","follow":"follow","max-snippet":"max-snippet:-1","max-image-preview":"max-image-preview:large","max-video-preview":"max-video-preview:-1"},"canonical":"https:\/\/www.padreeustaquio.com.br\/en\/father-eustaquio-gains-a-new-communication-channel-with-devotees-on-whatsapp\/","og_locale":"en_US","og_type":"article","og_title":"Padre Eust\u00e1quio ganha novo canal de comunica\u00e7\u00e3o com devotos no WhatsApp","og_description":"Um novo meio de comunica\u00e7\u00e3o com o Devotos do Bem-aventurado Padre Eust\u00e1quio come\u00e7ou a funcionar essa semana. O Canal Padre Eust\u00e1quio, no WhatsApp.","og_url":"https:\/\/www.padreeustaquio.com.br\/en\/father-eustaquio-gains-a-new-communication-channel-with-devotees-on-whatsapp\/","og_site_name":"Padre Eust\u00e1quio","article_publisher":"https:\/\/www.facebook.com\/beatopadreeustaquio\/","article_published_time":"2023-09-29T09:00:30+00:00","og_image":[{"width":1600,"height":901,"url":"https:\/\/www.padreeustaquio.com.br\/wp-content\/uploads\/2023\/09\/canal-padre-eustaquio-no-whatsapp.jpeg","type":"image\/jpeg"}],"author":"@sscc","twitter_card":"summary_large_image","twitter_creator":"@beatopeustaquio","twitter_site":"@beatopeustaquio","twitter_misc":{"Written by":"@sscc","Est. reading time":"1 minute"},"schema":{"@context":"https:\/\/schema.org","@graph":[{"@type":"Article","@id":"https:\/\/www.padreeustaquio.com.br\/padre-eustaquio-ganha-novo-canal-de-comunicacao-com-devotos-no-whatsapp\/#article","isPartOf":{"@id":"https:\/\/www.padreeustaquio.com.br\/padre-eustaquio-ganha-novo-canal-de-comunicacao-com-devotos-no-whatsapp\/"},"author":{"name":"@sscc","@id":"https:\/\/www.padreeustaquio.com.br\/#\/schema\/person\/a2a51db1d00f1a7af0204a0f1ddb1566"},"headline":"Padre Eust\u00e1quio ganha novo canal de comunica\u00e7\u00e3o com devotos no WhatsApp","datePublished":"2023-09-29T09:00:30+00:00","mainEntityOfPage":{"@id":"https:\/\/www.padreeustaquio.com.br\/padre-eustaquio-ganha-novo-canal-de-comunicacao-com-devotos-no-whatsapp\/"},"wordCount":152,"commentCount":0,"publisher":{"@id":"https:\/\/www.padreeustaquio.com.br\/#organization"},"image":{"@id":"https:\/\/www.padreeustaquio.com.br\/padre-eustaquio-ganha-novo-canal-de-comunicacao-com-devotos-no-whatsapp\/#primaryimage"},"thumbnailUrl":"https:\/\/www.padreeustaquio.com.br\/wp-content\/uploads\/2023\/09\/canal-padre-eustaquio-no-whatsapp.jpeg","articleSection":["Not\u00edcias"],"inLanguage":"en-US","potentialAction":[{"@type":"CommentAction","name":"Comment","target":["https:\/\/www.padreeustaquio.com.br\/padre-eustaquio-ganha-novo-canal-de-comunicacao-com-devotos-no-whatsapp\/#respond"]}]},{"@type":"WebPage","@id":"https:\/\/www.padreeustaquio.com.br\/padre-eustaquio-ganha-novo-canal-de-comunicacao-com-devotos-no-whatsapp\/","url":"https:\/\/www.padreeustaquio.com.br\/padre-eustaquio-ganha-novo-canal-de-comunicacao-com-devotos-no-whatsapp\/","name":"Father Eust\u00e1quio gains a new communication channel with devotees on WhatsApp.","isPartOf":{"@id":"https:\/\/www.padreeustaquio.com.br\/#website"},"primaryImageOfPage":{"@id":"https:\/\/www.padreeustaquio.com.br\/padre-eustaquio-ganha-novo-canal-de-comunicacao-com-devotos-no-whatsapp\/#primaryimage"},"image":{"@id":"https:\/\/www.padreeustaquio.com.br\/padre-eustaquio-ganha-novo-canal-de-comunicacao-com-devotos-no-whatsapp\/#primaryimage"},"thumbnailUrl":"https:\/\/www.padreeustaquio.com.br\/wp-content\/uploads\/2023\/09\/canal-padre-eustaquio-no-whatsapp.jpeg","datePublished":"2023-09-29T09:00:30+00:00","description":"A new means of communication with the Devotees of Blessed Father Eustace began operating this week: the Father Eustace Channel on WhatsApp.","breadcrumb":{"@id":"https:\/\/www.padreeustaquio.com.br\/padre-eustaquio-ganha-novo-canal-de-comunicacao-com-devotos-no-whatsapp\/#breadcrumb"},"inLanguage":"en-US","potentialAction":[{"@type":"ReadAction","target":["https:\/\/www.padreeustaquio.com.br\/padre-eustaquio-ganha-novo-canal-de-comunicacao-com-devotos-no-whatsapp\/"]}]},{"@type":"ImageObject","inLanguage":"en-US","@id":"https:\/\/www.padreeustaquio.com.br\/padre-eustaquio-ganha-novo-canal-de-comunicacao-com-devotos-no-whatsapp\/#primaryimage","url":"https:\/\/www.padreeustaquio.com.br\/wp-content\/uploads\/2023\/09\/canal-padre-eustaquio-no-whatsapp.jpeg","contentUrl":"https:\/\/www.padreeustaquio.com.br\/wp-content\/uploads\/2023\/09\/canal-padre-eustaquio-no-whatsapp.jpeg","width":1600,"height":901},{"@type":"BreadcrumbList","@id":"https:\/\/www.padreeustaquio.com.br\/padre-eustaquio-ganha-novo-canal-de-comunicacao-com-devotos-no-whatsapp\/#breadcrumb","itemListElement":[{"@type":"ListItem","position":1,"name":"In\u00edcio","item":"https:\/\/www.padreeustaquio.com.br\/"},{"@type":"ListItem","position":2,"name":"Padre Eust\u00e1quio ganha novo canal de comunica\u00e7\u00e3o com devotos no WhatsApp"}]},{"@type":"WebSite","@id":"https:\/\/www.padreeustaquio.com.br\/#website","url":"https:\/\/www.padreeustaquio.com.br\/","name":"FATHER EUST\u00c1QUIO","description":"Health and Peace","publisher":{"@id":"https:\/\/www.padreeustaquio.com.br\/#organization"},"potentialAction":[{"@type":"SearchAction","target":{"@type":"EntryPoint","urlTemplate":"https:\/\/www.padreeustaquio.com.br\/?s={search_term_string}"},"query-input":{"@type":"PropertyValueSpecification","valueRequired":true,"valueName":"search_term_string"}}],"inLanguage":"en-US"},{"@type":"Organization","@id":"https:\/\/www.padreeustaquio.com.br\/#organization","name":"FATHER EUST\u00c1QUIO","url":"https:\/\/www.padreeustaquio.com.br\/","logo":{"@type":"ImageObject","inLanguage":"en-US","@id":"https:\/\/www.padreeustaquio.com.br\/#\/schema\/logo\/image\/","url":"https:\/\/www.padreeustaquio.com.br\/wp-content\/uploads\/2019\/08\/marca.png","contentUrl":"https:\/\/www.padreeustaquio.com.br\/wp-content\/uploads\/2019\/08\/marca.png","width":350,"height":400,"caption":"Padre Eust\u00e1quio"},"image":{"@id":"https:\/\/www.padreeustaquio.com.br\/#\/schema\/logo\/image\/"},"sameAs":["https:\/\/www.facebook.com\/beatopadreeustaquio\/","https:\/\/x.com\/beatopeustaquio","https:\/\/www.instagram.com\/beatopadreeustaquio\/","https:\/\/www.youtube.com\/channel\/UCRhw7vfabnajwLxb1ZXMeIw"]},{"@type":"Person","@id":"https:\/\/www.padreeustaquio.com.br\/#\/schema\/person\/a2a51db1d00f1a7af0204a0f1ddb1566","name":"@sscc","image":{"@type":"ImageObject","inLanguage":"en-US","@id":"https:\/\/secure.gravatar.com\/avatar\/68cfafa5f44617fea54071e215026e0ff06be366c3d54a8425f04fdcb86f8c5f?s=96&d=mm&r=g","url":"https:\/\/secure.gravatar.com\/avatar\/68cfafa5f44617fea54071e215026e0ff06be366c3d54a8425f04fdcb86f8c5f?s=96&d=mm&r=g","contentUrl":"https:\/\/secure.gravatar.com\/avatar\/68cfafa5f44617fea54071e215026e0ff06be366c3d54a8425f04fdcb86f8c5f?s=96&d=mm&r=g","caption":"@sscc"},"url":"https:\/\/www.padreeustaquio.com.br\/en\/author\/sscc\/"}]}},"_links":{"self":[{"href":"https:\/\/www.padreeustaquio.com.br\/en\/wp-json\/wp\/v2\/posts\/10911","targetHints":{"allow":["GET"]}}],"collection":[{"href":"https:\/\/www.padreeustaquio.com.br\/en\/wp-json\/wp\/v2\/posts"}],"about":[{"href":"https:\/\/www.padreeustaquio.com.br\/en\/wp-json\/wp\/v2\/types\/post"}],"author":[{"embeddable":true,"href":"https:\/\/www.padreeustaquio.com.br\/en\/wp-json\/wp\/v2\/users\/2"}],"replies":[{"embeddable":true,"href":"https:\/\/www.padreeustaquio.com.br\/en\/wp-json\/wp\/v2\/comments?post=10911"}],"version-history":[{"count":0,"href":"https:\/\/www.padreeustaquio.com.br\/en\/wp-json\/wp\/v2\/posts\/10911\/revisions"}],"wp:featuredmedia":[{"embeddable":true,"href":"https:\/\/www.padreeustaquio.com.br\/en\/wp-json\/wp\/v2\/media\/10912"}],"wp:attachment":[{"href":"https:\/\/www.padreeustaquio.com.br\/en\/wp-json\/wp\/v2\/media?parent=10911"}],"wp:term":[{"taxonomy":"category","embeddable":true,"href":"https:\/\/www.padreeustaquio.com.br\/en\/wp-json\/wp\/v2\/categories?post=10911"},{"taxonomy":"post_tag","embeddable":true,"href":"https:\/\/www.padreeustaquio.com.br\/en\/wp-json\/wp\/v2\/tags?post=10911"}],"curies":[{"name":"wp","href":"https:\/\/api.w.org\/{rel}","templated":true}]}}