{"id":10901,"date":"2023-09-25T06:44:21","date_gmt":"2023-09-25T09:44:21","guid":{"rendered":"https:\/\/www.padreeustaquio.com.br\/?p=10901"},"modified":"2023-09-25T08:54:27","modified_gmt":"2023-09-25T11:54:27","slug":"nearly-200-young-people-register-to-participate-in-the-10th-ejc-padre-eustaquio","status":"publish","type":"post","link":"https:\/\/www.padreeustaquio.com.br\/en\/nearly-200-young-people-register-to-participate-in-the-10th-ejc-padre-eustaquio\/","title":{"rendered":"Nearly 200 young people register to participate in the 10th EJC Padre Eust\u00e1quio."},"content":{"rendered":"<p>On the morning of Sunday, September 24th, a long line formed at the entrance of the Archdiocesan Sanctuary of Health and Peace in Belo Horizonte. Around 180 young people were waiting their turn to register for the Youth Encounter with Christ, which takes place in November at the Church of Blessed Father Eust\u00e1quio.<\/p>\n<p>According to the organizers, some young people arrived at dawn to secure a spot at the Encounter. Reports indicate that those first in line arrived around 4:30 AM to try and get a place at the next meeting. By noon, the young people working at the Parish had registered each of them, but the number of available spots will certainly not be enough to accommodate everyone at the next meeting.<\/p>\n<p>The first group will participate in this year&#039;s EJC, and the others will have their names registered to be called at the next meeting, which should take place in 2024.<\/p>\n<p><strong>EJC Padre Eust\u00e1quio<br \/>\n<\/strong>The 10th Youth Encounter with Christ is scheduled for November 17th, 18th, and 19th, in the halls of the Sanctuary of Health and Peace, the Church of Blessed Father Eustace. This is a highly anticipated event for all young people who wish to strengthen their faith and connect with Christ. This year, the theme of the encounter will be &quot;He is the one who calls you by name,&quot; and it is expected to bring together approximately 70 young people.<\/p>","protected":false},"excerpt":{"rendered":"<p>Na manh\u00e3 desse domingo, 24 de setembro, uma grande fila se formou na entrada do Santu\u00e1rio Arquidiocesano da Sa\u00fade e da Paz, em Belo Horizonte. Cerca de 180 jovens aguardavam a vez para se inscrever no Encontro de Jovens com Cristo, que ocorre no m\u00eas de novembro, na Igreja do Beato Padre Eust\u00e1quio. De acordo com os organizadores, alguns jovens amanheceram no local para n\u00e3o perder a vaga no Encontro. Segundo relatos, os primeiros da fila chegaram por volta das 4h30 da manh\u00e3 para conseguir vaga no pr\u00f3ximo encontro. At\u00e9 o meio dia, os jovens que trabalham na Par\u00f3quia fizeram [&hellip;]<\/p>\n","protected":false},"author":2,"featured_media":10902,"comment_status":"open","ping_status":"closed","sticky":false,"template":"","format":"standard","meta":{"_acf_changed":false,"footnotes":""},"categories":[611],"tags":[],"class_list":["post-10901","post","type-post","status-publish","format-standard","has-post-thumbnail","hentry","category-noticias"],"acf":[],"yoast_head":"<!-- This site is optimized with the Yoast SEO plugin v27.2 - https:\/\/yoast.com\/product\/yoast-seo-wordpress\/ -->\n<title>Quase 200 jovens se inscrevem para participar do 10\u00ba EJC Padre Eust\u00e1quio<\/title>\n<meta name=\"description\" content=\"Na manh\u00e3 desse domingo, 24 de setembro, uma grande fila se formou na entrada do Santu\u00e1rio Arquidiocesano da Sa\u00fade e da Paz, em Belo Horizonte. Cerca de 180 jovens aguardavam a vez para se inscrever no Encontro de Jovens com Cristo, que ocorre no m\u00eas de novembro, na Igreja do Beato Padre Eust\u00e1quio.\" \/>\n<meta name=\"robots\" content=\"index, follow, max-snippet:-1, max-image-preview:large, max-video-preview:-1\" \/>\n<link rel=\"canonical\" href=\"https:\/\/www.padreeustaquio.com.br\/en\/nearly-200-young-people-register-to-participate-in-the-10th-ejc-padre-eustaquio\/\" \/>\n<meta property=\"og:locale\" content=\"en_US\" \/>\n<meta property=\"og:type\" content=\"article\" \/>\n<meta property=\"og:title\" content=\"Quase 200 jovens se inscrevem para participar do 10\u00ba EJC Padre Eust\u00e1quio\" \/>\n<meta property=\"og:description\" content=\"Na manh\u00e3 desse domingo, 24 de setembro, uma grande fila se formou na entrada do Santu\u00e1rio Arquidiocesano da Sa\u00fade e da Paz, em Belo Horizonte. Cerca de 180 jovens aguardavam a vez para se inscrever no Encontro de Jovens com Cristo, que ocorre no m\u00eas de novembro, na Igreja do Beato Padre Eust\u00e1quio.\" \/>\n<meta property=\"og:url\" content=\"https:\/\/www.padreeustaquio.com.br\/en\/nearly-200-young-people-register-to-participate-in-the-10th-ejc-padre-eustaquio\/\" \/>\n<meta property=\"og:site_name\" content=\"Padre Eust\u00e1quio\" \/>\n<meta property=\"article:publisher\" content=\"https:\/\/www.facebook.com\/beatopadreeustaquio\/\" \/>\n<meta property=\"article:published_time\" content=\"2023-09-25T09:44:21+00:00\" \/>\n<meta property=\"article:modified_time\" content=\"2023-09-25T11:54:27+00:00\" \/>\n<meta property=\"og:image\" content=\"https:\/\/www.padreeustaquio.com.br\/wp-content\/uploads\/2023\/09\/inscricoes-EJC-2023.jpeg\" \/>\n\t<meta property=\"og:image:width\" content=\"1600\" \/>\n\t<meta property=\"og:image:height\" content=\"1200\" \/>\n\t<meta property=\"og:image:type\" content=\"image\/jpeg\" \/>\n<meta name=\"author\" content=\"@sscc\" \/>\n<meta name=\"twitter:card\" content=\"summary_large_image\" \/>\n<meta name=\"twitter:creator\" content=\"@beatopeustaquio\" \/>\n<meta name=\"twitter:site\" content=\"@beatopeustaquio\" \/>\n<meta name=\"twitter:label1\" content=\"Written by\" \/>\n\t<meta name=\"twitter:data1\" content=\"@sscc\" \/>\n\t<meta name=\"twitter:label2\" content=\"Est. reading time\" \/>\n\t<meta name=\"twitter:data2\" content=\"2 minutes\" \/>\n<script type=\"application\/ld+json\" class=\"yoast-schema-graph\">{\"@context\":\"https:\/\/schema.org\",\"@graph\":[{\"@type\":\"Article\",\"@id\":\"https:\/\/www.padreeustaquio.com.br\/quase-200-jovens-se-inscrevem-para-participar-do-10o-ejc-padre-eustaquio\/#article\",\"isPartOf\":{\"@id\":\"https:\/\/www.padreeustaquio.com.br\/quase-200-jovens-se-inscrevem-para-participar-do-10o-ejc-padre-eustaquio\/\"},\"author\":{\"name\":\"@sscc\",\"@id\":\"https:\/\/www.padreeustaquio.com.br\/#\/schema\/person\/a2a51db1d00f1a7af0204a0f1ddb1566\"},\"headline\":\"Quase 200 jovens se inscrevem para participar do 10\u00ba EJC Padre Eust\u00e1quio\",\"datePublished\":\"2023-09-25T09:44:21+00:00\",\"dateModified\":\"2023-09-25T11:54:27+00:00\",\"mainEntityOfPage\":{\"@id\":\"https:\/\/www.padreeustaquio.com.br\/quase-200-jovens-se-inscrevem-para-participar-do-10o-ejc-padre-eustaquio\/\"},\"wordCount\":242,\"commentCount\":0,\"publisher\":{\"@id\":\"https:\/\/www.padreeustaquio.com.br\/#organization\"},\"image\":{\"@id\":\"https:\/\/www.padreeustaquio.com.br\/quase-200-jovens-se-inscrevem-para-participar-do-10o-ejc-padre-eustaquio\/#primaryimage\"},\"thumbnailUrl\":\"https:\/\/www.padreeustaquio.com.br\/wp-content\/uploads\/2023\/09\/inscricoes-EJC-2023.jpeg\",\"articleSection\":[\"Not\u00edcias\"],\"inLanguage\":\"en-US\",\"potentialAction\":[{\"@type\":\"CommentAction\",\"name\":\"Comment\",\"target\":[\"https:\/\/www.padreeustaquio.com.br\/quase-200-jovens-se-inscrevem-para-participar-do-10o-ejc-padre-eustaquio\/#respond\"]}]},{\"@type\":\"WebPage\",\"@id\":\"https:\/\/www.padreeustaquio.com.br\/quase-200-jovens-se-inscrevem-para-participar-do-10o-ejc-padre-eustaquio\/\",\"url\":\"https:\/\/www.padreeustaquio.com.br\/quase-200-jovens-se-inscrevem-para-participar-do-10o-ejc-padre-eustaquio\/\",\"name\":\"Quase 200 jovens se inscrevem para participar do 10\u00ba EJC Padre Eust\u00e1quio\",\"isPartOf\":{\"@id\":\"https:\/\/www.padreeustaquio.com.br\/#website\"},\"primaryImageOfPage\":{\"@id\":\"https:\/\/www.padreeustaquio.com.br\/quase-200-jovens-se-inscrevem-para-participar-do-10o-ejc-padre-eustaquio\/#primaryimage\"},\"image\":{\"@id\":\"https:\/\/www.padreeustaquio.com.br\/quase-200-jovens-se-inscrevem-para-participar-do-10o-ejc-padre-eustaquio\/#primaryimage\"},\"thumbnailUrl\":\"https:\/\/www.padreeustaquio.com.br\/wp-content\/uploads\/2023\/09\/inscricoes-EJC-2023.jpeg\",\"datePublished\":\"2023-09-25T09:44:21+00:00\",\"dateModified\":\"2023-09-25T11:54:27+00:00\",\"description\":\"Na manh\u00e3 desse domingo, 24 de setembro, uma grande fila se formou na entrada do Santu\u00e1rio Arquidiocesano da Sa\u00fade e da Paz, em Belo Horizonte. Cerca de 180 jovens aguardavam a vez para se inscrever no Encontro de Jovens com Cristo, que ocorre no m\u00eas de novembro, na Igreja do Beato Padre Eust\u00e1quio.\",\"breadcrumb\":{\"@id\":\"https:\/\/www.padreeustaquio.com.br\/quase-200-jovens-se-inscrevem-para-participar-do-10o-ejc-padre-eustaquio\/#breadcrumb\"},\"inLanguage\":\"en-US\",\"potentialAction\":[{\"@type\":\"ReadAction\",\"target\":[\"https:\/\/www.padreeustaquio.com.br\/quase-200-jovens-se-inscrevem-para-participar-do-10o-ejc-padre-eustaquio\/\"]}]},{\"@type\":\"ImageObject\",\"inLanguage\":\"en-US\",\"@id\":\"https:\/\/www.padreeustaquio.com.br\/quase-200-jovens-se-inscrevem-para-participar-do-10o-ejc-padre-eustaquio\/#primaryimage\",\"url\":\"https:\/\/www.padreeustaquio.com.br\/wp-content\/uploads\/2023\/09\/inscricoes-EJC-2023.jpeg\",\"contentUrl\":\"https:\/\/www.padreeustaquio.com.br\/wp-content\/uploads\/2023\/09\/inscricoes-EJC-2023.jpeg\",\"width\":1600,\"height\":1200},{\"@type\":\"BreadcrumbList\",\"@id\":\"https:\/\/www.padreeustaquio.com.br\/quase-200-jovens-se-inscrevem-para-participar-do-10o-ejc-padre-eustaquio\/#breadcrumb\",\"itemListElement\":[{\"@type\":\"ListItem\",\"position\":1,\"name\":\"In\u00edcio\",\"item\":\"https:\/\/www.padreeustaquio.com.br\/\"},{\"@type\":\"ListItem\",\"position\":2,\"name\":\"Quase 200 jovens se inscrevem para participar do 10\u00ba EJC Padre Eust\u00e1quio\"}]},{\"@type\":\"WebSite\",\"@id\":\"https:\/\/www.padreeustaquio.com.br\/#website\",\"url\":\"https:\/\/www.padreeustaquio.com.br\/\",\"name\":\"Padre Eust\u00e1quio\",\"description\":\"Sa\u00fade e Paz\",\"publisher\":{\"@id\":\"https:\/\/www.padreeustaquio.com.br\/#organization\"},\"potentialAction\":[{\"@type\":\"SearchAction\",\"target\":{\"@type\":\"EntryPoint\",\"urlTemplate\":\"https:\/\/www.padreeustaquio.com.br\/?s={search_term_string}\"},\"query-input\":{\"@type\":\"PropertyValueSpecification\",\"valueRequired\":true,\"valueName\":\"search_term_string\"}}],\"inLanguage\":\"en-US\"},{\"@type\":\"Organization\",\"@id\":\"https:\/\/www.padreeustaquio.com.br\/#organization\",\"name\":\"Padre Eust\u00e1quio\",\"url\":\"https:\/\/www.padreeustaquio.com.br\/\",\"logo\":{\"@type\":\"ImageObject\",\"inLanguage\":\"en-US\",\"@id\":\"https:\/\/www.padreeustaquio.com.br\/#\/schema\/logo\/image\/\",\"url\":\"https:\/\/www.padreeustaquio.com.br\/wp-content\/uploads\/2019\/08\/marca.png\",\"contentUrl\":\"https:\/\/www.padreeustaquio.com.br\/wp-content\/uploads\/2019\/08\/marca.png\",\"width\":350,\"height\":400,\"caption\":\"Padre Eust\u00e1quio\"},\"image\":{\"@id\":\"https:\/\/www.padreeustaquio.com.br\/#\/schema\/logo\/image\/\"},\"sameAs\":[\"https:\/\/www.facebook.com\/beatopadreeustaquio\/\",\"https:\/\/x.com\/beatopeustaquio\",\"https:\/\/www.instagram.com\/beatopadreeustaquio\/\",\"https:\/\/www.youtube.com\/channel\/UCRhw7vfabnajwLxb1ZXMeIw\"]},{\"@type\":\"Person\",\"@id\":\"https:\/\/www.padreeustaquio.com.br\/#\/schema\/person\/a2a51db1d00f1a7af0204a0f1ddb1566\",\"name\":\"@sscc\",\"image\":{\"@type\":\"ImageObject\",\"inLanguage\":\"en-US\",\"@id\":\"https:\/\/secure.gravatar.com\/avatar\/68cfafa5f44617fea54071e215026e0ff06be366c3d54a8425f04fdcb86f8c5f?s=96&d=mm&r=g\",\"url\":\"https:\/\/secure.gravatar.com\/avatar\/68cfafa5f44617fea54071e215026e0ff06be366c3d54a8425f04fdcb86f8c5f?s=96&d=mm&r=g\",\"contentUrl\":\"https:\/\/secure.gravatar.com\/avatar\/68cfafa5f44617fea54071e215026e0ff06be366c3d54a8425f04fdcb86f8c5f?s=96&d=mm&r=g\",\"caption\":\"@sscc\"},\"url\":\"https:\/\/www.padreeustaquio.com.br\/en\/author\/sscc\/\"}]}<\/script>\n<!-- \/ Yoast SEO plugin. -->","yoast_head_json":{"title":"Nearly 200 young people register to participate in the 10th EJC Padre Eust\u00e1quio.","description":"On the morning of Sunday, September 24th, a long line formed at the entrance of the Archdiocesan Sanctuary of Health and Peace in Belo Horizonte. Around 180 young people were waiting their turn to register for the Youth Encounter with Christ, which takes place in November at the Church of Blessed Father Eust\u00e1quio.","robots":{"index":"index","follow":"follow","max-snippet":"max-snippet:-1","max-image-preview":"max-image-preview:large","max-video-preview":"max-video-preview:-1"},"canonical":"https:\/\/www.padreeustaquio.com.br\/en\/nearly-200-young-people-register-to-participate-in-the-10th-ejc-padre-eustaquio\/","og_locale":"en_US","og_type":"article","og_title":"Quase 200 jovens se inscrevem para participar do 10\u00ba EJC Padre Eust\u00e1quio","og_description":"Na manh\u00e3 desse domingo, 24 de setembro, uma grande fila se formou na entrada do Santu\u00e1rio Arquidiocesano da Sa\u00fade e da Paz, em Belo Horizonte. Cerca de 180 jovens aguardavam a vez para se inscrever no Encontro de Jovens com Cristo, que ocorre no m\u00eas de novembro, na Igreja do Beato Padre Eust\u00e1quio.","og_url":"https:\/\/www.padreeustaquio.com.br\/en\/nearly-200-young-people-register-to-participate-in-the-10th-ejc-padre-eustaquio\/","og_site_name":"Padre Eust\u00e1quio","article_publisher":"https:\/\/www.facebook.com\/beatopadreeustaquio\/","article_published_time":"2023-09-25T09:44:21+00:00","article_modified_time":"2023-09-25T11:54:27+00:00","og_image":[{"width":1600,"height":1200,"url":"https:\/\/www.padreeustaquio.com.br\/wp-content\/uploads\/2023\/09\/inscricoes-EJC-2023.jpeg","type":"image\/jpeg"}],"author":"@sscc","twitter_card":"summary_large_image","twitter_creator":"@beatopeustaquio","twitter_site":"@beatopeustaquio","twitter_misc":{"Written by":"@sscc","Est. reading time":"2 minutes"},"schema":{"@context":"https:\/\/schema.org","@graph":[{"@type":"Article","@id":"https:\/\/www.padreeustaquio.com.br\/quase-200-jovens-se-inscrevem-para-participar-do-10o-ejc-padre-eustaquio\/#article","isPartOf":{"@id":"https:\/\/www.padreeustaquio.com.br\/quase-200-jovens-se-inscrevem-para-participar-do-10o-ejc-padre-eustaquio\/"},"author":{"name":"@sscc","@id":"https:\/\/www.padreeustaquio.com.br\/#\/schema\/person\/a2a51db1d00f1a7af0204a0f1ddb1566"},"headline":"Quase 200 jovens se inscrevem para participar do 10\u00ba EJC Padre Eust\u00e1quio","datePublished":"2023-09-25T09:44:21+00:00","dateModified":"2023-09-25T11:54:27+00:00","mainEntityOfPage":{"@id":"https:\/\/www.padreeustaquio.com.br\/quase-200-jovens-se-inscrevem-para-participar-do-10o-ejc-padre-eustaquio\/"},"wordCount":242,"commentCount":0,"publisher":{"@id":"https:\/\/www.padreeustaquio.com.br\/#organization"},"image":{"@id":"https:\/\/www.padreeustaquio.com.br\/quase-200-jovens-se-inscrevem-para-participar-do-10o-ejc-padre-eustaquio\/#primaryimage"},"thumbnailUrl":"https:\/\/www.padreeustaquio.com.br\/wp-content\/uploads\/2023\/09\/inscricoes-EJC-2023.jpeg","articleSection":["Not\u00edcias"],"inLanguage":"en-US","potentialAction":[{"@type":"CommentAction","name":"Comment","target":["https:\/\/www.padreeustaquio.com.br\/quase-200-jovens-se-inscrevem-para-participar-do-10o-ejc-padre-eustaquio\/#respond"]}]},{"@type":"WebPage","@id":"https:\/\/www.padreeustaquio.com.br\/quase-200-jovens-se-inscrevem-para-participar-do-10o-ejc-padre-eustaquio\/","url":"https:\/\/www.padreeustaquio.com.br\/quase-200-jovens-se-inscrevem-para-participar-do-10o-ejc-padre-eustaquio\/","name":"Nearly 200 young people register to participate in the 10th EJC Padre Eust\u00e1quio.","isPartOf":{"@id":"https:\/\/www.padreeustaquio.com.br\/#website"},"primaryImageOfPage":{"@id":"https:\/\/www.padreeustaquio.com.br\/quase-200-jovens-se-inscrevem-para-participar-do-10o-ejc-padre-eustaquio\/#primaryimage"},"image":{"@id":"https:\/\/www.padreeustaquio.com.br\/quase-200-jovens-se-inscrevem-para-participar-do-10o-ejc-padre-eustaquio\/#primaryimage"},"thumbnailUrl":"https:\/\/www.padreeustaquio.com.br\/wp-content\/uploads\/2023\/09\/inscricoes-EJC-2023.jpeg","datePublished":"2023-09-25T09:44:21+00:00","dateModified":"2023-09-25T11:54:27+00:00","description":"On the morning of Sunday, September 24th, a long line formed at the entrance of the Archdiocesan Sanctuary of Health and Peace in Belo Horizonte. Around 180 young people were waiting their turn to register for the Youth Encounter with Christ, which takes place in November at the Church of Blessed Father Eust\u00e1quio.","breadcrumb":{"@id":"https:\/\/www.padreeustaquio.com.br\/quase-200-jovens-se-inscrevem-para-participar-do-10o-ejc-padre-eustaquio\/#breadcrumb"},"inLanguage":"en-US","potentialAction":[{"@type":"ReadAction","target":["https:\/\/www.padreeustaquio.com.br\/quase-200-jovens-se-inscrevem-para-participar-do-10o-ejc-padre-eustaquio\/"]}]},{"@type":"ImageObject","inLanguage":"en-US","@id":"https:\/\/www.padreeustaquio.com.br\/quase-200-jovens-se-inscrevem-para-participar-do-10o-ejc-padre-eustaquio\/#primaryimage","url":"https:\/\/www.padreeustaquio.com.br\/wp-content\/uploads\/2023\/09\/inscricoes-EJC-2023.jpeg","contentUrl":"https:\/\/www.padreeustaquio.com.br\/wp-content\/uploads\/2023\/09\/inscricoes-EJC-2023.jpeg","width":1600,"height":1200},{"@type":"BreadcrumbList","@id":"https:\/\/www.padreeustaquio.com.br\/quase-200-jovens-se-inscrevem-para-participar-do-10o-ejc-padre-eustaquio\/#breadcrumb","itemListElement":[{"@type":"ListItem","position":1,"name":"In\u00edcio","item":"https:\/\/www.padreeustaquio.com.br\/"},{"@type":"ListItem","position":2,"name":"Quase 200 jovens se inscrevem para participar do 10\u00ba EJC Padre Eust\u00e1quio"}]},{"@type":"WebSite","@id":"https:\/\/www.padreeustaquio.com.br\/#website","url":"https:\/\/www.padreeustaquio.com.br\/","name":"FATHER EUST\u00c1QUIO","description":"Health and Peace","publisher":{"@id":"https:\/\/www.padreeustaquio.com.br\/#organization"},"potentialAction":[{"@type":"SearchAction","target":{"@type":"EntryPoint","urlTemplate":"https:\/\/www.padreeustaquio.com.br\/?s={search_term_string}"},"query-input":{"@type":"PropertyValueSpecification","valueRequired":true,"valueName":"search_term_string"}}],"inLanguage":"en-US"},{"@type":"Organization","@id":"https:\/\/www.padreeustaquio.com.br\/#organization","name":"FATHER EUST\u00c1QUIO","url":"https:\/\/www.padreeustaquio.com.br\/","logo":{"@type":"ImageObject","inLanguage":"en-US","@id":"https:\/\/www.padreeustaquio.com.br\/#\/schema\/logo\/image\/","url":"https:\/\/www.padreeustaquio.com.br\/wp-content\/uploads\/2019\/08\/marca.png","contentUrl":"https:\/\/www.padreeustaquio.com.br\/wp-content\/uploads\/2019\/08\/marca.png","width":350,"height":400,"caption":"Padre Eust\u00e1quio"},"image":{"@id":"https:\/\/www.padreeustaquio.com.br\/#\/schema\/logo\/image\/"},"sameAs":["https:\/\/www.facebook.com\/beatopadreeustaquio\/","https:\/\/x.com\/beatopeustaquio","https:\/\/www.instagram.com\/beatopadreeustaquio\/","https:\/\/www.youtube.com\/channel\/UCRhw7vfabnajwLxb1ZXMeIw"]},{"@type":"Person","@id":"https:\/\/www.padreeustaquio.com.br\/#\/schema\/person\/a2a51db1d00f1a7af0204a0f1ddb1566","name":"@sscc","image":{"@type":"ImageObject","inLanguage":"en-US","@id":"https:\/\/secure.gravatar.com\/avatar\/68cfafa5f44617fea54071e215026e0ff06be366c3d54a8425f04fdcb86f8c5f?s=96&d=mm&r=g","url":"https:\/\/secure.gravatar.com\/avatar\/68cfafa5f44617fea54071e215026e0ff06be366c3d54a8425f04fdcb86f8c5f?s=96&d=mm&r=g","contentUrl":"https:\/\/secure.gravatar.com\/avatar\/68cfafa5f44617fea54071e215026e0ff06be366c3d54a8425f04fdcb86f8c5f?s=96&d=mm&r=g","caption":"@sscc"},"url":"https:\/\/www.padreeustaquio.com.br\/en\/author\/sscc\/"}]}},"_links":{"self":[{"href":"https:\/\/www.padreeustaquio.com.br\/en\/wp-json\/wp\/v2\/posts\/10901","targetHints":{"allow":["GET"]}}],"collection":[{"href":"https:\/\/www.padreeustaquio.com.br\/en\/wp-json\/wp\/v2\/posts"}],"about":[{"href":"https:\/\/www.padreeustaquio.com.br\/en\/wp-json\/wp\/v2\/types\/post"}],"author":[{"embeddable":true,"href":"https:\/\/www.padreeustaquio.com.br\/en\/wp-json\/wp\/v2\/users\/2"}],"replies":[{"embeddable":true,"href":"https:\/\/www.padreeustaquio.com.br\/en\/wp-json\/wp\/v2\/comments?post=10901"}],"version-history":[{"count":0,"href":"https:\/\/www.padreeustaquio.com.br\/en\/wp-json\/wp\/v2\/posts\/10901\/revisions"}],"wp:featuredmedia":[{"embeddable":true,"href":"https:\/\/www.padreeustaquio.com.br\/en\/wp-json\/wp\/v2\/media\/10902"}],"wp:attachment":[{"href":"https:\/\/www.padreeustaquio.com.br\/en\/wp-json\/wp\/v2\/media?parent=10901"}],"wp:term":[{"taxonomy":"category","embeddable":true,"href":"https:\/\/www.padreeustaquio.com.br\/en\/wp-json\/wp\/v2\/categories?post=10901"},{"taxonomy":"post_tag","embeddable":true,"href":"https:\/\/www.padreeustaquio.com.br\/en\/wp-json\/wp\/v2\/tags?post=10901"}],"curies":[{"name":"wp","href":"https:\/\/api.w.org\/{rel}","templated":true}]}}