{"id":10890,"date":"2023-09-22T16:02:56","date_gmt":"2023-09-22T19:02:56","guid":{"rendered":"https:\/\/www.padreeustaquio.com.br\/?p=10890"},"modified":"2023-09-22T16:08:54","modified_gmt":"2023-09-22T19:08:54","slug":"ejc-padre-eustaquio-will-open-registrations-on-sunday-24th","status":"publish","type":"post","link":"https:\/\/www.padreeustaquio.com.br\/en\/ejc-padre-eustaquio-will-open-registrations-on-sunday-24th\/","title":{"rendered":"EJC Padre Eust\u00e1quio will open registrations on Sunday, the 24th."},"content":{"rendered":"<p>The 10th Encounter of Young People with Christ (EJC) Padre Eust\u00e1quio will take place in November. This is a highly anticipated event for all young people who wish to strengthen their faith and connect with Christ. The theme of this year&#039;s encounter is &quot;He is the one who calls you by name.&quot;.<\/p>\n<p>Registration will take place on September 24th, from 8:00 AM to 12:00 PM, at the Padre Eust\u00e1quio Church Community Center.<\/p>\n<p>Come and be a part of this gathering that promises to be a unique experience in your life. The three days of activities, reflection, and fellowship with other young people will enrich your spirituality and provide unforgettable moments.<\/p>\n<p><strong>So put it on your calendar:<\/strong><\/p>\n<p>REGISTRATION:<br \/>\nRegistration Dates:<strong> 24\/09<\/strong><br \/>\nRegistration Hours: <strong>From 8am to 12pm<\/strong><br \/>\nLocation: <strong>Community Center of the Sanctuary of Health and Peace<\/strong><\/p>\n<p><strong>MEETING<\/strong><br \/>\nDates: November 17, 18 and 19.<br \/>\nContribution Amount: R$15.00.<\/p>","protected":false},"excerpt":{"rendered":"<p>Ser\u00e1 realizado em novembro o 10\u00b0 Encontro de Jovens com Cristo (EJC) Padre Eust\u00e1quio. Um momento muito esperado para todos os jovens que desejam fortalecer sua f\u00e9 e se conectar com Cristo. O tema do encontro esse ano \u00e9 &#8220;\u00c9 Ele quem te chama pelo nome\u201d. As inscri\u00e7\u00f5es ser\u00e3o realizadas no dia 24 de setembro, de 8h \u00e0s 12h, no Centro Comunit\u00e1rio da Igreja Padre Eust\u00e1quio. Venha fazer parte deste encontro que promete ser uma experi\u00eancia \u00fanica em sua vida. Os tr\u00eas dias de atividades, reflex\u00e3o e comunh\u00e3o com outros jovens v\u00e3o enriquecer sua espiritualidade e proporcionar momentos inesquec\u00edveis. Ent\u00e3o [&hellip;]<\/p>\n","protected":false},"author":2,"featured_media":10891,"comment_status":"open","ping_status":"closed","sticky":false,"template":"","format":"standard","meta":{"_acf_changed":false,"footnotes":""},"categories":[611],"tags":[],"class_list":["post-10890","post","type-post","status-publish","format-standard","has-post-thumbnail","hentry","category-noticias"],"acf":[],"yoast_head":"<!-- This site is optimized with the Yoast SEO plugin v27.2 - https:\/\/yoast.com\/product\/yoast-seo-wordpress\/ -->\n<title>EJC Padre Eust\u00e1quio abrir\u00e1 inscri\u00e7\u00f5es no domingo, 24<\/title>\n<meta name=\"description\" content=\"Ser\u00e1 realizado em novembro o 10\u00b0 Encontro de Jovens com Cristo (EJC) Padre Eust\u00e1quio. Um momento muito esperado para todos os jovens que desejam fortalecer sua f\u00e9 e se conectar com Cristo. O tema do encontro esse ano \u00e9 &quot;\u00c9 Ele quem te chama pelo nome\u201d.\" \/>\n<meta name=\"robots\" content=\"index, follow, max-snippet:-1, max-image-preview:large, max-video-preview:-1\" \/>\n<link rel=\"canonical\" href=\"https:\/\/www.padreeustaquio.com.br\/en\/ejc-padre-eustaquio-will-open-registrations-on-sunday-24th\/\" \/>\n<meta property=\"og:locale\" content=\"en_US\" \/>\n<meta property=\"og:type\" content=\"article\" \/>\n<meta property=\"og:title\" content=\"EJC Padre Eust\u00e1quio abrir\u00e1 inscri\u00e7\u00f5es no domingo, 24\" \/>\n<meta property=\"og:description\" content=\"Ser\u00e1 realizado em novembro o 10\u00b0 Encontro de Jovens com Cristo (EJC) Padre Eust\u00e1quio. Um momento muito esperado para todos os jovens que desejam fortalecer sua f\u00e9 e se conectar com Cristo. O tema do encontro esse ano \u00e9 &quot;\u00c9 Ele quem te chama pelo nome\u201d.\" \/>\n<meta property=\"og:url\" content=\"https:\/\/www.padreeustaquio.com.br\/en\/ejc-padre-eustaquio-will-open-registrations-on-sunday-24th\/\" \/>\n<meta property=\"og:site_name\" content=\"Padre Eust\u00e1quio\" \/>\n<meta property=\"article:publisher\" content=\"https:\/\/www.facebook.com\/beatopadreeustaquio\/\" \/>\n<meta property=\"article:published_time\" content=\"2023-09-22T19:02:56+00:00\" \/>\n<meta property=\"article:modified_time\" content=\"2023-09-22T19:08:54+00:00\" \/>\n<meta property=\"og:image\" content=\"https:\/\/www.padreeustaquio.com.br\/wp-content\/uploads\/2023\/09\/ejc-pe-2023.jpeg\" \/>\n\t<meta property=\"og:image:width\" content=\"1600\" \/>\n\t<meta property=\"og:image:height\" content=\"900\" \/>\n\t<meta property=\"og:image:type\" content=\"image\/jpeg\" \/>\n<meta name=\"author\" content=\"@sscc\" \/>\n<meta name=\"twitter:card\" content=\"summary_large_image\" \/>\n<meta name=\"twitter:creator\" content=\"@beatopeustaquio\" \/>\n<meta name=\"twitter:site\" content=\"@beatopeustaquio\" \/>\n<meta name=\"twitter:label1\" content=\"Written by\" \/>\n\t<meta name=\"twitter:data1\" content=\"@sscc\" \/>\n\t<meta name=\"twitter:label2\" content=\"Est. reading time\" \/>\n\t<meta name=\"twitter:data2\" content=\"1 minute\" \/>\n<script type=\"application\/ld+json\" class=\"yoast-schema-graph\">{\"@context\":\"https:\/\/schema.org\",\"@graph\":[{\"@type\":\"Article\",\"@id\":\"https:\/\/www.padreeustaquio.com.br\/ejc-padre-eustaquio-abrira-inscricoes-no-domingo-24\/#article\",\"isPartOf\":{\"@id\":\"https:\/\/www.padreeustaquio.com.br\/ejc-padre-eustaquio-abrira-inscricoes-no-domingo-24\/\"},\"author\":{\"name\":\"@sscc\",\"@id\":\"https:\/\/www.padreeustaquio.com.br\/#\/schema\/person\/a2a51db1d00f1a7af0204a0f1ddb1566\"},\"headline\":\"EJC Padre Eust\u00e1quio abrir\u00e1 inscri\u00e7\u00f5es no domingo, 24\",\"datePublished\":\"2023-09-22T19:02:56+00:00\",\"dateModified\":\"2023-09-22T19:08:54+00:00\",\"mainEntityOfPage\":{\"@id\":\"https:\/\/www.padreeustaquio.com.br\/ejc-padre-eustaquio-abrira-inscricoes-no-domingo-24\/\"},\"wordCount\":159,\"commentCount\":0,\"publisher\":{\"@id\":\"https:\/\/www.padreeustaquio.com.br\/#organization\"},\"image\":{\"@id\":\"https:\/\/www.padreeustaquio.com.br\/ejc-padre-eustaquio-abrira-inscricoes-no-domingo-24\/#primaryimage\"},\"thumbnailUrl\":\"https:\/\/www.padreeustaquio.com.br\/wp-content\/uploads\/2023\/09\/ejc-pe-2023.jpeg\",\"articleSection\":[\"Not\u00edcias\"],\"inLanguage\":\"en-US\",\"potentialAction\":[{\"@type\":\"CommentAction\",\"name\":\"Comment\",\"target\":[\"https:\/\/www.padreeustaquio.com.br\/ejc-padre-eustaquio-abrira-inscricoes-no-domingo-24\/#respond\"]}]},{\"@type\":\"WebPage\",\"@id\":\"https:\/\/www.padreeustaquio.com.br\/ejc-padre-eustaquio-abrira-inscricoes-no-domingo-24\/\",\"url\":\"https:\/\/www.padreeustaquio.com.br\/ejc-padre-eustaquio-abrira-inscricoes-no-domingo-24\/\",\"name\":\"EJC Padre Eust\u00e1quio abrir\u00e1 inscri\u00e7\u00f5es no domingo, 24\",\"isPartOf\":{\"@id\":\"https:\/\/www.padreeustaquio.com.br\/#website\"},\"primaryImageOfPage\":{\"@id\":\"https:\/\/www.padreeustaquio.com.br\/ejc-padre-eustaquio-abrira-inscricoes-no-domingo-24\/#primaryimage\"},\"image\":{\"@id\":\"https:\/\/www.padreeustaquio.com.br\/ejc-padre-eustaquio-abrira-inscricoes-no-domingo-24\/#primaryimage\"},\"thumbnailUrl\":\"https:\/\/www.padreeustaquio.com.br\/wp-content\/uploads\/2023\/09\/ejc-pe-2023.jpeg\",\"datePublished\":\"2023-09-22T19:02:56+00:00\",\"dateModified\":\"2023-09-22T19:08:54+00:00\",\"description\":\"Ser\u00e1 realizado em novembro o 10\u00b0 Encontro de Jovens com Cristo (EJC) Padre Eust\u00e1quio. Um momento muito esperado para todos os jovens que desejam fortalecer sua f\u00e9 e se conectar com Cristo. O tema do encontro esse ano \u00e9 \\\"\u00c9 Ele quem te chama pelo nome\u201d.\",\"breadcrumb\":{\"@id\":\"https:\/\/www.padreeustaquio.com.br\/ejc-padre-eustaquio-abrira-inscricoes-no-domingo-24\/#breadcrumb\"},\"inLanguage\":\"en-US\",\"potentialAction\":[{\"@type\":\"ReadAction\",\"target\":[\"https:\/\/www.padreeustaquio.com.br\/ejc-padre-eustaquio-abrira-inscricoes-no-domingo-24\/\"]}]},{\"@type\":\"ImageObject\",\"inLanguage\":\"en-US\",\"@id\":\"https:\/\/www.padreeustaquio.com.br\/ejc-padre-eustaquio-abrira-inscricoes-no-domingo-24\/#primaryimage\",\"url\":\"https:\/\/www.padreeustaquio.com.br\/wp-content\/uploads\/2023\/09\/ejc-pe-2023.jpeg\",\"contentUrl\":\"https:\/\/www.padreeustaquio.com.br\/wp-content\/uploads\/2023\/09\/ejc-pe-2023.jpeg\",\"width\":1600,\"height\":900},{\"@type\":\"BreadcrumbList\",\"@id\":\"https:\/\/www.padreeustaquio.com.br\/ejc-padre-eustaquio-abrira-inscricoes-no-domingo-24\/#breadcrumb\",\"itemListElement\":[{\"@type\":\"ListItem\",\"position\":1,\"name\":\"In\u00edcio\",\"item\":\"https:\/\/www.padreeustaquio.com.br\/\"},{\"@type\":\"ListItem\",\"position\":2,\"name\":\"EJC Padre Eust\u00e1quio abrir\u00e1 inscri\u00e7\u00f5es no domingo, 24\"}]},{\"@type\":\"WebSite\",\"@id\":\"https:\/\/www.padreeustaquio.com.br\/#website\",\"url\":\"https:\/\/www.padreeustaquio.com.br\/\",\"name\":\"Padre Eust\u00e1quio\",\"description\":\"Sa\u00fade e Paz\",\"publisher\":{\"@id\":\"https:\/\/www.padreeustaquio.com.br\/#organization\"},\"potentialAction\":[{\"@type\":\"SearchAction\",\"target\":{\"@type\":\"EntryPoint\",\"urlTemplate\":\"https:\/\/www.padreeustaquio.com.br\/?s={search_term_string}\"},\"query-input\":{\"@type\":\"PropertyValueSpecification\",\"valueRequired\":true,\"valueName\":\"search_term_string\"}}],\"inLanguage\":\"en-US\"},{\"@type\":\"Organization\",\"@id\":\"https:\/\/www.padreeustaquio.com.br\/#organization\",\"name\":\"Padre Eust\u00e1quio\",\"url\":\"https:\/\/www.padreeustaquio.com.br\/\",\"logo\":{\"@type\":\"ImageObject\",\"inLanguage\":\"en-US\",\"@id\":\"https:\/\/www.padreeustaquio.com.br\/#\/schema\/logo\/image\/\",\"url\":\"https:\/\/www.padreeustaquio.com.br\/wp-content\/uploads\/2019\/08\/marca.png\",\"contentUrl\":\"https:\/\/www.padreeustaquio.com.br\/wp-content\/uploads\/2019\/08\/marca.png\",\"width\":350,\"height\":400,\"caption\":\"Padre Eust\u00e1quio\"},\"image\":{\"@id\":\"https:\/\/www.padreeustaquio.com.br\/#\/schema\/logo\/image\/\"},\"sameAs\":[\"https:\/\/www.facebook.com\/beatopadreeustaquio\/\",\"https:\/\/x.com\/beatopeustaquio\",\"https:\/\/www.instagram.com\/beatopadreeustaquio\/\",\"https:\/\/www.youtube.com\/channel\/UCRhw7vfabnajwLxb1ZXMeIw\"]},{\"@type\":\"Person\",\"@id\":\"https:\/\/www.padreeustaquio.com.br\/#\/schema\/person\/a2a51db1d00f1a7af0204a0f1ddb1566\",\"name\":\"@sscc\",\"image\":{\"@type\":\"ImageObject\",\"inLanguage\":\"en-US\",\"@id\":\"https:\/\/secure.gravatar.com\/avatar\/68cfafa5f44617fea54071e215026e0ff06be366c3d54a8425f04fdcb86f8c5f?s=96&d=mm&r=g\",\"url\":\"https:\/\/secure.gravatar.com\/avatar\/68cfafa5f44617fea54071e215026e0ff06be366c3d54a8425f04fdcb86f8c5f?s=96&d=mm&r=g\",\"contentUrl\":\"https:\/\/secure.gravatar.com\/avatar\/68cfafa5f44617fea54071e215026e0ff06be366c3d54a8425f04fdcb86f8c5f?s=96&d=mm&r=g\",\"caption\":\"@sscc\"},\"url\":\"https:\/\/www.padreeustaquio.com.br\/en\/author\/sscc\/\"}]}<\/script>\n<!-- \/ Yoast SEO plugin. -->","yoast_head_json":{"title":"EJC Padre Eust\u00e1quio will open registrations on Sunday, the 24th.","description":"The 10th Encounter of Young People with Christ (EJC) Padre Eust\u00e1quio will take place in November. This is a highly anticipated event for all young people who wish to strengthen their faith and connect with Christ. The theme of this year&#039;s encounter is &quot;He is the one who calls you by name.&quot;.","robots":{"index":"index","follow":"follow","max-snippet":"max-snippet:-1","max-image-preview":"max-image-preview:large","max-video-preview":"max-video-preview:-1"},"canonical":"https:\/\/www.padreeustaquio.com.br\/en\/ejc-padre-eustaquio-will-open-registrations-on-sunday-24th\/","og_locale":"en_US","og_type":"article","og_title":"EJC Padre Eust\u00e1quio abrir\u00e1 inscri\u00e7\u00f5es no domingo, 24","og_description":"Ser\u00e1 realizado em novembro o 10\u00b0 Encontro de Jovens com Cristo (EJC) Padre Eust\u00e1quio. Um momento muito esperado para todos os jovens que desejam fortalecer sua f\u00e9 e se conectar com Cristo. O tema do encontro esse ano \u00e9 \"\u00c9 Ele quem te chama pelo nome\u201d.","og_url":"https:\/\/www.padreeustaquio.com.br\/en\/ejc-padre-eustaquio-will-open-registrations-on-sunday-24th\/","og_site_name":"Padre Eust\u00e1quio","article_publisher":"https:\/\/www.facebook.com\/beatopadreeustaquio\/","article_published_time":"2023-09-22T19:02:56+00:00","article_modified_time":"2023-09-22T19:08:54+00:00","og_image":[{"width":1600,"height":900,"url":"https:\/\/www.padreeustaquio.com.br\/wp-content\/uploads\/2023\/09\/ejc-pe-2023.jpeg","type":"image\/jpeg"}],"author":"@sscc","twitter_card":"summary_large_image","twitter_creator":"@beatopeustaquio","twitter_site":"@beatopeustaquio","twitter_misc":{"Written by":"@sscc","Est. reading time":"1 minute"},"schema":{"@context":"https:\/\/schema.org","@graph":[{"@type":"Article","@id":"https:\/\/www.padreeustaquio.com.br\/ejc-padre-eustaquio-abrira-inscricoes-no-domingo-24\/#article","isPartOf":{"@id":"https:\/\/www.padreeustaquio.com.br\/ejc-padre-eustaquio-abrira-inscricoes-no-domingo-24\/"},"author":{"name":"@sscc","@id":"https:\/\/www.padreeustaquio.com.br\/#\/schema\/person\/a2a51db1d00f1a7af0204a0f1ddb1566"},"headline":"EJC Padre Eust\u00e1quio abrir\u00e1 inscri\u00e7\u00f5es no domingo, 24","datePublished":"2023-09-22T19:02:56+00:00","dateModified":"2023-09-22T19:08:54+00:00","mainEntityOfPage":{"@id":"https:\/\/www.padreeustaquio.com.br\/ejc-padre-eustaquio-abrira-inscricoes-no-domingo-24\/"},"wordCount":159,"commentCount":0,"publisher":{"@id":"https:\/\/www.padreeustaquio.com.br\/#organization"},"image":{"@id":"https:\/\/www.padreeustaquio.com.br\/ejc-padre-eustaquio-abrira-inscricoes-no-domingo-24\/#primaryimage"},"thumbnailUrl":"https:\/\/www.padreeustaquio.com.br\/wp-content\/uploads\/2023\/09\/ejc-pe-2023.jpeg","articleSection":["Not\u00edcias"],"inLanguage":"en-US","potentialAction":[{"@type":"CommentAction","name":"Comment","target":["https:\/\/www.padreeustaquio.com.br\/ejc-padre-eustaquio-abrira-inscricoes-no-domingo-24\/#respond"]}]},{"@type":"WebPage","@id":"https:\/\/www.padreeustaquio.com.br\/ejc-padre-eustaquio-abrira-inscricoes-no-domingo-24\/","url":"https:\/\/www.padreeustaquio.com.br\/ejc-padre-eustaquio-abrira-inscricoes-no-domingo-24\/","name":"EJC Padre Eust\u00e1quio will open registrations on Sunday, the 24th.","isPartOf":{"@id":"https:\/\/www.padreeustaquio.com.br\/#website"},"primaryImageOfPage":{"@id":"https:\/\/www.padreeustaquio.com.br\/ejc-padre-eustaquio-abrira-inscricoes-no-domingo-24\/#primaryimage"},"image":{"@id":"https:\/\/www.padreeustaquio.com.br\/ejc-padre-eustaquio-abrira-inscricoes-no-domingo-24\/#primaryimage"},"thumbnailUrl":"https:\/\/www.padreeustaquio.com.br\/wp-content\/uploads\/2023\/09\/ejc-pe-2023.jpeg","datePublished":"2023-09-22T19:02:56+00:00","dateModified":"2023-09-22T19:08:54+00:00","description":"The 10th Encounter of Young People with Christ (EJC) Padre Eust\u00e1quio will take place in November. This is a highly anticipated event for all young people who wish to strengthen their faith and connect with Christ. The theme of this year&#039;s encounter is &quot;He is the one who calls you by name.&quot;.","breadcrumb":{"@id":"https:\/\/www.padreeustaquio.com.br\/ejc-padre-eustaquio-abrira-inscricoes-no-domingo-24\/#breadcrumb"},"inLanguage":"en-US","potentialAction":[{"@type":"ReadAction","target":["https:\/\/www.padreeustaquio.com.br\/ejc-padre-eustaquio-abrira-inscricoes-no-domingo-24\/"]}]},{"@type":"ImageObject","inLanguage":"en-US","@id":"https:\/\/www.padreeustaquio.com.br\/ejc-padre-eustaquio-abrira-inscricoes-no-domingo-24\/#primaryimage","url":"https:\/\/www.padreeustaquio.com.br\/wp-content\/uploads\/2023\/09\/ejc-pe-2023.jpeg","contentUrl":"https:\/\/www.padreeustaquio.com.br\/wp-content\/uploads\/2023\/09\/ejc-pe-2023.jpeg","width":1600,"height":900},{"@type":"BreadcrumbList","@id":"https:\/\/www.padreeustaquio.com.br\/ejc-padre-eustaquio-abrira-inscricoes-no-domingo-24\/#breadcrumb","itemListElement":[{"@type":"ListItem","position":1,"name":"In\u00edcio","item":"https:\/\/www.padreeustaquio.com.br\/"},{"@type":"ListItem","position":2,"name":"EJC Padre Eust\u00e1quio abrir\u00e1 inscri\u00e7\u00f5es no domingo, 24"}]},{"@type":"WebSite","@id":"https:\/\/www.padreeustaquio.com.br\/#website","url":"https:\/\/www.padreeustaquio.com.br\/","name":"FATHER EUST\u00c1QUIO","description":"Health and Peace","publisher":{"@id":"https:\/\/www.padreeustaquio.com.br\/#organization"},"potentialAction":[{"@type":"SearchAction","target":{"@type":"EntryPoint","urlTemplate":"https:\/\/www.padreeustaquio.com.br\/?s={search_term_string}"},"query-input":{"@type":"PropertyValueSpecification","valueRequired":true,"valueName":"search_term_string"}}],"inLanguage":"en-US"},{"@type":"Organization","@id":"https:\/\/www.padreeustaquio.com.br\/#organization","name":"FATHER EUST\u00c1QUIO","url":"https:\/\/www.padreeustaquio.com.br\/","logo":{"@type":"ImageObject","inLanguage":"en-US","@id":"https:\/\/www.padreeustaquio.com.br\/#\/schema\/logo\/image\/","url":"https:\/\/www.padreeustaquio.com.br\/wp-content\/uploads\/2019\/08\/marca.png","contentUrl":"https:\/\/www.padreeustaquio.com.br\/wp-content\/uploads\/2019\/08\/marca.png","width":350,"height":400,"caption":"Padre Eust\u00e1quio"},"image":{"@id":"https:\/\/www.padreeustaquio.com.br\/#\/schema\/logo\/image\/"},"sameAs":["https:\/\/www.facebook.com\/beatopadreeustaquio\/","https:\/\/x.com\/beatopeustaquio","https:\/\/www.instagram.com\/beatopadreeustaquio\/","https:\/\/www.youtube.com\/channel\/UCRhw7vfabnajwLxb1ZXMeIw"]},{"@type":"Person","@id":"https:\/\/www.padreeustaquio.com.br\/#\/schema\/person\/a2a51db1d00f1a7af0204a0f1ddb1566","name":"@sscc","image":{"@type":"ImageObject","inLanguage":"en-US","@id":"https:\/\/secure.gravatar.com\/avatar\/68cfafa5f44617fea54071e215026e0ff06be366c3d54a8425f04fdcb86f8c5f?s=96&d=mm&r=g","url":"https:\/\/secure.gravatar.com\/avatar\/68cfafa5f44617fea54071e215026e0ff06be366c3d54a8425f04fdcb86f8c5f?s=96&d=mm&r=g","contentUrl":"https:\/\/secure.gravatar.com\/avatar\/68cfafa5f44617fea54071e215026e0ff06be366c3d54a8425f04fdcb86f8c5f?s=96&d=mm&r=g","caption":"@sscc"},"url":"https:\/\/www.padreeustaquio.com.br\/en\/author\/sscc\/"}]}},"_links":{"self":[{"href":"https:\/\/www.padreeustaquio.com.br\/en\/wp-json\/wp\/v2\/posts\/10890","targetHints":{"allow":["GET"]}}],"collection":[{"href":"https:\/\/www.padreeustaquio.com.br\/en\/wp-json\/wp\/v2\/posts"}],"about":[{"href":"https:\/\/www.padreeustaquio.com.br\/en\/wp-json\/wp\/v2\/types\/post"}],"author":[{"embeddable":true,"href":"https:\/\/www.padreeustaquio.com.br\/en\/wp-json\/wp\/v2\/users\/2"}],"replies":[{"embeddable":true,"href":"https:\/\/www.padreeustaquio.com.br\/en\/wp-json\/wp\/v2\/comments?post=10890"}],"version-history":[{"count":0,"href":"https:\/\/www.padreeustaquio.com.br\/en\/wp-json\/wp\/v2\/posts\/10890\/revisions"}],"wp:featuredmedia":[{"embeddable":true,"href":"https:\/\/www.padreeustaquio.com.br\/en\/wp-json\/wp\/v2\/media\/10891"}],"wp:attachment":[{"href":"https:\/\/www.padreeustaquio.com.br\/en\/wp-json\/wp\/v2\/media?parent=10890"}],"wp:term":[{"taxonomy":"category","embeddable":true,"href":"https:\/\/www.padreeustaquio.com.br\/en\/wp-json\/wp\/v2\/categories?post=10890"},{"taxonomy":"post_tag","embeddable":true,"href":"https:\/\/www.padreeustaquio.com.br\/en\/wp-json\/wp\/v2\/tags?post=10890"}],"curies":[{"name":"wp","href":"https:\/\/api.w.org\/{rel}","templated":true}]}}