{"id":10877,"date":"2023-09-11T06:26:13","date_gmt":"2023-09-11T09:26:13","guid":{"rendered":"https:\/\/www.padreeustaquio.com.br\/?p=10877"},"modified":"2023-09-06T10:39:21","modified_gmt":"2023-09-06T13:39:21","slug":"brazilians-unite-to-help-school-honoring-father-eustaquio-in-africa","status":"publish","type":"post","link":"https:\/\/www.padreeustaquio.com.br\/en\/brazilians-unite-to-help-school-honoring-father-eustaquio-in-africa\/","title":{"rendered":"Brazilians unite to help school honoring Father Eust\u00e1quio in Africa."},"content":{"rendered":"<p>In Kinshasa, Democratic Republic of Congo, a school was built in honor of Blessed Father Eustace. <strong>\u201c&quot;College Pere Eust\u00e1quio&quot;\u201d<\/strong> It was inaugurated in September 2022, but the work is not yet fully completed.<\/p>\n<p>The site has financial support from the Congregation of the Sacred Hearts and the Italian Episcopal Conference and already hosts several classes.<\/p>\n<p><img fetchpriority=\"high\" decoding=\"async\" class=\"wp-image-10880 alignleft\" src=\"https:\/\/www.padreeustaquio.com.br\/wp-content\/uploads\/2023\/09\/escola-africana-pe-eustaquio-2-132x300.jpeg\" alt=\"\" width=\"158\" height=\"359\" srcset=\"https:\/\/www.padreeustaquio.com.br\/wp-content\/uploads\/2023\/09\/escola-africana-pe-eustaquio-2-132x300.jpeg 132w, https:\/\/www.padreeustaquio.com.br\/wp-content\/uploads\/2023\/09\/escola-africana-pe-eustaquio-2.jpeg 432w\" sizes=\"(max-width: 158px) 100vw, 158px\" \/>According to the Vatican news website, in early 2021, during a press conference held at the Interdiocesan Center in Kinshasa, the Secretary General of the Episcopal Conference of the Democratic Republic of Congo, Fr. Donatien Nshole, highlighted the difficulties related to free basic education in the country.<\/p>\n<p>With the aim of helping the children in that area, the Congregation, through the African Province under the coordination of <strong>provincial priest, Camille Sapu,<\/strong> ss.cc decided to build a school in order to improve the availability of places so that children have access to free primary education.<\/p>\n<p>The school is already operational, but construction is not yet complete. To continue building the school and help even more children in Kinshasa, Brazilians and devotees of Padre Eust\u00e1quio are running a campaign, in which you can also make your donation through [link\/method]. <strong>PIX: economato@sscc.org.br.<\/strong><\/p>\n<p><img decoding=\"async\" class=\"size-medium wp-image-10881 alignright\" src=\"https:\/\/www.padreeustaquio.com.br\/wp-content\/uploads\/2023\/09\/escola-africana-pe-eustaquio-4-300x179.jpeg\" alt=\"\" width=\"300\" height=\"179\" srcset=\"https:\/\/www.padreeustaquio.com.br\/wp-content\/uploads\/2023\/09\/escola-africana-pe-eustaquio-4-300x179.jpeg 300w, https:\/\/www.padreeustaquio.com.br\/wp-content\/uploads\/2023\/09\/escola-africana-pe-eustaquio-4.jpeg 670w\" sizes=\"(max-width: 300px) 100vw, 300px\" \/>Donations can also be made via bank deposit:<br \/>\n<strong>Branch: 2828 \/ Account: 0007154-4 Bradesco<\/strong><br \/>\n<strong>Congregation of the Sacred Hearts<\/strong><br \/>\n<strong>CNPJ: 017.216.227\/0001-71<\/strong><\/p>\n<p>We ask for God&#039;s blessings, through the intercession of Blessed Father Eustace, upon the children of Africa and the donors of this very important campaign.<\/p>\n\n\t\t<style type=\"text\/css\">\n\t\t\t#gallery-1 {\n\t\t\t\tmargin: auto;\n\t\t\t}\n\t\t\t#gallery-1 .gallery-item {\n\t\t\t\tfloat: left;\n\t\t\t\tmargin-top: 10px;\n\t\t\t\ttext-align: center;\n\t\t\t\twidth: 33%;\n\t\t\t}\n\t\t\t#gallery-1 img {\n\t\t\t\tborder: 2px solid #cfcfcf;\n\t\t\t}\n\t\t\t#gallery-1 .gallery-caption {\n\t\t\t\tmargin-left: 0;\n\t\t\t}\n\t\t\t\/* see gallery_shortcode() in wp-includes\/media.php *\/\n\t\t<\/style>\n\t\t<div id='gallery-1' class='gallery galleryid-10877 gallery-columns-3 gallery-size-thumbnail'><dl class='gallery-item'>\n\t\t\t<dt class='gallery-icon landscape'>\n\t\t\t\t<a href='https:\/\/www.padreeustaquio.com.br\/en\/brazilians-unite-to-help-school-honoring-father-eustaquio-in-africa\/escola-africana-pe-eustaquio-5\/'><img decoding=\"async\" width=\"150\" height=\"150\" src=\"https:\/\/www.padreeustaquio.com.br\/wp-content\/uploads\/2023\/09\/escola-africana-pe-eustaquio-5-150x150.jpeg\" class=\"attachment-thumbnail size-thumbnail\" alt=\"\" srcset=\"https:\/\/www.padreeustaquio.com.br\/wp-content\/uploads\/2023\/09\/escola-africana-pe-eustaquio-5-150x150.jpeg 150w, https:\/\/www.padreeustaquio.com.br\/wp-content\/uploads\/2023\/09\/escola-africana-pe-eustaquio-5-75x75.jpeg 75w, https:\/\/www.padreeustaquio.com.br\/wp-content\/uploads\/2023\/09\/escola-africana-pe-eustaquio-5-180x180.jpeg 180w, https:\/\/www.padreeustaquio.com.br\/wp-content\/uploads\/2023\/09\/escola-africana-pe-eustaquio-5-400x400.jpeg 400w\" sizes=\"(max-width: 150px) 100vw, 150px\" \/><\/a>\n\t\t\t<\/dt><\/dl><dl class='gallery-item'>\n\t\t\t<dt class='gallery-icon landscape'>\n\t\t\t\t<a href='https:\/\/www.padreeustaquio.com.br\/en\/brazilians-unite-to-help-school-honoring-father-eustaquio-in-africa\/escola-africana-pe-eustaquio-6\/'><img loading=\"lazy\" decoding=\"async\" width=\"150\" height=\"150\" src=\"https:\/\/www.padreeustaquio.com.br\/wp-content\/uploads\/2023\/09\/escola-africana-pe-eustaquio-6-150x150.jpeg\" class=\"attachment-thumbnail size-thumbnail\" alt=\"\" srcset=\"https:\/\/www.padreeustaquio.com.br\/wp-content\/uploads\/2023\/09\/escola-africana-pe-eustaquio-6-150x150.jpeg 150w, https:\/\/www.padreeustaquio.com.br\/wp-content\/uploads\/2023\/09\/escola-africana-pe-eustaquio-6-75x75.jpeg 75w, https:\/\/www.padreeustaquio.com.br\/wp-content\/uploads\/2023\/09\/escola-africana-pe-eustaquio-6-180x180.jpeg 180w, https:\/\/www.padreeustaquio.com.br\/wp-content\/uploads\/2023\/09\/escola-africana-pe-eustaquio-6-400x400.jpeg 400w\" sizes=\"(max-width: 150px) 100vw, 150px\" \/><\/a>\n\t\t\t<\/dt><\/dl><dl class='gallery-item'>\n\t\t\t<dt class='gallery-icon landscape'>\n\t\t\t\t<a href='https:\/\/www.padreeustaquio.com.br\/en\/brazilians-unite-to-help-school-honoring-father-eustaquio-in-africa\/escola-africana-pe-eustaquio-7\/'><img loading=\"lazy\" decoding=\"async\" width=\"150\" height=\"150\" src=\"https:\/\/www.padreeustaquio.com.br\/wp-content\/uploads\/2023\/09\/escola-africana-pe-eustaquio-7-150x150.jpeg\" class=\"attachment-thumbnail size-thumbnail\" alt=\"\" srcset=\"https:\/\/www.padreeustaquio.com.br\/wp-content\/uploads\/2023\/09\/escola-africana-pe-eustaquio-7-150x150.jpeg 150w, https:\/\/www.padreeustaquio.com.br\/wp-content\/uploads\/2023\/09\/escola-africana-pe-eustaquio-7-75x75.jpeg 75w, https:\/\/www.padreeustaquio.com.br\/wp-content\/uploads\/2023\/09\/escola-africana-pe-eustaquio-7-180x180.jpeg 180w, https:\/\/www.padreeustaquio.com.br\/wp-content\/uploads\/2023\/09\/escola-africana-pe-eustaquio-7-400x400.jpeg 400w\" sizes=\"(max-width: 150px) 100vw, 150px\" \/><\/a>\n\t\t\t<\/dt><\/dl><br style=\"clear: both\" \/><dl class='gallery-item'>\n\t\t\t<dt class='gallery-icon landscape'>\n\t\t\t\t<a href='https:\/\/www.padreeustaquio.com.br\/en\/brazilians-unite-to-help-school-honoring-father-eustaquio-in-africa\/escola-africana-pe-eustaquio-8\/'><img loading=\"lazy\" decoding=\"async\" width=\"150\" height=\"150\" src=\"https:\/\/www.padreeustaquio.com.br\/wp-content\/uploads\/2023\/09\/escola-africana-pe-eustaquio-8-150x150.jpeg\" class=\"attachment-thumbnail size-thumbnail\" alt=\"\" srcset=\"https:\/\/www.padreeustaquio.com.br\/wp-content\/uploads\/2023\/09\/escola-africana-pe-eustaquio-8-150x150.jpeg 150w, https:\/\/www.padreeustaquio.com.br\/wp-content\/uploads\/2023\/09\/escola-africana-pe-eustaquio-8-75x75.jpeg 75w, https:\/\/www.padreeustaquio.com.br\/wp-content\/uploads\/2023\/09\/escola-africana-pe-eustaquio-8-180x180.jpeg 180w, https:\/\/www.padreeustaquio.com.br\/wp-content\/uploads\/2023\/09\/escola-africana-pe-eustaquio-8-400x400.jpeg 400w\" sizes=\"(max-width: 150px) 100vw, 150px\" \/><\/a>\n\t\t\t<\/dt><\/dl><dl class='gallery-item'>\n\t\t\t<dt class='gallery-icon landscape'>\n\t\t\t\t<a href='https:\/\/www.padreeustaquio.com.br\/en\/brazilians-unite-to-help-school-honoring-father-eustaquio-in-africa\/escola-africana-pe-eustaquio-9\/'><img loading=\"lazy\" decoding=\"async\" width=\"150\" height=\"150\" src=\"https:\/\/www.padreeustaquio.com.br\/wp-content\/uploads\/2023\/09\/escola-africana-pe-eustaquio-9-150x150.jpeg\" class=\"attachment-thumbnail size-thumbnail\" alt=\"\" srcset=\"https:\/\/www.padreeustaquio.com.br\/wp-content\/uploads\/2023\/09\/escola-africana-pe-eustaquio-9-150x150.jpeg 150w, https:\/\/www.padreeustaquio.com.br\/wp-content\/uploads\/2023\/09\/escola-africana-pe-eustaquio-9-75x75.jpeg 75w, https:\/\/www.padreeustaquio.com.br\/wp-content\/uploads\/2023\/09\/escola-africana-pe-eustaquio-9-180x180.jpeg 180w, https:\/\/www.padreeustaquio.com.br\/wp-content\/uploads\/2023\/09\/escola-africana-pe-eustaquio-9-400x400.jpeg 400w\" sizes=\"(max-width: 150px) 100vw, 150px\" \/><\/a>\n\t\t\t<\/dt><\/dl><dl class='gallery-item'>\n\t\t\t<dt class='gallery-icon landscape'>\n\t\t\t\t<a href='https:\/\/www.padreeustaquio.com.br\/en\/brazilians-unite-to-help-school-honoring-father-eustaquio-in-africa\/escola-africana-pe-eustaquio-1\/'><img loading=\"lazy\" decoding=\"async\" width=\"150\" height=\"150\" src=\"https:\/\/www.padreeustaquio.com.br\/wp-content\/uploads\/2023\/09\/escola-africana-pe-eustaquio-1-150x150.jpeg\" class=\"attachment-thumbnail size-thumbnail\" alt=\"\" srcset=\"https:\/\/www.padreeustaquio.com.br\/wp-content\/uploads\/2023\/09\/escola-africana-pe-eustaquio-1-150x150.jpeg 150w, https:\/\/www.padreeustaquio.com.br\/wp-content\/uploads\/2023\/09\/escola-africana-pe-eustaquio-1-75x75.jpeg 75w, https:\/\/www.padreeustaquio.com.br\/wp-content\/uploads\/2023\/09\/escola-africana-pe-eustaquio-1-180x180.jpeg 180w, https:\/\/www.padreeustaquio.com.br\/wp-content\/uploads\/2023\/09\/escola-africana-pe-eustaquio-1-400x400.jpeg 400w\" sizes=\"(max-width: 150px) 100vw, 150px\" \/><\/a>\n\t\t\t<\/dt><\/dl><br style=\"clear: both\" \/>\n\t\t<\/div>","protected":false},"excerpt":{"rendered":"<p>Em Kinshasa, na Rep\u00fablica Democr\u00e1tica do Congo, um col\u00e9gio foi constru\u00eddo em homenagem ao Beato Padre Eust\u00e1quio. O \u201cCollege Pere Eust\u00e1quio\u201d foi inaugurado em setembro de 2022, mas a obra ainda n\u00e3o est\u00e1 completamente conclu\u00edda. O local tem o apoio financeiro da Congrega\u00e7\u00e3o dos Sagrados Cora\u00e7\u00f5es e da Confer\u00eancia Episcopal Italiana e j\u00e1 abriga algumas turmas. De acordo com o site de not\u00edcias do Vaticano, no in\u00edcio de 2021, durante uma coletiva de imprensa realizada no Centro Interdiocesano de Kinshasa, o secret\u00e1rio geral da Confer\u00eancia Episcopal da Rep\u00fablica Democr\u00e1tica do Congo, Pe. Donatien Nshole, p\u00f4s em evid\u00eancia as dificuldades relacionadas [&hellip;]<\/p>\n","protected":false},"author":2,"featured_media":10878,"comment_status":"open","ping_status":"closed","sticky":false,"template":"","format":"standard","meta":{"_acf_changed":false,"footnotes":""},"categories":[611],"tags":[],"class_list":["post-10877","post","type-post","status-publish","format-standard","has-post-thumbnail","hentry","category-noticias"],"acf":[],"yoast_head":"<!-- This site is optimized with the Yoast SEO plugin v27.2 - https:\/\/yoast.com\/product\/yoast-seo-wordpress\/ -->\n<title>Brasileiros se unem para ajudar escola que homenageia Padre Eust\u00e1quio na \u00c1frica<\/title>\n<meta name=\"description\" content=\"Em Kinshasa, na Rep\u00fablica Democr\u00e1tica do Congo, um col\u00e9gio foi constru\u00eddo em homenagem ao Beato Padre Eust\u00e1quio. O \u201cCollege Pere Eust\u00e1quio\u201d foi inaugurado em setembro de 2022, mas a obra ainda n\u00e3o est\u00e1 completamente conclu\u00edda.\" \/>\n<meta name=\"robots\" content=\"index, follow, max-snippet:-1, max-image-preview:large, max-video-preview:-1\" \/>\n<link rel=\"canonical\" href=\"https:\/\/www.padreeustaquio.com.br\/en\/brazilians-unite-to-help-school-honoring-father-eustaquio-in-africa\/\" \/>\n<meta property=\"og:locale\" content=\"en_US\" \/>\n<meta property=\"og:type\" content=\"article\" \/>\n<meta property=\"og:title\" content=\"Brasileiros se unem para ajudar escola que homenageia Padre Eust\u00e1quio na \u00c1frica\" \/>\n<meta property=\"og:description\" content=\"Em Kinshasa, na Rep\u00fablica Democr\u00e1tica do Congo, um col\u00e9gio foi constru\u00eddo em homenagem ao Beato Padre Eust\u00e1quio. O \u201cCollege Pere Eust\u00e1quio\u201d foi inaugurado em setembro de 2022, mas a obra ainda n\u00e3o est\u00e1 completamente conclu\u00edda.\" \/>\n<meta property=\"og:url\" content=\"https:\/\/www.padreeustaquio.com.br\/en\/brazilians-unite-to-help-school-honoring-father-eustaquio-in-africa\/\" \/>\n<meta property=\"og:site_name\" content=\"Padre Eust\u00e1quio\" \/>\n<meta property=\"article:publisher\" content=\"https:\/\/www.facebook.com\/beatopadreeustaquio\/\" \/>\n<meta property=\"article:published_time\" content=\"2023-09-11T09:26:13+00:00\" \/>\n<meta property=\"og:image\" content=\"https:\/\/www.padreeustaquio.com.br\/wp-content\/uploads\/2023\/09\/escola-africana-pe-eustaquio-3.jpeg\" \/>\n\t<meta property=\"og:image:width\" content=\"1080\" \/>\n\t<meta property=\"og:image:height\" content=\"607\" \/>\n\t<meta property=\"og:image:type\" content=\"image\/jpeg\" \/>\n<meta name=\"author\" content=\"@sscc\" \/>\n<meta name=\"twitter:card\" content=\"summary_large_image\" \/>\n<meta name=\"twitter:creator\" content=\"@beatopeustaquio\" \/>\n<meta name=\"twitter:site\" content=\"@beatopeustaquio\" \/>\n<meta name=\"twitter:label1\" content=\"Written by\" \/>\n\t<meta name=\"twitter:data1\" content=\"@sscc\" \/>\n\t<meta name=\"twitter:label2\" content=\"Est. reading time\" \/>\n\t<meta name=\"twitter:data2\" content=\"2 minutes\" \/>\n<script type=\"application\/ld+json\" class=\"yoast-schema-graph\">{\"@context\":\"https:\/\/schema.org\",\"@graph\":[{\"@type\":\"Article\",\"@id\":\"https:\/\/www.padreeustaquio.com.br\/brasileiros-se-unem-para-ajudar-escola-que-homenageia-padre-eustaquio-na-africa\/#article\",\"isPartOf\":{\"@id\":\"https:\/\/www.padreeustaquio.com.br\/brasileiros-se-unem-para-ajudar-escola-que-homenageia-padre-eustaquio-na-africa\/\"},\"author\":{\"name\":\"@sscc\",\"@id\":\"https:\/\/www.padreeustaquio.com.br\/#\/schema\/person\/a2a51db1d00f1a7af0204a0f1ddb1566\"},\"headline\":\"Brasileiros se unem para ajudar escola que homenageia Padre Eust\u00e1quio na \u00c1frica\",\"datePublished\":\"2023-09-11T09:26:13+00:00\",\"mainEntityOfPage\":{\"@id\":\"https:\/\/www.padreeustaquio.com.br\/brasileiros-se-unem-para-ajudar-escola-que-homenageia-padre-eustaquio-na-africa\/\"},\"wordCount\":307,\"commentCount\":0,\"publisher\":{\"@id\":\"https:\/\/www.padreeustaquio.com.br\/#organization\"},\"image\":{\"@id\":\"https:\/\/www.padreeustaquio.com.br\/brasileiros-se-unem-para-ajudar-escola-que-homenageia-padre-eustaquio-na-africa\/#primaryimage\"},\"thumbnailUrl\":\"https:\/\/www.padreeustaquio.com.br\/wp-content\/uploads\/2023\/09\/escola-africana-pe-eustaquio-3.jpeg\",\"articleSection\":[\"Not\u00edcias\"],\"inLanguage\":\"en-US\",\"potentialAction\":[{\"@type\":\"CommentAction\",\"name\":\"Comment\",\"target\":[\"https:\/\/www.padreeustaquio.com.br\/brasileiros-se-unem-para-ajudar-escola-que-homenageia-padre-eustaquio-na-africa\/#respond\"]}]},{\"@type\":\"WebPage\",\"@id\":\"https:\/\/www.padreeustaquio.com.br\/brasileiros-se-unem-para-ajudar-escola-que-homenageia-padre-eustaquio-na-africa\/\",\"url\":\"https:\/\/www.padreeustaquio.com.br\/brasileiros-se-unem-para-ajudar-escola-que-homenageia-padre-eustaquio-na-africa\/\",\"name\":\"Brasileiros se unem para ajudar escola que homenageia Padre Eust\u00e1quio na \u00c1frica\",\"isPartOf\":{\"@id\":\"https:\/\/www.padreeustaquio.com.br\/#website\"},\"primaryImageOfPage\":{\"@id\":\"https:\/\/www.padreeustaquio.com.br\/brasileiros-se-unem-para-ajudar-escola-que-homenageia-padre-eustaquio-na-africa\/#primaryimage\"},\"image\":{\"@id\":\"https:\/\/www.padreeustaquio.com.br\/brasileiros-se-unem-para-ajudar-escola-que-homenageia-padre-eustaquio-na-africa\/#primaryimage\"},\"thumbnailUrl\":\"https:\/\/www.padreeustaquio.com.br\/wp-content\/uploads\/2023\/09\/escola-africana-pe-eustaquio-3.jpeg\",\"datePublished\":\"2023-09-11T09:26:13+00:00\",\"description\":\"Em Kinshasa, na Rep\u00fablica Democr\u00e1tica do Congo, um col\u00e9gio foi constru\u00eddo em homenagem ao Beato Padre Eust\u00e1quio. O \u201cCollege Pere Eust\u00e1quio\u201d foi inaugurado em setembro de 2022, mas a obra ainda n\u00e3o est\u00e1 completamente conclu\u00edda.\",\"breadcrumb\":{\"@id\":\"https:\/\/www.padreeustaquio.com.br\/brasileiros-se-unem-para-ajudar-escola-que-homenageia-padre-eustaquio-na-africa\/#breadcrumb\"},\"inLanguage\":\"en-US\",\"potentialAction\":[{\"@type\":\"ReadAction\",\"target\":[\"https:\/\/www.padreeustaquio.com.br\/brasileiros-se-unem-para-ajudar-escola-que-homenageia-padre-eustaquio-na-africa\/\"]}]},{\"@type\":\"ImageObject\",\"inLanguage\":\"en-US\",\"@id\":\"https:\/\/www.padreeustaquio.com.br\/brasileiros-se-unem-para-ajudar-escola-que-homenageia-padre-eustaquio-na-africa\/#primaryimage\",\"url\":\"https:\/\/www.padreeustaquio.com.br\/wp-content\/uploads\/2023\/09\/escola-africana-pe-eustaquio-3.jpeg\",\"contentUrl\":\"https:\/\/www.padreeustaquio.com.br\/wp-content\/uploads\/2023\/09\/escola-africana-pe-eustaquio-3.jpeg\",\"width\":1080,\"height\":607},{\"@type\":\"BreadcrumbList\",\"@id\":\"https:\/\/www.padreeustaquio.com.br\/brasileiros-se-unem-para-ajudar-escola-que-homenageia-padre-eustaquio-na-africa\/#breadcrumb\",\"itemListElement\":[{\"@type\":\"ListItem\",\"position\":1,\"name\":\"In\u00edcio\",\"item\":\"https:\/\/www.padreeustaquio.com.br\/\"},{\"@type\":\"ListItem\",\"position\":2,\"name\":\"Brasileiros se unem para ajudar escola que homenageia Padre Eust\u00e1quio na \u00c1frica\"}]},{\"@type\":\"WebSite\",\"@id\":\"https:\/\/www.padreeustaquio.com.br\/#website\",\"url\":\"https:\/\/www.padreeustaquio.com.br\/\",\"name\":\"Padre Eust\u00e1quio\",\"description\":\"Sa\u00fade e Paz\",\"publisher\":{\"@id\":\"https:\/\/www.padreeustaquio.com.br\/#organization\"},\"potentialAction\":[{\"@type\":\"SearchAction\",\"target\":{\"@type\":\"EntryPoint\",\"urlTemplate\":\"https:\/\/www.padreeustaquio.com.br\/?s={search_term_string}\"},\"query-input\":{\"@type\":\"PropertyValueSpecification\",\"valueRequired\":true,\"valueName\":\"search_term_string\"}}],\"inLanguage\":\"en-US\"},{\"@type\":\"Organization\",\"@id\":\"https:\/\/www.padreeustaquio.com.br\/#organization\",\"name\":\"Padre Eust\u00e1quio\",\"url\":\"https:\/\/www.padreeustaquio.com.br\/\",\"logo\":{\"@type\":\"ImageObject\",\"inLanguage\":\"en-US\",\"@id\":\"https:\/\/www.padreeustaquio.com.br\/#\/schema\/logo\/image\/\",\"url\":\"https:\/\/www.padreeustaquio.com.br\/wp-content\/uploads\/2019\/08\/marca.png\",\"contentUrl\":\"https:\/\/www.padreeustaquio.com.br\/wp-content\/uploads\/2019\/08\/marca.png\",\"width\":350,\"height\":400,\"caption\":\"Padre Eust\u00e1quio\"},\"image\":{\"@id\":\"https:\/\/www.padreeustaquio.com.br\/#\/schema\/logo\/image\/\"},\"sameAs\":[\"https:\/\/www.facebook.com\/beatopadreeustaquio\/\",\"https:\/\/x.com\/beatopeustaquio\",\"https:\/\/www.instagram.com\/beatopadreeustaquio\/\",\"https:\/\/www.youtube.com\/channel\/UCRhw7vfabnajwLxb1ZXMeIw\"]},{\"@type\":\"Person\",\"@id\":\"https:\/\/www.padreeustaquio.com.br\/#\/schema\/person\/a2a51db1d00f1a7af0204a0f1ddb1566\",\"name\":\"@sscc\",\"image\":{\"@type\":\"ImageObject\",\"inLanguage\":\"en-US\",\"@id\":\"https:\/\/secure.gravatar.com\/avatar\/68cfafa5f44617fea54071e215026e0ff06be366c3d54a8425f04fdcb86f8c5f?s=96&d=mm&r=g\",\"url\":\"https:\/\/secure.gravatar.com\/avatar\/68cfafa5f44617fea54071e215026e0ff06be366c3d54a8425f04fdcb86f8c5f?s=96&d=mm&r=g\",\"contentUrl\":\"https:\/\/secure.gravatar.com\/avatar\/68cfafa5f44617fea54071e215026e0ff06be366c3d54a8425f04fdcb86f8c5f?s=96&d=mm&r=g\",\"caption\":\"@sscc\"},\"url\":\"https:\/\/www.padreeustaquio.com.br\/en\/author\/sscc\/\"}]}<\/script>\n<!-- \/ Yoast SEO plugin. -->","yoast_head_json":{"title":"Brazilians unite to help school honoring Father Eust\u00e1quio in Africa.","description":"In Kinshasa, Democratic Republic of Congo, a college was built in honor of Blessed Father Eustace. The \u201cCollege Pere Eust\u00e1quio\u201d was inaugurated in September 2022, but the construction is not yet fully completed.","robots":{"index":"index","follow":"follow","max-snippet":"max-snippet:-1","max-image-preview":"max-image-preview:large","max-video-preview":"max-video-preview:-1"},"canonical":"https:\/\/www.padreeustaquio.com.br\/en\/brazilians-unite-to-help-school-honoring-father-eustaquio-in-africa\/","og_locale":"en_US","og_type":"article","og_title":"Brasileiros se unem para ajudar escola que homenageia Padre Eust\u00e1quio na \u00c1frica","og_description":"Em Kinshasa, na Rep\u00fablica Democr\u00e1tica do Congo, um col\u00e9gio foi constru\u00eddo em homenagem ao Beato Padre Eust\u00e1quio. O \u201cCollege Pere Eust\u00e1quio\u201d foi inaugurado em setembro de 2022, mas a obra ainda n\u00e3o est\u00e1 completamente conclu\u00edda.","og_url":"https:\/\/www.padreeustaquio.com.br\/en\/brazilians-unite-to-help-school-honoring-father-eustaquio-in-africa\/","og_site_name":"Padre Eust\u00e1quio","article_publisher":"https:\/\/www.facebook.com\/beatopadreeustaquio\/","article_published_time":"2023-09-11T09:26:13+00:00","og_image":[{"width":1080,"height":607,"url":"https:\/\/www.padreeustaquio.com.br\/wp-content\/uploads\/2023\/09\/escola-africana-pe-eustaquio-3.jpeg","type":"image\/jpeg"}],"author":"@sscc","twitter_card":"summary_large_image","twitter_creator":"@beatopeustaquio","twitter_site":"@beatopeustaquio","twitter_misc":{"Written by":"@sscc","Est. reading time":"2 minutes"},"schema":{"@context":"https:\/\/schema.org","@graph":[{"@type":"Article","@id":"https:\/\/www.padreeustaquio.com.br\/brasileiros-se-unem-para-ajudar-escola-que-homenageia-padre-eustaquio-na-africa\/#article","isPartOf":{"@id":"https:\/\/www.padreeustaquio.com.br\/brasileiros-se-unem-para-ajudar-escola-que-homenageia-padre-eustaquio-na-africa\/"},"author":{"name":"@sscc","@id":"https:\/\/www.padreeustaquio.com.br\/#\/schema\/person\/a2a51db1d00f1a7af0204a0f1ddb1566"},"headline":"Brasileiros se unem para ajudar escola que homenageia Padre Eust\u00e1quio na \u00c1frica","datePublished":"2023-09-11T09:26:13+00:00","mainEntityOfPage":{"@id":"https:\/\/www.padreeustaquio.com.br\/brasileiros-se-unem-para-ajudar-escola-que-homenageia-padre-eustaquio-na-africa\/"},"wordCount":307,"commentCount":0,"publisher":{"@id":"https:\/\/www.padreeustaquio.com.br\/#organization"},"image":{"@id":"https:\/\/www.padreeustaquio.com.br\/brasileiros-se-unem-para-ajudar-escola-que-homenageia-padre-eustaquio-na-africa\/#primaryimage"},"thumbnailUrl":"https:\/\/www.padreeustaquio.com.br\/wp-content\/uploads\/2023\/09\/escola-africana-pe-eustaquio-3.jpeg","articleSection":["Not\u00edcias"],"inLanguage":"en-US","potentialAction":[{"@type":"CommentAction","name":"Comment","target":["https:\/\/www.padreeustaquio.com.br\/brasileiros-se-unem-para-ajudar-escola-que-homenageia-padre-eustaquio-na-africa\/#respond"]}]},{"@type":"WebPage","@id":"https:\/\/www.padreeustaquio.com.br\/brasileiros-se-unem-para-ajudar-escola-que-homenageia-padre-eustaquio-na-africa\/","url":"https:\/\/www.padreeustaquio.com.br\/brasileiros-se-unem-para-ajudar-escola-que-homenageia-padre-eustaquio-na-africa\/","name":"Brazilians unite to help school honoring Father Eust\u00e1quio in Africa.","isPartOf":{"@id":"https:\/\/www.padreeustaquio.com.br\/#website"},"primaryImageOfPage":{"@id":"https:\/\/www.padreeustaquio.com.br\/brasileiros-se-unem-para-ajudar-escola-que-homenageia-padre-eustaquio-na-africa\/#primaryimage"},"image":{"@id":"https:\/\/www.padreeustaquio.com.br\/brasileiros-se-unem-para-ajudar-escola-que-homenageia-padre-eustaquio-na-africa\/#primaryimage"},"thumbnailUrl":"https:\/\/www.padreeustaquio.com.br\/wp-content\/uploads\/2023\/09\/escola-africana-pe-eustaquio-3.jpeg","datePublished":"2023-09-11T09:26:13+00:00","description":"In Kinshasa, Democratic Republic of Congo, a college was built in honor of Blessed Father Eustace. The \u201cCollege Pere Eust\u00e1quio\u201d was inaugurated in September 2022, but the construction is not yet fully completed.","breadcrumb":{"@id":"https:\/\/www.padreeustaquio.com.br\/brasileiros-se-unem-para-ajudar-escola-que-homenageia-padre-eustaquio-na-africa\/#breadcrumb"},"inLanguage":"en-US","potentialAction":[{"@type":"ReadAction","target":["https:\/\/www.padreeustaquio.com.br\/brasileiros-se-unem-para-ajudar-escola-que-homenageia-padre-eustaquio-na-africa\/"]}]},{"@type":"ImageObject","inLanguage":"en-US","@id":"https:\/\/www.padreeustaquio.com.br\/brasileiros-se-unem-para-ajudar-escola-que-homenageia-padre-eustaquio-na-africa\/#primaryimage","url":"https:\/\/www.padreeustaquio.com.br\/wp-content\/uploads\/2023\/09\/escola-africana-pe-eustaquio-3.jpeg","contentUrl":"https:\/\/www.padreeustaquio.com.br\/wp-content\/uploads\/2023\/09\/escola-africana-pe-eustaquio-3.jpeg","width":1080,"height":607},{"@type":"BreadcrumbList","@id":"https:\/\/www.padreeustaquio.com.br\/brasileiros-se-unem-para-ajudar-escola-que-homenageia-padre-eustaquio-na-africa\/#breadcrumb","itemListElement":[{"@type":"ListItem","position":1,"name":"In\u00edcio","item":"https:\/\/www.padreeustaquio.com.br\/"},{"@type":"ListItem","position":2,"name":"Brasileiros se unem para ajudar escola que homenageia Padre Eust\u00e1quio na \u00c1frica"}]},{"@type":"WebSite","@id":"https:\/\/www.padreeustaquio.com.br\/#website","url":"https:\/\/www.padreeustaquio.com.br\/","name":"FATHER EUST\u00c1QUIO","description":"Health and Peace","publisher":{"@id":"https:\/\/www.padreeustaquio.com.br\/#organization"},"potentialAction":[{"@type":"SearchAction","target":{"@type":"EntryPoint","urlTemplate":"https:\/\/www.padreeustaquio.com.br\/?s={search_term_string}"},"query-input":{"@type":"PropertyValueSpecification","valueRequired":true,"valueName":"search_term_string"}}],"inLanguage":"en-US"},{"@type":"Organization","@id":"https:\/\/www.padreeustaquio.com.br\/#organization","name":"FATHER EUST\u00c1QUIO","url":"https:\/\/www.padreeustaquio.com.br\/","logo":{"@type":"ImageObject","inLanguage":"en-US","@id":"https:\/\/www.padreeustaquio.com.br\/#\/schema\/logo\/image\/","url":"https:\/\/www.padreeustaquio.com.br\/wp-content\/uploads\/2019\/08\/marca.png","contentUrl":"https:\/\/www.padreeustaquio.com.br\/wp-content\/uploads\/2019\/08\/marca.png","width":350,"height":400,"caption":"Padre Eust\u00e1quio"},"image":{"@id":"https:\/\/www.padreeustaquio.com.br\/#\/schema\/logo\/image\/"},"sameAs":["https:\/\/www.facebook.com\/beatopadreeustaquio\/","https:\/\/x.com\/beatopeustaquio","https:\/\/www.instagram.com\/beatopadreeustaquio\/","https:\/\/www.youtube.com\/channel\/UCRhw7vfabnajwLxb1ZXMeIw"]},{"@type":"Person","@id":"https:\/\/www.padreeustaquio.com.br\/#\/schema\/person\/a2a51db1d00f1a7af0204a0f1ddb1566","name":"@sscc","image":{"@type":"ImageObject","inLanguage":"en-US","@id":"https:\/\/secure.gravatar.com\/avatar\/68cfafa5f44617fea54071e215026e0ff06be366c3d54a8425f04fdcb86f8c5f?s=96&d=mm&r=g","url":"https:\/\/secure.gravatar.com\/avatar\/68cfafa5f44617fea54071e215026e0ff06be366c3d54a8425f04fdcb86f8c5f?s=96&d=mm&r=g","contentUrl":"https:\/\/secure.gravatar.com\/avatar\/68cfafa5f44617fea54071e215026e0ff06be366c3d54a8425f04fdcb86f8c5f?s=96&d=mm&r=g","caption":"@sscc"},"url":"https:\/\/www.padreeustaquio.com.br\/en\/author\/sscc\/"}]}},"_links":{"self":[{"href":"https:\/\/www.padreeustaquio.com.br\/en\/wp-json\/wp\/v2\/posts\/10877","targetHints":{"allow":["GET"]}}],"collection":[{"href":"https:\/\/www.padreeustaquio.com.br\/en\/wp-json\/wp\/v2\/posts"}],"about":[{"href":"https:\/\/www.padreeustaquio.com.br\/en\/wp-json\/wp\/v2\/types\/post"}],"author":[{"embeddable":true,"href":"https:\/\/www.padreeustaquio.com.br\/en\/wp-json\/wp\/v2\/users\/2"}],"replies":[{"embeddable":true,"href":"https:\/\/www.padreeustaquio.com.br\/en\/wp-json\/wp\/v2\/comments?post=10877"}],"version-history":[{"count":0,"href":"https:\/\/www.padreeustaquio.com.br\/en\/wp-json\/wp\/v2\/posts\/10877\/revisions"}],"wp:featuredmedia":[{"embeddable":true,"href":"https:\/\/www.padreeustaquio.com.br\/en\/wp-json\/wp\/v2\/media\/10878"}],"wp:attachment":[{"href":"https:\/\/www.padreeustaquio.com.br\/en\/wp-json\/wp\/v2\/media?parent=10877"}],"wp:term":[{"taxonomy":"category","embeddable":true,"href":"https:\/\/www.padreeustaquio.com.br\/en\/wp-json\/wp\/v2\/categories?post=10877"},{"taxonomy":"post_tag","embeddable":true,"href":"https:\/\/www.padreeustaquio.com.br\/en\/wp-json\/wp\/v2\/tags?post=10877"}],"curies":[{"name":"wp","href":"https:\/\/api.w.org\/{rel}","templated":true}]}}