{"id":10869,"date":"2023-09-08T08:42:33","date_gmt":"2023-09-08T11:42:33","guid":{"rendered":"https:\/\/www.padreeustaquio.com.br\/?p=10869"},"modified":"2023-09-06T10:26:05","modified_gmt":"2023-09-06T13:26:05","slug":"padre-eustaquio-museum-opens-to-the-public","status":"publish","type":"post","link":"https:\/\/www.padreeustaquio.com.br\/en\/padre-eustaquio-museum-opens-to-the-public\/","title":{"rendered":"Padre Eust\u00e1quio Museum opens to the public."},"content":{"rendered":"<p>Inaugurated on August 30th, the feast day of Blessed Father Eustace, the museum dedicated to the Blessed Father&#039;s history is now open to the public in Belo Horizonte.<\/p>\n<p><img fetchpriority=\"high\" decoding=\"async\" class=\"size-medium wp-image-10872 alignleft\" src=\"https:\/\/www.padreeustaquio.com.br\/wp-content\/uploads\/2023\/09\/museu-padre-eustaquio-2-300x225.jpeg\" alt=\"\" width=\"300\" height=\"225\" srcset=\"https:\/\/www.padreeustaquio.com.br\/wp-content\/uploads\/2023\/09\/museu-padre-eustaquio-2-300x225.jpeg 300w, https:\/\/www.padreeustaquio.com.br\/wp-content\/uploads\/2023\/09\/museu-padre-eustaquio-2-1024x768.jpeg 1024w, https:\/\/www.padreeustaquio.com.br\/wp-content\/uploads\/2023\/09\/museu-padre-eustaquio-2-768x576.jpeg 768w, https:\/\/www.padreeustaquio.com.br\/wp-content\/uploads\/2023\/09\/museu-padre-eustaquio-2-1536x1152.jpeg 1536w, https:\/\/www.padreeustaquio.com.br\/wp-content\/uploads\/2023\/09\/museu-padre-eustaquio-2-180x135.jpeg 180w, https:\/\/www.padreeustaquio.com.br\/wp-content\/uploads\/2023\/09\/museu-padre-eustaquio-2-400x300.jpeg 400w, https:\/\/www.padreeustaquio.com.br\/wp-content\/uploads\/2023\/09\/museu-padre-eustaquio-2-600x450.jpeg 600w, https:\/\/www.padreeustaquio.com.br\/wp-content\/uploads\/2023\/09\/museu-padre-eustaquio-2-800x600.jpeg 800w, https:\/\/www.padreeustaquio.com.br\/wp-content\/uploads\/2023\/09\/museu-padre-eustaquio-2-1200x900.jpeg 1200w, https:\/\/www.padreeustaquio.com.br\/wp-content\/uploads\/2023\/09\/museu-padre-eustaquio-2.jpeg 1600w\" sizes=\"(max-width: 300px) 100vw, 300px\" \/>With the theme <em><strong>\u201c&quot;Father Eust\u00e1quio: to the heart of the people&quot;\u201d<\/strong><\/em> The exhibition showcases some of the Blessed One&#039;s historical collection, texts, and documents about his time in Brazil, especially his work in Belo Horizonte. The idea is for the visitor to take an exciting historical journey.<\/p>\n<p>Those who visit the museum will be able to see up close the vestments, personal items, and liturgical objects that were used by the Blessed One.<\/p>\n<p>The Padre Eust\u00e1quio Museum is located in the current ASPE Cultural Center, next to the Memorial, on the second floor of the Padre Eust\u00e1quio Theater.<\/p>\n<p><img decoding=\"async\" class=\"size-medium wp-image-10873 alignright\" src=\"https:\/\/www.padreeustaquio.com.br\/wp-content\/uploads\/2023\/09\/museu-padre-eustaquio-3-300x225.jpeg\" alt=\"\" width=\"300\" height=\"225\" srcset=\"https:\/\/www.padreeustaquio.com.br\/wp-content\/uploads\/2023\/09\/museu-padre-eustaquio-3-300x225.jpeg 300w, https:\/\/www.padreeustaquio.com.br\/wp-content\/uploads\/2023\/09\/museu-padre-eustaquio-3-1024x768.jpeg 1024w, https:\/\/www.padreeustaquio.com.br\/wp-content\/uploads\/2023\/09\/museu-padre-eustaquio-3-768x576.jpeg 768w, https:\/\/www.padreeustaquio.com.br\/wp-content\/uploads\/2023\/09\/museu-padre-eustaquio-3-1536x1152.jpeg 1536w, https:\/\/www.padreeustaquio.com.br\/wp-content\/uploads\/2023\/09\/museu-padre-eustaquio-3-180x135.jpeg 180w, https:\/\/www.padreeustaquio.com.br\/wp-content\/uploads\/2023\/09\/museu-padre-eustaquio-3-400x300.jpeg 400w, https:\/\/www.padreeustaquio.com.br\/wp-content\/uploads\/2023\/09\/museu-padre-eustaquio-3-600x450.jpeg 600w, https:\/\/www.padreeustaquio.com.br\/wp-content\/uploads\/2023\/09\/museu-padre-eustaquio-3-800x600.jpeg 800w, https:\/\/www.padreeustaquio.com.br\/wp-content\/uploads\/2023\/09\/museu-padre-eustaquio-3-1200x900.jpeg 1200w, https:\/\/www.padreeustaquio.com.br\/wp-content\/uploads\/2023\/09\/museu-padre-eustaquio-3.jpeg 1600w\" sizes=\"(max-width: 300px) 100vw, 300px\" \/>The place will operate from <strong>Monday to Friday, from 9 am to 5 pm<\/strong>. To the <strong>Tuesdays with special hours from 7 PM to 8:30 PM<\/strong>. In addition, the museum will also be open for visits to <strong>Sundays, from 8 am to 12 pm<\/strong>.<\/p>\n<p>But note that to visit the museum you must make a prior appointment at the parish office of the Sanctuary, or by telephone (31) 3462-6557.<\/p>\n<p>Watch the video made by the vice-presidential team and learn a little about our museum:<\/p>\n<div style=\"width: 848px;\" class=\"wp-video\"><video class=\"wp-video-shortcode\" id=\"video-10869-1\" width=\"848\" height=\"480\" preload=\"metadata\" controls=\"controls\"><source type=\"video\/mp4\" src=\"https:\/\/www.padreeustaquio.com.br\/wp-content\/uploads\/2023\/09\/museu-padre-eustaquio-1.mp4?_=1\" \/><a href=\"https:\/\/www.padreeustaquio.com.br\/wp-content\/uploads\/2023\/09\/museu-padre-eustaquio-1.mp4\">https:\/\/www.padreeustaquio.com.br\/wp-content\/uploads\/2023\/09\/museu-padre-eustaquio-1.mp4<\/a><\/video><\/div>\n<p>&nbsp;<\/p>","protected":false},"excerpt":{"rendered":"<p>Inaugurado no dia 30 de agosto, dia do Beato Padre Eust\u00e1quio, o museu dedicado \u00e0 hist\u00f3ria do Bem-aventurado j\u00e1 est\u00e1 aberto \u00e0 visita\u00e7\u00e3o do p\u00fablico em Belo Horizonte. Com o tema &#8220;Padre Eust\u00e1quio: ao cora\u00e7\u00e3o do povo&#8221; a exposi\u00e7\u00e3o traz um pouco do acervo hist\u00f3rico do Bem-aventurado, textos e documentos sobre sua passagem pelo Brasil, especialmente sobre sua atua\u00e7\u00e3o em Belo Horizonte. A ideia \u00e9 que o visitante fa\u00e7a uma viagem hist\u00f3rica emocionante. Quem for ao museu vai poder ver de pertinho as vestes, os artigos pessoais e objetos lit\u00fargicos que eram usados pelo Bem-aventurado. O Museu do Padre Eust\u00e1quio [&hellip;]<\/p>\n","protected":false},"author":2,"featured_media":10871,"comment_status":"open","ping_status":"closed","sticky":false,"template":"","format":"standard","meta":{"_acf_changed":false,"footnotes":""},"categories":[611],"tags":[],"class_list":["post-10869","post","type-post","status-publish","format-standard","has-post-thumbnail","hentry","category-noticias"],"acf":[],"yoast_head":"<!-- This site is optimized with the Yoast SEO plugin v27.2 - https:\/\/yoast.com\/product\/yoast-seo-wordpress\/ -->\n<title>Museu Padre Eust\u00e1quio abre \u00e0 visita\u00e7\u00e3o p\u00fablica<\/title>\n<meta name=\"description\" content=\"Inaugurado no dia 30 de agosto, dia do Beato Padre Eust\u00e1quio, o museu dedicado \u00e0 hist\u00f3ria do Bem-aventurado j\u00e1 est\u00e1 aberto \u00e0 visita\u00e7\u00e3o do p\u00fablico em Belo Horizonte.\" \/>\n<meta name=\"robots\" content=\"index, follow, max-snippet:-1, max-image-preview:large, max-video-preview:-1\" \/>\n<link rel=\"canonical\" href=\"https:\/\/www.padreeustaquio.com.br\/en\/padre-eustaquio-museum-opens-to-the-public\/\" \/>\n<meta property=\"og:locale\" content=\"en_US\" \/>\n<meta property=\"og:type\" content=\"article\" \/>\n<meta property=\"og:title\" content=\"Museu Padre Eust\u00e1quio abre \u00e0 visita\u00e7\u00e3o p\u00fablica\" \/>\n<meta property=\"og:description\" content=\"Inaugurado no dia 30 de agosto, dia do Beato Padre Eust\u00e1quio, o museu dedicado \u00e0 hist\u00f3ria do Bem-aventurado j\u00e1 est\u00e1 aberto \u00e0 visita\u00e7\u00e3o do p\u00fablico em Belo Horizonte.\" \/>\n<meta property=\"og:url\" content=\"https:\/\/www.padreeustaquio.com.br\/en\/padre-eustaquio-museum-opens-to-the-public\/\" \/>\n<meta property=\"og:site_name\" content=\"Padre Eust\u00e1quio\" \/>\n<meta property=\"article:publisher\" content=\"https:\/\/www.facebook.com\/beatopadreeustaquio\/\" \/>\n<meta property=\"article:published_time\" content=\"2023-09-08T11:42:33+00:00\" \/>\n<meta property=\"og:image\" content=\"https:\/\/www.padreeustaquio.com.br\/wp-content\/uploads\/2023\/09\/museu-padre-eustaquio-1.jpeg\" \/>\n\t<meta property=\"og:image:width\" content=\"1600\" \/>\n\t<meta property=\"og:image:height\" content=\"1200\" \/>\n\t<meta property=\"og:image:type\" content=\"image\/jpeg\" \/>\n<meta name=\"author\" content=\"@sscc\" \/>\n<meta name=\"twitter:card\" content=\"summary_large_image\" \/>\n<meta name=\"twitter:creator\" content=\"@beatopeustaquio\" \/>\n<meta name=\"twitter:site\" content=\"@beatopeustaquio\" \/>\n<meta name=\"twitter:label1\" content=\"Written by\" \/>\n\t<meta name=\"twitter:data1\" content=\"@sscc\" \/>\n\t<meta name=\"twitter:label2\" content=\"Est. reading time\" \/>\n\t<meta name=\"twitter:data2\" content=\"2 minutes\" \/>\n<script type=\"application\/ld+json\" class=\"yoast-schema-graph\">{\"@context\":\"https:\/\/schema.org\",\"@graph\":[{\"@type\":\"Article\",\"@id\":\"https:\/\/www.padreeustaquio.com.br\/museu-padre-eustaquio-abre-a-visitacao-publica\/#article\",\"isPartOf\":{\"@id\":\"https:\/\/www.padreeustaquio.com.br\/museu-padre-eustaquio-abre-a-visitacao-publica\/\"},\"author\":{\"name\":\"@sscc\",\"@id\":\"https:\/\/www.padreeustaquio.com.br\/#\/schema\/person\/a2a51db1d00f1a7af0204a0f1ddb1566\"},\"headline\":\"Museu Padre Eust\u00e1quio abre \u00e0 visita\u00e7\u00e3o p\u00fablica\",\"datePublished\":\"2023-09-08T11:42:33+00:00\",\"mainEntityOfPage\":{\"@id\":\"https:\/\/www.padreeustaquio.com.br\/museu-padre-eustaquio-abre-a-visitacao-publica\/\"},\"wordCount\":230,\"commentCount\":0,\"publisher\":{\"@id\":\"https:\/\/www.padreeustaquio.com.br\/#organization\"},\"image\":{\"@id\":\"https:\/\/www.padreeustaquio.com.br\/museu-padre-eustaquio-abre-a-visitacao-publica\/#primaryimage\"},\"thumbnailUrl\":\"https:\/\/www.padreeustaquio.com.br\/wp-content\/uploads\/2023\/09\/museu-padre-eustaquio-1.jpeg\",\"articleSection\":[\"Not\u00edcias\"],\"inLanguage\":\"en-US\",\"potentialAction\":[{\"@type\":\"CommentAction\",\"name\":\"Comment\",\"target\":[\"https:\/\/www.padreeustaquio.com.br\/museu-padre-eustaquio-abre-a-visitacao-publica\/#respond\"]}]},{\"@type\":\"WebPage\",\"@id\":\"https:\/\/www.padreeustaquio.com.br\/museu-padre-eustaquio-abre-a-visitacao-publica\/\",\"url\":\"https:\/\/www.padreeustaquio.com.br\/museu-padre-eustaquio-abre-a-visitacao-publica\/\",\"name\":\"Museu Padre Eust\u00e1quio abre \u00e0 visita\u00e7\u00e3o p\u00fablica\",\"isPartOf\":{\"@id\":\"https:\/\/www.padreeustaquio.com.br\/#website\"},\"primaryImageOfPage\":{\"@id\":\"https:\/\/www.padreeustaquio.com.br\/museu-padre-eustaquio-abre-a-visitacao-publica\/#primaryimage\"},\"image\":{\"@id\":\"https:\/\/www.padreeustaquio.com.br\/museu-padre-eustaquio-abre-a-visitacao-publica\/#primaryimage\"},\"thumbnailUrl\":\"https:\/\/www.padreeustaquio.com.br\/wp-content\/uploads\/2023\/09\/museu-padre-eustaquio-1.jpeg\",\"datePublished\":\"2023-09-08T11:42:33+00:00\",\"description\":\"Inaugurado no dia 30 de agosto, dia do Beato Padre Eust\u00e1quio, o museu dedicado \u00e0 hist\u00f3ria do Bem-aventurado j\u00e1 est\u00e1 aberto \u00e0 visita\u00e7\u00e3o do p\u00fablico em Belo Horizonte.\",\"breadcrumb\":{\"@id\":\"https:\/\/www.padreeustaquio.com.br\/museu-padre-eustaquio-abre-a-visitacao-publica\/#breadcrumb\"},\"inLanguage\":\"en-US\",\"potentialAction\":[{\"@type\":\"ReadAction\",\"target\":[\"https:\/\/www.padreeustaquio.com.br\/museu-padre-eustaquio-abre-a-visitacao-publica\/\"]}]},{\"@type\":\"ImageObject\",\"inLanguage\":\"en-US\",\"@id\":\"https:\/\/www.padreeustaquio.com.br\/museu-padre-eustaquio-abre-a-visitacao-publica\/#primaryimage\",\"url\":\"https:\/\/www.padreeustaquio.com.br\/wp-content\/uploads\/2023\/09\/museu-padre-eustaquio-1.jpeg\",\"contentUrl\":\"https:\/\/www.padreeustaquio.com.br\/wp-content\/uploads\/2023\/09\/museu-padre-eustaquio-1.jpeg\",\"width\":1600,\"height\":1200},{\"@type\":\"BreadcrumbList\",\"@id\":\"https:\/\/www.padreeustaquio.com.br\/museu-padre-eustaquio-abre-a-visitacao-publica\/#breadcrumb\",\"itemListElement\":[{\"@type\":\"ListItem\",\"position\":1,\"name\":\"In\u00edcio\",\"item\":\"https:\/\/www.padreeustaquio.com.br\/\"},{\"@type\":\"ListItem\",\"position\":2,\"name\":\"Museu Padre Eust\u00e1quio abre \u00e0 visita\u00e7\u00e3o p\u00fablica\"}]},{\"@type\":\"WebSite\",\"@id\":\"https:\/\/www.padreeustaquio.com.br\/#website\",\"url\":\"https:\/\/www.padreeustaquio.com.br\/\",\"name\":\"Padre Eust\u00e1quio\",\"description\":\"Sa\u00fade e Paz\",\"publisher\":{\"@id\":\"https:\/\/www.padreeustaquio.com.br\/#organization\"},\"potentialAction\":[{\"@type\":\"SearchAction\",\"target\":{\"@type\":\"EntryPoint\",\"urlTemplate\":\"https:\/\/www.padreeustaquio.com.br\/?s={search_term_string}\"},\"query-input\":{\"@type\":\"PropertyValueSpecification\",\"valueRequired\":true,\"valueName\":\"search_term_string\"}}],\"inLanguage\":\"en-US\"},{\"@type\":\"Organization\",\"@id\":\"https:\/\/www.padreeustaquio.com.br\/#organization\",\"name\":\"Padre Eust\u00e1quio\",\"url\":\"https:\/\/www.padreeustaquio.com.br\/\",\"logo\":{\"@type\":\"ImageObject\",\"inLanguage\":\"en-US\",\"@id\":\"https:\/\/www.padreeustaquio.com.br\/#\/schema\/logo\/image\/\",\"url\":\"https:\/\/www.padreeustaquio.com.br\/wp-content\/uploads\/2019\/08\/marca.png\",\"contentUrl\":\"https:\/\/www.padreeustaquio.com.br\/wp-content\/uploads\/2019\/08\/marca.png\",\"width\":350,\"height\":400,\"caption\":\"Padre Eust\u00e1quio\"},\"image\":{\"@id\":\"https:\/\/www.padreeustaquio.com.br\/#\/schema\/logo\/image\/\"},\"sameAs\":[\"https:\/\/www.facebook.com\/beatopadreeustaquio\/\",\"https:\/\/x.com\/beatopeustaquio\",\"https:\/\/www.instagram.com\/beatopadreeustaquio\/\",\"https:\/\/www.youtube.com\/channel\/UCRhw7vfabnajwLxb1ZXMeIw\"]},{\"@type\":\"Person\",\"@id\":\"https:\/\/www.padreeustaquio.com.br\/#\/schema\/person\/a2a51db1d00f1a7af0204a0f1ddb1566\",\"name\":\"@sscc\",\"image\":{\"@type\":\"ImageObject\",\"inLanguage\":\"en-US\",\"@id\":\"https:\/\/secure.gravatar.com\/avatar\/68cfafa5f44617fea54071e215026e0ff06be366c3d54a8425f04fdcb86f8c5f?s=96&d=mm&r=g\",\"url\":\"https:\/\/secure.gravatar.com\/avatar\/68cfafa5f44617fea54071e215026e0ff06be366c3d54a8425f04fdcb86f8c5f?s=96&d=mm&r=g\",\"contentUrl\":\"https:\/\/secure.gravatar.com\/avatar\/68cfafa5f44617fea54071e215026e0ff06be366c3d54a8425f04fdcb86f8c5f?s=96&d=mm&r=g\",\"caption\":\"@sscc\"},\"url\":\"https:\/\/www.padreeustaquio.com.br\/en\/author\/sscc\/\"}]}<\/script>\n<!-- \/ Yoast SEO plugin. -->","yoast_head_json":{"title":"Padre Eust\u00e1quio Museum opens to the public.","description":"Inaugurated on August 30th, the feast day of Blessed Father Eustace, the museum dedicated to the Blessed Father&#039;s history is now open to the public in Belo Horizonte.","robots":{"index":"index","follow":"follow","max-snippet":"max-snippet:-1","max-image-preview":"max-image-preview:large","max-video-preview":"max-video-preview:-1"},"canonical":"https:\/\/www.padreeustaquio.com.br\/en\/padre-eustaquio-museum-opens-to-the-public\/","og_locale":"en_US","og_type":"article","og_title":"Museu Padre Eust\u00e1quio abre \u00e0 visita\u00e7\u00e3o p\u00fablica","og_description":"Inaugurado no dia 30 de agosto, dia do Beato Padre Eust\u00e1quio, o museu dedicado \u00e0 hist\u00f3ria do Bem-aventurado j\u00e1 est\u00e1 aberto \u00e0 visita\u00e7\u00e3o do p\u00fablico em Belo Horizonte.","og_url":"https:\/\/www.padreeustaquio.com.br\/en\/padre-eustaquio-museum-opens-to-the-public\/","og_site_name":"Padre Eust\u00e1quio","article_publisher":"https:\/\/www.facebook.com\/beatopadreeustaquio\/","article_published_time":"2023-09-08T11:42:33+00:00","og_image":[{"width":1600,"height":1200,"url":"https:\/\/www.padreeustaquio.com.br\/wp-content\/uploads\/2023\/09\/museu-padre-eustaquio-1.jpeg","type":"image\/jpeg"}],"author":"@sscc","twitter_card":"summary_large_image","twitter_creator":"@beatopeustaquio","twitter_site":"@beatopeustaquio","twitter_misc":{"Written by":"@sscc","Est. reading time":"2 minutes"},"schema":{"@context":"https:\/\/schema.org","@graph":[{"@type":"Article","@id":"https:\/\/www.padreeustaquio.com.br\/museu-padre-eustaquio-abre-a-visitacao-publica\/#article","isPartOf":{"@id":"https:\/\/www.padreeustaquio.com.br\/museu-padre-eustaquio-abre-a-visitacao-publica\/"},"author":{"name":"@sscc","@id":"https:\/\/www.padreeustaquio.com.br\/#\/schema\/person\/a2a51db1d00f1a7af0204a0f1ddb1566"},"headline":"Museu Padre Eust\u00e1quio abre \u00e0 visita\u00e7\u00e3o p\u00fablica","datePublished":"2023-09-08T11:42:33+00:00","mainEntityOfPage":{"@id":"https:\/\/www.padreeustaquio.com.br\/museu-padre-eustaquio-abre-a-visitacao-publica\/"},"wordCount":230,"commentCount":0,"publisher":{"@id":"https:\/\/www.padreeustaquio.com.br\/#organization"},"image":{"@id":"https:\/\/www.padreeustaquio.com.br\/museu-padre-eustaquio-abre-a-visitacao-publica\/#primaryimage"},"thumbnailUrl":"https:\/\/www.padreeustaquio.com.br\/wp-content\/uploads\/2023\/09\/museu-padre-eustaquio-1.jpeg","articleSection":["Not\u00edcias"],"inLanguage":"en-US","potentialAction":[{"@type":"CommentAction","name":"Comment","target":["https:\/\/www.padreeustaquio.com.br\/museu-padre-eustaquio-abre-a-visitacao-publica\/#respond"]}]},{"@type":"WebPage","@id":"https:\/\/www.padreeustaquio.com.br\/museu-padre-eustaquio-abre-a-visitacao-publica\/","url":"https:\/\/www.padreeustaquio.com.br\/museu-padre-eustaquio-abre-a-visitacao-publica\/","name":"Padre Eust\u00e1quio Museum opens to the public.","isPartOf":{"@id":"https:\/\/www.padreeustaquio.com.br\/#website"},"primaryImageOfPage":{"@id":"https:\/\/www.padreeustaquio.com.br\/museu-padre-eustaquio-abre-a-visitacao-publica\/#primaryimage"},"image":{"@id":"https:\/\/www.padreeustaquio.com.br\/museu-padre-eustaquio-abre-a-visitacao-publica\/#primaryimage"},"thumbnailUrl":"https:\/\/www.padreeustaquio.com.br\/wp-content\/uploads\/2023\/09\/museu-padre-eustaquio-1.jpeg","datePublished":"2023-09-08T11:42:33+00:00","description":"Inaugurated on August 30th, the feast day of Blessed Father Eustace, the museum dedicated to the Blessed Father&#039;s history is now open to the public in Belo Horizonte.","breadcrumb":{"@id":"https:\/\/www.padreeustaquio.com.br\/museu-padre-eustaquio-abre-a-visitacao-publica\/#breadcrumb"},"inLanguage":"en-US","potentialAction":[{"@type":"ReadAction","target":["https:\/\/www.padreeustaquio.com.br\/museu-padre-eustaquio-abre-a-visitacao-publica\/"]}]},{"@type":"ImageObject","inLanguage":"en-US","@id":"https:\/\/www.padreeustaquio.com.br\/museu-padre-eustaquio-abre-a-visitacao-publica\/#primaryimage","url":"https:\/\/www.padreeustaquio.com.br\/wp-content\/uploads\/2023\/09\/museu-padre-eustaquio-1.jpeg","contentUrl":"https:\/\/www.padreeustaquio.com.br\/wp-content\/uploads\/2023\/09\/museu-padre-eustaquio-1.jpeg","width":1600,"height":1200},{"@type":"BreadcrumbList","@id":"https:\/\/www.padreeustaquio.com.br\/museu-padre-eustaquio-abre-a-visitacao-publica\/#breadcrumb","itemListElement":[{"@type":"ListItem","position":1,"name":"In\u00edcio","item":"https:\/\/www.padreeustaquio.com.br\/"},{"@type":"ListItem","position":2,"name":"Museu Padre Eust\u00e1quio abre \u00e0 visita\u00e7\u00e3o p\u00fablica"}]},{"@type":"WebSite","@id":"https:\/\/www.padreeustaquio.com.br\/#website","url":"https:\/\/www.padreeustaquio.com.br\/","name":"FATHER EUST\u00c1QUIO","description":"Health and Peace","publisher":{"@id":"https:\/\/www.padreeustaquio.com.br\/#organization"},"potentialAction":[{"@type":"SearchAction","target":{"@type":"EntryPoint","urlTemplate":"https:\/\/www.padreeustaquio.com.br\/?s={search_term_string}"},"query-input":{"@type":"PropertyValueSpecification","valueRequired":true,"valueName":"search_term_string"}}],"inLanguage":"en-US"},{"@type":"Organization","@id":"https:\/\/www.padreeustaquio.com.br\/#organization","name":"FATHER EUST\u00c1QUIO","url":"https:\/\/www.padreeustaquio.com.br\/","logo":{"@type":"ImageObject","inLanguage":"en-US","@id":"https:\/\/www.padreeustaquio.com.br\/#\/schema\/logo\/image\/","url":"https:\/\/www.padreeustaquio.com.br\/wp-content\/uploads\/2019\/08\/marca.png","contentUrl":"https:\/\/www.padreeustaquio.com.br\/wp-content\/uploads\/2019\/08\/marca.png","width":350,"height":400,"caption":"Padre Eust\u00e1quio"},"image":{"@id":"https:\/\/www.padreeustaquio.com.br\/#\/schema\/logo\/image\/"},"sameAs":["https:\/\/www.facebook.com\/beatopadreeustaquio\/","https:\/\/x.com\/beatopeustaquio","https:\/\/www.instagram.com\/beatopadreeustaquio\/","https:\/\/www.youtube.com\/channel\/UCRhw7vfabnajwLxb1ZXMeIw"]},{"@type":"Person","@id":"https:\/\/www.padreeustaquio.com.br\/#\/schema\/person\/a2a51db1d00f1a7af0204a0f1ddb1566","name":"@sscc","image":{"@type":"ImageObject","inLanguage":"en-US","@id":"https:\/\/secure.gravatar.com\/avatar\/68cfafa5f44617fea54071e215026e0ff06be366c3d54a8425f04fdcb86f8c5f?s=96&d=mm&r=g","url":"https:\/\/secure.gravatar.com\/avatar\/68cfafa5f44617fea54071e215026e0ff06be366c3d54a8425f04fdcb86f8c5f?s=96&d=mm&r=g","contentUrl":"https:\/\/secure.gravatar.com\/avatar\/68cfafa5f44617fea54071e215026e0ff06be366c3d54a8425f04fdcb86f8c5f?s=96&d=mm&r=g","caption":"@sscc"},"url":"https:\/\/www.padreeustaquio.com.br\/en\/author\/sscc\/"}]}},"_links":{"self":[{"href":"https:\/\/www.padreeustaquio.com.br\/en\/wp-json\/wp\/v2\/posts\/10869","targetHints":{"allow":["GET"]}}],"collection":[{"href":"https:\/\/www.padreeustaquio.com.br\/en\/wp-json\/wp\/v2\/posts"}],"about":[{"href":"https:\/\/www.padreeustaquio.com.br\/en\/wp-json\/wp\/v2\/types\/post"}],"author":[{"embeddable":true,"href":"https:\/\/www.padreeustaquio.com.br\/en\/wp-json\/wp\/v2\/users\/2"}],"replies":[{"embeddable":true,"href":"https:\/\/www.padreeustaquio.com.br\/en\/wp-json\/wp\/v2\/comments?post=10869"}],"version-history":[{"count":0,"href":"https:\/\/www.padreeustaquio.com.br\/en\/wp-json\/wp\/v2\/posts\/10869\/revisions"}],"wp:featuredmedia":[{"embeddable":true,"href":"https:\/\/www.padreeustaquio.com.br\/en\/wp-json\/wp\/v2\/media\/10871"}],"wp:attachment":[{"href":"https:\/\/www.padreeustaquio.com.br\/en\/wp-json\/wp\/v2\/media?parent=10869"}],"wp:term":[{"taxonomy":"category","embeddable":true,"href":"https:\/\/www.padreeustaquio.com.br\/en\/wp-json\/wp\/v2\/categories?post=10869"},{"taxonomy":"post_tag","embeddable":true,"href":"https:\/\/www.padreeustaquio.com.br\/en\/wp-json\/wp\/v2\/tags?post=10869"}],"curies":[{"name":"wp","href":"https:\/\/api.w.org\/{rel}","templated":true}]}}