{"id":10841,"date":"2023-08-28T09:52:36","date_gmt":"2023-08-28T12:52:36","guid":{"rendered":"https:\/\/www.padreeustaquio.com.br\/?p=10841"},"modified":"2023-08-29T07:38:10","modified_gmt":"2023-08-29T10:38:10","slug":"faithful-celebrate-this-wednesday-the-80th-anniversary-of-the-death-of-blessed-father-eustace","status":"publish","type":"post","link":"https:\/\/www.padreeustaquio.com.br\/en\/faithful-celebrate-this-wednesday-the-80th-anniversary-of-the-death-of-blessed-father-eustace\/","title":{"rendered":"Faithful celebrate this Wednesday the 80th anniversary of the death of Blessed Father Eustace."},"content":{"rendered":"<p>Devotees from all over the country and even from outside Brazil will commemorate this Wednesday, August 30th, the 80th anniversary of the death of Father Eust\u00e1quio. The religious figure, already proclaimed Blessed by the Holy See, died in 1943, a victim of spotted fever, and is considered by many to be a true saint.<\/p>\n<p>The festivities at the Archdiocesan Sanctuary of Health and Peace began on the 19th when the &quot;Singers of God&quot; performed a show at the Church of Father Eust\u00e1quio, opening the celebrations. From the 21st to the 29th, invited priests and religious, as well as devotees from various parts of Brazil, participated in the novena in Belo Horizonte.<\/p>\n<p>For the liturgical day of Blessed Father Eust\u00e1quio, August 30th, more than 25,000 people are expected to visit the Sanctuary in the northwest region of the capital of Minas Gerais. Masses will be held at 6:00 AM, 7:00 AM, 9:00 AM, 11:00 AM, 1:00 PM, 3:00 PM, and 5:00 PM, followed by a solemn celebration at 7:00 PM and a candlelight procession. The highlight of the day will be the inauguration of the Father Eust\u00e1quio Museum at the ASPE Cultural Center (attached to the church). The unveiling of the plaque will take place at 8:30 AM and will be attended by religious authorities, representatives of the municipal administration, and Father Eust\u00e1quio&#039;s nephews.<\/p>\n<p>In addition to the Masses and the inauguration of the Museum, the faithful and devotees will also be able to participate in moments of Adoration, pray the Holy Rosary, and visit the community stalls set up in the square all day.<\/p>\n<p>This year, a group of 12 people, relatives of Father Eust\u00e1quio, will participate in the festivities in Belo Horizonte. In addition to Will and Jan, nephews of the Blessed, great-cousins and great-nephews also came to experience the celebration.<\/p>\n<p>Another important presence is that of the Postulator General of the Cause, Fr. Andrzej Lukawski, ss.cc. The religious figure who represents the Cause for the Canonization of Father Eust\u00e1quio before the Holy See is already in Belo Horizonte and will participate in the solemn mass at 7 pm.<\/p>\n<p><span class=\"selectable-text copyable-text\">All programming, including all masses and the museum&#039;s inauguration, will be broadcast live on... <a href=\"https:\/\/www.youtube.com\/@CanalPadreEustaquio\">Padre Eust\u00e1quio Channel on YouTube<\/a>, starting at 6 AM.<\/span><\/p>\n<p><strong>Blessed Father Eustace<\/strong><\/p>\n<p>Born Hubbertus on November 3, 1889, in Aarle Rixtel, Netherlands, Father Eustace came from a large and very religious family. Baptized on the same day he was born, the boy entered the Congregation of the Sacred Hearts shortly before turning 15.<\/p>\n<p>Inspired by the missionary ideal of Saint Damien of Molokai, Eust\u00e1quio professed his vows in 1915 and four years later was ordained a priest. In 1925 he came to Brazil as a missionary, passing through \u00c1gua Suja (now Romaria-MG), Po\u00e1-SP and several other cities in the interior of Minas Gerais, as well as the capital Rio de Janeiro. In 1942 he arrived in Belo Horizonte, where he stayed for a little over a year and four months.<\/p>\n<p>Bitten by a tick, Father Eust\u00e1quio died on August 30, 1943, at the Minas Gerais Sanatorium (now Alberto Cavalcanti Hospital) in Belo Horizonte. His reputation for holiness spread among the people, leading the Church to open the Beatification process thirteen years after his death.<\/p>\n<p>After several stages of the process, Pope Saint John Paul II declared him Venerable in 2003, and in 2006 Pope Benedict XVI included Father Eustace&#039;s name in the list of the Blessed of the Church. Currently, the Holy See awaits confirmation of one more miracle to declare Father Eustace a saint.<\/p>","protected":false},"excerpt":{"rendered":"<p>Devotos de todo o pa\u00eds e at\u00e9 de fora do Brasil v\u00e3o relembrar nesta quarta-feira, dia 30 de agosto, 80 anos da morte de Padre Eust\u00e1quio. O religioso, j\u00e1 proclamado Bem-Aventurado pela Santa S\u00e9, morreu em 1943, v\u00edtima de febre maculosa e \u00e9 considerado por muitos um verdadeiro santo. As festividades no Santu\u00e1rio Arquidiocesano da Sa\u00fade e da Paz, tiveram in\u00edcio no dia 19 quando os &#8220;Cantores de Deus&#8221; fizeram um show na Igreja do Padre Eust\u00e1quio, abrindo as comemora\u00e7\u00f5es. Do dia 21 ao dia 29, padres e religiosos convidados, al\u00e9m de devotos vindos de v\u00e1rias partes do Brasil, participaram [&hellip;]<\/p>\n","protected":false},"author":2,"featured_media":10842,"comment_status":"open","ping_status":"closed","sticky":false,"template":"","format":"standard","meta":{"_acf_changed":false,"footnotes":""},"categories":[611],"tags":[],"class_list":["post-10841","post","type-post","status-publish","format-standard","has-post-thumbnail","hentry","category-noticias"],"acf":[],"yoast_head":"<!-- This site is optimized with the Yoast SEO plugin v27.2 - https:\/\/yoast.com\/product\/yoast-seo-wordpress\/ -->\n<title>Fi\u00e9is celebram nesta quarta-feira os 80 anos da morte do Beato Padre Eust\u00e1quio<\/title>\n<meta name=\"description\" content=\"Devotos de todo o pa\u00eds e at\u00e9 de fora do Brasil v\u00e3o relembrar nesta quarta-feira, dia 30 de agosto, 80 anos da morte de Padre Eust\u00e1quio. O religioso, j\u00e1 proclamado Bem-Aventurado pela Santa S\u00e9, morreu em 1943, v\u00edtima de febre maculosa e \u00e9 considerado por muitos um verdadeiro santo.\" \/>\n<meta name=\"robots\" content=\"index, follow, max-snippet:-1, max-image-preview:large, max-video-preview:-1\" \/>\n<link rel=\"canonical\" href=\"https:\/\/www.padreeustaquio.com.br\/en\/faithful-celebrate-this-wednesday-the-80th-anniversary-of-the-death-of-blessed-father-eustace\/\" \/>\n<meta property=\"og:locale\" content=\"en_US\" \/>\n<meta property=\"og:type\" content=\"article\" \/>\n<meta property=\"og:title\" content=\"Fi\u00e9is celebram nesta quarta-feira os 80 anos da morte do Beato Padre Eust\u00e1quio\" \/>\n<meta property=\"og:description\" content=\"Devotos de todo o pa\u00eds e at\u00e9 de fora do Brasil v\u00e3o relembrar nesta quarta-feira, dia 30 de agosto, 80 anos da morte de Padre Eust\u00e1quio. O religioso, j\u00e1 proclamado Bem-Aventurado pela Santa S\u00e9, morreu em 1943, v\u00edtima de febre maculosa e \u00e9 considerado por muitos um verdadeiro santo.\" \/>\n<meta property=\"og:url\" content=\"https:\/\/www.padreeustaquio.com.br\/en\/faithful-celebrate-this-wednesday-the-80th-anniversary-of-the-death-of-blessed-father-eustace\/\" \/>\n<meta property=\"og:site_name\" content=\"Padre Eust\u00e1quio\" \/>\n<meta property=\"article:publisher\" content=\"https:\/\/www.facebook.com\/beatopadreeustaquio\/\" \/>\n<meta property=\"article:published_time\" content=\"2023-08-28T12:52:36+00:00\" \/>\n<meta property=\"article:modified_time\" content=\"2023-08-29T10:38:10+00:00\" \/>\n<meta property=\"og:image\" content=\"https:\/\/www.padreeustaquio.com.br\/wp-content\/uploads\/2023\/08\/30-FESTA.jpg\" \/>\n\t<meta property=\"og:image:width\" content=\"1920\" \/>\n\t<meta property=\"og:image:height\" content=\"1080\" \/>\n\t<meta property=\"og:image:type\" content=\"image\/jpeg\" \/>\n<meta name=\"author\" content=\"@sscc\" \/>\n<meta name=\"twitter:card\" content=\"summary_large_image\" \/>\n<meta name=\"twitter:creator\" content=\"@beatopeustaquio\" \/>\n<meta name=\"twitter:site\" content=\"@beatopeustaquio\" \/>\n<meta name=\"twitter:label1\" content=\"Written by\" \/>\n\t<meta name=\"twitter:data1\" content=\"@sscc\" \/>\n\t<meta name=\"twitter:label2\" content=\"Est. reading time\" \/>\n\t<meta name=\"twitter:data2\" content=\"3 minutes\" \/>\n<script type=\"application\/ld+json\" class=\"yoast-schema-graph\">{\"@context\":\"https:\/\/schema.org\",\"@graph\":[{\"@type\":\"Article\",\"@id\":\"https:\/\/www.padreeustaquio.com.br\/fieis-celebram-nesta-quarta-feira-os-80-anos-da-morte-do-beato-padre-eustaquio\/#article\",\"isPartOf\":{\"@id\":\"https:\/\/www.padreeustaquio.com.br\/fieis-celebram-nesta-quarta-feira-os-80-anos-da-morte-do-beato-padre-eustaquio\/\"},\"author\":{\"name\":\"@sscc\",\"@id\":\"https:\/\/www.padreeustaquio.com.br\/#\/schema\/person\/a2a51db1d00f1a7af0204a0f1ddb1566\"},\"headline\":\"Fi\u00e9is celebram nesta quarta-feira os 80 anos da morte do Beato Padre Eust\u00e1quio\",\"datePublished\":\"2023-08-28T12:52:36+00:00\",\"dateModified\":\"2023-08-29T10:38:10+00:00\",\"mainEntityOfPage\":{\"@id\":\"https:\/\/www.padreeustaquio.com.br\/fieis-celebram-nesta-quarta-feira-os-80-anos-da-morte-do-beato-padre-eustaquio\/\"},\"wordCount\":602,\"commentCount\":0,\"publisher\":{\"@id\":\"https:\/\/www.padreeustaquio.com.br\/#organization\"},\"image\":{\"@id\":\"https:\/\/www.padreeustaquio.com.br\/fieis-celebram-nesta-quarta-feira-os-80-anos-da-morte-do-beato-padre-eustaquio\/#primaryimage\"},\"thumbnailUrl\":\"https:\/\/www.padreeustaquio.com.br\/wp-content\/uploads\/2023\/08\/30-FESTA.jpg\",\"articleSection\":[\"Not\u00edcias\"],\"inLanguage\":\"en-US\",\"potentialAction\":[{\"@type\":\"CommentAction\",\"name\":\"Comment\",\"target\":[\"https:\/\/www.padreeustaquio.com.br\/fieis-celebram-nesta-quarta-feira-os-80-anos-da-morte-do-beato-padre-eustaquio\/#respond\"]}]},{\"@type\":\"WebPage\",\"@id\":\"https:\/\/www.padreeustaquio.com.br\/fieis-celebram-nesta-quarta-feira-os-80-anos-da-morte-do-beato-padre-eustaquio\/\",\"url\":\"https:\/\/www.padreeustaquio.com.br\/fieis-celebram-nesta-quarta-feira-os-80-anos-da-morte-do-beato-padre-eustaquio\/\",\"name\":\"Fi\u00e9is celebram nesta quarta-feira os 80 anos da morte do Beato Padre Eust\u00e1quio\",\"isPartOf\":{\"@id\":\"https:\/\/www.padreeustaquio.com.br\/#website\"},\"primaryImageOfPage\":{\"@id\":\"https:\/\/www.padreeustaquio.com.br\/fieis-celebram-nesta-quarta-feira-os-80-anos-da-morte-do-beato-padre-eustaquio\/#primaryimage\"},\"image\":{\"@id\":\"https:\/\/www.padreeustaquio.com.br\/fieis-celebram-nesta-quarta-feira-os-80-anos-da-morte-do-beato-padre-eustaquio\/#primaryimage\"},\"thumbnailUrl\":\"https:\/\/www.padreeustaquio.com.br\/wp-content\/uploads\/2023\/08\/30-FESTA.jpg\",\"datePublished\":\"2023-08-28T12:52:36+00:00\",\"dateModified\":\"2023-08-29T10:38:10+00:00\",\"description\":\"Devotos de todo o pa\u00eds e at\u00e9 de fora do Brasil v\u00e3o relembrar nesta quarta-feira, dia 30 de agosto, 80 anos da morte de Padre Eust\u00e1quio. O religioso, j\u00e1 proclamado Bem-Aventurado pela Santa S\u00e9, morreu em 1943, v\u00edtima de febre maculosa e \u00e9 considerado por muitos um verdadeiro santo.\",\"breadcrumb\":{\"@id\":\"https:\/\/www.padreeustaquio.com.br\/fieis-celebram-nesta-quarta-feira-os-80-anos-da-morte-do-beato-padre-eustaquio\/#breadcrumb\"},\"inLanguage\":\"en-US\",\"potentialAction\":[{\"@type\":\"ReadAction\",\"target\":[\"https:\/\/www.padreeustaquio.com.br\/fieis-celebram-nesta-quarta-feira-os-80-anos-da-morte-do-beato-padre-eustaquio\/\"]}]},{\"@type\":\"ImageObject\",\"inLanguage\":\"en-US\",\"@id\":\"https:\/\/www.padreeustaquio.com.br\/fieis-celebram-nesta-quarta-feira-os-80-anos-da-morte-do-beato-padre-eustaquio\/#primaryimage\",\"url\":\"https:\/\/www.padreeustaquio.com.br\/wp-content\/uploads\/2023\/08\/30-FESTA.jpg\",\"contentUrl\":\"https:\/\/www.padreeustaquio.com.br\/wp-content\/uploads\/2023\/08\/30-FESTA.jpg\",\"width\":1920,\"height\":1080},{\"@type\":\"BreadcrumbList\",\"@id\":\"https:\/\/www.padreeustaquio.com.br\/fieis-celebram-nesta-quarta-feira-os-80-anos-da-morte-do-beato-padre-eustaquio\/#breadcrumb\",\"itemListElement\":[{\"@type\":\"ListItem\",\"position\":1,\"name\":\"In\u00edcio\",\"item\":\"https:\/\/www.padreeustaquio.com.br\/\"},{\"@type\":\"ListItem\",\"position\":2,\"name\":\"Fi\u00e9is celebram nesta quarta-feira os 80 anos da morte do Beato Padre Eust\u00e1quio\"}]},{\"@type\":\"WebSite\",\"@id\":\"https:\/\/www.padreeustaquio.com.br\/#website\",\"url\":\"https:\/\/www.padreeustaquio.com.br\/\",\"name\":\"Padre Eust\u00e1quio\",\"description\":\"Sa\u00fade e Paz\",\"publisher\":{\"@id\":\"https:\/\/www.padreeustaquio.com.br\/#organization\"},\"potentialAction\":[{\"@type\":\"SearchAction\",\"target\":{\"@type\":\"EntryPoint\",\"urlTemplate\":\"https:\/\/www.padreeustaquio.com.br\/?s={search_term_string}\"},\"query-input\":{\"@type\":\"PropertyValueSpecification\",\"valueRequired\":true,\"valueName\":\"search_term_string\"}}],\"inLanguage\":\"en-US\"},{\"@type\":\"Organization\",\"@id\":\"https:\/\/www.padreeustaquio.com.br\/#organization\",\"name\":\"Padre Eust\u00e1quio\",\"url\":\"https:\/\/www.padreeustaquio.com.br\/\",\"logo\":{\"@type\":\"ImageObject\",\"inLanguage\":\"en-US\",\"@id\":\"https:\/\/www.padreeustaquio.com.br\/#\/schema\/logo\/image\/\",\"url\":\"https:\/\/www.padreeustaquio.com.br\/wp-content\/uploads\/2019\/08\/marca.png\",\"contentUrl\":\"https:\/\/www.padreeustaquio.com.br\/wp-content\/uploads\/2019\/08\/marca.png\",\"width\":350,\"height\":400,\"caption\":\"Padre Eust\u00e1quio\"},\"image\":{\"@id\":\"https:\/\/www.padreeustaquio.com.br\/#\/schema\/logo\/image\/\"},\"sameAs\":[\"https:\/\/www.facebook.com\/beatopadreeustaquio\/\",\"https:\/\/x.com\/beatopeustaquio\",\"https:\/\/www.instagram.com\/beatopadreeustaquio\/\",\"https:\/\/www.youtube.com\/channel\/UCRhw7vfabnajwLxb1ZXMeIw\"]},{\"@type\":\"Person\",\"@id\":\"https:\/\/www.padreeustaquio.com.br\/#\/schema\/person\/a2a51db1d00f1a7af0204a0f1ddb1566\",\"name\":\"@sscc\",\"image\":{\"@type\":\"ImageObject\",\"inLanguage\":\"en-US\",\"@id\":\"https:\/\/secure.gravatar.com\/avatar\/68cfafa5f44617fea54071e215026e0ff06be366c3d54a8425f04fdcb86f8c5f?s=96&d=mm&r=g\",\"url\":\"https:\/\/secure.gravatar.com\/avatar\/68cfafa5f44617fea54071e215026e0ff06be366c3d54a8425f04fdcb86f8c5f?s=96&d=mm&r=g\",\"contentUrl\":\"https:\/\/secure.gravatar.com\/avatar\/68cfafa5f44617fea54071e215026e0ff06be366c3d54a8425f04fdcb86f8c5f?s=96&d=mm&r=g\",\"caption\":\"@sscc\"},\"url\":\"https:\/\/www.padreeustaquio.com.br\/en\/author\/sscc\/\"}]}<\/script>\n<!-- \/ Yoast SEO plugin. -->","yoast_head_json":{"title":"Faithful celebrate this Wednesday the 80th anniversary of the death of Blessed Father Eustace.","description":"Devotees from all over the country and even from outside Brazil will commemorate this Wednesday, August 30th, the 80th anniversary of the death of Father Eust\u00e1quio. The religious figure, already proclaimed Blessed by the Holy See, died in 1943, a victim of spotted fever, and is considered by many to be a true saint.","robots":{"index":"index","follow":"follow","max-snippet":"max-snippet:-1","max-image-preview":"max-image-preview:large","max-video-preview":"max-video-preview:-1"},"canonical":"https:\/\/www.padreeustaquio.com.br\/en\/faithful-celebrate-this-wednesday-the-80th-anniversary-of-the-death-of-blessed-father-eustace\/","og_locale":"en_US","og_type":"article","og_title":"Fi\u00e9is celebram nesta quarta-feira os 80 anos da morte do Beato Padre Eust\u00e1quio","og_description":"Devotos de todo o pa\u00eds e at\u00e9 de fora do Brasil v\u00e3o relembrar nesta quarta-feira, dia 30 de agosto, 80 anos da morte de Padre Eust\u00e1quio. O religioso, j\u00e1 proclamado Bem-Aventurado pela Santa S\u00e9, morreu em 1943, v\u00edtima de febre maculosa e \u00e9 considerado por muitos um verdadeiro santo.","og_url":"https:\/\/www.padreeustaquio.com.br\/en\/faithful-celebrate-this-wednesday-the-80th-anniversary-of-the-death-of-blessed-father-eustace\/","og_site_name":"Padre Eust\u00e1quio","article_publisher":"https:\/\/www.facebook.com\/beatopadreeustaquio\/","article_published_time":"2023-08-28T12:52:36+00:00","article_modified_time":"2023-08-29T10:38:10+00:00","og_image":[{"width":1920,"height":1080,"url":"https:\/\/www.padreeustaquio.com.br\/wp-content\/uploads\/2023\/08\/30-FESTA.jpg","type":"image\/jpeg"}],"author":"@sscc","twitter_card":"summary_large_image","twitter_creator":"@beatopeustaquio","twitter_site":"@beatopeustaquio","twitter_misc":{"Written by":"@sscc","Est. reading time":"3 minutes"},"schema":{"@context":"https:\/\/schema.org","@graph":[{"@type":"Article","@id":"https:\/\/www.padreeustaquio.com.br\/fieis-celebram-nesta-quarta-feira-os-80-anos-da-morte-do-beato-padre-eustaquio\/#article","isPartOf":{"@id":"https:\/\/www.padreeustaquio.com.br\/fieis-celebram-nesta-quarta-feira-os-80-anos-da-morte-do-beato-padre-eustaquio\/"},"author":{"name":"@sscc","@id":"https:\/\/www.padreeustaquio.com.br\/#\/schema\/person\/a2a51db1d00f1a7af0204a0f1ddb1566"},"headline":"Fi\u00e9is celebram nesta quarta-feira os 80 anos da morte do Beato Padre Eust\u00e1quio","datePublished":"2023-08-28T12:52:36+00:00","dateModified":"2023-08-29T10:38:10+00:00","mainEntityOfPage":{"@id":"https:\/\/www.padreeustaquio.com.br\/fieis-celebram-nesta-quarta-feira-os-80-anos-da-morte-do-beato-padre-eustaquio\/"},"wordCount":602,"commentCount":0,"publisher":{"@id":"https:\/\/www.padreeustaquio.com.br\/#organization"},"image":{"@id":"https:\/\/www.padreeustaquio.com.br\/fieis-celebram-nesta-quarta-feira-os-80-anos-da-morte-do-beato-padre-eustaquio\/#primaryimage"},"thumbnailUrl":"https:\/\/www.padreeustaquio.com.br\/wp-content\/uploads\/2023\/08\/30-FESTA.jpg","articleSection":["Not\u00edcias"],"inLanguage":"en-US","potentialAction":[{"@type":"CommentAction","name":"Comment","target":["https:\/\/www.padreeustaquio.com.br\/fieis-celebram-nesta-quarta-feira-os-80-anos-da-morte-do-beato-padre-eustaquio\/#respond"]}]},{"@type":"WebPage","@id":"https:\/\/www.padreeustaquio.com.br\/fieis-celebram-nesta-quarta-feira-os-80-anos-da-morte-do-beato-padre-eustaquio\/","url":"https:\/\/www.padreeustaquio.com.br\/fieis-celebram-nesta-quarta-feira-os-80-anos-da-morte-do-beato-padre-eustaquio\/","name":"Faithful celebrate this Wednesday the 80th anniversary of the death of Blessed Father Eustace.","isPartOf":{"@id":"https:\/\/www.padreeustaquio.com.br\/#website"},"primaryImageOfPage":{"@id":"https:\/\/www.padreeustaquio.com.br\/fieis-celebram-nesta-quarta-feira-os-80-anos-da-morte-do-beato-padre-eustaquio\/#primaryimage"},"image":{"@id":"https:\/\/www.padreeustaquio.com.br\/fieis-celebram-nesta-quarta-feira-os-80-anos-da-morte-do-beato-padre-eustaquio\/#primaryimage"},"thumbnailUrl":"https:\/\/www.padreeustaquio.com.br\/wp-content\/uploads\/2023\/08\/30-FESTA.jpg","datePublished":"2023-08-28T12:52:36+00:00","dateModified":"2023-08-29T10:38:10+00:00","description":"Devotees from all over the country and even from outside Brazil will commemorate this Wednesday, August 30th, the 80th anniversary of the death of Father Eust\u00e1quio. The religious figure, already proclaimed Blessed by the Holy See, died in 1943, a victim of spotted fever, and is considered by many to be a true saint.","breadcrumb":{"@id":"https:\/\/www.padreeustaquio.com.br\/fieis-celebram-nesta-quarta-feira-os-80-anos-da-morte-do-beato-padre-eustaquio\/#breadcrumb"},"inLanguage":"en-US","potentialAction":[{"@type":"ReadAction","target":["https:\/\/www.padreeustaquio.com.br\/fieis-celebram-nesta-quarta-feira-os-80-anos-da-morte-do-beato-padre-eustaquio\/"]}]},{"@type":"ImageObject","inLanguage":"en-US","@id":"https:\/\/www.padreeustaquio.com.br\/fieis-celebram-nesta-quarta-feira-os-80-anos-da-morte-do-beato-padre-eustaquio\/#primaryimage","url":"https:\/\/www.padreeustaquio.com.br\/wp-content\/uploads\/2023\/08\/30-FESTA.jpg","contentUrl":"https:\/\/www.padreeustaquio.com.br\/wp-content\/uploads\/2023\/08\/30-FESTA.jpg","width":1920,"height":1080},{"@type":"BreadcrumbList","@id":"https:\/\/www.padreeustaquio.com.br\/fieis-celebram-nesta-quarta-feira-os-80-anos-da-morte-do-beato-padre-eustaquio\/#breadcrumb","itemListElement":[{"@type":"ListItem","position":1,"name":"In\u00edcio","item":"https:\/\/www.padreeustaquio.com.br\/"},{"@type":"ListItem","position":2,"name":"Fi\u00e9is celebram nesta quarta-feira os 80 anos da morte do Beato Padre Eust\u00e1quio"}]},{"@type":"WebSite","@id":"https:\/\/www.padreeustaquio.com.br\/#website","url":"https:\/\/www.padreeustaquio.com.br\/","name":"FATHER EUST\u00c1QUIO","description":"Health and Peace","publisher":{"@id":"https:\/\/www.padreeustaquio.com.br\/#organization"},"potentialAction":[{"@type":"SearchAction","target":{"@type":"EntryPoint","urlTemplate":"https:\/\/www.padreeustaquio.com.br\/?s={search_term_string}"},"query-input":{"@type":"PropertyValueSpecification","valueRequired":true,"valueName":"search_term_string"}}],"inLanguage":"en-US"},{"@type":"Organization","@id":"https:\/\/www.padreeustaquio.com.br\/#organization","name":"FATHER EUST\u00c1QUIO","url":"https:\/\/www.padreeustaquio.com.br\/","logo":{"@type":"ImageObject","inLanguage":"en-US","@id":"https:\/\/www.padreeustaquio.com.br\/#\/schema\/logo\/image\/","url":"https:\/\/www.padreeustaquio.com.br\/wp-content\/uploads\/2019\/08\/marca.png","contentUrl":"https:\/\/www.padreeustaquio.com.br\/wp-content\/uploads\/2019\/08\/marca.png","width":350,"height":400,"caption":"Padre Eust\u00e1quio"},"image":{"@id":"https:\/\/www.padreeustaquio.com.br\/#\/schema\/logo\/image\/"},"sameAs":["https:\/\/www.facebook.com\/beatopadreeustaquio\/","https:\/\/x.com\/beatopeustaquio","https:\/\/www.instagram.com\/beatopadreeustaquio\/","https:\/\/www.youtube.com\/channel\/UCRhw7vfabnajwLxb1ZXMeIw"]},{"@type":"Person","@id":"https:\/\/www.padreeustaquio.com.br\/#\/schema\/person\/a2a51db1d00f1a7af0204a0f1ddb1566","name":"@sscc","image":{"@type":"ImageObject","inLanguage":"en-US","@id":"https:\/\/secure.gravatar.com\/avatar\/68cfafa5f44617fea54071e215026e0ff06be366c3d54a8425f04fdcb86f8c5f?s=96&d=mm&r=g","url":"https:\/\/secure.gravatar.com\/avatar\/68cfafa5f44617fea54071e215026e0ff06be366c3d54a8425f04fdcb86f8c5f?s=96&d=mm&r=g","contentUrl":"https:\/\/secure.gravatar.com\/avatar\/68cfafa5f44617fea54071e215026e0ff06be366c3d54a8425f04fdcb86f8c5f?s=96&d=mm&r=g","caption":"@sscc"},"url":"https:\/\/www.padreeustaquio.com.br\/en\/author\/sscc\/"}]}},"_links":{"self":[{"href":"https:\/\/www.padreeustaquio.com.br\/en\/wp-json\/wp\/v2\/posts\/10841","targetHints":{"allow":["GET"]}}],"collection":[{"href":"https:\/\/www.padreeustaquio.com.br\/en\/wp-json\/wp\/v2\/posts"}],"about":[{"href":"https:\/\/www.padreeustaquio.com.br\/en\/wp-json\/wp\/v2\/types\/post"}],"author":[{"embeddable":true,"href":"https:\/\/www.padreeustaquio.com.br\/en\/wp-json\/wp\/v2\/users\/2"}],"replies":[{"embeddable":true,"href":"https:\/\/www.padreeustaquio.com.br\/en\/wp-json\/wp\/v2\/comments?post=10841"}],"version-history":[{"count":0,"href":"https:\/\/www.padreeustaquio.com.br\/en\/wp-json\/wp\/v2\/posts\/10841\/revisions"}],"wp:featuredmedia":[{"embeddable":true,"href":"https:\/\/www.padreeustaquio.com.br\/en\/wp-json\/wp\/v2\/media\/10842"}],"wp:attachment":[{"href":"https:\/\/www.padreeustaquio.com.br\/en\/wp-json\/wp\/v2\/media?parent=10841"}],"wp:term":[{"taxonomy":"category","embeddable":true,"href":"https:\/\/www.padreeustaquio.com.br\/en\/wp-json\/wp\/v2\/categories?post=10841"},{"taxonomy":"post_tag","embeddable":true,"href":"https:\/\/www.padreeustaquio.com.br\/en\/wp-json\/wp\/v2\/tags?post=10841"}],"curies":[{"name":"wp","href":"https:\/\/api.w.org\/{rel}","templated":true}]}}