{"id":10838,"date":"2023-08-25T20:23:31","date_gmt":"2023-08-25T23:23:31","guid":{"rendered":"https:\/\/www.padreeustaquio.com.br\/?p=10838"},"modified":"2023-08-25T20:23:31","modified_gmt":"2023-08-25T23:23:31","slug":"postulator-general-of-the-sacred-hearts-visits-cardinal-in-rio-de-janeiro","status":"publish","type":"post","link":"https:\/\/www.padreeustaquio.com.br\/en\/postulator-general-of-the-sacred-hearts-visits-cardinal-in-rio-de-janeiro\/","title":{"rendered":"Postulator General of the Sacred Hearts visits Cardinal in Rio de Janeiro"},"content":{"rendered":"<div>This morning, August 25th, the Postulator General of the Congregation of the Sacred Hearts, Fr. Andrzej Lukawski, sscc, visited Cardinal Dom Orani Tempesta, O.Cist., Archbishop of Rio de Janeiro. He was accompanied by Fr. Jo\u00e3o Lucas Barbosa Alves, ss.cc., who currently works in the capital.<span style=\"font-size: 1.21429rem;\">\u00a0From Rio.<\/span><\/div>\n<div><\/div>\n<div>The reason for the visit was regarding the possibility of opening the cause for Canonization of<b>\u00a0Father M\u00e1ximo Sada Rodeles, ss.cc.<\/b>\u00a0The conversation was positive, and Dom Orani said that the Archdiocese of Rio de Janeiro supports the opening of the case.<\/div>\n<div><\/div>\n<div>From Rio de Janeiro, Father Andrzej will travel to Belo Horizonte where he will participate in the festivities for Blessed Father Eust\u00e1quio. He is expected to arrive next Sunday and concelebrate Masses at the Sanctuary, as well as meet with the Blessed&#039;s family.<\/p>\n<p><strong>Father M\u00e1ximo Sada, SSCC<\/strong><\/p>\n<p><img fetchpriority=\"high\" decoding=\"async\" class=\"alignleft wp-image-10691 size-medium entered lazyloaded\" src=\"https:\/\/www.padreeustaquio.com.br\/wp-content\/uploads\/2023\/07\/Padre-Maximo-Sada-sscc-e1689244179760-192x300.jpeg\" sizes=\"(max-width: 192px) 100vw, 192px\" srcset=\"https:\/\/www.padreeustaquio.com.br\/wp-content\/uploads\/2023\/07\/Padre-Maximo-Sada-sscc-e1689244179760-192x300.jpeg 192w, https:\/\/www.padreeustaquio.com.br\/wp-content\/uploads\/2023\/07\/Padre-Maximo-Sada-sscc-e1689244179760.jpeg 657w\" alt=\"\" width=\"192\" height=\"300\" data-lazy-srcset=\"https:\/\/www.padreeustaquio.com.br\/wp-content\/uploads\/2023\/07\/Padre-Maximo-Sada-sscc-e1689244179760-192x300.jpeg 192w, https:\/\/www.padreeustaquio.com.br\/wp-content\/uploads\/2023\/07\/Padre-Maximo-Sada-sscc-e1689244179760.jpeg 657w\" data-lazy-sizes=\"(max-width: 192px) 100vw, 192px\" data-lazy-src=\"https:\/\/www.padreeustaquio.com.br\/wp-content\/uploads\/2023\/07\/Padre-Maximo-Sada-sscc-e1689244179760-192x300.jpeg\" data-ll-status=\"loaded\" \/>Father M\u00e1ximo Sada Rodeles, ss.cc, was born in Olite \u2013 Navarre, Spain, on September 3, 1919. He was baptized with the name Miguel. He entered the Congregation of the Sacred Hearts at a very young age and began his novitiate during the Spanish Civil War (1936-1939). Because of the war, his novitiate was interrupted and only resumed after its end.<\/p>\n<p>He professed his religious vows in El Escorial on October 12, 1940. In religious life, he adopted the name of his father, M\u00e1ximo. He completed his studies in Philosophy and Theology in Miranda de Ebro, Burgos. He was ordained in 1946, while in his fourth year of Theology studies, close to Easter. After finishing, he spent a short time at the Sacred Hearts College in Madrid. In 1947, he was sent as a missionary to Brazil.<\/p>\n<p>His first mission was at the Nossa Senhora do Desterro parish in Campo Grande, Rio de Janeiro, RJ, as a parish vicar. In 1954 he was appointed superior and parish priest of the Sagrados Cora\u00e7\u00f5es Parish in Tijuca, in addition to being a councilor of the Pro-Province.<\/p>\n<p>In 1960 he returned to Campo Grande as Parish Priest. In the following years he served in various missions of the Congregation: the S\u00e3o Jos\u00e9 dos Pinhais Seminary and the Hugo Lange Church in Curitiba, Paran\u00e1. From there he went to the Santa Margarida Maria Parish, in Vila Mariana in the city of S\u00e3o Paulo.<\/p>\n<p>In the late 1980s, he returned to the Parish of Our Lady of Exile in Rio, where he ministered his missionary gifts until he was murdered during a robbery. His brother in the community and fellow countryman, Fr. Rafael Azanza, ss.cc, was tasked with informing his family and superiors in Spain of his death. Upon being informed of what had happened, his religious sister serenely stated: \u201cThank God! We have a martyr in the family.\u201d.<\/p>\n<p>The day after the assassination, on the 13th, the funeral mass and the procession of the coffin in a fire truck turned into a moving demonstration by thousands of faithful and friends. The mass was presided over by Cardinal Dom Eug\u00eanio Sales, Archbishop of Rio de Janeiro, and concelebrated by a large number of priests from the Congregation and the Archdiocese.<\/p>\n<p>In Campo Grande, as in Tijuca, among his brothers and sisters of the Sacred Hearts, the witness of Father M\u00e1ximo remains alive. He will always be remembered for his generous death, his kindness, zeal, and apostolic dedication.<\/p>\n<\/div>","protected":false},"excerpt":{"rendered":"<p>Na manh\u00e3 de hoje, 25 de agosto, o Postulador-Geral da Congrega\u00e7\u00e3o dos Sagrados Cora\u00e7\u00f5es, Pe. Andrzej Lukawski, sscc, visitou o Cardeal Dom Orani Tempesta, O.Cist., arcebispo do Rio de Janeiro. Ele foi acompanhado do Pe. Jo\u00e3o Lucas Barbosa Alves, ss.cc., que atualmente trabalha na capital\u00a0carioca. O motivo da visita foi sobre a possibilidade da abertura da causa de Canoniza\u00e7\u00e3o do\u00a0Pe. M\u00e1ximo Sada Rodeles, ss.cc.\u00a0A conversa foi positiva e Dom Orani disse que a Arquidiocese do Rio de Janeiro apoia a abertura da causa. Da capital carioca, Pe. Andrzej viaja para Belo Horizonte onde participar\u00e1 das festividades do Beato Padre Eust\u00e1quio. [&hellip;]<\/p>\n","protected":false},"author":2,"featured_media":10839,"comment_status":"open","ping_status":"closed","sticky":false,"template":"","format":"standard","meta":{"_acf_changed":false,"footnotes":""},"categories":[611],"tags":[],"class_list":["post-10838","post","type-post","status-publish","format-standard","has-post-thumbnail","hentry","category-noticias"],"acf":[],"yoast_head":"<!-- This site is optimized with the Yoast SEO plugin v27.2 - https:\/\/yoast.com\/product\/yoast-seo-wordpress\/ -->\n<title>Postulador-Geral dos Sagrados Cora\u00e7\u00f5es visita Cardeal no Rio de Janeiro<\/title>\n<meta name=\"description\" content=\"Na manh\u00e3 de hoje, 25 de agosto, o Postulador-Geral da Congrega\u00e7\u00e3o dos Sagrados Cora\u00e7\u00f5es, Pe. Andrzej Lukawski, sscc, visitou o Cardeal Dom Orani Tempesta, O.Cist., arcebispo do Rio de Janeiro. Ele foi acompanhado do Pe. Jo\u00e3o Lucas Barbosa Alves, ss.cc., que atualmente trabalha na capital\u00a0carioca.\" \/>\n<meta name=\"robots\" content=\"index, follow, max-snippet:-1, max-image-preview:large, max-video-preview:-1\" \/>\n<link rel=\"canonical\" href=\"https:\/\/www.padreeustaquio.com.br\/en\/postulator-general-of-the-sacred-hearts-visits-cardinal-in-rio-de-janeiro\/\" \/>\n<meta property=\"og:locale\" content=\"en_US\" \/>\n<meta property=\"og:type\" content=\"article\" \/>\n<meta property=\"og:title\" content=\"Postulador-Geral dos Sagrados Cora\u00e7\u00f5es visita Cardeal no Rio de Janeiro\" \/>\n<meta property=\"og:description\" content=\"Na manh\u00e3 de hoje, 25 de agosto, o Postulador-Geral da Congrega\u00e7\u00e3o dos Sagrados Cora\u00e7\u00f5es, Pe. Andrzej Lukawski, sscc, visitou o Cardeal Dom Orani Tempesta, O.Cist., arcebispo do Rio de Janeiro. Ele foi acompanhado do Pe. Jo\u00e3o Lucas Barbosa Alves, ss.cc., que atualmente trabalha na capital\u00a0carioca.\" \/>\n<meta property=\"og:url\" content=\"https:\/\/www.padreeustaquio.com.br\/en\/postulator-general-of-the-sacred-hearts-visits-cardinal-in-rio-de-janeiro\/\" \/>\n<meta property=\"og:site_name\" content=\"Padre Eust\u00e1quio\" \/>\n<meta property=\"article:publisher\" content=\"https:\/\/www.facebook.com\/beatopadreeustaquio\/\" \/>\n<meta property=\"article:published_time\" content=\"2023-08-25T23:23:31+00:00\" \/>\n<meta property=\"og:image\" content=\"https:\/\/www.padreeustaquio.com.br\/wp-content\/uploads\/2023\/08\/postulador-geral-visita-ao-cardeal-dom-orani-tempesta-arcebispo-do-rio-de-janeiro-64e8d3463d9e4.jpg\" \/>\n\t<meta property=\"og:image:width\" content=\"1600\" \/>\n\t<meta property=\"og:image:height\" content=\"1200\" \/>\n\t<meta property=\"og:image:type\" content=\"image\/jpeg\" \/>\n<meta name=\"author\" content=\"@sscc\" \/>\n<meta name=\"twitter:card\" content=\"summary_large_image\" \/>\n<meta name=\"twitter:creator\" content=\"@beatopeustaquio\" \/>\n<meta name=\"twitter:site\" content=\"@beatopeustaquio\" \/>\n<meta name=\"twitter:label1\" content=\"Written by\" \/>\n\t<meta name=\"twitter:data1\" content=\"@sscc\" \/>\n\t<meta name=\"twitter:label2\" content=\"Est. reading time\" \/>\n\t<meta name=\"twitter:data2\" content=\"3 minutes\" \/>\n<script type=\"application\/ld+json\" class=\"yoast-schema-graph\">{\"@context\":\"https:\/\/schema.org\",\"@graph\":[{\"@type\":\"Article\",\"@id\":\"https:\/\/www.padreeustaquio.com.br\/postulador-geral-dos-sagrados-coracoes-visita-cardeal-no-rio-de-janeiro\/#article\",\"isPartOf\":{\"@id\":\"https:\/\/www.padreeustaquio.com.br\/postulador-geral-dos-sagrados-coracoes-visita-cardeal-no-rio-de-janeiro\/\"},\"author\":{\"name\":\"@sscc\",\"@id\":\"https:\/\/www.padreeustaquio.com.br\/#\/schema\/person\/a2a51db1d00f1a7af0204a0f1ddb1566\"},\"headline\":\"Postulador-Geral dos Sagrados Cora\u00e7\u00f5es visita Cardeal no Rio de Janeiro\",\"datePublished\":\"2023-08-25T23:23:31+00:00\",\"mainEntityOfPage\":{\"@id\":\"https:\/\/www.padreeustaquio.com.br\/postulador-geral-dos-sagrados-coracoes-visita-cardeal-no-rio-de-janeiro\/\"},\"wordCount\":550,\"commentCount\":0,\"publisher\":{\"@id\":\"https:\/\/www.padreeustaquio.com.br\/#organization\"},\"image\":{\"@id\":\"https:\/\/www.padreeustaquio.com.br\/postulador-geral-dos-sagrados-coracoes-visita-cardeal-no-rio-de-janeiro\/#primaryimage\"},\"thumbnailUrl\":\"https:\/\/www.padreeustaquio.com.br\/wp-content\/uploads\/2023\/08\/postulador-geral-visita-ao-cardeal-dom-orani-tempesta-arcebispo-do-rio-de-janeiro-64e8d3463d9e4.jpg\",\"articleSection\":[\"Not\u00edcias\"],\"inLanguage\":\"en-US\",\"potentialAction\":[{\"@type\":\"CommentAction\",\"name\":\"Comment\",\"target\":[\"https:\/\/www.padreeustaquio.com.br\/postulador-geral-dos-sagrados-coracoes-visita-cardeal-no-rio-de-janeiro\/#respond\"]}]},{\"@type\":\"WebPage\",\"@id\":\"https:\/\/www.padreeustaquio.com.br\/postulador-geral-dos-sagrados-coracoes-visita-cardeal-no-rio-de-janeiro\/\",\"url\":\"https:\/\/www.padreeustaquio.com.br\/postulador-geral-dos-sagrados-coracoes-visita-cardeal-no-rio-de-janeiro\/\",\"name\":\"Postulador-Geral dos Sagrados Cora\u00e7\u00f5es visita Cardeal no Rio de Janeiro\",\"isPartOf\":{\"@id\":\"https:\/\/www.padreeustaquio.com.br\/#website\"},\"primaryImageOfPage\":{\"@id\":\"https:\/\/www.padreeustaquio.com.br\/postulador-geral-dos-sagrados-coracoes-visita-cardeal-no-rio-de-janeiro\/#primaryimage\"},\"image\":{\"@id\":\"https:\/\/www.padreeustaquio.com.br\/postulador-geral-dos-sagrados-coracoes-visita-cardeal-no-rio-de-janeiro\/#primaryimage\"},\"thumbnailUrl\":\"https:\/\/www.padreeustaquio.com.br\/wp-content\/uploads\/2023\/08\/postulador-geral-visita-ao-cardeal-dom-orani-tempesta-arcebispo-do-rio-de-janeiro-64e8d3463d9e4.jpg\",\"datePublished\":\"2023-08-25T23:23:31+00:00\",\"description\":\"Na manh\u00e3 de hoje, 25 de agosto, o Postulador-Geral da Congrega\u00e7\u00e3o dos Sagrados Cora\u00e7\u00f5es, Pe. Andrzej Lukawski, sscc, visitou o Cardeal Dom Orani Tempesta, O.Cist., arcebispo do Rio de Janeiro. Ele foi acompanhado do Pe. Jo\u00e3o Lucas Barbosa Alves, ss.cc., que atualmente trabalha na capital\u00a0carioca.\",\"breadcrumb\":{\"@id\":\"https:\/\/www.padreeustaquio.com.br\/postulador-geral-dos-sagrados-coracoes-visita-cardeal-no-rio-de-janeiro\/#breadcrumb\"},\"inLanguage\":\"en-US\",\"potentialAction\":[{\"@type\":\"ReadAction\",\"target\":[\"https:\/\/www.padreeustaquio.com.br\/postulador-geral-dos-sagrados-coracoes-visita-cardeal-no-rio-de-janeiro\/\"]}]},{\"@type\":\"ImageObject\",\"inLanguage\":\"en-US\",\"@id\":\"https:\/\/www.padreeustaquio.com.br\/postulador-geral-dos-sagrados-coracoes-visita-cardeal-no-rio-de-janeiro\/#primaryimage\",\"url\":\"https:\/\/www.padreeustaquio.com.br\/wp-content\/uploads\/2023\/08\/postulador-geral-visita-ao-cardeal-dom-orani-tempesta-arcebispo-do-rio-de-janeiro-64e8d3463d9e4.jpg\",\"contentUrl\":\"https:\/\/www.padreeustaquio.com.br\/wp-content\/uploads\/2023\/08\/postulador-geral-visita-ao-cardeal-dom-orani-tempesta-arcebispo-do-rio-de-janeiro-64e8d3463d9e4.jpg\",\"width\":1600,\"height\":1200,\"caption\":\"Pe. Andrzej Lukawski, sscc, o Cardeal Dom Orani Tempesta, O.Cist., e Pe. Jo\u00e3o Lucas Barbosa Alves, ss.cc.,\"},{\"@type\":\"BreadcrumbList\",\"@id\":\"https:\/\/www.padreeustaquio.com.br\/postulador-geral-dos-sagrados-coracoes-visita-cardeal-no-rio-de-janeiro\/#breadcrumb\",\"itemListElement\":[{\"@type\":\"ListItem\",\"position\":1,\"name\":\"In\u00edcio\",\"item\":\"https:\/\/www.padreeustaquio.com.br\/\"},{\"@type\":\"ListItem\",\"position\":2,\"name\":\"Postulador-Geral dos Sagrados Cora\u00e7\u00f5es visita Cardeal no Rio de Janeiro\"}]},{\"@type\":\"WebSite\",\"@id\":\"https:\/\/www.padreeustaquio.com.br\/#website\",\"url\":\"https:\/\/www.padreeustaquio.com.br\/\",\"name\":\"Padre Eust\u00e1quio\",\"description\":\"Sa\u00fade e Paz\",\"publisher\":{\"@id\":\"https:\/\/www.padreeustaquio.com.br\/#organization\"},\"potentialAction\":[{\"@type\":\"SearchAction\",\"target\":{\"@type\":\"EntryPoint\",\"urlTemplate\":\"https:\/\/www.padreeustaquio.com.br\/?s={search_term_string}\"},\"query-input\":{\"@type\":\"PropertyValueSpecification\",\"valueRequired\":true,\"valueName\":\"search_term_string\"}}],\"inLanguage\":\"en-US\"},{\"@type\":\"Organization\",\"@id\":\"https:\/\/www.padreeustaquio.com.br\/#organization\",\"name\":\"Padre Eust\u00e1quio\",\"url\":\"https:\/\/www.padreeustaquio.com.br\/\",\"logo\":{\"@type\":\"ImageObject\",\"inLanguage\":\"en-US\",\"@id\":\"https:\/\/www.padreeustaquio.com.br\/#\/schema\/logo\/image\/\",\"url\":\"https:\/\/www.padreeustaquio.com.br\/wp-content\/uploads\/2019\/08\/marca.png\",\"contentUrl\":\"https:\/\/www.padreeustaquio.com.br\/wp-content\/uploads\/2019\/08\/marca.png\",\"width\":350,\"height\":400,\"caption\":\"Padre Eust\u00e1quio\"},\"image\":{\"@id\":\"https:\/\/www.padreeustaquio.com.br\/#\/schema\/logo\/image\/\"},\"sameAs\":[\"https:\/\/www.facebook.com\/beatopadreeustaquio\/\",\"https:\/\/x.com\/beatopeustaquio\",\"https:\/\/www.instagram.com\/beatopadreeustaquio\/\",\"https:\/\/www.youtube.com\/channel\/UCRhw7vfabnajwLxb1ZXMeIw\"]},{\"@type\":\"Person\",\"@id\":\"https:\/\/www.padreeustaquio.com.br\/#\/schema\/person\/a2a51db1d00f1a7af0204a0f1ddb1566\",\"name\":\"@sscc\",\"image\":{\"@type\":\"ImageObject\",\"inLanguage\":\"en-US\",\"@id\":\"https:\/\/secure.gravatar.com\/avatar\/68cfafa5f44617fea54071e215026e0ff06be366c3d54a8425f04fdcb86f8c5f?s=96&d=mm&r=g\",\"url\":\"https:\/\/secure.gravatar.com\/avatar\/68cfafa5f44617fea54071e215026e0ff06be366c3d54a8425f04fdcb86f8c5f?s=96&d=mm&r=g\",\"contentUrl\":\"https:\/\/secure.gravatar.com\/avatar\/68cfafa5f44617fea54071e215026e0ff06be366c3d54a8425f04fdcb86f8c5f?s=96&d=mm&r=g\",\"caption\":\"@sscc\"},\"url\":\"https:\/\/www.padreeustaquio.com.br\/en\/author\/sscc\/\"}]}<\/script>\n<!-- \/ Yoast SEO plugin. -->","yoast_head_json":{"title":"Postulator General of the Sacred Hearts visits Cardinal in Rio de Janeiro","description":"This morning, August 25th, the Postulator General of the Congregation of the Sacred Hearts, Fr. Andrzej Lukawski, sscc, visited Cardinal Dom Orani Tempesta, O.Cist., Archbishop of Rio de Janeiro. He was accompanied by Fr. Jo\u00e3o Lucas Barbosa Alves, ss.cc., who currently works in the city of Rio de Janeiro.","robots":{"index":"index","follow":"follow","max-snippet":"max-snippet:-1","max-image-preview":"max-image-preview:large","max-video-preview":"max-video-preview:-1"},"canonical":"https:\/\/www.padreeustaquio.com.br\/en\/postulator-general-of-the-sacred-hearts-visits-cardinal-in-rio-de-janeiro\/","og_locale":"en_US","og_type":"article","og_title":"Postulador-Geral dos Sagrados Cora\u00e7\u00f5es visita Cardeal no Rio de Janeiro","og_description":"Na manh\u00e3 de hoje, 25 de agosto, o Postulador-Geral da Congrega\u00e7\u00e3o dos Sagrados Cora\u00e7\u00f5es, Pe. Andrzej Lukawski, sscc, visitou o Cardeal Dom Orani Tempesta, O.Cist., arcebispo do Rio de Janeiro. Ele foi acompanhado do Pe. Jo\u00e3o Lucas Barbosa Alves, ss.cc., que atualmente trabalha na capital\u00a0carioca.","og_url":"https:\/\/www.padreeustaquio.com.br\/en\/postulator-general-of-the-sacred-hearts-visits-cardinal-in-rio-de-janeiro\/","og_site_name":"Padre Eust\u00e1quio","article_publisher":"https:\/\/www.facebook.com\/beatopadreeustaquio\/","article_published_time":"2023-08-25T23:23:31+00:00","og_image":[{"width":1600,"height":1200,"url":"https:\/\/www.padreeustaquio.com.br\/wp-content\/uploads\/2023\/08\/postulador-geral-visita-ao-cardeal-dom-orani-tempesta-arcebispo-do-rio-de-janeiro-64e8d3463d9e4.jpg","type":"image\/jpeg"}],"author":"@sscc","twitter_card":"summary_large_image","twitter_creator":"@beatopeustaquio","twitter_site":"@beatopeustaquio","twitter_misc":{"Written by":"@sscc","Est. reading time":"3 minutes"},"schema":{"@context":"https:\/\/schema.org","@graph":[{"@type":"Article","@id":"https:\/\/www.padreeustaquio.com.br\/postulador-geral-dos-sagrados-coracoes-visita-cardeal-no-rio-de-janeiro\/#article","isPartOf":{"@id":"https:\/\/www.padreeustaquio.com.br\/postulador-geral-dos-sagrados-coracoes-visita-cardeal-no-rio-de-janeiro\/"},"author":{"name":"@sscc","@id":"https:\/\/www.padreeustaquio.com.br\/#\/schema\/person\/a2a51db1d00f1a7af0204a0f1ddb1566"},"headline":"Postulador-Geral dos Sagrados Cora\u00e7\u00f5es visita Cardeal no Rio de Janeiro","datePublished":"2023-08-25T23:23:31+00:00","mainEntityOfPage":{"@id":"https:\/\/www.padreeustaquio.com.br\/postulador-geral-dos-sagrados-coracoes-visita-cardeal-no-rio-de-janeiro\/"},"wordCount":550,"commentCount":0,"publisher":{"@id":"https:\/\/www.padreeustaquio.com.br\/#organization"},"image":{"@id":"https:\/\/www.padreeustaquio.com.br\/postulador-geral-dos-sagrados-coracoes-visita-cardeal-no-rio-de-janeiro\/#primaryimage"},"thumbnailUrl":"https:\/\/www.padreeustaquio.com.br\/wp-content\/uploads\/2023\/08\/postulador-geral-visita-ao-cardeal-dom-orani-tempesta-arcebispo-do-rio-de-janeiro-64e8d3463d9e4.jpg","articleSection":["Not\u00edcias"],"inLanguage":"en-US","potentialAction":[{"@type":"CommentAction","name":"Comment","target":["https:\/\/www.padreeustaquio.com.br\/postulador-geral-dos-sagrados-coracoes-visita-cardeal-no-rio-de-janeiro\/#respond"]}]},{"@type":"WebPage","@id":"https:\/\/www.padreeustaquio.com.br\/postulador-geral-dos-sagrados-coracoes-visita-cardeal-no-rio-de-janeiro\/","url":"https:\/\/www.padreeustaquio.com.br\/postulador-geral-dos-sagrados-coracoes-visita-cardeal-no-rio-de-janeiro\/","name":"Postulator General of the Sacred Hearts visits Cardinal in Rio de Janeiro","isPartOf":{"@id":"https:\/\/www.padreeustaquio.com.br\/#website"},"primaryImageOfPage":{"@id":"https:\/\/www.padreeustaquio.com.br\/postulador-geral-dos-sagrados-coracoes-visita-cardeal-no-rio-de-janeiro\/#primaryimage"},"image":{"@id":"https:\/\/www.padreeustaquio.com.br\/postulador-geral-dos-sagrados-coracoes-visita-cardeal-no-rio-de-janeiro\/#primaryimage"},"thumbnailUrl":"https:\/\/www.padreeustaquio.com.br\/wp-content\/uploads\/2023\/08\/postulador-geral-visita-ao-cardeal-dom-orani-tempesta-arcebispo-do-rio-de-janeiro-64e8d3463d9e4.jpg","datePublished":"2023-08-25T23:23:31+00:00","description":"This morning, August 25th, the Postulator General of the Congregation of the Sacred Hearts, Fr. Andrzej Lukawski, sscc, visited Cardinal Dom Orani Tempesta, O.Cist., Archbishop of Rio de Janeiro. He was accompanied by Fr. Jo\u00e3o Lucas Barbosa Alves, ss.cc., who currently works in the city of Rio de Janeiro.","breadcrumb":{"@id":"https:\/\/www.padreeustaquio.com.br\/postulador-geral-dos-sagrados-coracoes-visita-cardeal-no-rio-de-janeiro\/#breadcrumb"},"inLanguage":"en-US","potentialAction":[{"@type":"ReadAction","target":["https:\/\/www.padreeustaquio.com.br\/postulador-geral-dos-sagrados-coracoes-visita-cardeal-no-rio-de-janeiro\/"]}]},{"@type":"ImageObject","inLanguage":"en-US","@id":"https:\/\/www.padreeustaquio.com.br\/postulador-geral-dos-sagrados-coracoes-visita-cardeal-no-rio-de-janeiro\/#primaryimage","url":"https:\/\/www.padreeustaquio.com.br\/wp-content\/uploads\/2023\/08\/postulador-geral-visita-ao-cardeal-dom-orani-tempesta-arcebispo-do-rio-de-janeiro-64e8d3463d9e4.jpg","contentUrl":"https:\/\/www.padreeustaquio.com.br\/wp-content\/uploads\/2023\/08\/postulador-geral-visita-ao-cardeal-dom-orani-tempesta-arcebispo-do-rio-de-janeiro-64e8d3463d9e4.jpg","width":1600,"height":1200,"caption":"Pe. Andrzej Lukawski, sscc, o Cardeal Dom Orani Tempesta, O.Cist., e Pe. Jo\u00e3o Lucas Barbosa Alves, ss.cc.,"},{"@type":"BreadcrumbList","@id":"https:\/\/www.padreeustaquio.com.br\/postulador-geral-dos-sagrados-coracoes-visita-cardeal-no-rio-de-janeiro\/#breadcrumb","itemListElement":[{"@type":"ListItem","position":1,"name":"In\u00edcio","item":"https:\/\/www.padreeustaquio.com.br\/"},{"@type":"ListItem","position":2,"name":"Postulador-Geral dos Sagrados Cora\u00e7\u00f5es visita Cardeal no Rio de Janeiro"}]},{"@type":"WebSite","@id":"https:\/\/www.padreeustaquio.com.br\/#website","url":"https:\/\/www.padreeustaquio.com.br\/","name":"FATHER EUST\u00c1QUIO","description":"Health and Peace","publisher":{"@id":"https:\/\/www.padreeustaquio.com.br\/#organization"},"potentialAction":[{"@type":"SearchAction","target":{"@type":"EntryPoint","urlTemplate":"https:\/\/www.padreeustaquio.com.br\/?s={search_term_string}"},"query-input":{"@type":"PropertyValueSpecification","valueRequired":true,"valueName":"search_term_string"}}],"inLanguage":"en-US"},{"@type":"Organization","@id":"https:\/\/www.padreeustaquio.com.br\/#organization","name":"FATHER EUST\u00c1QUIO","url":"https:\/\/www.padreeustaquio.com.br\/","logo":{"@type":"ImageObject","inLanguage":"en-US","@id":"https:\/\/www.padreeustaquio.com.br\/#\/schema\/logo\/image\/","url":"https:\/\/www.padreeustaquio.com.br\/wp-content\/uploads\/2019\/08\/marca.png","contentUrl":"https:\/\/www.padreeustaquio.com.br\/wp-content\/uploads\/2019\/08\/marca.png","width":350,"height":400,"caption":"Padre Eust\u00e1quio"},"image":{"@id":"https:\/\/www.padreeustaquio.com.br\/#\/schema\/logo\/image\/"},"sameAs":["https:\/\/www.facebook.com\/beatopadreeustaquio\/","https:\/\/x.com\/beatopeustaquio","https:\/\/www.instagram.com\/beatopadreeustaquio\/","https:\/\/www.youtube.com\/channel\/UCRhw7vfabnajwLxb1ZXMeIw"]},{"@type":"Person","@id":"https:\/\/www.padreeustaquio.com.br\/#\/schema\/person\/a2a51db1d00f1a7af0204a0f1ddb1566","name":"@sscc","image":{"@type":"ImageObject","inLanguage":"en-US","@id":"https:\/\/secure.gravatar.com\/avatar\/68cfafa5f44617fea54071e215026e0ff06be366c3d54a8425f04fdcb86f8c5f?s=96&d=mm&r=g","url":"https:\/\/secure.gravatar.com\/avatar\/68cfafa5f44617fea54071e215026e0ff06be366c3d54a8425f04fdcb86f8c5f?s=96&d=mm&r=g","contentUrl":"https:\/\/secure.gravatar.com\/avatar\/68cfafa5f44617fea54071e215026e0ff06be366c3d54a8425f04fdcb86f8c5f?s=96&d=mm&r=g","caption":"@sscc"},"url":"https:\/\/www.padreeustaquio.com.br\/en\/author\/sscc\/"}]}},"_links":{"self":[{"href":"https:\/\/www.padreeustaquio.com.br\/en\/wp-json\/wp\/v2\/posts\/10838","targetHints":{"allow":["GET"]}}],"collection":[{"href":"https:\/\/www.padreeustaquio.com.br\/en\/wp-json\/wp\/v2\/posts"}],"about":[{"href":"https:\/\/www.padreeustaquio.com.br\/en\/wp-json\/wp\/v2\/types\/post"}],"author":[{"embeddable":true,"href":"https:\/\/www.padreeustaquio.com.br\/en\/wp-json\/wp\/v2\/users\/2"}],"replies":[{"embeddable":true,"href":"https:\/\/www.padreeustaquio.com.br\/en\/wp-json\/wp\/v2\/comments?post=10838"}],"version-history":[{"count":0,"href":"https:\/\/www.padreeustaquio.com.br\/en\/wp-json\/wp\/v2\/posts\/10838\/revisions"}],"wp:featuredmedia":[{"embeddable":true,"href":"https:\/\/www.padreeustaquio.com.br\/en\/wp-json\/wp\/v2\/media\/10839"}],"wp:attachment":[{"href":"https:\/\/www.padreeustaquio.com.br\/en\/wp-json\/wp\/v2\/media?parent=10838"}],"wp:term":[{"taxonomy":"category","embeddable":true,"href":"https:\/\/www.padreeustaquio.com.br\/en\/wp-json\/wp\/v2\/categories?post=10838"},{"taxonomy":"post_tag","embeddable":true,"href":"https:\/\/www.padreeustaquio.com.br\/en\/wp-json\/wp\/v2\/tags?post=10838"}],"curies":[{"name":"wp","href":"https:\/\/api.w.org\/{rel}","templated":true}]}}