{"id":10827,"date":"2023-08-24T06:34:06","date_gmt":"2023-08-24T09:34:06","guid":{"rendered":"https:\/\/www.padreeustaquio.com.br\/?p=10827"},"modified":"2023-08-24T10:23:02","modified_gmt":"2023-08-24T13:23:02","slug":"a-group-of-dutch-devotees-and-relatives-of-father-eustaquio-will-come-to-the-feast-of-the-blessed","status":"publish","type":"post","link":"https:\/\/www.padreeustaquio.com.br\/en\/a-group-of-dutch-devotees-and-relatives-of-father-eustaquio-will-come-to-the-feast-of-the-blessed\/","title":{"rendered":"A group of Dutch devotees and relatives of Father Eust\u00e1quio will come for the Feast of the Blessed."},"content":{"rendered":"<p>A group of 13 people from the Netherlands are expected to arrive in Brazil tomorrow, August 25th, to participate in the celebration of the 80th anniversary of devotion to Blessed Father Eust\u00e1quio. They are family members, including two nephews of the priest, as well as devotees of the Blessed who live in his homeland.<\/p>\n<p>The Dutch group will arrive at Guarulhos Airport in S\u00e3o Paulo and from there travel to Uberl\u00e2ndia, in the Tri\u00e2ngulo Mineiro region. They will be accompanied by another Dutchman, Mr. Hans, who has lived in Brazil for several decades. From Uberl\u00e2ndia, they will go to Romaria-MG (where Father Eust\u00e1quio worked for 10 years) and Patroc\u00ednio-MG (a place that was also a field of work for Father Eust\u00e1quio).<\/p>\n<p>According to Will van den Boomen, Father Eust\u00e1quio&#039;s nephew, they will be in Belo Horizonte on Sunday to attend the Feast at the Sanctuary. They will participate in the celebrations of the last days of the novena and will remain at the Church throughout the day on the 30th.<\/p>\n<p>After the party, the group will head to Po\u00e1-SP, where they will also learn another part of the Blessed One&#039;s story. From there they will go to Holambra, also in S\u00e3o Paulo, to visit the city that shares the same characteristics as their hometown.<\/p>","protected":false},"excerpt":{"rendered":"<p>Um grupo de 13 pessoas vindas da Holanda, deve chegar ao Brasil amanh\u00e3, dia 25 de agosto para participar da Festa dos 80 anos de devo\u00e7\u00e3o ao Beato Padre Eust\u00e1quio. S\u00e3o familiares, dentre eles dois sobrinhos do religioso, al\u00e9m de devotos do Beato que moram na terra natal dele. Os holandeses chegar\u00e3o no aeroporto de Guarulhos, em S\u00e3o Paulo, e de l\u00e1 seguem para Uberl\u00e2ndia, no Tri\u00e2ngulo Mineiro. O grupo, que ter\u00e1 a companhia do tamb\u00e9m holand\u00eas, Sr. Hans, que mora no Brasil h\u00e1 algumas d\u00e9cadas. De Uberl\u00e2ndia eles v\u00e3o \u00e0 Romaria-MG (onde Padre Eust\u00e1quio trabalhou por 10 anos) e [&hellip;]<\/p>\n","protected":false},"author":2,"featured_media":10829,"comment_status":"open","ping_status":"closed","sticky":false,"template":"","format":"standard","meta":{"_acf_changed":false,"footnotes":""},"categories":[611],"tags":[],"class_list":["post-10827","post","type-post","status-publish","format-standard","has-post-thumbnail","hentry","category-noticias"],"acf":[],"yoast_head":"<!-- This site is optimized with the Yoast SEO plugin v27.2 - https:\/\/yoast.com\/product\/yoast-seo-wordpress\/ -->\n<title>Grupo de devotos holandeses e familiares de Padre Eust\u00e1quio vir\u00e3o para a Festa do Beato<\/title>\n<meta name=\"description\" content=\"Um grupo de 13 pessoas vindas da Holanda, deve chegar ao Brasil amanh\u00e3, dia 25 de agosto para participar da Festa dos 80 anos de devo\u00e7\u00e3o ao Beato Padre Eust\u00e1quio. S\u00e3o familiares, dentre eles dois sobrinhos do religioso, al\u00e9m de devotos do Beato que moram na terra natal dele.\" \/>\n<meta name=\"robots\" content=\"index, follow, max-snippet:-1, max-image-preview:large, max-video-preview:-1\" \/>\n<link rel=\"canonical\" href=\"https:\/\/www.padreeustaquio.com.br\/en\/a-group-of-dutch-devotees-and-relatives-of-father-eustaquio-will-come-to-the-feast-of-the-blessed\/\" \/>\n<meta property=\"og:locale\" content=\"en_US\" \/>\n<meta property=\"og:type\" content=\"article\" \/>\n<meta property=\"og:title\" content=\"Grupo de devotos holandeses e familiares de Padre Eust\u00e1quio vir\u00e3o para a Festa do Beato\" \/>\n<meta property=\"og:description\" content=\"Um grupo de 13 pessoas vindas da Holanda, deve chegar ao Brasil amanh\u00e3, dia 25 de agosto para participar da Festa dos 80 anos de devo\u00e7\u00e3o ao Beato Padre Eust\u00e1quio. S\u00e3o familiares, dentre eles dois sobrinhos do religioso, al\u00e9m de devotos do Beato que moram na terra natal dele.\" \/>\n<meta property=\"og:url\" content=\"https:\/\/www.padreeustaquio.com.br\/en\/a-group-of-dutch-devotees-and-relatives-of-father-eustaquio-will-come-to-the-feast-of-the-blessed\/\" \/>\n<meta property=\"og:site_name\" content=\"Padre Eust\u00e1quio\" \/>\n<meta property=\"article:publisher\" content=\"https:\/\/www.facebook.com\/beatopadreeustaquio\/\" \/>\n<meta property=\"article:published_time\" content=\"2023-08-24T09:34:06+00:00\" \/>\n<meta property=\"article:modified_time\" content=\"2023-08-24T13:23:02+00:00\" \/>\n<meta property=\"og:image\" content=\"https:\/\/www.padreeustaquio.com.br\/wp-content\/uploads\/2023\/08\/Irmaos-van-den-boomen.jpeg\" \/>\n\t<meta property=\"og:image:width\" content=\"1024\" \/>\n\t<meta property=\"og:image:height\" content=\"768\" \/>\n\t<meta property=\"og:image:type\" content=\"image\/jpeg\" \/>\n<meta name=\"author\" content=\"@sscc\" \/>\n<meta name=\"twitter:card\" content=\"summary_large_image\" \/>\n<meta name=\"twitter:creator\" content=\"@beatopeustaquio\" \/>\n<meta name=\"twitter:site\" content=\"@beatopeustaquio\" \/>\n<meta name=\"twitter:label1\" content=\"Written by\" \/>\n\t<meta name=\"twitter:data1\" content=\"@sscc\" \/>\n\t<meta name=\"twitter:label2\" content=\"Est. reading time\" \/>\n\t<meta name=\"twitter:data2\" content=\"2 minutes\" \/>\n<script type=\"application\/ld+json\" class=\"yoast-schema-graph\">{\"@context\":\"https:\/\/schema.org\",\"@graph\":[{\"@type\":\"Article\",\"@id\":\"https:\/\/www.padreeustaquio.com.br\/grupo-de-devotos-holandeses-e-familiares-de-padre-eustaquio-virao-para-a-festa-do-beato\/#article\",\"isPartOf\":{\"@id\":\"https:\/\/www.padreeustaquio.com.br\/grupo-de-devotos-holandeses-e-familiares-de-padre-eustaquio-virao-para-a-festa-do-beato\/\"},\"author\":{\"name\":\"@sscc\",\"@id\":\"https:\/\/www.padreeustaquio.com.br\/#\/schema\/person\/a2a51db1d00f1a7af0204a0f1ddb1566\"},\"headline\":\"Grupo de devotos holandeses e familiares de Padre Eust\u00e1quio vir\u00e3o para a Festa do Beato\",\"datePublished\":\"2023-08-24T09:34:06+00:00\",\"dateModified\":\"2023-08-24T13:23:02+00:00\",\"mainEntityOfPage\":{\"@id\":\"https:\/\/www.padreeustaquio.com.br\/grupo-de-devotos-holandeses-e-familiares-de-padre-eustaquio-virao-para-a-festa-do-beato\/\"},\"wordCount\":237,\"commentCount\":0,\"publisher\":{\"@id\":\"https:\/\/www.padreeustaquio.com.br\/#organization\"},\"image\":{\"@id\":\"https:\/\/www.padreeustaquio.com.br\/grupo-de-devotos-holandeses-e-familiares-de-padre-eustaquio-virao-para-a-festa-do-beato\/#primaryimage\"},\"thumbnailUrl\":\"https:\/\/www.padreeustaquio.com.br\/wp-content\/uploads\/2023\/08\/Irmaos-van-den-boomen.jpeg\",\"articleSection\":[\"Not\u00edcias\"],\"inLanguage\":\"en-US\",\"potentialAction\":[{\"@type\":\"CommentAction\",\"name\":\"Comment\",\"target\":[\"https:\/\/www.padreeustaquio.com.br\/grupo-de-devotos-holandeses-e-familiares-de-padre-eustaquio-virao-para-a-festa-do-beato\/#respond\"]}]},{\"@type\":\"WebPage\",\"@id\":\"https:\/\/www.padreeustaquio.com.br\/grupo-de-devotos-holandeses-e-familiares-de-padre-eustaquio-virao-para-a-festa-do-beato\/\",\"url\":\"https:\/\/www.padreeustaquio.com.br\/grupo-de-devotos-holandeses-e-familiares-de-padre-eustaquio-virao-para-a-festa-do-beato\/\",\"name\":\"Grupo de devotos holandeses e familiares de Padre Eust\u00e1quio vir\u00e3o para a Festa do Beato\",\"isPartOf\":{\"@id\":\"https:\/\/www.padreeustaquio.com.br\/#website\"},\"primaryImageOfPage\":{\"@id\":\"https:\/\/www.padreeustaquio.com.br\/grupo-de-devotos-holandeses-e-familiares-de-padre-eustaquio-virao-para-a-festa-do-beato\/#primaryimage\"},\"image\":{\"@id\":\"https:\/\/www.padreeustaquio.com.br\/grupo-de-devotos-holandeses-e-familiares-de-padre-eustaquio-virao-para-a-festa-do-beato\/#primaryimage\"},\"thumbnailUrl\":\"https:\/\/www.padreeustaquio.com.br\/wp-content\/uploads\/2023\/08\/Irmaos-van-den-boomen.jpeg\",\"datePublished\":\"2023-08-24T09:34:06+00:00\",\"dateModified\":\"2023-08-24T13:23:02+00:00\",\"description\":\"Um grupo de 13 pessoas vindas da Holanda, deve chegar ao Brasil amanh\u00e3, dia 25 de agosto para participar da Festa dos 80 anos de devo\u00e7\u00e3o ao Beato Padre Eust\u00e1quio. S\u00e3o familiares, dentre eles dois sobrinhos do religioso, al\u00e9m de devotos do Beato que moram na terra natal dele.\",\"breadcrumb\":{\"@id\":\"https:\/\/www.padreeustaquio.com.br\/grupo-de-devotos-holandeses-e-familiares-de-padre-eustaquio-virao-para-a-festa-do-beato\/#breadcrumb\"},\"inLanguage\":\"en-US\",\"potentialAction\":[{\"@type\":\"ReadAction\",\"target\":[\"https:\/\/www.padreeustaquio.com.br\/grupo-de-devotos-holandeses-e-familiares-de-padre-eustaquio-virao-para-a-festa-do-beato\/\"]}]},{\"@type\":\"ImageObject\",\"inLanguage\":\"en-US\",\"@id\":\"https:\/\/www.padreeustaquio.com.br\/grupo-de-devotos-holandeses-e-familiares-de-padre-eustaquio-virao-para-a-festa-do-beato\/#primaryimage\",\"url\":\"https:\/\/www.padreeustaquio.com.br\/wp-content\/uploads\/2023\/08\/Irmaos-van-den-boomen.jpeg\",\"contentUrl\":\"https:\/\/www.padreeustaquio.com.br\/wp-content\/uploads\/2023\/08\/Irmaos-van-den-boomen.jpeg\",\"width\":1024,\"height\":768,\"caption\":\"Os irm\u00e3os Will e Jan van den Boomen, sobrinhos do Beato, gravando para o Canal Padre Eust\u00e1quio\"},{\"@type\":\"BreadcrumbList\",\"@id\":\"https:\/\/www.padreeustaquio.com.br\/grupo-de-devotos-holandeses-e-familiares-de-padre-eustaquio-virao-para-a-festa-do-beato\/#breadcrumb\",\"itemListElement\":[{\"@type\":\"ListItem\",\"position\":1,\"name\":\"In\u00edcio\",\"item\":\"https:\/\/www.padreeustaquio.com.br\/\"},{\"@type\":\"ListItem\",\"position\":2,\"name\":\"Grupo de devotos holandeses e familiares de Padre Eust\u00e1quio vir\u00e3o para a Festa do Beato\"}]},{\"@type\":\"WebSite\",\"@id\":\"https:\/\/www.padreeustaquio.com.br\/#website\",\"url\":\"https:\/\/www.padreeustaquio.com.br\/\",\"name\":\"Padre Eust\u00e1quio\",\"description\":\"Sa\u00fade e Paz\",\"publisher\":{\"@id\":\"https:\/\/www.padreeustaquio.com.br\/#organization\"},\"potentialAction\":[{\"@type\":\"SearchAction\",\"target\":{\"@type\":\"EntryPoint\",\"urlTemplate\":\"https:\/\/www.padreeustaquio.com.br\/?s={search_term_string}\"},\"query-input\":{\"@type\":\"PropertyValueSpecification\",\"valueRequired\":true,\"valueName\":\"search_term_string\"}}],\"inLanguage\":\"en-US\"},{\"@type\":\"Organization\",\"@id\":\"https:\/\/www.padreeustaquio.com.br\/#organization\",\"name\":\"Padre Eust\u00e1quio\",\"url\":\"https:\/\/www.padreeustaquio.com.br\/\",\"logo\":{\"@type\":\"ImageObject\",\"inLanguage\":\"en-US\",\"@id\":\"https:\/\/www.padreeustaquio.com.br\/#\/schema\/logo\/image\/\",\"url\":\"https:\/\/www.padreeustaquio.com.br\/wp-content\/uploads\/2019\/08\/marca.png\",\"contentUrl\":\"https:\/\/www.padreeustaquio.com.br\/wp-content\/uploads\/2019\/08\/marca.png\",\"width\":350,\"height\":400,\"caption\":\"Padre Eust\u00e1quio\"},\"image\":{\"@id\":\"https:\/\/www.padreeustaquio.com.br\/#\/schema\/logo\/image\/\"},\"sameAs\":[\"https:\/\/www.facebook.com\/beatopadreeustaquio\/\",\"https:\/\/x.com\/beatopeustaquio\",\"https:\/\/www.instagram.com\/beatopadreeustaquio\/\",\"https:\/\/www.youtube.com\/channel\/UCRhw7vfabnajwLxb1ZXMeIw\"]},{\"@type\":\"Person\",\"@id\":\"https:\/\/www.padreeustaquio.com.br\/#\/schema\/person\/a2a51db1d00f1a7af0204a0f1ddb1566\",\"name\":\"@sscc\",\"image\":{\"@type\":\"ImageObject\",\"inLanguage\":\"en-US\",\"@id\":\"https:\/\/secure.gravatar.com\/avatar\/68cfafa5f44617fea54071e215026e0ff06be366c3d54a8425f04fdcb86f8c5f?s=96&d=mm&r=g\",\"url\":\"https:\/\/secure.gravatar.com\/avatar\/68cfafa5f44617fea54071e215026e0ff06be366c3d54a8425f04fdcb86f8c5f?s=96&d=mm&r=g\",\"contentUrl\":\"https:\/\/secure.gravatar.com\/avatar\/68cfafa5f44617fea54071e215026e0ff06be366c3d54a8425f04fdcb86f8c5f?s=96&d=mm&r=g\",\"caption\":\"@sscc\"},\"url\":\"https:\/\/www.padreeustaquio.com.br\/en\/author\/sscc\/\"}]}<\/script>\n<!-- \/ Yoast SEO plugin. -->","yoast_head_json":{"title":"A group of Dutch devotees and relatives of Father Eust\u00e1quio will come for the Feast of the Blessed.","description":"A group of 13 people from the Netherlands are expected to arrive in Brazil tomorrow, August 25th, to participate in the celebration of the 80th anniversary of devotion to Blessed Father Eust\u00e1quio. They are family members, including two nephews of the priest, as well as devotees of the Blessed who live in his homeland.","robots":{"index":"index","follow":"follow","max-snippet":"max-snippet:-1","max-image-preview":"max-image-preview:large","max-video-preview":"max-video-preview:-1"},"canonical":"https:\/\/www.padreeustaquio.com.br\/en\/a-group-of-dutch-devotees-and-relatives-of-father-eustaquio-will-come-to-the-feast-of-the-blessed\/","og_locale":"en_US","og_type":"article","og_title":"Grupo de devotos holandeses e familiares de Padre Eust\u00e1quio vir\u00e3o para a Festa do Beato","og_description":"Um grupo de 13 pessoas vindas da Holanda, deve chegar ao Brasil amanh\u00e3, dia 25 de agosto para participar da Festa dos 80 anos de devo\u00e7\u00e3o ao Beato Padre Eust\u00e1quio. S\u00e3o familiares, dentre eles dois sobrinhos do religioso, al\u00e9m de devotos do Beato que moram na terra natal dele.","og_url":"https:\/\/www.padreeustaquio.com.br\/en\/a-group-of-dutch-devotees-and-relatives-of-father-eustaquio-will-come-to-the-feast-of-the-blessed\/","og_site_name":"Padre Eust\u00e1quio","article_publisher":"https:\/\/www.facebook.com\/beatopadreeustaquio\/","article_published_time":"2023-08-24T09:34:06+00:00","article_modified_time":"2023-08-24T13:23:02+00:00","og_image":[{"width":1024,"height":768,"url":"https:\/\/www.padreeustaquio.com.br\/wp-content\/uploads\/2023\/08\/Irmaos-van-den-boomen.jpeg","type":"image\/jpeg"}],"author":"@sscc","twitter_card":"summary_large_image","twitter_creator":"@beatopeustaquio","twitter_site":"@beatopeustaquio","twitter_misc":{"Written by":"@sscc","Est. reading time":"2 minutes"},"schema":{"@context":"https:\/\/schema.org","@graph":[{"@type":"Article","@id":"https:\/\/www.padreeustaquio.com.br\/grupo-de-devotos-holandeses-e-familiares-de-padre-eustaquio-virao-para-a-festa-do-beato\/#article","isPartOf":{"@id":"https:\/\/www.padreeustaquio.com.br\/grupo-de-devotos-holandeses-e-familiares-de-padre-eustaquio-virao-para-a-festa-do-beato\/"},"author":{"name":"@sscc","@id":"https:\/\/www.padreeustaquio.com.br\/#\/schema\/person\/a2a51db1d00f1a7af0204a0f1ddb1566"},"headline":"Grupo de devotos holandeses e familiares de Padre Eust\u00e1quio vir\u00e3o para a Festa do Beato","datePublished":"2023-08-24T09:34:06+00:00","dateModified":"2023-08-24T13:23:02+00:00","mainEntityOfPage":{"@id":"https:\/\/www.padreeustaquio.com.br\/grupo-de-devotos-holandeses-e-familiares-de-padre-eustaquio-virao-para-a-festa-do-beato\/"},"wordCount":237,"commentCount":0,"publisher":{"@id":"https:\/\/www.padreeustaquio.com.br\/#organization"},"image":{"@id":"https:\/\/www.padreeustaquio.com.br\/grupo-de-devotos-holandeses-e-familiares-de-padre-eustaquio-virao-para-a-festa-do-beato\/#primaryimage"},"thumbnailUrl":"https:\/\/www.padreeustaquio.com.br\/wp-content\/uploads\/2023\/08\/Irmaos-van-den-boomen.jpeg","articleSection":["Not\u00edcias"],"inLanguage":"en-US","potentialAction":[{"@type":"CommentAction","name":"Comment","target":["https:\/\/www.padreeustaquio.com.br\/grupo-de-devotos-holandeses-e-familiares-de-padre-eustaquio-virao-para-a-festa-do-beato\/#respond"]}]},{"@type":"WebPage","@id":"https:\/\/www.padreeustaquio.com.br\/grupo-de-devotos-holandeses-e-familiares-de-padre-eustaquio-virao-para-a-festa-do-beato\/","url":"https:\/\/www.padreeustaquio.com.br\/grupo-de-devotos-holandeses-e-familiares-de-padre-eustaquio-virao-para-a-festa-do-beato\/","name":"A group of Dutch devotees and relatives of Father Eust\u00e1quio will come for the Feast of the Blessed.","isPartOf":{"@id":"https:\/\/www.padreeustaquio.com.br\/#website"},"primaryImageOfPage":{"@id":"https:\/\/www.padreeustaquio.com.br\/grupo-de-devotos-holandeses-e-familiares-de-padre-eustaquio-virao-para-a-festa-do-beato\/#primaryimage"},"image":{"@id":"https:\/\/www.padreeustaquio.com.br\/grupo-de-devotos-holandeses-e-familiares-de-padre-eustaquio-virao-para-a-festa-do-beato\/#primaryimage"},"thumbnailUrl":"https:\/\/www.padreeustaquio.com.br\/wp-content\/uploads\/2023\/08\/Irmaos-van-den-boomen.jpeg","datePublished":"2023-08-24T09:34:06+00:00","dateModified":"2023-08-24T13:23:02+00:00","description":"A group of 13 people from the Netherlands are expected to arrive in Brazil tomorrow, August 25th, to participate in the celebration of the 80th anniversary of devotion to Blessed Father Eust\u00e1quio. They are family members, including two nephews of the priest, as well as devotees of the Blessed who live in his homeland.","breadcrumb":{"@id":"https:\/\/www.padreeustaquio.com.br\/grupo-de-devotos-holandeses-e-familiares-de-padre-eustaquio-virao-para-a-festa-do-beato\/#breadcrumb"},"inLanguage":"en-US","potentialAction":[{"@type":"ReadAction","target":["https:\/\/www.padreeustaquio.com.br\/grupo-de-devotos-holandeses-e-familiares-de-padre-eustaquio-virao-para-a-festa-do-beato\/"]}]},{"@type":"ImageObject","inLanguage":"en-US","@id":"https:\/\/www.padreeustaquio.com.br\/grupo-de-devotos-holandeses-e-familiares-de-padre-eustaquio-virao-para-a-festa-do-beato\/#primaryimage","url":"https:\/\/www.padreeustaquio.com.br\/wp-content\/uploads\/2023\/08\/Irmaos-van-den-boomen.jpeg","contentUrl":"https:\/\/www.padreeustaquio.com.br\/wp-content\/uploads\/2023\/08\/Irmaos-van-den-boomen.jpeg","width":1024,"height":768,"caption":"Os irm\u00e3os Will e Jan van den Boomen, sobrinhos do Beato, gravando para o Canal Padre Eust\u00e1quio"},{"@type":"BreadcrumbList","@id":"https:\/\/www.padreeustaquio.com.br\/grupo-de-devotos-holandeses-e-familiares-de-padre-eustaquio-virao-para-a-festa-do-beato\/#breadcrumb","itemListElement":[{"@type":"ListItem","position":1,"name":"In\u00edcio","item":"https:\/\/www.padreeustaquio.com.br\/"},{"@type":"ListItem","position":2,"name":"Grupo de devotos holandeses e familiares de Padre Eust\u00e1quio vir\u00e3o para a Festa do Beato"}]},{"@type":"WebSite","@id":"https:\/\/www.padreeustaquio.com.br\/#website","url":"https:\/\/www.padreeustaquio.com.br\/","name":"FATHER EUST\u00c1QUIO","description":"Health and Peace","publisher":{"@id":"https:\/\/www.padreeustaquio.com.br\/#organization"},"potentialAction":[{"@type":"SearchAction","target":{"@type":"EntryPoint","urlTemplate":"https:\/\/www.padreeustaquio.com.br\/?s={search_term_string}"},"query-input":{"@type":"PropertyValueSpecification","valueRequired":true,"valueName":"search_term_string"}}],"inLanguage":"en-US"},{"@type":"Organization","@id":"https:\/\/www.padreeustaquio.com.br\/#organization","name":"FATHER EUST\u00c1QUIO","url":"https:\/\/www.padreeustaquio.com.br\/","logo":{"@type":"ImageObject","inLanguage":"en-US","@id":"https:\/\/www.padreeustaquio.com.br\/#\/schema\/logo\/image\/","url":"https:\/\/www.padreeustaquio.com.br\/wp-content\/uploads\/2019\/08\/marca.png","contentUrl":"https:\/\/www.padreeustaquio.com.br\/wp-content\/uploads\/2019\/08\/marca.png","width":350,"height":400,"caption":"Padre Eust\u00e1quio"},"image":{"@id":"https:\/\/www.padreeustaquio.com.br\/#\/schema\/logo\/image\/"},"sameAs":["https:\/\/www.facebook.com\/beatopadreeustaquio\/","https:\/\/x.com\/beatopeustaquio","https:\/\/www.instagram.com\/beatopadreeustaquio\/","https:\/\/www.youtube.com\/channel\/UCRhw7vfabnajwLxb1ZXMeIw"]},{"@type":"Person","@id":"https:\/\/www.padreeustaquio.com.br\/#\/schema\/person\/a2a51db1d00f1a7af0204a0f1ddb1566","name":"@sscc","image":{"@type":"ImageObject","inLanguage":"en-US","@id":"https:\/\/secure.gravatar.com\/avatar\/68cfafa5f44617fea54071e215026e0ff06be366c3d54a8425f04fdcb86f8c5f?s=96&d=mm&r=g","url":"https:\/\/secure.gravatar.com\/avatar\/68cfafa5f44617fea54071e215026e0ff06be366c3d54a8425f04fdcb86f8c5f?s=96&d=mm&r=g","contentUrl":"https:\/\/secure.gravatar.com\/avatar\/68cfafa5f44617fea54071e215026e0ff06be366c3d54a8425f04fdcb86f8c5f?s=96&d=mm&r=g","caption":"@sscc"},"url":"https:\/\/www.padreeustaquio.com.br\/en\/author\/sscc\/"}]}},"_links":{"self":[{"href":"https:\/\/www.padreeustaquio.com.br\/en\/wp-json\/wp\/v2\/posts\/10827","targetHints":{"allow":["GET"]}}],"collection":[{"href":"https:\/\/www.padreeustaquio.com.br\/en\/wp-json\/wp\/v2\/posts"}],"about":[{"href":"https:\/\/www.padreeustaquio.com.br\/en\/wp-json\/wp\/v2\/types\/post"}],"author":[{"embeddable":true,"href":"https:\/\/www.padreeustaquio.com.br\/en\/wp-json\/wp\/v2\/users\/2"}],"replies":[{"embeddable":true,"href":"https:\/\/www.padreeustaquio.com.br\/en\/wp-json\/wp\/v2\/comments?post=10827"}],"version-history":[{"count":0,"href":"https:\/\/www.padreeustaquio.com.br\/en\/wp-json\/wp\/v2\/posts\/10827\/revisions"}],"wp:featuredmedia":[{"embeddable":true,"href":"https:\/\/www.padreeustaquio.com.br\/en\/wp-json\/wp\/v2\/media\/10829"}],"wp:attachment":[{"href":"https:\/\/www.padreeustaquio.com.br\/en\/wp-json\/wp\/v2\/media?parent=10827"}],"wp:term":[{"taxonomy":"category","embeddable":true,"href":"https:\/\/www.padreeustaquio.com.br\/en\/wp-json\/wp\/v2\/categories?post=10827"},{"taxonomy":"post_tag","embeddable":true,"href":"https:\/\/www.padreeustaquio.com.br\/en\/wp-json\/wp\/v2\/tags?post=10827"}],"curies":[{"name":"wp","href":"https:\/\/api.w.org\/{rel}","templated":true}]}}