{"id":10822,"date":"2023-08-23T08:32:42","date_gmt":"2023-08-23T11:32:42","guid":{"rendered":"https:\/\/www.padreeustaquio.com.br\/?p=10822"},"modified":"2023-08-23T08:32:42","modified_gmt":"2023-08-23T11:32:42","slug":"childrens-choir-from-carmopolis-de-minas-participates-in-celebration-at-the-sanctuary","status":"publish","type":"post","link":"https:\/\/www.padreeustaquio.com.br\/en\/childrens-choir-from-carmopolis-de-minas-participates-in-celebration-at-the-sanctuary\/","title":{"rendered":"Children&#039;s choir from Carm\u00f3polis de Minas participates in celebration at the Sanctuary."},"content":{"rendered":"<p>The Little Singers of the Sacred Hearts Choir, from Carm\u00f3polis de Minas, in the western region of Minas Gerais, performed this Sunday at the Archdiocesan Sanctuary of Health and Peace, the Church of Blessed Father Eust\u00e1quio. This is the second year that the group has performed at the Blessed&#039;s festival.<\/p>\n<p>A total of 23 children sang during the 5 PM Holy Mass, on a festive Sunday for the community of devotees of Father Eust\u00e1quio. The entire celebration was broadcast live on the Padre Eust\u00e1quio YouTube Channel., <a href=\"https:\/\/www.youtube.com\/watch?v=3fLQKV90uvI\">REVIEW HERE<\/a>.<\/p>\n<p>At the end of the celebration, the children paid homage to the Sacred Heart of Jesus and the Immaculate Heart of Mary in a coronation filled with music and emotion. Many people who attended the mass wept upon seeing so much beauty in the children&#039;s songs.<\/p>\n<p>After the mass, the children, parents, musicians, and coordinators were welcomed into one of the Sanctuary&#039;s halls by the Catechesis team with a snack and much gratitude. Last year, the Little Singers also performed at the Padre Eust\u00e1quio festival, and now they are already thinking about next year&#039;s festival.<\/p>\n<p><strong>Little Singers of the Sacred Hearts<\/p>\n<p><\/strong>The &quot;Little Singers of the Sacred Hearts&quot; Choir was created in June 1997, with the support of the late parish priest Father Jos\u00e9 Erlei de Almeida. The group does not have age or time requirements for leaving the choir, thus the limit of perseverance depends on each child. However, the average age of the children and teenagers is 6 to 14 years old.<\/p>\n<p>The work is voluntary, with the support of families and the parish priest. The main activity of the young singers is evangelization, especially during liturgical celebrations such as Easter, the Coronation of the Sacred Heart of Jesus, and Christmas. Whenever invited, the singers also perform in towns neighboring Carm\u00f3polis de Minas.<\/p>","protected":false},"excerpt":{"rendered":"<p>O Coral dos Pequenos Cantores dos Sagrados Cora\u00e7\u00f5es, de Carm\u00f3polis de Minas, regi\u00e3o oeste de Minas Gerais, se apresentou nesse domingo, no Santu\u00e1rio Arquidiocesano da Sa\u00fade e da Paz, a Igreja do Beato Padre Eust\u00e1quio. Este \u00e9 o segundo ano que o grupo se apresenta na festa do Beato. Ao todo 23 crian\u00e7as cantaram durante a Santa Missa das 17h, num domingo festivo para a comunidade de devotos de Padre Eust\u00e1quio. Toda a celebra\u00e7\u00e3o foi transmitida, ao vivo, pelo YouTube Canal Padre Eust\u00e1quio, REVEJA AQUI. Ao final da celebra\u00e7\u00e3o, as crian\u00e7as fizeram uma homenagem ao Sagrado Cora\u00e7\u00e3o de Jesus e [&hellip;]<\/p>\n","protected":false},"author":2,"featured_media":10824,"comment_status":"open","ping_status":"closed","sticky":false,"template":"","format":"standard","meta":{"_acf_changed":false,"footnotes":""},"categories":[611],"tags":[],"class_list":["post-10822","post","type-post","status-publish","format-standard","has-post-thumbnail","hentry","category-noticias"],"acf":[],"yoast_head":"<!-- This site is optimized with the Yoast SEO plugin v27.2 - https:\/\/yoast.com\/product\/yoast-seo-wordpress\/ -->\n<title>Coral infantil de Carm\u00f3polis de Minas participa de celebra\u00e7\u00e3o no Santu\u00e1rio<\/title>\n<meta name=\"description\" content=\"O Coral dos Pequenos Cantores dos Sagrados Cora\u00e7\u00f5es, de Carm\u00f3polis de Minas, regi\u00e3o oeste de Minas Gerais, se apresentou nesse domingo, no Santu\u00e1rio Arquidiocesano da Sa\u00fade e da Paz, a Igreja do Beato Padre Eust\u00e1quio. Este \u00e9 o segundo ano que o grupo se apresenta na festa do Beato.\" \/>\n<meta name=\"robots\" content=\"index, follow, max-snippet:-1, max-image-preview:large, max-video-preview:-1\" \/>\n<link rel=\"canonical\" href=\"https:\/\/www.padreeustaquio.com.br\/en\/childrens-choir-from-carmopolis-de-minas-participates-in-celebration-at-the-sanctuary\/\" \/>\n<meta property=\"og:locale\" content=\"en_US\" \/>\n<meta property=\"og:type\" content=\"article\" \/>\n<meta property=\"og:title\" content=\"Coral infantil de Carm\u00f3polis de Minas participa de celebra\u00e7\u00e3o no Santu\u00e1rio\" \/>\n<meta property=\"og:description\" content=\"O Coral dos Pequenos Cantores dos Sagrados Cora\u00e7\u00f5es, de Carm\u00f3polis de Minas, regi\u00e3o oeste de Minas Gerais, se apresentou nesse domingo, no Santu\u00e1rio Arquidiocesano da Sa\u00fade e da Paz, a Igreja do Beato Padre Eust\u00e1quio. Este \u00e9 o segundo ano que o grupo se apresenta na festa do Beato.\" \/>\n<meta property=\"og:url\" content=\"https:\/\/www.padreeustaquio.com.br\/en\/childrens-choir-from-carmopolis-de-minas-participates-in-celebration-at-the-sanctuary\/\" \/>\n<meta property=\"og:site_name\" content=\"Padre Eust\u00e1quio\" \/>\n<meta property=\"article:publisher\" content=\"https:\/\/www.facebook.com\/beatopadreeustaquio\/\" \/>\n<meta property=\"article:published_time\" content=\"2023-08-23T11:32:42+00:00\" \/>\n<meta property=\"og:image\" content=\"https:\/\/www.padreeustaquio.com.br\/wp-content\/uploads\/2023\/08\/Coral-pequenos-cantores-carmopolis.jpeg\" \/>\n\t<meta property=\"og:image:width\" content=\"1024\" \/>\n\t<meta property=\"og:image:height\" content=\"768\" \/>\n\t<meta property=\"og:image:type\" content=\"image\/jpeg\" \/>\n<meta name=\"author\" content=\"@sscc\" \/>\n<meta name=\"twitter:card\" content=\"summary_large_image\" \/>\n<meta name=\"twitter:creator\" content=\"@beatopeustaquio\" \/>\n<meta name=\"twitter:site\" content=\"@beatopeustaquio\" \/>\n<meta name=\"twitter:label1\" content=\"Written by\" \/>\n\t<meta name=\"twitter:data1\" content=\"@sscc\" \/>\n\t<meta name=\"twitter:label2\" content=\"Est. reading time\" \/>\n\t<meta name=\"twitter:data2\" content=\"2 minutes\" \/>\n<script type=\"application\/ld+json\" class=\"yoast-schema-graph\">{\"@context\":\"https:\/\/schema.org\",\"@graph\":[{\"@type\":\"Article\",\"@id\":\"https:\/\/www.padreeustaquio.com.br\/coral-infantil-de-carmopolis-de-minas-participa-de-celebracao-no-santuario\/#article\",\"isPartOf\":{\"@id\":\"https:\/\/www.padreeustaquio.com.br\/coral-infantil-de-carmopolis-de-minas-participa-de-celebracao-no-santuario\/\"},\"author\":{\"name\":\"@sscc\",\"@id\":\"https:\/\/www.padreeustaquio.com.br\/#\/schema\/person\/a2a51db1d00f1a7af0204a0f1ddb1566\"},\"headline\":\"Coral infantil de Carm\u00f3polis de Minas participa de celebra\u00e7\u00e3o no Santu\u00e1rio\",\"datePublished\":\"2023-08-23T11:32:42+00:00\",\"mainEntityOfPage\":{\"@id\":\"https:\/\/www.padreeustaquio.com.br\/coral-infantil-de-carmopolis-de-minas-participa-de-celebracao-no-santuario\/\"},\"wordCount\":353,\"commentCount\":0,\"publisher\":{\"@id\":\"https:\/\/www.padreeustaquio.com.br\/#organization\"},\"image\":{\"@id\":\"https:\/\/www.padreeustaquio.com.br\/coral-infantil-de-carmopolis-de-minas-participa-de-celebracao-no-santuario\/#primaryimage\"},\"thumbnailUrl\":\"https:\/\/www.padreeustaquio.com.br\/wp-content\/uploads\/2023\/08\/Coral-pequenos-cantores-carmopolis.jpeg\",\"articleSection\":[\"Not\u00edcias\"],\"inLanguage\":\"en-US\",\"potentialAction\":[{\"@type\":\"CommentAction\",\"name\":\"Comment\",\"target\":[\"https:\/\/www.padreeustaquio.com.br\/coral-infantil-de-carmopolis-de-minas-participa-de-celebracao-no-santuario\/#respond\"]}]},{\"@type\":\"WebPage\",\"@id\":\"https:\/\/www.padreeustaquio.com.br\/coral-infantil-de-carmopolis-de-minas-participa-de-celebracao-no-santuario\/\",\"url\":\"https:\/\/www.padreeustaquio.com.br\/coral-infantil-de-carmopolis-de-minas-participa-de-celebracao-no-santuario\/\",\"name\":\"Coral infantil de Carm\u00f3polis de Minas participa de celebra\u00e7\u00e3o no Santu\u00e1rio\",\"isPartOf\":{\"@id\":\"https:\/\/www.padreeustaquio.com.br\/#website\"},\"primaryImageOfPage\":{\"@id\":\"https:\/\/www.padreeustaquio.com.br\/coral-infantil-de-carmopolis-de-minas-participa-de-celebracao-no-santuario\/#primaryimage\"},\"image\":{\"@id\":\"https:\/\/www.padreeustaquio.com.br\/coral-infantil-de-carmopolis-de-minas-participa-de-celebracao-no-santuario\/#primaryimage\"},\"thumbnailUrl\":\"https:\/\/www.padreeustaquio.com.br\/wp-content\/uploads\/2023\/08\/Coral-pequenos-cantores-carmopolis.jpeg\",\"datePublished\":\"2023-08-23T11:32:42+00:00\",\"description\":\"O Coral dos Pequenos Cantores dos Sagrados Cora\u00e7\u00f5es, de Carm\u00f3polis de Minas, regi\u00e3o oeste de Minas Gerais, se apresentou nesse domingo, no Santu\u00e1rio Arquidiocesano da Sa\u00fade e da Paz, a Igreja do Beato Padre Eust\u00e1quio. Este \u00e9 o segundo ano que o grupo se apresenta na festa do Beato.\",\"breadcrumb\":{\"@id\":\"https:\/\/www.padreeustaquio.com.br\/coral-infantil-de-carmopolis-de-minas-participa-de-celebracao-no-santuario\/#breadcrumb\"},\"inLanguage\":\"en-US\",\"potentialAction\":[{\"@type\":\"ReadAction\",\"target\":[\"https:\/\/www.padreeustaquio.com.br\/coral-infantil-de-carmopolis-de-minas-participa-de-celebracao-no-santuario\/\"]}]},{\"@type\":\"ImageObject\",\"inLanguage\":\"en-US\",\"@id\":\"https:\/\/www.padreeustaquio.com.br\/coral-infantil-de-carmopolis-de-minas-participa-de-celebracao-no-santuario\/#primaryimage\",\"url\":\"https:\/\/www.padreeustaquio.com.br\/wp-content\/uploads\/2023\/08\/Coral-pequenos-cantores-carmopolis.jpeg\",\"contentUrl\":\"https:\/\/www.padreeustaquio.com.br\/wp-content\/uploads\/2023\/08\/Coral-pequenos-cantores-carmopolis.jpeg\",\"width\":1024,\"height\":768},{\"@type\":\"BreadcrumbList\",\"@id\":\"https:\/\/www.padreeustaquio.com.br\/coral-infantil-de-carmopolis-de-minas-participa-de-celebracao-no-santuario\/#breadcrumb\",\"itemListElement\":[{\"@type\":\"ListItem\",\"position\":1,\"name\":\"In\u00edcio\",\"item\":\"https:\/\/www.padreeustaquio.com.br\/\"},{\"@type\":\"ListItem\",\"position\":2,\"name\":\"Coral infantil de Carm\u00f3polis de Minas participa de celebra\u00e7\u00e3o no Santu\u00e1rio\"}]},{\"@type\":\"WebSite\",\"@id\":\"https:\/\/www.padreeustaquio.com.br\/#website\",\"url\":\"https:\/\/www.padreeustaquio.com.br\/\",\"name\":\"Padre Eust\u00e1quio\",\"description\":\"Sa\u00fade e Paz\",\"publisher\":{\"@id\":\"https:\/\/www.padreeustaquio.com.br\/#organization\"},\"potentialAction\":[{\"@type\":\"SearchAction\",\"target\":{\"@type\":\"EntryPoint\",\"urlTemplate\":\"https:\/\/www.padreeustaquio.com.br\/?s={search_term_string}\"},\"query-input\":{\"@type\":\"PropertyValueSpecification\",\"valueRequired\":true,\"valueName\":\"search_term_string\"}}],\"inLanguage\":\"en-US\"},{\"@type\":\"Organization\",\"@id\":\"https:\/\/www.padreeustaquio.com.br\/#organization\",\"name\":\"Padre Eust\u00e1quio\",\"url\":\"https:\/\/www.padreeustaquio.com.br\/\",\"logo\":{\"@type\":\"ImageObject\",\"inLanguage\":\"en-US\",\"@id\":\"https:\/\/www.padreeustaquio.com.br\/#\/schema\/logo\/image\/\",\"url\":\"https:\/\/www.padreeustaquio.com.br\/wp-content\/uploads\/2019\/08\/marca.png\",\"contentUrl\":\"https:\/\/www.padreeustaquio.com.br\/wp-content\/uploads\/2019\/08\/marca.png\",\"width\":350,\"height\":400,\"caption\":\"Padre Eust\u00e1quio\"},\"image\":{\"@id\":\"https:\/\/www.padreeustaquio.com.br\/#\/schema\/logo\/image\/\"},\"sameAs\":[\"https:\/\/www.facebook.com\/beatopadreeustaquio\/\",\"https:\/\/x.com\/beatopeustaquio\",\"https:\/\/www.instagram.com\/beatopadreeustaquio\/\",\"https:\/\/www.youtube.com\/channel\/UCRhw7vfabnajwLxb1ZXMeIw\"]},{\"@type\":\"Person\",\"@id\":\"https:\/\/www.padreeustaquio.com.br\/#\/schema\/person\/a2a51db1d00f1a7af0204a0f1ddb1566\",\"name\":\"@sscc\",\"image\":{\"@type\":\"ImageObject\",\"inLanguage\":\"en-US\",\"@id\":\"https:\/\/secure.gravatar.com\/avatar\/68cfafa5f44617fea54071e215026e0ff06be366c3d54a8425f04fdcb86f8c5f?s=96&d=mm&r=g\",\"url\":\"https:\/\/secure.gravatar.com\/avatar\/68cfafa5f44617fea54071e215026e0ff06be366c3d54a8425f04fdcb86f8c5f?s=96&d=mm&r=g\",\"contentUrl\":\"https:\/\/secure.gravatar.com\/avatar\/68cfafa5f44617fea54071e215026e0ff06be366c3d54a8425f04fdcb86f8c5f?s=96&d=mm&r=g\",\"caption\":\"@sscc\"},\"url\":\"https:\/\/www.padreeustaquio.com.br\/en\/author\/sscc\/\"}]}<\/script>\n<!-- \/ Yoast SEO plugin. -->","yoast_head_json":{"title":"Children&#039;s choir from Carm\u00f3polis de Minas participates in celebration at the Sanctuary.","description":"The Little Singers of the Sacred Hearts Choir, from Carm\u00f3polis de Minas, in the western region of Minas Gerais, performed this Sunday at the Archdiocesan Sanctuary of Health and Peace, the Church of Blessed Father Eust\u00e1quio. This is the second year that the group has performed at the Blessed&#039;s festival.","robots":{"index":"index","follow":"follow","max-snippet":"max-snippet:-1","max-image-preview":"max-image-preview:large","max-video-preview":"max-video-preview:-1"},"canonical":"https:\/\/www.padreeustaquio.com.br\/en\/childrens-choir-from-carmopolis-de-minas-participates-in-celebration-at-the-sanctuary\/","og_locale":"en_US","og_type":"article","og_title":"Coral infantil de Carm\u00f3polis de Minas participa de celebra\u00e7\u00e3o no Santu\u00e1rio","og_description":"O Coral dos Pequenos Cantores dos Sagrados Cora\u00e7\u00f5es, de Carm\u00f3polis de Minas, regi\u00e3o oeste de Minas Gerais, se apresentou nesse domingo, no Santu\u00e1rio Arquidiocesano da Sa\u00fade e da Paz, a Igreja do Beato Padre Eust\u00e1quio. Este \u00e9 o segundo ano que o grupo se apresenta na festa do Beato.","og_url":"https:\/\/www.padreeustaquio.com.br\/en\/childrens-choir-from-carmopolis-de-minas-participates-in-celebration-at-the-sanctuary\/","og_site_name":"Padre Eust\u00e1quio","article_publisher":"https:\/\/www.facebook.com\/beatopadreeustaquio\/","article_published_time":"2023-08-23T11:32:42+00:00","og_image":[{"width":1024,"height":768,"url":"https:\/\/www.padreeustaquio.com.br\/wp-content\/uploads\/2023\/08\/Coral-pequenos-cantores-carmopolis.jpeg","type":"image\/jpeg"}],"author":"@sscc","twitter_card":"summary_large_image","twitter_creator":"@beatopeustaquio","twitter_site":"@beatopeustaquio","twitter_misc":{"Written by":"@sscc","Est. reading time":"2 minutes"},"schema":{"@context":"https:\/\/schema.org","@graph":[{"@type":"Article","@id":"https:\/\/www.padreeustaquio.com.br\/coral-infantil-de-carmopolis-de-minas-participa-de-celebracao-no-santuario\/#article","isPartOf":{"@id":"https:\/\/www.padreeustaquio.com.br\/coral-infantil-de-carmopolis-de-minas-participa-de-celebracao-no-santuario\/"},"author":{"name":"@sscc","@id":"https:\/\/www.padreeustaquio.com.br\/#\/schema\/person\/a2a51db1d00f1a7af0204a0f1ddb1566"},"headline":"Coral infantil de Carm\u00f3polis de Minas participa de celebra\u00e7\u00e3o no Santu\u00e1rio","datePublished":"2023-08-23T11:32:42+00:00","mainEntityOfPage":{"@id":"https:\/\/www.padreeustaquio.com.br\/coral-infantil-de-carmopolis-de-minas-participa-de-celebracao-no-santuario\/"},"wordCount":353,"commentCount":0,"publisher":{"@id":"https:\/\/www.padreeustaquio.com.br\/#organization"},"image":{"@id":"https:\/\/www.padreeustaquio.com.br\/coral-infantil-de-carmopolis-de-minas-participa-de-celebracao-no-santuario\/#primaryimage"},"thumbnailUrl":"https:\/\/www.padreeustaquio.com.br\/wp-content\/uploads\/2023\/08\/Coral-pequenos-cantores-carmopolis.jpeg","articleSection":["Not\u00edcias"],"inLanguage":"en-US","potentialAction":[{"@type":"CommentAction","name":"Comment","target":["https:\/\/www.padreeustaquio.com.br\/coral-infantil-de-carmopolis-de-minas-participa-de-celebracao-no-santuario\/#respond"]}]},{"@type":"WebPage","@id":"https:\/\/www.padreeustaquio.com.br\/coral-infantil-de-carmopolis-de-minas-participa-de-celebracao-no-santuario\/","url":"https:\/\/www.padreeustaquio.com.br\/coral-infantil-de-carmopolis-de-minas-participa-de-celebracao-no-santuario\/","name":"Children&#039;s choir from Carm\u00f3polis de Minas participates in celebration at the Sanctuary.","isPartOf":{"@id":"https:\/\/www.padreeustaquio.com.br\/#website"},"primaryImageOfPage":{"@id":"https:\/\/www.padreeustaquio.com.br\/coral-infantil-de-carmopolis-de-minas-participa-de-celebracao-no-santuario\/#primaryimage"},"image":{"@id":"https:\/\/www.padreeustaquio.com.br\/coral-infantil-de-carmopolis-de-minas-participa-de-celebracao-no-santuario\/#primaryimage"},"thumbnailUrl":"https:\/\/www.padreeustaquio.com.br\/wp-content\/uploads\/2023\/08\/Coral-pequenos-cantores-carmopolis.jpeg","datePublished":"2023-08-23T11:32:42+00:00","description":"The Little Singers of the Sacred Hearts Choir, from Carm\u00f3polis de Minas, in the western region of Minas Gerais, performed this Sunday at the Archdiocesan Sanctuary of Health and Peace, the Church of Blessed Father Eust\u00e1quio. This is the second year that the group has performed at the Blessed&#039;s festival.","breadcrumb":{"@id":"https:\/\/www.padreeustaquio.com.br\/coral-infantil-de-carmopolis-de-minas-participa-de-celebracao-no-santuario\/#breadcrumb"},"inLanguage":"en-US","potentialAction":[{"@type":"ReadAction","target":["https:\/\/www.padreeustaquio.com.br\/coral-infantil-de-carmopolis-de-minas-participa-de-celebracao-no-santuario\/"]}]},{"@type":"ImageObject","inLanguage":"en-US","@id":"https:\/\/www.padreeustaquio.com.br\/coral-infantil-de-carmopolis-de-minas-participa-de-celebracao-no-santuario\/#primaryimage","url":"https:\/\/www.padreeustaquio.com.br\/wp-content\/uploads\/2023\/08\/Coral-pequenos-cantores-carmopolis.jpeg","contentUrl":"https:\/\/www.padreeustaquio.com.br\/wp-content\/uploads\/2023\/08\/Coral-pequenos-cantores-carmopolis.jpeg","width":1024,"height":768},{"@type":"BreadcrumbList","@id":"https:\/\/www.padreeustaquio.com.br\/coral-infantil-de-carmopolis-de-minas-participa-de-celebracao-no-santuario\/#breadcrumb","itemListElement":[{"@type":"ListItem","position":1,"name":"In\u00edcio","item":"https:\/\/www.padreeustaquio.com.br\/"},{"@type":"ListItem","position":2,"name":"Coral infantil de Carm\u00f3polis de Minas participa de celebra\u00e7\u00e3o no Santu\u00e1rio"}]},{"@type":"WebSite","@id":"https:\/\/www.padreeustaquio.com.br\/#website","url":"https:\/\/www.padreeustaquio.com.br\/","name":"FATHER EUST\u00c1QUIO","description":"Health and Peace","publisher":{"@id":"https:\/\/www.padreeustaquio.com.br\/#organization"},"potentialAction":[{"@type":"SearchAction","target":{"@type":"EntryPoint","urlTemplate":"https:\/\/www.padreeustaquio.com.br\/?s={search_term_string}"},"query-input":{"@type":"PropertyValueSpecification","valueRequired":true,"valueName":"search_term_string"}}],"inLanguage":"en-US"},{"@type":"Organization","@id":"https:\/\/www.padreeustaquio.com.br\/#organization","name":"FATHER EUST\u00c1QUIO","url":"https:\/\/www.padreeustaquio.com.br\/","logo":{"@type":"ImageObject","inLanguage":"en-US","@id":"https:\/\/www.padreeustaquio.com.br\/#\/schema\/logo\/image\/","url":"https:\/\/www.padreeustaquio.com.br\/wp-content\/uploads\/2019\/08\/marca.png","contentUrl":"https:\/\/www.padreeustaquio.com.br\/wp-content\/uploads\/2019\/08\/marca.png","width":350,"height":400,"caption":"Padre Eust\u00e1quio"},"image":{"@id":"https:\/\/www.padreeustaquio.com.br\/#\/schema\/logo\/image\/"},"sameAs":["https:\/\/www.facebook.com\/beatopadreeustaquio\/","https:\/\/x.com\/beatopeustaquio","https:\/\/www.instagram.com\/beatopadreeustaquio\/","https:\/\/www.youtube.com\/channel\/UCRhw7vfabnajwLxb1ZXMeIw"]},{"@type":"Person","@id":"https:\/\/www.padreeustaquio.com.br\/#\/schema\/person\/a2a51db1d00f1a7af0204a0f1ddb1566","name":"@sscc","image":{"@type":"ImageObject","inLanguage":"en-US","@id":"https:\/\/secure.gravatar.com\/avatar\/68cfafa5f44617fea54071e215026e0ff06be366c3d54a8425f04fdcb86f8c5f?s=96&d=mm&r=g","url":"https:\/\/secure.gravatar.com\/avatar\/68cfafa5f44617fea54071e215026e0ff06be366c3d54a8425f04fdcb86f8c5f?s=96&d=mm&r=g","contentUrl":"https:\/\/secure.gravatar.com\/avatar\/68cfafa5f44617fea54071e215026e0ff06be366c3d54a8425f04fdcb86f8c5f?s=96&d=mm&r=g","caption":"@sscc"},"url":"https:\/\/www.padreeustaquio.com.br\/en\/author\/sscc\/"}]}},"_links":{"self":[{"href":"https:\/\/www.padreeustaquio.com.br\/en\/wp-json\/wp\/v2\/posts\/10822","targetHints":{"allow":["GET"]}}],"collection":[{"href":"https:\/\/www.padreeustaquio.com.br\/en\/wp-json\/wp\/v2\/posts"}],"about":[{"href":"https:\/\/www.padreeustaquio.com.br\/en\/wp-json\/wp\/v2\/types\/post"}],"author":[{"embeddable":true,"href":"https:\/\/www.padreeustaquio.com.br\/en\/wp-json\/wp\/v2\/users\/2"}],"replies":[{"embeddable":true,"href":"https:\/\/www.padreeustaquio.com.br\/en\/wp-json\/wp\/v2\/comments?post=10822"}],"version-history":[{"count":0,"href":"https:\/\/www.padreeustaquio.com.br\/en\/wp-json\/wp\/v2\/posts\/10822\/revisions"}],"wp:featuredmedia":[{"embeddable":true,"href":"https:\/\/www.padreeustaquio.com.br\/en\/wp-json\/wp\/v2\/media\/10824"}],"wp:attachment":[{"href":"https:\/\/www.padreeustaquio.com.br\/en\/wp-json\/wp\/v2\/media?parent=10822"}],"wp:term":[{"taxonomy":"category","embeddable":true,"href":"https:\/\/www.padreeustaquio.com.br\/en\/wp-json\/wp\/v2\/categories?post=10822"},{"taxonomy":"post_tag","embeddable":true,"href":"https:\/\/www.padreeustaquio.com.br\/en\/wp-json\/wp\/v2\/tags?post=10822"}],"curies":[{"name":"wp","href":"https:\/\/api.w.org\/{rel}","templated":true}]}}