{"id":10817,"date":"2023-08-22T11:59:26","date_gmt":"2023-08-22T14:59:26","guid":{"rendered":"https:\/\/www.padreeustaquio.com.br\/?p=10817"},"modified":"2023-08-22T12:10:42","modified_gmt":"2023-08-22T15:10:42","slug":"bust-of-father-eustaquio-is-re-inaugurated-in-the-church-square-in-belo-horizonte","status":"publish","type":"post","link":"https:\/\/www.padreeustaquio.com.br\/en\/bust-of-father-eustaquio-is-re-inaugurated-in-the-church-square-in-belo-horizonte\/","title":{"rendered":"Bust of Father Eust\u00e1quio is re-inaugurated in the church square in Belo Horizonte."},"content":{"rendered":"<p>Exactly 30 years after its inauguration, the bust of Blessed Father Eust\u00e1quio was restored and unveiled this Monday, August 21st, in the church square. The ceremony took place on the first day of the novena and is part of the celebrations of his 80th birthday in Sa\u00fade e Paz.<\/p>\n<p>The unveiling of the sculpture took place immediately after Mass, marking the first day of the novena. Father Silvano Dias de \u00c1vila, SSCC, and dozens of faithful went to the square to reveal the new image. After inviting Mrs. Nat\u00e1lia (wife of the sculptor Mateo) and her children, who were responsible for the restoration, the image was unveiled to the applause of the devotees.<\/p>\n<p>After the ceremony, the sculpture was blessed to the sound of the Supplication to Father Eust\u00e1quio, spontaneously sung by those present. At Espa\u00e7o Molokai there were also stalls selling pastries, cornmeal porridge, hot dogs, and drinks.<\/p>\n<p><strong>The sculpture<\/strong><\/p>\n<p>The bust of Father Eust\u00e1quio was unveiled on August 30, 1993, during the commemoration of the 50th anniversary of Father Eust\u00e1quio&#039;s passing. At the time, the couple Xisto Silveira Braga and Elza Machado Silveira Braga donated the image, which was sculpted by Mateo and placed on the right side of the church entrance.<\/p>\n<p>From that date onwards, every year on August 30th, the sculptor would clean and repair the image. After the sculptor&#039;s death, his son Nilo took over this task.<\/p>\n<p>This year, to give the image more prominence, it was relocated to where the faithful enter, on Ces\u00e1rio Alvim Street. With the change, Nilo helped remove the image in July of this year, took it to the family workshop, and worked on a more intensive restoration, using anti-corrosion paint and other repairs to the piece.<\/p>\n<p>&nbsp;<\/p>","protected":false},"excerpt":{"rendered":"<p>Exatos 30 anos depois de inaugurado, o busto do Beato Padre Eust\u00e1quio, foi restaurado e inaugurado, nessa segunda-feira, dia 21 de agosto, na pra\u00e7a da Igreja. O ato foi realizado no primeiro dia da novena e faz parte das comemora\u00e7\u00f5es dos 80 anos de Sa\u00fade e Paz. O descerramento da escultura foi feito logo ap\u00f3s a Missa com o primeiro dia da novena. Padre Silvano Dias de \u00c1vila, SSCC e dezenas de fi\u00e9is se dirigiram \u00e0 pra\u00e7a para revelar a nova imagem. Depois de convidar dona Nat\u00e1lia (esposa do escultor Mateo) e os filhos, respons\u00e1veis pela restaura\u00e7\u00e3o, a imagem foi [&hellip;]<\/p>\n","protected":false},"author":2,"featured_media":10820,"comment_status":"open","ping_status":"closed","sticky":false,"template":"","format":"standard","meta":{"_acf_changed":false,"footnotes":""},"categories":[611],"tags":[],"class_list":["post-10817","post","type-post","status-publish","format-standard","has-post-thumbnail","hentry","category-noticias"],"acf":[],"yoast_head":"<!-- This site is optimized with the Yoast SEO plugin v27.2 - https:\/\/yoast.com\/product\/yoast-seo-wordpress\/ -->\n<title>Busto de Padre Eust\u00e1quio \u00e9 reinaugurado na pra\u00e7a da Igreja em BH<\/title>\n<meta name=\"description\" content=\"Exatos 30 anos depois de inaugurado, o busto do Beato Padre Eust\u00e1quio, foi restaurado e inaugurado, nessa segunda-feira, dia 21 de agosto, na pra\u00e7a da Igreja. O ato foi realizado no primeiro dia da novena e faz parte das comemora\u00e7\u00f5es dos 80 anos de Sa\u00fade e Paz.\" \/>\n<meta name=\"robots\" content=\"index, follow, max-snippet:-1, max-image-preview:large, max-video-preview:-1\" \/>\n<link rel=\"canonical\" href=\"https:\/\/www.padreeustaquio.com.br\/en\/bust-of-father-eustaquio-is-re-inaugurated-in-the-church-square-in-belo-horizonte\/\" \/>\n<meta property=\"og:locale\" content=\"en_US\" \/>\n<meta property=\"og:type\" content=\"article\" \/>\n<meta property=\"og:title\" content=\"Busto de Padre Eust\u00e1quio \u00e9 reinaugurado na pra\u00e7a da Igreja em BH\" \/>\n<meta property=\"og:description\" content=\"Exatos 30 anos depois de inaugurado, o busto do Beato Padre Eust\u00e1quio, foi restaurado e inaugurado, nessa segunda-feira, dia 21 de agosto, na pra\u00e7a da Igreja. O ato foi realizado no primeiro dia da novena e faz parte das comemora\u00e7\u00f5es dos 80 anos de Sa\u00fade e Paz.\" \/>\n<meta property=\"og:url\" content=\"https:\/\/www.padreeustaquio.com.br\/en\/bust-of-father-eustaquio-is-re-inaugurated-in-the-church-square-in-belo-horizonte\/\" \/>\n<meta property=\"og:site_name\" content=\"Padre Eust\u00e1quio\" \/>\n<meta property=\"article:publisher\" content=\"https:\/\/www.facebook.com\/beatopadreeustaquio\/\" \/>\n<meta property=\"article:published_time\" content=\"2023-08-22T14:59:26+00:00\" \/>\n<meta property=\"article:modified_time\" content=\"2023-08-22T15:10:42+00:00\" \/>\n<meta property=\"og:image\" content=\"https:\/\/www.padreeustaquio.com.br\/wp-content\/uploads\/2023\/08\/busto-padre-eustaquio.png\" \/>\n\t<meta property=\"og:image:width\" content=\"434\" \/>\n\t<meta property=\"og:image:height\" content=\"250\" \/>\n\t<meta property=\"og:image:type\" content=\"image\/png\" \/>\n<meta name=\"author\" content=\"@sscc\" \/>\n<meta name=\"twitter:card\" content=\"summary_large_image\" \/>\n<meta name=\"twitter:creator\" content=\"@beatopeustaquio\" \/>\n<meta name=\"twitter:site\" content=\"@beatopeustaquio\" \/>\n<meta name=\"twitter:label1\" content=\"Written by\" \/>\n\t<meta name=\"twitter:data1\" content=\"@sscc\" \/>\n\t<meta name=\"twitter:label2\" content=\"Est. reading time\" \/>\n\t<meta name=\"twitter:data2\" content=\"2 minutes\" \/>\n<script type=\"application\/ld+json\" class=\"yoast-schema-graph\">{\"@context\":\"https:\/\/schema.org\",\"@graph\":[{\"@type\":\"Article\",\"@id\":\"https:\/\/www.padreeustaquio.com.br\/busto-de-padre-eustaquio-e-reinaugurado-na-praca-da-igreja-em-bh\/#article\",\"isPartOf\":{\"@id\":\"https:\/\/www.padreeustaquio.com.br\/busto-de-padre-eustaquio-e-reinaugurado-na-praca-da-igreja-em-bh\/\"},\"author\":{\"name\":\"@sscc\",\"@id\":\"https:\/\/www.padreeustaquio.com.br\/#\/schema\/person\/a2a51db1d00f1a7af0204a0f1ddb1566\"},\"headline\":\"Busto de Padre Eust\u00e1quio \u00e9 reinaugurado na pra\u00e7a da Igreja em BH\",\"datePublished\":\"2023-08-22T14:59:26+00:00\",\"dateModified\":\"2023-08-22T15:10:42+00:00\",\"mainEntityOfPage\":{\"@id\":\"https:\/\/www.padreeustaquio.com.br\/busto-de-padre-eustaquio-e-reinaugurado-na-praca-da-igreja-em-bh\/\"},\"wordCount\":319,\"commentCount\":0,\"publisher\":{\"@id\":\"https:\/\/www.padreeustaquio.com.br\/#organization\"},\"image\":{\"@id\":\"https:\/\/www.padreeustaquio.com.br\/busto-de-padre-eustaquio-e-reinaugurado-na-praca-da-igreja-em-bh\/#primaryimage\"},\"thumbnailUrl\":\"https:\/\/www.padreeustaquio.com.br\/wp-content\/uploads\/2023\/08\/busto-padre-eustaquio.png\",\"articleSection\":[\"Not\u00edcias\"],\"inLanguage\":\"en-US\",\"potentialAction\":[{\"@type\":\"CommentAction\",\"name\":\"Comment\",\"target\":[\"https:\/\/www.padreeustaquio.com.br\/busto-de-padre-eustaquio-e-reinaugurado-na-praca-da-igreja-em-bh\/#respond\"]}]},{\"@type\":\"WebPage\",\"@id\":\"https:\/\/www.padreeustaquio.com.br\/busto-de-padre-eustaquio-e-reinaugurado-na-praca-da-igreja-em-bh\/\",\"url\":\"https:\/\/www.padreeustaquio.com.br\/busto-de-padre-eustaquio-e-reinaugurado-na-praca-da-igreja-em-bh\/\",\"name\":\"Busto de Padre Eust\u00e1quio \u00e9 reinaugurado na pra\u00e7a da Igreja em BH\",\"isPartOf\":{\"@id\":\"https:\/\/www.padreeustaquio.com.br\/#website\"},\"primaryImageOfPage\":{\"@id\":\"https:\/\/www.padreeustaquio.com.br\/busto-de-padre-eustaquio-e-reinaugurado-na-praca-da-igreja-em-bh\/#primaryimage\"},\"image\":{\"@id\":\"https:\/\/www.padreeustaquio.com.br\/busto-de-padre-eustaquio-e-reinaugurado-na-praca-da-igreja-em-bh\/#primaryimage\"},\"thumbnailUrl\":\"https:\/\/www.padreeustaquio.com.br\/wp-content\/uploads\/2023\/08\/busto-padre-eustaquio.png\",\"datePublished\":\"2023-08-22T14:59:26+00:00\",\"dateModified\":\"2023-08-22T15:10:42+00:00\",\"description\":\"Exatos 30 anos depois de inaugurado, o busto do Beato Padre Eust\u00e1quio, foi restaurado e inaugurado, nessa segunda-feira, dia 21 de agosto, na pra\u00e7a da Igreja. O ato foi realizado no primeiro dia da novena e faz parte das comemora\u00e7\u00f5es dos 80 anos de Sa\u00fade e Paz.\",\"breadcrumb\":{\"@id\":\"https:\/\/www.padreeustaquio.com.br\/busto-de-padre-eustaquio-e-reinaugurado-na-praca-da-igreja-em-bh\/#breadcrumb\"},\"inLanguage\":\"en-US\",\"potentialAction\":[{\"@type\":\"ReadAction\",\"target\":[\"https:\/\/www.padreeustaquio.com.br\/busto-de-padre-eustaquio-e-reinaugurado-na-praca-da-igreja-em-bh\/\"]}]},{\"@type\":\"ImageObject\",\"inLanguage\":\"en-US\",\"@id\":\"https:\/\/www.padreeustaquio.com.br\/busto-de-padre-eustaquio-e-reinaugurado-na-praca-da-igreja-em-bh\/#primaryimage\",\"url\":\"https:\/\/www.padreeustaquio.com.br\/wp-content\/uploads\/2023\/08\/busto-padre-eustaquio.png\",\"contentUrl\":\"https:\/\/www.padreeustaquio.com.br\/wp-content\/uploads\/2023\/08\/busto-padre-eustaquio.png\",\"width\":434,\"height\":250},{\"@type\":\"BreadcrumbList\",\"@id\":\"https:\/\/www.padreeustaquio.com.br\/busto-de-padre-eustaquio-e-reinaugurado-na-praca-da-igreja-em-bh\/#breadcrumb\",\"itemListElement\":[{\"@type\":\"ListItem\",\"position\":1,\"name\":\"In\u00edcio\",\"item\":\"https:\/\/www.padreeustaquio.com.br\/\"},{\"@type\":\"ListItem\",\"position\":2,\"name\":\"Busto de Padre Eust\u00e1quio \u00e9 reinaugurado na pra\u00e7a da Igreja em BH\"}]},{\"@type\":\"WebSite\",\"@id\":\"https:\/\/www.padreeustaquio.com.br\/#website\",\"url\":\"https:\/\/www.padreeustaquio.com.br\/\",\"name\":\"Padre Eust\u00e1quio\",\"description\":\"Sa\u00fade e Paz\",\"publisher\":{\"@id\":\"https:\/\/www.padreeustaquio.com.br\/#organization\"},\"potentialAction\":[{\"@type\":\"SearchAction\",\"target\":{\"@type\":\"EntryPoint\",\"urlTemplate\":\"https:\/\/www.padreeustaquio.com.br\/?s={search_term_string}\"},\"query-input\":{\"@type\":\"PropertyValueSpecification\",\"valueRequired\":true,\"valueName\":\"search_term_string\"}}],\"inLanguage\":\"en-US\"},{\"@type\":\"Organization\",\"@id\":\"https:\/\/www.padreeustaquio.com.br\/#organization\",\"name\":\"Padre Eust\u00e1quio\",\"url\":\"https:\/\/www.padreeustaquio.com.br\/\",\"logo\":{\"@type\":\"ImageObject\",\"inLanguage\":\"en-US\",\"@id\":\"https:\/\/www.padreeustaquio.com.br\/#\/schema\/logo\/image\/\",\"url\":\"https:\/\/www.padreeustaquio.com.br\/wp-content\/uploads\/2019\/08\/marca.png\",\"contentUrl\":\"https:\/\/www.padreeustaquio.com.br\/wp-content\/uploads\/2019\/08\/marca.png\",\"width\":350,\"height\":400,\"caption\":\"Padre Eust\u00e1quio\"},\"image\":{\"@id\":\"https:\/\/www.padreeustaquio.com.br\/#\/schema\/logo\/image\/\"},\"sameAs\":[\"https:\/\/www.facebook.com\/beatopadreeustaquio\/\",\"https:\/\/x.com\/beatopeustaquio\",\"https:\/\/www.instagram.com\/beatopadreeustaquio\/\",\"https:\/\/www.youtube.com\/channel\/UCRhw7vfabnajwLxb1ZXMeIw\"]},{\"@type\":\"Person\",\"@id\":\"https:\/\/www.padreeustaquio.com.br\/#\/schema\/person\/a2a51db1d00f1a7af0204a0f1ddb1566\",\"name\":\"@sscc\",\"image\":{\"@type\":\"ImageObject\",\"inLanguage\":\"en-US\",\"@id\":\"https:\/\/secure.gravatar.com\/avatar\/68cfafa5f44617fea54071e215026e0ff06be366c3d54a8425f04fdcb86f8c5f?s=96&d=mm&r=g\",\"url\":\"https:\/\/secure.gravatar.com\/avatar\/68cfafa5f44617fea54071e215026e0ff06be366c3d54a8425f04fdcb86f8c5f?s=96&d=mm&r=g\",\"contentUrl\":\"https:\/\/secure.gravatar.com\/avatar\/68cfafa5f44617fea54071e215026e0ff06be366c3d54a8425f04fdcb86f8c5f?s=96&d=mm&r=g\",\"caption\":\"@sscc\"},\"url\":\"https:\/\/www.padreeustaquio.com.br\/en\/author\/sscc\/\"}]}<\/script>\n<!-- \/ Yoast SEO plugin. -->","yoast_head_json":{"title":"Bust of Father Eust\u00e1quio is re-inaugurated in the church square in Belo Horizonte.","description":"Exactly 30 years after its inauguration, the bust of Blessed Father Eust\u00e1quio was restored and unveiled this Monday, August 21st, in the church square. The ceremony took place on the first day of the novena and is part of the celebrations of his 80th birthday in Sa\u00fade e Paz.","robots":{"index":"index","follow":"follow","max-snippet":"max-snippet:-1","max-image-preview":"max-image-preview:large","max-video-preview":"max-video-preview:-1"},"canonical":"https:\/\/www.padreeustaquio.com.br\/en\/bust-of-father-eustaquio-is-re-inaugurated-in-the-church-square-in-belo-horizonte\/","og_locale":"en_US","og_type":"article","og_title":"Busto de Padre Eust\u00e1quio \u00e9 reinaugurado na pra\u00e7a da Igreja em BH","og_description":"Exatos 30 anos depois de inaugurado, o busto do Beato Padre Eust\u00e1quio, foi restaurado e inaugurado, nessa segunda-feira, dia 21 de agosto, na pra\u00e7a da Igreja. O ato foi realizado no primeiro dia da novena e faz parte das comemora\u00e7\u00f5es dos 80 anos de Sa\u00fade e Paz.","og_url":"https:\/\/www.padreeustaquio.com.br\/en\/bust-of-father-eustaquio-is-re-inaugurated-in-the-church-square-in-belo-horizonte\/","og_site_name":"Padre Eust\u00e1quio","article_publisher":"https:\/\/www.facebook.com\/beatopadreeustaquio\/","article_published_time":"2023-08-22T14:59:26+00:00","article_modified_time":"2023-08-22T15:10:42+00:00","og_image":[{"width":434,"height":250,"url":"https:\/\/www.padreeustaquio.com.br\/wp-content\/uploads\/2023\/08\/busto-padre-eustaquio.png","type":"image\/png"}],"author":"@sscc","twitter_card":"summary_large_image","twitter_creator":"@beatopeustaquio","twitter_site":"@beatopeustaquio","twitter_misc":{"Written by":"@sscc","Est. reading time":"2 minutes"},"schema":{"@context":"https:\/\/schema.org","@graph":[{"@type":"Article","@id":"https:\/\/www.padreeustaquio.com.br\/busto-de-padre-eustaquio-e-reinaugurado-na-praca-da-igreja-em-bh\/#article","isPartOf":{"@id":"https:\/\/www.padreeustaquio.com.br\/busto-de-padre-eustaquio-e-reinaugurado-na-praca-da-igreja-em-bh\/"},"author":{"name":"@sscc","@id":"https:\/\/www.padreeustaquio.com.br\/#\/schema\/person\/a2a51db1d00f1a7af0204a0f1ddb1566"},"headline":"Busto de Padre Eust\u00e1quio \u00e9 reinaugurado na pra\u00e7a da Igreja em BH","datePublished":"2023-08-22T14:59:26+00:00","dateModified":"2023-08-22T15:10:42+00:00","mainEntityOfPage":{"@id":"https:\/\/www.padreeustaquio.com.br\/busto-de-padre-eustaquio-e-reinaugurado-na-praca-da-igreja-em-bh\/"},"wordCount":319,"commentCount":0,"publisher":{"@id":"https:\/\/www.padreeustaquio.com.br\/#organization"},"image":{"@id":"https:\/\/www.padreeustaquio.com.br\/busto-de-padre-eustaquio-e-reinaugurado-na-praca-da-igreja-em-bh\/#primaryimage"},"thumbnailUrl":"https:\/\/www.padreeustaquio.com.br\/wp-content\/uploads\/2023\/08\/busto-padre-eustaquio.png","articleSection":["Not\u00edcias"],"inLanguage":"en-US","potentialAction":[{"@type":"CommentAction","name":"Comment","target":["https:\/\/www.padreeustaquio.com.br\/busto-de-padre-eustaquio-e-reinaugurado-na-praca-da-igreja-em-bh\/#respond"]}]},{"@type":"WebPage","@id":"https:\/\/www.padreeustaquio.com.br\/busto-de-padre-eustaquio-e-reinaugurado-na-praca-da-igreja-em-bh\/","url":"https:\/\/www.padreeustaquio.com.br\/busto-de-padre-eustaquio-e-reinaugurado-na-praca-da-igreja-em-bh\/","name":"Bust of Father Eust\u00e1quio is re-inaugurated in the church square in Belo Horizonte.","isPartOf":{"@id":"https:\/\/www.padreeustaquio.com.br\/#website"},"primaryImageOfPage":{"@id":"https:\/\/www.padreeustaquio.com.br\/busto-de-padre-eustaquio-e-reinaugurado-na-praca-da-igreja-em-bh\/#primaryimage"},"image":{"@id":"https:\/\/www.padreeustaquio.com.br\/busto-de-padre-eustaquio-e-reinaugurado-na-praca-da-igreja-em-bh\/#primaryimage"},"thumbnailUrl":"https:\/\/www.padreeustaquio.com.br\/wp-content\/uploads\/2023\/08\/busto-padre-eustaquio.png","datePublished":"2023-08-22T14:59:26+00:00","dateModified":"2023-08-22T15:10:42+00:00","description":"Exactly 30 years after its inauguration, the bust of Blessed Father Eust\u00e1quio was restored and unveiled this Monday, August 21st, in the church square. The ceremony took place on the first day of the novena and is part of the celebrations of his 80th birthday in Sa\u00fade e Paz.","breadcrumb":{"@id":"https:\/\/www.padreeustaquio.com.br\/busto-de-padre-eustaquio-e-reinaugurado-na-praca-da-igreja-em-bh\/#breadcrumb"},"inLanguage":"en-US","potentialAction":[{"@type":"ReadAction","target":["https:\/\/www.padreeustaquio.com.br\/busto-de-padre-eustaquio-e-reinaugurado-na-praca-da-igreja-em-bh\/"]}]},{"@type":"ImageObject","inLanguage":"en-US","@id":"https:\/\/www.padreeustaquio.com.br\/busto-de-padre-eustaquio-e-reinaugurado-na-praca-da-igreja-em-bh\/#primaryimage","url":"https:\/\/www.padreeustaquio.com.br\/wp-content\/uploads\/2023\/08\/busto-padre-eustaquio.png","contentUrl":"https:\/\/www.padreeustaquio.com.br\/wp-content\/uploads\/2023\/08\/busto-padre-eustaquio.png","width":434,"height":250},{"@type":"BreadcrumbList","@id":"https:\/\/www.padreeustaquio.com.br\/busto-de-padre-eustaquio-e-reinaugurado-na-praca-da-igreja-em-bh\/#breadcrumb","itemListElement":[{"@type":"ListItem","position":1,"name":"In\u00edcio","item":"https:\/\/www.padreeustaquio.com.br\/"},{"@type":"ListItem","position":2,"name":"Busto de Padre Eust\u00e1quio \u00e9 reinaugurado na pra\u00e7a da Igreja em BH"}]},{"@type":"WebSite","@id":"https:\/\/www.padreeustaquio.com.br\/#website","url":"https:\/\/www.padreeustaquio.com.br\/","name":"FATHER EUST\u00c1QUIO","description":"Health and Peace","publisher":{"@id":"https:\/\/www.padreeustaquio.com.br\/#organization"},"potentialAction":[{"@type":"SearchAction","target":{"@type":"EntryPoint","urlTemplate":"https:\/\/www.padreeustaquio.com.br\/?s={search_term_string}"},"query-input":{"@type":"PropertyValueSpecification","valueRequired":true,"valueName":"search_term_string"}}],"inLanguage":"en-US"},{"@type":"Organization","@id":"https:\/\/www.padreeustaquio.com.br\/#organization","name":"FATHER EUST\u00c1QUIO","url":"https:\/\/www.padreeustaquio.com.br\/","logo":{"@type":"ImageObject","inLanguage":"en-US","@id":"https:\/\/www.padreeustaquio.com.br\/#\/schema\/logo\/image\/","url":"https:\/\/www.padreeustaquio.com.br\/wp-content\/uploads\/2019\/08\/marca.png","contentUrl":"https:\/\/www.padreeustaquio.com.br\/wp-content\/uploads\/2019\/08\/marca.png","width":350,"height":400,"caption":"Padre Eust\u00e1quio"},"image":{"@id":"https:\/\/www.padreeustaquio.com.br\/#\/schema\/logo\/image\/"},"sameAs":["https:\/\/www.facebook.com\/beatopadreeustaquio\/","https:\/\/x.com\/beatopeustaquio","https:\/\/www.instagram.com\/beatopadreeustaquio\/","https:\/\/www.youtube.com\/channel\/UCRhw7vfabnajwLxb1ZXMeIw"]},{"@type":"Person","@id":"https:\/\/www.padreeustaquio.com.br\/#\/schema\/person\/a2a51db1d00f1a7af0204a0f1ddb1566","name":"@sscc","image":{"@type":"ImageObject","inLanguage":"en-US","@id":"https:\/\/secure.gravatar.com\/avatar\/68cfafa5f44617fea54071e215026e0ff06be366c3d54a8425f04fdcb86f8c5f?s=96&d=mm&r=g","url":"https:\/\/secure.gravatar.com\/avatar\/68cfafa5f44617fea54071e215026e0ff06be366c3d54a8425f04fdcb86f8c5f?s=96&d=mm&r=g","contentUrl":"https:\/\/secure.gravatar.com\/avatar\/68cfafa5f44617fea54071e215026e0ff06be366c3d54a8425f04fdcb86f8c5f?s=96&d=mm&r=g","caption":"@sscc"},"url":"https:\/\/www.padreeustaquio.com.br\/en\/author\/sscc\/"}]}},"_links":{"self":[{"href":"https:\/\/www.padreeustaquio.com.br\/en\/wp-json\/wp\/v2\/posts\/10817","targetHints":{"allow":["GET"]}}],"collection":[{"href":"https:\/\/www.padreeustaquio.com.br\/en\/wp-json\/wp\/v2\/posts"}],"about":[{"href":"https:\/\/www.padreeustaquio.com.br\/en\/wp-json\/wp\/v2\/types\/post"}],"author":[{"embeddable":true,"href":"https:\/\/www.padreeustaquio.com.br\/en\/wp-json\/wp\/v2\/users\/2"}],"replies":[{"embeddable":true,"href":"https:\/\/www.padreeustaquio.com.br\/en\/wp-json\/wp\/v2\/comments?post=10817"}],"version-history":[{"count":0,"href":"https:\/\/www.padreeustaquio.com.br\/en\/wp-json\/wp\/v2\/posts\/10817\/revisions"}],"wp:featuredmedia":[{"embeddable":true,"href":"https:\/\/www.padreeustaquio.com.br\/en\/wp-json\/wp\/v2\/media\/10820"}],"wp:attachment":[{"href":"https:\/\/www.padreeustaquio.com.br\/en\/wp-json\/wp\/v2\/media?parent=10817"}],"wp:term":[{"taxonomy":"category","embeddable":true,"href":"https:\/\/www.padreeustaquio.com.br\/en\/wp-json\/wp\/v2\/categories?post=10817"},{"taxonomy":"post_tag","embeddable":true,"href":"https:\/\/www.padreeustaquio.com.br\/en\/wp-json\/wp\/v2\/tags?post=10817"}],"curies":[{"name":"wp","href":"https:\/\/api.w.org\/{rel}","templated":true}]}}