{"id":10812,"date":"2023-08-21T08:43:28","date_gmt":"2023-08-21T11:43:28","guid":{"rendered":"https:\/\/www.padreeustaquio.com.br\/?p=10812"},"modified":"2023-08-21T14:17:30","modified_gmt":"2023-08-21T17:17:30","slug":"singers-of-god-open-the-2023-blessed-father-eustace-festival","status":"publish","type":"post","link":"https:\/\/www.padreeustaquio.com.br\/en\/singers-of-god-open-the-2023-blessed-father-eustace-festival\/","title":{"rendered":"Singers of God open the 2023 Feast of Blessed Father Eustace"},"content":{"rendered":"<p>The group Cantores de Deus, conceived by Father Zezinho, opened the celebrations for the day of Blessed Father Eust\u00e1quio. In the year in which the faithful commemorate 80 years of devotion to the Blessed, the band&#039;s vocalists moved the audience inside the church.<\/p>\n<p>Andr\u00e9ia Zanardi, Dalva Ten\u00f3rio, and Karla Fioravante sang traditional songs, revisiting career hits, leading moments of reflection and prayer, and taking many people back to their catechism days. Watch the performance again. <a href=\"https:\/\/www.youtube.com\/watch?v=w593LYFvM1Q\">HERE<\/a><\/p>\n<p>Among the songs in the repertoire were great hits from the group and Father Zezinho, such as Maria de Minha Inf\u00e2ncia (Mary of My Childhood), Ora\u00e7\u00e3o pela Fam\u00edlia (Prayer for the Family), Eu vim de l\u00e1 do Interior (I Came from the Countryside), and S\u00f3 T\u00fa tens o poder (Only You Have the Power). The group also sang songs by other Catholic singers such as Eliana Ribeiro and Walmir Alencar.<\/p>\n<p>At one point, Dalva Ten\u00f3rio called the rector, Father Vin\u00edcius Maciel, and the singer Rha\u00edme Ferreira. Together with the group, they sang the Supplication to Father Eust\u00e1quio, a composition by Father L\u00facio Dumont Prado, SSCC, and got the audience to sing along.<\/p>","protected":false},"excerpt":{"rendered":"<p>O grupo Cantores de Deus, idealizado pelo Pe Zezinho, abriu as comemora\u00e7\u00f5es pelo dia do Beato Padre Eust\u00e1quio. No ano em que os fi\u00e9is relembram os 80 anos de devo\u00e7\u00e3o ao Beato, as vocalistas da banda emocionaram o p\u00fablico dentro da igreja. Andr\u00e9ia Zanardi, Dalva Ten\u00f3rio e Karla Fioravante cantaram m\u00fasicas tradicionais, relembrando os sucessos da carreira, fizeram momentos de reflex\u00e3o e ora\u00e7\u00e3o, al\u00e9m de terem feito muita gente voltar aos tempos de catequese. Reveja a apresenta\u00e7\u00e3o AQUI Dentre as m\u00fasicas do repert\u00f3rio, estavam grandes sucessos do grupo e do Pe Zezinho como Maria de Minha Inf\u00e2ncia, Ora\u00e7\u00e3o pela Fam\u00edlia, [&hellip;]<\/p>\n","protected":false},"author":2,"featured_media":10813,"comment_status":"open","ping_status":"closed","sticky":false,"template":"","format":"standard","meta":{"_acf_changed":false,"footnotes":""},"categories":[611],"tags":[],"class_list":["post-10812","post","type-post","status-publish","format-standard","has-post-thumbnail","hentry","category-noticias"],"acf":[],"yoast_head":"<!-- This site is optimized with the Yoast SEO plugin v27.2 - https:\/\/yoast.com\/product\/yoast-seo-wordpress\/ -->\n<title>Cantores de Deus abrem a Festa do Beato Padre Eust\u00e1quio 2023<\/title>\n<meta name=\"robots\" content=\"index, follow, max-snippet:-1, max-image-preview:large, max-video-preview:-1\" \/>\n<link rel=\"canonical\" href=\"https:\/\/www.padreeustaquio.com.br\/en\/singers-of-god-open-the-2023-blessed-father-eustace-festival\/\" \/>\n<meta property=\"og:locale\" content=\"en_US\" \/>\n<meta property=\"og:type\" content=\"article\" \/>\n<meta property=\"og:title\" content=\"Cantores de Deus abrem a Festa do Beato Padre Eust\u00e1quio 2023\" \/>\n<meta property=\"og:description\" content=\"O grupo Cantores de Deus, idealizado pelo Pe Zezinho, abriu as comemora\u00e7\u00f5es pelo dia do Beato Padre Eust\u00e1quio. No ano em que os fi\u00e9is relembram os 80 anos de devo\u00e7\u00e3o ao Beato, as vocalistas da banda emocionaram o p\u00fablico dentro da igreja. Andr\u00e9ia Zanardi, Dalva Ten\u00f3rio e Karla Fioravante cantaram m\u00fasicas tradicionais, relembrando os sucessos da carreira, fizeram momentos de reflex\u00e3o e ora\u00e7\u00e3o, al\u00e9m de terem feito muita gente voltar aos tempos de catequese. Reveja a apresenta\u00e7\u00e3o AQUI Dentre as m\u00fasicas do repert\u00f3rio, estavam grandes sucessos do grupo e do Pe Zezinho como Maria de Minha Inf\u00e2ncia, Ora\u00e7\u00e3o pela Fam\u00edlia, [&hellip;]\" \/>\n<meta property=\"og:url\" content=\"https:\/\/www.padreeustaquio.com.br\/en\/singers-of-god-open-the-2023-blessed-father-eustace-festival\/\" \/>\n<meta property=\"og:site_name\" content=\"Padre Eust\u00e1quio\" \/>\n<meta property=\"article:publisher\" content=\"https:\/\/www.facebook.com\/beatopadreeustaquio\/\" \/>\n<meta property=\"article:published_time\" content=\"2023-08-21T11:43:28+00:00\" \/>\n<meta property=\"article:modified_time\" content=\"2023-08-21T17:17:30+00:00\" \/>\n<meta property=\"og:image\" content=\"https:\/\/www.padreeustaquio.com.br\/wp-content\/uploads\/2023\/08\/cantores-de-deus-em-bh-e1692618193886.jpeg\" \/>\n\t<meta property=\"og:image:width\" content=\"1024\" \/>\n\t<meta property=\"og:image:height\" content=\"585\" \/>\n\t<meta property=\"og:image:type\" content=\"image\/jpeg\" \/>\n<meta name=\"author\" content=\"@sscc\" \/>\n<meta name=\"twitter:card\" content=\"summary_large_image\" \/>\n<meta name=\"twitter:creator\" content=\"@beatopeustaquio\" \/>\n<meta name=\"twitter:site\" content=\"@beatopeustaquio\" \/>\n<meta name=\"twitter:label1\" content=\"Written by\" \/>\n\t<meta name=\"twitter:data1\" content=\"@sscc\" \/>\n\t<meta name=\"twitter:label2\" content=\"Est. reading time\" \/>\n\t<meta name=\"twitter:data2\" content=\"1 minute\" \/>\n<script type=\"application\/ld+json\" class=\"yoast-schema-graph\">{\"@context\":\"https:\/\/schema.org\",\"@graph\":[{\"@type\":\"Article\",\"@id\":\"https:\/\/www.padreeustaquio.com.br\/cantores-de-deus-abrem-a-festa-do-beato-padre-eustaquio-2023\/#article\",\"isPartOf\":{\"@id\":\"https:\/\/www.padreeustaquio.com.br\/cantores-de-deus-abrem-a-festa-do-beato-padre-eustaquio-2023\/\"},\"author\":{\"name\":\"@sscc\",\"@id\":\"https:\/\/www.padreeustaquio.com.br\/#\/schema\/person\/a2a51db1d00f1a7af0204a0f1ddb1566\"},\"headline\":\"Cantores de Deus abrem a Festa do Beato Padre Eust\u00e1quio 2023\",\"datePublished\":\"2023-08-21T11:43:28+00:00\",\"dateModified\":\"2023-08-21T17:17:30+00:00\",\"mainEntityOfPage\":{\"@id\":\"https:\/\/www.padreeustaquio.com.br\/cantores-de-deus-abrem-a-festa-do-beato-padre-eustaquio-2023\/\"},\"wordCount\":207,\"commentCount\":0,\"publisher\":{\"@id\":\"https:\/\/www.padreeustaquio.com.br\/#organization\"},\"image\":{\"@id\":\"https:\/\/www.padreeustaquio.com.br\/cantores-de-deus-abrem-a-festa-do-beato-padre-eustaquio-2023\/#primaryimage\"},\"thumbnailUrl\":\"https:\/\/www.padreeustaquio.com.br\/wp-content\/uploads\/2023\/08\/cantores-de-deus-em-bh-e1692618193886.jpeg\",\"articleSection\":[\"Not\u00edcias\"],\"inLanguage\":\"en-US\",\"potentialAction\":[{\"@type\":\"CommentAction\",\"name\":\"Comment\",\"target\":[\"https:\/\/www.padreeustaquio.com.br\/cantores-de-deus-abrem-a-festa-do-beato-padre-eustaquio-2023\/#respond\"]}]},{\"@type\":\"WebPage\",\"@id\":\"https:\/\/www.padreeustaquio.com.br\/cantores-de-deus-abrem-a-festa-do-beato-padre-eustaquio-2023\/\",\"url\":\"https:\/\/www.padreeustaquio.com.br\/cantores-de-deus-abrem-a-festa-do-beato-padre-eustaquio-2023\/\",\"name\":\"Cantores de Deus abrem a Festa do Beato Padre Eust\u00e1quio 2023\",\"isPartOf\":{\"@id\":\"https:\/\/www.padreeustaquio.com.br\/#website\"},\"primaryImageOfPage\":{\"@id\":\"https:\/\/www.padreeustaquio.com.br\/cantores-de-deus-abrem-a-festa-do-beato-padre-eustaquio-2023\/#primaryimage\"},\"image\":{\"@id\":\"https:\/\/www.padreeustaquio.com.br\/cantores-de-deus-abrem-a-festa-do-beato-padre-eustaquio-2023\/#primaryimage\"},\"thumbnailUrl\":\"https:\/\/www.padreeustaquio.com.br\/wp-content\/uploads\/2023\/08\/cantores-de-deus-em-bh-e1692618193886.jpeg\",\"datePublished\":\"2023-08-21T11:43:28+00:00\",\"dateModified\":\"2023-08-21T17:17:30+00:00\",\"breadcrumb\":{\"@id\":\"https:\/\/www.padreeustaquio.com.br\/cantores-de-deus-abrem-a-festa-do-beato-padre-eustaquio-2023\/#breadcrumb\"},\"inLanguage\":\"en-US\",\"potentialAction\":[{\"@type\":\"ReadAction\",\"target\":[\"https:\/\/www.padreeustaquio.com.br\/cantores-de-deus-abrem-a-festa-do-beato-padre-eustaquio-2023\/\"]}]},{\"@type\":\"ImageObject\",\"inLanguage\":\"en-US\",\"@id\":\"https:\/\/www.padreeustaquio.com.br\/cantores-de-deus-abrem-a-festa-do-beato-padre-eustaquio-2023\/#primaryimage\",\"url\":\"https:\/\/www.padreeustaquio.com.br\/wp-content\/uploads\/2023\/08\/cantores-de-deus-em-bh-e1692618193886.jpeg\",\"contentUrl\":\"https:\/\/www.padreeustaquio.com.br\/wp-content\/uploads\/2023\/08\/cantores-de-deus-em-bh-e1692618193886.jpeg\",\"width\":1024,\"height\":585},{\"@type\":\"BreadcrumbList\",\"@id\":\"https:\/\/www.padreeustaquio.com.br\/cantores-de-deus-abrem-a-festa-do-beato-padre-eustaquio-2023\/#breadcrumb\",\"itemListElement\":[{\"@type\":\"ListItem\",\"position\":1,\"name\":\"In\u00edcio\",\"item\":\"https:\/\/www.padreeustaquio.com.br\/\"},{\"@type\":\"ListItem\",\"position\":2,\"name\":\"Cantores de Deus abrem a Festa do Beato Padre Eust\u00e1quio 2023\"}]},{\"@type\":\"WebSite\",\"@id\":\"https:\/\/www.padreeustaquio.com.br\/#website\",\"url\":\"https:\/\/www.padreeustaquio.com.br\/\",\"name\":\"Padre Eust\u00e1quio\",\"description\":\"Sa\u00fade e Paz\",\"publisher\":{\"@id\":\"https:\/\/www.padreeustaquio.com.br\/#organization\"},\"potentialAction\":[{\"@type\":\"SearchAction\",\"target\":{\"@type\":\"EntryPoint\",\"urlTemplate\":\"https:\/\/www.padreeustaquio.com.br\/?s={search_term_string}\"},\"query-input\":{\"@type\":\"PropertyValueSpecification\",\"valueRequired\":true,\"valueName\":\"search_term_string\"}}],\"inLanguage\":\"en-US\"},{\"@type\":\"Organization\",\"@id\":\"https:\/\/www.padreeustaquio.com.br\/#organization\",\"name\":\"Padre Eust\u00e1quio\",\"url\":\"https:\/\/www.padreeustaquio.com.br\/\",\"logo\":{\"@type\":\"ImageObject\",\"inLanguage\":\"en-US\",\"@id\":\"https:\/\/www.padreeustaquio.com.br\/#\/schema\/logo\/image\/\",\"url\":\"https:\/\/www.padreeustaquio.com.br\/wp-content\/uploads\/2019\/08\/marca.png\",\"contentUrl\":\"https:\/\/www.padreeustaquio.com.br\/wp-content\/uploads\/2019\/08\/marca.png\",\"width\":350,\"height\":400,\"caption\":\"Padre Eust\u00e1quio\"},\"image\":{\"@id\":\"https:\/\/www.padreeustaquio.com.br\/#\/schema\/logo\/image\/\"},\"sameAs\":[\"https:\/\/www.facebook.com\/beatopadreeustaquio\/\",\"https:\/\/x.com\/beatopeustaquio\",\"https:\/\/www.instagram.com\/beatopadreeustaquio\/\",\"https:\/\/www.youtube.com\/channel\/UCRhw7vfabnajwLxb1ZXMeIw\"]},{\"@type\":\"Person\",\"@id\":\"https:\/\/www.padreeustaquio.com.br\/#\/schema\/person\/a2a51db1d00f1a7af0204a0f1ddb1566\",\"name\":\"@sscc\",\"image\":{\"@type\":\"ImageObject\",\"inLanguage\":\"en-US\",\"@id\":\"https:\/\/secure.gravatar.com\/avatar\/68cfafa5f44617fea54071e215026e0ff06be366c3d54a8425f04fdcb86f8c5f?s=96&d=mm&r=g\",\"url\":\"https:\/\/secure.gravatar.com\/avatar\/68cfafa5f44617fea54071e215026e0ff06be366c3d54a8425f04fdcb86f8c5f?s=96&d=mm&r=g\",\"contentUrl\":\"https:\/\/secure.gravatar.com\/avatar\/68cfafa5f44617fea54071e215026e0ff06be366c3d54a8425f04fdcb86f8c5f?s=96&d=mm&r=g\",\"caption\":\"@sscc\"},\"url\":\"https:\/\/www.padreeustaquio.com.br\/en\/author\/sscc\/\"}]}<\/script>\n<!-- \/ Yoast SEO plugin. -->","yoast_head_json":{"title":"Singers of God open the 2023 Feast of Blessed Father Eustace","robots":{"index":"index","follow":"follow","max-snippet":"max-snippet:-1","max-image-preview":"max-image-preview:large","max-video-preview":"max-video-preview:-1"},"canonical":"https:\/\/www.padreeustaquio.com.br\/en\/singers-of-god-open-the-2023-blessed-father-eustace-festival\/","og_locale":"en_US","og_type":"article","og_title":"Cantores de Deus abrem a Festa do Beato Padre Eust\u00e1quio 2023","og_description":"O grupo Cantores de Deus, idealizado pelo Pe Zezinho, abriu as comemora\u00e7\u00f5es pelo dia do Beato Padre Eust\u00e1quio. No ano em que os fi\u00e9is relembram os 80 anos de devo\u00e7\u00e3o ao Beato, as vocalistas da banda emocionaram o p\u00fablico dentro da igreja. Andr\u00e9ia Zanardi, Dalva Ten\u00f3rio e Karla Fioravante cantaram m\u00fasicas tradicionais, relembrando os sucessos da carreira, fizeram momentos de reflex\u00e3o e ora\u00e7\u00e3o, al\u00e9m de terem feito muita gente voltar aos tempos de catequese. Reveja a apresenta\u00e7\u00e3o AQUI Dentre as m\u00fasicas do repert\u00f3rio, estavam grandes sucessos do grupo e do Pe Zezinho como Maria de Minha Inf\u00e2ncia, Ora\u00e7\u00e3o pela Fam\u00edlia, [&hellip;]","og_url":"https:\/\/www.padreeustaquio.com.br\/en\/singers-of-god-open-the-2023-blessed-father-eustace-festival\/","og_site_name":"Padre Eust\u00e1quio","article_publisher":"https:\/\/www.facebook.com\/beatopadreeustaquio\/","article_published_time":"2023-08-21T11:43:28+00:00","article_modified_time":"2023-08-21T17:17:30+00:00","og_image":[{"width":1024,"height":585,"url":"https:\/\/www.padreeustaquio.com.br\/wp-content\/uploads\/2023\/08\/cantores-de-deus-em-bh-e1692618193886.jpeg","type":"image\/jpeg"}],"author":"@sscc","twitter_card":"summary_large_image","twitter_creator":"@beatopeustaquio","twitter_site":"@beatopeustaquio","twitter_misc":{"Written by":"@sscc","Est. reading time":"1 minute"},"schema":{"@context":"https:\/\/schema.org","@graph":[{"@type":"Article","@id":"https:\/\/www.padreeustaquio.com.br\/cantores-de-deus-abrem-a-festa-do-beato-padre-eustaquio-2023\/#article","isPartOf":{"@id":"https:\/\/www.padreeustaquio.com.br\/cantores-de-deus-abrem-a-festa-do-beato-padre-eustaquio-2023\/"},"author":{"name":"@sscc","@id":"https:\/\/www.padreeustaquio.com.br\/#\/schema\/person\/a2a51db1d00f1a7af0204a0f1ddb1566"},"headline":"Cantores de Deus abrem a Festa do Beato Padre Eust\u00e1quio 2023","datePublished":"2023-08-21T11:43:28+00:00","dateModified":"2023-08-21T17:17:30+00:00","mainEntityOfPage":{"@id":"https:\/\/www.padreeustaquio.com.br\/cantores-de-deus-abrem-a-festa-do-beato-padre-eustaquio-2023\/"},"wordCount":207,"commentCount":0,"publisher":{"@id":"https:\/\/www.padreeustaquio.com.br\/#organization"},"image":{"@id":"https:\/\/www.padreeustaquio.com.br\/cantores-de-deus-abrem-a-festa-do-beato-padre-eustaquio-2023\/#primaryimage"},"thumbnailUrl":"https:\/\/www.padreeustaquio.com.br\/wp-content\/uploads\/2023\/08\/cantores-de-deus-em-bh-e1692618193886.jpeg","articleSection":["Not\u00edcias"],"inLanguage":"en-US","potentialAction":[{"@type":"CommentAction","name":"Comment","target":["https:\/\/www.padreeustaquio.com.br\/cantores-de-deus-abrem-a-festa-do-beato-padre-eustaquio-2023\/#respond"]}]},{"@type":"WebPage","@id":"https:\/\/www.padreeustaquio.com.br\/cantores-de-deus-abrem-a-festa-do-beato-padre-eustaquio-2023\/","url":"https:\/\/www.padreeustaquio.com.br\/cantores-de-deus-abrem-a-festa-do-beato-padre-eustaquio-2023\/","name":"Singers of God open the 2023 Feast of Blessed Father Eustace","isPartOf":{"@id":"https:\/\/www.padreeustaquio.com.br\/#website"},"primaryImageOfPage":{"@id":"https:\/\/www.padreeustaquio.com.br\/cantores-de-deus-abrem-a-festa-do-beato-padre-eustaquio-2023\/#primaryimage"},"image":{"@id":"https:\/\/www.padreeustaquio.com.br\/cantores-de-deus-abrem-a-festa-do-beato-padre-eustaquio-2023\/#primaryimage"},"thumbnailUrl":"https:\/\/www.padreeustaquio.com.br\/wp-content\/uploads\/2023\/08\/cantores-de-deus-em-bh-e1692618193886.jpeg","datePublished":"2023-08-21T11:43:28+00:00","dateModified":"2023-08-21T17:17:30+00:00","breadcrumb":{"@id":"https:\/\/www.padreeustaquio.com.br\/cantores-de-deus-abrem-a-festa-do-beato-padre-eustaquio-2023\/#breadcrumb"},"inLanguage":"en-US","potentialAction":[{"@type":"ReadAction","target":["https:\/\/www.padreeustaquio.com.br\/cantores-de-deus-abrem-a-festa-do-beato-padre-eustaquio-2023\/"]}]},{"@type":"ImageObject","inLanguage":"en-US","@id":"https:\/\/www.padreeustaquio.com.br\/cantores-de-deus-abrem-a-festa-do-beato-padre-eustaquio-2023\/#primaryimage","url":"https:\/\/www.padreeustaquio.com.br\/wp-content\/uploads\/2023\/08\/cantores-de-deus-em-bh-e1692618193886.jpeg","contentUrl":"https:\/\/www.padreeustaquio.com.br\/wp-content\/uploads\/2023\/08\/cantores-de-deus-em-bh-e1692618193886.jpeg","width":1024,"height":585},{"@type":"BreadcrumbList","@id":"https:\/\/www.padreeustaquio.com.br\/cantores-de-deus-abrem-a-festa-do-beato-padre-eustaquio-2023\/#breadcrumb","itemListElement":[{"@type":"ListItem","position":1,"name":"In\u00edcio","item":"https:\/\/www.padreeustaquio.com.br\/"},{"@type":"ListItem","position":2,"name":"Cantores de Deus abrem a Festa do Beato Padre Eust\u00e1quio 2023"}]},{"@type":"WebSite","@id":"https:\/\/www.padreeustaquio.com.br\/#website","url":"https:\/\/www.padreeustaquio.com.br\/","name":"FATHER EUST\u00c1QUIO","description":"Health and Peace","publisher":{"@id":"https:\/\/www.padreeustaquio.com.br\/#organization"},"potentialAction":[{"@type":"SearchAction","target":{"@type":"EntryPoint","urlTemplate":"https:\/\/www.padreeustaquio.com.br\/?s={search_term_string}"},"query-input":{"@type":"PropertyValueSpecification","valueRequired":true,"valueName":"search_term_string"}}],"inLanguage":"en-US"},{"@type":"Organization","@id":"https:\/\/www.padreeustaquio.com.br\/#organization","name":"FATHER EUST\u00c1QUIO","url":"https:\/\/www.padreeustaquio.com.br\/","logo":{"@type":"ImageObject","inLanguage":"en-US","@id":"https:\/\/www.padreeustaquio.com.br\/#\/schema\/logo\/image\/","url":"https:\/\/www.padreeustaquio.com.br\/wp-content\/uploads\/2019\/08\/marca.png","contentUrl":"https:\/\/www.padreeustaquio.com.br\/wp-content\/uploads\/2019\/08\/marca.png","width":350,"height":400,"caption":"Padre Eust\u00e1quio"},"image":{"@id":"https:\/\/www.padreeustaquio.com.br\/#\/schema\/logo\/image\/"},"sameAs":["https:\/\/www.facebook.com\/beatopadreeustaquio\/","https:\/\/x.com\/beatopeustaquio","https:\/\/www.instagram.com\/beatopadreeustaquio\/","https:\/\/www.youtube.com\/channel\/UCRhw7vfabnajwLxb1ZXMeIw"]},{"@type":"Person","@id":"https:\/\/www.padreeustaquio.com.br\/#\/schema\/person\/a2a51db1d00f1a7af0204a0f1ddb1566","name":"@sscc","image":{"@type":"ImageObject","inLanguage":"en-US","@id":"https:\/\/secure.gravatar.com\/avatar\/68cfafa5f44617fea54071e215026e0ff06be366c3d54a8425f04fdcb86f8c5f?s=96&d=mm&r=g","url":"https:\/\/secure.gravatar.com\/avatar\/68cfafa5f44617fea54071e215026e0ff06be366c3d54a8425f04fdcb86f8c5f?s=96&d=mm&r=g","contentUrl":"https:\/\/secure.gravatar.com\/avatar\/68cfafa5f44617fea54071e215026e0ff06be366c3d54a8425f04fdcb86f8c5f?s=96&d=mm&r=g","caption":"@sscc"},"url":"https:\/\/www.padreeustaquio.com.br\/en\/author\/sscc\/"}]}},"_links":{"self":[{"href":"https:\/\/www.padreeustaquio.com.br\/en\/wp-json\/wp\/v2\/posts\/10812","targetHints":{"allow":["GET"]}}],"collection":[{"href":"https:\/\/www.padreeustaquio.com.br\/en\/wp-json\/wp\/v2\/posts"}],"about":[{"href":"https:\/\/www.padreeustaquio.com.br\/en\/wp-json\/wp\/v2\/types\/post"}],"author":[{"embeddable":true,"href":"https:\/\/www.padreeustaquio.com.br\/en\/wp-json\/wp\/v2\/users\/2"}],"replies":[{"embeddable":true,"href":"https:\/\/www.padreeustaquio.com.br\/en\/wp-json\/wp\/v2\/comments?post=10812"}],"version-history":[{"count":0,"href":"https:\/\/www.padreeustaquio.com.br\/en\/wp-json\/wp\/v2\/posts\/10812\/revisions"}],"wp:featuredmedia":[{"embeddable":true,"href":"https:\/\/www.padreeustaquio.com.br\/en\/wp-json\/wp\/v2\/media\/10813"}],"wp:attachment":[{"href":"https:\/\/www.padreeustaquio.com.br\/en\/wp-json\/wp\/v2\/media?parent=10812"}],"wp:term":[{"taxonomy":"category","embeddable":true,"href":"https:\/\/www.padreeustaquio.com.br\/en\/wp-json\/wp\/v2\/categories?post=10812"},{"taxonomy":"post_tag","embeddable":true,"href":"https:\/\/www.padreeustaquio.com.br\/en\/wp-json\/wp\/v2\/tags?post=10812"}],"curies":[{"name":"wp","href":"https:\/\/api.w.org\/{rel}","templated":true}]}}