{"id":10807,"date":"2023-08-17T06:26:31","date_gmt":"2023-08-17T09:26:31","guid":{"rendered":"https:\/\/www.padreeustaquio.com.br\/?p=10807"},"modified":"2023-08-16T20:51:37","modified_gmt":"2023-08-16T23:51:37","slug":"check-out-the-full-program-for-the-2023-blessed-father-eustace-festival-and-join-us","status":"publish","type":"post","link":"https:\/\/www.padreeustaquio.com.br\/en\/check-out-the-full-program-for-the-2023-blessed-father-eustace-festival-and-join-us\/","title":{"rendered":"Check out the full schedule for the 2023 Blessed Father Eustace festival and join us!"},"content":{"rendered":"<p>This year, devotees of Blessed Father Eust\u00e1quio commemorate 80 years of devotion to the religious figure, who died on August 30, 1943. In Belo Horizonte, at the Sanctuary of Health and Peace, the Church of Father Eust\u00e1quio, the festivities begin next Saturday.<\/p>\n<p>The program includes masses, adorations, rosaries, artistic and cultural presentations. On the 19th, the festival will open with a show by the Singers of God. From the 21st to the 29th, the faithful are invited to pray the novena. And, on August 30th, the liturgical date dedicated to the Blessed, masses will be celebrated every two hours in honor of the Dutch priest.<\/p>\n<p>Check out the full schedule and join us!<\/p>\n<p>August 19th \u2013 Saturday<br \/>\n7am and 5pm \u2013 Mass<br \/>\n10:00 AM \u2013 Mass at Col\u00e9gio Marista Padre Eust\u00e1quio<br \/>\n6 PM \u2013 Food stalls<br \/>\n8 PM \u2013 Singers of God Show<\/p>\n<p>20\/08 \u2013 SUNDAY<br \/>\nMasses at 7:00 AM \/ 8:30 AM \/ 10:00 AM \/ 5:00 PM \/ 7:00 PM<br \/>\n10:00 AM \u2013 Participation of Father Reginaldo Martins da Silva and pilgrims from the Parish of Our Lady of Lourdes of Po\u00e1\/SP, in the Mass.<br \/>\n12pm \u2013 Charity Feijoada at the Community Center \u2013 Advance tickets available<br \/>\n5 PM \u2013 Mass with the participation of the Little Singers of the Sacred Hearts \u2013 Carm\u00f3polis\/MG<\/p>\n<p><strong>Novena to Blessed Father Eustace<\/strong><\/p>\n<p>21\/08 \u2013 MONDAY \u2013 1st DAY<br \/>\n5:30 PM \u2013 Motorcade departing from the Sacred Heart of Jesus School<br \/>\n6 PM \u2013 Food stalls<br \/>\n7 PM \u2013 Mass presided over by Fr. Jorge Alves Filho, Spiritual Director of ECC Regional East 2 \u2013 Santa Clara de Assis Parish \u2013 Buritis<br \/>\n8 PM \u2013 Reopening of the Bust of Father Eust\u00e1quio<\/p>\n<p>22\/08 TUESDAY \u2013 2ND DAY OF THE NOVENA<br \/>\n7am and 12pm \u2013 Mass<br \/>\n6 PM \u2013 Food stalls<br \/>\n7 PM \u2013 Mass presided over by Fr. J\u00fanior Vasconcelos, Episcopal Vicar of Rense<\/p>\n<p>August 23rd \u2013 Wednesday \u2013 3rd Day of the Novena<br \/>\n7am and 12pm \u2013 Mass<br \/>\n6 PM \u2013 Food stalls<br \/>\n7 PM \u2013 Mass presided over by Father Emanuel Castro Costa, Vicar Forane \u2013 concelebrated by the parish priests and vicars of the parishes of the S\u00e3o Francisco das Chagas Deanery.<\/p>\n<p>August 24th \u2013 Thursday \u2013 4th Day of the Novena<br \/>\n7am and 12pm \u2013 Mass<br \/>\n6 PM \u2013 Food stalls<br \/>\n7 PM \u2013 Mass presided over by Fr. Jos\u00e9 Cl\u00e1udio Teixeira, CSsR, Rector of the S\u00e3o Jos\u00e9 Sanctuary<\/p>\n<p>August 25th \u2013 Friday \u2013 5th Day of the Novena<br \/>\n7am and 12pm \u2013 Mass<br \/>\n6 PM \u2013 Food stalls<br \/>\n7 PM \u2013 Mass presided over by Fr. Samuel Fid\u00e9lis (TV Horizonte), Pro-Rector of the Basilica Sanctuary of Our Lady of Piety.<\/p>\n<p>August 26th \u2013 Saturday \u2013 6th Day of the Novena<br \/>\n7:00 AM - Mass<br \/>\n3 PM \u2013 Mass for the Sick<br \/>\n4 PM \u2013 Stalls<br \/>\n5 PM \u2013 Mass presided over by Dom Joaquim Mol \u2013 Bishop in charge of RENSE<\/p>\n<p>August 27th \u2013 Sunday \u2013 7th Day of the Novena<br \/>\nMasses at 7:00 AM \/ 8:30 AM \/ 10:00 AM \/ 5:00 PM \/ 7:00 PM<br \/>\n2 PM \u2013 Procession with the image of the Blessed One through the streets of the Padre Eust\u00e1quio neighborhood.<br \/>\n4 PM \u2013 Blessing of automobiles in the church square and food stalls.<\/p>\n<p>August 28th \u2013 Monday \u2013 8th Day of the Novena<br \/>\n6 PM \u2013 Food stalls<br \/>\n7 PM \u2013 Mass with the Rectors of the Archdiocesan Seminaries and the Dioceses residing in Belo Horizonte<\/p>\n<p>August 29th \u2013 Tuesday \u2013 9th Day of the Novena<br \/>\n7am and 12pm \u2013 Mass<br \/>\nBlood Donation Campaign at the Community Center in partnership with HEMOSERVICE. Appointments for donations can be made at the Secretariat.<br \/>\n6 PM \u2013 Food stalls<br \/>\n7 PM \u2013 Mass presided over by Fr. Alexandre de Campos Leite, SS.CC, Parish Vicar of the Sanctuary of Health and Peace.<\/p>\n<p><strong>Feast of Blessed Father Eustace<\/strong><\/p>\n<p>30\/08 \u2013 WEDNESDAY<br \/>\nMasses 6am, 7am, 9am, 11am, 1pm, 3pm, 5pm<br \/>\n7 PM \u2013 Solemn Mass followed by a candlelight procession.<br \/>\nFood stalls open all day.<\/p>","protected":false},"excerpt":{"rendered":"<p>Neste ano, os devotos do Beato Padre Eust\u00e1quio, relembram os 80 anos de devo\u00e7\u00e3o ao religioso, falecido no dia 30 de agosto de 1943. Em Belo Horizonte, no Santu\u00e1rio da Sa\u00fade e da Paz, a Igreja do Padre Eust\u00e1quio, os festejos come\u00e7am j\u00e1 no pr\u00f3ximo s\u00e1bado. Dentre a programa\u00e7\u00e3o est\u00e3o missas, adora\u00e7\u00f5es, ter\u00e7os, apresenta\u00e7\u00f5es art\u00edsticas e culturais. Dia 19 haver\u00e1 a abertura da festa em um Show dos Cantores de Deus. Do o dia 21 ao dia 29 os fi\u00e9is s\u00e3o convidados a rezar a novena. E, no dia 30 de agosto, data lit\u00fargica dedicada ao Beato, missas a cada [&hellip;]<\/p>\n","protected":false},"author":2,"featured_media":10809,"comment_status":"open","ping_status":"closed","sticky":false,"template":"","format":"standard","meta":{"_acf_changed":false,"footnotes":""},"categories":[611],"tags":[],"class_list":["post-10807","post","type-post","status-publish","format-standard","has-post-thumbnail","hentry","category-noticias"],"acf":[],"yoast_head":"<!-- This site is optimized with the Yoast SEO plugin v27.2 - https:\/\/yoast.com\/product\/yoast-seo-wordpress\/ -->\n<title>Confira a programa\u00e7\u00e3o completa da festa do Beato Padre Eust\u00e1quio 2023 e participe conosco! - Padre Eust\u00e1quio<\/title>\n<meta name=\"robots\" content=\"index, follow, max-snippet:-1, max-image-preview:large, max-video-preview:-1\" \/>\n<link rel=\"canonical\" href=\"https:\/\/www.padreeustaquio.com.br\/en\/check-out-the-full-program-for-the-2023-blessed-father-eustace-festival-and-join-us\/\" \/>\n<meta property=\"og:locale\" content=\"en_US\" \/>\n<meta property=\"og:type\" content=\"article\" \/>\n<meta property=\"og:title\" content=\"Confira a programa\u00e7\u00e3o completa da festa do Beato Padre Eust\u00e1quio 2023 e participe conosco! - Padre Eust\u00e1quio\" \/>\n<meta property=\"og:description\" content=\"Neste ano, os devotos do Beato Padre Eust\u00e1quio, relembram os 80 anos de devo\u00e7\u00e3o ao religioso, falecido no dia 30 de agosto de 1943. Em Belo Horizonte, no Santu\u00e1rio da Sa\u00fade e da Paz, a Igreja do Padre Eust\u00e1quio, os festejos come\u00e7am j\u00e1 no pr\u00f3ximo s\u00e1bado. Dentre a programa\u00e7\u00e3o est\u00e3o missas, adora\u00e7\u00f5es, ter\u00e7os, apresenta\u00e7\u00f5es art\u00edsticas e culturais. Dia 19 haver\u00e1 a abertura da festa em um Show dos Cantores de Deus. Do o dia 21 ao dia 29 os fi\u00e9is s\u00e3o convidados a rezar a novena. E, no dia 30 de agosto, data lit\u00fargica dedicada ao Beato, missas a cada [&hellip;]\" \/>\n<meta property=\"og:url\" content=\"https:\/\/www.padreeustaquio.com.br\/en\/check-out-the-full-program-for-the-2023-blessed-father-eustace-festival-and-join-us\/\" \/>\n<meta property=\"og:site_name\" content=\"Padre Eust\u00e1quio\" \/>\n<meta property=\"article:publisher\" content=\"https:\/\/www.facebook.com\/beatopadreeustaquio\/\" \/>\n<meta property=\"article:published_time\" content=\"2023-08-17T09:26:31+00:00\" \/>\n<meta property=\"og:image\" content=\"https:\/\/www.padreeustaquio.com.br\/wp-content\/uploads\/2023\/08\/MG_9517-scaled-e1692229842465.jpg\" \/>\n\t<meta property=\"og:image:width\" content=\"2560\" \/>\n\t<meta property=\"og:image:height\" content=\"1395\" \/>\n\t<meta property=\"og:image:type\" content=\"image\/jpeg\" \/>\n<meta name=\"author\" content=\"@sscc\" \/>\n<meta name=\"twitter:card\" content=\"summary_large_image\" \/>\n<meta name=\"twitter:creator\" content=\"@beatopeustaquio\" \/>\n<meta name=\"twitter:site\" content=\"@beatopeustaquio\" \/>\n<meta name=\"twitter:label1\" content=\"Written by\" \/>\n\t<meta name=\"twitter:data1\" content=\"@sscc\" \/>\n\t<meta name=\"twitter:label2\" content=\"Est. reading time\" \/>\n\t<meta name=\"twitter:data2\" content=\"3 minutes\" \/>\n<script type=\"application\/ld+json\" class=\"yoast-schema-graph\">{\"@context\":\"https:\/\/schema.org\",\"@graph\":[{\"@type\":\"Article\",\"@id\":\"https:\/\/www.padreeustaquio.com.br\/confira-a-programacao-completa-da-festa-do-beato-padre-eustaquio-2023-e-participe-conosco\/#article\",\"isPartOf\":{\"@id\":\"https:\/\/www.padreeustaquio.com.br\/confira-a-programacao-completa-da-festa-do-beato-padre-eustaquio-2023-e-participe-conosco\/\"},\"author\":{\"name\":\"@sscc\",\"@id\":\"https:\/\/www.padreeustaquio.com.br\/#\/schema\/person\/a2a51db1d00f1a7af0204a0f1ddb1566\"},\"headline\":\"Confira a programa\u00e7\u00e3o completa da festa do Beato Padre Eust\u00e1quio 2023 e participe conosco!\",\"datePublished\":\"2023-08-17T09:26:31+00:00\",\"mainEntityOfPage\":{\"@id\":\"https:\/\/www.padreeustaquio.com.br\/confira-a-programacao-completa-da-festa-do-beato-padre-eustaquio-2023-e-participe-conosco\/\"},\"wordCount\":559,\"commentCount\":0,\"publisher\":{\"@id\":\"https:\/\/www.padreeustaquio.com.br\/#organization\"},\"image\":{\"@id\":\"https:\/\/www.padreeustaquio.com.br\/confira-a-programacao-completa-da-festa-do-beato-padre-eustaquio-2023-e-participe-conosco\/#primaryimage\"},\"thumbnailUrl\":\"https:\/\/www.padreeustaquio.com.br\/wp-content\/uploads\/2023\/08\/MG_9517-scaled-e1692229842465.jpg\",\"articleSection\":[\"Not\u00edcias\"],\"inLanguage\":\"en-US\",\"potentialAction\":[{\"@type\":\"CommentAction\",\"name\":\"Comment\",\"target\":[\"https:\/\/www.padreeustaquio.com.br\/confira-a-programacao-completa-da-festa-do-beato-padre-eustaquio-2023-e-participe-conosco\/#respond\"]}]},{\"@type\":\"WebPage\",\"@id\":\"https:\/\/www.padreeustaquio.com.br\/confira-a-programacao-completa-da-festa-do-beato-padre-eustaquio-2023-e-participe-conosco\/\",\"url\":\"https:\/\/www.padreeustaquio.com.br\/confira-a-programacao-completa-da-festa-do-beato-padre-eustaquio-2023-e-participe-conosco\/\",\"name\":\"Confira a programa\u00e7\u00e3o completa da festa do Beato Padre Eust\u00e1quio 2023 e participe conosco! - Padre Eust\u00e1quio\",\"isPartOf\":{\"@id\":\"https:\/\/www.padreeustaquio.com.br\/#website\"},\"primaryImageOfPage\":{\"@id\":\"https:\/\/www.padreeustaquio.com.br\/confira-a-programacao-completa-da-festa-do-beato-padre-eustaquio-2023-e-participe-conosco\/#primaryimage\"},\"image\":{\"@id\":\"https:\/\/www.padreeustaquio.com.br\/confira-a-programacao-completa-da-festa-do-beato-padre-eustaquio-2023-e-participe-conosco\/#primaryimage\"},\"thumbnailUrl\":\"https:\/\/www.padreeustaquio.com.br\/wp-content\/uploads\/2023\/08\/MG_9517-scaled-e1692229842465.jpg\",\"datePublished\":\"2023-08-17T09:26:31+00:00\",\"breadcrumb\":{\"@id\":\"https:\/\/www.padreeustaquio.com.br\/confira-a-programacao-completa-da-festa-do-beato-padre-eustaquio-2023-e-participe-conosco\/#breadcrumb\"},\"inLanguage\":\"en-US\",\"potentialAction\":[{\"@type\":\"ReadAction\",\"target\":[\"https:\/\/www.padreeustaquio.com.br\/confira-a-programacao-completa-da-festa-do-beato-padre-eustaquio-2023-e-participe-conosco\/\"]}]},{\"@type\":\"ImageObject\",\"inLanguage\":\"en-US\",\"@id\":\"https:\/\/www.padreeustaquio.com.br\/confira-a-programacao-completa-da-festa-do-beato-padre-eustaquio-2023-e-participe-conosco\/#primaryimage\",\"url\":\"https:\/\/www.padreeustaquio.com.br\/wp-content\/uploads\/2023\/08\/MG_9517-scaled-e1692229842465.jpg\",\"contentUrl\":\"https:\/\/www.padreeustaquio.com.br\/wp-content\/uploads\/2023\/08\/MG_9517-scaled-e1692229842465.jpg\",\"width\":2560,\"height\":1395},{\"@type\":\"BreadcrumbList\",\"@id\":\"https:\/\/www.padreeustaquio.com.br\/confira-a-programacao-completa-da-festa-do-beato-padre-eustaquio-2023-e-participe-conosco\/#breadcrumb\",\"itemListElement\":[{\"@type\":\"ListItem\",\"position\":1,\"name\":\"In\u00edcio\",\"item\":\"https:\/\/www.padreeustaquio.com.br\/\"},{\"@type\":\"ListItem\",\"position\":2,\"name\":\"Confira a programa\u00e7\u00e3o completa da festa do Beato Padre Eust\u00e1quio 2023 e participe conosco!\"}]},{\"@type\":\"WebSite\",\"@id\":\"https:\/\/www.padreeustaquio.com.br\/#website\",\"url\":\"https:\/\/www.padreeustaquio.com.br\/\",\"name\":\"Padre Eust\u00e1quio\",\"description\":\"Sa\u00fade e Paz\",\"publisher\":{\"@id\":\"https:\/\/www.padreeustaquio.com.br\/#organization\"},\"potentialAction\":[{\"@type\":\"SearchAction\",\"target\":{\"@type\":\"EntryPoint\",\"urlTemplate\":\"https:\/\/www.padreeustaquio.com.br\/?s={search_term_string}\"},\"query-input\":{\"@type\":\"PropertyValueSpecification\",\"valueRequired\":true,\"valueName\":\"search_term_string\"}}],\"inLanguage\":\"en-US\"},{\"@type\":\"Organization\",\"@id\":\"https:\/\/www.padreeustaquio.com.br\/#organization\",\"name\":\"Padre Eust\u00e1quio\",\"url\":\"https:\/\/www.padreeustaquio.com.br\/\",\"logo\":{\"@type\":\"ImageObject\",\"inLanguage\":\"en-US\",\"@id\":\"https:\/\/www.padreeustaquio.com.br\/#\/schema\/logo\/image\/\",\"url\":\"https:\/\/www.padreeustaquio.com.br\/wp-content\/uploads\/2019\/08\/marca.png\",\"contentUrl\":\"https:\/\/www.padreeustaquio.com.br\/wp-content\/uploads\/2019\/08\/marca.png\",\"width\":350,\"height\":400,\"caption\":\"Padre Eust\u00e1quio\"},\"image\":{\"@id\":\"https:\/\/www.padreeustaquio.com.br\/#\/schema\/logo\/image\/\"},\"sameAs\":[\"https:\/\/www.facebook.com\/beatopadreeustaquio\/\",\"https:\/\/x.com\/beatopeustaquio\",\"https:\/\/www.instagram.com\/beatopadreeustaquio\/\",\"https:\/\/www.youtube.com\/channel\/UCRhw7vfabnajwLxb1ZXMeIw\"]},{\"@type\":\"Person\",\"@id\":\"https:\/\/www.padreeustaquio.com.br\/#\/schema\/person\/a2a51db1d00f1a7af0204a0f1ddb1566\",\"name\":\"@sscc\",\"image\":{\"@type\":\"ImageObject\",\"inLanguage\":\"en-US\",\"@id\":\"https:\/\/secure.gravatar.com\/avatar\/68cfafa5f44617fea54071e215026e0ff06be366c3d54a8425f04fdcb86f8c5f?s=96&d=mm&r=g\",\"url\":\"https:\/\/secure.gravatar.com\/avatar\/68cfafa5f44617fea54071e215026e0ff06be366c3d54a8425f04fdcb86f8c5f?s=96&d=mm&r=g\",\"contentUrl\":\"https:\/\/secure.gravatar.com\/avatar\/68cfafa5f44617fea54071e215026e0ff06be366c3d54a8425f04fdcb86f8c5f?s=96&d=mm&r=g\",\"caption\":\"@sscc\"},\"url\":\"https:\/\/www.padreeustaquio.com.br\/en\/author\/sscc\/\"}]}<\/script>\n<!-- \/ Yoast SEO plugin. -->","yoast_head_json":{"title":"Check out the full schedule for the 2023 Blessed Father Eustace festival and join us! - Father Eustace","robots":{"index":"index","follow":"follow","max-snippet":"max-snippet:-1","max-image-preview":"max-image-preview:large","max-video-preview":"max-video-preview:-1"},"canonical":"https:\/\/www.padreeustaquio.com.br\/en\/check-out-the-full-program-for-the-2023-blessed-father-eustace-festival-and-join-us\/","og_locale":"en_US","og_type":"article","og_title":"Confira a programa\u00e7\u00e3o completa da festa do Beato Padre Eust\u00e1quio 2023 e participe conosco! - Padre Eust\u00e1quio","og_description":"Neste ano, os devotos do Beato Padre Eust\u00e1quio, relembram os 80 anos de devo\u00e7\u00e3o ao religioso, falecido no dia 30 de agosto de 1943. Em Belo Horizonte, no Santu\u00e1rio da Sa\u00fade e da Paz, a Igreja do Padre Eust\u00e1quio, os festejos come\u00e7am j\u00e1 no pr\u00f3ximo s\u00e1bado. Dentre a programa\u00e7\u00e3o est\u00e3o missas, adora\u00e7\u00f5es, ter\u00e7os, apresenta\u00e7\u00f5es art\u00edsticas e culturais. Dia 19 haver\u00e1 a abertura da festa em um Show dos Cantores de Deus. Do o dia 21 ao dia 29 os fi\u00e9is s\u00e3o convidados a rezar a novena. E, no dia 30 de agosto, data lit\u00fargica dedicada ao Beato, missas a cada [&hellip;]","og_url":"https:\/\/www.padreeustaquio.com.br\/en\/check-out-the-full-program-for-the-2023-blessed-father-eustace-festival-and-join-us\/","og_site_name":"Padre Eust\u00e1quio","article_publisher":"https:\/\/www.facebook.com\/beatopadreeustaquio\/","article_published_time":"2023-08-17T09:26:31+00:00","og_image":[{"width":2560,"height":1395,"url":"https:\/\/www.padreeustaquio.com.br\/wp-content\/uploads\/2023\/08\/MG_9517-scaled-e1692229842465.jpg","type":"image\/jpeg"}],"author":"@sscc","twitter_card":"summary_large_image","twitter_creator":"@beatopeustaquio","twitter_site":"@beatopeustaquio","twitter_misc":{"Written by":"@sscc","Est. reading time":"3 minutes"},"schema":{"@context":"https:\/\/schema.org","@graph":[{"@type":"Article","@id":"https:\/\/www.padreeustaquio.com.br\/confira-a-programacao-completa-da-festa-do-beato-padre-eustaquio-2023-e-participe-conosco\/#article","isPartOf":{"@id":"https:\/\/www.padreeustaquio.com.br\/confira-a-programacao-completa-da-festa-do-beato-padre-eustaquio-2023-e-participe-conosco\/"},"author":{"name":"@sscc","@id":"https:\/\/www.padreeustaquio.com.br\/#\/schema\/person\/a2a51db1d00f1a7af0204a0f1ddb1566"},"headline":"Confira a programa\u00e7\u00e3o completa da festa do Beato Padre Eust\u00e1quio 2023 e participe conosco!","datePublished":"2023-08-17T09:26:31+00:00","mainEntityOfPage":{"@id":"https:\/\/www.padreeustaquio.com.br\/confira-a-programacao-completa-da-festa-do-beato-padre-eustaquio-2023-e-participe-conosco\/"},"wordCount":559,"commentCount":0,"publisher":{"@id":"https:\/\/www.padreeustaquio.com.br\/#organization"},"image":{"@id":"https:\/\/www.padreeustaquio.com.br\/confira-a-programacao-completa-da-festa-do-beato-padre-eustaquio-2023-e-participe-conosco\/#primaryimage"},"thumbnailUrl":"https:\/\/www.padreeustaquio.com.br\/wp-content\/uploads\/2023\/08\/MG_9517-scaled-e1692229842465.jpg","articleSection":["Not\u00edcias"],"inLanguage":"en-US","potentialAction":[{"@type":"CommentAction","name":"Comment","target":["https:\/\/www.padreeustaquio.com.br\/confira-a-programacao-completa-da-festa-do-beato-padre-eustaquio-2023-e-participe-conosco\/#respond"]}]},{"@type":"WebPage","@id":"https:\/\/www.padreeustaquio.com.br\/confira-a-programacao-completa-da-festa-do-beato-padre-eustaquio-2023-e-participe-conosco\/","url":"https:\/\/www.padreeustaquio.com.br\/confira-a-programacao-completa-da-festa-do-beato-padre-eustaquio-2023-e-participe-conosco\/","name":"Check out the full schedule for the 2023 Blessed Father Eustace festival and join us! - Father Eustace","isPartOf":{"@id":"https:\/\/www.padreeustaquio.com.br\/#website"},"primaryImageOfPage":{"@id":"https:\/\/www.padreeustaquio.com.br\/confira-a-programacao-completa-da-festa-do-beato-padre-eustaquio-2023-e-participe-conosco\/#primaryimage"},"image":{"@id":"https:\/\/www.padreeustaquio.com.br\/confira-a-programacao-completa-da-festa-do-beato-padre-eustaquio-2023-e-participe-conosco\/#primaryimage"},"thumbnailUrl":"https:\/\/www.padreeustaquio.com.br\/wp-content\/uploads\/2023\/08\/MG_9517-scaled-e1692229842465.jpg","datePublished":"2023-08-17T09:26:31+00:00","breadcrumb":{"@id":"https:\/\/www.padreeustaquio.com.br\/confira-a-programacao-completa-da-festa-do-beato-padre-eustaquio-2023-e-participe-conosco\/#breadcrumb"},"inLanguage":"en-US","potentialAction":[{"@type":"ReadAction","target":["https:\/\/www.padreeustaquio.com.br\/confira-a-programacao-completa-da-festa-do-beato-padre-eustaquio-2023-e-participe-conosco\/"]}]},{"@type":"ImageObject","inLanguage":"en-US","@id":"https:\/\/www.padreeustaquio.com.br\/confira-a-programacao-completa-da-festa-do-beato-padre-eustaquio-2023-e-participe-conosco\/#primaryimage","url":"https:\/\/www.padreeustaquio.com.br\/wp-content\/uploads\/2023\/08\/MG_9517-scaled-e1692229842465.jpg","contentUrl":"https:\/\/www.padreeustaquio.com.br\/wp-content\/uploads\/2023\/08\/MG_9517-scaled-e1692229842465.jpg","width":2560,"height":1395},{"@type":"BreadcrumbList","@id":"https:\/\/www.padreeustaquio.com.br\/confira-a-programacao-completa-da-festa-do-beato-padre-eustaquio-2023-e-participe-conosco\/#breadcrumb","itemListElement":[{"@type":"ListItem","position":1,"name":"In\u00edcio","item":"https:\/\/www.padreeustaquio.com.br\/"},{"@type":"ListItem","position":2,"name":"Confira a programa\u00e7\u00e3o completa da festa do Beato Padre Eust\u00e1quio 2023 e participe conosco!"}]},{"@type":"WebSite","@id":"https:\/\/www.padreeustaquio.com.br\/#website","url":"https:\/\/www.padreeustaquio.com.br\/","name":"FATHER EUST\u00c1QUIO","description":"Health and Peace","publisher":{"@id":"https:\/\/www.padreeustaquio.com.br\/#organization"},"potentialAction":[{"@type":"SearchAction","target":{"@type":"EntryPoint","urlTemplate":"https:\/\/www.padreeustaquio.com.br\/?s={search_term_string}"},"query-input":{"@type":"PropertyValueSpecification","valueRequired":true,"valueName":"search_term_string"}}],"inLanguage":"en-US"},{"@type":"Organization","@id":"https:\/\/www.padreeustaquio.com.br\/#organization","name":"FATHER EUST\u00c1QUIO","url":"https:\/\/www.padreeustaquio.com.br\/","logo":{"@type":"ImageObject","inLanguage":"en-US","@id":"https:\/\/www.padreeustaquio.com.br\/#\/schema\/logo\/image\/","url":"https:\/\/www.padreeustaquio.com.br\/wp-content\/uploads\/2019\/08\/marca.png","contentUrl":"https:\/\/www.padreeustaquio.com.br\/wp-content\/uploads\/2019\/08\/marca.png","width":350,"height":400,"caption":"Padre Eust\u00e1quio"},"image":{"@id":"https:\/\/www.padreeustaquio.com.br\/#\/schema\/logo\/image\/"},"sameAs":["https:\/\/www.facebook.com\/beatopadreeustaquio\/","https:\/\/x.com\/beatopeustaquio","https:\/\/www.instagram.com\/beatopadreeustaquio\/","https:\/\/www.youtube.com\/channel\/UCRhw7vfabnajwLxb1ZXMeIw"]},{"@type":"Person","@id":"https:\/\/www.padreeustaquio.com.br\/#\/schema\/person\/a2a51db1d00f1a7af0204a0f1ddb1566","name":"@sscc","image":{"@type":"ImageObject","inLanguage":"en-US","@id":"https:\/\/secure.gravatar.com\/avatar\/68cfafa5f44617fea54071e215026e0ff06be366c3d54a8425f04fdcb86f8c5f?s=96&d=mm&r=g","url":"https:\/\/secure.gravatar.com\/avatar\/68cfafa5f44617fea54071e215026e0ff06be366c3d54a8425f04fdcb86f8c5f?s=96&d=mm&r=g","contentUrl":"https:\/\/secure.gravatar.com\/avatar\/68cfafa5f44617fea54071e215026e0ff06be366c3d54a8425f04fdcb86f8c5f?s=96&d=mm&r=g","caption":"@sscc"},"url":"https:\/\/www.padreeustaquio.com.br\/en\/author\/sscc\/"}]}},"_links":{"self":[{"href":"https:\/\/www.padreeustaquio.com.br\/en\/wp-json\/wp\/v2\/posts\/10807","targetHints":{"allow":["GET"]}}],"collection":[{"href":"https:\/\/www.padreeustaquio.com.br\/en\/wp-json\/wp\/v2\/posts"}],"about":[{"href":"https:\/\/www.padreeustaquio.com.br\/en\/wp-json\/wp\/v2\/types\/post"}],"author":[{"embeddable":true,"href":"https:\/\/www.padreeustaquio.com.br\/en\/wp-json\/wp\/v2\/users\/2"}],"replies":[{"embeddable":true,"href":"https:\/\/www.padreeustaquio.com.br\/en\/wp-json\/wp\/v2\/comments?post=10807"}],"version-history":[{"count":0,"href":"https:\/\/www.padreeustaquio.com.br\/en\/wp-json\/wp\/v2\/posts\/10807\/revisions"}],"wp:featuredmedia":[{"embeddable":true,"href":"https:\/\/www.padreeustaquio.com.br\/en\/wp-json\/wp\/v2\/media\/10809"}],"wp:attachment":[{"href":"https:\/\/www.padreeustaquio.com.br\/en\/wp-json\/wp\/v2\/media?parent=10807"}],"wp:term":[{"taxonomy":"category","embeddable":true,"href":"https:\/\/www.padreeustaquio.com.br\/en\/wp-json\/wp\/v2\/categories?post=10807"},{"taxonomy":"post_tag","embeddable":true,"href":"https:\/\/www.padreeustaquio.com.br\/en\/wp-json\/wp\/v2\/tags?post=10807"}],"curies":[{"name":"wp","href":"https:\/\/api.w.org\/{rel}","templated":true}]}}