{"id":10804,"date":"2023-08-16T19:30:57","date_gmt":"2023-08-16T22:30:57","guid":{"rendered":"https:\/\/www.padreeustaquio.com.br\/?p=10804"},"modified":"2023-08-16T19:30:57","modified_gmt":"2023-08-16T22:30:57","slug":"living-the-calling-inspirations-from-the-example-of-father-eustaquio","status":"publish","type":"post","link":"https:\/\/www.padreeustaquio.com.br\/en\/living-the-calling-inspirations-from-the-example-of-father-eustaquio\/","title":{"rendered":"Living the calling: Inspirations from the example of Father Eust\u00e1quio"},"content":{"rendered":"<p>Father Eust\u00e1quio was a man who knew how to recognize and respond to God&#039;s call in his life. In his words, he reminds us: \u201cGod calls you. Yes, brothers, He calls, in various circumstances and in various ways, each and every one of us.\u201d This statement invites us to reflect on the call we receive from God and how we can live a meaningful life based on that call.<\/p>\n<p>Father Eust\u00e1quio dedicated his life to God&#039;s work and service to his brothers and sisters, especially those who were sick and in need of care. He was a living example of love and compassion, placing his gifts and talents at the service of others.<\/p>\n<p>Just like Father Eustace, each of us also receives a unique calling from God. This calling can manifest itself in different circumstances and in different ways. It may be a calling to a specific profession, to community service, to caring for the needy, or to a greater purpose in life.<\/p>\n<p>Looking at the life of Father Eustace, we are inspired to persevere in our purpose and live our calling with dedication and commitment. Like him, we can find fulfillment and satisfaction by putting our gifts and talents at the service of others and by following in the footsteps of Jesus Christ.<\/p>\n<p>Living out our calling means listening to God&#039;s voice in our hearts, being attentive to the opportunities that arise in our path, and having the courage to say yes to what He asks of us. It also means persevering even in the face of difficulties and challenges, trusting that God empowers and guides us every step of the way.<\/p>\n<p>May the life of Father Eustace inspire us to embrace our calling, to persevere in our purpose, and to live a life of meaning and fulfillment. May we hear the voice of God calling us in different circumstances and in different ways, and may we have the courage to respond with generosity and love.<\/p>","protected":false},"excerpt":{"rendered":"<p>Padre Eust\u00e1quio foi um homem que soube reconhecer e responder ao chamado de Deus em sua vida. Em suas palavras, ele nos lembra: &#8220;Deus vos chama. Sim, irm\u00e3os, Ele chama, em v\u00e1rias circunst\u00e2ncias e de v\u00e1rios modos, a todos e a cada um de n\u00f3s.&#8221; Essa afirma\u00e7\u00e3o nos convida a refletir sobre o chamado que recebemos de Deus e como podemos viver uma vida significativa a partir desse chamado. Padre Eust\u00e1quio dedicou sua vida \u00e0 obra de Deus e ao servi\u00e7o aos irm\u00e3os, especialmente \u00e0queles que estavam doentes e necessitados de cuidados. Ele foi um exemplo vivo de amor e [&hellip;]<\/p>\n","protected":false},"author":2,"featured_media":10805,"comment_status":"open","ping_status":"closed","sticky":false,"template":"","format":"standard","meta":{"_acf_changed":false,"footnotes":""},"categories":[611],"tags":[],"class_list":["post-10804","post","type-post","status-publish","format-standard","has-post-thumbnail","hentry","category-noticias"],"acf":[],"yoast_head":"<!-- This site is optimized with the Yoast SEO plugin v27.2 - https:\/\/yoast.com\/product\/yoast-seo-wordpress\/ -->\n<title>Vivendo o chamado: Inspira\u00e7\u00f5es a partir do exemplo de Padre Eust\u00e1quio<\/title>\n<meta name=\"description\" content=\"Padre Eust\u00e1quio foi um homem que soube reconhecer e responder ao chamado de Deus em sua vida. Em suas palavras, ele nos lembra: &quot;Deus vos chama. Sim, irm\u00e3os, Ele chama, em v\u00e1rias circunst\u00e2ncias e de v\u00e1rios modos, a todos e a cada um de n\u00f3s.&quot; Essa afirma\u00e7\u00e3o nos convida a refletir sobre o chamado que recebemos de Deus e como podemos viver uma vida significativa a partir desse chamado.\" \/>\n<meta name=\"robots\" content=\"index, follow, max-snippet:-1, max-image-preview:large, max-video-preview:-1\" \/>\n<link rel=\"canonical\" href=\"https:\/\/www.padreeustaquio.com.br\/en\/living-the-calling-inspirations-from-the-example-of-father-eustaquio\/\" \/>\n<meta property=\"og:locale\" content=\"en_US\" \/>\n<meta property=\"og:type\" content=\"article\" \/>\n<meta property=\"og:title\" content=\"Vivendo o chamado: Inspira\u00e7\u00f5es a partir do exemplo de Padre Eust\u00e1quio\" \/>\n<meta property=\"og:description\" content=\"Padre Eust\u00e1quio foi um homem que soube reconhecer e responder ao chamado de Deus em sua vida. Em suas palavras, ele nos lembra: &quot;Deus vos chama. Sim, irm\u00e3os, Ele chama, em v\u00e1rias circunst\u00e2ncias e de v\u00e1rios modos, a todos e a cada um de n\u00f3s.&quot; Essa afirma\u00e7\u00e3o nos convida a refletir sobre o chamado que recebemos de Deus e como podemos viver uma vida significativa a partir desse chamado.\" \/>\n<meta property=\"og:url\" content=\"https:\/\/www.padreeustaquio.com.br\/en\/living-the-calling-inspirations-from-the-example-of-father-eustaquio\/\" \/>\n<meta property=\"og:site_name\" content=\"Padre Eust\u00e1quio\" \/>\n<meta property=\"article:publisher\" content=\"https:\/\/www.facebook.com\/beatopadreeustaquio\/\" \/>\n<meta property=\"article:published_time\" content=\"2023-08-16T22:30:57+00:00\" \/>\n<meta property=\"og:image\" content=\"https:\/\/www.padreeustaquio.com.br\/wp-content\/uploads\/2023\/08\/Padre-eustaquio-van-lieshout.jpeg\" \/>\n\t<meta property=\"og:image:width\" content=\"1600\" \/>\n\t<meta property=\"og:image:height\" content=\"1068\" \/>\n\t<meta property=\"og:image:type\" content=\"image\/jpeg\" \/>\n<meta name=\"author\" content=\"@sscc\" \/>\n<meta name=\"twitter:card\" content=\"summary_large_image\" \/>\n<meta name=\"twitter:creator\" content=\"@beatopeustaquio\" \/>\n<meta name=\"twitter:site\" content=\"@beatopeustaquio\" \/>\n<meta name=\"twitter:label1\" content=\"Written by\" \/>\n\t<meta name=\"twitter:data1\" content=\"@sscc\" \/>\n\t<meta name=\"twitter:label2\" content=\"Est. reading time\" \/>\n\t<meta name=\"twitter:data2\" content=\"2 minutes\" \/>\n<script type=\"application\/ld+json\" class=\"yoast-schema-graph\">{\"@context\":\"https:\/\/schema.org\",\"@graph\":[{\"@type\":\"Article\",\"@id\":\"https:\/\/www.padreeustaquio.com.br\/vivendo-o-chamado-inspiracoes-a-partir-do-exemplo-de-padre-eustaquio\/#article\",\"isPartOf\":{\"@id\":\"https:\/\/www.padreeustaquio.com.br\/vivendo-o-chamado-inspiracoes-a-partir-do-exemplo-de-padre-eustaquio\/\"},\"author\":{\"name\":\"@sscc\",\"@id\":\"https:\/\/www.padreeustaquio.com.br\/#\/schema\/person\/a2a51db1d00f1a7af0204a0f1ddb1566\"},\"headline\":\"Vivendo o chamado: Inspira\u00e7\u00f5es a partir do exemplo de Padre Eust\u00e1quio\",\"datePublished\":\"2023-08-16T22:30:57+00:00\",\"mainEntityOfPage\":{\"@id\":\"https:\/\/www.padreeustaquio.com.br\/vivendo-o-chamado-inspiracoes-a-partir-do-exemplo-de-padre-eustaquio\/\"},\"wordCount\":363,\"commentCount\":0,\"publisher\":{\"@id\":\"https:\/\/www.padreeustaquio.com.br\/#organization\"},\"image\":{\"@id\":\"https:\/\/www.padreeustaquio.com.br\/vivendo-o-chamado-inspiracoes-a-partir-do-exemplo-de-padre-eustaquio\/#primaryimage\"},\"thumbnailUrl\":\"https:\/\/www.padreeustaquio.com.br\/wp-content\/uploads\/2023\/08\/Padre-eustaquio-van-lieshout.jpeg\",\"articleSection\":[\"Not\u00edcias\"],\"inLanguage\":\"en-US\",\"potentialAction\":[{\"@type\":\"CommentAction\",\"name\":\"Comment\",\"target\":[\"https:\/\/www.padreeustaquio.com.br\/vivendo-o-chamado-inspiracoes-a-partir-do-exemplo-de-padre-eustaquio\/#respond\"]}]},{\"@type\":\"WebPage\",\"@id\":\"https:\/\/www.padreeustaquio.com.br\/vivendo-o-chamado-inspiracoes-a-partir-do-exemplo-de-padre-eustaquio\/\",\"url\":\"https:\/\/www.padreeustaquio.com.br\/vivendo-o-chamado-inspiracoes-a-partir-do-exemplo-de-padre-eustaquio\/\",\"name\":\"Vivendo o chamado: Inspira\u00e7\u00f5es a partir do exemplo de Padre Eust\u00e1quio\",\"isPartOf\":{\"@id\":\"https:\/\/www.padreeustaquio.com.br\/#website\"},\"primaryImageOfPage\":{\"@id\":\"https:\/\/www.padreeustaquio.com.br\/vivendo-o-chamado-inspiracoes-a-partir-do-exemplo-de-padre-eustaquio\/#primaryimage\"},\"image\":{\"@id\":\"https:\/\/www.padreeustaquio.com.br\/vivendo-o-chamado-inspiracoes-a-partir-do-exemplo-de-padre-eustaquio\/#primaryimage\"},\"thumbnailUrl\":\"https:\/\/www.padreeustaquio.com.br\/wp-content\/uploads\/2023\/08\/Padre-eustaquio-van-lieshout.jpeg\",\"datePublished\":\"2023-08-16T22:30:57+00:00\",\"description\":\"Padre Eust\u00e1quio foi um homem que soube reconhecer e responder ao chamado de Deus em sua vida. Em suas palavras, ele nos lembra: \\\"Deus vos chama. Sim, irm\u00e3os, Ele chama, em v\u00e1rias circunst\u00e2ncias e de v\u00e1rios modos, a todos e a cada um de n\u00f3s.\\\" Essa afirma\u00e7\u00e3o nos convida a refletir sobre o chamado que recebemos de Deus e como podemos viver uma vida significativa a partir desse chamado.\",\"breadcrumb\":{\"@id\":\"https:\/\/www.padreeustaquio.com.br\/vivendo-o-chamado-inspiracoes-a-partir-do-exemplo-de-padre-eustaquio\/#breadcrumb\"},\"inLanguage\":\"en-US\",\"potentialAction\":[{\"@type\":\"ReadAction\",\"target\":[\"https:\/\/www.padreeustaquio.com.br\/vivendo-o-chamado-inspiracoes-a-partir-do-exemplo-de-padre-eustaquio\/\"]}]},{\"@type\":\"ImageObject\",\"inLanguage\":\"en-US\",\"@id\":\"https:\/\/www.padreeustaquio.com.br\/vivendo-o-chamado-inspiracoes-a-partir-do-exemplo-de-padre-eustaquio\/#primaryimage\",\"url\":\"https:\/\/www.padreeustaquio.com.br\/wp-content\/uploads\/2023\/08\/Padre-eustaquio-van-lieshout.jpeg\",\"contentUrl\":\"https:\/\/www.padreeustaquio.com.br\/wp-content\/uploads\/2023\/08\/Padre-eustaquio-van-lieshout.jpeg\",\"width\":1600,\"height\":1068},{\"@type\":\"BreadcrumbList\",\"@id\":\"https:\/\/www.padreeustaquio.com.br\/vivendo-o-chamado-inspiracoes-a-partir-do-exemplo-de-padre-eustaquio\/#breadcrumb\",\"itemListElement\":[{\"@type\":\"ListItem\",\"position\":1,\"name\":\"In\u00edcio\",\"item\":\"https:\/\/www.padreeustaquio.com.br\/\"},{\"@type\":\"ListItem\",\"position\":2,\"name\":\"Vivendo o chamado: Inspira\u00e7\u00f5es a partir do exemplo de Padre Eust\u00e1quio\"}]},{\"@type\":\"WebSite\",\"@id\":\"https:\/\/www.padreeustaquio.com.br\/#website\",\"url\":\"https:\/\/www.padreeustaquio.com.br\/\",\"name\":\"Padre Eust\u00e1quio\",\"description\":\"Sa\u00fade e Paz\",\"publisher\":{\"@id\":\"https:\/\/www.padreeustaquio.com.br\/#organization\"},\"potentialAction\":[{\"@type\":\"SearchAction\",\"target\":{\"@type\":\"EntryPoint\",\"urlTemplate\":\"https:\/\/www.padreeustaquio.com.br\/?s={search_term_string}\"},\"query-input\":{\"@type\":\"PropertyValueSpecification\",\"valueRequired\":true,\"valueName\":\"search_term_string\"}}],\"inLanguage\":\"en-US\"},{\"@type\":\"Organization\",\"@id\":\"https:\/\/www.padreeustaquio.com.br\/#organization\",\"name\":\"Padre Eust\u00e1quio\",\"url\":\"https:\/\/www.padreeustaquio.com.br\/\",\"logo\":{\"@type\":\"ImageObject\",\"inLanguage\":\"en-US\",\"@id\":\"https:\/\/www.padreeustaquio.com.br\/#\/schema\/logo\/image\/\",\"url\":\"https:\/\/www.padreeustaquio.com.br\/wp-content\/uploads\/2019\/08\/marca.png\",\"contentUrl\":\"https:\/\/www.padreeustaquio.com.br\/wp-content\/uploads\/2019\/08\/marca.png\",\"width\":350,\"height\":400,\"caption\":\"Padre Eust\u00e1quio\"},\"image\":{\"@id\":\"https:\/\/www.padreeustaquio.com.br\/#\/schema\/logo\/image\/\"},\"sameAs\":[\"https:\/\/www.facebook.com\/beatopadreeustaquio\/\",\"https:\/\/x.com\/beatopeustaquio\",\"https:\/\/www.instagram.com\/beatopadreeustaquio\/\",\"https:\/\/www.youtube.com\/channel\/UCRhw7vfabnajwLxb1ZXMeIw\"]},{\"@type\":\"Person\",\"@id\":\"https:\/\/www.padreeustaquio.com.br\/#\/schema\/person\/a2a51db1d00f1a7af0204a0f1ddb1566\",\"name\":\"@sscc\",\"image\":{\"@type\":\"ImageObject\",\"inLanguage\":\"en-US\",\"@id\":\"https:\/\/secure.gravatar.com\/avatar\/68cfafa5f44617fea54071e215026e0ff06be366c3d54a8425f04fdcb86f8c5f?s=96&d=mm&r=g\",\"url\":\"https:\/\/secure.gravatar.com\/avatar\/68cfafa5f44617fea54071e215026e0ff06be366c3d54a8425f04fdcb86f8c5f?s=96&d=mm&r=g\",\"contentUrl\":\"https:\/\/secure.gravatar.com\/avatar\/68cfafa5f44617fea54071e215026e0ff06be366c3d54a8425f04fdcb86f8c5f?s=96&d=mm&r=g\",\"caption\":\"@sscc\"},\"url\":\"https:\/\/www.padreeustaquio.com.br\/en\/author\/sscc\/\"}]}<\/script>\n<!-- \/ Yoast SEO plugin. -->","yoast_head_json":{"title":"Living the calling: Inspirations from the example of Father Eust\u00e1quio","description":"Father Eust\u00e1quio was a man who knew how to recognize and respond to God&#039;s call in his life. In his words, he reminds us: &quot;God calls you. Yes, brothers, He calls, in various circumstances and in various ways, each and every one of us.&quot; This statement invites us to reflect on the call we receive from God and how we can live a meaningful life based on that call.","robots":{"index":"index","follow":"follow","max-snippet":"max-snippet:-1","max-image-preview":"max-image-preview:large","max-video-preview":"max-video-preview:-1"},"canonical":"https:\/\/www.padreeustaquio.com.br\/en\/living-the-calling-inspirations-from-the-example-of-father-eustaquio\/","og_locale":"en_US","og_type":"article","og_title":"Vivendo o chamado: Inspira\u00e7\u00f5es a partir do exemplo de Padre Eust\u00e1quio","og_description":"Padre Eust\u00e1quio foi um homem que soube reconhecer e responder ao chamado de Deus em sua vida. Em suas palavras, ele nos lembra: \"Deus vos chama. Sim, irm\u00e3os, Ele chama, em v\u00e1rias circunst\u00e2ncias e de v\u00e1rios modos, a todos e a cada um de n\u00f3s.\" Essa afirma\u00e7\u00e3o nos convida a refletir sobre o chamado que recebemos de Deus e como podemos viver uma vida significativa a partir desse chamado.","og_url":"https:\/\/www.padreeustaquio.com.br\/en\/living-the-calling-inspirations-from-the-example-of-father-eustaquio\/","og_site_name":"Padre Eust\u00e1quio","article_publisher":"https:\/\/www.facebook.com\/beatopadreeustaquio\/","article_published_time":"2023-08-16T22:30:57+00:00","og_image":[{"width":1600,"height":1068,"url":"https:\/\/www.padreeustaquio.com.br\/wp-content\/uploads\/2023\/08\/Padre-eustaquio-van-lieshout.jpeg","type":"image\/jpeg"}],"author":"@sscc","twitter_card":"summary_large_image","twitter_creator":"@beatopeustaquio","twitter_site":"@beatopeustaquio","twitter_misc":{"Written by":"@sscc","Est. reading time":"2 minutes"},"schema":{"@context":"https:\/\/schema.org","@graph":[{"@type":"Article","@id":"https:\/\/www.padreeustaquio.com.br\/vivendo-o-chamado-inspiracoes-a-partir-do-exemplo-de-padre-eustaquio\/#article","isPartOf":{"@id":"https:\/\/www.padreeustaquio.com.br\/vivendo-o-chamado-inspiracoes-a-partir-do-exemplo-de-padre-eustaquio\/"},"author":{"name":"@sscc","@id":"https:\/\/www.padreeustaquio.com.br\/#\/schema\/person\/a2a51db1d00f1a7af0204a0f1ddb1566"},"headline":"Vivendo o chamado: Inspira\u00e7\u00f5es a partir do exemplo de Padre Eust\u00e1quio","datePublished":"2023-08-16T22:30:57+00:00","mainEntityOfPage":{"@id":"https:\/\/www.padreeustaquio.com.br\/vivendo-o-chamado-inspiracoes-a-partir-do-exemplo-de-padre-eustaquio\/"},"wordCount":363,"commentCount":0,"publisher":{"@id":"https:\/\/www.padreeustaquio.com.br\/#organization"},"image":{"@id":"https:\/\/www.padreeustaquio.com.br\/vivendo-o-chamado-inspiracoes-a-partir-do-exemplo-de-padre-eustaquio\/#primaryimage"},"thumbnailUrl":"https:\/\/www.padreeustaquio.com.br\/wp-content\/uploads\/2023\/08\/Padre-eustaquio-van-lieshout.jpeg","articleSection":["Not\u00edcias"],"inLanguage":"en-US","potentialAction":[{"@type":"CommentAction","name":"Comment","target":["https:\/\/www.padreeustaquio.com.br\/vivendo-o-chamado-inspiracoes-a-partir-do-exemplo-de-padre-eustaquio\/#respond"]}]},{"@type":"WebPage","@id":"https:\/\/www.padreeustaquio.com.br\/vivendo-o-chamado-inspiracoes-a-partir-do-exemplo-de-padre-eustaquio\/","url":"https:\/\/www.padreeustaquio.com.br\/vivendo-o-chamado-inspiracoes-a-partir-do-exemplo-de-padre-eustaquio\/","name":"Living the calling: Inspirations from the example of Father Eust\u00e1quio","isPartOf":{"@id":"https:\/\/www.padreeustaquio.com.br\/#website"},"primaryImageOfPage":{"@id":"https:\/\/www.padreeustaquio.com.br\/vivendo-o-chamado-inspiracoes-a-partir-do-exemplo-de-padre-eustaquio\/#primaryimage"},"image":{"@id":"https:\/\/www.padreeustaquio.com.br\/vivendo-o-chamado-inspiracoes-a-partir-do-exemplo-de-padre-eustaquio\/#primaryimage"},"thumbnailUrl":"https:\/\/www.padreeustaquio.com.br\/wp-content\/uploads\/2023\/08\/Padre-eustaquio-van-lieshout.jpeg","datePublished":"2023-08-16T22:30:57+00:00","description":"Father Eust\u00e1quio was a man who knew how to recognize and respond to God&#039;s call in his life. In his words, he reminds us: &quot;God calls you. Yes, brothers, He calls, in various circumstances and in various ways, each and every one of us.&quot; This statement invites us to reflect on the call we receive from God and how we can live a meaningful life based on that call.","breadcrumb":{"@id":"https:\/\/www.padreeustaquio.com.br\/vivendo-o-chamado-inspiracoes-a-partir-do-exemplo-de-padre-eustaquio\/#breadcrumb"},"inLanguage":"en-US","potentialAction":[{"@type":"ReadAction","target":["https:\/\/www.padreeustaquio.com.br\/vivendo-o-chamado-inspiracoes-a-partir-do-exemplo-de-padre-eustaquio\/"]}]},{"@type":"ImageObject","inLanguage":"en-US","@id":"https:\/\/www.padreeustaquio.com.br\/vivendo-o-chamado-inspiracoes-a-partir-do-exemplo-de-padre-eustaquio\/#primaryimage","url":"https:\/\/www.padreeustaquio.com.br\/wp-content\/uploads\/2023\/08\/Padre-eustaquio-van-lieshout.jpeg","contentUrl":"https:\/\/www.padreeustaquio.com.br\/wp-content\/uploads\/2023\/08\/Padre-eustaquio-van-lieshout.jpeg","width":1600,"height":1068},{"@type":"BreadcrumbList","@id":"https:\/\/www.padreeustaquio.com.br\/vivendo-o-chamado-inspiracoes-a-partir-do-exemplo-de-padre-eustaquio\/#breadcrumb","itemListElement":[{"@type":"ListItem","position":1,"name":"In\u00edcio","item":"https:\/\/www.padreeustaquio.com.br\/"},{"@type":"ListItem","position":2,"name":"Vivendo o chamado: Inspira\u00e7\u00f5es a partir do exemplo de Padre Eust\u00e1quio"}]},{"@type":"WebSite","@id":"https:\/\/www.padreeustaquio.com.br\/#website","url":"https:\/\/www.padreeustaquio.com.br\/","name":"FATHER EUST\u00c1QUIO","description":"Health and Peace","publisher":{"@id":"https:\/\/www.padreeustaquio.com.br\/#organization"},"potentialAction":[{"@type":"SearchAction","target":{"@type":"EntryPoint","urlTemplate":"https:\/\/www.padreeustaquio.com.br\/?s={search_term_string}"},"query-input":{"@type":"PropertyValueSpecification","valueRequired":true,"valueName":"search_term_string"}}],"inLanguage":"en-US"},{"@type":"Organization","@id":"https:\/\/www.padreeustaquio.com.br\/#organization","name":"FATHER EUST\u00c1QUIO","url":"https:\/\/www.padreeustaquio.com.br\/","logo":{"@type":"ImageObject","inLanguage":"en-US","@id":"https:\/\/www.padreeustaquio.com.br\/#\/schema\/logo\/image\/","url":"https:\/\/www.padreeustaquio.com.br\/wp-content\/uploads\/2019\/08\/marca.png","contentUrl":"https:\/\/www.padreeustaquio.com.br\/wp-content\/uploads\/2019\/08\/marca.png","width":350,"height":400,"caption":"Padre Eust\u00e1quio"},"image":{"@id":"https:\/\/www.padreeustaquio.com.br\/#\/schema\/logo\/image\/"},"sameAs":["https:\/\/www.facebook.com\/beatopadreeustaquio\/","https:\/\/x.com\/beatopeustaquio","https:\/\/www.instagram.com\/beatopadreeustaquio\/","https:\/\/www.youtube.com\/channel\/UCRhw7vfabnajwLxb1ZXMeIw"]},{"@type":"Person","@id":"https:\/\/www.padreeustaquio.com.br\/#\/schema\/person\/a2a51db1d00f1a7af0204a0f1ddb1566","name":"@sscc","image":{"@type":"ImageObject","inLanguage":"en-US","@id":"https:\/\/secure.gravatar.com\/avatar\/68cfafa5f44617fea54071e215026e0ff06be366c3d54a8425f04fdcb86f8c5f?s=96&d=mm&r=g","url":"https:\/\/secure.gravatar.com\/avatar\/68cfafa5f44617fea54071e215026e0ff06be366c3d54a8425f04fdcb86f8c5f?s=96&d=mm&r=g","contentUrl":"https:\/\/secure.gravatar.com\/avatar\/68cfafa5f44617fea54071e215026e0ff06be366c3d54a8425f04fdcb86f8c5f?s=96&d=mm&r=g","caption":"@sscc"},"url":"https:\/\/www.padreeustaquio.com.br\/en\/author\/sscc\/"}]}},"_links":{"self":[{"href":"https:\/\/www.padreeustaquio.com.br\/en\/wp-json\/wp\/v2\/posts\/10804","targetHints":{"allow":["GET"]}}],"collection":[{"href":"https:\/\/www.padreeustaquio.com.br\/en\/wp-json\/wp\/v2\/posts"}],"about":[{"href":"https:\/\/www.padreeustaquio.com.br\/en\/wp-json\/wp\/v2\/types\/post"}],"author":[{"embeddable":true,"href":"https:\/\/www.padreeustaquio.com.br\/en\/wp-json\/wp\/v2\/users\/2"}],"replies":[{"embeddable":true,"href":"https:\/\/www.padreeustaquio.com.br\/en\/wp-json\/wp\/v2\/comments?post=10804"}],"version-history":[{"count":0,"href":"https:\/\/www.padreeustaquio.com.br\/en\/wp-json\/wp\/v2\/posts\/10804\/revisions"}],"wp:featuredmedia":[{"embeddable":true,"href":"https:\/\/www.padreeustaquio.com.br\/en\/wp-json\/wp\/v2\/media\/10805"}],"wp:attachment":[{"href":"https:\/\/www.padreeustaquio.com.br\/en\/wp-json\/wp\/v2\/media?parent=10804"}],"wp:term":[{"taxonomy":"category","embeddable":true,"href":"https:\/\/www.padreeustaquio.com.br\/en\/wp-json\/wp\/v2\/categories?post=10804"},{"taxonomy":"post_tag","embeddable":true,"href":"https:\/\/www.padreeustaquio.com.br\/en\/wp-json\/wp\/v2\/tags?post=10804"}],"curies":[{"name":"wp","href":"https:\/\/api.w.org\/{rel}","templated":true}]}}