{"id":10801,"date":"2023-08-14T05:01:24","date_gmt":"2023-08-14T08:01:24","guid":{"rendered":"https:\/\/www.padreeustaquio.com.br\/?p=10801"},"modified":"2023-08-13T21:08:39","modified_gmt":"2023-08-14T00:08:39","slug":"the-faithful-of-the-sanctuary-will-celebrate-our-lady-of-the-abbey-tomorrow","status":"publish","type":"post","link":"https:\/\/www.padreeustaquio.com.br\/en\/the-faithful-of-the-sanctuary-will-celebrate-our-lady-of-the-abbey-tomorrow\/","title":{"rendered":"Faithful of the Sanctuary celebrate Our Lady of the Abbey tomorrow."},"content":{"rendered":"<p>Tomorrow, August 15th, the Church celebrates the Assumption of Our Lady. In some Brazilian cities, it will be a holiday so that devotees can celebrate the feast of their patron saint. At the Sanctuary of Health and Peace in Belo Horizonte, the celebration will be dedicated to Our Lady of the Abbey of \u00c1gua Suja, a devotion of Blessed Father Eust\u00e1quio. The celebrations are part of the Father Eust\u00e1quio Month program, which commemorates the 80th anniversary of the religious figure&#039;s death.<\/p>\n<p>At the Church of Blessed Father Eust\u00e1quio in Belo Horizonte, there will be masses at 7 am, 5 pm, and 7 pm. Immediately after the 5 pm mass, devotees will take to the streets of the neighborhood in a procession with the image of Our Lady of the Abbey (a replica of the original, brought from the Tri\u00e2ngulo Mineiro region). The day will also feature food stalls starting at 4 pm.<\/p>\n<p>Upon arriving in Brazil in 1925, Father Eust\u00e1quio and two other priests went on missions to cities in the Tri\u00e2ngulo Mineiro region, one of them being \u00c1gua Suja (now the city of Romaria), where there was already a devotion inherited from the Portuguese to Our Lady of the Abbey. There, Father Eust\u00e1quio built the current Sanctuary, which annually receives thousands of people for the festival on August 15th.<\/p>\n<p>Referring to this devotion of Father Eust\u00e1quio, devotees in Belo Horizonte will hold a grand celebration. The festivities, which begin this Tuesday, will continue throughout the rest of the month, commemorating Father Eust\u00e1quio. On Saturday the 19th, a large concert with the Cantores de Deus (Singers of God) is planned inside the church, featuring songs by the group as well as compositions by Father Zezinho, SCJ.<\/p>\n<p><span style=\"font-size: 1.21429rem;\">Let us together pray for health and peace for ourselves and our families, through the intercession of Father Eust\u00e1quio and Our Lady of the Abbey. As the Blessed One said: &quot;Help us, Our Lady of the Abbey!&quot;\u201c<\/span><\/p>","protected":false},"excerpt":{"rendered":"<p>Amanh\u00e3, dia 15 de agosto, a Igreja celebra a Assun\u00e7\u00e3o de Nossa Senhora. Em algumas cidades brasileiras ser\u00e1 feriado para que os devotos possam celebrar a festa de sua padroeira. No Santu\u00e1rio da Sa\u00fade e da Paz, em Belo Horizonte, a comemora\u00e7\u00e3o ser\u00e1 dedicada \u00e0 Nossa Senhora da Abadia da \u00c1gua Suja, uma devo\u00e7\u00e3o do Beato Padre Eust\u00e1quio. As comemora\u00e7\u00f5es fazem parte da programa\u00e7\u00e3o do M\u00eas de Padre Eust\u00e1quio, que relembram os 80 anos da morte do religioso. Na Igreja do Beato Padre Eust\u00e1quio, em BH, haver\u00e1 missas \u00e0s 7h, 17h e 19h, sendo que, logo ap\u00f3s a missa das [&hellip;]<\/p>\n","protected":false},"author":2,"featured_media":9084,"comment_status":"open","ping_status":"closed","sticky":false,"template":"","format":"standard","meta":{"_acf_changed":false,"footnotes":""},"categories":[611],"tags":[],"class_list":["post-10801","post","type-post","status-publish","format-standard","has-post-thumbnail","hentry","category-noticias"],"acf":[],"yoast_head":"<!-- This site is optimized with the Yoast SEO plugin v27.2 - https:\/\/yoast.com\/product\/yoast-seo-wordpress\/ -->\n<title>Fi\u00e9is do Santu\u00e1rio celebram amanh\u00e3 Nossa Senhora da Abadia<\/title>\n<meta name=\"description\" content=\"Amanh\u00e3, dia 15 de agosto, a Igreja celebra a Assun\u00e7\u00e3o de Nossa Senhora. Em algumas cidades brasileiras ser\u00e1 feriado para que os devotos possam celebrar a festa de sua padroeira. No Santu\u00e1rio da Sa\u00fade e da Paz, em Belo Horizonte, a comemora\u00e7\u00e3o ser\u00e1 dedicada \u00e0 Nossa Senhora da Abadia da \u00c1gua Suja, uma devo\u00e7\u00e3o do Beato Padre Eust\u00e1quio. As comemora\u00e7\u00f5es fazem parte da programa\u00e7\u00e3o do M\u00eas de Padre Eust\u00e1quio, que relembram os 80 anos da morte do religioso.\" \/>\n<meta name=\"robots\" content=\"index, follow, max-snippet:-1, max-image-preview:large, max-video-preview:-1\" \/>\n<link rel=\"canonical\" href=\"https:\/\/www.padreeustaquio.com.br\/en\/the-faithful-of-the-sanctuary-will-celebrate-our-lady-of-the-abbey-tomorrow\/\" \/>\n<meta property=\"og:locale\" content=\"en_US\" \/>\n<meta property=\"og:type\" content=\"article\" \/>\n<meta property=\"og:title\" content=\"Fi\u00e9is do Santu\u00e1rio celebram amanh\u00e3 Nossa Senhora da Abadia\" \/>\n<meta property=\"og:description\" content=\"Amanh\u00e3, dia 15 de agosto, a Igreja celebra a Assun\u00e7\u00e3o de Nossa Senhora. Em algumas cidades brasileiras ser\u00e1 feriado para que os devotos possam celebrar a festa de sua padroeira. No Santu\u00e1rio da Sa\u00fade e da Paz, em Belo Horizonte, a comemora\u00e7\u00e3o ser\u00e1 dedicada \u00e0 Nossa Senhora da Abadia da \u00c1gua Suja, uma devo\u00e7\u00e3o do Beato Padre Eust\u00e1quio. As comemora\u00e7\u00f5es fazem parte da programa\u00e7\u00e3o do M\u00eas de Padre Eust\u00e1quio, que relembram os 80 anos da morte do religioso.\" \/>\n<meta property=\"og:url\" content=\"https:\/\/www.padreeustaquio.com.br\/en\/the-faithful-of-the-sanctuary-will-celebrate-our-lady-of-the-abbey-tomorrow\/\" \/>\n<meta property=\"og:site_name\" content=\"Padre Eust\u00e1quio\" \/>\n<meta property=\"article:publisher\" content=\"https:\/\/www.facebook.com\/beatopadreeustaquio\/\" \/>\n<meta property=\"article:published_time\" content=\"2023-08-14T08:01:24+00:00\" \/>\n<meta property=\"og:image\" content=\"https:\/\/www.padreeustaquio.com.br\/wp-content\/uploads\/2022\/08\/Festa-Abadia-6-e1691971696165.jpeg\" \/>\n\t<meta property=\"og:image:width\" content=\"1200\" \/>\n\t<meta property=\"og:image:height\" content=\"717\" \/>\n\t<meta property=\"og:image:type\" content=\"image\/jpeg\" \/>\n<meta name=\"author\" content=\"@sscc\" \/>\n<meta name=\"twitter:card\" content=\"summary_large_image\" \/>\n<meta name=\"twitter:creator\" content=\"@beatopeustaquio\" \/>\n<meta name=\"twitter:site\" content=\"@beatopeustaquio\" \/>\n<meta name=\"twitter:label1\" content=\"Written by\" \/>\n\t<meta name=\"twitter:data1\" content=\"@sscc\" \/>\n\t<meta name=\"twitter:label2\" content=\"Est. reading time\" \/>\n\t<meta name=\"twitter:data2\" content=\"2 minutes\" \/>\n<script type=\"application\/ld+json\" class=\"yoast-schema-graph\">{\"@context\":\"https:\/\/schema.org\",\"@graph\":[{\"@type\":\"Article\",\"@id\":\"https:\/\/www.padreeustaquio.com.br\/fieis-do-santuario-celebram-amanha-nossa-senhora-da-abadia\/#article\",\"isPartOf\":{\"@id\":\"https:\/\/www.padreeustaquio.com.br\/fieis-do-santuario-celebram-amanha-nossa-senhora-da-abadia\/\"},\"author\":{\"name\":\"@sscc\",\"@id\":\"https:\/\/www.padreeustaquio.com.br\/#\/schema\/person\/a2a51db1d00f1a7af0204a0f1ddb1566\"},\"headline\":\"Fi\u00e9is do Santu\u00e1rio celebram amanh\u00e3 Nossa Senhora da Abadia\",\"datePublished\":\"2023-08-14T08:01:24+00:00\",\"mainEntityOfPage\":{\"@id\":\"https:\/\/www.padreeustaquio.com.br\/fieis-do-santuario-celebram-amanha-nossa-senhora-da-abadia\/\"},\"wordCount\":337,\"commentCount\":0,\"publisher\":{\"@id\":\"https:\/\/www.padreeustaquio.com.br\/#organization\"},\"image\":{\"@id\":\"https:\/\/www.padreeustaquio.com.br\/fieis-do-santuario-celebram-amanha-nossa-senhora-da-abadia\/#primaryimage\"},\"thumbnailUrl\":\"https:\/\/www.padreeustaquio.com.br\/wp-content\/uploads\/2022\/08\/Festa-Abadia-6-e1691971696165.jpeg\",\"articleSection\":[\"Not\u00edcias\"],\"inLanguage\":\"en-US\",\"potentialAction\":[{\"@type\":\"CommentAction\",\"name\":\"Comment\",\"target\":[\"https:\/\/www.padreeustaquio.com.br\/fieis-do-santuario-celebram-amanha-nossa-senhora-da-abadia\/#respond\"]}]},{\"@type\":\"WebPage\",\"@id\":\"https:\/\/www.padreeustaquio.com.br\/fieis-do-santuario-celebram-amanha-nossa-senhora-da-abadia\/\",\"url\":\"https:\/\/www.padreeustaquio.com.br\/fieis-do-santuario-celebram-amanha-nossa-senhora-da-abadia\/\",\"name\":\"Fi\u00e9is do Santu\u00e1rio celebram amanh\u00e3 Nossa Senhora da Abadia\",\"isPartOf\":{\"@id\":\"https:\/\/www.padreeustaquio.com.br\/#website\"},\"primaryImageOfPage\":{\"@id\":\"https:\/\/www.padreeustaquio.com.br\/fieis-do-santuario-celebram-amanha-nossa-senhora-da-abadia\/#primaryimage\"},\"image\":{\"@id\":\"https:\/\/www.padreeustaquio.com.br\/fieis-do-santuario-celebram-amanha-nossa-senhora-da-abadia\/#primaryimage\"},\"thumbnailUrl\":\"https:\/\/www.padreeustaquio.com.br\/wp-content\/uploads\/2022\/08\/Festa-Abadia-6-e1691971696165.jpeg\",\"datePublished\":\"2023-08-14T08:01:24+00:00\",\"description\":\"Amanh\u00e3, dia 15 de agosto, a Igreja celebra a Assun\u00e7\u00e3o de Nossa Senhora. Em algumas cidades brasileiras ser\u00e1 feriado para que os devotos possam celebrar a festa de sua padroeira. No Santu\u00e1rio da Sa\u00fade e da Paz, em Belo Horizonte, a comemora\u00e7\u00e3o ser\u00e1 dedicada \u00e0 Nossa Senhora da Abadia da \u00c1gua Suja, uma devo\u00e7\u00e3o do Beato Padre Eust\u00e1quio. As comemora\u00e7\u00f5es fazem parte da programa\u00e7\u00e3o do M\u00eas de Padre Eust\u00e1quio, que relembram os 80 anos da morte do religioso.\",\"breadcrumb\":{\"@id\":\"https:\/\/www.padreeustaquio.com.br\/fieis-do-santuario-celebram-amanha-nossa-senhora-da-abadia\/#breadcrumb\"},\"inLanguage\":\"en-US\",\"potentialAction\":[{\"@type\":\"ReadAction\",\"target\":[\"https:\/\/www.padreeustaquio.com.br\/fieis-do-santuario-celebram-amanha-nossa-senhora-da-abadia\/\"]}]},{\"@type\":\"ImageObject\",\"inLanguage\":\"en-US\",\"@id\":\"https:\/\/www.padreeustaquio.com.br\/fieis-do-santuario-celebram-amanha-nossa-senhora-da-abadia\/#primaryimage\",\"url\":\"https:\/\/www.padreeustaquio.com.br\/wp-content\/uploads\/2022\/08\/Festa-Abadia-6-e1691971696165.jpeg\",\"contentUrl\":\"https:\/\/www.padreeustaquio.com.br\/wp-content\/uploads\/2022\/08\/Festa-Abadia-6-e1691971696165.jpeg\",\"width\":1200,\"height\":717},{\"@type\":\"BreadcrumbList\",\"@id\":\"https:\/\/www.padreeustaquio.com.br\/fieis-do-santuario-celebram-amanha-nossa-senhora-da-abadia\/#breadcrumb\",\"itemListElement\":[{\"@type\":\"ListItem\",\"position\":1,\"name\":\"In\u00edcio\",\"item\":\"https:\/\/www.padreeustaquio.com.br\/\"},{\"@type\":\"ListItem\",\"position\":2,\"name\":\"Fi\u00e9is do Santu\u00e1rio celebram amanh\u00e3 Nossa Senhora da Abadia\"}]},{\"@type\":\"WebSite\",\"@id\":\"https:\/\/www.padreeustaquio.com.br\/#website\",\"url\":\"https:\/\/www.padreeustaquio.com.br\/\",\"name\":\"Padre Eust\u00e1quio\",\"description\":\"Sa\u00fade e Paz\",\"publisher\":{\"@id\":\"https:\/\/www.padreeustaquio.com.br\/#organization\"},\"potentialAction\":[{\"@type\":\"SearchAction\",\"target\":{\"@type\":\"EntryPoint\",\"urlTemplate\":\"https:\/\/www.padreeustaquio.com.br\/?s={search_term_string}\"},\"query-input\":{\"@type\":\"PropertyValueSpecification\",\"valueRequired\":true,\"valueName\":\"search_term_string\"}}],\"inLanguage\":\"en-US\"},{\"@type\":\"Organization\",\"@id\":\"https:\/\/www.padreeustaquio.com.br\/#organization\",\"name\":\"Padre Eust\u00e1quio\",\"url\":\"https:\/\/www.padreeustaquio.com.br\/\",\"logo\":{\"@type\":\"ImageObject\",\"inLanguage\":\"en-US\",\"@id\":\"https:\/\/www.padreeustaquio.com.br\/#\/schema\/logo\/image\/\",\"url\":\"https:\/\/www.padreeustaquio.com.br\/wp-content\/uploads\/2019\/08\/marca.png\",\"contentUrl\":\"https:\/\/www.padreeustaquio.com.br\/wp-content\/uploads\/2019\/08\/marca.png\",\"width\":350,\"height\":400,\"caption\":\"Padre Eust\u00e1quio\"},\"image\":{\"@id\":\"https:\/\/www.padreeustaquio.com.br\/#\/schema\/logo\/image\/\"},\"sameAs\":[\"https:\/\/www.facebook.com\/beatopadreeustaquio\/\",\"https:\/\/x.com\/beatopeustaquio\",\"https:\/\/www.instagram.com\/beatopadreeustaquio\/\",\"https:\/\/www.youtube.com\/channel\/UCRhw7vfabnajwLxb1ZXMeIw\"]},{\"@type\":\"Person\",\"@id\":\"https:\/\/www.padreeustaquio.com.br\/#\/schema\/person\/a2a51db1d00f1a7af0204a0f1ddb1566\",\"name\":\"@sscc\",\"image\":{\"@type\":\"ImageObject\",\"inLanguage\":\"en-US\",\"@id\":\"https:\/\/secure.gravatar.com\/avatar\/68cfafa5f44617fea54071e215026e0ff06be366c3d54a8425f04fdcb86f8c5f?s=96&d=mm&r=g\",\"url\":\"https:\/\/secure.gravatar.com\/avatar\/68cfafa5f44617fea54071e215026e0ff06be366c3d54a8425f04fdcb86f8c5f?s=96&d=mm&r=g\",\"contentUrl\":\"https:\/\/secure.gravatar.com\/avatar\/68cfafa5f44617fea54071e215026e0ff06be366c3d54a8425f04fdcb86f8c5f?s=96&d=mm&r=g\",\"caption\":\"@sscc\"},\"url\":\"https:\/\/www.padreeustaquio.com.br\/en\/author\/sscc\/\"}]}<\/script>\n<!-- \/ Yoast SEO plugin. -->","yoast_head_json":{"title":"Faithful of the Sanctuary celebrate Our Lady of the Abbey tomorrow.","description":"Tomorrow, August 15th, the Church celebrates the Assumption of Our Lady. In some Brazilian cities, it will be a holiday so that devotees can celebrate the feast of their patron saint. At the Sanctuary of Health and Peace in Belo Horizonte, the celebration will be dedicated to Our Lady of the Abbey of \u00c1gua Suja, a devotion of Blessed Father Eust\u00e1quio. The celebrations are part of the Father Eust\u00e1quio Month program, which commemorates the 80th anniversary of the religious figure&#039;s death.","robots":{"index":"index","follow":"follow","max-snippet":"max-snippet:-1","max-image-preview":"max-image-preview:large","max-video-preview":"max-video-preview:-1"},"canonical":"https:\/\/www.padreeustaquio.com.br\/en\/the-faithful-of-the-sanctuary-will-celebrate-our-lady-of-the-abbey-tomorrow\/","og_locale":"en_US","og_type":"article","og_title":"Fi\u00e9is do Santu\u00e1rio celebram amanh\u00e3 Nossa Senhora da Abadia","og_description":"Amanh\u00e3, dia 15 de agosto, a Igreja celebra a Assun\u00e7\u00e3o de Nossa Senhora. Em algumas cidades brasileiras ser\u00e1 feriado para que os devotos possam celebrar a festa de sua padroeira. No Santu\u00e1rio da Sa\u00fade e da Paz, em Belo Horizonte, a comemora\u00e7\u00e3o ser\u00e1 dedicada \u00e0 Nossa Senhora da Abadia da \u00c1gua Suja, uma devo\u00e7\u00e3o do Beato Padre Eust\u00e1quio. As comemora\u00e7\u00f5es fazem parte da programa\u00e7\u00e3o do M\u00eas de Padre Eust\u00e1quio, que relembram os 80 anos da morte do religioso.","og_url":"https:\/\/www.padreeustaquio.com.br\/en\/the-faithful-of-the-sanctuary-will-celebrate-our-lady-of-the-abbey-tomorrow\/","og_site_name":"Padre Eust\u00e1quio","article_publisher":"https:\/\/www.facebook.com\/beatopadreeustaquio\/","article_published_time":"2023-08-14T08:01:24+00:00","og_image":[{"width":1200,"height":717,"url":"https:\/\/www.padreeustaquio.com.br\/wp-content\/uploads\/2022\/08\/Festa-Abadia-6-e1691971696165.jpeg","type":"image\/jpeg"}],"author":"@sscc","twitter_card":"summary_large_image","twitter_creator":"@beatopeustaquio","twitter_site":"@beatopeustaquio","twitter_misc":{"Written by":"@sscc","Est. reading time":"2 minutes"},"schema":{"@context":"https:\/\/schema.org","@graph":[{"@type":"Article","@id":"https:\/\/www.padreeustaquio.com.br\/fieis-do-santuario-celebram-amanha-nossa-senhora-da-abadia\/#article","isPartOf":{"@id":"https:\/\/www.padreeustaquio.com.br\/fieis-do-santuario-celebram-amanha-nossa-senhora-da-abadia\/"},"author":{"name":"@sscc","@id":"https:\/\/www.padreeustaquio.com.br\/#\/schema\/person\/a2a51db1d00f1a7af0204a0f1ddb1566"},"headline":"Fi\u00e9is do Santu\u00e1rio celebram amanh\u00e3 Nossa Senhora da Abadia","datePublished":"2023-08-14T08:01:24+00:00","mainEntityOfPage":{"@id":"https:\/\/www.padreeustaquio.com.br\/fieis-do-santuario-celebram-amanha-nossa-senhora-da-abadia\/"},"wordCount":337,"commentCount":0,"publisher":{"@id":"https:\/\/www.padreeustaquio.com.br\/#organization"},"image":{"@id":"https:\/\/www.padreeustaquio.com.br\/fieis-do-santuario-celebram-amanha-nossa-senhora-da-abadia\/#primaryimage"},"thumbnailUrl":"https:\/\/www.padreeustaquio.com.br\/wp-content\/uploads\/2022\/08\/Festa-Abadia-6-e1691971696165.jpeg","articleSection":["Not\u00edcias"],"inLanguage":"en-US","potentialAction":[{"@type":"CommentAction","name":"Comment","target":["https:\/\/www.padreeustaquio.com.br\/fieis-do-santuario-celebram-amanha-nossa-senhora-da-abadia\/#respond"]}]},{"@type":"WebPage","@id":"https:\/\/www.padreeustaquio.com.br\/fieis-do-santuario-celebram-amanha-nossa-senhora-da-abadia\/","url":"https:\/\/www.padreeustaquio.com.br\/fieis-do-santuario-celebram-amanha-nossa-senhora-da-abadia\/","name":"Faithful of the Sanctuary celebrate Our Lady of the Abbey tomorrow.","isPartOf":{"@id":"https:\/\/www.padreeustaquio.com.br\/#website"},"primaryImageOfPage":{"@id":"https:\/\/www.padreeustaquio.com.br\/fieis-do-santuario-celebram-amanha-nossa-senhora-da-abadia\/#primaryimage"},"image":{"@id":"https:\/\/www.padreeustaquio.com.br\/fieis-do-santuario-celebram-amanha-nossa-senhora-da-abadia\/#primaryimage"},"thumbnailUrl":"https:\/\/www.padreeustaquio.com.br\/wp-content\/uploads\/2022\/08\/Festa-Abadia-6-e1691971696165.jpeg","datePublished":"2023-08-14T08:01:24+00:00","description":"Tomorrow, August 15th, the Church celebrates the Assumption of Our Lady. In some Brazilian cities, it will be a holiday so that devotees can celebrate the feast of their patron saint. At the Sanctuary of Health and Peace in Belo Horizonte, the celebration will be dedicated to Our Lady of the Abbey of \u00c1gua Suja, a devotion of Blessed Father Eust\u00e1quio. The celebrations are part of the Father Eust\u00e1quio Month program, which commemorates the 80th anniversary of the religious figure&#039;s death.","breadcrumb":{"@id":"https:\/\/www.padreeustaquio.com.br\/fieis-do-santuario-celebram-amanha-nossa-senhora-da-abadia\/#breadcrumb"},"inLanguage":"en-US","potentialAction":[{"@type":"ReadAction","target":["https:\/\/www.padreeustaquio.com.br\/fieis-do-santuario-celebram-amanha-nossa-senhora-da-abadia\/"]}]},{"@type":"ImageObject","inLanguage":"en-US","@id":"https:\/\/www.padreeustaquio.com.br\/fieis-do-santuario-celebram-amanha-nossa-senhora-da-abadia\/#primaryimage","url":"https:\/\/www.padreeustaquio.com.br\/wp-content\/uploads\/2022\/08\/Festa-Abadia-6-e1691971696165.jpeg","contentUrl":"https:\/\/www.padreeustaquio.com.br\/wp-content\/uploads\/2022\/08\/Festa-Abadia-6-e1691971696165.jpeg","width":1200,"height":717},{"@type":"BreadcrumbList","@id":"https:\/\/www.padreeustaquio.com.br\/fieis-do-santuario-celebram-amanha-nossa-senhora-da-abadia\/#breadcrumb","itemListElement":[{"@type":"ListItem","position":1,"name":"In\u00edcio","item":"https:\/\/www.padreeustaquio.com.br\/"},{"@type":"ListItem","position":2,"name":"Fi\u00e9is do Santu\u00e1rio celebram amanh\u00e3 Nossa Senhora da Abadia"}]},{"@type":"WebSite","@id":"https:\/\/www.padreeustaquio.com.br\/#website","url":"https:\/\/www.padreeustaquio.com.br\/","name":"FATHER EUST\u00c1QUIO","description":"Health and Peace","publisher":{"@id":"https:\/\/www.padreeustaquio.com.br\/#organization"},"potentialAction":[{"@type":"SearchAction","target":{"@type":"EntryPoint","urlTemplate":"https:\/\/www.padreeustaquio.com.br\/?s={search_term_string}"},"query-input":{"@type":"PropertyValueSpecification","valueRequired":true,"valueName":"search_term_string"}}],"inLanguage":"en-US"},{"@type":"Organization","@id":"https:\/\/www.padreeustaquio.com.br\/#organization","name":"FATHER EUST\u00c1QUIO","url":"https:\/\/www.padreeustaquio.com.br\/","logo":{"@type":"ImageObject","inLanguage":"en-US","@id":"https:\/\/www.padreeustaquio.com.br\/#\/schema\/logo\/image\/","url":"https:\/\/www.padreeustaquio.com.br\/wp-content\/uploads\/2019\/08\/marca.png","contentUrl":"https:\/\/www.padreeustaquio.com.br\/wp-content\/uploads\/2019\/08\/marca.png","width":350,"height":400,"caption":"Padre Eust\u00e1quio"},"image":{"@id":"https:\/\/www.padreeustaquio.com.br\/#\/schema\/logo\/image\/"},"sameAs":["https:\/\/www.facebook.com\/beatopadreeustaquio\/","https:\/\/x.com\/beatopeustaquio","https:\/\/www.instagram.com\/beatopadreeustaquio\/","https:\/\/www.youtube.com\/channel\/UCRhw7vfabnajwLxb1ZXMeIw"]},{"@type":"Person","@id":"https:\/\/www.padreeustaquio.com.br\/#\/schema\/person\/a2a51db1d00f1a7af0204a0f1ddb1566","name":"@sscc","image":{"@type":"ImageObject","inLanguage":"en-US","@id":"https:\/\/secure.gravatar.com\/avatar\/68cfafa5f44617fea54071e215026e0ff06be366c3d54a8425f04fdcb86f8c5f?s=96&d=mm&r=g","url":"https:\/\/secure.gravatar.com\/avatar\/68cfafa5f44617fea54071e215026e0ff06be366c3d54a8425f04fdcb86f8c5f?s=96&d=mm&r=g","contentUrl":"https:\/\/secure.gravatar.com\/avatar\/68cfafa5f44617fea54071e215026e0ff06be366c3d54a8425f04fdcb86f8c5f?s=96&d=mm&r=g","caption":"@sscc"},"url":"https:\/\/www.padreeustaquio.com.br\/en\/author\/sscc\/"}]}},"_links":{"self":[{"href":"https:\/\/www.padreeustaquio.com.br\/en\/wp-json\/wp\/v2\/posts\/10801","targetHints":{"allow":["GET"]}}],"collection":[{"href":"https:\/\/www.padreeustaquio.com.br\/en\/wp-json\/wp\/v2\/posts"}],"about":[{"href":"https:\/\/www.padreeustaquio.com.br\/en\/wp-json\/wp\/v2\/types\/post"}],"author":[{"embeddable":true,"href":"https:\/\/www.padreeustaquio.com.br\/en\/wp-json\/wp\/v2\/users\/2"}],"replies":[{"embeddable":true,"href":"https:\/\/www.padreeustaquio.com.br\/en\/wp-json\/wp\/v2\/comments?post=10801"}],"version-history":[{"count":0,"href":"https:\/\/www.padreeustaquio.com.br\/en\/wp-json\/wp\/v2\/posts\/10801\/revisions"}],"wp:featuredmedia":[{"embeddable":true,"href":"https:\/\/www.padreeustaquio.com.br\/en\/wp-json\/wp\/v2\/media\/9084"}],"wp:attachment":[{"href":"https:\/\/www.padreeustaquio.com.br\/en\/wp-json\/wp\/v2\/media?parent=10801"}],"wp:term":[{"taxonomy":"category","embeddable":true,"href":"https:\/\/www.padreeustaquio.com.br\/en\/wp-json\/wp\/v2\/categories?post=10801"},{"taxonomy":"post_tag","embeddable":true,"href":"https:\/\/www.padreeustaquio.com.br\/en\/wp-json\/wp\/v2\/tags?post=10801"}],"curies":[{"name":"wp","href":"https:\/\/api.w.org\/{rel}","templated":true}]}}