{"id":10797,"date":"2023-08-12T12:11:33","date_gmt":"2023-08-12T15:11:33","guid":{"rendered":"https:\/\/www.padreeustaquio.com.br\/?p=10797"},"modified":"2023-08-10T16:21:15","modified_gmt":"2023-08-10T19:21:15","slug":"parishioners-and-visitors-exchange-tickets-for-the-show-of-the-singers-of-god","status":"publish","type":"post","link":"https:\/\/www.padreeustaquio.com.br\/en\/parishioners-and-visitors-exchange-tickets-for-the-show-of-the-singers-of-god\/","title":{"rendered":"Parishioners and visitors exchange tickets for the Cantores de Deus concert."},"content":{"rendered":"<p>On August 19th, the Cantores de Deus (Singers of God) will perform a grand concert at the Sanctuary of Health and Peace. The performance is scheduled for 8 PM and will mark the beginning of the 80th anniversary celebration of devotion to Blessed Father Eust\u00e1quio.<\/p>\n<p>Anyone wishing to attend the show can exchange their ticket for two 350ml cans of soda (Coke or Guaran\u00e1) at the parish office. Tickets are limited due to the Sanctuary&#039;s maximum capacity. The performance will be inside the church, and the access doors will be closed 10 minutes after it begins.<\/p>\n<p>Infants up to 2 years old do not need a ticket; children aged 3 to 10 need a child&#039;s ticket (with the optional exchange of cans); children aged 11 or older will need to exchange their ticket normally.<\/p>\n<p>Other information and rules for collecting tickets can be requested directly from the parish office at (31)\u00a0<a href=\"https:\/\/www.google.com\/search?gs_ssp=eJzj4tZP1zcsSTErSc9JN2C0UjaoSDSzNDcyMjUxNTNOTkmxMqgwtLBIS7I0MTaxMLZIM0qy9JIuTswrKU0sysxXSElUKE4sTUlVSAUxCxKrAIbPF7c&amp;q=santuario+da+saude+e+da+paz&amp;oq=sant&amp;aqs=chrome.1.69i57j46i39i175i199i650j46i67i650j0i67i650j0i433i512j46i67i650j46i131i433i512j0i67i650j46i67i650j0i271.2055039239j0j15&amp;sourceid=chrome&amp;ie=UTF-8#\" data-dtype=\"d3ph\" data-local-attribute=\"d3ph\" data-ved=\"2ahUKEwjfjsyV8biAAxUxl5UCHeGYAkAQkAgoAHoECEkQAw\"><span aria-label=\"Call (31) 3462-6557\">3462-6557<\/span><\/a>.<\/p>\n<p><strong>The Singers of God<\/strong><\/p>\n<p>The group Cantores de Deus (Singers of God) was born in 1997 from the heart of Father Zezinho, scj, who wished to be accompanied in his shows, travels, and missions by singers committed to the Catholic faith. Initially, it consisted of Luan, Vanessa, Suely Ferreira, Dalva Ten\u00f3rio, and Karla Fioravante. With this lineup, they recorded the CDs \u201cEm verso e em can\u00e7\u00e3o\u201d (1997), \u201cEn verso y en Canci\u00f3n\u201d (1998), \u201cIguais\u201d (2000), and \u201cDe olho no mundo\u201d (2002). In 2003, Luan and Vanessa moved to the USA, leaving the mission. In the same year, Cantores de Deus welcomed Robson Jr., and in 2004, with Suely&#039;s departure, Andr\u00e9ia Zanardi joined. With the new lineup, they recorded the CD \u201cNas ruas do pa\u00eds\u201d (2004).<\/p>\n<p>Between 2000 and 2002, the group presented the TV program &quot;Palavras que n\u00e3o passam&quot; (Words that Don&#039;t Pass Away), broadcast on Rede Vida Television, together with Father Zezinho, scj. Shortly after, they got their own program, &quot;Universo em Can\u00e7\u00e3o&quot; (Universe in Song), also broadcast on Rede Vida, until 2004.<\/p>\n<p>With the release of the CD &quot;Nas ruas do pa\u00eds&quot; (On the streets of the country) in the new lineup, now with Karla Fioravante, Dalva Ten\u00f3rio, Andr\u00e9ia Zanardi, and Robson Jr., they received a double gold record from their record label, Paulinas Comep, for sales of the CDs: &quot;Em verso e em can\u00e7\u00e3o&quot; (In verse and in song) and &quot;Iguais&quot; (Equals). In December 2006, Robson Jr. passed away, and then, even with so many changes, the group Cantores de Deus decided to continue. In 2007, in celebration of 10 years of evangelization, the CD &quot;Nossa Hist\u00f3ria&quot; (Our History) was released, featuring the participation of former members and re-recordings of songs from the first CD with a new arrangement.<\/p>\n<p>Also in 2007, he participated in Pope Benedict XVI&#039;s visit to Brazil, as well as the canonization mass of Frei Galv\u00e3o. In 2011 he had the honor of participating in World Youth Day in Madrid with Pope Benedict XVI and in 2013, in Rio de Janeiro, with Pope Francis.<\/p>\n<p>In August 2009, they released the CD &quot;Mulheres&quot; (Women), their seventh album, reflecting the group&#039;s new phase with its three members: Karla, Dalva, and Andr\u00e9ia. In December 2011, the DVD &quot;Mulheres ao vivo&quot; (Women Live) was released, solidifying this new identity, and in early 2012, the CD &quot;Mulheres ao vivo&quot; was released. The &quot;Mulheres&quot; DVD features a selection of songs that marked their 15-year history of evangelization, as well as two new songs.<\/p>\n<p>Those who participated in this moment included friends of Catholic music: Fr. Zezinho, scj, Ziza Fernandes, Suely Fa\u00e7anha, Walmir Alencar, Eliana Ribeiro, and Oswaldinho do Acordeon.<\/p>\n<p>In addition to three awards for best Catholic vocal group at the &quot;Trof\u00e9u Louvemos o Senhor&quot; held by TV S\u00e9culo 21, in 2012 the group Cantores de Deus received the trophy for best DVD of 2011 and also a nomination for the &quot;Latin Grammy&quot; for best Christian album, with the CD Mulheres ao vivo.<\/p>\n<p>With a solid history in Catholic music, in 2015 she released the original CD entitled &quot;Women in Focus, Strength and Faith,&quot; which translates, in song, the strength and beauty of women who have faith and who, despite difficulties, sustain themselves in God&#039;s love. In 2019, Andr\u00e9ia Zanardi, Karla Fioravante, and Dalva Ten\u00f3rio released the EP &quot;Women of Faith in Faith&quot; with songs that make one think about the meaning of life, about loving and feeling loved, about comforting the pain of loved ones. They are not a &quot;miracle cure,&quot; but they aim to be a solace for the wounds of the heart.<\/p>\n<p>The Cantores de Deus group continues to make history and remains steadfast in its desire to transform hearts through evangelizing music. May this song of faith, love, and hope reach more and more lives each day!<\/p>","protected":false},"excerpt":{"rendered":"<p>No dia 19 de agosto os Cantores de Deus far\u00e3o um grande show no Santu\u00e1rio da Sa\u00fade e da Paz. A apresenta\u00e7\u00e3o est\u00e1 marcada para \u00e0s 20h e marcar\u00e1 o in\u00edcio da festa de 80 anos da devo\u00e7\u00e3o ao Beato Padre Eust\u00e1quio. Quem quiser assistir ao show basta trocar o ingresso por duas latinhas de refrigerante (coca ou guaran\u00e1) de 350ml na secretaria paroquial. Os bilhetes s\u00e3o limitados por conta da lota\u00e7\u00e3o m\u00e1xima do Santu\u00e1rio. A apresenta\u00e7\u00e3o ser\u00e1 dentro da igreja e as portas de acesso ser\u00e3o fechadas 10 minutos ap\u00f3s o in\u00edcio. Crian\u00e7as de colo, at\u00e9 2 anos, n\u00e3o [&hellip;]<\/p>\n","protected":false},"author":2,"featured_media":10798,"comment_status":"open","ping_status":"closed","sticky":false,"template":"","format":"standard","meta":{"_acf_changed":false,"footnotes":""},"categories":[611],"tags":[],"class_list":["post-10797","post","type-post","status-publish","format-standard","has-post-thumbnail","hentry","category-noticias"],"acf":[],"yoast_head":"<!-- This site is optimized with the Yoast SEO plugin v27.2 - https:\/\/yoast.com\/product\/yoast-seo-wordpress\/ -->\n<title>Paroquianos e visitantes trocam ingressos para o show dos Cantores de Deus<\/title>\n<meta name=\"description\" content=\"No dia 19 de agosto os Cantores de Deus far\u00e3o um grande show no Santu\u00e1rio da Sa\u00fade e da Paz. A apresenta\u00e7\u00e3o est\u00e1 marcada para \u00e0s 20h e marcar\u00e1 o in\u00edcio da festa de 80 anos da devo\u00e7\u00e3o ao Beato Padre Eust\u00e1quio.\" \/>\n<meta name=\"robots\" content=\"index, follow, max-snippet:-1, max-image-preview:large, max-video-preview:-1\" \/>\n<link rel=\"canonical\" href=\"https:\/\/www.padreeustaquio.com.br\/en\/parishioners-and-visitors-exchange-tickets-for-the-show-of-the-singers-of-god\/\" \/>\n<meta property=\"og:locale\" content=\"en_US\" \/>\n<meta property=\"og:type\" content=\"article\" \/>\n<meta property=\"og:title\" content=\"Paroquianos e visitantes trocam ingressos para o show dos Cantores de Deus\" \/>\n<meta property=\"og:description\" content=\"No dia 19 de agosto os Cantores de Deus far\u00e3o um grande show no Santu\u00e1rio da Sa\u00fade e da Paz. A apresenta\u00e7\u00e3o est\u00e1 marcada para \u00e0s 20h e marcar\u00e1 o in\u00edcio da festa de 80 anos da devo\u00e7\u00e3o ao Beato Padre Eust\u00e1quio.\" \/>\n<meta property=\"og:url\" content=\"https:\/\/www.padreeustaquio.com.br\/en\/parishioners-and-visitors-exchange-tickets-for-the-show-of-the-singers-of-god\/\" \/>\n<meta property=\"og:site_name\" content=\"Padre Eust\u00e1quio\" \/>\n<meta property=\"article:publisher\" content=\"https:\/\/www.facebook.com\/beatopadreeustaquio\/\" \/>\n<meta property=\"article:published_time\" content=\"2023-08-12T15:11:33+00:00\" \/>\n<meta property=\"og:image\" content=\"https:\/\/www.padreeustaquio.com.br\/wp-content\/uploads\/2023\/08\/ingresso-cantores-de-deus-e1691695264176.jpeg\" \/>\n\t<meta property=\"og:image:width\" content=\"768\" \/>\n\t<meta property=\"og:image:height\" content=\"542\" \/>\n\t<meta property=\"og:image:type\" content=\"image\/jpeg\" \/>\n<meta name=\"author\" content=\"@sscc\" \/>\n<meta name=\"twitter:card\" content=\"summary_large_image\" \/>\n<meta name=\"twitter:creator\" content=\"@beatopeustaquio\" \/>\n<meta name=\"twitter:site\" content=\"@beatopeustaquio\" \/>\n<meta name=\"twitter:label1\" content=\"Written by\" \/>\n\t<meta name=\"twitter:data1\" content=\"@sscc\" \/>\n\t<meta name=\"twitter:label2\" content=\"Est. reading time\" \/>\n\t<meta name=\"twitter:data2\" content=\"5 minutes\" \/>\n<script type=\"application\/ld+json\" class=\"yoast-schema-graph\">{\"@context\":\"https:\/\/schema.org\",\"@graph\":[{\"@type\":\"Article\",\"@id\":\"https:\/\/www.padreeustaquio.com.br\/paroquianos-e-visitantes-trocam-ingressos-para-o-show-dos-cantores-de-deus\/#article\",\"isPartOf\":{\"@id\":\"https:\/\/www.padreeustaquio.com.br\/paroquianos-e-visitantes-trocam-ingressos-para-o-show-dos-cantores-de-deus\/\"},\"author\":{\"name\":\"@sscc\",\"@id\":\"https:\/\/www.padreeustaquio.com.br\/#\/schema\/person\/a2a51db1d00f1a7af0204a0f1ddb1566\"},\"headline\":\"Paroquianos e visitantes trocam ingressos para o show dos Cantores de Deus\",\"datePublished\":\"2023-08-12T15:11:33+00:00\",\"mainEntityOfPage\":{\"@id\":\"https:\/\/www.padreeustaquio.com.br\/paroquianos-e-visitantes-trocam-ingressos-para-o-show-dos-cantores-de-deus\/\"},\"wordCount\":842,\"commentCount\":0,\"publisher\":{\"@id\":\"https:\/\/www.padreeustaquio.com.br\/#organization\"},\"image\":{\"@id\":\"https:\/\/www.padreeustaquio.com.br\/paroquianos-e-visitantes-trocam-ingressos-para-o-show-dos-cantores-de-deus\/#primaryimage\"},\"thumbnailUrl\":\"https:\/\/www.padreeustaquio.com.br\/wp-content\/uploads\/2023\/08\/ingresso-cantores-de-deus-e1691695264176.jpeg\",\"articleSection\":[\"Not\u00edcias\"],\"inLanguage\":\"en-US\",\"potentialAction\":[{\"@type\":\"CommentAction\",\"name\":\"Comment\",\"target\":[\"https:\/\/www.padreeustaquio.com.br\/paroquianos-e-visitantes-trocam-ingressos-para-o-show-dos-cantores-de-deus\/#respond\"]}]},{\"@type\":\"WebPage\",\"@id\":\"https:\/\/www.padreeustaquio.com.br\/paroquianos-e-visitantes-trocam-ingressos-para-o-show-dos-cantores-de-deus\/\",\"url\":\"https:\/\/www.padreeustaquio.com.br\/paroquianos-e-visitantes-trocam-ingressos-para-o-show-dos-cantores-de-deus\/\",\"name\":\"Paroquianos e visitantes trocam ingressos para o show dos Cantores de Deus\",\"isPartOf\":{\"@id\":\"https:\/\/www.padreeustaquio.com.br\/#website\"},\"primaryImageOfPage\":{\"@id\":\"https:\/\/www.padreeustaquio.com.br\/paroquianos-e-visitantes-trocam-ingressos-para-o-show-dos-cantores-de-deus\/#primaryimage\"},\"image\":{\"@id\":\"https:\/\/www.padreeustaquio.com.br\/paroquianos-e-visitantes-trocam-ingressos-para-o-show-dos-cantores-de-deus\/#primaryimage\"},\"thumbnailUrl\":\"https:\/\/www.padreeustaquio.com.br\/wp-content\/uploads\/2023\/08\/ingresso-cantores-de-deus-e1691695264176.jpeg\",\"datePublished\":\"2023-08-12T15:11:33+00:00\",\"description\":\"No dia 19 de agosto os Cantores de Deus far\u00e3o um grande show no Santu\u00e1rio da Sa\u00fade e da Paz. A apresenta\u00e7\u00e3o est\u00e1 marcada para \u00e0s 20h e marcar\u00e1 o in\u00edcio da festa de 80 anos da devo\u00e7\u00e3o ao Beato Padre Eust\u00e1quio.\",\"breadcrumb\":{\"@id\":\"https:\/\/www.padreeustaquio.com.br\/paroquianos-e-visitantes-trocam-ingressos-para-o-show-dos-cantores-de-deus\/#breadcrumb\"},\"inLanguage\":\"en-US\",\"potentialAction\":[{\"@type\":\"ReadAction\",\"target\":[\"https:\/\/www.padreeustaquio.com.br\/paroquianos-e-visitantes-trocam-ingressos-para-o-show-dos-cantores-de-deus\/\"]}]},{\"@type\":\"ImageObject\",\"inLanguage\":\"en-US\",\"@id\":\"https:\/\/www.padreeustaquio.com.br\/paroquianos-e-visitantes-trocam-ingressos-para-o-show-dos-cantores-de-deus\/#primaryimage\",\"url\":\"https:\/\/www.padreeustaquio.com.br\/wp-content\/uploads\/2023\/08\/ingresso-cantores-de-deus-e1691695264176.jpeg\",\"contentUrl\":\"https:\/\/www.padreeustaquio.com.br\/wp-content\/uploads\/2023\/08\/ingresso-cantores-de-deus-e1691695264176.jpeg\",\"width\":768,\"height\":542},{\"@type\":\"BreadcrumbList\",\"@id\":\"https:\/\/www.padreeustaquio.com.br\/paroquianos-e-visitantes-trocam-ingressos-para-o-show-dos-cantores-de-deus\/#breadcrumb\",\"itemListElement\":[{\"@type\":\"ListItem\",\"position\":1,\"name\":\"In\u00edcio\",\"item\":\"https:\/\/www.padreeustaquio.com.br\/\"},{\"@type\":\"ListItem\",\"position\":2,\"name\":\"Paroquianos e visitantes trocam ingressos para o show dos Cantores de Deus\"}]},{\"@type\":\"WebSite\",\"@id\":\"https:\/\/www.padreeustaquio.com.br\/#website\",\"url\":\"https:\/\/www.padreeustaquio.com.br\/\",\"name\":\"Padre Eust\u00e1quio\",\"description\":\"Sa\u00fade e Paz\",\"publisher\":{\"@id\":\"https:\/\/www.padreeustaquio.com.br\/#organization\"},\"potentialAction\":[{\"@type\":\"SearchAction\",\"target\":{\"@type\":\"EntryPoint\",\"urlTemplate\":\"https:\/\/www.padreeustaquio.com.br\/?s={search_term_string}\"},\"query-input\":{\"@type\":\"PropertyValueSpecification\",\"valueRequired\":true,\"valueName\":\"search_term_string\"}}],\"inLanguage\":\"en-US\"},{\"@type\":\"Organization\",\"@id\":\"https:\/\/www.padreeustaquio.com.br\/#organization\",\"name\":\"Padre Eust\u00e1quio\",\"url\":\"https:\/\/www.padreeustaquio.com.br\/\",\"logo\":{\"@type\":\"ImageObject\",\"inLanguage\":\"en-US\",\"@id\":\"https:\/\/www.padreeustaquio.com.br\/#\/schema\/logo\/image\/\",\"url\":\"https:\/\/www.padreeustaquio.com.br\/wp-content\/uploads\/2019\/08\/marca.png\",\"contentUrl\":\"https:\/\/www.padreeustaquio.com.br\/wp-content\/uploads\/2019\/08\/marca.png\",\"width\":350,\"height\":400,\"caption\":\"Padre Eust\u00e1quio\"},\"image\":{\"@id\":\"https:\/\/www.padreeustaquio.com.br\/#\/schema\/logo\/image\/\"},\"sameAs\":[\"https:\/\/www.facebook.com\/beatopadreeustaquio\/\",\"https:\/\/x.com\/beatopeustaquio\",\"https:\/\/www.instagram.com\/beatopadreeustaquio\/\",\"https:\/\/www.youtube.com\/channel\/UCRhw7vfabnajwLxb1ZXMeIw\"]},{\"@type\":\"Person\",\"@id\":\"https:\/\/www.padreeustaquio.com.br\/#\/schema\/person\/a2a51db1d00f1a7af0204a0f1ddb1566\",\"name\":\"@sscc\",\"image\":{\"@type\":\"ImageObject\",\"inLanguage\":\"en-US\",\"@id\":\"https:\/\/secure.gravatar.com\/avatar\/68cfafa5f44617fea54071e215026e0ff06be366c3d54a8425f04fdcb86f8c5f?s=96&d=mm&r=g\",\"url\":\"https:\/\/secure.gravatar.com\/avatar\/68cfafa5f44617fea54071e215026e0ff06be366c3d54a8425f04fdcb86f8c5f?s=96&d=mm&r=g\",\"contentUrl\":\"https:\/\/secure.gravatar.com\/avatar\/68cfafa5f44617fea54071e215026e0ff06be366c3d54a8425f04fdcb86f8c5f?s=96&d=mm&r=g\",\"caption\":\"@sscc\"},\"url\":\"https:\/\/www.padreeustaquio.com.br\/en\/author\/sscc\/\"}]}<\/script>\n<!-- \/ Yoast SEO plugin. -->","yoast_head_json":{"title":"Parishioners and visitors exchange tickets for the Cantores de Deus concert.","description":"On August 19th, the Cantores de Deus (Singers of God) will perform a grand concert at the Sanctuary of Health and Peace. The performance is scheduled for 8 PM and will mark the beginning of the 80th anniversary celebration of devotion to Blessed Father Eust\u00e1quio.","robots":{"index":"index","follow":"follow","max-snippet":"max-snippet:-1","max-image-preview":"max-image-preview:large","max-video-preview":"max-video-preview:-1"},"canonical":"https:\/\/www.padreeustaquio.com.br\/en\/parishioners-and-visitors-exchange-tickets-for-the-show-of-the-singers-of-god\/","og_locale":"en_US","og_type":"article","og_title":"Paroquianos e visitantes trocam ingressos para o show dos Cantores de Deus","og_description":"No dia 19 de agosto os Cantores de Deus far\u00e3o um grande show no Santu\u00e1rio da Sa\u00fade e da Paz. A apresenta\u00e7\u00e3o est\u00e1 marcada para \u00e0s 20h e marcar\u00e1 o in\u00edcio da festa de 80 anos da devo\u00e7\u00e3o ao Beato Padre Eust\u00e1quio.","og_url":"https:\/\/www.padreeustaquio.com.br\/en\/parishioners-and-visitors-exchange-tickets-for-the-show-of-the-singers-of-god\/","og_site_name":"Padre Eust\u00e1quio","article_publisher":"https:\/\/www.facebook.com\/beatopadreeustaquio\/","article_published_time":"2023-08-12T15:11:33+00:00","og_image":[{"width":768,"height":542,"url":"https:\/\/www.padreeustaquio.com.br\/wp-content\/uploads\/2023\/08\/ingresso-cantores-de-deus-e1691695264176.jpeg","type":"image\/jpeg"}],"author":"@sscc","twitter_card":"summary_large_image","twitter_creator":"@beatopeustaquio","twitter_site":"@beatopeustaquio","twitter_misc":{"Written by":"@sscc","Est. reading time":"5 minutes"},"schema":{"@context":"https:\/\/schema.org","@graph":[{"@type":"Article","@id":"https:\/\/www.padreeustaquio.com.br\/paroquianos-e-visitantes-trocam-ingressos-para-o-show-dos-cantores-de-deus\/#article","isPartOf":{"@id":"https:\/\/www.padreeustaquio.com.br\/paroquianos-e-visitantes-trocam-ingressos-para-o-show-dos-cantores-de-deus\/"},"author":{"name":"@sscc","@id":"https:\/\/www.padreeustaquio.com.br\/#\/schema\/person\/a2a51db1d00f1a7af0204a0f1ddb1566"},"headline":"Paroquianos e visitantes trocam ingressos para o show dos Cantores de Deus","datePublished":"2023-08-12T15:11:33+00:00","mainEntityOfPage":{"@id":"https:\/\/www.padreeustaquio.com.br\/paroquianos-e-visitantes-trocam-ingressos-para-o-show-dos-cantores-de-deus\/"},"wordCount":842,"commentCount":0,"publisher":{"@id":"https:\/\/www.padreeustaquio.com.br\/#organization"},"image":{"@id":"https:\/\/www.padreeustaquio.com.br\/paroquianos-e-visitantes-trocam-ingressos-para-o-show-dos-cantores-de-deus\/#primaryimage"},"thumbnailUrl":"https:\/\/www.padreeustaquio.com.br\/wp-content\/uploads\/2023\/08\/ingresso-cantores-de-deus-e1691695264176.jpeg","articleSection":["Not\u00edcias"],"inLanguage":"en-US","potentialAction":[{"@type":"CommentAction","name":"Comment","target":["https:\/\/www.padreeustaquio.com.br\/paroquianos-e-visitantes-trocam-ingressos-para-o-show-dos-cantores-de-deus\/#respond"]}]},{"@type":"WebPage","@id":"https:\/\/www.padreeustaquio.com.br\/paroquianos-e-visitantes-trocam-ingressos-para-o-show-dos-cantores-de-deus\/","url":"https:\/\/www.padreeustaquio.com.br\/paroquianos-e-visitantes-trocam-ingressos-para-o-show-dos-cantores-de-deus\/","name":"Parishioners and visitors exchange tickets for the Cantores de Deus concert.","isPartOf":{"@id":"https:\/\/www.padreeustaquio.com.br\/#website"},"primaryImageOfPage":{"@id":"https:\/\/www.padreeustaquio.com.br\/paroquianos-e-visitantes-trocam-ingressos-para-o-show-dos-cantores-de-deus\/#primaryimage"},"image":{"@id":"https:\/\/www.padreeustaquio.com.br\/paroquianos-e-visitantes-trocam-ingressos-para-o-show-dos-cantores-de-deus\/#primaryimage"},"thumbnailUrl":"https:\/\/www.padreeustaquio.com.br\/wp-content\/uploads\/2023\/08\/ingresso-cantores-de-deus-e1691695264176.jpeg","datePublished":"2023-08-12T15:11:33+00:00","description":"On August 19th, the Cantores de Deus (Singers of God) will perform a grand concert at the Sanctuary of Health and Peace. The performance is scheduled for 8 PM and will mark the beginning of the 80th anniversary celebration of devotion to Blessed Father Eust\u00e1quio.","breadcrumb":{"@id":"https:\/\/www.padreeustaquio.com.br\/paroquianos-e-visitantes-trocam-ingressos-para-o-show-dos-cantores-de-deus\/#breadcrumb"},"inLanguage":"en-US","potentialAction":[{"@type":"ReadAction","target":["https:\/\/www.padreeustaquio.com.br\/paroquianos-e-visitantes-trocam-ingressos-para-o-show-dos-cantores-de-deus\/"]}]},{"@type":"ImageObject","inLanguage":"en-US","@id":"https:\/\/www.padreeustaquio.com.br\/paroquianos-e-visitantes-trocam-ingressos-para-o-show-dos-cantores-de-deus\/#primaryimage","url":"https:\/\/www.padreeustaquio.com.br\/wp-content\/uploads\/2023\/08\/ingresso-cantores-de-deus-e1691695264176.jpeg","contentUrl":"https:\/\/www.padreeustaquio.com.br\/wp-content\/uploads\/2023\/08\/ingresso-cantores-de-deus-e1691695264176.jpeg","width":768,"height":542},{"@type":"BreadcrumbList","@id":"https:\/\/www.padreeustaquio.com.br\/paroquianos-e-visitantes-trocam-ingressos-para-o-show-dos-cantores-de-deus\/#breadcrumb","itemListElement":[{"@type":"ListItem","position":1,"name":"In\u00edcio","item":"https:\/\/www.padreeustaquio.com.br\/"},{"@type":"ListItem","position":2,"name":"Paroquianos e visitantes trocam ingressos para o show dos Cantores de Deus"}]},{"@type":"WebSite","@id":"https:\/\/www.padreeustaquio.com.br\/#website","url":"https:\/\/www.padreeustaquio.com.br\/","name":"FATHER EUST\u00c1QUIO","description":"Health and Peace","publisher":{"@id":"https:\/\/www.padreeustaquio.com.br\/#organization"},"potentialAction":[{"@type":"SearchAction","target":{"@type":"EntryPoint","urlTemplate":"https:\/\/www.padreeustaquio.com.br\/?s={search_term_string}"},"query-input":{"@type":"PropertyValueSpecification","valueRequired":true,"valueName":"search_term_string"}}],"inLanguage":"en-US"},{"@type":"Organization","@id":"https:\/\/www.padreeustaquio.com.br\/#organization","name":"FATHER EUST\u00c1QUIO","url":"https:\/\/www.padreeustaquio.com.br\/","logo":{"@type":"ImageObject","inLanguage":"en-US","@id":"https:\/\/www.padreeustaquio.com.br\/#\/schema\/logo\/image\/","url":"https:\/\/www.padreeustaquio.com.br\/wp-content\/uploads\/2019\/08\/marca.png","contentUrl":"https:\/\/www.padreeustaquio.com.br\/wp-content\/uploads\/2019\/08\/marca.png","width":350,"height":400,"caption":"Padre Eust\u00e1quio"},"image":{"@id":"https:\/\/www.padreeustaquio.com.br\/#\/schema\/logo\/image\/"},"sameAs":["https:\/\/www.facebook.com\/beatopadreeustaquio\/","https:\/\/x.com\/beatopeustaquio","https:\/\/www.instagram.com\/beatopadreeustaquio\/","https:\/\/www.youtube.com\/channel\/UCRhw7vfabnajwLxb1ZXMeIw"]},{"@type":"Person","@id":"https:\/\/www.padreeustaquio.com.br\/#\/schema\/person\/a2a51db1d00f1a7af0204a0f1ddb1566","name":"@sscc","image":{"@type":"ImageObject","inLanguage":"en-US","@id":"https:\/\/secure.gravatar.com\/avatar\/68cfafa5f44617fea54071e215026e0ff06be366c3d54a8425f04fdcb86f8c5f?s=96&d=mm&r=g","url":"https:\/\/secure.gravatar.com\/avatar\/68cfafa5f44617fea54071e215026e0ff06be366c3d54a8425f04fdcb86f8c5f?s=96&d=mm&r=g","contentUrl":"https:\/\/secure.gravatar.com\/avatar\/68cfafa5f44617fea54071e215026e0ff06be366c3d54a8425f04fdcb86f8c5f?s=96&d=mm&r=g","caption":"@sscc"},"url":"https:\/\/www.padreeustaquio.com.br\/en\/author\/sscc\/"}]}},"_links":{"self":[{"href":"https:\/\/www.padreeustaquio.com.br\/en\/wp-json\/wp\/v2\/posts\/10797","targetHints":{"allow":["GET"]}}],"collection":[{"href":"https:\/\/www.padreeustaquio.com.br\/en\/wp-json\/wp\/v2\/posts"}],"about":[{"href":"https:\/\/www.padreeustaquio.com.br\/en\/wp-json\/wp\/v2\/types\/post"}],"author":[{"embeddable":true,"href":"https:\/\/www.padreeustaquio.com.br\/en\/wp-json\/wp\/v2\/users\/2"}],"replies":[{"embeddable":true,"href":"https:\/\/www.padreeustaquio.com.br\/en\/wp-json\/wp\/v2\/comments?post=10797"}],"version-history":[{"count":0,"href":"https:\/\/www.padreeustaquio.com.br\/en\/wp-json\/wp\/v2\/posts\/10797\/revisions"}],"wp:featuredmedia":[{"embeddable":true,"href":"https:\/\/www.padreeustaquio.com.br\/en\/wp-json\/wp\/v2\/media\/10798"}],"wp:attachment":[{"href":"https:\/\/www.padreeustaquio.com.br\/en\/wp-json\/wp\/v2\/media?parent=10797"}],"wp:term":[{"taxonomy":"category","embeddable":true,"href":"https:\/\/www.padreeustaquio.com.br\/en\/wp-json\/wp\/v2\/categories?post=10797"},{"taxonomy":"post_tag","embeddable":true,"href":"https:\/\/www.padreeustaquio.com.br\/en\/wp-json\/wp\/v2\/tags?post=10797"}],"curies":[{"name":"wp","href":"https:\/\/api.w.org\/{rel}","templated":true}]}}