{"id":10791,"date":"2023-08-10T06:40:22","date_gmt":"2023-08-10T09:40:22","guid":{"rendered":"https:\/\/www.padreeustaquio.com.br\/?p=10791"},"modified":"2023-08-10T07:41:38","modified_gmt":"2023-08-10T10:41:38","slug":"august-the-gift-of-vocations","status":"publish","type":"post","link":"https:\/\/www.padreeustaquio.com.br\/en\/august-the-gift-of-vocations\/","title":{"rendered":"AUGUST \u2013 The Gift of Vocations"},"content":{"rendered":"<p>A vocation is a gift of pure grace from God, directed towards humankind and desiring to call them to count on Him in His plan of love. At some point in life we may stop to ask ourselves about the meaning of our existence, what we were called to do to mark our passage through this world. The anxieties we carry in our hearts are God&#039;s touches in our lives, it is His voice calling us. To the Lord who calls, we need to give an answer.<\/p>\n<p>When we talk about gifts, words like service, talent, something that is given, may immediately come to mind. In our daily lives, we sometimes say: So-and-so sings so well, they have a gift. We understand that a gift is something very specific, a striking characteristic in a person. Similarly, when we talk about vocation, we enter into the dynamic of gifts, since we understand that vocation is a calling from God, the Lord who, out of pure grace, calls and desires to count on us in His project of love.<\/p>\n<p>In many ways, God speaks to our hearts, most often in the simplest things in life. When we talk about calling, we can certainly fall into the temptation of imagining the most fantastical situations involving even supernatural elements. However, the Lord can speak powerfully to us in various ways, in our capacity to be sensitive to situations of injustice, pain, and human misery. Also in the joy of community life, feeling touched by the Lord in the beauty of the liturgy of the Holy Mass, in the preaching of my Parish Priest, in the example of life of a saint I am devoted to. These are the realities that, in the dynamic of calling, lead us to question the meaning of our lives, why we came to this world, how we will mark our journey on this earth.<\/p>\n<p>Vocation will always be within the realm of mystery, in the relationship between man and God. The truth is that every human being carries within themselves a thirst for God. Expressing this reality well, Saint Augustine said: \u201cYou have made my heart for you, O Lord, and my heart is restless until it rests in you.\u201d Before the Lord who calls, it is up to each one to give their answer. The truth is that it is not a static answer, but one that is renewed each day, in the daily situations that question my choice, that challenge my faith and my option for Jesus Christ.<\/p>\n<p>Finally, faced with the gift of vocation, this mysterious action of the Creator in the human heart, our attitude should always be one of surrender and trust. Anxieties stir the spirit; fear and uncertainty in the face of so many possibilities can speak loudly in the discernment process. It is only possible to clearly hear the call when, faced with the realities that challenge us, we are able to be silent and, through prayer, seek to know God&#039;s will for our lives. Every decision requires discernment, every life choice has its challenges, but when one finds the vocation to which God calls, happiness is guaranteed.<\/p>\n<p><em><strong>Published by: sscc.org.br<\/strong><\/em><\/p>","protected":false},"excerpt":{"rendered":"<p>A voca\u00e7\u00e3o \u00e9 um dom de pura gratuidade de Deus que se volta ao ser humano e deseja chama-lo para contar com ele em seu plano de amor. Em algum momento da vida podemos parar para nos perguntar sobre o sentido de nossa exist\u00eancia, a que fui chamado para marcar minha passagem por este mundo. As inquieta\u00e7\u00f5es que trazemos no cora\u00e7\u00e3o s\u00e3o os toques de Deus em nossa vida, \u00e9 sua voz a nos chamar. Ao Senhor que chama precisamos dar uma resposta. Quando falamos sobre dom, imediatamente pode nos vir em mente palavras como servi\u00e7o, talento, algo que \u00e9 [&hellip;]<\/p>\n","protected":false},"author":2,"featured_media":10792,"comment_status":"open","ping_status":"closed","sticky":false,"template":"","format":"standard","meta":{"_acf_changed":false,"footnotes":""},"categories":[611],"tags":[],"class_list":["post-10791","post","type-post","status-publish","format-standard","has-post-thumbnail","hentry","category-noticias"],"acf":[],"yoast_head":"<!-- This site is optimized with the Yoast SEO plugin v27.2 - https:\/\/yoast.com\/product\/yoast-seo-wordpress\/ -->\n<title>AGOSTO - O dom das Voca\u00e7\u00f5es<\/title>\n<meta name=\"description\" content=\"A voca\u00e7\u00e3o \u00e9 um dom de pura gratuidade de Deus que se volta ao ser humano e deseja chama-lo para contar com ele em seu plano de amor. Em algum momento da vida podemos parar para nos perguntar sobre o sentido de nossa exist\u00eancia, a que fui chamado para marcar minha passagem por este mundo. As inquieta\u00e7\u00f5es que trazemos no cora\u00e7\u00e3o s\u00e3o os toques de Deus em nossa vida, \u00e9 sua voz a nos chamar.\" \/>\n<meta name=\"robots\" content=\"index, follow, max-snippet:-1, max-image-preview:large, max-video-preview:-1\" \/>\n<link rel=\"canonical\" href=\"https:\/\/www.padreeustaquio.com.br\/en\/august-the-gift-of-vocations\/\" \/>\n<meta property=\"og:locale\" content=\"en_US\" \/>\n<meta property=\"og:type\" content=\"article\" \/>\n<meta property=\"og:title\" content=\"AGOSTO - O dom das Voca\u00e7\u00f5es\" \/>\n<meta property=\"og:description\" content=\"A voca\u00e7\u00e3o \u00e9 um dom de pura gratuidade de Deus que se volta ao ser humano e deseja chama-lo para contar com ele em seu plano de amor. Em algum momento da vida podemos parar para nos perguntar sobre o sentido de nossa exist\u00eancia, a que fui chamado para marcar minha passagem por este mundo. As inquieta\u00e7\u00f5es que trazemos no cora\u00e7\u00e3o s\u00e3o os toques de Deus em nossa vida, \u00e9 sua voz a nos chamar.\" \/>\n<meta property=\"og:url\" content=\"https:\/\/www.padreeustaquio.com.br\/en\/august-the-gift-of-vocations\/\" \/>\n<meta property=\"og:site_name\" content=\"Padre Eust\u00e1quio\" \/>\n<meta property=\"article:publisher\" content=\"https:\/\/www.facebook.com\/beatopadreeustaquio\/\" \/>\n<meta property=\"article:published_time\" content=\"2023-08-10T09:40:22+00:00\" \/>\n<meta property=\"article:modified_time\" content=\"2023-08-10T10:41:38+00:00\" \/>\n<meta property=\"og:image\" content=\"https:\/\/www.padreeustaquio.com.br\/wp-content\/uploads\/2023\/08\/Dia-do-padre-agosto-mes-das-vocacoes-e1691664081913.jpeg\" \/>\n\t<meta property=\"og:image:width\" content=\"1600\" \/>\n\t<meta property=\"og:image:height\" content=\"826\" \/>\n\t<meta property=\"og:image:type\" content=\"image\/jpeg\" \/>\n<meta name=\"author\" content=\"@sscc\" \/>\n<meta name=\"twitter:card\" content=\"summary_large_image\" \/>\n<meta name=\"twitter:creator\" content=\"@beatopeustaquio\" \/>\n<meta name=\"twitter:site\" content=\"@beatopeustaquio\" \/>\n<meta name=\"twitter:label1\" content=\"Written by\" \/>\n\t<meta name=\"twitter:data1\" content=\"@sscc\" \/>\n\t<meta name=\"twitter:label2\" content=\"Est. reading time\" \/>\n\t<meta name=\"twitter:data2\" content=\"3 minutes\" \/>\n<script type=\"application\/ld+json\" class=\"yoast-schema-graph\">{\"@context\":\"https:\/\/schema.org\",\"@graph\":[{\"@type\":\"Article\",\"@id\":\"https:\/\/www.padreeustaquio.com.br\/agosto-o-dom-das-vocacoes\/#article\",\"isPartOf\":{\"@id\":\"https:\/\/www.padreeustaquio.com.br\/agosto-o-dom-das-vocacoes\/\"},\"author\":{\"name\":\"@sscc\",\"@id\":\"https:\/\/www.padreeustaquio.com.br\/#\/schema\/person\/a2a51db1d00f1a7af0204a0f1ddb1566\"},\"headline\":\"AGOSTO &#8211; O dom das Voca\u00e7\u00f5es\",\"datePublished\":\"2023-08-10T09:40:22+00:00\",\"dateModified\":\"2023-08-10T10:41:38+00:00\",\"mainEntityOfPage\":{\"@id\":\"https:\/\/www.padreeustaquio.com.br\/agosto-o-dom-das-vocacoes\/\"},\"wordCount\":543,\"commentCount\":0,\"publisher\":{\"@id\":\"https:\/\/www.padreeustaquio.com.br\/#organization\"},\"image\":{\"@id\":\"https:\/\/www.padreeustaquio.com.br\/agosto-o-dom-das-vocacoes\/#primaryimage\"},\"thumbnailUrl\":\"https:\/\/www.padreeustaquio.com.br\/wp-content\/uploads\/2023\/08\/Dia-do-padre-agosto-mes-das-vocacoes-e1691664081913.jpeg\",\"articleSection\":[\"Not\u00edcias\"],\"inLanguage\":\"en-US\",\"potentialAction\":[{\"@type\":\"CommentAction\",\"name\":\"Comment\",\"target\":[\"https:\/\/www.padreeustaquio.com.br\/agosto-o-dom-das-vocacoes\/#respond\"]}]},{\"@type\":\"WebPage\",\"@id\":\"https:\/\/www.padreeustaquio.com.br\/agosto-o-dom-das-vocacoes\/\",\"url\":\"https:\/\/www.padreeustaquio.com.br\/agosto-o-dom-das-vocacoes\/\",\"name\":\"AGOSTO - O dom das Voca\u00e7\u00f5es\",\"isPartOf\":{\"@id\":\"https:\/\/www.padreeustaquio.com.br\/#website\"},\"primaryImageOfPage\":{\"@id\":\"https:\/\/www.padreeustaquio.com.br\/agosto-o-dom-das-vocacoes\/#primaryimage\"},\"image\":{\"@id\":\"https:\/\/www.padreeustaquio.com.br\/agosto-o-dom-das-vocacoes\/#primaryimage\"},\"thumbnailUrl\":\"https:\/\/www.padreeustaquio.com.br\/wp-content\/uploads\/2023\/08\/Dia-do-padre-agosto-mes-das-vocacoes-e1691664081913.jpeg\",\"datePublished\":\"2023-08-10T09:40:22+00:00\",\"dateModified\":\"2023-08-10T10:41:38+00:00\",\"description\":\"A voca\u00e7\u00e3o \u00e9 um dom de pura gratuidade de Deus que se volta ao ser humano e deseja chama-lo para contar com ele em seu plano de amor. Em algum momento da vida podemos parar para nos perguntar sobre o sentido de nossa exist\u00eancia, a que fui chamado para marcar minha passagem por este mundo. As inquieta\u00e7\u00f5es que trazemos no cora\u00e7\u00e3o s\u00e3o os toques de Deus em nossa vida, \u00e9 sua voz a nos chamar.\",\"breadcrumb\":{\"@id\":\"https:\/\/www.padreeustaquio.com.br\/agosto-o-dom-das-vocacoes\/#breadcrumb\"},\"inLanguage\":\"en-US\",\"potentialAction\":[{\"@type\":\"ReadAction\",\"target\":[\"https:\/\/www.padreeustaquio.com.br\/agosto-o-dom-das-vocacoes\/\"]}]},{\"@type\":\"ImageObject\",\"inLanguage\":\"en-US\",\"@id\":\"https:\/\/www.padreeustaquio.com.br\/agosto-o-dom-das-vocacoes\/#primaryimage\",\"url\":\"https:\/\/www.padreeustaquio.com.br\/wp-content\/uploads\/2023\/08\/Dia-do-padre-agosto-mes-das-vocacoes-e1691664081913.jpeg\",\"contentUrl\":\"https:\/\/www.padreeustaquio.com.br\/wp-content\/uploads\/2023\/08\/Dia-do-padre-agosto-mes-das-vocacoes-e1691664081913.jpeg\",\"width\":1600,\"height\":826},{\"@type\":\"BreadcrumbList\",\"@id\":\"https:\/\/www.padreeustaquio.com.br\/agosto-o-dom-das-vocacoes\/#breadcrumb\",\"itemListElement\":[{\"@type\":\"ListItem\",\"position\":1,\"name\":\"In\u00edcio\",\"item\":\"https:\/\/www.padreeustaquio.com.br\/\"},{\"@type\":\"ListItem\",\"position\":2,\"name\":\"AGOSTO &#8211; O dom das Voca\u00e7\u00f5es\"}]},{\"@type\":\"WebSite\",\"@id\":\"https:\/\/www.padreeustaquio.com.br\/#website\",\"url\":\"https:\/\/www.padreeustaquio.com.br\/\",\"name\":\"Padre Eust\u00e1quio\",\"description\":\"Sa\u00fade e Paz\",\"publisher\":{\"@id\":\"https:\/\/www.padreeustaquio.com.br\/#organization\"},\"potentialAction\":[{\"@type\":\"SearchAction\",\"target\":{\"@type\":\"EntryPoint\",\"urlTemplate\":\"https:\/\/www.padreeustaquio.com.br\/?s={search_term_string}\"},\"query-input\":{\"@type\":\"PropertyValueSpecification\",\"valueRequired\":true,\"valueName\":\"search_term_string\"}}],\"inLanguage\":\"en-US\"},{\"@type\":\"Organization\",\"@id\":\"https:\/\/www.padreeustaquio.com.br\/#organization\",\"name\":\"Padre Eust\u00e1quio\",\"url\":\"https:\/\/www.padreeustaquio.com.br\/\",\"logo\":{\"@type\":\"ImageObject\",\"inLanguage\":\"en-US\",\"@id\":\"https:\/\/www.padreeustaquio.com.br\/#\/schema\/logo\/image\/\",\"url\":\"https:\/\/www.padreeustaquio.com.br\/wp-content\/uploads\/2019\/08\/marca.png\",\"contentUrl\":\"https:\/\/www.padreeustaquio.com.br\/wp-content\/uploads\/2019\/08\/marca.png\",\"width\":350,\"height\":400,\"caption\":\"Padre Eust\u00e1quio\"},\"image\":{\"@id\":\"https:\/\/www.padreeustaquio.com.br\/#\/schema\/logo\/image\/\"},\"sameAs\":[\"https:\/\/www.facebook.com\/beatopadreeustaquio\/\",\"https:\/\/x.com\/beatopeustaquio\",\"https:\/\/www.instagram.com\/beatopadreeustaquio\/\",\"https:\/\/www.youtube.com\/channel\/UCRhw7vfabnajwLxb1ZXMeIw\"]},{\"@type\":\"Person\",\"@id\":\"https:\/\/www.padreeustaquio.com.br\/#\/schema\/person\/a2a51db1d00f1a7af0204a0f1ddb1566\",\"name\":\"@sscc\",\"image\":{\"@type\":\"ImageObject\",\"inLanguage\":\"en-US\",\"@id\":\"https:\/\/secure.gravatar.com\/avatar\/68cfafa5f44617fea54071e215026e0ff06be366c3d54a8425f04fdcb86f8c5f?s=96&d=mm&r=g\",\"url\":\"https:\/\/secure.gravatar.com\/avatar\/68cfafa5f44617fea54071e215026e0ff06be366c3d54a8425f04fdcb86f8c5f?s=96&d=mm&r=g\",\"contentUrl\":\"https:\/\/secure.gravatar.com\/avatar\/68cfafa5f44617fea54071e215026e0ff06be366c3d54a8425f04fdcb86f8c5f?s=96&d=mm&r=g\",\"caption\":\"@sscc\"},\"url\":\"https:\/\/www.padreeustaquio.com.br\/en\/author\/sscc\/\"}]}<\/script>\n<!-- \/ Yoast SEO plugin. -->","yoast_head_json":{"title":"AUGUST - The Gift of Vocations","description":"A vocation is a gift of pure grace from God, directed towards humankind and desiring to call them to count on Him in His plan of love. At some point in life, we may stop to ask ourselves about the meaning of our existence, what we were called to do to mark our passage through this world. The anxieties we carry in our hearts are God&#039;s touches in our lives; it is His voice calling us.","robots":{"index":"index","follow":"follow","max-snippet":"max-snippet:-1","max-image-preview":"max-image-preview:large","max-video-preview":"max-video-preview:-1"},"canonical":"https:\/\/www.padreeustaquio.com.br\/en\/august-the-gift-of-vocations\/","og_locale":"en_US","og_type":"article","og_title":"AGOSTO - O dom das Voca\u00e7\u00f5es","og_description":"A voca\u00e7\u00e3o \u00e9 um dom de pura gratuidade de Deus que se volta ao ser humano e deseja chama-lo para contar com ele em seu plano de amor. Em algum momento da vida podemos parar para nos perguntar sobre o sentido de nossa exist\u00eancia, a que fui chamado para marcar minha passagem por este mundo. As inquieta\u00e7\u00f5es que trazemos no cora\u00e7\u00e3o s\u00e3o os toques de Deus em nossa vida, \u00e9 sua voz a nos chamar.","og_url":"https:\/\/www.padreeustaquio.com.br\/en\/august-the-gift-of-vocations\/","og_site_name":"Padre Eust\u00e1quio","article_publisher":"https:\/\/www.facebook.com\/beatopadreeustaquio\/","article_published_time":"2023-08-10T09:40:22+00:00","article_modified_time":"2023-08-10T10:41:38+00:00","og_image":[{"width":1600,"height":826,"url":"https:\/\/www.padreeustaquio.com.br\/wp-content\/uploads\/2023\/08\/Dia-do-padre-agosto-mes-das-vocacoes-e1691664081913.jpeg","type":"image\/jpeg"}],"author":"@sscc","twitter_card":"summary_large_image","twitter_creator":"@beatopeustaquio","twitter_site":"@beatopeustaquio","twitter_misc":{"Written by":"@sscc","Est. reading time":"3 minutes"},"schema":{"@context":"https:\/\/schema.org","@graph":[{"@type":"Article","@id":"https:\/\/www.padreeustaquio.com.br\/agosto-o-dom-das-vocacoes\/#article","isPartOf":{"@id":"https:\/\/www.padreeustaquio.com.br\/agosto-o-dom-das-vocacoes\/"},"author":{"name":"@sscc","@id":"https:\/\/www.padreeustaquio.com.br\/#\/schema\/person\/a2a51db1d00f1a7af0204a0f1ddb1566"},"headline":"AGOSTO &#8211; O dom das Voca\u00e7\u00f5es","datePublished":"2023-08-10T09:40:22+00:00","dateModified":"2023-08-10T10:41:38+00:00","mainEntityOfPage":{"@id":"https:\/\/www.padreeustaquio.com.br\/agosto-o-dom-das-vocacoes\/"},"wordCount":543,"commentCount":0,"publisher":{"@id":"https:\/\/www.padreeustaquio.com.br\/#organization"},"image":{"@id":"https:\/\/www.padreeustaquio.com.br\/agosto-o-dom-das-vocacoes\/#primaryimage"},"thumbnailUrl":"https:\/\/www.padreeustaquio.com.br\/wp-content\/uploads\/2023\/08\/Dia-do-padre-agosto-mes-das-vocacoes-e1691664081913.jpeg","articleSection":["Not\u00edcias"],"inLanguage":"en-US","potentialAction":[{"@type":"CommentAction","name":"Comment","target":["https:\/\/www.padreeustaquio.com.br\/agosto-o-dom-das-vocacoes\/#respond"]}]},{"@type":"WebPage","@id":"https:\/\/www.padreeustaquio.com.br\/agosto-o-dom-das-vocacoes\/","url":"https:\/\/www.padreeustaquio.com.br\/agosto-o-dom-das-vocacoes\/","name":"AUGUST - The Gift of Vocations","isPartOf":{"@id":"https:\/\/www.padreeustaquio.com.br\/#website"},"primaryImageOfPage":{"@id":"https:\/\/www.padreeustaquio.com.br\/agosto-o-dom-das-vocacoes\/#primaryimage"},"image":{"@id":"https:\/\/www.padreeustaquio.com.br\/agosto-o-dom-das-vocacoes\/#primaryimage"},"thumbnailUrl":"https:\/\/www.padreeustaquio.com.br\/wp-content\/uploads\/2023\/08\/Dia-do-padre-agosto-mes-das-vocacoes-e1691664081913.jpeg","datePublished":"2023-08-10T09:40:22+00:00","dateModified":"2023-08-10T10:41:38+00:00","description":"A vocation is a gift of pure grace from God, directed towards humankind and desiring to call them to count on Him in His plan of love. At some point in life, we may stop to ask ourselves about the meaning of our existence, what we were called to do to mark our passage through this world. The anxieties we carry in our hearts are God&#039;s touches in our lives; it is His voice calling us.","breadcrumb":{"@id":"https:\/\/www.padreeustaquio.com.br\/agosto-o-dom-das-vocacoes\/#breadcrumb"},"inLanguage":"en-US","potentialAction":[{"@type":"ReadAction","target":["https:\/\/www.padreeustaquio.com.br\/agosto-o-dom-das-vocacoes\/"]}]},{"@type":"ImageObject","inLanguage":"en-US","@id":"https:\/\/www.padreeustaquio.com.br\/agosto-o-dom-das-vocacoes\/#primaryimage","url":"https:\/\/www.padreeustaquio.com.br\/wp-content\/uploads\/2023\/08\/Dia-do-padre-agosto-mes-das-vocacoes-e1691664081913.jpeg","contentUrl":"https:\/\/www.padreeustaquio.com.br\/wp-content\/uploads\/2023\/08\/Dia-do-padre-agosto-mes-das-vocacoes-e1691664081913.jpeg","width":1600,"height":826},{"@type":"BreadcrumbList","@id":"https:\/\/www.padreeustaquio.com.br\/agosto-o-dom-das-vocacoes\/#breadcrumb","itemListElement":[{"@type":"ListItem","position":1,"name":"In\u00edcio","item":"https:\/\/www.padreeustaquio.com.br\/"},{"@type":"ListItem","position":2,"name":"AGOSTO &#8211; O dom das Voca\u00e7\u00f5es"}]},{"@type":"WebSite","@id":"https:\/\/www.padreeustaquio.com.br\/#website","url":"https:\/\/www.padreeustaquio.com.br\/","name":"FATHER EUST\u00c1QUIO","description":"Health and Peace","publisher":{"@id":"https:\/\/www.padreeustaquio.com.br\/#organization"},"potentialAction":[{"@type":"SearchAction","target":{"@type":"EntryPoint","urlTemplate":"https:\/\/www.padreeustaquio.com.br\/?s={search_term_string}"},"query-input":{"@type":"PropertyValueSpecification","valueRequired":true,"valueName":"search_term_string"}}],"inLanguage":"en-US"},{"@type":"Organization","@id":"https:\/\/www.padreeustaquio.com.br\/#organization","name":"FATHER EUST\u00c1QUIO","url":"https:\/\/www.padreeustaquio.com.br\/","logo":{"@type":"ImageObject","inLanguage":"en-US","@id":"https:\/\/www.padreeustaquio.com.br\/#\/schema\/logo\/image\/","url":"https:\/\/www.padreeustaquio.com.br\/wp-content\/uploads\/2019\/08\/marca.png","contentUrl":"https:\/\/www.padreeustaquio.com.br\/wp-content\/uploads\/2019\/08\/marca.png","width":350,"height":400,"caption":"Padre Eust\u00e1quio"},"image":{"@id":"https:\/\/www.padreeustaquio.com.br\/#\/schema\/logo\/image\/"},"sameAs":["https:\/\/www.facebook.com\/beatopadreeustaquio\/","https:\/\/x.com\/beatopeustaquio","https:\/\/www.instagram.com\/beatopadreeustaquio\/","https:\/\/www.youtube.com\/channel\/UCRhw7vfabnajwLxb1ZXMeIw"]},{"@type":"Person","@id":"https:\/\/www.padreeustaquio.com.br\/#\/schema\/person\/a2a51db1d00f1a7af0204a0f1ddb1566","name":"@sscc","image":{"@type":"ImageObject","inLanguage":"en-US","@id":"https:\/\/secure.gravatar.com\/avatar\/68cfafa5f44617fea54071e215026e0ff06be366c3d54a8425f04fdcb86f8c5f?s=96&d=mm&r=g","url":"https:\/\/secure.gravatar.com\/avatar\/68cfafa5f44617fea54071e215026e0ff06be366c3d54a8425f04fdcb86f8c5f?s=96&d=mm&r=g","contentUrl":"https:\/\/secure.gravatar.com\/avatar\/68cfafa5f44617fea54071e215026e0ff06be366c3d54a8425f04fdcb86f8c5f?s=96&d=mm&r=g","caption":"@sscc"},"url":"https:\/\/www.padreeustaquio.com.br\/en\/author\/sscc\/"}]}},"_links":{"self":[{"href":"https:\/\/www.padreeustaquio.com.br\/en\/wp-json\/wp\/v2\/posts\/10791","targetHints":{"allow":["GET"]}}],"collection":[{"href":"https:\/\/www.padreeustaquio.com.br\/en\/wp-json\/wp\/v2\/posts"}],"about":[{"href":"https:\/\/www.padreeustaquio.com.br\/en\/wp-json\/wp\/v2\/types\/post"}],"author":[{"embeddable":true,"href":"https:\/\/www.padreeustaquio.com.br\/en\/wp-json\/wp\/v2\/users\/2"}],"replies":[{"embeddable":true,"href":"https:\/\/www.padreeustaquio.com.br\/en\/wp-json\/wp\/v2\/comments?post=10791"}],"version-history":[{"count":0,"href":"https:\/\/www.padreeustaquio.com.br\/en\/wp-json\/wp\/v2\/posts\/10791\/revisions"}],"wp:featuredmedia":[{"embeddable":true,"href":"https:\/\/www.padreeustaquio.com.br\/en\/wp-json\/wp\/v2\/media\/10792"}],"wp:attachment":[{"href":"https:\/\/www.padreeustaquio.com.br\/en\/wp-json\/wp\/v2\/media?parent=10791"}],"wp:term":[{"taxonomy":"category","embeddable":true,"href":"https:\/\/www.padreeustaquio.com.br\/en\/wp-json\/wp\/v2\/categories?post=10791"},{"taxonomy":"post_tag","embeddable":true,"href":"https:\/\/www.padreeustaquio.com.br\/en\/wp-json\/wp\/v2\/tags?post=10791"}],"curies":[{"name":"wp","href":"https:\/\/api.w.org\/{rel}","templated":true}]}}